{"id":13966,"date":"2025-04-10T09:00:50","date_gmt":"2025-04-10T15:00:50","guid":{"rendered":"https:\/\/www.nexoinformativo.mx\/?p=13966"},"modified":"2025-04-10T11:48:05","modified_gmt":"2025-04-10T17:48:05","slug":"operacion-salvavidas-en-marcha-marina-despliega-fuerzas-en-playas-por-semana-santa","status":"publish","type":"post","link":"https:\/\/www.nexoinformativo.mx\/index.php\/2025\/04\/10\/operacion-salvavidas-en-marcha-marina-despliega-fuerzas-en-playas-por-semana-santa\/","title":{"rendered":"Operaci\u00f3n Salvavidas en marcha Marina despliega fuerzas en playas por Semana Santa"},"content":{"rendered":"<p style=\"text-align: justify;\" data-sourcepos=\"11:1-11:486\">La Secretar\u00eda de Marina (Semar), a trav\u00e9s de la Armada de M\u00e9xico, dio inicio hoy a la &#8220;Operaci\u00f3n Salvavidas Semana Santa 2025&#8221; en los principales destinos tur\u00edsticos del pa\u00eds.<\/p>\n<\/p>\n<p>&nbsp;<\/p>\n<p style=\"text-align: justify;\" data-sourcepos=\"11:1-11:486\">Este operativo, enmarcado en el Plan Marina, tiene como objetivo principal proporcionar seguridad y vigilancia para resguardar la integridad de los vacacionistas nacionales e internacionales durante la temporada vacacional, que se extender\u00e1 del 10 al 27 de abril del presente a\u00f1o.<\/p>\n<\/p>\n<p>&nbsp;<\/p>\n<p style=\"text-align: justify;\" data-sourcepos=\"13:1-13:352\">La operaci\u00f3n se llevar\u00e1 a cabo en las playas de mayor afluencia tur\u00edstica de ambos litorales mexicanos, as\u00ed como en otros centros tur\u00edsticos que son \u00e1reas de responsabilidad de la Armada de M\u00e9xico en su funci\u00f3n de Guardia Costera. Estas acciones se realizar\u00e1n en estrecha coordinaci\u00f3n con Protecci\u00f3n Civil y autoridades de los tres \u00f3rdenes de gobierno.<\/p>\n<\/p>\n<p>&nbsp;<\/p>\n<p style=\"text-align: justify;\" data-sourcepos=\"15:1-15:511\">Para garantizar la seguridad de los visitantes, la Semar desplegar\u00e1 un total de 3,532 elementos navales, incluyendo Almirantes, Capitanes, Oficiales, Clases, Mariner\u00eda y personal civil.<\/p>\n<\/p>\n<p>&nbsp;<\/p>\n<p style=\"text-align: justify;\" data-sourcepos=\"15:1-15:511\">Adem\u00e1s, se utilizar\u00e1n 355 unidades, entre las que se encuentran 25 buques para vigilancia mar\u00edtima, 114 embarcaciones menores destinadas al rescate en el mar, 8 aeronaves y 208 veh\u00edculos terrestres para complementar la vigilancia y seguridad de las personas, con la misi\u00f3n primordial de salvaguardar la vida humana en el mar.<\/p>\n<\/p>\n<p>&nbsp;<\/p>\n<p style=\"text-align: justify;\" data-sourcepos=\"17:1-17:340\">El operativo incluye acciones de salvavidas, apoyo m\u00e9dico, vigilancia mar\u00edtima, a\u00e9rea y terrestre. Se establecer\u00e1n Centros de Mando, Control y Comunicaciones en los Mandos Navales correspondientes para atender oportunamente las llamadas de auxilio y coordinar las acciones necesarias con otras instituciones de seguridad y protecci\u00f3n civil.<\/p>\n<\/p>\n<p>&nbsp;<\/p>\n<p style=\"text-align: justify;\" data-sourcepos=\"21:1-21:534\">La Semar hace un llamado a la poblaci\u00f3n a observar y respetar las indicaciones de las Capitan\u00edas de Puerto sobre el estado del mar, se\u00f1alizadas con banderas verde, amarilla y roja.<\/p>\n<\/p>\n<p>&nbsp;<\/p>\n<p style=\"text-align: justify;\" data-sourcepos=\"21:1-21:534\">Asimismo, recomienda seguir precauciones como respetar las indicaciones de los salvavidas, no descuidar a los ni\u00f1os, evitar ingresar al mar despu\u00e9s de comer o beber alcohol, nadar cerca de los salvavidas y no nadar en \u00e1reas con tr\u00e1fico mar\u00edtimo. En caso de emergencias en el mar, se pone a disposici\u00f3n el n\u00famero de contacto: 800 627 4621 (800 MARINA 1).<\/p>\n<\/p>\n<p>&nbsp;<\/p>\n<p style=\"text-align: center;\" data-sourcepos=\"21:1-21:534\"><em><strong>\u00a1Informaci\u00f3n que transforma!<\/strong><\/em><\/p>\n","protected":false},"excerpt":{"rendered":"<p>La Secretar\u00eda de Marina (Semar), a trav\u00e9s de la Armada de M\u00e9xico, dio inicio hoy a la &#8220;Operaci\u00f3n Salvavidas Semana Santa 2025&#8221; en los principales destinos tur\u00edsticos del pa\u00eds.<\/p>\n","protected":false},"author":3,"featured_media":13967,"comment_status":"open","ping_status":"open","sticky":false,"template":"","format":"standard","meta":{"footnotes":""},"categories":[88,58],"tags":[1055,4078,1057,4052],"class_list":["post-13966","post","type-post","status-publish","format-standard","has-post-thumbnail","hentry","category-nacional","category-ultima-hora","tag-armadademexico","tag-operacionsalvavidas","tag-planmarina","tag-semanasantasegura"],"yoast_head":"<!-- This site is optimized with the Yoast SEO plugin v25.0 - https:\/\/yoast.com\/wordpress\/plugins\/seo\/ -->\n<title>Operaci\u00f3n Salvavidas en marcha Marina despliega fuerzas en playas por Semana Santa | Nexo Informativo Santiago de Quer\u00e9taro<\/title>\n<meta name=\"description\" content=\"Operaci\u00f3n Salvavidas en marcha Marina despliega fuerzas en playas por Semana Santa\" \/>\n<meta name=\"robots\" content=\"index, follow, max-snippet:-1, max-image-preview:large, max-video-preview:-1\" \/>\n<link rel=\"canonical\" href=\"https:\/\/www.nexoinformativo.mx\/index.php\/2025\/04\/10\/operacion-salvavidas-en-marcha-marina-despliega-fuerzas-en-playas-por-semana-santa\/\" \/>\n<meta property=\"og:locale\" content=\"es_MX\" \/>\n<meta property=\"og:type\" content=\"article\" \/>\n<meta property=\"og:title\" content=\"Operaci\u00f3n Salvavidas en marcha Marina despliega fuerzas en playas por Semana Santa | Nexo Informativo Santiago de Quer\u00e9taro\" \/>\n<meta property=\"og:description\" content=\"Operaci\u00f3n Salvavidas en marcha Marina despliega fuerzas en playas por Semana Santa\" \/>\n<meta property=\"og:url\" content=\"https:\/\/www.nexoinformativo.mx\/index.php\/2025\/04\/10\/operacion-salvavidas-en-marcha-marina-despliega-fuerzas-en-playas-por-semana-santa\/\" \/>\n<meta property=\"og:site_name\" content=\"Nexo Informativo Santiago de Quer\u00e9taro\" \/>\n<meta property=\"article:publisher\" content=\"https:\/\/www.facebook.com\/people\/Nexo-Informativo\/61564066885511\/\" \/>\n<meta property=\"article:published_time\" content=\"2025-04-10T15:00:50+00:00\" \/>\n<meta property=\"article:modified_time\" content=\"2025-04-10T17:48:05+00:00\" \/>\n<meta property=\"og:image\" content=\"https:\/\/www.nexoinformativo.mx\/wp-content\/uploads\/2025\/04\/IMG_2195.jpg\" \/>\n\t<meta property=\"og:image:width\" content=\"650\" \/>\n\t<meta property=\"og:image:height\" content=\"380\" \/>\n\t<meta property=\"og:image:type\" content=\"image\/jpeg\" \/>\n<meta name=\"author\" content=\"Nexo Informativo\" \/>\n<meta name=\"twitter:card\" content=\"summary_large_image\" \/>\n<meta name=\"twitter:label1\" content=\"Escrito por\" \/>\n\t<meta name=\"twitter:data1\" content=\"Nexo Informativo\" \/>\n\t<meta name=\"twitter:label2\" content=\"Tiempo de lectura\" \/>\n\t<meta name=\"twitter:data2\" content=\"2 minutos\" \/>\n<script type=\"application\/ld+json\" class=\"yoast-schema-graph\">{\"@context\":\"https:\/\/schema.org\",\"@graph\":[{\"@type\":\"Article\",\"@id\":\"https:\/\/www.nexoinformativo.mx\/index.php\/2025\/04\/10\/operacion-salvavidas-en-marcha-marina-despliega-fuerzas-en-playas-por-semana-santa\/#article\",\"isPartOf\":{\"@id\":\"https:\/\/www.nexoinformativo.mx\/index.php\/2025\/04\/10\/operacion-salvavidas-en-marcha-marina-despliega-fuerzas-en-playas-por-semana-santa\/\"},\"author\":{\"name\":\"Nexo Informativo\",\"@id\":\"https:\/\/www.nexoinformativo.mx\/#\/schema\/person\/7749d380ba08c8ca00d7bc76fd907b7d\"},\"headline\":\"Operaci\u00f3n Salvavidas en marcha Marina despliega fuerzas en playas por Semana Santa\",\"datePublished\":\"2025-04-10T15:00:50+00:00\",\"dateModified\":\"2025-04-10T17:48:05+00:00\",\"mainEntityOfPage\":{\"@id\":\"https:\/\/www.nexoinformativo.mx\/index.php\/2025\/04\/10\/operacion-salvavidas-en-marcha-marina-despliega-fuerzas-en-playas-por-semana-santa\/\"},\"wordCount\":386,\"commentCount\":0,\"publisher\":{\"@id\":\"https:\/\/www.nexoinformativo.mx\/#organization\"},\"image\":{\"@id\":\"https:\/\/www.nexoinformativo.mx\/index.php\/2025\/04\/10\/operacion-salvavidas-en-marcha-marina-despliega-fuerzas-en-playas-por-semana-santa\/#primaryimage\"},\"thumbnailUrl\":\"https:\/\/www.nexoinformativo.mx\/wp-content\/uploads\/2025\/04\/IMG_2195.jpg\",\"keywords\":[\"ArmadaDeM\u00e9xico\",\"Operaci\u00f3nSalvavidas\",\"PlanMarina\",\"SemanaSantaSegura\"],\"articleSection\":[\"Nacional\",\"\u00daltima Hora\"],\"inLanguage\":\"es\",\"potentialAction\":[{\"@type\":\"CommentAction\",\"name\":\"Comment\",\"target\":[\"https:\/\/www.nexoinformativo.mx\/index.php\/2025\/04\/10\/operacion-salvavidas-en-marcha-marina-despliega-fuerzas-en-playas-por-semana-santa\/#respond\"]}]},{\"@type\":\"WebPage\",\"@id\":\"https:\/\/www.nexoinformativo.mx\/index.php\/2025\/04\/10\/operacion-salvavidas-en-marcha-marina-despliega-fuerzas-en-playas-por-semana-santa\/\",\"url\":\"https:\/\/www.nexoinformativo.mx\/index.php\/2025\/04\/10\/operacion-salvavidas-en-marcha-marina-despliega-fuerzas-en-playas-por-semana-santa\/\",\"name\":\"Operaci\u00f3n Salvavidas en marcha Marina despliega fuerzas en playas por Semana Santa | Nexo Informativo Santiago de Quer\u00e9taro\",\"isPartOf\":{\"@id\":\"https:\/\/www.nexoinformativo.mx\/#website\"},\"primaryImageOfPage\":{\"@id\":\"https:\/\/www.nexoinformativo.mx\/index.php\/2025\/04\/10\/operacion-salvavidas-en-marcha-marina-despliega-fuerzas-en-playas-por-semana-santa\/#primaryimage\"},\"image\":{\"@id\":\"https:\/\/www.nexoinformativo.mx\/index.php\/2025\/04\/10\/operacion-salvavidas-en-marcha-marina-despliega-fuerzas-en-playas-por-semana-santa\/#primaryimage\"},\"thumbnailUrl\":\"https:\/\/www.nexoinformativo.mx\/wp-content\/uploads\/2025\/04\/IMG_2195.jpg\",\"datePublished\":\"2025-04-10T15:00:50+00:00\",\"dateModified\":\"2025-04-10T17:48:05+00:00\",\"description\":\"Operaci\u00f3n Salvavidas en marcha Marina despliega fuerzas en playas por Semana Santa\",\"breadcrumb\":{\"@id\":\"https:\/\/www.nexoinformativo.mx\/index.php\/2025\/04\/10\/operacion-salvavidas-en-marcha-marina-despliega-fuerzas-en-playas-por-semana-santa\/#breadcrumb\"},\"inLanguage\":\"es\",\"potentialAction\":[{\"@type\":\"ReadAction\",\"target\":[\"https:\/\/www.nexoinformativo.mx\/index.php\/2025\/04\/10\/operacion-salvavidas-en-marcha-marina-despliega-fuerzas-en-playas-por-semana-santa\/\"]}]},{\"@type\":\"ImageObject\",\"inLanguage\":\"es\",\"@id\":\"https:\/\/www.nexoinformativo.mx\/index.php\/2025\/04\/10\/operacion-salvavidas-en-marcha-marina-despliega-fuerzas-en-playas-por-semana-santa\/#primaryimage\",\"url\":\"https:\/\/www.nexoinformativo.mx\/wp-content\/uploads\/2025\/04\/IMG_2195.jpg\",\"contentUrl\":\"https:\/\/www.nexoinformativo.mx\/wp-content\/uploads\/2025\/04\/IMG_2195.jpg\",\"width\":650,\"height\":380},{\"@type\":\"BreadcrumbList\",\"@id\":\"https:\/\/www.nexoinformativo.mx\/index.php\/2025\/04\/10\/operacion-salvavidas-en-marcha-marina-despliega-fuerzas-en-playas-por-semana-santa\/#breadcrumb\",\"itemListElement\":[{\"@type\":\"ListItem\",\"position\":1,\"name\":\"Inicio\",\"item\":\"https:\/\/www.nexoinformativo.mx\/\"},{\"@type\":\"ListItem\",\"position\":2,\"name\":\"Operaci\u00f3n Salvavidas en marcha Marina despliega fuerzas en playas por Semana Santa\"}]},{\"@type\":\"WebSite\",\"@id\":\"https:\/\/www.nexoinformativo.mx\/#website\",\"url\":\"https:\/\/www.nexoinformativo.mx\/\",\"name\":\"Nexo Informativo Santiago de Quer\u00e9taro\",\"description\":\"Explora NexoInformativo y convi\u00e9rtete en parte de una comunidad que valora el conocimiento y la verdad. Tu nexoinformativo es tu puente hacia una comprensi\u00f3n m\u00e1s profunda del mundo que te rodea.\",\"publisher\":{\"@id\":\"https:\/\/www.nexoinformativo.mx\/#organization\"},\"potentialAction\":[{\"@type\":\"SearchAction\",\"target\":{\"@type\":\"EntryPoint\",\"urlTemplate\":\"https:\/\/www.nexoinformativo.mx\/?s={search_term_string}\"},\"query-input\":{\"@type\":\"PropertyValueSpecification\",\"valueRequired\":true,\"valueName\":\"search_term_string\"}}],\"inLanguage\":\"es\"},{\"@type\":\"Organization\",\"@id\":\"https:\/\/www.nexoinformativo.mx\/#organization\",\"name\":\"Nexo Informativo Santiago de Quer\u00e9taro\",\"url\":\"https:\/\/www.nexoinformativo.mx\/\",\"logo\":{\"@type\":\"ImageObject\",\"inLanguage\":\"es\",\"@id\":\"https:\/\/www.nexoinformativo.mx\/#\/schema\/logo\/image\/\",\"url\":\"https:\/\/www.nexoinformativo.mx\/wp-content\/uploads\/2024\/07\/nexoi-trasparente-2.png\",\"contentUrl\":\"https:\/\/www.nexoinformativo.mx\/wp-content\/uploads\/2024\/07\/nexoi-trasparente-2.png\",\"width\":816,\"height\":339,\"caption\":\"Nexo Informativo Santiago de Quer\u00e9taro\"},\"image\":{\"@id\":\"https:\/\/www.nexoinformativo.mx\/#\/schema\/logo\/image\/\"},\"sameAs\":[\"https:\/\/www.facebook.com\/people\/Nexo-Informativo\/61564066885511\/\"]},{\"@type\":\"Person\",\"@id\":\"https:\/\/www.nexoinformativo.mx\/#\/schema\/person\/7749d380ba08c8ca00d7bc76fd907b7d\",\"name\":\"Nexo Informativo\",\"image\":{\"@type\":\"ImageObject\",\"inLanguage\":\"es\",\"@id\":\"https:\/\/www.nexoinformativo.mx\/#\/schema\/person\/image\/\",\"url\":\"https:\/\/secure.gravatar.com\/avatar\/dde2928154642a13d95f87ddf1ea9718fe2b46760a005c53e41ff5ad610704e6?s=96&d=mm&r=g\",\"contentUrl\":\"https:\/\/secure.gravatar.com\/avatar\/dde2928154642a13d95f87ddf1ea9718fe2b46760a005c53e41ff5ad610704e6?s=96&d=mm&r=g\",\"caption\":\"Nexo Informativo\"},\"url\":\"https:\/\/www.nexoinformativo.mx\/index.php\/author\/edicion\/\"}]}<\/script>\n<!-- \/ Yoast SEO plugin. -->","yoast_head_json":{"title":"Operaci\u00f3n Salvavidas en marcha Marina despliega fuerzas en playas por Semana Santa | Nexo Informativo Santiago de Quer\u00e9taro","description":"Operaci\u00f3n Salvavidas en marcha Marina despliega fuerzas en playas por Semana Santa","robots":{"index":"index","follow":"follow","max-snippet":"max-snippet:-1","max-image-preview":"max-image-preview:large","max-video-preview":"max-video-preview:-1"},"canonical":"https:\/\/www.nexoinformativo.mx\/index.php\/2025\/04\/10\/operacion-salvavidas-en-marcha-marina-despliega-fuerzas-en-playas-por-semana-santa\/","og_locale":"es_MX","og_type":"article","og_title":"Operaci\u00f3n Salvavidas en marcha Marina despliega fuerzas en playas por Semana Santa | Nexo Informativo Santiago de Quer\u00e9taro","og_description":"Operaci\u00f3n Salvavidas en marcha Marina despliega fuerzas en playas por Semana Santa","og_url":"https:\/\/www.nexoinformativo.mx\/index.php\/2025\/04\/10\/operacion-salvavidas-en-marcha-marina-despliega-fuerzas-en-playas-por-semana-santa\/","og_site_name":"Nexo Informativo Santiago de Quer\u00e9taro","article_publisher":"https:\/\/www.facebook.com\/people\/Nexo-Informativo\/61564066885511\/","article_published_time":"2025-04-10T15:00:50+00:00","article_modified_time":"2025-04-10T17:48:05+00:00","og_image":[{"width":650,"height":380,"url":"https:\/\/www.nexoinformativo.mx\/wp-content\/uploads\/2025\/04\/IMG_2195.jpg","type":"image\/jpeg"}],"author":"Nexo Informativo","twitter_card":"summary_large_image","twitter_misc":{"Escrito por":"Nexo Informativo","Tiempo de lectura":"2 minutos"},"schema":{"@context":"https:\/\/schema.org","@graph":[{"@type":"Article","@id":"https:\/\/www.nexoinformativo.mx\/index.php\/2025\/04\/10\/operacion-salvavidas-en-marcha-marina-despliega-fuerzas-en-playas-por-semana-santa\/#article","isPartOf":{"@id":"https:\/\/www.nexoinformativo.mx\/index.php\/2025\/04\/10\/operacion-salvavidas-en-marcha-marina-despliega-fuerzas-en-playas-por-semana-santa\/"},"author":{"name":"Nexo Informativo","@id":"https:\/\/www.nexoinformativo.mx\/#\/schema\/person\/7749d380ba08c8ca00d7bc76fd907b7d"},"headline":"Operaci\u00f3n Salvavidas en marcha Marina despliega fuerzas en playas por Semana Santa","datePublished":"2025-04-10T15:00:50+00:00","dateModified":"2025-04-10T17:48:05+00:00","mainEntityOfPage":{"@id":"https:\/\/www.nexoinformativo.mx\/index.php\/2025\/04\/10\/operacion-salvavidas-en-marcha-marina-despliega-fuerzas-en-playas-por-semana-santa\/"},"wordCount":386,"commentCount":0,"publisher":{"@id":"https:\/\/www.nexoinformativo.mx\/#organization"},"image":{"@id":"https:\/\/www.nexoinformativo.mx\/index.php\/2025\/04\/10\/operacion-salvavidas-en-marcha-marina-despliega-fuerzas-en-playas-por-semana-santa\/#primaryimage"},"thumbnailUrl":"https:\/\/www.nexoinformativo.mx\/wp-content\/uploads\/2025\/04\/IMG_2195.jpg","keywords":["ArmadaDeM\u00e9xico","Operaci\u00f3nSalvavidas","PlanMarina","SemanaSantaSegura"],"articleSection":["Nacional","\u00daltima Hora"],"inLanguage":"es","potentialAction":[{"@type":"CommentAction","name":"Comment","target":["https:\/\/www.nexoinformativo.mx\/index.php\/2025\/04\/10\/operacion-salvavidas-en-marcha-marina-despliega-fuerzas-en-playas-por-semana-santa\/#respond"]}]},{"@type":"WebPage","@id":"https:\/\/www.nexoinformativo.mx\/index.php\/2025\/04\/10\/operacion-salvavidas-en-marcha-marina-despliega-fuerzas-en-playas-por-semana-santa\/","url":"https:\/\/www.nexoinformativo.mx\/index.php\/2025\/04\/10\/operacion-salvavidas-en-marcha-marina-despliega-fuerzas-en-playas-por-semana-santa\/","name":"Operaci\u00f3n Salvavidas en marcha Marina despliega fuerzas en playas por Semana Santa | Nexo Informativo Santiago de Quer\u00e9taro","isPartOf":{"@id":"https:\/\/www.nexoinformativo.mx\/#website"},"primaryImageOfPage":{"@id":"https:\/\/www.nexoinformativo.mx\/index.php\/2025\/04\/10\/operacion-salvavidas-en-marcha-marina-despliega-fuerzas-en-playas-por-semana-santa\/#primaryimage"},"image":{"@id":"https:\/\/www.nexoinformativo.mx\/index.php\/2025\/04\/10\/operacion-salvavidas-en-marcha-marina-despliega-fuerzas-en-playas-por-semana-santa\/#primaryimage"},"thumbnailUrl":"https:\/\/www.nexoinformativo.mx\/wp-content\/uploads\/2025\/04\/IMG_2195.jpg","datePublished":"2025-04-10T15:00:50+00:00","dateModified":"2025-04-10T17:48:05+00:00","description":"Operaci\u00f3n Salvavidas en marcha Marina despliega fuerzas en playas por Semana Santa","breadcrumb":{"@id":"https:\/\/www.nexoinformativo.mx\/index.php\/2025\/04\/10\/operacion-salvavidas-en-marcha-marina-despliega-fuerzas-en-playas-por-semana-santa\/#breadcrumb"},"inLanguage":"es","potentialAction":[{"@type":"ReadAction","target":["https:\/\/www.nexoinformativo.mx\/index.php\/2025\/04\/10\/operacion-salvavidas-en-marcha-marina-despliega-fuerzas-en-playas-por-semana-santa\/"]}]},{"@type":"ImageObject","inLanguage":"es","@id":"https:\/\/www.nexoinformativo.mx\/index.php\/2025\/04\/10\/operacion-salvavidas-en-marcha-marina-despliega-fuerzas-en-playas-por-semana-santa\/#primaryimage","url":"https:\/\/www.nexoinformativo.mx\/wp-content\/uploads\/2025\/04\/IMG_2195.jpg","contentUrl":"https:\/\/www.nexoinformativo.mx\/wp-content\/uploads\/2025\/04\/IMG_2195.jpg","width":650,"height":380},{"@type":"BreadcrumbList","@id":"https:\/\/www.nexoinformativo.mx\/index.php\/2025\/04\/10\/operacion-salvavidas-en-marcha-marina-despliega-fuerzas-en-playas-por-semana-santa\/#breadcrumb","itemListElement":[{"@type":"ListItem","position":1,"name":"Inicio","item":"https:\/\/www.nexoinformativo.mx\/"},{"@type":"ListItem","position":2,"name":"Operaci\u00f3n Salvavidas en marcha Marina despliega fuerzas en playas por Semana Santa"}]},{"@type":"WebSite","@id":"https:\/\/www.nexoinformativo.mx\/#website","url":"https:\/\/www.nexoinformativo.mx\/","name":"Nexo Informativo Santiago de Quer\u00e9taro","description":"Explora NexoInformativo y convi\u00e9rtete en parte de una comunidad que valora el conocimiento y la verdad. Tu nexoinformativo es tu puente hacia una comprensi\u00f3n m\u00e1s profunda del mundo que te rodea.","publisher":{"@id":"https:\/\/www.nexoinformativo.mx\/#organization"},"potentialAction":[{"@type":"SearchAction","target":{"@type":"EntryPoint","urlTemplate":"https:\/\/www.nexoinformativo.mx\/?s={search_term_string}"},"query-input":{"@type":"PropertyValueSpecification","valueRequired":true,"valueName":"search_term_string"}}],"inLanguage":"es"},{"@type":"Organization","@id":"https:\/\/www.nexoinformativo.mx\/#organization","name":"Nexo Informativo Santiago de Quer\u00e9taro","url":"https:\/\/www.nexoinformativo.mx\/","logo":{"@type":"ImageObject","inLanguage":"es","@id":"https:\/\/www.nexoinformativo.mx\/#\/schema\/logo\/image\/","url":"https:\/\/www.nexoinformativo.mx\/wp-content\/uploads\/2024\/07\/nexoi-trasparente-2.png","contentUrl":"https:\/\/www.nexoinformativo.mx\/wp-content\/uploads\/2024\/07\/nexoi-trasparente-2.png","width":816,"height":339,"caption":"Nexo Informativo Santiago de Quer\u00e9taro"},"image":{"@id":"https:\/\/www.nexoinformativo.mx\/#\/schema\/logo\/image\/"},"sameAs":["https:\/\/www.facebook.com\/people\/Nexo-Informativo\/61564066885511\/"]},{"@type":"Person","@id":"https:\/\/www.nexoinformativo.mx\/#\/schema\/person\/7749d380ba08c8ca00d7bc76fd907b7d","name":"Nexo Informativo","image":{"@type":"ImageObject","inLanguage":"es","@id":"https:\/\/www.nexoinformativo.mx\/#\/schema\/person\/image\/","url":"https:\/\/secure.gravatar.com\/avatar\/dde2928154642a13d95f87ddf1ea9718fe2b46760a005c53e41ff5ad610704e6?s=96&d=mm&r=g","contentUrl":"https:\/\/secure.gravatar.com\/avatar\/dde2928154642a13d95f87ddf1ea9718fe2b46760a005c53e41ff5ad610704e6?s=96&d=mm&r=g","caption":"Nexo Informativo"},"url":"https:\/\/www.nexoinformativo.mx\/index.php\/author\/edicion\/"}]}},"_links":{"self":[{"href":"https:\/\/www.nexoinformativo.mx\/index.php\/wp-json\/wp\/v2\/posts\/13966","targetHints":{"allow":["GET"]}}],"collection":[{"href":"https:\/\/www.nexoinformativo.mx\/index.php\/wp-json\/wp\/v2\/posts"}],"about":[{"href":"https:\/\/www.nexoinformativo.mx\/index.php\/wp-json\/wp\/v2\/types\/post"}],"author":[{"embeddable":true,"href":"https:\/\/www.nexoinformativo.mx\/index.php\/wp-json\/wp\/v2\/users\/3"}],"replies":[{"embeddable":true,"href":"https:\/\/www.nexoinformativo.mx\/index.php\/wp-json\/wp\/v2\/comments?post=13966"}],"version-history":[{"count":3,"href":"https:\/\/www.nexoinformativo.mx\/index.php\/wp-json\/wp\/v2\/posts\/13966\/revisions"}],"predecessor-version":[{"id":13970,"href":"https:\/\/www.nexoinformativo.mx\/index.php\/wp-json\/wp\/v2\/posts\/13966\/revisions\/13970"}],"wp:featuredmedia":[{"embeddable":true,"href":"https:\/\/www.nexoinformativo.mx\/index.php\/wp-json\/wp\/v2\/media\/13967"}],"wp:attachment":[{"href":"https:\/\/www.nexoinformativo.mx\/index.php\/wp-json\/wp\/v2\/media?parent=13966"}],"wp:term":[{"taxonomy":"category","embeddable":true,"href":"https:\/\/www.nexoinformativo.mx\/index.php\/wp-json\/wp\/v2\/categories?post=13966"},{"taxonomy":"post_tag","embeddable":true,"href":"https:\/\/www.nexoinformativo.mx\/index.php\/wp-json\/wp\/v2\/tags?post=13966"}],"curies":[{"name":"wp","href":"https:\/\/api.w.org\/{rel}","templated":true}]}}