{"id":13977,"date":"2025-04-10T11:00:51","date_gmt":"2025-04-10T17:00:51","guid":{"rendered":"https:\/\/www.nexoinformativo.mx\/?p=13977"},"modified":"2025-04-10T12:00:23","modified_gmt":"2025-04-10T18:00:23","slug":"talento-joven-la-ut-san-juan-presenta-63-proyectos-que-conectan-ideas-y-soluciones-para-el-futuro","status":"publish","type":"post","link":"https:\/\/www.nexoinformativo.mx\/index.php\/2025\/04\/10\/talento-joven-la-ut-san-juan-presenta-63-proyectos-que-conectan-ideas-y-soluciones-para-el-futuro\/","title":{"rendered":"Talento joven la UT San Juan presenta 63 proyectos que conectan ideas y soluciones para el futuro"},"content":{"rendered":"<p style=\"text-align: justify;\" data-sourcepos=\"11:1-11:574\">La Universidad Tecnol\u00f3gica de San Juan del R\u00edo (UT San Juan) se convirti\u00f3 en un semillero de ideas innovadoras con la presentaci\u00f3n de 63 proyectos desarrollados por estudiantes de las carreras de Energ\u00eda y Desarrollo Sostenible, Qu\u00edmica, Qu\u00edmica Farmac\u00e9utica, Sistemas Productivos y Mantenimiento Industrial.<\/p>\n<p>&nbsp;<\/p>\n<p style=\"text-align: justify;\" data-sourcepos=\"11:1-11:574\">La muestra, titulada <strong>\u201cConectando Ideas, Cosecha de Innovaci\u00f3n Tecnol\u00f3gica\u201d<\/strong>, es el resultado del trabajo de la materia integradora, donde los alumnos aplican sus conocimientos para proponer soluciones creativas a problemas reales.<\/p>\n<p>&nbsp;<\/p>\n<p style=\"text-align: justify;\" data-sourcepos=\"13:1-13:632\">El rector de la UT San Juan, Fernando Ferrusca Ortiz, felicit\u00f3 a los estudiantes del quinto cuatrimestre por su talento, creatividad y compromiso social, demostrados en proyectos innovadores que utilizan la tecnolog\u00eda para mejorar procesos en los sectores industrial y de servicios.<\/p>\n<p>&nbsp;<\/p>\n<p style=\"text-align: justify;\" data-sourcepos=\"13:1-13:632\">&#8220;No quiero dejar pasar la oportunidad de felicitarlos por el trabajo que han realizado, pero sobre todo por el proceso que hay detr\u00e1s de ellos, por las horas invertidas y de la investigaci\u00f3n pero que, con el apoyo de sus profesores, hoy cada una de sus ideas se ha visto materializada para brindarnos soluciones tecnol\u00f3gicas e innovadoras\u201d, destac\u00f3.<\/p>\n<p>&nbsp;<\/p>\n<p style=\"text-align: justify;\" data-sourcepos=\"15:1-15:272\">Durante la exposici\u00f3n, los estudiantes explicaron a padres de familia y representantes de la C\u00e1mara Nacional de la Industria de la Transformaci\u00f3n y la Asociaci\u00f3n de Industriales de San Juan del R\u00edo el desarrollo, los procesos de creaci\u00f3n y los beneficios de sus proyectos.<\/p>\n<p>&nbsp;<\/p>\n<p style=\"text-align: justify;\" data-sourcepos=\"17:1-17:319\">Este tipo de foros fortalece el liderazgo y compromiso de la UT San Juan al facilitar entornos de aprendizaje y brindar a los estudiantes la oportunidad de vincularse con el mercado laboral. La participaci\u00f3n de los padres de familia tambi\u00e9n refuerza el acompa\u00f1amiento y el trabajo en equipo en beneficio de los j\u00f3venes.<\/p>\n<p>&nbsp;<\/p>\n<p style=\"text-align: center;\" data-sourcepos=\"17:1-17:319\"><em><strong>\u00a1Informaci\u00f3n que transforma!<\/strong><\/em><\/p>\n","protected":false},"excerpt":{"rendered":"<p>La Universidad Tecnol\u00f3gica de San Juan del R\u00edo (UT San Juan) se convirti\u00f3 en un semillero de ideas innovadoras con la presentaci\u00f3n de 63 proyectos desarrollados por estudiantes de las carreras de Energ\u00eda y Desarrollo Sostenible, Qu\u00edmica, Qu\u00edmica Farmac\u00e9utica, Sistemas Productivos y Mantenimiento Industrial.<\/p>\n","protected":false},"author":3,"featured_media":13978,"comment_status":"open","ping_status":"open","sticky":false,"template":"","format":"standard","meta":{"footnotes":""},"categories":[65,58],"tags":[4083,618,4082,4081],"class_list":["post-13977","post","type-post","status-publish","format-standard","has-post-thumbnail","hentry","category-municipios","category-ultima-hora","tag-conectandoideas","tag-innovaciontecnologica","tag-talentout","tag-utsjr"],"yoast_head":"<!-- This site is optimized with the Yoast SEO plugin v25.0 - https:\/\/yoast.com\/wordpress\/plugins\/seo\/ -->\n<title>Talento joven la UT San Juan presenta 63 proyectos que conectan ideas y soluciones para el futuro | Nexo Informativo Santiago de Quer\u00e9taro<\/title>\n<meta name=\"description\" content=\"Talento joven la UT San Juan presenta 63 proyectos que conectan ideas y soluciones para el futuro\" \/>\n<meta name=\"robots\" content=\"index, follow, max-snippet:-1, max-image-preview:large, max-video-preview:-1\" \/>\n<link rel=\"canonical\" href=\"https:\/\/www.nexoinformativo.mx\/index.php\/2025\/04\/10\/talento-joven-la-ut-san-juan-presenta-63-proyectos-que-conectan-ideas-y-soluciones-para-el-futuro\/\" \/>\n<meta property=\"og:locale\" content=\"es_MX\" \/>\n<meta property=\"og:type\" content=\"article\" \/>\n<meta property=\"og:title\" content=\"Talento joven la UT San Juan presenta 63 proyectos que conectan ideas y soluciones para el futuro | Nexo Informativo Santiago de Quer\u00e9taro\" \/>\n<meta property=\"og:description\" content=\"Talento joven la UT San Juan presenta 63 proyectos que conectan ideas y soluciones para el futuro\" \/>\n<meta property=\"og:url\" content=\"https:\/\/www.nexoinformativo.mx\/index.php\/2025\/04\/10\/talento-joven-la-ut-san-juan-presenta-63-proyectos-que-conectan-ideas-y-soluciones-para-el-futuro\/\" \/>\n<meta property=\"og:site_name\" content=\"Nexo Informativo Santiago de Quer\u00e9taro\" \/>\n<meta property=\"article:publisher\" content=\"https:\/\/www.facebook.com\/people\/Nexo-Informativo\/61564066885511\/\" \/>\n<meta property=\"article:published_time\" content=\"2025-04-10T17:00:51+00:00\" \/>\n<meta property=\"article:modified_time\" content=\"2025-04-10T18:00:23+00:00\" \/>\n<meta property=\"og:image\" content=\"https:\/\/www.nexoinformativo.mx\/wp-content\/uploads\/2025\/04\/PHOTO-2025-04-10-11-26-28-e1744307970913.jpg\" \/>\n\t<meta property=\"og:image:width\" content=\"800\" \/>\n\t<meta property=\"og:image:height\" content=\"533\" \/>\n\t<meta property=\"og:image:type\" content=\"image\/jpeg\" \/>\n<meta name=\"author\" content=\"Nexo Informativo\" \/>\n<meta name=\"twitter:card\" content=\"summary_large_image\" \/>\n<meta name=\"twitter:label1\" content=\"Escrito por\" \/>\n\t<meta name=\"twitter:data1\" content=\"Nexo Informativo\" \/>\n\t<meta name=\"twitter:label2\" content=\"Tiempo de lectura\" \/>\n\t<meta name=\"twitter:data2\" content=\"2 minutos\" \/>\n<script type=\"application\/ld+json\" class=\"yoast-schema-graph\">{\"@context\":\"https:\/\/schema.org\",\"@graph\":[{\"@type\":\"Article\",\"@id\":\"https:\/\/www.nexoinformativo.mx\/index.php\/2025\/04\/10\/talento-joven-la-ut-san-juan-presenta-63-proyectos-que-conectan-ideas-y-soluciones-para-el-futuro\/#article\",\"isPartOf\":{\"@id\":\"https:\/\/www.nexoinformativo.mx\/index.php\/2025\/04\/10\/talento-joven-la-ut-san-juan-presenta-63-proyectos-que-conectan-ideas-y-soluciones-para-el-futuro\/\"},\"author\":{\"name\":\"Nexo Informativo\",\"@id\":\"https:\/\/www.nexoinformativo.mx\/#\/schema\/person\/7749d380ba08c8ca00d7bc76fd907b7d\"},\"headline\":\"Talento joven la UT San Juan presenta 63 proyectos que conectan ideas y soluciones para el futuro\",\"datePublished\":\"2025-04-10T17:00:51+00:00\",\"dateModified\":\"2025-04-10T18:00:23+00:00\",\"mainEntityOfPage\":{\"@id\":\"https:\/\/www.nexoinformativo.mx\/index.php\/2025\/04\/10\/talento-joven-la-ut-san-juan-presenta-63-proyectos-que-conectan-ideas-y-soluciones-para-el-futuro\/\"},\"wordCount\":320,\"commentCount\":0,\"publisher\":{\"@id\":\"https:\/\/www.nexoinformativo.mx\/#organization\"},\"image\":{\"@id\":\"https:\/\/www.nexoinformativo.mx\/index.php\/2025\/04\/10\/talento-joven-la-ut-san-juan-presenta-63-proyectos-que-conectan-ideas-y-soluciones-para-el-futuro\/#primaryimage\"},\"thumbnailUrl\":\"https:\/\/www.nexoinformativo.mx\/wp-content\/uploads\/2025\/04\/PHOTO-2025-04-10-11-26-28-e1744307970913.jpg\",\"keywords\":[\"ConectandoIdeas\",\"Innovaci\u00f3nTecnol\u00f3gica\",\"TalentoUT\",\"UTSJR\"],\"articleSection\":[\"Municipios\",\"\u00daltima Hora\"],\"inLanguage\":\"es\",\"potentialAction\":[{\"@type\":\"CommentAction\",\"name\":\"Comment\",\"target\":[\"https:\/\/www.nexoinformativo.mx\/index.php\/2025\/04\/10\/talento-joven-la-ut-san-juan-presenta-63-proyectos-que-conectan-ideas-y-soluciones-para-el-futuro\/#respond\"]}]},{\"@type\":\"WebPage\",\"@id\":\"https:\/\/www.nexoinformativo.mx\/index.php\/2025\/04\/10\/talento-joven-la-ut-san-juan-presenta-63-proyectos-que-conectan-ideas-y-soluciones-para-el-futuro\/\",\"url\":\"https:\/\/www.nexoinformativo.mx\/index.php\/2025\/04\/10\/talento-joven-la-ut-san-juan-presenta-63-proyectos-que-conectan-ideas-y-soluciones-para-el-futuro\/\",\"name\":\"Talento joven la UT San Juan presenta 63 proyectos que conectan ideas y soluciones para el futuro | Nexo Informativo Santiago de Quer\u00e9taro\",\"isPartOf\":{\"@id\":\"https:\/\/www.nexoinformativo.mx\/#website\"},\"primaryImageOfPage\":{\"@id\":\"https:\/\/www.nexoinformativo.mx\/index.php\/2025\/04\/10\/talento-joven-la-ut-san-juan-presenta-63-proyectos-que-conectan-ideas-y-soluciones-para-el-futuro\/#primaryimage\"},\"image\":{\"@id\":\"https:\/\/www.nexoinformativo.mx\/index.php\/2025\/04\/10\/talento-joven-la-ut-san-juan-presenta-63-proyectos-que-conectan-ideas-y-soluciones-para-el-futuro\/#primaryimage\"},\"thumbnailUrl\":\"https:\/\/www.nexoinformativo.mx\/wp-content\/uploads\/2025\/04\/PHOTO-2025-04-10-11-26-28-e1744307970913.jpg\",\"datePublished\":\"2025-04-10T17:00:51+00:00\",\"dateModified\":\"2025-04-10T18:00:23+00:00\",\"description\":\"Talento joven la UT San Juan presenta 63 proyectos que conectan ideas y soluciones para el futuro\",\"breadcrumb\":{\"@id\":\"https:\/\/www.nexoinformativo.mx\/index.php\/2025\/04\/10\/talento-joven-la-ut-san-juan-presenta-63-proyectos-que-conectan-ideas-y-soluciones-para-el-futuro\/#breadcrumb\"},\"inLanguage\":\"es\",\"potentialAction\":[{\"@type\":\"ReadAction\",\"target\":[\"https:\/\/www.nexoinformativo.mx\/index.php\/2025\/04\/10\/talento-joven-la-ut-san-juan-presenta-63-proyectos-que-conectan-ideas-y-soluciones-para-el-futuro\/\"]}]},{\"@type\":\"ImageObject\",\"inLanguage\":\"es\",\"@id\":\"https:\/\/www.nexoinformativo.mx\/index.php\/2025\/04\/10\/talento-joven-la-ut-san-juan-presenta-63-proyectos-que-conectan-ideas-y-soluciones-para-el-futuro\/#primaryimage\",\"url\":\"https:\/\/www.nexoinformativo.mx\/wp-content\/uploads\/2025\/04\/PHOTO-2025-04-10-11-26-28-e1744307970913.jpg\",\"contentUrl\":\"https:\/\/www.nexoinformativo.mx\/wp-content\/uploads\/2025\/04\/PHOTO-2025-04-10-11-26-28-e1744307970913.jpg\",\"width\":800,\"height\":533},{\"@type\":\"BreadcrumbList\",\"@id\":\"https:\/\/www.nexoinformativo.mx\/index.php\/2025\/04\/10\/talento-joven-la-ut-san-juan-presenta-63-proyectos-que-conectan-ideas-y-soluciones-para-el-futuro\/#breadcrumb\",\"itemListElement\":[{\"@type\":\"ListItem\",\"position\":1,\"name\":\"Inicio\",\"item\":\"https:\/\/www.nexoinformativo.mx\/\"},{\"@type\":\"ListItem\",\"position\":2,\"name\":\"Talento joven la UT San Juan presenta 63 proyectos que conectan ideas y soluciones para el futuro\"}]},{\"@type\":\"WebSite\",\"@id\":\"https:\/\/www.nexoinformativo.mx\/#website\",\"url\":\"https:\/\/www.nexoinformativo.mx\/\",\"name\":\"Nexo Informativo Santiago de Quer\u00e9taro\",\"description\":\"Explora NexoInformativo y convi\u00e9rtete en parte de una comunidad que valora el conocimiento y la verdad. Tu nexoinformativo es tu puente hacia una comprensi\u00f3n m\u00e1s profunda del mundo que te rodea.\",\"publisher\":{\"@id\":\"https:\/\/www.nexoinformativo.mx\/#organization\"},\"potentialAction\":[{\"@type\":\"SearchAction\",\"target\":{\"@type\":\"EntryPoint\",\"urlTemplate\":\"https:\/\/www.nexoinformativo.mx\/?s={search_term_string}\"},\"query-input\":{\"@type\":\"PropertyValueSpecification\",\"valueRequired\":true,\"valueName\":\"search_term_string\"}}],\"inLanguage\":\"es\"},{\"@type\":\"Organization\",\"@id\":\"https:\/\/www.nexoinformativo.mx\/#organization\",\"name\":\"Nexo Informativo Santiago de Quer\u00e9taro\",\"url\":\"https:\/\/www.nexoinformativo.mx\/\",\"logo\":{\"@type\":\"ImageObject\",\"inLanguage\":\"es\",\"@id\":\"https:\/\/www.nexoinformativo.mx\/#\/schema\/logo\/image\/\",\"url\":\"https:\/\/www.nexoinformativo.mx\/wp-content\/uploads\/2024\/07\/nexoi-trasparente-2.png\",\"contentUrl\":\"https:\/\/www.nexoinformativo.mx\/wp-content\/uploads\/2024\/07\/nexoi-trasparente-2.png\",\"width\":816,\"height\":339,\"caption\":\"Nexo Informativo Santiago de Quer\u00e9taro\"},\"image\":{\"@id\":\"https:\/\/www.nexoinformativo.mx\/#\/schema\/logo\/image\/\"},\"sameAs\":[\"https:\/\/www.facebook.com\/people\/Nexo-Informativo\/61564066885511\/\"]},{\"@type\":\"Person\",\"@id\":\"https:\/\/www.nexoinformativo.mx\/#\/schema\/person\/7749d380ba08c8ca00d7bc76fd907b7d\",\"name\":\"Nexo Informativo\",\"image\":{\"@type\":\"ImageObject\",\"inLanguage\":\"es\",\"@id\":\"https:\/\/www.nexoinformativo.mx\/#\/schema\/person\/image\/\",\"url\":\"https:\/\/secure.gravatar.com\/avatar\/dde2928154642a13d95f87ddf1ea9718fe2b46760a005c53e41ff5ad610704e6?s=96&d=mm&r=g\",\"contentUrl\":\"https:\/\/secure.gravatar.com\/avatar\/dde2928154642a13d95f87ddf1ea9718fe2b46760a005c53e41ff5ad610704e6?s=96&d=mm&r=g\",\"caption\":\"Nexo Informativo\"},\"url\":\"https:\/\/www.nexoinformativo.mx\/index.php\/author\/edicion\/\"}]}<\/script>\n<!-- \/ Yoast SEO plugin. -->","yoast_head_json":{"title":"Talento joven la UT San Juan presenta 63 proyectos que conectan ideas y soluciones para el futuro | Nexo Informativo Santiago de Quer\u00e9taro","description":"Talento joven la UT San Juan presenta 63 proyectos que conectan ideas y soluciones para el futuro","robots":{"index":"index","follow":"follow","max-snippet":"max-snippet:-1","max-image-preview":"max-image-preview:large","max-video-preview":"max-video-preview:-1"},"canonical":"https:\/\/www.nexoinformativo.mx\/index.php\/2025\/04\/10\/talento-joven-la-ut-san-juan-presenta-63-proyectos-que-conectan-ideas-y-soluciones-para-el-futuro\/","og_locale":"es_MX","og_type":"article","og_title":"Talento joven la UT San Juan presenta 63 proyectos que conectan ideas y soluciones para el futuro | Nexo Informativo Santiago de Quer\u00e9taro","og_description":"Talento joven la UT San Juan presenta 63 proyectos que conectan ideas y soluciones para el futuro","og_url":"https:\/\/www.nexoinformativo.mx\/index.php\/2025\/04\/10\/talento-joven-la-ut-san-juan-presenta-63-proyectos-que-conectan-ideas-y-soluciones-para-el-futuro\/","og_site_name":"Nexo Informativo Santiago de Quer\u00e9taro","article_publisher":"https:\/\/www.facebook.com\/people\/Nexo-Informativo\/61564066885511\/","article_published_time":"2025-04-10T17:00:51+00:00","article_modified_time":"2025-04-10T18:00:23+00:00","og_image":[{"width":800,"height":533,"url":"https:\/\/www.nexoinformativo.mx\/wp-content\/uploads\/2025\/04\/PHOTO-2025-04-10-11-26-28-e1744307970913.jpg","type":"image\/jpeg"}],"author":"Nexo Informativo","twitter_card":"summary_large_image","twitter_misc":{"Escrito por":"Nexo Informativo","Tiempo de lectura":"2 minutos"},"schema":{"@context":"https:\/\/schema.org","@graph":[{"@type":"Article","@id":"https:\/\/www.nexoinformativo.mx\/index.php\/2025\/04\/10\/talento-joven-la-ut-san-juan-presenta-63-proyectos-que-conectan-ideas-y-soluciones-para-el-futuro\/#article","isPartOf":{"@id":"https:\/\/www.nexoinformativo.mx\/index.php\/2025\/04\/10\/talento-joven-la-ut-san-juan-presenta-63-proyectos-que-conectan-ideas-y-soluciones-para-el-futuro\/"},"author":{"name":"Nexo Informativo","@id":"https:\/\/www.nexoinformativo.mx\/#\/schema\/person\/7749d380ba08c8ca00d7bc76fd907b7d"},"headline":"Talento joven la UT San Juan presenta 63 proyectos que conectan ideas y soluciones para el futuro","datePublished":"2025-04-10T17:00:51+00:00","dateModified":"2025-04-10T18:00:23+00:00","mainEntityOfPage":{"@id":"https:\/\/www.nexoinformativo.mx\/index.php\/2025\/04\/10\/talento-joven-la-ut-san-juan-presenta-63-proyectos-que-conectan-ideas-y-soluciones-para-el-futuro\/"},"wordCount":320,"commentCount":0,"publisher":{"@id":"https:\/\/www.nexoinformativo.mx\/#organization"},"image":{"@id":"https:\/\/www.nexoinformativo.mx\/index.php\/2025\/04\/10\/talento-joven-la-ut-san-juan-presenta-63-proyectos-que-conectan-ideas-y-soluciones-para-el-futuro\/#primaryimage"},"thumbnailUrl":"https:\/\/www.nexoinformativo.mx\/wp-content\/uploads\/2025\/04\/PHOTO-2025-04-10-11-26-28-e1744307970913.jpg","keywords":["ConectandoIdeas","Innovaci\u00f3nTecnol\u00f3gica","TalentoUT","UTSJR"],"articleSection":["Municipios","\u00daltima Hora"],"inLanguage":"es","potentialAction":[{"@type":"CommentAction","name":"Comment","target":["https:\/\/www.nexoinformativo.mx\/index.php\/2025\/04\/10\/talento-joven-la-ut-san-juan-presenta-63-proyectos-que-conectan-ideas-y-soluciones-para-el-futuro\/#respond"]}]},{"@type":"WebPage","@id":"https:\/\/www.nexoinformativo.mx\/index.php\/2025\/04\/10\/talento-joven-la-ut-san-juan-presenta-63-proyectos-que-conectan-ideas-y-soluciones-para-el-futuro\/","url":"https:\/\/www.nexoinformativo.mx\/index.php\/2025\/04\/10\/talento-joven-la-ut-san-juan-presenta-63-proyectos-que-conectan-ideas-y-soluciones-para-el-futuro\/","name":"Talento joven la UT San Juan presenta 63 proyectos que conectan ideas y soluciones para el futuro | Nexo Informativo Santiago de Quer\u00e9taro","isPartOf":{"@id":"https:\/\/www.nexoinformativo.mx\/#website"},"primaryImageOfPage":{"@id":"https:\/\/www.nexoinformativo.mx\/index.php\/2025\/04\/10\/talento-joven-la-ut-san-juan-presenta-63-proyectos-que-conectan-ideas-y-soluciones-para-el-futuro\/#primaryimage"},"image":{"@id":"https:\/\/www.nexoinformativo.mx\/index.php\/2025\/04\/10\/talento-joven-la-ut-san-juan-presenta-63-proyectos-que-conectan-ideas-y-soluciones-para-el-futuro\/#primaryimage"},"thumbnailUrl":"https:\/\/www.nexoinformativo.mx\/wp-content\/uploads\/2025\/04\/PHOTO-2025-04-10-11-26-28-e1744307970913.jpg","datePublished":"2025-04-10T17:00:51+00:00","dateModified":"2025-04-10T18:00:23+00:00","description":"Talento joven la UT San Juan presenta 63 proyectos que conectan ideas y soluciones para el futuro","breadcrumb":{"@id":"https:\/\/www.nexoinformativo.mx\/index.php\/2025\/04\/10\/talento-joven-la-ut-san-juan-presenta-63-proyectos-que-conectan-ideas-y-soluciones-para-el-futuro\/#breadcrumb"},"inLanguage":"es","potentialAction":[{"@type":"ReadAction","target":["https:\/\/www.nexoinformativo.mx\/index.php\/2025\/04\/10\/talento-joven-la-ut-san-juan-presenta-63-proyectos-que-conectan-ideas-y-soluciones-para-el-futuro\/"]}]},{"@type":"ImageObject","inLanguage":"es","@id":"https:\/\/www.nexoinformativo.mx\/index.php\/2025\/04\/10\/talento-joven-la-ut-san-juan-presenta-63-proyectos-que-conectan-ideas-y-soluciones-para-el-futuro\/#primaryimage","url":"https:\/\/www.nexoinformativo.mx\/wp-content\/uploads\/2025\/04\/PHOTO-2025-04-10-11-26-28-e1744307970913.jpg","contentUrl":"https:\/\/www.nexoinformativo.mx\/wp-content\/uploads\/2025\/04\/PHOTO-2025-04-10-11-26-28-e1744307970913.jpg","width":800,"height":533},{"@type":"BreadcrumbList","@id":"https:\/\/www.nexoinformativo.mx\/index.php\/2025\/04\/10\/talento-joven-la-ut-san-juan-presenta-63-proyectos-que-conectan-ideas-y-soluciones-para-el-futuro\/#breadcrumb","itemListElement":[{"@type":"ListItem","position":1,"name":"Inicio","item":"https:\/\/www.nexoinformativo.mx\/"},{"@type":"ListItem","position":2,"name":"Talento joven la UT San Juan presenta 63 proyectos que conectan ideas y soluciones para el futuro"}]},{"@type":"WebSite","@id":"https:\/\/www.nexoinformativo.mx\/#website","url":"https:\/\/www.nexoinformativo.mx\/","name":"Nexo Informativo Santiago de Quer\u00e9taro","description":"Explora NexoInformativo y convi\u00e9rtete en parte de una comunidad que valora el conocimiento y la verdad. Tu nexoinformativo es tu puente hacia una comprensi\u00f3n m\u00e1s profunda del mundo que te rodea.","publisher":{"@id":"https:\/\/www.nexoinformativo.mx\/#organization"},"potentialAction":[{"@type":"SearchAction","target":{"@type":"EntryPoint","urlTemplate":"https:\/\/www.nexoinformativo.mx\/?s={search_term_string}"},"query-input":{"@type":"PropertyValueSpecification","valueRequired":true,"valueName":"search_term_string"}}],"inLanguage":"es"},{"@type":"Organization","@id":"https:\/\/www.nexoinformativo.mx\/#organization","name":"Nexo Informativo Santiago de Quer\u00e9taro","url":"https:\/\/www.nexoinformativo.mx\/","logo":{"@type":"ImageObject","inLanguage":"es","@id":"https:\/\/www.nexoinformativo.mx\/#\/schema\/logo\/image\/","url":"https:\/\/www.nexoinformativo.mx\/wp-content\/uploads\/2024\/07\/nexoi-trasparente-2.png","contentUrl":"https:\/\/www.nexoinformativo.mx\/wp-content\/uploads\/2024\/07\/nexoi-trasparente-2.png","width":816,"height":339,"caption":"Nexo Informativo Santiago de Quer\u00e9taro"},"image":{"@id":"https:\/\/www.nexoinformativo.mx\/#\/schema\/logo\/image\/"},"sameAs":["https:\/\/www.facebook.com\/people\/Nexo-Informativo\/61564066885511\/"]},{"@type":"Person","@id":"https:\/\/www.nexoinformativo.mx\/#\/schema\/person\/7749d380ba08c8ca00d7bc76fd907b7d","name":"Nexo Informativo","image":{"@type":"ImageObject","inLanguage":"es","@id":"https:\/\/www.nexoinformativo.mx\/#\/schema\/person\/image\/","url":"https:\/\/secure.gravatar.com\/avatar\/dde2928154642a13d95f87ddf1ea9718fe2b46760a005c53e41ff5ad610704e6?s=96&d=mm&r=g","contentUrl":"https:\/\/secure.gravatar.com\/avatar\/dde2928154642a13d95f87ddf1ea9718fe2b46760a005c53e41ff5ad610704e6?s=96&d=mm&r=g","caption":"Nexo Informativo"},"url":"https:\/\/www.nexoinformativo.mx\/index.php\/author\/edicion\/"}]}},"_links":{"self":[{"href":"https:\/\/www.nexoinformativo.mx\/index.php\/wp-json\/wp\/v2\/posts\/13977","targetHints":{"allow":["GET"]}}],"collection":[{"href":"https:\/\/www.nexoinformativo.mx\/index.php\/wp-json\/wp\/v2\/posts"}],"about":[{"href":"https:\/\/www.nexoinformativo.mx\/index.php\/wp-json\/wp\/v2\/types\/post"}],"author":[{"embeddable":true,"href":"https:\/\/www.nexoinformativo.mx\/index.php\/wp-json\/wp\/v2\/users\/3"}],"replies":[{"embeddable":true,"href":"https:\/\/www.nexoinformativo.mx\/index.php\/wp-json\/wp\/v2\/comments?post=13977"}],"version-history":[{"count":4,"href":"https:\/\/www.nexoinformativo.mx\/index.php\/wp-json\/wp\/v2\/posts\/13977\/revisions"}],"predecessor-version":[{"id":13982,"href":"https:\/\/www.nexoinformativo.mx\/index.php\/wp-json\/wp\/v2\/posts\/13977\/revisions\/13982"}],"wp:featuredmedia":[{"embeddable":true,"href":"https:\/\/www.nexoinformativo.mx\/index.php\/wp-json\/wp\/v2\/media\/13978"}],"wp:attachment":[{"href":"https:\/\/www.nexoinformativo.mx\/index.php\/wp-json\/wp\/v2\/media?parent=13977"}],"wp:term":[{"taxonomy":"category","embeddable":true,"href":"https:\/\/www.nexoinformativo.mx\/index.php\/wp-json\/wp\/v2\/categories?post=13977"},{"taxonomy":"post_tag","embeddable":true,"href":"https:\/\/www.nexoinformativo.mx\/index.php\/wp-json\/wp\/v2\/tags?post=13977"}],"curies":[{"name":"wp","href":"https:\/\/api.w.org\/{rel}","templated":true}]}}