{"id":13983,"date":"2025-04-10T11:30:32","date_gmt":"2025-04-10T17:30:32","guid":{"rendered":"https:\/\/www.nexoinformativo.mx\/?p=13983"},"modified":"2025-04-10T12:07:05","modified_gmt":"2025-04-10T18:07:05","slug":"usebeq-marca-el-inicio-de-las-vacaciones-para-mas-de-362-mil-alumnos-de-educacion-basica-en-queretaro","status":"publish","type":"post","link":"https:\/\/www.nexoinformativo.mx\/index.php\/2025\/04\/10\/usebeq-marca-el-inicio-de-las-vacaciones-para-mas-de-362-mil-alumnos-de-educacion-basica-en-queretaro\/","title":{"rendered":"USEBEQ marca el inicio de las vacaciones para m\u00e1s de 362 mil alumnos de educaci\u00f3n b\u00e1sica en Quer\u00e9taro"},"content":{"rendered":"<p style=\"text-align: justify;\" data-sourcepos=\"11:1-11:514\">La Unidad de Servicios para la Educaci\u00f3n B\u00e1sica en el Estado de Quer\u00e9taro (USEBEQ) informa que, conforme al calendario oficial de la Secretar\u00eda de Educaci\u00f3n P\u00fablica (SEP), este viernes 11 de abril marca el \u00faltimo d\u00eda de clases para un total de 362 mil 724 alumnos de dos mil 111 escuelas p\u00fablicas de educaci\u00f3n b\u00e1sica en la entidad.<\/p>\n<\/p>\n<p>&nbsp;<\/p>\n<p style=\"text-align: justify;\" data-sourcepos=\"11:1-11:514\">Los estudiantes disfrutar\u00e1n de un periodo vacacional que se extender\u00e1 hasta el 25 de abril, retomando sus labores escolares el lunes 28 del presente mes.<\/p>\n<\/p>\n<p>&nbsp;<\/p>\n<p style=\"text-align: justify;\" data-sourcepos=\"13:1-13:263\">Har\u00e1n una pausa en sus actividades escolares dos mil 422 estudiantes de educaci\u00f3n inicial y especial, 54 mil 294 ni\u00f1as y ni\u00f1os de preescolar, 204 mil 580 alumnos de primaria y 101 mil 428 j\u00f3venes de secundaria en sus modalidades general, t\u00e9cnica y telesecundaria.<\/p>\n<\/p>\n<p>&nbsp;<\/p>\n<p style=\"text-align: justify;\" data-sourcepos=\"15:1-15:273\">En cuanto al personal docente de las escuelas p\u00fablicas de educaci\u00f3n b\u00e1sica, un total de 13 mil 815 maestros tambi\u00e9n inician su receso laboral: 309 de educaci\u00f3n inicial y especial, dos mil 131 de educaci\u00f3n preescolar, seis mil 799 de primaria y cuatro mil 576 de secundaria.<\/p>\n<\/p>\n<p>&nbsp;<\/p>\n<p style=\"text-align: justify;\" data-sourcepos=\"17:1-17:237\">En todo el estado de Quer\u00e9taro, ser\u00e1n 29 escuelas de educaci\u00f3n inicial y especial, 615 preescolares, mil 89 primarias y 378 secundarias p\u00fablicas las que entrar\u00e1n en el periodo de descanso correspondiente a las vacaciones de Semana Santa.<\/p>\n<\/p>\n<p>&nbsp;<\/p>\n<p style=\"text-align: center;\" data-sourcepos=\"17:1-17:237\"><em><strong>\u00a1Informaci\u00f3n que transforma!<\/strong><\/em><\/p>\n","protected":false},"excerpt":{"rendered":"<p>La Unidad de Servicios para la Educaci\u00f3n B\u00e1sica en el Estado de Quer\u00e9taro (USEBEQ) informa que, conforme al calendario oficial de la Secretar\u00eda de Educaci\u00f3n P\u00fablica (SEP), este viernes 11 de abril marca el \u00faltimo d\u00eda de clases para un total de 362 mil 724 alumnos de dos mil 111 escuelas p\u00fablicas de educaci\u00f3n b\u00e1sica en la entidad.<\/p>\n","protected":false},"author":3,"featured_media":13984,"comment_status":"open","ping_status":"open","sticky":false,"template":"","format":"standard","meta":{"footnotes":""},"categories":[42,58],"tags":[539,4085,254,4084],"class_list":["post-13983","post","type-post","status-publish","format-standard","has-post-thumbnail","hentry","category-estado","category-ultima-hora","tag-educacionbasica","tag-semanasantaqro","tag-usebeq","tag-vacacionesescolares"],"yoast_head":"<!-- This site is optimized with the Yoast SEO plugin v25.0 - https:\/\/yoast.com\/wordpress\/plugins\/seo\/ -->\n<title>USEBEQ marca el inicio de las vacaciones para m\u00e1s de 362 mil alumnos de educaci\u00f3n b\u00e1sica en Quer\u00e9taro | Nexo Informativo Santiago de Quer\u00e9taro<\/title>\n<meta name=\"description\" content=\"USEBEQ marca el inicio de las vacaciones para m\u00e1s de 362 mil alumnos de educaci\u00f3n b\u00e1sica en Quer\u00e9taro\" \/>\n<meta name=\"robots\" content=\"index, follow, max-snippet:-1, max-image-preview:large, max-video-preview:-1\" \/>\n<link rel=\"canonical\" href=\"https:\/\/www.nexoinformativo.mx\/index.php\/2025\/04\/10\/usebeq-marca-el-inicio-de-las-vacaciones-para-mas-de-362-mil-alumnos-de-educacion-basica-en-queretaro\/\" \/>\n<meta property=\"og:locale\" content=\"es_MX\" \/>\n<meta property=\"og:type\" content=\"article\" \/>\n<meta property=\"og:title\" content=\"USEBEQ marca el inicio de las vacaciones para m\u00e1s de 362 mil alumnos de educaci\u00f3n b\u00e1sica en Quer\u00e9taro | Nexo Informativo Santiago de Quer\u00e9taro\" \/>\n<meta property=\"og:description\" content=\"USEBEQ marca el inicio de las vacaciones para m\u00e1s de 362 mil alumnos de educaci\u00f3n b\u00e1sica en Quer\u00e9taro\" \/>\n<meta property=\"og:url\" content=\"https:\/\/www.nexoinformativo.mx\/index.php\/2025\/04\/10\/usebeq-marca-el-inicio-de-las-vacaciones-para-mas-de-362-mil-alumnos-de-educacion-basica-en-queretaro\/\" \/>\n<meta property=\"og:site_name\" content=\"Nexo Informativo Santiago de Quer\u00e9taro\" \/>\n<meta property=\"article:publisher\" content=\"https:\/\/www.facebook.com\/people\/Nexo-Informativo\/61564066885511\/\" \/>\n<meta property=\"article:published_time\" content=\"2025-04-10T17:30:32+00:00\" \/>\n<meta property=\"article:modified_time\" content=\"2025-04-10T18:07:05+00:00\" \/>\n<meta property=\"og:image\" content=\"https:\/\/www.nexoinformativo.mx\/wp-content\/uploads\/2025\/04\/PHOTO-2025-04-10-12-02-38-e1744308406667.jpg\" \/>\n\t<meta property=\"og:image:width\" content=\"800\" \/>\n\t<meta property=\"og:image:height\" content=\"600\" \/>\n\t<meta property=\"og:image:type\" content=\"image\/jpeg\" \/>\n<meta name=\"author\" content=\"Nexo Informativo\" \/>\n<meta name=\"twitter:card\" content=\"summary_large_image\" \/>\n<meta name=\"twitter:label1\" content=\"Escrito por\" \/>\n\t<meta name=\"twitter:data1\" content=\"Nexo Informativo\" \/>\n\t<meta name=\"twitter:label2\" content=\"Tiempo de lectura\" \/>\n\t<meta name=\"twitter:data2\" content=\"2 minutos\" \/>\n<script type=\"application\/ld+json\" class=\"yoast-schema-graph\">{\"@context\":\"https:\/\/schema.org\",\"@graph\":[{\"@type\":\"Article\",\"@id\":\"https:\/\/www.nexoinformativo.mx\/index.php\/2025\/04\/10\/usebeq-marca-el-inicio-de-las-vacaciones-para-mas-de-362-mil-alumnos-de-educacion-basica-en-queretaro\/#article\",\"isPartOf\":{\"@id\":\"https:\/\/www.nexoinformativo.mx\/index.php\/2025\/04\/10\/usebeq-marca-el-inicio-de-las-vacaciones-para-mas-de-362-mil-alumnos-de-educacion-basica-en-queretaro\/\"},\"author\":{\"name\":\"Nexo Informativo\",\"@id\":\"https:\/\/www.nexoinformativo.mx\/#\/schema\/person\/7749d380ba08c8ca00d7bc76fd907b7d\"},\"headline\":\"USEBEQ marca el inicio de las vacaciones para m\u00e1s de 362 mil alumnos de educaci\u00f3n b\u00e1sica en Quer\u00e9taro\",\"datePublished\":\"2025-04-10T17:30:32+00:00\",\"dateModified\":\"2025-04-10T18:07:05+00:00\",\"mainEntityOfPage\":{\"@id\":\"https:\/\/www.nexoinformativo.mx\/index.php\/2025\/04\/10\/usebeq-marca-el-inicio-de-las-vacaciones-para-mas-de-362-mil-alumnos-de-educacion-basica-en-queretaro\/\"},\"wordCount\":247,\"commentCount\":0,\"publisher\":{\"@id\":\"https:\/\/www.nexoinformativo.mx\/#organization\"},\"image\":{\"@id\":\"https:\/\/www.nexoinformativo.mx\/index.php\/2025\/04\/10\/usebeq-marca-el-inicio-de-las-vacaciones-para-mas-de-362-mil-alumnos-de-educacion-basica-en-queretaro\/#primaryimage\"},\"thumbnailUrl\":\"https:\/\/www.nexoinformativo.mx\/wp-content\/uploads\/2025\/04\/PHOTO-2025-04-10-12-02-38-e1744308406667.jpg\",\"keywords\":[\"Educaci\u00f3nB\u00e1sica\",\"SemanaSantaQro\",\"USEBEQ\",\"VacacionesEscolares\"],\"articleSection\":[\"Estado\",\"\u00daltima Hora\"],\"inLanguage\":\"es\",\"potentialAction\":[{\"@type\":\"CommentAction\",\"name\":\"Comment\",\"target\":[\"https:\/\/www.nexoinformativo.mx\/index.php\/2025\/04\/10\/usebeq-marca-el-inicio-de-las-vacaciones-para-mas-de-362-mil-alumnos-de-educacion-basica-en-queretaro\/#respond\"]}]},{\"@type\":\"WebPage\",\"@id\":\"https:\/\/www.nexoinformativo.mx\/index.php\/2025\/04\/10\/usebeq-marca-el-inicio-de-las-vacaciones-para-mas-de-362-mil-alumnos-de-educacion-basica-en-queretaro\/\",\"url\":\"https:\/\/www.nexoinformativo.mx\/index.php\/2025\/04\/10\/usebeq-marca-el-inicio-de-las-vacaciones-para-mas-de-362-mil-alumnos-de-educacion-basica-en-queretaro\/\",\"name\":\"USEBEQ marca el inicio de las vacaciones para m\u00e1s de 362 mil alumnos de educaci\u00f3n b\u00e1sica en Quer\u00e9taro | Nexo Informativo Santiago de Quer\u00e9taro\",\"isPartOf\":{\"@id\":\"https:\/\/www.nexoinformativo.mx\/#website\"},\"primaryImageOfPage\":{\"@id\":\"https:\/\/www.nexoinformativo.mx\/index.php\/2025\/04\/10\/usebeq-marca-el-inicio-de-las-vacaciones-para-mas-de-362-mil-alumnos-de-educacion-basica-en-queretaro\/#primaryimage\"},\"image\":{\"@id\":\"https:\/\/www.nexoinformativo.mx\/index.php\/2025\/04\/10\/usebeq-marca-el-inicio-de-las-vacaciones-para-mas-de-362-mil-alumnos-de-educacion-basica-en-queretaro\/#primaryimage\"},\"thumbnailUrl\":\"https:\/\/www.nexoinformativo.mx\/wp-content\/uploads\/2025\/04\/PHOTO-2025-04-10-12-02-38-e1744308406667.jpg\",\"datePublished\":\"2025-04-10T17:30:32+00:00\",\"dateModified\":\"2025-04-10T18:07:05+00:00\",\"description\":\"USEBEQ marca el inicio de las vacaciones para m\u00e1s de 362 mil alumnos de educaci\u00f3n b\u00e1sica en Quer\u00e9taro\",\"breadcrumb\":{\"@id\":\"https:\/\/www.nexoinformativo.mx\/index.php\/2025\/04\/10\/usebeq-marca-el-inicio-de-las-vacaciones-para-mas-de-362-mil-alumnos-de-educacion-basica-en-queretaro\/#breadcrumb\"},\"inLanguage\":\"es\",\"potentialAction\":[{\"@type\":\"ReadAction\",\"target\":[\"https:\/\/www.nexoinformativo.mx\/index.php\/2025\/04\/10\/usebeq-marca-el-inicio-de-las-vacaciones-para-mas-de-362-mil-alumnos-de-educacion-basica-en-queretaro\/\"]}]},{\"@type\":\"ImageObject\",\"inLanguage\":\"es\",\"@id\":\"https:\/\/www.nexoinformativo.mx\/index.php\/2025\/04\/10\/usebeq-marca-el-inicio-de-las-vacaciones-para-mas-de-362-mil-alumnos-de-educacion-basica-en-queretaro\/#primaryimage\",\"url\":\"https:\/\/www.nexoinformativo.mx\/wp-content\/uploads\/2025\/04\/PHOTO-2025-04-10-12-02-38-e1744308406667.jpg\",\"contentUrl\":\"https:\/\/www.nexoinformativo.mx\/wp-content\/uploads\/2025\/04\/PHOTO-2025-04-10-12-02-38-e1744308406667.jpg\",\"width\":800,\"height\":600},{\"@type\":\"BreadcrumbList\",\"@id\":\"https:\/\/www.nexoinformativo.mx\/index.php\/2025\/04\/10\/usebeq-marca-el-inicio-de-las-vacaciones-para-mas-de-362-mil-alumnos-de-educacion-basica-en-queretaro\/#breadcrumb\",\"itemListElement\":[{\"@type\":\"ListItem\",\"position\":1,\"name\":\"Inicio\",\"item\":\"https:\/\/www.nexoinformativo.mx\/\"},{\"@type\":\"ListItem\",\"position\":2,\"name\":\"USEBEQ marca el inicio de las vacaciones para m\u00e1s de 362 mil alumnos de educaci\u00f3n b\u00e1sica en Quer\u00e9taro\"}]},{\"@type\":\"WebSite\",\"@id\":\"https:\/\/www.nexoinformativo.mx\/#website\",\"url\":\"https:\/\/www.nexoinformativo.mx\/\",\"name\":\"Nexo Informativo Santiago de Quer\u00e9taro\",\"description\":\"Explora NexoInformativo y convi\u00e9rtete en parte de una comunidad que valora el conocimiento y la verdad. Tu nexoinformativo es tu puente hacia una comprensi\u00f3n m\u00e1s profunda del mundo que te rodea.\",\"publisher\":{\"@id\":\"https:\/\/www.nexoinformativo.mx\/#organization\"},\"potentialAction\":[{\"@type\":\"SearchAction\",\"target\":{\"@type\":\"EntryPoint\",\"urlTemplate\":\"https:\/\/www.nexoinformativo.mx\/?s={search_term_string}\"},\"query-input\":{\"@type\":\"PropertyValueSpecification\",\"valueRequired\":true,\"valueName\":\"search_term_string\"}}],\"inLanguage\":\"es\"},{\"@type\":\"Organization\",\"@id\":\"https:\/\/www.nexoinformativo.mx\/#organization\",\"name\":\"Nexo Informativo Santiago de Quer\u00e9taro\",\"url\":\"https:\/\/www.nexoinformativo.mx\/\",\"logo\":{\"@type\":\"ImageObject\",\"inLanguage\":\"es\",\"@id\":\"https:\/\/www.nexoinformativo.mx\/#\/schema\/logo\/image\/\",\"url\":\"https:\/\/www.nexoinformativo.mx\/wp-content\/uploads\/2024\/07\/nexoi-trasparente-2.png\",\"contentUrl\":\"https:\/\/www.nexoinformativo.mx\/wp-content\/uploads\/2024\/07\/nexoi-trasparente-2.png\",\"width\":816,\"height\":339,\"caption\":\"Nexo Informativo Santiago de Quer\u00e9taro\"},\"image\":{\"@id\":\"https:\/\/www.nexoinformativo.mx\/#\/schema\/logo\/image\/\"},\"sameAs\":[\"https:\/\/www.facebook.com\/people\/Nexo-Informativo\/61564066885511\/\"]},{\"@type\":\"Person\",\"@id\":\"https:\/\/www.nexoinformativo.mx\/#\/schema\/person\/7749d380ba08c8ca00d7bc76fd907b7d\",\"name\":\"Nexo Informativo\",\"image\":{\"@type\":\"ImageObject\",\"inLanguage\":\"es\",\"@id\":\"https:\/\/www.nexoinformativo.mx\/#\/schema\/person\/image\/\",\"url\":\"https:\/\/secure.gravatar.com\/avatar\/dde2928154642a13d95f87ddf1ea9718fe2b46760a005c53e41ff5ad610704e6?s=96&d=mm&r=g\",\"contentUrl\":\"https:\/\/secure.gravatar.com\/avatar\/dde2928154642a13d95f87ddf1ea9718fe2b46760a005c53e41ff5ad610704e6?s=96&d=mm&r=g\",\"caption\":\"Nexo Informativo\"},\"url\":\"https:\/\/www.nexoinformativo.mx\/index.php\/author\/edicion\/\"}]}<\/script>\n<!-- \/ Yoast SEO plugin. -->","yoast_head_json":{"title":"USEBEQ marca el inicio de las vacaciones para m\u00e1s de 362 mil alumnos de educaci\u00f3n b\u00e1sica en Quer\u00e9taro | Nexo Informativo Santiago de Quer\u00e9taro","description":"USEBEQ marca el inicio de las vacaciones para m\u00e1s de 362 mil alumnos de educaci\u00f3n b\u00e1sica en Quer\u00e9taro","robots":{"index":"index","follow":"follow","max-snippet":"max-snippet:-1","max-image-preview":"max-image-preview:large","max-video-preview":"max-video-preview:-1"},"canonical":"https:\/\/www.nexoinformativo.mx\/index.php\/2025\/04\/10\/usebeq-marca-el-inicio-de-las-vacaciones-para-mas-de-362-mil-alumnos-de-educacion-basica-en-queretaro\/","og_locale":"es_MX","og_type":"article","og_title":"USEBEQ marca el inicio de las vacaciones para m\u00e1s de 362 mil alumnos de educaci\u00f3n b\u00e1sica en Quer\u00e9taro | Nexo Informativo Santiago de Quer\u00e9taro","og_description":"USEBEQ marca el inicio de las vacaciones para m\u00e1s de 362 mil alumnos de educaci\u00f3n b\u00e1sica en Quer\u00e9taro","og_url":"https:\/\/www.nexoinformativo.mx\/index.php\/2025\/04\/10\/usebeq-marca-el-inicio-de-las-vacaciones-para-mas-de-362-mil-alumnos-de-educacion-basica-en-queretaro\/","og_site_name":"Nexo Informativo Santiago de Quer\u00e9taro","article_publisher":"https:\/\/www.facebook.com\/people\/Nexo-Informativo\/61564066885511\/","article_published_time":"2025-04-10T17:30:32+00:00","article_modified_time":"2025-04-10T18:07:05+00:00","og_image":[{"width":800,"height":600,"url":"https:\/\/www.nexoinformativo.mx\/wp-content\/uploads\/2025\/04\/PHOTO-2025-04-10-12-02-38-e1744308406667.jpg","type":"image\/jpeg"}],"author":"Nexo Informativo","twitter_card":"summary_large_image","twitter_misc":{"Escrito por":"Nexo Informativo","Tiempo de lectura":"2 minutos"},"schema":{"@context":"https:\/\/schema.org","@graph":[{"@type":"Article","@id":"https:\/\/www.nexoinformativo.mx\/index.php\/2025\/04\/10\/usebeq-marca-el-inicio-de-las-vacaciones-para-mas-de-362-mil-alumnos-de-educacion-basica-en-queretaro\/#article","isPartOf":{"@id":"https:\/\/www.nexoinformativo.mx\/index.php\/2025\/04\/10\/usebeq-marca-el-inicio-de-las-vacaciones-para-mas-de-362-mil-alumnos-de-educacion-basica-en-queretaro\/"},"author":{"name":"Nexo Informativo","@id":"https:\/\/www.nexoinformativo.mx\/#\/schema\/person\/7749d380ba08c8ca00d7bc76fd907b7d"},"headline":"USEBEQ marca el inicio de las vacaciones para m\u00e1s de 362 mil alumnos de educaci\u00f3n b\u00e1sica en Quer\u00e9taro","datePublished":"2025-04-10T17:30:32+00:00","dateModified":"2025-04-10T18:07:05+00:00","mainEntityOfPage":{"@id":"https:\/\/www.nexoinformativo.mx\/index.php\/2025\/04\/10\/usebeq-marca-el-inicio-de-las-vacaciones-para-mas-de-362-mil-alumnos-de-educacion-basica-en-queretaro\/"},"wordCount":247,"commentCount":0,"publisher":{"@id":"https:\/\/www.nexoinformativo.mx\/#organization"},"image":{"@id":"https:\/\/www.nexoinformativo.mx\/index.php\/2025\/04\/10\/usebeq-marca-el-inicio-de-las-vacaciones-para-mas-de-362-mil-alumnos-de-educacion-basica-en-queretaro\/#primaryimage"},"thumbnailUrl":"https:\/\/www.nexoinformativo.mx\/wp-content\/uploads\/2025\/04\/PHOTO-2025-04-10-12-02-38-e1744308406667.jpg","keywords":["Educaci\u00f3nB\u00e1sica","SemanaSantaQro","USEBEQ","VacacionesEscolares"],"articleSection":["Estado","\u00daltima Hora"],"inLanguage":"es","potentialAction":[{"@type":"CommentAction","name":"Comment","target":["https:\/\/www.nexoinformativo.mx\/index.php\/2025\/04\/10\/usebeq-marca-el-inicio-de-las-vacaciones-para-mas-de-362-mil-alumnos-de-educacion-basica-en-queretaro\/#respond"]}]},{"@type":"WebPage","@id":"https:\/\/www.nexoinformativo.mx\/index.php\/2025\/04\/10\/usebeq-marca-el-inicio-de-las-vacaciones-para-mas-de-362-mil-alumnos-de-educacion-basica-en-queretaro\/","url":"https:\/\/www.nexoinformativo.mx\/index.php\/2025\/04\/10\/usebeq-marca-el-inicio-de-las-vacaciones-para-mas-de-362-mil-alumnos-de-educacion-basica-en-queretaro\/","name":"USEBEQ marca el inicio de las vacaciones para m\u00e1s de 362 mil alumnos de educaci\u00f3n b\u00e1sica en Quer\u00e9taro | Nexo Informativo Santiago de Quer\u00e9taro","isPartOf":{"@id":"https:\/\/www.nexoinformativo.mx\/#website"},"primaryImageOfPage":{"@id":"https:\/\/www.nexoinformativo.mx\/index.php\/2025\/04\/10\/usebeq-marca-el-inicio-de-las-vacaciones-para-mas-de-362-mil-alumnos-de-educacion-basica-en-queretaro\/#primaryimage"},"image":{"@id":"https:\/\/www.nexoinformativo.mx\/index.php\/2025\/04\/10\/usebeq-marca-el-inicio-de-las-vacaciones-para-mas-de-362-mil-alumnos-de-educacion-basica-en-queretaro\/#primaryimage"},"thumbnailUrl":"https:\/\/www.nexoinformativo.mx\/wp-content\/uploads\/2025\/04\/PHOTO-2025-04-10-12-02-38-e1744308406667.jpg","datePublished":"2025-04-10T17:30:32+00:00","dateModified":"2025-04-10T18:07:05+00:00","description":"USEBEQ marca el inicio de las vacaciones para m\u00e1s de 362 mil alumnos de educaci\u00f3n b\u00e1sica en Quer\u00e9taro","breadcrumb":{"@id":"https:\/\/www.nexoinformativo.mx\/index.php\/2025\/04\/10\/usebeq-marca-el-inicio-de-las-vacaciones-para-mas-de-362-mil-alumnos-de-educacion-basica-en-queretaro\/#breadcrumb"},"inLanguage":"es","potentialAction":[{"@type":"ReadAction","target":["https:\/\/www.nexoinformativo.mx\/index.php\/2025\/04\/10\/usebeq-marca-el-inicio-de-las-vacaciones-para-mas-de-362-mil-alumnos-de-educacion-basica-en-queretaro\/"]}]},{"@type":"ImageObject","inLanguage":"es","@id":"https:\/\/www.nexoinformativo.mx\/index.php\/2025\/04\/10\/usebeq-marca-el-inicio-de-las-vacaciones-para-mas-de-362-mil-alumnos-de-educacion-basica-en-queretaro\/#primaryimage","url":"https:\/\/www.nexoinformativo.mx\/wp-content\/uploads\/2025\/04\/PHOTO-2025-04-10-12-02-38-e1744308406667.jpg","contentUrl":"https:\/\/www.nexoinformativo.mx\/wp-content\/uploads\/2025\/04\/PHOTO-2025-04-10-12-02-38-e1744308406667.jpg","width":800,"height":600},{"@type":"BreadcrumbList","@id":"https:\/\/www.nexoinformativo.mx\/index.php\/2025\/04\/10\/usebeq-marca-el-inicio-de-las-vacaciones-para-mas-de-362-mil-alumnos-de-educacion-basica-en-queretaro\/#breadcrumb","itemListElement":[{"@type":"ListItem","position":1,"name":"Inicio","item":"https:\/\/www.nexoinformativo.mx\/"},{"@type":"ListItem","position":2,"name":"USEBEQ marca el inicio de las vacaciones para m\u00e1s de 362 mil alumnos de educaci\u00f3n b\u00e1sica en Quer\u00e9taro"}]},{"@type":"WebSite","@id":"https:\/\/www.nexoinformativo.mx\/#website","url":"https:\/\/www.nexoinformativo.mx\/","name":"Nexo Informativo Santiago de Quer\u00e9taro","description":"Explora NexoInformativo y convi\u00e9rtete en parte de una comunidad que valora el conocimiento y la verdad. Tu nexoinformativo es tu puente hacia una comprensi\u00f3n m\u00e1s profunda del mundo que te rodea.","publisher":{"@id":"https:\/\/www.nexoinformativo.mx\/#organization"},"potentialAction":[{"@type":"SearchAction","target":{"@type":"EntryPoint","urlTemplate":"https:\/\/www.nexoinformativo.mx\/?s={search_term_string}"},"query-input":{"@type":"PropertyValueSpecification","valueRequired":true,"valueName":"search_term_string"}}],"inLanguage":"es"},{"@type":"Organization","@id":"https:\/\/www.nexoinformativo.mx\/#organization","name":"Nexo Informativo Santiago de Quer\u00e9taro","url":"https:\/\/www.nexoinformativo.mx\/","logo":{"@type":"ImageObject","inLanguage":"es","@id":"https:\/\/www.nexoinformativo.mx\/#\/schema\/logo\/image\/","url":"https:\/\/www.nexoinformativo.mx\/wp-content\/uploads\/2024\/07\/nexoi-trasparente-2.png","contentUrl":"https:\/\/www.nexoinformativo.mx\/wp-content\/uploads\/2024\/07\/nexoi-trasparente-2.png","width":816,"height":339,"caption":"Nexo Informativo Santiago de Quer\u00e9taro"},"image":{"@id":"https:\/\/www.nexoinformativo.mx\/#\/schema\/logo\/image\/"},"sameAs":["https:\/\/www.facebook.com\/people\/Nexo-Informativo\/61564066885511\/"]},{"@type":"Person","@id":"https:\/\/www.nexoinformativo.mx\/#\/schema\/person\/7749d380ba08c8ca00d7bc76fd907b7d","name":"Nexo Informativo","image":{"@type":"ImageObject","inLanguage":"es","@id":"https:\/\/www.nexoinformativo.mx\/#\/schema\/person\/image\/","url":"https:\/\/secure.gravatar.com\/avatar\/dde2928154642a13d95f87ddf1ea9718fe2b46760a005c53e41ff5ad610704e6?s=96&d=mm&r=g","contentUrl":"https:\/\/secure.gravatar.com\/avatar\/dde2928154642a13d95f87ddf1ea9718fe2b46760a005c53e41ff5ad610704e6?s=96&d=mm&r=g","caption":"Nexo Informativo"},"url":"https:\/\/www.nexoinformativo.mx\/index.php\/author\/edicion\/"}]}},"_links":{"self":[{"href":"https:\/\/www.nexoinformativo.mx\/index.php\/wp-json\/wp\/v2\/posts\/13983","targetHints":{"allow":["GET"]}}],"collection":[{"href":"https:\/\/www.nexoinformativo.mx\/index.php\/wp-json\/wp\/v2\/posts"}],"about":[{"href":"https:\/\/www.nexoinformativo.mx\/index.php\/wp-json\/wp\/v2\/types\/post"}],"author":[{"embeddable":true,"href":"https:\/\/www.nexoinformativo.mx\/index.php\/wp-json\/wp\/v2\/users\/3"}],"replies":[{"embeddable":true,"href":"https:\/\/www.nexoinformativo.mx\/index.php\/wp-json\/wp\/v2\/comments?post=13983"}],"version-history":[{"count":3,"href":"https:\/\/www.nexoinformativo.mx\/index.php\/wp-json\/wp\/v2\/posts\/13983\/revisions"}],"predecessor-version":[{"id":13987,"href":"https:\/\/www.nexoinformativo.mx\/index.php\/wp-json\/wp\/v2\/posts\/13983\/revisions\/13987"}],"wp:featuredmedia":[{"embeddable":true,"href":"https:\/\/www.nexoinformativo.mx\/index.php\/wp-json\/wp\/v2\/media\/13984"}],"wp:attachment":[{"href":"https:\/\/www.nexoinformativo.mx\/index.php\/wp-json\/wp\/v2\/media?parent=13983"}],"wp:term":[{"taxonomy":"category","embeddable":true,"href":"https:\/\/www.nexoinformativo.mx\/index.php\/wp-json\/wp\/v2\/categories?post=13983"},{"taxonomy":"post_tag","embeddable":true,"href":"https:\/\/www.nexoinformativo.mx\/index.php\/wp-json\/wp\/v2\/tags?post=13983"}],"curies":[{"name":"wp","href":"https:\/\/api.w.org\/{rel}","templated":true}]}}