{"id":13989,"date":"2025-04-10T12:00:00","date_gmt":"2025-04-10T18:00:00","guid":{"rendered":"https:\/\/www.nexoinformativo.mx\/?p=13989"},"modified":"2025-04-10T14:37:49","modified_gmt":"2025-04-10T20:37:49","slug":"termina-el-frio-llega-el-calor-proteccion-civil-alerta-por-altas-temperaturas-en-el-estado","status":"publish","type":"post","link":"https:\/\/www.nexoinformativo.mx\/index.php\/2025\/04\/10\/termina-el-frio-llega-el-calor-proteccion-civil-alerta-por-altas-temperaturas-en-el-estado\/","title":{"rendered":"Termina el fr\u00edo llega el calor Protecci\u00f3n Civil alerta por altas temperaturas en el estado"},"content":{"rendered":"<p style=\"text-align: justify;\" data-sourcepos=\"11:1-11:289\">La Coordinaci\u00f3n Estatal de Protecci\u00f3n Civil (CEPC) inform\u00f3 que a partir de este jueves se registrar\u00e1 un aumento significativo de las temperaturas en todo el territorio queretano, poniendo fin al descenso t\u00e9rmico provocado por el reciente frente fr\u00edo n\u00famero 37.<\/p>\n<\/p>\n<p>&nbsp;<\/p>\n<p style=\"text-align: justify;\" data-sourcepos=\"13:1-13:426\">El titular de la CEPC, Javier Amaya, explic\u00f3 que las bajas temperaturas que se sintieron desde el pasado lunes fueron consecuencia directa de este frente fr\u00edo que afect\u00f3 a gran parte del pa\u00eds, a diferencia de los sistemas anticicl\u00f3nicos previos que hab\u00edan bloqueado el ingreso de masas de aire fr\u00edo.<\/p>\n<\/p>\n<p>&nbsp;<\/p>\n<p style=\"text-align: justify;\" data-sourcepos=\"13:1-13:426\">&#8220;El frente fr\u00edo n\u00famero 37 ahora s\u00ed afect\u00f3 a casi toda la rep\u00fablica&#8230; hoy va a empezar a subir la temperatura&#8221;, detall\u00f3 Amaya.<\/p>\n<\/p>\n<p>&nbsp;<\/p>\n<p style=\"text-align: justify;\" data-sourcepos=\"15:1-15:341\">El pron\u00f3stico indica que la Sierra Gorda queretana podr\u00eda alcanzar temperaturas de hasta 41 o 42 grados Celsius, mientras que en la zona metropolitana se esperan m\u00e1ximas alrededor de los 33 grados. &#8220;Pues en la sierra hasta 42, 41 grados, en la zona metropolitana vamos a tener alrededor de 33 grados&#8221;, precis\u00f3 el titular de Protecci\u00f3n Civil.<\/p>\n<\/p>\n<p>&nbsp;<\/p>\n<p style=\"text-align: justify;\" data-sourcepos=\"17:1-17:271\">Ante este cambio de condiciones clim\u00e1ticas, Javier Amaya hizo un llamado a la poblaci\u00f3n a tomar precauciones especiales, prestando atenci\u00f3n a ni\u00f1os, adultos mayores y personas con enfermedades cr\u00f3nicas, quienes son m\u00e1s vulnerables a los efectos de las altas temperaturas.<\/p>\n<\/p>\n<p>&nbsp;<\/p>\n<p style=\"text-align: center;\" data-sourcepos=\"17:1-17:271\"><em><strong>\u00a1Informaci\u00f3n que transforma!<\/strong><\/em><\/p>\n","protected":false},"excerpt":{"rendered":"<p>La Coordinaci\u00f3n Estatal de Protecci\u00f3n Civil (CEPC) inform\u00f3 que a partir de este jueves se registrar\u00e1 un aumento significativo de las temperaturas en todo el territorio queretano, poniendo fin al descenso t\u00e9rmico provocado por el reciente frente fr\u00edo n\u00famero 37.<\/p>\n","protected":false},"author":3,"featured_media":13990,"comment_status":"open","ping_status":"open","sticky":false,"template":"","format":"standard","meta":{"footnotes":""},"categories":[42,58],"tags":[4087,1147,4086,268],"class_list":["post-13989","post","type-post","status-publish","format-standard","has-post-thumbnail","hentry","category-estado","category-ultima-hora","tag-altastemperaturas","tag-climaqueretaro","tag-oladecalorqro","tag-proteccioncivilqro"],"yoast_head":"<!-- This site is optimized with the Yoast SEO plugin v25.0 - https:\/\/yoast.com\/wordpress\/plugins\/seo\/ -->\n<title>Termina el fr\u00edo llega el calor Protecci\u00f3n Civil alerta por altas temperaturas en el estado | Nexo Informativo Santiago de Quer\u00e9taro<\/title>\n<meta name=\"description\" content=\"Termina el fr\u00edo llega el calor Protecci\u00f3n Civil alerta por altas temperaturas en el estado\" \/>\n<meta name=\"robots\" content=\"index, follow, max-snippet:-1, max-image-preview:large, max-video-preview:-1\" \/>\n<link rel=\"canonical\" href=\"https:\/\/www.nexoinformativo.mx\/index.php\/2025\/04\/10\/termina-el-frio-llega-el-calor-proteccion-civil-alerta-por-altas-temperaturas-en-el-estado\/\" \/>\n<meta property=\"og:locale\" content=\"es_MX\" \/>\n<meta property=\"og:type\" content=\"article\" \/>\n<meta property=\"og:title\" content=\"Termina el fr\u00edo llega el calor Protecci\u00f3n Civil alerta por altas temperaturas en el estado | Nexo Informativo Santiago de Quer\u00e9taro\" \/>\n<meta property=\"og:description\" content=\"Termina el fr\u00edo llega el calor Protecci\u00f3n Civil alerta por altas temperaturas en el estado\" \/>\n<meta property=\"og:url\" content=\"https:\/\/www.nexoinformativo.mx\/index.php\/2025\/04\/10\/termina-el-frio-llega-el-calor-proteccion-civil-alerta-por-altas-temperaturas-en-el-estado\/\" \/>\n<meta property=\"og:site_name\" content=\"Nexo Informativo Santiago de Quer\u00e9taro\" \/>\n<meta property=\"article:publisher\" content=\"https:\/\/www.facebook.com\/people\/Nexo-Informativo\/61564066885511\/\" \/>\n<meta property=\"article:published_time\" content=\"2025-04-10T18:00:00+00:00\" \/>\n<meta property=\"article:modified_time\" content=\"2025-04-10T20:37:49+00:00\" \/>\n<meta property=\"og:image\" content=\"https:\/\/www.nexoinformativo.mx\/wp-content\/uploads\/2025\/04\/6df21dd4-0dc6-4d8c-825b-7f85811c534f-e1744317427849.jpg\" \/>\n\t<meta property=\"og:image:width\" content=\"700\" \/>\n\t<meta property=\"og:image:height\" content=\"748\" \/>\n\t<meta property=\"og:image:type\" content=\"image\/jpeg\" \/>\n<meta name=\"author\" content=\"Nexo Informativo\" \/>\n<meta name=\"twitter:card\" content=\"summary_large_image\" \/>\n<meta name=\"twitter:label1\" content=\"Escrito por\" \/>\n\t<meta name=\"twitter:data1\" content=\"Nexo Informativo\" \/>\n\t<meta name=\"twitter:label2\" content=\"Tiempo de lectura\" \/>\n\t<meta name=\"twitter:data2\" content=\"2 minutos\" \/>\n<script type=\"application\/ld+json\" class=\"yoast-schema-graph\">{\"@context\":\"https:\/\/schema.org\",\"@graph\":[{\"@type\":\"Article\",\"@id\":\"https:\/\/www.nexoinformativo.mx\/index.php\/2025\/04\/10\/termina-el-frio-llega-el-calor-proteccion-civil-alerta-por-altas-temperaturas-en-el-estado\/#article\",\"isPartOf\":{\"@id\":\"https:\/\/www.nexoinformativo.mx\/index.php\/2025\/04\/10\/termina-el-frio-llega-el-calor-proteccion-civil-alerta-por-altas-temperaturas-en-el-estado\/\"},\"author\":{\"name\":\"Nexo Informativo\",\"@id\":\"https:\/\/www.nexoinformativo.mx\/#\/schema\/person\/7749d380ba08c8ca00d7bc76fd907b7d\"},\"headline\":\"Termina el fr\u00edo llega el calor Protecci\u00f3n Civil alerta por altas temperaturas en el estado\",\"datePublished\":\"2025-04-10T18:00:00+00:00\",\"dateModified\":\"2025-04-10T20:37:49+00:00\",\"mainEntityOfPage\":{\"@id\":\"https:\/\/www.nexoinformativo.mx\/index.php\/2025\/04\/10\/termina-el-frio-llega-el-calor-proteccion-civil-alerta-por-altas-temperaturas-en-el-estado\/\"},\"wordCount\":251,\"commentCount\":0,\"publisher\":{\"@id\":\"https:\/\/www.nexoinformativo.mx\/#organization\"},\"image\":{\"@id\":\"https:\/\/www.nexoinformativo.mx\/index.php\/2025\/04\/10\/termina-el-frio-llega-el-calor-proteccion-civil-alerta-por-altas-temperaturas-en-el-estado\/#primaryimage\"},\"thumbnailUrl\":\"https:\/\/www.nexoinformativo.mx\/wp-content\/uploads\/2025\/04\/6df21dd4-0dc6-4d8c-825b-7f85811c534f-e1744317427849.jpg\",\"keywords\":[\"AltasTemperaturas\",\"ClimaQuer\u00e9taro\",\"OlaDeCalorQro\",\"ProteccionCivilQro\"],\"articleSection\":[\"Estado\",\"\u00daltima Hora\"],\"inLanguage\":\"es\",\"potentialAction\":[{\"@type\":\"CommentAction\",\"name\":\"Comment\",\"target\":[\"https:\/\/www.nexoinformativo.mx\/index.php\/2025\/04\/10\/termina-el-frio-llega-el-calor-proteccion-civil-alerta-por-altas-temperaturas-en-el-estado\/#respond\"]}]},{\"@type\":\"WebPage\",\"@id\":\"https:\/\/www.nexoinformativo.mx\/index.php\/2025\/04\/10\/termina-el-frio-llega-el-calor-proteccion-civil-alerta-por-altas-temperaturas-en-el-estado\/\",\"url\":\"https:\/\/www.nexoinformativo.mx\/index.php\/2025\/04\/10\/termina-el-frio-llega-el-calor-proteccion-civil-alerta-por-altas-temperaturas-en-el-estado\/\",\"name\":\"Termina el fr\u00edo llega el calor Protecci\u00f3n Civil alerta por altas temperaturas en el estado | Nexo Informativo Santiago de Quer\u00e9taro\",\"isPartOf\":{\"@id\":\"https:\/\/www.nexoinformativo.mx\/#website\"},\"primaryImageOfPage\":{\"@id\":\"https:\/\/www.nexoinformativo.mx\/index.php\/2025\/04\/10\/termina-el-frio-llega-el-calor-proteccion-civil-alerta-por-altas-temperaturas-en-el-estado\/#primaryimage\"},\"image\":{\"@id\":\"https:\/\/www.nexoinformativo.mx\/index.php\/2025\/04\/10\/termina-el-frio-llega-el-calor-proteccion-civil-alerta-por-altas-temperaturas-en-el-estado\/#primaryimage\"},\"thumbnailUrl\":\"https:\/\/www.nexoinformativo.mx\/wp-content\/uploads\/2025\/04\/6df21dd4-0dc6-4d8c-825b-7f85811c534f-e1744317427849.jpg\",\"datePublished\":\"2025-04-10T18:00:00+00:00\",\"dateModified\":\"2025-04-10T20:37:49+00:00\",\"description\":\"Termina el fr\u00edo llega el calor Protecci\u00f3n Civil alerta por altas temperaturas en el estado\",\"breadcrumb\":{\"@id\":\"https:\/\/www.nexoinformativo.mx\/index.php\/2025\/04\/10\/termina-el-frio-llega-el-calor-proteccion-civil-alerta-por-altas-temperaturas-en-el-estado\/#breadcrumb\"},\"inLanguage\":\"es\",\"potentialAction\":[{\"@type\":\"ReadAction\",\"target\":[\"https:\/\/www.nexoinformativo.mx\/index.php\/2025\/04\/10\/termina-el-frio-llega-el-calor-proteccion-civil-alerta-por-altas-temperaturas-en-el-estado\/\"]}]},{\"@type\":\"ImageObject\",\"inLanguage\":\"es\",\"@id\":\"https:\/\/www.nexoinformativo.mx\/index.php\/2025\/04\/10\/termina-el-frio-llega-el-calor-proteccion-civil-alerta-por-altas-temperaturas-en-el-estado\/#primaryimage\",\"url\":\"https:\/\/www.nexoinformativo.mx\/wp-content\/uploads\/2025\/04\/6df21dd4-0dc6-4d8c-825b-7f85811c534f-e1744317427849.jpg\",\"contentUrl\":\"https:\/\/www.nexoinformativo.mx\/wp-content\/uploads\/2025\/04\/6df21dd4-0dc6-4d8c-825b-7f85811c534f-e1744317427849.jpg\",\"width\":700,\"height\":748},{\"@type\":\"BreadcrumbList\",\"@id\":\"https:\/\/www.nexoinformativo.mx\/index.php\/2025\/04\/10\/termina-el-frio-llega-el-calor-proteccion-civil-alerta-por-altas-temperaturas-en-el-estado\/#breadcrumb\",\"itemListElement\":[{\"@type\":\"ListItem\",\"position\":1,\"name\":\"Inicio\",\"item\":\"https:\/\/www.nexoinformativo.mx\/\"},{\"@type\":\"ListItem\",\"position\":2,\"name\":\"Termina el fr\u00edo llega el calor Protecci\u00f3n Civil alerta por altas temperaturas en el estado\"}]},{\"@type\":\"WebSite\",\"@id\":\"https:\/\/www.nexoinformativo.mx\/#website\",\"url\":\"https:\/\/www.nexoinformativo.mx\/\",\"name\":\"Nexo Informativo Santiago de Quer\u00e9taro\",\"description\":\"Explora NexoInformativo y convi\u00e9rtete en parte de una comunidad que valora el conocimiento y la verdad. Tu nexoinformativo es tu puente hacia una comprensi\u00f3n m\u00e1s profunda del mundo que te rodea.\",\"publisher\":{\"@id\":\"https:\/\/www.nexoinformativo.mx\/#organization\"},\"potentialAction\":[{\"@type\":\"SearchAction\",\"target\":{\"@type\":\"EntryPoint\",\"urlTemplate\":\"https:\/\/www.nexoinformativo.mx\/?s={search_term_string}\"},\"query-input\":{\"@type\":\"PropertyValueSpecification\",\"valueRequired\":true,\"valueName\":\"search_term_string\"}}],\"inLanguage\":\"es\"},{\"@type\":\"Organization\",\"@id\":\"https:\/\/www.nexoinformativo.mx\/#organization\",\"name\":\"Nexo Informativo Santiago de Quer\u00e9taro\",\"url\":\"https:\/\/www.nexoinformativo.mx\/\",\"logo\":{\"@type\":\"ImageObject\",\"inLanguage\":\"es\",\"@id\":\"https:\/\/www.nexoinformativo.mx\/#\/schema\/logo\/image\/\",\"url\":\"https:\/\/www.nexoinformativo.mx\/wp-content\/uploads\/2024\/07\/nexoi-trasparente-2.png\",\"contentUrl\":\"https:\/\/www.nexoinformativo.mx\/wp-content\/uploads\/2024\/07\/nexoi-trasparente-2.png\",\"width\":816,\"height\":339,\"caption\":\"Nexo Informativo Santiago de Quer\u00e9taro\"},\"image\":{\"@id\":\"https:\/\/www.nexoinformativo.mx\/#\/schema\/logo\/image\/\"},\"sameAs\":[\"https:\/\/www.facebook.com\/people\/Nexo-Informativo\/61564066885511\/\"]},{\"@type\":\"Person\",\"@id\":\"https:\/\/www.nexoinformativo.mx\/#\/schema\/person\/7749d380ba08c8ca00d7bc76fd907b7d\",\"name\":\"Nexo Informativo\",\"image\":{\"@type\":\"ImageObject\",\"inLanguage\":\"es\",\"@id\":\"https:\/\/www.nexoinformativo.mx\/#\/schema\/person\/image\/\",\"url\":\"https:\/\/secure.gravatar.com\/avatar\/dde2928154642a13d95f87ddf1ea9718fe2b46760a005c53e41ff5ad610704e6?s=96&d=mm&r=g\",\"contentUrl\":\"https:\/\/secure.gravatar.com\/avatar\/dde2928154642a13d95f87ddf1ea9718fe2b46760a005c53e41ff5ad610704e6?s=96&d=mm&r=g\",\"caption\":\"Nexo Informativo\"},\"url\":\"https:\/\/www.nexoinformativo.mx\/index.php\/author\/edicion\/\"}]}<\/script>\n<!-- \/ Yoast SEO plugin. -->","yoast_head_json":{"title":"Termina el fr\u00edo llega el calor Protecci\u00f3n Civil alerta por altas temperaturas en el estado | Nexo Informativo Santiago de Quer\u00e9taro","description":"Termina el fr\u00edo llega el calor Protecci\u00f3n Civil alerta por altas temperaturas en el estado","robots":{"index":"index","follow":"follow","max-snippet":"max-snippet:-1","max-image-preview":"max-image-preview:large","max-video-preview":"max-video-preview:-1"},"canonical":"https:\/\/www.nexoinformativo.mx\/index.php\/2025\/04\/10\/termina-el-frio-llega-el-calor-proteccion-civil-alerta-por-altas-temperaturas-en-el-estado\/","og_locale":"es_MX","og_type":"article","og_title":"Termina el fr\u00edo llega el calor Protecci\u00f3n Civil alerta por altas temperaturas en el estado | Nexo Informativo Santiago de Quer\u00e9taro","og_description":"Termina el fr\u00edo llega el calor Protecci\u00f3n Civil alerta por altas temperaturas en el estado","og_url":"https:\/\/www.nexoinformativo.mx\/index.php\/2025\/04\/10\/termina-el-frio-llega-el-calor-proteccion-civil-alerta-por-altas-temperaturas-en-el-estado\/","og_site_name":"Nexo Informativo Santiago de Quer\u00e9taro","article_publisher":"https:\/\/www.facebook.com\/people\/Nexo-Informativo\/61564066885511\/","article_published_time":"2025-04-10T18:00:00+00:00","article_modified_time":"2025-04-10T20:37:49+00:00","og_image":[{"width":700,"height":748,"url":"https:\/\/www.nexoinformativo.mx\/wp-content\/uploads\/2025\/04\/6df21dd4-0dc6-4d8c-825b-7f85811c534f-e1744317427849.jpg","type":"image\/jpeg"}],"author":"Nexo Informativo","twitter_card":"summary_large_image","twitter_misc":{"Escrito por":"Nexo Informativo","Tiempo de lectura":"2 minutos"},"schema":{"@context":"https:\/\/schema.org","@graph":[{"@type":"Article","@id":"https:\/\/www.nexoinformativo.mx\/index.php\/2025\/04\/10\/termina-el-frio-llega-el-calor-proteccion-civil-alerta-por-altas-temperaturas-en-el-estado\/#article","isPartOf":{"@id":"https:\/\/www.nexoinformativo.mx\/index.php\/2025\/04\/10\/termina-el-frio-llega-el-calor-proteccion-civil-alerta-por-altas-temperaturas-en-el-estado\/"},"author":{"name":"Nexo Informativo","@id":"https:\/\/www.nexoinformativo.mx\/#\/schema\/person\/7749d380ba08c8ca00d7bc76fd907b7d"},"headline":"Termina el fr\u00edo llega el calor Protecci\u00f3n Civil alerta por altas temperaturas en el estado","datePublished":"2025-04-10T18:00:00+00:00","dateModified":"2025-04-10T20:37:49+00:00","mainEntityOfPage":{"@id":"https:\/\/www.nexoinformativo.mx\/index.php\/2025\/04\/10\/termina-el-frio-llega-el-calor-proteccion-civil-alerta-por-altas-temperaturas-en-el-estado\/"},"wordCount":251,"commentCount":0,"publisher":{"@id":"https:\/\/www.nexoinformativo.mx\/#organization"},"image":{"@id":"https:\/\/www.nexoinformativo.mx\/index.php\/2025\/04\/10\/termina-el-frio-llega-el-calor-proteccion-civil-alerta-por-altas-temperaturas-en-el-estado\/#primaryimage"},"thumbnailUrl":"https:\/\/www.nexoinformativo.mx\/wp-content\/uploads\/2025\/04\/6df21dd4-0dc6-4d8c-825b-7f85811c534f-e1744317427849.jpg","keywords":["AltasTemperaturas","ClimaQuer\u00e9taro","OlaDeCalorQro","ProteccionCivilQro"],"articleSection":["Estado","\u00daltima Hora"],"inLanguage":"es","potentialAction":[{"@type":"CommentAction","name":"Comment","target":["https:\/\/www.nexoinformativo.mx\/index.php\/2025\/04\/10\/termina-el-frio-llega-el-calor-proteccion-civil-alerta-por-altas-temperaturas-en-el-estado\/#respond"]}]},{"@type":"WebPage","@id":"https:\/\/www.nexoinformativo.mx\/index.php\/2025\/04\/10\/termina-el-frio-llega-el-calor-proteccion-civil-alerta-por-altas-temperaturas-en-el-estado\/","url":"https:\/\/www.nexoinformativo.mx\/index.php\/2025\/04\/10\/termina-el-frio-llega-el-calor-proteccion-civil-alerta-por-altas-temperaturas-en-el-estado\/","name":"Termina el fr\u00edo llega el calor Protecci\u00f3n Civil alerta por altas temperaturas en el estado | Nexo Informativo Santiago de Quer\u00e9taro","isPartOf":{"@id":"https:\/\/www.nexoinformativo.mx\/#website"},"primaryImageOfPage":{"@id":"https:\/\/www.nexoinformativo.mx\/index.php\/2025\/04\/10\/termina-el-frio-llega-el-calor-proteccion-civil-alerta-por-altas-temperaturas-en-el-estado\/#primaryimage"},"image":{"@id":"https:\/\/www.nexoinformativo.mx\/index.php\/2025\/04\/10\/termina-el-frio-llega-el-calor-proteccion-civil-alerta-por-altas-temperaturas-en-el-estado\/#primaryimage"},"thumbnailUrl":"https:\/\/www.nexoinformativo.mx\/wp-content\/uploads\/2025\/04\/6df21dd4-0dc6-4d8c-825b-7f85811c534f-e1744317427849.jpg","datePublished":"2025-04-10T18:00:00+00:00","dateModified":"2025-04-10T20:37:49+00:00","description":"Termina el fr\u00edo llega el calor Protecci\u00f3n Civil alerta por altas temperaturas en el estado","breadcrumb":{"@id":"https:\/\/www.nexoinformativo.mx\/index.php\/2025\/04\/10\/termina-el-frio-llega-el-calor-proteccion-civil-alerta-por-altas-temperaturas-en-el-estado\/#breadcrumb"},"inLanguage":"es","potentialAction":[{"@type":"ReadAction","target":["https:\/\/www.nexoinformativo.mx\/index.php\/2025\/04\/10\/termina-el-frio-llega-el-calor-proteccion-civil-alerta-por-altas-temperaturas-en-el-estado\/"]}]},{"@type":"ImageObject","inLanguage":"es","@id":"https:\/\/www.nexoinformativo.mx\/index.php\/2025\/04\/10\/termina-el-frio-llega-el-calor-proteccion-civil-alerta-por-altas-temperaturas-en-el-estado\/#primaryimage","url":"https:\/\/www.nexoinformativo.mx\/wp-content\/uploads\/2025\/04\/6df21dd4-0dc6-4d8c-825b-7f85811c534f-e1744317427849.jpg","contentUrl":"https:\/\/www.nexoinformativo.mx\/wp-content\/uploads\/2025\/04\/6df21dd4-0dc6-4d8c-825b-7f85811c534f-e1744317427849.jpg","width":700,"height":748},{"@type":"BreadcrumbList","@id":"https:\/\/www.nexoinformativo.mx\/index.php\/2025\/04\/10\/termina-el-frio-llega-el-calor-proteccion-civil-alerta-por-altas-temperaturas-en-el-estado\/#breadcrumb","itemListElement":[{"@type":"ListItem","position":1,"name":"Inicio","item":"https:\/\/www.nexoinformativo.mx\/"},{"@type":"ListItem","position":2,"name":"Termina el fr\u00edo llega el calor Protecci\u00f3n Civil alerta por altas temperaturas en el estado"}]},{"@type":"WebSite","@id":"https:\/\/www.nexoinformativo.mx\/#website","url":"https:\/\/www.nexoinformativo.mx\/","name":"Nexo Informativo Santiago de Quer\u00e9taro","description":"Explora NexoInformativo y convi\u00e9rtete en parte de una comunidad que valora el conocimiento y la verdad. Tu nexoinformativo es tu puente hacia una comprensi\u00f3n m\u00e1s profunda del mundo que te rodea.","publisher":{"@id":"https:\/\/www.nexoinformativo.mx\/#organization"},"potentialAction":[{"@type":"SearchAction","target":{"@type":"EntryPoint","urlTemplate":"https:\/\/www.nexoinformativo.mx\/?s={search_term_string}"},"query-input":{"@type":"PropertyValueSpecification","valueRequired":true,"valueName":"search_term_string"}}],"inLanguage":"es"},{"@type":"Organization","@id":"https:\/\/www.nexoinformativo.mx\/#organization","name":"Nexo Informativo Santiago de Quer\u00e9taro","url":"https:\/\/www.nexoinformativo.mx\/","logo":{"@type":"ImageObject","inLanguage":"es","@id":"https:\/\/www.nexoinformativo.mx\/#\/schema\/logo\/image\/","url":"https:\/\/www.nexoinformativo.mx\/wp-content\/uploads\/2024\/07\/nexoi-trasparente-2.png","contentUrl":"https:\/\/www.nexoinformativo.mx\/wp-content\/uploads\/2024\/07\/nexoi-trasparente-2.png","width":816,"height":339,"caption":"Nexo Informativo Santiago de Quer\u00e9taro"},"image":{"@id":"https:\/\/www.nexoinformativo.mx\/#\/schema\/logo\/image\/"},"sameAs":["https:\/\/www.facebook.com\/people\/Nexo-Informativo\/61564066885511\/"]},{"@type":"Person","@id":"https:\/\/www.nexoinformativo.mx\/#\/schema\/person\/7749d380ba08c8ca00d7bc76fd907b7d","name":"Nexo Informativo","image":{"@type":"ImageObject","inLanguage":"es","@id":"https:\/\/www.nexoinformativo.mx\/#\/schema\/person\/image\/","url":"https:\/\/secure.gravatar.com\/avatar\/dde2928154642a13d95f87ddf1ea9718fe2b46760a005c53e41ff5ad610704e6?s=96&d=mm&r=g","contentUrl":"https:\/\/secure.gravatar.com\/avatar\/dde2928154642a13d95f87ddf1ea9718fe2b46760a005c53e41ff5ad610704e6?s=96&d=mm&r=g","caption":"Nexo Informativo"},"url":"https:\/\/www.nexoinformativo.mx\/index.php\/author\/edicion\/"}]}},"_links":{"self":[{"href":"https:\/\/www.nexoinformativo.mx\/index.php\/wp-json\/wp\/v2\/posts\/13989","targetHints":{"allow":["GET"]}}],"collection":[{"href":"https:\/\/www.nexoinformativo.mx\/index.php\/wp-json\/wp\/v2\/posts"}],"about":[{"href":"https:\/\/www.nexoinformativo.mx\/index.php\/wp-json\/wp\/v2\/types\/post"}],"author":[{"embeddable":true,"href":"https:\/\/www.nexoinformativo.mx\/index.php\/wp-json\/wp\/v2\/users\/3"}],"replies":[{"embeddable":true,"href":"https:\/\/www.nexoinformativo.mx\/index.php\/wp-json\/wp\/v2\/comments?post=13989"}],"version-history":[{"count":3,"href":"https:\/\/www.nexoinformativo.mx\/index.php\/wp-json\/wp\/v2\/posts\/13989\/revisions"}],"predecessor-version":[{"id":13993,"href":"https:\/\/www.nexoinformativo.mx\/index.php\/wp-json\/wp\/v2\/posts\/13989\/revisions\/13993"}],"wp:featuredmedia":[{"embeddable":true,"href":"https:\/\/www.nexoinformativo.mx\/index.php\/wp-json\/wp\/v2\/media\/13990"}],"wp:attachment":[{"href":"https:\/\/www.nexoinformativo.mx\/index.php\/wp-json\/wp\/v2\/media?parent=13989"}],"wp:term":[{"taxonomy":"category","embeddable":true,"href":"https:\/\/www.nexoinformativo.mx\/index.php\/wp-json\/wp\/v2\/categories?post=13989"},{"taxonomy":"post_tag","embeddable":true,"href":"https:\/\/www.nexoinformativo.mx\/index.php\/wp-json\/wp\/v2\/tags?post=13989"}],"curies":[{"name":"wp","href":"https:\/\/api.w.org\/{rel}","templated":true}]}}