{"id":13995,"date":"2025-04-11T06:00:24","date_gmt":"2025-04-11T12:00:24","guid":{"rendered":"https:\/\/www.nexoinformativo.mx\/?p=13995"},"modified":"2025-04-11T11:16:38","modified_gmt":"2025-04-11T17:16:38","slug":"a-106-anos-de-zapata-mexico-empodera-a-la-mujer-campesina-con-titulos-de-propiedad-para-2030","status":"publish","type":"post","link":"https:\/\/www.nexoinformativo.mx\/index.php\/2025\/04\/11\/a-106-anos-de-zapata-mexico-empodera-a-la-mujer-campesina-con-titulos-de-propiedad-para-2030\/","title":{"rendered":"A 106 a\u00f1os de Zapata M\u00e9xico empodera a la mujer campesina con t\u00edtulos de propiedad para 2030"},"content":{"rendered":"<p style=\"text-align: justify;\" data-sourcepos=\"11:1-11:396\">En el marco del 106 aniversario luctuoso de Emiliano Zapata, la Presidenta de M\u00e9xico, Claudia Sheinbaum, realiz\u00f3 un anuncio hist\u00f3rico desde la Ex Hacienda de Chinameca: su administraci\u00f3n se ha fijado la meta de que, para el a\u00f1o 2030, 150 mil mujeres obtengan el t\u00edtulo de propiedad de sus tierras y sean reconocidas como ejidatarias con plenos derechos agrarios.<\/p>\n<\/p>\n<p>&nbsp;<\/p>\n<p style=\"text-align: justify;\" data-sourcepos=\"13:1-13:509\">Durante el evento conmemorativo, en el que entreg\u00f3 los primeros 10 t\u00edtulos de propiedad a mujeres del pueblo O\u2019dam, Durango, y del estado de Morelos, la Presidenta Sheinbaum destac\u00f3 el papel fundamental que las mujeres han desempe\u00f1ado en la historia del pa\u00eds, a pesar de no haber recibido siempre el reconocimiento adecuado en la tenencia de la tierra.<\/p>\n<\/p>\n<p>&nbsp;<\/p>\n<p style=\"text-align: justify;\" data-sourcepos=\"15:1-15:289\">&#8220;Hoy decidimos dedicarlo para el reconocimiento tambi\u00e9n de las mujeres como propietarias de la tierra (\u2026) Nos pusimos de meta que, al 2030, tiene que haber 150 mil mujeres m\u00e1s que sean reconocidas como ejidatarias o como comuneras, con todos los derechos agrarios&#8221;, enfatiz\u00f3 la mandataria.<\/p>\n<\/p>\n<p>&nbsp;<\/p>\n<p style=\"text-align: justify;\" data-sourcepos=\"17:1-17:395\">Sheinbaum record\u00f3 que el principio fundamental del Humanismo Mexicano, &#8220;por el bien de todos, primero los pobres&#8221;, impulsa a fortalecer la econom\u00eda desde las bases, incluyendo el apoyo al campo y a los campesinos.<\/p>\n<\/p>\n<p>&nbsp;<\/p>\n<p style=\"text-align: justify;\" data-sourcepos=\"17:1-17:395\">En este sentido, destac\u00f3 el programa Cosechando Soberan\u00eda, que busca impulsar la producci\u00f3n nacional de alimentos b\u00e1sicos como el ma\u00edz criollo, el frijol, la leche y el cacao.<\/p>\n<\/p>\n<p>&nbsp;<\/p>\n<p style=\"text-align: justify;\" data-sourcepos=\"21:1-21:304\">Durante el evento, se resalt\u00f3 la visi\u00f3n de Emiliano Zapata y su legado en la lucha por la tierra, as\u00ed como la importancia de programas como Sembrando Vida. Representantes de mujeres agrarias entregaron un documento con propuestas para fortalecer la pol\u00edtica agraria con perspectiva de g\u00e9nero e inclusi\u00f3n.<\/p>\n<\/p>\n<p>&nbsp;<\/p>\n<p style=\"text-align: center;\" data-sourcepos=\"21:1-21:304\"><em><strong>\u00a1Informaci\u00f3n que transforma!<\/strong><\/em><\/p>\n","protected":false},"excerpt":{"rendered":"<p>En el marco del 106 aniversario luctuoso de Emiliano Zapata, la Presidenta de M\u00e9xico, Claudia Sheinbaum Pardo, realiz\u00f3 un anuncio hist\u00f3rico desde la Ex Hacienda de Chinameca: su administraci\u00f3n se ha fijado la meta de que, para el a\u00f1o 2030, 150 mil mujeres obtengan el t\u00edtulo de propiedad de sus tierras y sean reconocidas como ejidatarias con plenos derechos agrarios.<\/p>\n","protected":false},"author":3,"featured_media":13996,"comment_status":"open","ping_status":"open","sticky":false,"template":"","format":"standard","meta":{"footnotes":""},"categories":[88,58],"tags":[967,4090,4088,4089],"class_list":["post-13995","post","type-post","status-publish","format-standard","has-post-thumbnail","hentry","category-nacional","category-ultima-hora","tag-claudiasheinbaum","tag-emilianozapata","tag-mujeresejidatarias","tag-tierraparamujeres"],"yoast_head":"<!-- This site is optimized with the Yoast SEO plugin v25.0 - https:\/\/yoast.com\/wordpress\/plugins\/seo\/ -->\n<title>A 106 a\u00f1os de Zapata M\u00e9xico empodera a la mujer campesina con t\u00edtulos de propiedad para 2030 | Nexo Informativo Santiago de Quer\u00e9taro<\/title>\n<meta name=\"description\" content=\"A 106 a\u00f1os de Zapata M\u00e9xico empodera a la mujer campesina con t\u00edtulos de propiedad para 2030\" \/>\n<meta name=\"robots\" content=\"index, follow, max-snippet:-1, max-image-preview:large, max-video-preview:-1\" \/>\n<link rel=\"canonical\" href=\"https:\/\/www.nexoinformativo.mx\/index.php\/2025\/04\/11\/a-106-anos-de-zapata-mexico-empodera-a-la-mujer-campesina-con-titulos-de-propiedad-para-2030\/\" \/>\n<meta property=\"og:locale\" content=\"es_MX\" \/>\n<meta property=\"og:type\" content=\"article\" \/>\n<meta property=\"og:title\" content=\"A 106 a\u00f1os de Zapata M\u00e9xico empodera a la mujer campesina con t\u00edtulos de propiedad para 2030 | Nexo Informativo Santiago de Quer\u00e9taro\" \/>\n<meta property=\"og:description\" content=\"A 106 a\u00f1os de Zapata M\u00e9xico empodera a la mujer campesina con t\u00edtulos de propiedad para 2030\" \/>\n<meta property=\"og:url\" content=\"https:\/\/www.nexoinformativo.mx\/index.php\/2025\/04\/11\/a-106-anos-de-zapata-mexico-empodera-a-la-mujer-campesina-con-titulos-de-propiedad-para-2030\/\" \/>\n<meta property=\"og:site_name\" content=\"Nexo Informativo Santiago de Quer\u00e9taro\" \/>\n<meta property=\"article:publisher\" content=\"https:\/\/www.facebook.com\/people\/Nexo-Informativo\/61564066885511\/\" \/>\n<meta property=\"article:published_time\" content=\"2025-04-11T12:00:24+00:00\" \/>\n<meta property=\"article:modified_time\" content=\"2025-04-11T17:16:38+00:00\" \/>\n<meta property=\"og:image\" content=\"https:\/\/www.nexoinformativo.mx\/wp-content\/uploads\/2025\/04\/IMG_2215.jpg\" \/>\n\t<meta property=\"og:image:width\" content=\"650\" \/>\n\t<meta property=\"og:image:height\" content=\"380\" \/>\n\t<meta property=\"og:image:type\" content=\"image\/jpeg\" \/>\n<meta name=\"author\" content=\"Nexo Informativo\" \/>\n<meta name=\"twitter:card\" content=\"summary_large_image\" \/>\n<meta name=\"twitter:label1\" content=\"Escrito por\" \/>\n\t<meta name=\"twitter:data1\" content=\"Nexo Informativo\" \/>\n\t<meta name=\"twitter:label2\" content=\"Tiempo de lectura\" \/>\n\t<meta name=\"twitter:data2\" content=\"2 minutos\" \/>\n<script type=\"application\/ld+json\" class=\"yoast-schema-graph\">{\"@context\":\"https:\/\/schema.org\",\"@graph\":[{\"@type\":\"Article\",\"@id\":\"https:\/\/www.nexoinformativo.mx\/index.php\/2025\/04\/11\/a-106-anos-de-zapata-mexico-empodera-a-la-mujer-campesina-con-titulos-de-propiedad-para-2030\/#article\",\"isPartOf\":{\"@id\":\"https:\/\/www.nexoinformativo.mx\/index.php\/2025\/04\/11\/a-106-anos-de-zapata-mexico-empodera-a-la-mujer-campesina-con-titulos-de-propiedad-para-2030\/\"},\"author\":{\"name\":\"Nexo Informativo\",\"@id\":\"https:\/\/www.nexoinformativo.mx\/#\/schema\/person\/7749d380ba08c8ca00d7bc76fd907b7d\"},\"headline\":\"A 106 a\u00f1os de Zapata M\u00e9xico empodera a la mujer campesina con t\u00edtulos de propiedad para 2030\",\"datePublished\":\"2025-04-11T12:00:24+00:00\",\"dateModified\":\"2025-04-11T17:16:38+00:00\",\"mainEntityOfPage\":{\"@id\":\"https:\/\/www.nexoinformativo.mx\/index.php\/2025\/04\/11\/a-106-anos-de-zapata-mexico-empodera-a-la-mujer-campesina-con-titulos-de-propiedad-para-2030\/\"},\"wordCount\":314,\"commentCount\":0,\"publisher\":{\"@id\":\"https:\/\/www.nexoinformativo.mx\/#organization\"},\"image\":{\"@id\":\"https:\/\/www.nexoinformativo.mx\/index.php\/2025\/04\/11\/a-106-anos-de-zapata-mexico-empodera-a-la-mujer-campesina-con-titulos-de-propiedad-para-2030\/#primaryimage\"},\"thumbnailUrl\":\"https:\/\/www.nexoinformativo.mx\/wp-content\/uploads\/2025\/04\/IMG_2215.jpg\",\"keywords\":[\"ClaudiaSheinbaum\",\"EmilianoZapata\",\"MujeresEjidatarias\",\"TierraParaMujeres\"],\"articleSection\":[\"Nacional\",\"\u00daltima Hora\"],\"inLanguage\":\"es\",\"potentialAction\":[{\"@type\":\"CommentAction\",\"name\":\"Comment\",\"target\":[\"https:\/\/www.nexoinformativo.mx\/index.php\/2025\/04\/11\/a-106-anos-de-zapata-mexico-empodera-a-la-mujer-campesina-con-titulos-de-propiedad-para-2030\/#respond\"]}]},{\"@type\":\"WebPage\",\"@id\":\"https:\/\/www.nexoinformativo.mx\/index.php\/2025\/04\/11\/a-106-anos-de-zapata-mexico-empodera-a-la-mujer-campesina-con-titulos-de-propiedad-para-2030\/\",\"url\":\"https:\/\/www.nexoinformativo.mx\/index.php\/2025\/04\/11\/a-106-anos-de-zapata-mexico-empodera-a-la-mujer-campesina-con-titulos-de-propiedad-para-2030\/\",\"name\":\"A 106 a\u00f1os de Zapata M\u00e9xico empodera a la mujer campesina con t\u00edtulos de propiedad para 2030 | Nexo Informativo Santiago de Quer\u00e9taro\",\"isPartOf\":{\"@id\":\"https:\/\/www.nexoinformativo.mx\/#website\"},\"primaryImageOfPage\":{\"@id\":\"https:\/\/www.nexoinformativo.mx\/index.php\/2025\/04\/11\/a-106-anos-de-zapata-mexico-empodera-a-la-mujer-campesina-con-titulos-de-propiedad-para-2030\/#primaryimage\"},\"image\":{\"@id\":\"https:\/\/www.nexoinformativo.mx\/index.php\/2025\/04\/11\/a-106-anos-de-zapata-mexico-empodera-a-la-mujer-campesina-con-titulos-de-propiedad-para-2030\/#primaryimage\"},\"thumbnailUrl\":\"https:\/\/www.nexoinformativo.mx\/wp-content\/uploads\/2025\/04\/IMG_2215.jpg\",\"datePublished\":\"2025-04-11T12:00:24+00:00\",\"dateModified\":\"2025-04-11T17:16:38+00:00\",\"description\":\"A 106 a\u00f1os de Zapata M\u00e9xico empodera a la mujer campesina con t\u00edtulos de propiedad para 2030\",\"breadcrumb\":{\"@id\":\"https:\/\/www.nexoinformativo.mx\/index.php\/2025\/04\/11\/a-106-anos-de-zapata-mexico-empodera-a-la-mujer-campesina-con-titulos-de-propiedad-para-2030\/#breadcrumb\"},\"inLanguage\":\"es\",\"potentialAction\":[{\"@type\":\"ReadAction\",\"target\":[\"https:\/\/www.nexoinformativo.mx\/index.php\/2025\/04\/11\/a-106-anos-de-zapata-mexico-empodera-a-la-mujer-campesina-con-titulos-de-propiedad-para-2030\/\"]}]},{\"@type\":\"ImageObject\",\"inLanguage\":\"es\",\"@id\":\"https:\/\/www.nexoinformativo.mx\/index.php\/2025\/04\/11\/a-106-anos-de-zapata-mexico-empodera-a-la-mujer-campesina-con-titulos-de-propiedad-para-2030\/#primaryimage\",\"url\":\"https:\/\/www.nexoinformativo.mx\/wp-content\/uploads\/2025\/04\/IMG_2215.jpg\",\"contentUrl\":\"https:\/\/www.nexoinformativo.mx\/wp-content\/uploads\/2025\/04\/IMG_2215.jpg\",\"width\":650,\"height\":380},{\"@type\":\"BreadcrumbList\",\"@id\":\"https:\/\/www.nexoinformativo.mx\/index.php\/2025\/04\/11\/a-106-anos-de-zapata-mexico-empodera-a-la-mujer-campesina-con-titulos-de-propiedad-para-2030\/#breadcrumb\",\"itemListElement\":[{\"@type\":\"ListItem\",\"position\":1,\"name\":\"Inicio\",\"item\":\"https:\/\/www.nexoinformativo.mx\/\"},{\"@type\":\"ListItem\",\"position\":2,\"name\":\"A 106 a\u00f1os de Zapata M\u00e9xico empodera a la mujer campesina con t\u00edtulos de propiedad para 2030\"}]},{\"@type\":\"WebSite\",\"@id\":\"https:\/\/www.nexoinformativo.mx\/#website\",\"url\":\"https:\/\/www.nexoinformativo.mx\/\",\"name\":\"Nexo Informativo Santiago de Quer\u00e9taro\",\"description\":\"Explora NexoInformativo y convi\u00e9rtete en parte de una comunidad que valora el conocimiento y la verdad. Tu nexoinformativo es tu puente hacia una comprensi\u00f3n m\u00e1s profunda del mundo que te rodea.\",\"publisher\":{\"@id\":\"https:\/\/www.nexoinformativo.mx\/#organization\"},\"potentialAction\":[{\"@type\":\"SearchAction\",\"target\":{\"@type\":\"EntryPoint\",\"urlTemplate\":\"https:\/\/www.nexoinformativo.mx\/?s={search_term_string}\"},\"query-input\":{\"@type\":\"PropertyValueSpecification\",\"valueRequired\":true,\"valueName\":\"search_term_string\"}}],\"inLanguage\":\"es\"},{\"@type\":\"Organization\",\"@id\":\"https:\/\/www.nexoinformativo.mx\/#organization\",\"name\":\"Nexo Informativo Santiago de Quer\u00e9taro\",\"url\":\"https:\/\/www.nexoinformativo.mx\/\",\"logo\":{\"@type\":\"ImageObject\",\"inLanguage\":\"es\",\"@id\":\"https:\/\/www.nexoinformativo.mx\/#\/schema\/logo\/image\/\",\"url\":\"https:\/\/www.nexoinformativo.mx\/wp-content\/uploads\/2024\/07\/nexoi-trasparente-2.png\",\"contentUrl\":\"https:\/\/www.nexoinformativo.mx\/wp-content\/uploads\/2024\/07\/nexoi-trasparente-2.png\",\"width\":816,\"height\":339,\"caption\":\"Nexo Informativo Santiago de Quer\u00e9taro\"},\"image\":{\"@id\":\"https:\/\/www.nexoinformativo.mx\/#\/schema\/logo\/image\/\"},\"sameAs\":[\"https:\/\/www.facebook.com\/people\/Nexo-Informativo\/61564066885511\/\"]},{\"@type\":\"Person\",\"@id\":\"https:\/\/www.nexoinformativo.mx\/#\/schema\/person\/7749d380ba08c8ca00d7bc76fd907b7d\",\"name\":\"Nexo Informativo\",\"image\":{\"@type\":\"ImageObject\",\"inLanguage\":\"es\",\"@id\":\"https:\/\/www.nexoinformativo.mx\/#\/schema\/person\/image\/\",\"url\":\"https:\/\/secure.gravatar.com\/avatar\/dde2928154642a13d95f87ddf1ea9718fe2b46760a005c53e41ff5ad610704e6?s=96&d=mm&r=g\",\"contentUrl\":\"https:\/\/secure.gravatar.com\/avatar\/dde2928154642a13d95f87ddf1ea9718fe2b46760a005c53e41ff5ad610704e6?s=96&d=mm&r=g\",\"caption\":\"Nexo Informativo\"},\"url\":\"https:\/\/www.nexoinformativo.mx\/index.php\/author\/edicion\/\"}]}<\/script>\n<!-- \/ Yoast SEO plugin. -->","yoast_head_json":{"title":"A 106 a\u00f1os de Zapata M\u00e9xico empodera a la mujer campesina con t\u00edtulos de propiedad para 2030 | Nexo Informativo Santiago de Quer\u00e9taro","description":"A 106 a\u00f1os de Zapata M\u00e9xico empodera a la mujer campesina con t\u00edtulos de propiedad para 2030","robots":{"index":"index","follow":"follow","max-snippet":"max-snippet:-1","max-image-preview":"max-image-preview:large","max-video-preview":"max-video-preview:-1"},"canonical":"https:\/\/www.nexoinformativo.mx\/index.php\/2025\/04\/11\/a-106-anos-de-zapata-mexico-empodera-a-la-mujer-campesina-con-titulos-de-propiedad-para-2030\/","og_locale":"es_MX","og_type":"article","og_title":"A 106 a\u00f1os de Zapata M\u00e9xico empodera a la mujer campesina con t\u00edtulos de propiedad para 2030 | Nexo Informativo Santiago de Quer\u00e9taro","og_description":"A 106 a\u00f1os de Zapata M\u00e9xico empodera a la mujer campesina con t\u00edtulos de propiedad para 2030","og_url":"https:\/\/www.nexoinformativo.mx\/index.php\/2025\/04\/11\/a-106-anos-de-zapata-mexico-empodera-a-la-mujer-campesina-con-titulos-de-propiedad-para-2030\/","og_site_name":"Nexo Informativo Santiago de Quer\u00e9taro","article_publisher":"https:\/\/www.facebook.com\/people\/Nexo-Informativo\/61564066885511\/","article_published_time":"2025-04-11T12:00:24+00:00","article_modified_time":"2025-04-11T17:16:38+00:00","og_image":[{"width":650,"height":380,"url":"https:\/\/www.nexoinformativo.mx\/wp-content\/uploads\/2025\/04\/IMG_2215.jpg","type":"image\/jpeg"}],"author":"Nexo Informativo","twitter_card":"summary_large_image","twitter_misc":{"Escrito por":"Nexo Informativo","Tiempo de lectura":"2 minutos"},"schema":{"@context":"https:\/\/schema.org","@graph":[{"@type":"Article","@id":"https:\/\/www.nexoinformativo.mx\/index.php\/2025\/04\/11\/a-106-anos-de-zapata-mexico-empodera-a-la-mujer-campesina-con-titulos-de-propiedad-para-2030\/#article","isPartOf":{"@id":"https:\/\/www.nexoinformativo.mx\/index.php\/2025\/04\/11\/a-106-anos-de-zapata-mexico-empodera-a-la-mujer-campesina-con-titulos-de-propiedad-para-2030\/"},"author":{"name":"Nexo Informativo","@id":"https:\/\/www.nexoinformativo.mx\/#\/schema\/person\/7749d380ba08c8ca00d7bc76fd907b7d"},"headline":"A 106 a\u00f1os de Zapata M\u00e9xico empodera a la mujer campesina con t\u00edtulos de propiedad para 2030","datePublished":"2025-04-11T12:00:24+00:00","dateModified":"2025-04-11T17:16:38+00:00","mainEntityOfPage":{"@id":"https:\/\/www.nexoinformativo.mx\/index.php\/2025\/04\/11\/a-106-anos-de-zapata-mexico-empodera-a-la-mujer-campesina-con-titulos-de-propiedad-para-2030\/"},"wordCount":314,"commentCount":0,"publisher":{"@id":"https:\/\/www.nexoinformativo.mx\/#organization"},"image":{"@id":"https:\/\/www.nexoinformativo.mx\/index.php\/2025\/04\/11\/a-106-anos-de-zapata-mexico-empodera-a-la-mujer-campesina-con-titulos-de-propiedad-para-2030\/#primaryimage"},"thumbnailUrl":"https:\/\/www.nexoinformativo.mx\/wp-content\/uploads\/2025\/04\/IMG_2215.jpg","keywords":["ClaudiaSheinbaum","EmilianoZapata","MujeresEjidatarias","TierraParaMujeres"],"articleSection":["Nacional","\u00daltima Hora"],"inLanguage":"es","potentialAction":[{"@type":"CommentAction","name":"Comment","target":["https:\/\/www.nexoinformativo.mx\/index.php\/2025\/04\/11\/a-106-anos-de-zapata-mexico-empodera-a-la-mujer-campesina-con-titulos-de-propiedad-para-2030\/#respond"]}]},{"@type":"WebPage","@id":"https:\/\/www.nexoinformativo.mx\/index.php\/2025\/04\/11\/a-106-anos-de-zapata-mexico-empodera-a-la-mujer-campesina-con-titulos-de-propiedad-para-2030\/","url":"https:\/\/www.nexoinformativo.mx\/index.php\/2025\/04\/11\/a-106-anos-de-zapata-mexico-empodera-a-la-mujer-campesina-con-titulos-de-propiedad-para-2030\/","name":"A 106 a\u00f1os de Zapata M\u00e9xico empodera a la mujer campesina con t\u00edtulos de propiedad para 2030 | Nexo Informativo Santiago de Quer\u00e9taro","isPartOf":{"@id":"https:\/\/www.nexoinformativo.mx\/#website"},"primaryImageOfPage":{"@id":"https:\/\/www.nexoinformativo.mx\/index.php\/2025\/04\/11\/a-106-anos-de-zapata-mexico-empodera-a-la-mujer-campesina-con-titulos-de-propiedad-para-2030\/#primaryimage"},"image":{"@id":"https:\/\/www.nexoinformativo.mx\/index.php\/2025\/04\/11\/a-106-anos-de-zapata-mexico-empodera-a-la-mujer-campesina-con-titulos-de-propiedad-para-2030\/#primaryimage"},"thumbnailUrl":"https:\/\/www.nexoinformativo.mx\/wp-content\/uploads\/2025\/04\/IMG_2215.jpg","datePublished":"2025-04-11T12:00:24+00:00","dateModified":"2025-04-11T17:16:38+00:00","description":"A 106 a\u00f1os de Zapata M\u00e9xico empodera a la mujer campesina con t\u00edtulos de propiedad para 2030","breadcrumb":{"@id":"https:\/\/www.nexoinformativo.mx\/index.php\/2025\/04\/11\/a-106-anos-de-zapata-mexico-empodera-a-la-mujer-campesina-con-titulos-de-propiedad-para-2030\/#breadcrumb"},"inLanguage":"es","potentialAction":[{"@type":"ReadAction","target":["https:\/\/www.nexoinformativo.mx\/index.php\/2025\/04\/11\/a-106-anos-de-zapata-mexico-empodera-a-la-mujer-campesina-con-titulos-de-propiedad-para-2030\/"]}]},{"@type":"ImageObject","inLanguage":"es","@id":"https:\/\/www.nexoinformativo.mx\/index.php\/2025\/04\/11\/a-106-anos-de-zapata-mexico-empodera-a-la-mujer-campesina-con-titulos-de-propiedad-para-2030\/#primaryimage","url":"https:\/\/www.nexoinformativo.mx\/wp-content\/uploads\/2025\/04\/IMG_2215.jpg","contentUrl":"https:\/\/www.nexoinformativo.mx\/wp-content\/uploads\/2025\/04\/IMG_2215.jpg","width":650,"height":380},{"@type":"BreadcrumbList","@id":"https:\/\/www.nexoinformativo.mx\/index.php\/2025\/04\/11\/a-106-anos-de-zapata-mexico-empodera-a-la-mujer-campesina-con-titulos-de-propiedad-para-2030\/#breadcrumb","itemListElement":[{"@type":"ListItem","position":1,"name":"Inicio","item":"https:\/\/www.nexoinformativo.mx\/"},{"@type":"ListItem","position":2,"name":"A 106 a\u00f1os de Zapata M\u00e9xico empodera a la mujer campesina con t\u00edtulos de propiedad para 2030"}]},{"@type":"WebSite","@id":"https:\/\/www.nexoinformativo.mx\/#website","url":"https:\/\/www.nexoinformativo.mx\/","name":"Nexo Informativo Santiago de Quer\u00e9taro","description":"Explora NexoInformativo y convi\u00e9rtete en parte de una comunidad que valora el conocimiento y la verdad. Tu nexoinformativo es tu puente hacia una comprensi\u00f3n m\u00e1s profunda del mundo que te rodea.","publisher":{"@id":"https:\/\/www.nexoinformativo.mx\/#organization"},"potentialAction":[{"@type":"SearchAction","target":{"@type":"EntryPoint","urlTemplate":"https:\/\/www.nexoinformativo.mx\/?s={search_term_string}"},"query-input":{"@type":"PropertyValueSpecification","valueRequired":true,"valueName":"search_term_string"}}],"inLanguage":"es"},{"@type":"Organization","@id":"https:\/\/www.nexoinformativo.mx\/#organization","name":"Nexo Informativo Santiago de Quer\u00e9taro","url":"https:\/\/www.nexoinformativo.mx\/","logo":{"@type":"ImageObject","inLanguage":"es","@id":"https:\/\/www.nexoinformativo.mx\/#\/schema\/logo\/image\/","url":"https:\/\/www.nexoinformativo.mx\/wp-content\/uploads\/2024\/07\/nexoi-trasparente-2.png","contentUrl":"https:\/\/www.nexoinformativo.mx\/wp-content\/uploads\/2024\/07\/nexoi-trasparente-2.png","width":816,"height":339,"caption":"Nexo Informativo Santiago de Quer\u00e9taro"},"image":{"@id":"https:\/\/www.nexoinformativo.mx\/#\/schema\/logo\/image\/"},"sameAs":["https:\/\/www.facebook.com\/people\/Nexo-Informativo\/61564066885511\/"]},{"@type":"Person","@id":"https:\/\/www.nexoinformativo.mx\/#\/schema\/person\/7749d380ba08c8ca00d7bc76fd907b7d","name":"Nexo Informativo","image":{"@type":"ImageObject","inLanguage":"es","@id":"https:\/\/www.nexoinformativo.mx\/#\/schema\/person\/image\/","url":"https:\/\/secure.gravatar.com\/avatar\/dde2928154642a13d95f87ddf1ea9718fe2b46760a005c53e41ff5ad610704e6?s=96&d=mm&r=g","contentUrl":"https:\/\/secure.gravatar.com\/avatar\/dde2928154642a13d95f87ddf1ea9718fe2b46760a005c53e41ff5ad610704e6?s=96&d=mm&r=g","caption":"Nexo Informativo"},"url":"https:\/\/www.nexoinformativo.mx\/index.php\/author\/edicion\/"}]}},"_links":{"self":[{"href":"https:\/\/www.nexoinformativo.mx\/index.php\/wp-json\/wp\/v2\/posts\/13995","targetHints":{"allow":["GET"]}}],"collection":[{"href":"https:\/\/www.nexoinformativo.mx\/index.php\/wp-json\/wp\/v2\/posts"}],"about":[{"href":"https:\/\/www.nexoinformativo.mx\/index.php\/wp-json\/wp\/v2\/types\/post"}],"author":[{"embeddable":true,"href":"https:\/\/www.nexoinformativo.mx\/index.php\/wp-json\/wp\/v2\/users\/3"}],"replies":[{"embeddable":true,"href":"https:\/\/www.nexoinformativo.mx\/index.php\/wp-json\/wp\/v2\/comments?post=13995"}],"version-history":[{"count":3,"href":"https:\/\/www.nexoinformativo.mx\/index.php\/wp-json\/wp\/v2\/posts\/13995\/revisions"}],"predecessor-version":[{"id":13999,"href":"https:\/\/www.nexoinformativo.mx\/index.php\/wp-json\/wp\/v2\/posts\/13995\/revisions\/13999"}],"wp:featuredmedia":[{"embeddable":true,"href":"https:\/\/www.nexoinformativo.mx\/index.php\/wp-json\/wp\/v2\/media\/13996"}],"wp:attachment":[{"href":"https:\/\/www.nexoinformativo.mx\/index.php\/wp-json\/wp\/v2\/media?parent=13995"}],"wp:term":[{"taxonomy":"category","embeddable":true,"href":"https:\/\/www.nexoinformativo.mx\/index.php\/wp-json\/wp\/v2\/categories?post=13995"},{"taxonomy":"post_tag","embeddable":true,"href":"https:\/\/www.nexoinformativo.mx\/index.php\/wp-json\/wp\/v2\/tags?post=13995"}],"curies":[{"name":"wp","href":"https:\/\/api.w.org\/{rel}","templated":true}]}}