{"id":14000,"date":"2025-04-11T07:00:50","date_gmt":"2025-04-11T13:00:50","guid":{"rendered":"https:\/\/www.nexoinformativo.mx\/?p=14000"},"modified":"2025-04-11T11:20:59","modified_gmt":"2025-04-11T17:20:59","slug":"mas-de-500-angeles-verdes-desplegados-inicia-operativo-vacacional-nacional","status":"publish","type":"post","link":"https:\/\/www.nexoinformativo.mx\/index.php\/2025\/04\/11\/mas-de-500-angeles-verdes-desplegados-inicia-operativo-vacacional-nacional\/","title":{"rendered":"M\u00e1s de 500 &#8220;\u00c1ngeles Verdes&#8221; desplegados inicia operativo vacacional Nacional"},"content":{"rendered":"<p style=\"text-align: justify;\" data-sourcepos=\"11:1-11:507\">La secretaria de Turismo del Gobierno de M\u00e9xico, Josefina Rodr\u00edguez Zamora, y el gobernador de Oaxaca, Salom\u00f3n Jara Cruz, encabezaron en Bah\u00edas de Huatulco el Banderazo Nacional del Operativo Vacacional Semana Santa 2025, que se llevar\u00e1 a cabo del 11 al 27 de abril.<\/p>\n<p>&nbsp;<\/p>\n<p style=\"text-align: justify;\" data-sourcepos=\"11:1-11:507\">Este esfuerzo coordinado entre los tres niveles de gobierno busca garantizar la seguridad y el bienestar de los turistas nacionales e internacionales que visiten el pa\u00eds durante este periodo vacacional.<\/p>\n<p>&nbsp;<\/p>\n<p style=\"text-align: justify;\" data-sourcepos=\"13:1-13:286\">Durante el evento, la titular de Sectur destac\u00f3 que este operativo refuerza la presencia de cuerpos de seguridad y servicios de emergencia como \u00c1ngeles Verdes, Cruz Roja Mexicana y Protecci\u00f3n Civil, para que los visitantes puedan viajar con tranquilidad por todo el territorio nacional.<\/p>\n<p>&nbsp;<\/p>\n<p style=\"text-align: justify;\" data-sourcepos=\"15:1-15:269\">Se inform\u00f3 que, a nivel nacional, se desplegar\u00e1n m\u00e1s de 200 unidades vehiculares de \u00c1ngeles Verdes, con un total de 559 servidoras y servidores p\u00fablicos, quienes se espera beneficien a 28 mil 416 turistas brindando asistencia vial y mec\u00e1nica en las carreteras del pa\u00eds.<\/p>\n<p>&nbsp;<\/p>\n<p style=\"text-align: justify;\" data-sourcepos=\"17:1-17:424\">En cuanto a Oaxaca, se estima una llegada de m\u00e1s de 140 mil turistas hospedados en hoteles, con una ocupaci\u00f3n promedio del 71 por ciento en sus principales destinos, generando una derrama econ\u00f3mica superior a los 5,800 mdp. La secretaria Rodr\u00edguez Zamora resalt\u00f3 que Bah\u00edas de Huatulco se encuentra entre los 10 destinos con mayor ocupaci\u00f3n hotelera proyectada a nivel nacional, superando el 85 por ciento.<\/p>\n<p>&nbsp;<\/p>\n<p style=\"text-align: justify;\" data-sourcepos=\"19:1-19:229\">Adem\u00e1s, se anunci\u00f3 la implementaci\u00f3n de un pol\u00edgono de turismo comunitario en la Sierra Ju\u00e1rez, siguiendo las instrucciones de la Presidenta Claudia Sheinbaum de que el turismo sea una herramienta de Prosperidad Compartida.<\/p>\n<p>&nbsp;<\/p>\n<p style=\"text-align: center;\" data-sourcepos=\"19:1-19:229\"><em><strong>\u00a1Informaci\u00f3n que transforma!<\/strong><\/em><\/p>\n","protected":false},"excerpt":{"rendered":"<p>La secretaria de Turismo del Gobierno de M\u00e9xico, Josefina Rodr\u00edguez Zamora, y el gobernador de Oaxaca, Salom\u00f3n Jara Cruz, encabezaron en Bah\u00edas de Huatulco el Banderazo Nacional del Operativo Vacacional Semana Santa 2025, que se llevar\u00e1 a cabo del 11 al 27 de abril.<\/p>\n","protected":false},"author":3,"featured_media":14004,"comment_status":"open","ping_status":"open","sticky":false,"template":"","format":"standard","meta":{"footnotes":""},"categories":[88,58],"tags":[2691,4093,4091,4092],"class_list":["post-14000","post","type-post","status-publish","format-standard","has-post-thumbnail","hentry","category-nacional","category-ultima-hora","tag-angelesverdes","tag-oaxaca","tag-operativosemanasanta","tag-turismoseguro"],"yoast_head":"<!-- This site is optimized with the Yoast SEO plugin v25.0 - https:\/\/yoast.com\/wordpress\/plugins\/seo\/ -->\n<title>M\u00e1s de 500 &quot;\u00c1ngeles Verdes&quot; desplegados inicia operativo vacacional Nacional | Nexo Informativo Santiago de Quer\u00e9taro<\/title>\n<meta name=\"description\" content=\"M\u00e1s de 500 &quot;\u00c1ngeles Verdes&quot; desplegados inicia operativo vacacional Nacional\" \/>\n<meta name=\"robots\" content=\"index, follow, max-snippet:-1, max-image-preview:large, max-video-preview:-1\" \/>\n<link rel=\"canonical\" href=\"https:\/\/www.nexoinformativo.mx\/index.php\/2025\/04\/11\/mas-de-500-angeles-verdes-desplegados-inicia-operativo-vacacional-nacional\/\" \/>\n<meta property=\"og:locale\" content=\"es_MX\" \/>\n<meta property=\"og:type\" content=\"article\" \/>\n<meta property=\"og:title\" content=\"M\u00e1s de 500 &quot;\u00c1ngeles Verdes&quot; desplegados inicia operativo vacacional Nacional | Nexo Informativo Santiago de Quer\u00e9taro\" \/>\n<meta property=\"og:description\" content=\"M\u00e1s de 500 &quot;\u00c1ngeles Verdes&quot; desplegados inicia operativo vacacional Nacional\" \/>\n<meta property=\"og:url\" content=\"https:\/\/www.nexoinformativo.mx\/index.php\/2025\/04\/11\/mas-de-500-angeles-verdes-desplegados-inicia-operativo-vacacional-nacional\/\" \/>\n<meta property=\"og:site_name\" content=\"Nexo Informativo Santiago de Quer\u00e9taro\" \/>\n<meta property=\"article:publisher\" content=\"https:\/\/www.facebook.com\/people\/Nexo-Informativo\/61564066885511\/\" \/>\n<meta property=\"article:published_time\" content=\"2025-04-11T13:00:50+00:00\" \/>\n<meta property=\"article:modified_time\" content=\"2025-04-11T17:20:59+00:00\" \/>\n<meta property=\"og:image\" content=\"https:\/\/www.nexoinformativo.mx\/wp-content\/uploads\/2025\/04\/IMG_2216-scaled-e1744392055496.jpg\" \/>\n\t<meta property=\"og:image:width\" content=\"800\" \/>\n\t<meta property=\"og:image:height\" content=\"533\" \/>\n\t<meta property=\"og:image:type\" content=\"image\/jpeg\" \/>\n<meta name=\"author\" content=\"Nexo Informativo\" \/>\n<meta name=\"twitter:card\" content=\"summary_large_image\" \/>\n<meta name=\"twitter:label1\" content=\"Escrito por\" \/>\n\t<meta name=\"twitter:data1\" content=\"Nexo Informativo\" \/>\n\t<meta name=\"twitter:label2\" content=\"Tiempo de lectura\" \/>\n\t<meta name=\"twitter:data2\" content=\"2 minutos\" \/>\n<script type=\"application\/ld+json\" class=\"yoast-schema-graph\">{\"@context\":\"https:\/\/schema.org\",\"@graph\":[{\"@type\":\"Article\",\"@id\":\"https:\/\/www.nexoinformativo.mx\/index.php\/2025\/04\/11\/mas-de-500-angeles-verdes-desplegados-inicia-operativo-vacacional-nacional\/#article\",\"isPartOf\":{\"@id\":\"https:\/\/www.nexoinformativo.mx\/index.php\/2025\/04\/11\/mas-de-500-angeles-verdes-desplegados-inicia-operativo-vacacional-nacional\/\"},\"author\":{\"name\":\"Nexo Informativo\",\"@id\":\"https:\/\/www.nexoinformativo.mx\/#\/schema\/person\/7749d380ba08c8ca00d7bc76fd907b7d\"},\"headline\":\"M\u00e1s de 500 &#8220;\u00c1ngeles Verdes&#8221; desplegados inicia operativo vacacional Nacional\",\"datePublished\":\"2025-04-11T13:00:50+00:00\",\"dateModified\":\"2025-04-11T17:20:59+00:00\",\"mainEntityOfPage\":{\"@id\":\"https:\/\/www.nexoinformativo.mx\/index.php\/2025\/04\/11\/mas-de-500-angeles-verdes-desplegados-inicia-operativo-vacacional-nacional\/\"},\"wordCount\":290,\"commentCount\":0,\"publisher\":{\"@id\":\"https:\/\/www.nexoinformativo.mx\/#organization\"},\"image\":{\"@id\":\"https:\/\/www.nexoinformativo.mx\/index.php\/2025\/04\/11\/mas-de-500-angeles-verdes-desplegados-inicia-operativo-vacacional-nacional\/#primaryimage\"},\"thumbnailUrl\":\"https:\/\/www.nexoinformativo.mx\/wp-content\/uploads\/2025\/04\/IMG_2216-scaled-e1744392055496.jpg\",\"keywords\":[\"\u00c1ngelesVerdes\",\"Oaxaca\",\"OperativoSemanaSanta\",\"TurismoSeguro\"],\"articleSection\":[\"Nacional\",\"\u00daltima Hora\"],\"inLanguage\":\"es\",\"potentialAction\":[{\"@type\":\"CommentAction\",\"name\":\"Comment\",\"target\":[\"https:\/\/www.nexoinformativo.mx\/index.php\/2025\/04\/11\/mas-de-500-angeles-verdes-desplegados-inicia-operativo-vacacional-nacional\/#respond\"]}]},{\"@type\":\"WebPage\",\"@id\":\"https:\/\/www.nexoinformativo.mx\/index.php\/2025\/04\/11\/mas-de-500-angeles-verdes-desplegados-inicia-operativo-vacacional-nacional\/\",\"url\":\"https:\/\/www.nexoinformativo.mx\/index.php\/2025\/04\/11\/mas-de-500-angeles-verdes-desplegados-inicia-operativo-vacacional-nacional\/\",\"name\":\"M\u00e1s de 500 \\\"\u00c1ngeles Verdes\\\" desplegados inicia operativo vacacional Nacional | Nexo Informativo Santiago de Quer\u00e9taro\",\"isPartOf\":{\"@id\":\"https:\/\/www.nexoinformativo.mx\/#website\"},\"primaryImageOfPage\":{\"@id\":\"https:\/\/www.nexoinformativo.mx\/index.php\/2025\/04\/11\/mas-de-500-angeles-verdes-desplegados-inicia-operativo-vacacional-nacional\/#primaryimage\"},\"image\":{\"@id\":\"https:\/\/www.nexoinformativo.mx\/index.php\/2025\/04\/11\/mas-de-500-angeles-verdes-desplegados-inicia-operativo-vacacional-nacional\/#primaryimage\"},\"thumbnailUrl\":\"https:\/\/www.nexoinformativo.mx\/wp-content\/uploads\/2025\/04\/IMG_2216-scaled-e1744392055496.jpg\",\"datePublished\":\"2025-04-11T13:00:50+00:00\",\"dateModified\":\"2025-04-11T17:20:59+00:00\",\"description\":\"M\u00e1s de 500 \\\"\u00c1ngeles Verdes\\\" desplegados inicia operativo vacacional Nacional\",\"breadcrumb\":{\"@id\":\"https:\/\/www.nexoinformativo.mx\/index.php\/2025\/04\/11\/mas-de-500-angeles-verdes-desplegados-inicia-operativo-vacacional-nacional\/#breadcrumb\"},\"inLanguage\":\"es\",\"potentialAction\":[{\"@type\":\"ReadAction\",\"target\":[\"https:\/\/www.nexoinformativo.mx\/index.php\/2025\/04\/11\/mas-de-500-angeles-verdes-desplegados-inicia-operativo-vacacional-nacional\/\"]}]},{\"@type\":\"ImageObject\",\"inLanguage\":\"es\",\"@id\":\"https:\/\/www.nexoinformativo.mx\/index.php\/2025\/04\/11\/mas-de-500-angeles-verdes-desplegados-inicia-operativo-vacacional-nacional\/#primaryimage\",\"url\":\"https:\/\/www.nexoinformativo.mx\/wp-content\/uploads\/2025\/04\/IMG_2216-scaled-e1744392055496.jpg\",\"contentUrl\":\"https:\/\/www.nexoinformativo.mx\/wp-content\/uploads\/2025\/04\/IMG_2216-scaled-e1744392055496.jpg\",\"width\":800,\"height\":533},{\"@type\":\"BreadcrumbList\",\"@id\":\"https:\/\/www.nexoinformativo.mx\/index.php\/2025\/04\/11\/mas-de-500-angeles-verdes-desplegados-inicia-operativo-vacacional-nacional\/#breadcrumb\",\"itemListElement\":[{\"@type\":\"ListItem\",\"position\":1,\"name\":\"Inicio\",\"item\":\"https:\/\/www.nexoinformativo.mx\/\"},{\"@type\":\"ListItem\",\"position\":2,\"name\":\"M\u00e1s de 500 &#8220;\u00c1ngeles Verdes&#8221; desplegados inicia operativo vacacional Nacional\"}]},{\"@type\":\"WebSite\",\"@id\":\"https:\/\/www.nexoinformativo.mx\/#website\",\"url\":\"https:\/\/www.nexoinformativo.mx\/\",\"name\":\"Nexo Informativo Santiago de Quer\u00e9taro\",\"description\":\"Explora NexoInformativo y convi\u00e9rtete en parte de una comunidad que valora el conocimiento y la verdad. Tu nexoinformativo es tu puente hacia una comprensi\u00f3n m\u00e1s profunda del mundo que te rodea.\",\"publisher\":{\"@id\":\"https:\/\/www.nexoinformativo.mx\/#organization\"},\"potentialAction\":[{\"@type\":\"SearchAction\",\"target\":{\"@type\":\"EntryPoint\",\"urlTemplate\":\"https:\/\/www.nexoinformativo.mx\/?s={search_term_string}\"},\"query-input\":{\"@type\":\"PropertyValueSpecification\",\"valueRequired\":true,\"valueName\":\"search_term_string\"}}],\"inLanguage\":\"es\"},{\"@type\":\"Organization\",\"@id\":\"https:\/\/www.nexoinformativo.mx\/#organization\",\"name\":\"Nexo Informativo Santiago de Quer\u00e9taro\",\"url\":\"https:\/\/www.nexoinformativo.mx\/\",\"logo\":{\"@type\":\"ImageObject\",\"inLanguage\":\"es\",\"@id\":\"https:\/\/www.nexoinformativo.mx\/#\/schema\/logo\/image\/\",\"url\":\"https:\/\/www.nexoinformativo.mx\/wp-content\/uploads\/2024\/07\/nexoi-trasparente-2.png\",\"contentUrl\":\"https:\/\/www.nexoinformativo.mx\/wp-content\/uploads\/2024\/07\/nexoi-trasparente-2.png\",\"width\":816,\"height\":339,\"caption\":\"Nexo Informativo Santiago de Quer\u00e9taro\"},\"image\":{\"@id\":\"https:\/\/www.nexoinformativo.mx\/#\/schema\/logo\/image\/\"},\"sameAs\":[\"https:\/\/www.facebook.com\/people\/Nexo-Informativo\/61564066885511\/\"]},{\"@type\":\"Person\",\"@id\":\"https:\/\/www.nexoinformativo.mx\/#\/schema\/person\/7749d380ba08c8ca00d7bc76fd907b7d\",\"name\":\"Nexo Informativo\",\"image\":{\"@type\":\"ImageObject\",\"inLanguage\":\"es\",\"@id\":\"https:\/\/www.nexoinformativo.mx\/#\/schema\/person\/image\/\",\"url\":\"https:\/\/secure.gravatar.com\/avatar\/dde2928154642a13d95f87ddf1ea9718fe2b46760a005c53e41ff5ad610704e6?s=96&d=mm&r=g\",\"contentUrl\":\"https:\/\/secure.gravatar.com\/avatar\/dde2928154642a13d95f87ddf1ea9718fe2b46760a005c53e41ff5ad610704e6?s=96&d=mm&r=g\",\"caption\":\"Nexo Informativo\"},\"url\":\"https:\/\/www.nexoinformativo.mx\/index.php\/author\/edicion\/\"}]}<\/script>\n<!-- \/ Yoast SEO plugin. -->","yoast_head_json":{"title":"M\u00e1s de 500 \"\u00c1ngeles Verdes\" desplegados inicia operativo vacacional Nacional | Nexo Informativo Santiago de Quer\u00e9taro","description":"M\u00e1s de 500 \"\u00c1ngeles Verdes\" desplegados inicia operativo vacacional Nacional","robots":{"index":"index","follow":"follow","max-snippet":"max-snippet:-1","max-image-preview":"max-image-preview:large","max-video-preview":"max-video-preview:-1"},"canonical":"https:\/\/www.nexoinformativo.mx\/index.php\/2025\/04\/11\/mas-de-500-angeles-verdes-desplegados-inicia-operativo-vacacional-nacional\/","og_locale":"es_MX","og_type":"article","og_title":"M\u00e1s de 500 \"\u00c1ngeles Verdes\" desplegados inicia operativo vacacional Nacional | Nexo Informativo Santiago de Quer\u00e9taro","og_description":"M\u00e1s de 500 \"\u00c1ngeles Verdes\" desplegados inicia operativo vacacional Nacional","og_url":"https:\/\/www.nexoinformativo.mx\/index.php\/2025\/04\/11\/mas-de-500-angeles-verdes-desplegados-inicia-operativo-vacacional-nacional\/","og_site_name":"Nexo Informativo Santiago de Quer\u00e9taro","article_publisher":"https:\/\/www.facebook.com\/people\/Nexo-Informativo\/61564066885511\/","article_published_time":"2025-04-11T13:00:50+00:00","article_modified_time":"2025-04-11T17:20:59+00:00","og_image":[{"width":800,"height":533,"url":"https:\/\/www.nexoinformativo.mx\/wp-content\/uploads\/2025\/04\/IMG_2216-scaled-e1744392055496.jpg","type":"image\/jpeg"}],"author":"Nexo Informativo","twitter_card":"summary_large_image","twitter_misc":{"Escrito por":"Nexo Informativo","Tiempo de lectura":"2 minutos"},"schema":{"@context":"https:\/\/schema.org","@graph":[{"@type":"Article","@id":"https:\/\/www.nexoinformativo.mx\/index.php\/2025\/04\/11\/mas-de-500-angeles-verdes-desplegados-inicia-operativo-vacacional-nacional\/#article","isPartOf":{"@id":"https:\/\/www.nexoinformativo.mx\/index.php\/2025\/04\/11\/mas-de-500-angeles-verdes-desplegados-inicia-operativo-vacacional-nacional\/"},"author":{"name":"Nexo Informativo","@id":"https:\/\/www.nexoinformativo.mx\/#\/schema\/person\/7749d380ba08c8ca00d7bc76fd907b7d"},"headline":"M\u00e1s de 500 &#8220;\u00c1ngeles Verdes&#8221; desplegados inicia operativo vacacional Nacional","datePublished":"2025-04-11T13:00:50+00:00","dateModified":"2025-04-11T17:20:59+00:00","mainEntityOfPage":{"@id":"https:\/\/www.nexoinformativo.mx\/index.php\/2025\/04\/11\/mas-de-500-angeles-verdes-desplegados-inicia-operativo-vacacional-nacional\/"},"wordCount":290,"commentCount":0,"publisher":{"@id":"https:\/\/www.nexoinformativo.mx\/#organization"},"image":{"@id":"https:\/\/www.nexoinformativo.mx\/index.php\/2025\/04\/11\/mas-de-500-angeles-verdes-desplegados-inicia-operativo-vacacional-nacional\/#primaryimage"},"thumbnailUrl":"https:\/\/www.nexoinformativo.mx\/wp-content\/uploads\/2025\/04\/IMG_2216-scaled-e1744392055496.jpg","keywords":["\u00c1ngelesVerdes","Oaxaca","OperativoSemanaSanta","TurismoSeguro"],"articleSection":["Nacional","\u00daltima Hora"],"inLanguage":"es","potentialAction":[{"@type":"CommentAction","name":"Comment","target":["https:\/\/www.nexoinformativo.mx\/index.php\/2025\/04\/11\/mas-de-500-angeles-verdes-desplegados-inicia-operativo-vacacional-nacional\/#respond"]}]},{"@type":"WebPage","@id":"https:\/\/www.nexoinformativo.mx\/index.php\/2025\/04\/11\/mas-de-500-angeles-verdes-desplegados-inicia-operativo-vacacional-nacional\/","url":"https:\/\/www.nexoinformativo.mx\/index.php\/2025\/04\/11\/mas-de-500-angeles-verdes-desplegados-inicia-operativo-vacacional-nacional\/","name":"M\u00e1s de 500 \"\u00c1ngeles Verdes\" desplegados inicia operativo vacacional Nacional | Nexo Informativo Santiago de Quer\u00e9taro","isPartOf":{"@id":"https:\/\/www.nexoinformativo.mx\/#website"},"primaryImageOfPage":{"@id":"https:\/\/www.nexoinformativo.mx\/index.php\/2025\/04\/11\/mas-de-500-angeles-verdes-desplegados-inicia-operativo-vacacional-nacional\/#primaryimage"},"image":{"@id":"https:\/\/www.nexoinformativo.mx\/index.php\/2025\/04\/11\/mas-de-500-angeles-verdes-desplegados-inicia-operativo-vacacional-nacional\/#primaryimage"},"thumbnailUrl":"https:\/\/www.nexoinformativo.mx\/wp-content\/uploads\/2025\/04\/IMG_2216-scaled-e1744392055496.jpg","datePublished":"2025-04-11T13:00:50+00:00","dateModified":"2025-04-11T17:20:59+00:00","description":"M\u00e1s de 500 \"\u00c1ngeles Verdes\" desplegados inicia operativo vacacional Nacional","breadcrumb":{"@id":"https:\/\/www.nexoinformativo.mx\/index.php\/2025\/04\/11\/mas-de-500-angeles-verdes-desplegados-inicia-operativo-vacacional-nacional\/#breadcrumb"},"inLanguage":"es","potentialAction":[{"@type":"ReadAction","target":["https:\/\/www.nexoinformativo.mx\/index.php\/2025\/04\/11\/mas-de-500-angeles-verdes-desplegados-inicia-operativo-vacacional-nacional\/"]}]},{"@type":"ImageObject","inLanguage":"es","@id":"https:\/\/www.nexoinformativo.mx\/index.php\/2025\/04\/11\/mas-de-500-angeles-verdes-desplegados-inicia-operativo-vacacional-nacional\/#primaryimage","url":"https:\/\/www.nexoinformativo.mx\/wp-content\/uploads\/2025\/04\/IMG_2216-scaled-e1744392055496.jpg","contentUrl":"https:\/\/www.nexoinformativo.mx\/wp-content\/uploads\/2025\/04\/IMG_2216-scaled-e1744392055496.jpg","width":800,"height":533},{"@type":"BreadcrumbList","@id":"https:\/\/www.nexoinformativo.mx\/index.php\/2025\/04\/11\/mas-de-500-angeles-verdes-desplegados-inicia-operativo-vacacional-nacional\/#breadcrumb","itemListElement":[{"@type":"ListItem","position":1,"name":"Inicio","item":"https:\/\/www.nexoinformativo.mx\/"},{"@type":"ListItem","position":2,"name":"M\u00e1s de 500 &#8220;\u00c1ngeles Verdes&#8221; desplegados inicia operativo vacacional Nacional"}]},{"@type":"WebSite","@id":"https:\/\/www.nexoinformativo.mx\/#website","url":"https:\/\/www.nexoinformativo.mx\/","name":"Nexo Informativo Santiago de Quer\u00e9taro","description":"Explora NexoInformativo y convi\u00e9rtete en parte de una comunidad que valora el conocimiento y la verdad. Tu nexoinformativo es tu puente hacia una comprensi\u00f3n m\u00e1s profunda del mundo que te rodea.","publisher":{"@id":"https:\/\/www.nexoinformativo.mx\/#organization"},"potentialAction":[{"@type":"SearchAction","target":{"@type":"EntryPoint","urlTemplate":"https:\/\/www.nexoinformativo.mx\/?s={search_term_string}"},"query-input":{"@type":"PropertyValueSpecification","valueRequired":true,"valueName":"search_term_string"}}],"inLanguage":"es"},{"@type":"Organization","@id":"https:\/\/www.nexoinformativo.mx\/#organization","name":"Nexo Informativo Santiago de Quer\u00e9taro","url":"https:\/\/www.nexoinformativo.mx\/","logo":{"@type":"ImageObject","inLanguage":"es","@id":"https:\/\/www.nexoinformativo.mx\/#\/schema\/logo\/image\/","url":"https:\/\/www.nexoinformativo.mx\/wp-content\/uploads\/2024\/07\/nexoi-trasparente-2.png","contentUrl":"https:\/\/www.nexoinformativo.mx\/wp-content\/uploads\/2024\/07\/nexoi-trasparente-2.png","width":816,"height":339,"caption":"Nexo Informativo Santiago de Quer\u00e9taro"},"image":{"@id":"https:\/\/www.nexoinformativo.mx\/#\/schema\/logo\/image\/"},"sameAs":["https:\/\/www.facebook.com\/people\/Nexo-Informativo\/61564066885511\/"]},{"@type":"Person","@id":"https:\/\/www.nexoinformativo.mx\/#\/schema\/person\/7749d380ba08c8ca00d7bc76fd907b7d","name":"Nexo Informativo","image":{"@type":"ImageObject","inLanguage":"es","@id":"https:\/\/www.nexoinformativo.mx\/#\/schema\/person\/image\/","url":"https:\/\/secure.gravatar.com\/avatar\/dde2928154642a13d95f87ddf1ea9718fe2b46760a005c53e41ff5ad610704e6?s=96&d=mm&r=g","contentUrl":"https:\/\/secure.gravatar.com\/avatar\/dde2928154642a13d95f87ddf1ea9718fe2b46760a005c53e41ff5ad610704e6?s=96&d=mm&r=g","caption":"Nexo Informativo"},"url":"https:\/\/www.nexoinformativo.mx\/index.php\/author\/edicion\/"}]}},"_links":{"self":[{"href":"https:\/\/www.nexoinformativo.mx\/index.php\/wp-json\/wp\/v2\/posts\/14000","targetHints":{"allow":["GET"]}}],"collection":[{"href":"https:\/\/www.nexoinformativo.mx\/index.php\/wp-json\/wp\/v2\/posts"}],"about":[{"href":"https:\/\/www.nexoinformativo.mx\/index.php\/wp-json\/wp\/v2\/types\/post"}],"author":[{"embeddable":true,"href":"https:\/\/www.nexoinformativo.mx\/index.php\/wp-json\/wp\/v2\/users\/3"}],"replies":[{"embeddable":true,"href":"https:\/\/www.nexoinformativo.mx\/index.php\/wp-json\/wp\/v2\/comments?post=14000"}],"version-history":[{"count":4,"href":"https:\/\/www.nexoinformativo.mx\/index.php\/wp-json\/wp\/v2\/posts\/14000\/revisions"}],"predecessor-version":[{"id":14003,"href":"https:\/\/www.nexoinformativo.mx\/index.php\/wp-json\/wp\/v2\/posts\/14000\/revisions\/14003"}],"wp:featuredmedia":[{"embeddable":true,"href":"https:\/\/www.nexoinformativo.mx\/index.php\/wp-json\/wp\/v2\/media\/14004"}],"wp:attachment":[{"href":"https:\/\/www.nexoinformativo.mx\/index.php\/wp-json\/wp\/v2\/media?parent=14000"}],"wp:term":[{"taxonomy":"category","embeddable":true,"href":"https:\/\/www.nexoinformativo.mx\/index.php\/wp-json\/wp\/v2\/categories?post=14000"},{"taxonomy":"post_tag","embeddable":true,"href":"https:\/\/www.nexoinformativo.mx\/index.php\/wp-json\/wp\/v2\/tags?post=14000"}],"curies":[{"name":"wp","href":"https:\/\/api.w.org\/{rel}","templated":true}]}}