{"id":14006,"date":"2025-04-11T08:00:14","date_gmt":"2025-04-11T14:00:14","guid":{"rendered":"https:\/\/www.nexoinformativo.mx\/?p=14006"},"modified":"2025-04-11T11:27:41","modified_gmt":"2025-04-11T17:27:41","slug":"mujeres-que-hicieron-patria-sep-resalta-la-herencia-de-leona-vicario-en-la-lucha-por-la-independencia","status":"publish","type":"post","link":"https:\/\/www.nexoinformativo.mx\/index.php\/2025\/04\/11\/mujeres-que-hicieron-patria-sep-resalta-la-herencia-de-leona-vicario-en-la-lucha-por-la-independencia\/","title":{"rendered":"Mujeres que hicieron Patria SEP resalta la herencia de Leona Vicario en la lucha por la Independencia"},"content":{"rendered":"<p style=\"text-align: justify;\" data-sourcepos=\"11:1-11:398\">La participaci\u00f3n activa de las mujeres en los procesos hist\u00f3ricos de M\u00e9xico es la mejor herencia de Leona Vicario, afirm\u00f3 la subsecretaria de Educaci\u00f3n B\u00e1sica, Ang\u00e9lica Noem\u00ed Ju\u00e1rez P\u00e9rez, durante la presentaci\u00f3n de la secci\u00f3n <strong>\u201cMujeres en la historia\u201d<\/strong> en la conferencia de prensa matutina \u201cLa ma\u00f1anera del pueblo\u201d, encabezada por la Presidenta.<\/p>\n<\/p>\n<p>&nbsp;<\/p>\n<p style=\"text-align: justify;\" data-sourcepos=\"13:1-13:238\">Ju\u00e1rez P\u00e9rez destac\u00f3 que Leona Vicario es un ejemplo a seguir, ya que, a pesar de provenir de una familia privilegiada en la Nueva Espa\u00f1a, entreg\u00f3 su vida y recursos a la causa independentista y a la lucha por la autonom\u00eda de las mujeres.<\/p>\n<\/p>\n<p>&nbsp;<\/p>\n<p style=\"text-align: justify;\" data-sourcepos=\"15:1-15:304\">En una c\u00e1psula informativa, se record\u00f3 el nacimiento de Mar\u00eda de la Soledad Leona Camila Vicario Fern\u00e1ndez de San Salvador el 10 de abril de 1789. Se detall\u00f3 c\u00f3mo su educaci\u00f3n privilegiada le permiti\u00f3 crear un c\u00f3digo secreto basado en personajes de libros para enviar mensajes cifrados a los insurgentes.<\/p>\n<\/p>\n<p>&nbsp;<\/p>\n<p style=\"text-align: justify;\" data-sourcepos=\"17:1-17:346\">Leona Vicario se uni\u00f3 a la agrupaci\u00f3n secreta <strong>\u201cLos Guadalupes\u201d<\/strong> tras la represi\u00f3n del movimiento criollo en 1808. Aprovechando su posici\u00f3n social, colabor\u00f3 como esp\u00eda y correo, difundiendo las ideas de libertad. Tras el llamado de Miguel Hidalgo en 1810, aport\u00f3 recursos econ\u00f3micos para la lucha armada y la edici\u00f3n de peri\u00f3dicos independentistas.<\/p>\n<\/p>\n<p>&nbsp;<\/p>\n<p style=\"text-align: justify;\" data-sourcepos=\"19:1-19:306\">En 1813, fue detenida y encarcelada, pero nunca delat\u00f3 a sus compa\u00f1eros. Tras escapar, se uni\u00f3 a la insurgencia de Jos\u00e9 Mar\u00eda Morelos en Oaxaca, donde se cas\u00f3 con Andr\u00e9s Quintana Roo. A pesar de las dificultades y la persecuci\u00f3n, Leona Vicario continu\u00f3 su lucha, incluso dando a luz a su hija en una cueva.<\/p>\n<\/p>\n<p>&nbsp;<\/p>\n<p style=\"text-align: center;\" data-sourcepos=\"19:1-19:306\"><em><strong>\u00a1Informaci\u00f3n que transforma!<\/strong><\/em><\/p>\n","protected":false},"excerpt":{"rendered":"<p>La participaci\u00f3n activa de las mujeres en los procesos hist\u00f3ricos de M\u00e9xico es la mejor herencia de Leona Vicario, afirm\u00f3 la subsecretaria de Educaci\u00f3n B\u00e1sica, Ang\u00e9lica Noem\u00ed Ju\u00e1rez P\u00e9rez, durante la presentaci\u00f3n de la secci\u00f3n \u201cMujeres en la historia\u201d en la conferencia de prensa matutina \u201cLa ma\u00f1anera del pueblo\u201d, encabezada por la Presidenta.<\/p>\n","protected":false},"author":3,"featured_media":14007,"comment_status":"open","ping_status":"open","sticky":false,"template":"","format":"standard","meta":{"footnotes":""},"categories":[88,58],"tags":[4095,4094,2760,538],"class_list":["post-14006","post","type-post","status-publish","format-standard","has-post-thumbnail","hentry","category-nacional","category-ultima-hora","tag-independenciamexico","tag-leonavicario","tag-mujeresenlahistoria","tag-sep"],"yoast_head":"<!-- This site is optimized with the Yoast SEO plugin v25.0 - https:\/\/yoast.com\/wordpress\/plugins\/seo\/ -->\n<title>Mujeres que hicieron Patria SEP resalta la herencia de Leona Vicario en la lucha por la Independencia | Nexo Informativo Santiago de Quer\u00e9taro<\/title>\n<meta name=\"description\" content=\"Mujeres que hicieron Patria SEP resalta la herencia de Leona Vicario en la lucha por la Independencia\" \/>\n<meta name=\"robots\" content=\"index, follow, max-snippet:-1, max-image-preview:large, max-video-preview:-1\" \/>\n<link rel=\"canonical\" href=\"https:\/\/www.nexoinformativo.mx\/index.php\/2025\/04\/11\/mujeres-que-hicieron-patria-sep-resalta-la-herencia-de-leona-vicario-en-la-lucha-por-la-independencia\/\" \/>\n<meta property=\"og:locale\" content=\"es_MX\" \/>\n<meta property=\"og:type\" content=\"article\" \/>\n<meta property=\"og:title\" content=\"Mujeres que hicieron Patria SEP resalta la herencia de Leona Vicario en la lucha por la Independencia | Nexo Informativo Santiago de Quer\u00e9taro\" \/>\n<meta property=\"og:description\" content=\"Mujeres que hicieron Patria SEP resalta la herencia de Leona Vicario en la lucha por la Independencia\" \/>\n<meta property=\"og:url\" content=\"https:\/\/www.nexoinformativo.mx\/index.php\/2025\/04\/11\/mujeres-que-hicieron-patria-sep-resalta-la-herencia-de-leona-vicario-en-la-lucha-por-la-independencia\/\" \/>\n<meta property=\"og:site_name\" content=\"Nexo Informativo Santiago de Quer\u00e9taro\" \/>\n<meta property=\"article:publisher\" content=\"https:\/\/www.facebook.com\/people\/Nexo-Informativo\/61564066885511\/\" \/>\n<meta property=\"article:published_time\" content=\"2025-04-11T14:00:14+00:00\" \/>\n<meta property=\"article:modified_time\" content=\"2025-04-11T17:27:41+00:00\" \/>\n<meta property=\"og:image\" content=\"https:\/\/www.nexoinformativo.mx\/wp-content\/uploads\/2025\/04\/IMG_2217-e1744392414470.jpg\" \/>\n\t<meta property=\"og:image:width\" content=\"647\" \/>\n\t<meta property=\"og:image:height\" content=\"369\" \/>\n\t<meta property=\"og:image:type\" content=\"image\/jpeg\" \/>\n<meta name=\"author\" content=\"Nexo Informativo\" \/>\n<meta name=\"twitter:card\" content=\"summary_large_image\" \/>\n<meta name=\"twitter:label1\" content=\"Escrito por\" \/>\n\t<meta name=\"twitter:data1\" content=\"Nexo Informativo\" \/>\n\t<meta name=\"twitter:label2\" content=\"Tiempo de lectura\" \/>\n\t<meta name=\"twitter:data2\" content=\"2 minutos\" \/>\n<script type=\"application\/ld+json\" class=\"yoast-schema-graph\">{\"@context\":\"https:\/\/schema.org\",\"@graph\":[{\"@type\":\"Article\",\"@id\":\"https:\/\/www.nexoinformativo.mx\/index.php\/2025\/04\/11\/mujeres-que-hicieron-patria-sep-resalta-la-herencia-de-leona-vicario-en-la-lucha-por-la-independencia\/#article\",\"isPartOf\":{\"@id\":\"https:\/\/www.nexoinformativo.mx\/index.php\/2025\/04\/11\/mujeres-que-hicieron-patria-sep-resalta-la-herencia-de-leona-vicario-en-la-lucha-por-la-independencia\/\"},\"author\":{\"name\":\"Nexo Informativo\",\"@id\":\"https:\/\/www.nexoinformativo.mx\/#\/schema\/person\/7749d380ba08c8ca00d7bc76fd907b7d\"},\"headline\":\"Mujeres que hicieron Patria SEP resalta la herencia de Leona Vicario en la lucha por la Independencia\",\"datePublished\":\"2025-04-11T14:00:14+00:00\",\"dateModified\":\"2025-04-11T17:27:41+00:00\",\"mainEntityOfPage\":{\"@id\":\"https:\/\/www.nexoinformativo.mx\/index.php\/2025\/04\/11\/mujeres-que-hicieron-patria-sep-resalta-la-herencia-de-leona-vicario-en-la-lucha-por-la-independencia\/\"},\"wordCount\":308,\"commentCount\":0,\"publisher\":{\"@id\":\"https:\/\/www.nexoinformativo.mx\/#organization\"},\"image\":{\"@id\":\"https:\/\/www.nexoinformativo.mx\/index.php\/2025\/04\/11\/mujeres-que-hicieron-patria-sep-resalta-la-herencia-de-leona-vicario-en-la-lucha-por-la-independencia\/#primaryimage\"},\"thumbnailUrl\":\"https:\/\/www.nexoinformativo.mx\/wp-content\/uploads\/2025\/04\/IMG_2217-e1744392414470.jpg\",\"keywords\":[\"IndependenciaM\u00e9xico\",\"LeonaVicario\",\"MujeresEnLaHistoria\",\"SEP\"],\"articleSection\":[\"Nacional\",\"\u00daltima Hora\"],\"inLanguage\":\"es\",\"potentialAction\":[{\"@type\":\"CommentAction\",\"name\":\"Comment\",\"target\":[\"https:\/\/www.nexoinformativo.mx\/index.php\/2025\/04\/11\/mujeres-que-hicieron-patria-sep-resalta-la-herencia-de-leona-vicario-en-la-lucha-por-la-independencia\/#respond\"]}]},{\"@type\":\"WebPage\",\"@id\":\"https:\/\/www.nexoinformativo.mx\/index.php\/2025\/04\/11\/mujeres-que-hicieron-patria-sep-resalta-la-herencia-de-leona-vicario-en-la-lucha-por-la-independencia\/\",\"url\":\"https:\/\/www.nexoinformativo.mx\/index.php\/2025\/04\/11\/mujeres-que-hicieron-patria-sep-resalta-la-herencia-de-leona-vicario-en-la-lucha-por-la-independencia\/\",\"name\":\"Mujeres que hicieron Patria SEP resalta la herencia de Leona Vicario en la lucha por la Independencia | Nexo Informativo Santiago de Quer\u00e9taro\",\"isPartOf\":{\"@id\":\"https:\/\/www.nexoinformativo.mx\/#website\"},\"primaryImageOfPage\":{\"@id\":\"https:\/\/www.nexoinformativo.mx\/index.php\/2025\/04\/11\/mujeres-que-hicieron-patria-sep-resalta-la-herencia-de-leona-vicario-en-la-lucha-por-la-independencia\/#primaryimage\"},\"image\":{\"@id\":\"https:\/\/www.nexoinformativo.mx\/index.php\/2025\/04\/11\/mujeres-que-hicieron-patria-sep-resalta-la-herencia-de-leona-vicario-en-la-lucha-por-la-independencia\/#primaryimage\"},\"thumbnailUrl\":\"https:\/\/www.nexoinformativo.mx\/wp-content\/uploads\/2025\/04\/IMG_2217-e1744392414470.jpg\",\"datePublished\":\"2025-04-11T14:00:14+00:00\",\"dateModified\":\"2025-04-11T17:27:41+00:00\",\"description\":\"Mujeres que hicieron Patria SEP resalta la herencia de Leona Vicario en la lucha por la Independencia\",\"breadcrumb\":{\"@id\":\"https:\/\/www.nexoinformativo.mx\/index.php\/2025\/04\/11\/mujeres-que-hicieron-patria-sep-resalta-la-herencia-de-leona-vicario-en-la-lucha-por-la-independencia\/#breadcrumb\"},\"inLanguage\":\"es\",\"potentialAction\":[{\"@type\":\"ReadAction\",\"target\":[\"https:\/\/www.nexoinformativo.mx\/index.php\/2025\/04\/11\/mujeres-que-hicieron-patria-sep-resalta-la-herencia-de-leona-vicario-en-la-lucha-por-la-independencia\/\"]}]},{\"@type\":\"ImageObject\",\"inLanguage\":\"es\",\"@id\":\"https:\/\/www.nexoinformativo.mx\/index.php\/2025\/04\/11\/mujeres-que-hicieron-patria-sep-resalta-la-herencia-de-leona-vicario-en-la-lucha-por-la-independencia\/#primaryimage\",\"url\":\"https:\/\/www.nexoinformativo.mx\/wp-content\/uploads\/2025\/04\/IMG_2217-e1744392414470.jpg\",\"contentUrl\":\"https:\/\/www.nexoinformativo.mx\/wp-content\/uploads\/2025\/04\/IMG_2217-e1744392414470.jpg\",\"width\":647,\"height\":369},{\"@type\":\"BreadcrumbList\",\"@id\":\"https:\/\/www.nexoinformativo.mx\/index.php\/2025\/04\/11\/mujeres-que-hicieron-patria-sep-resalta-la-herencia-de-leona-vicario-en-la-lucha-por-la-independencia\/#breadcrumb\",\"itemListElement\":[{\"@type\":\"ListItem\",\"position\":1,\"name\":\"Inicio\",\"item\":\"https:\/\/www.nexoinformativo.mx\/\"},{\"@type\":\"ListItem\",\"position\":2,\"name\":\"Mujeres que hicieron Patria SEP resalta la herencia de Leona Vicario en la lucha por la Independencia\"}]},{\"@type\":\"WebSite\",\"@id\":\"https:\/\/www.nexoinformativo.mx\/#website\",\"url\":\"https:\/\/www.nexoinformativo.mx\/\",\"name\":\"Nexo Informativo Santiago de Quer\u00e9taro\",\"description\":\"Explora NexoInformativo y convi\u00e9rtete en parte de una comunidad que valora el conocimiento y la verdad. Tu nexoinformativo es tu puente hacia una comprensi\u00f3n m\u00e1s profunda del mundo que te rodea.\",\"publisher\":{\"@id\":\"https:\/\/www.nexoinformativo.mx\/#organization\"},\"potentialAction\":[{\"@type\":\"SearchAction\",\"target\":{\"@type\":\"EntryPoint\",\"urlTemplate\":\"https:\/\/www.nexoinformativo.mx\/?s={search_term_string}\"},\"query-input\":{\"@type\":\"PropertyValueSpecification\",\"valueRequired\":true,\"valueName\":\"search_term_string\"}}],\"inLanguage\":\"es\"},{\"@type\":\"Organization\",\"@id\":\"https:\/\/www.nexoinformativo.mx\/#organization\",\"name\":\"Nexo Informativo Santiago de Quer\u00e9taro\",\"url\":\"https:\/\/www.nexoinformativo.mx\/\",\"logo\":{\"@type\":\"ImageObject\",\"inLanguage\":\"es\",\"@id\":\"https:\/\/www.nexoinformativo.mx\/#\/schema\/logo\/image\/\",\"url\":\"https:\/\/www.nexoinformativo.mx\/wp-content\/uploads\/2024\/07\/nexoi-trasparente-2.png\",\"contentUrl\":\"https:\/\/www.nexoinformativo.mx\/wp-content\/uploads\/2024\/07\/nexoi-trasparente-2.png\",\"width\":816,\"height\":339,\"caption\":\"Nexo Informativo Santiago de Quer\u00e9taro\"},\"image\":{\"@id\":\"https:\/\/www.nexoinformativo.mx\/#\/schema\/logo\/image\/\"},\"sameAs\":[\"https:\/\/www.facebook.com\/people\/Nexo-Informativo\/61564066885511\/\"]},{\"@type\":\"Person\",\"@id\":\"https:\/\/www.nexoinformativo.mx\/#\/schema\/person\/7749d380ba08c8ca00d7bc76fd907b7d\",\"name\":\"Nexo Informativo\",\"image\":{\"@type\":\"ImageObject\",\"inLanguage\":\"es\",\"@id\":\"https:\/\/www.nexoinformativo.mx\/#\/schema\/person\/image\/\",\"url\":\"https:\/\/secure.gravatar.com\/avatar\/dde2928154642a13d95f87ddf1ea9718fe2b46760a005c53e41ff5ad610704e6?s=96&d=mm&r=g\",\"contentUrl\":\"https:\/\/secure.gravatar.com\/avatar\/dde2928154642a13d95f87ddf1ea9718fe2b46760a005c53e41ff5ad610704e6?s=96&d=mm&r=g\",\"caption\":\"Nexo Informativo\"},\"url\":\"https:\/\/www.nexoinformativo.mx\/index.php\/author\/edicion\/\"}]}<\/script>\n<!-- \/ Yoast SEO plugin. -->","yoast_head_json":{"title":"Mujeres que hicieron Patria SEP resalta la herencia de Leona Vicario en la lucha por la Independencia | Nexo Informativo Santiago de Quer\u00e9taro","description":"Mujeres que hicieron Patria SEP resalta la herencia de Leona Vicario en la lucha por la Independencia","robots":{"index":"index","follow":"follow","max-snippet":"max-snippet:-1","max-image-preview":"max-image-preview:large","max-video-preview":"max-video-preview:-1"},"canonical":"https:\/\/www.nexoinformativo.mx\/index.php\/2025\/04\/11\/mujeres-que-hicieron-patria-sep-resalta-la-herencia-de-leona-vicario-en-la-lucha-por-la-independencia\/","og_locale":"es_MX","og_type":"article","og_title":"Mujeres que hicieron Patria SEP resalta la herencia de Leona Vicario en la lucha por la Independencia | Nexo Informativo Santiago de Quer\u00e9taro","og_description":"Mujeres que hicieron Patria SEP resalta la herencia de Leona Vicario en la lucha por la Independencia","og_url":"https:\/\/www.nexoinformativo.mx\/index.php\/2025\/04\/11\/mujeres-que-hicieron-patria-sep-resalta-la-herencia-de-leona-vicario-en-la-lucha-por-la-independencia\/","og_site_name":"Nexo Informativo Santiago de Quer\u00e9taro","article_publisher":"https:\/\/www.facebook.com\/people\/Nexo-Informativo\/61564066885511\/","article_published_time":"2025-04-11T14:00:14+00:00","article_modified_time":"2025-04-11T17:27:41+00:00","og_image":[{"width":647,"height":369,"url":"https:\/\/www.nexoinformativo.mx\/wp-content\/uploads\/2025\/04\/IMG_2217-e1744392414470.jpg","type":"image\/jpeg"}],"author":"Nexo Informativo","twitter_card":"summary_large_image","twitter_misc":{"Escrito por":"Nexo Informativo","Tiempo de lectura":"2 minutos"},"schema":{"@context":"https:\/\/schema.org","@graph":[{"@type":"Article","@id":"https:\/\/www.nexoinformativo.mx\/index.php\/2025\/04\/11\/mujeres-que-hicieron-patria-sep-resalta-la-herencia-de-leona-vicario-en-la-lucha-por-la-independencia\/#article","isPartOf":{"@id":"https:\/\/www.nexoinformativo.mx\/index.php\/2025\/04\/11\/mujeres-que-hicieron-patria-sep-resalta-la-herencia-de-leona-vicario-en-la-lucha-por-la-independencia\/"},"author":{"name":"Nexo Informativo","@id":"https:\/\/www.nexoinformativo.mx\/#\/schema\/person\/7749d380ba08c8ca00d7bc76fd907b7d"},"headline":"Mujeres que hicieron Patria SEP resalta la herencia de Leona Vicario en la lucha por la Independencia","datePublished":"2025-04-11T14:00:14+00:00","dateModified":"2025-04-11T17:27:41+00:00","mainEntityOfPage":{"@id":"https:\/\/www.nexoinformativo.mx\/index.php\/2025\/04\/11\/mujeres-que-hicieron-patria-sep-resalta-la-herencia-de-leona-vicario-en-la-lucha-por-la-independencia\/"},"wordCount":308,"commentCount":0,"publisher":{"@id":"https:\/\/www.nexoinformativo.mx\/#organization"},"image":{"@id":"https:\/\/www.nexoinformativo.mx\/index.php\/2025\/04\/11\/mujeres-que-hicieron-patria-sep-resalta-la-herencia-de-leona-vicario-en-la-lucha-por-la-independencia\/#primaryimage"},"thumbnailUrl":"https:\/\/www.nexoinformativo.mx\/wp-content\/uploads\/2025\/04\/IMG_2217-e1744392414470.jpg","keywords":["IndependenciaM\u00e9xico","LeonaVicario","MujeresEnLaHistoria","SEP"],"articleSection":["Nacional","\u00daltima Hora"],"inLanguage":"es","potentialAction":[{"@type":"CommentAction","name":"Comment","target":["https:\/\/www.nexoinformativo.mx\/index.php\/2025\/04\/11\/mujeres-que-hicieron-patria-sep-resalta-la-herencia-de-leona-vicario-en-la-lucha-por-la-independencia\/#respond"]}]},{"@type":"WebPage","@id":"https:\/\/www.nexoinformativo.mx\/index.php\/2025\/04\/11\/mujeres-que-hicieron-patria-sep-resalta-la-herencia-de-leona-vicario-en-la-lucha-por-la-independencia\/","url":"https:\/\/www.nexoinformativo.mx\/index.php\/2025\/04\/11\/mujeres-que-hicieron-patria-sep-resalta-la-herencia-de-leona-vicario-en-la-lucha-por-la-independencia\/","name":"Mujeres que hicieron Patria SEP resalta la herencia de Leona Vicario en la lucha por la Independencia | Nexo Informativo Santiago de Quer\u00e9taro","isPartOf":{"@id":"https:\/\/www.nexoinformativo.mx\/#website"},"primaryImageOfPage":{"@id":"https:\/\/www.nexoinformativo.mx\/index.php\/2025\/04\/11\/mujeres-que-hicieron-patria-sep-resalta-la-herencia-de-leona-vicario-en-la-lucha-por-la-independencia\/#primaryimage"},"image":{"@id":"https:\/\/www.nexoinformativo.mx\/index.php\/2025\/04\/11\/mujeres-que-hicieron-patria-sep-resalta-la-herencia-de-leona-vicario-en-la-lucha-por-la-independencia\/#primaryimage"},"thumbnailUrl":"https:\/\/www.nexoinformativo.mx\/wp-content\/uploads\/2025\/04\/IMG_2217-e1744392414470.jpg","datePublished":"2025-04-11T14:00:14+00:00","dateModified":"2025-04-11T17:27:41+00:00","description":"Mujeres que hicieron Patria SEP resalta la herencia de Leona Vicario en la lucha por la Independencia","breadcrumb":{"@id":"https:\/\/www.nexoinformativo.mx\/index.php\/2025\/04\/11\/mujeres-que-hicieron-patria-sep-resalta-la-herencia-de-leona-vicario-en-la-lucha-por-la-independencia\/#breadcrumb"},"inLanguage":"es","potentialAction":[{"@type":"ReadAction","target":["https:\/\/www.nexoinformativo.mx\/index.php\/2025\/04\/11\/mujeres-que-hicieron-patria-sep-resalta-la-herencia-de-leona-vicario-en-la-lucha-por-la-independencia\/"]}]},{"@type":"ImageObject","inLanguage":"es","@id":"https:\/\/www.nexoinformativo.mx\/index.php\/2025\/04\/11\/mujeres-que-hicieron-patria-sep-resalta-la-herencia-de-leona-vicario-en-la-lucha-por-la-independencia\/#primaryimage","url":"https:\/\/www.nexoinformativo.mx\/wp-content\/uploads\/2025\/04\/IMG_2217-e1744392414470.jpg","contentUrl":"https:\/\/www.nexoinformativo.mx\/wp-content\/uploads\/2025\/04\/IMG_2217-e1744392414470.jpg","width":647,"height":369},{"@type":"BreadcrumbList","@id":"https:\/\/www.nexoinformativo.mx\/index.php\/2025\/04\/11\/mujeres-que-hicieron-patria-sep-resalta-la-herencia-de-leona-vicario-en-la-lucha-por-la-independencia\/#breadcrumb","itemListElement":[{"@type":"ListItem","position":1,"name":"Inicio","item":"https:\/\/www.nexoinformativo.mx\/"},{"@type":"ListItem","position":2,"name":"Mujeres que hicieron Patria SEP resalta la herencia de Leona Vicario en la lucha por la Independencia"}]},{"@type":"WebSite","@id":"https:\/\/www.nexoinformativo.mx\/#website","url":"https:\/\/www.nexoinformativo.mx\/","name":"Nexo Informativo Santiago de Quer\u00e9taro","description":"Explora NexoInformativo y convi\u00e9rtete en parte de una comunidad que valora el conocimiento y la verdad. Tu nexoinformativo es tu puente hacia una comprensi\u00f3n m\u00e1s profunda del mundo que te rodea.","publisher":{"@id":"https:\/\/www.nexoinformativo.mx\/#organization"},"potentialAction":[{"@type":"SearchAction","target":{"@type":"EntryPoint","urlTemplate":"https:\/\/www.nexoinformativo.mx\/?s={search_term_string}"},"query-input":{"@type":"PropertyValueSpecification","valueRequired":true,"valueName":"search_term_string"}}],"inLanguage":"es"},{"@type":"Organization","@id":"https:\/\/www.nexoinformativo.mx\/#organization","name":"Nexo Informativo Santiago de Quer\u00e9taro","url":"https:\/\/www.nexoinformativo.mx\/","logo":{"@type":"ImageObject","inLanguage":"es","@id":"https:\/\/www.nexoinformativo.mx\/#\/schema\/logo\/image\/","url":"https:\/\/www.nexoinformativo.mx\/wp-content\/uploads\/2024\/07\/nexoi-trasparente-2.png","contentUrl":"https:\/\/www.nexoinformativo.mx\/wp-content\/uploads\/2024\/07\/nexoi-trasparente-2.png","width":816,"height":339,"caption":"Nexo Informativo Santiago de Quer\u00e9taro"},"image":{"@id":"https:\/\/www.nexoinformativo.mx\/#\/schema\/logo\/image\/"},"sameAs":["https:\/\/www.facebook.com\/people\/Nexo-Informativo\/61564066885511\/"]},{"@type":"Person","@id":"https:\/\/www.nexoinformativo.mx\/#\/schema\/person\/7749d380ba08c8ca00d7bc76fd907b7d","name":"Nexo Informativo","image":{"@type":"ImageObject","inLanguage":"es","@id":"https:\/\/www.nexoinformativo.mx\/#\/schema\/person\/image\/","url":"https:\/\/secure.gravatar.com\/avatar\/dde2928154642a13d95f87ddf1ea9718fe2b46760a005c53e41ff5ad610704e6?s=96&d=mm&r=g","contentUrl":"https:\/\/secure.gravatar.com\/avatar\/dde2928154642a13d95f87ddf1ea9718fe2b46760a005c53e41ff5ad610704e6?s=96&d=mm&r=g","caption":"Nexo Informativo"},"url":"https:\/\/www.nexoinformativo.mx\/index.php\/author\/edicion\/"}]}},"_links":{"self":[{"href":"https:\/\/www.nexoinformativo.mx\/index.php\/wp-json\/wp\/v2\/posts\/14006","targetHints":{"allow":["GET"]}}],"collection":[{"href":"https:\/\/www.nexoinformativo.mx\/index.php\/wp-json\/wp\/v2\/posts"}],"about":[{"href":"https:\/\/www.nexoinformativo.mx\/index.php\/wp-json\/wp\/v2\/types\/post"}],"author":[{"embeddable":true,"href":"https:\/\/www.nexoinformativo.mx\/index.php\/wp-json\/wp\/v2\/users\/3"}],"replies":[{"embeddable":true,"href":"https:\/\/www.nexoinformativo.mx\/index.php\/wp-json\/wp\/v2\/comments?post=14006"}],"version-history":[{"count":3,"href":"https:\/\/www.nexoinformativo.mx\/index.php\/wp-json\/wp\/v2\/posts\/14006\/revisions"}],"predecessor-version":[{"id":14010,"href":"https:\/\/www.nexoinformativo.mx\/index.php\/wp-json\/wp\/v2\/posts\/14006\/revisions\/14010"}],"wp:featuredmedia":[{"embeddable":true,"href":"https:\/\/www.nexoinformativo.mx\/index.php\/wp-json\/wp\/v2\/media\/14007"}],"wp:attachment":[{"href":"https:\/\/www.nexoinformativo.mx\/index.php\/wp-json\/wp\/v2\/media?parent=14006"}],"wp:term":[{"taxonomy":"category","embeddable":true,"href":"https:\/\/www.nexoinformativo.mx\/index.php\/wp-json\/wp\/v2\/categories?post=14006"},{"taxonomy":"post_tag","embeddable":true,"href":"https:\/\/www.nexoinformativo.mx\/index.php\/wp-json\/wp\/v2\/tags?post=14006"}],"curies":[{"name":"wp","href":"https:\/\/api.w.org\/{rel}","templated":true}]}}