{"id":14011,"date":"2025-04-11T09:00:54","date_gmt":"2025-04-11T15:00:54","guid":{"rendered":"https:\/\/www.nexoinformativo.mx\/?p=14011"},"modified":"2025-04-11T11:31:06","modified_gmt":"2025-04-11T17:31:06","slug":"beneficios-para-todos-dan-seguimiento-al-tren-mexico-queretaro-con-vision-social","status":"publish","type":"post","link":"https:\/\/www.nexoinformativo.mx\/index.php\/2025\/04\/11\/beneficios-para-todos-dan-seguimiento-al-tren-mexico-queretaro-con-vision-social\/","title":{"rendered":"Beneficios para todos dan seguimiento al Tren M\u00e9xico-Quer\u00e9taro con visi\u00f3n social"},"content":{"rendered":"<p style=\"text-align: justify;\" data-sourcepos=\"11:1-11:456\">El proyecto del Tren M\u00e9xico\u2013Quer\u00e9taro sigue avanzando gracias a la coordinaci\u00f3n entre los distintos \u00f3rdenes de gobierno.<\/p>\n<p>&nbsp;<\/p>\n<p style=\"text-align: justify;\" data-sourcepos=\"11:1-11:456\">El secretario de Desarrollo Social del Estado, Luis Nava, se reuni\u00f3 con el titular de la Agencia Reguladora de Transporte Ferroviario, Andr\u00e9s Lajous, y el presidente municipal de San Juan del R\u00edo, Roberto Cabrera, para dar seguimiento a los trabajos preparativos de esta importante obra de infraestructura.<\/p>\n<p>&nbsp;<\/p>\n<p style=\"text-align: justify;\" data-sourcepos=\"13:1-13:324\">Durante el encuentro, se resalt\u00f3 la necesidad de mantener una colaboraci\u00f3n estrecha entre las autoridades federales, estatales y municipales para asegurar que el proyecto del tren avance con una visi\u00f3n social clara, generando beneficios tangibles para las comunidades que se ver\u00e1n impactadas por su construcci\u00f3n y operaci\u00f3n.<\/p>\n<p>&nbsp;<\/p>\n<p style=\"text-align: justify;\" data-sourcepos=\"15:1-15:221\">La reuni\u00f3n subraya el compromiso de las autoridades por impulsar este proyecto que promete mejorar la conectividad entre la Ciudad de M\u00e9xico y Quer\u00e9taro, as\u00ed como dinamizar la econom\u00eda y el desarrollo social de la regi\u00f3n.<\/p>\n<p>&nbsp;<\/p>\n<p style=\"text-align: center;\" data-sourcepos=\"15:1-15:221\"><em><strong>\u00a1Informaci\u00f3n que transforma!<\/strong><\/em><\/p>\n","protected":false},"excerpt":{"rendered":"<p>El proyecto del Tren M\u00e9xico\u2013Quer\u00e9taro sigue avanzando gracias a la coordinaci\u00f3n entre los distintos \u00f3rdenes de gobierno.<\/p>\n","protected":false},"author":3,"featured_media":14012,"comment_status":"open","ping_status":"open","sticky":false,"template":"","format":"standard","meta":{"footnotes":""},"categories":[65,58],"tags":[1321,455,3711,1009],"class_list":["post-14011","post","type-post","status-publish","format-standard","has-post-thumbnail","hentry","category-municipios","category-ultima-hora","tag-conectividad","tag-desarrollosocial","tag-infraestructuraqro","tag-trenmexicoqueretaro"],"yoast_head":"<!-- This site is optimized with the Yoast SEO plugin v25.0 - https:\/\/yoast.com\/wordpress\/plugins\/seo\/ -->\n<title>Beneficios para todos dan seguimiento al Tren M\u00e9xico-Quer\u00e9taro con visi\u00f3n social | Nexo Informativo Santiago de Quer\u00e9taro<\/title>\n<meta name=\"description\" content=\"Beneficios para todos dan seguimiento al Tren M\u00e9xico-Quer\u00e9taro con visi\u00f3n social\" \/>\n<meta name=\"robots\" content=\"index, follow, max-snippet:-1, max-image-preview:large, max-video-preview:-1\" \/>\n<link rel=\"canonical\" href=\"https:\/\/www.nexoinformativo.mx\/index.php\/2025\/04\/11\/beneficios-para-todos-dan-seguimiento-al-tren-mexico-queretaro-con-vision-social\/\" \/>\n<meta property=\"og:locale\" content=\"es_MX\" \/>\n<meta property=\"og:type\" content=\"article\" \/>\n<meta property=\"og:title\" content=\"Beneficios para todos dan seguimiento al Tren M\u00e9xico-Quer\u00e9taro con visi\u00f3n social | Nexo Informativo Santiago de Quer\u00e9taro\" \/>\n<meta property=\"og:description\" content=\"Beneficios para todos dan seguimiento al Tren M\u00e9xico-Quer\u00e9taro con visi\u00f3n social\" \/>\n<meta property=\"og:url\" content=\"https:\/\/www.nexoinformativo.mx\/index.php\/2025\/04\/11\/beneficios-para-todos-dan-seguimiento-al-tren-mexico-queretaro-con-vision-social\/\" \/>\n<meta property=\"og:site_name\" content=\"Nexo Informativo Santiago de Quer\u00e9taro\" \/>\n<meta property=\"article:publisher\" content=\"https:\/\/www.facebook.com\/people\/Nexo-Informativo\/61564066885511\/\" \/>\n<meta property=\"article:published_time\" content=\"2025-04-11T15:00:54+00:00\" \/>\n<meta property=\"article:modified_time\" content=\"2025-04-11T17:31:06+00:00\" \/>\n<meta property=\"og:image\" content=\"https:\/\/www.nexoinformativo.mx\/wp-content\/uploads\/2025\/04\/71_273_47610_84580144_10_04_25_FOTONOTA_SAN_JUAN_DEL_RI__769_O-e1744392623908.jpg\" \/>\n\t<meta property=\"og:image:width\" content=\"800\" \/>\n\t<meta property=\"og:image:height\" content=\"591\" \/>\n\t<meta property=\"og:image:type\" content=\"image\/jpeg\" \/>\n<meta name=\"author\" content=\"Nexo Informativo\" \/>\n<meta name=\"twitter:card\" content=\"summary_large_image\" \/>\n<meta name=\"twitter:label1\" content=\"Escrito por\" \/>\n\t<meta name=\"twitter:data1\" content=\"Nexo Informativo\" \/>\n\t<meta name=\"twitter:label2\" content=\"Tiempo de lectura\" \/>\n\t<meta name=\"twitter:data2\" content=\"1 minuto\" \/>\n<script type=\"application\/ld+json\" class=\"yoast-schema-graph\">{\"@context\":\"https:\/\/schema.org\",\"@graph\":[{\"@type\":\"Article\",\"@id\":\"https:\/\/www.nexoinformativo.mx\/index.php\/2025\/04\/11\/beneficios-para-todos-dan-seguimiento-al-tren-mexico-queretaro-con-vision-social\/#article\",\"isPartOf\":{\"@id\":\"https:\/\/www.nexoinformativo.mx\/index.php\/2025\/04\/11\/beneficios-para-todos-dan-seguimiento-al-tren-mexico-queretaro-con-vision-social\/\"},\"author\":{\"name\":\"Nexo Informativo\",\"@id\":\"https:\/\/www.nexoinformativo.mx\/#\/schema\/person\/7749d380ba08c8ca00d7bc76fd907b7d\"},\"headline\":\"Beneficios para todos dan seguimiento al Tren M\u00e9xico-Quer\u00e9taro con visi\u00f3n social\",\"datePublished\":\"2025-04-11T15:00:54+00:00\",\"dateModified\":\"2025-04-11T17:31:06+00:00\",\"mainEntityOfPage\":{\"@id\":\"https:\/\/www.nexoinformativo.mx\/index.php\/2025\/04\/11\/beneficios-para-todos-dan-seguimiento-al-tren-mexico-queretaro-con-vision-social\/\"},\"wordCount\":185,\"commentCount\":0,\"publisher\":{\"@id\":\"https:\/\/www.nexoinformativo.mx\/#organization\"},\"image\":{\"@id\":\"https:\/\/www.nexoinformativo.mx\/index.php\/2025\/04\/11\/beneficios-para-todos-dan-seguimiento-al-tren-mexico-queretaro-con-vision-social\/#primaryimage\"},\"thumbnailUrl\":\"https:\/\/www.nexoinformativo.mx\/wp-content\/uploads\/2025\/04\/71_273_47610_84580144_10_04_25_FOTONOTA_SAN_JUAN_DEL_RI__769_O-e1744392623908.jpg\",\"keywords\":[\"Conectividad\",\"DesarrolloSocial\",\"InfraestructuraQro\",\"TrenMexicoQuer\u00e9taro\"],\"articleSection\":[\"Municipios\",\"\u00daltima Hora\"],\"inLanguage\":\"es\",\"potentialAction\":[{\"@type\":\"CommentAction\",\"name\":\"Comment\",\"target\":[\"https:\/\/www.nexoinformativo.mx\/index.php\/2025\/04\/11\/beneficios-para-todos-dan-seguimiento-al-tren-mexico-queretaro-con-vision-social\/#respond\"]}]},{\"@type\":\"WebPage\",\"@id\":\"https:\/\/www.nexoinformativo.mx\/index.php\/2025\/04\/11\/beneficios-para-todos-dan-seguimiento-al-tren-mexico-queretaro-con-vision-social\/\",\"url\":\"https:\/\/www.nexoinformativo.mx\/index.php\/2025\/04\/11\/beneficios-para-todos-dan-seguimiento-al-tren-mexico-queretaro-con-vision-social\/\",\"name\":\"Beneficios para todos dan seguimiento al Tren M\u00e9xico-Quer\u00e9taro con visi\u00f3n social | Nexo Informativo Santiago de Quer\u00e9taro\",\"isPartOf\":{\"@id\":\"https:\/\/www.nexoinformativo.mx\/#website\"},\"primaryImageOfPage\":{\"@id\":\"https:\/\/www.nexoinformativo.mx\/index.php\/2025\/04\/11\/beneficios-para-todos-dan-seguimiento-al-tren-mexico-queretaro-con-vision-social\/#primaryimage\"},\"image\":{\"@id\":\"https:\/\/www.nexoinformativo.mx\/index.php\/2025\/04\/11\/beneficios-para-todos-dan-seguimiento-al-tren-mexico-queretaro-con-vision-social\/#primaryimage\"},\"thumbnailUrl\":\"https:\/\/www.nexoinformativo.mx\/wp-content\/uploads\/2025\/04\/71_273_47610_84580144_10_04_25_FOTONOTA_SAN_JUAN_DEL_RI__769_O-e1744392623908.jpg\",\"datePublished\":\"2025-04-11T15:00:54+00:00\",\"dateModified\":\"2025-04-11T17:31:06+00:00\",\"description\":\"Beneficios para todos dan seguimiento al Tren M\u00e9xico-Quer\u00e9taro con visi\u00f3n social\",\"breadcrumb\":{\"@id\":\"https:\/\/www.nexoinformativo.mx\/index.php\/2025\/04\/11\/beneficios-para-todos-dan-seguimiento-al-tren-mexico-queretaro-con-vision-social\/#breadcrumb\"},\"inLanguage\":\"es\",\"potentialAction\":[{\"@type\":\"ReadAction\",\"target\":[\"https:\/\/www.nexoinformativo.mx\/index.php\/2025\/04\/11\/beneficios-para-todos-dan-seguimiento-al-tren-mexico-queretaro-con-vision-social\/\"]}]},{\"@type\":\"ImageObject\",\"inLanguage\":\"es\",\"@id\":\"https:\/\/www.nexoinformativo.mx\/index.php\/2025\/04\/11\/beneficios-para-todos-dan-seguimiento-al-tren-mexico-queretaro-con-vision-social\/#primaryimage\",\"url\":\"https:\/\/www.nexoinformativo.mx\/wp-content\/uploads\/2025\/04\/71_273_47610_84580144_10_04_25_FOTONOTA_SAN_JUAN_DEL_RI__769_O-e1744392623908.jpg\",\"contentUrl\":\"https:\/\/www.nexoinformativo.mx\/wp-content\/uploads\/2025\/04\/71_273_47610_84580144_10_04_25_FOTONOTA_SAN_JUAN_DEL_RI__769_O-e1744392623908.jpg\",\"width\":800,\"height\":591},{\"@type\":\"BreadcrumbList\",\"@id\":\"https:\/\/www.nexoinformativo.mx\/index.php\/2025\/04\/11\/beneficios-para-todos-dan-seguimiento-al-tren-mexico-queretaro-con-vision-social\/#breadcrumb\",\"itemListElement\":[{\"@type\":\"ListItem\",\"position\":1,\"name\":\"Inicio\",\"item\":\"https:\/\/www.nexoinformativo.mx\/\"},{\"@type\":\"ListItem\",\"position\":2,\"name\":\"Beneficios para todos dan seguimiento al Tren M\u00e9xico-Quer\u00e9taro con visi\u00f3n social\"}]},{\"@type\":\"WebSite\",\"@id\":\"https:\/\/www.nexoinformativo.mx\/#website\",\"url\":\"https:\/\/www.nexoinformativo.mx\/\",\"name\":\"Nexo Informativo Santiago de Quer\u00e9taro\",\"description\":\"Explora NexoInformativo y convi\u00e9rtete en parte de una comunidad que valora el conocimiento y la verdad. Tu nexoinformativo es tu puente hacia una comprensi\u00f3n m\u00e1s profunda del mundo que te rodea.\",\"publisher\":{\"@id\":\"https:\/\/www.nexoinformativo.mx\/#organization\"},\"potentialAction\":[{\"@type\":\"SearchAction\",\"target\":{\"@type\":\"EntryPoint\",\"urlTemplate\":\"https:\/\/www.nexoinformativo.mx\/?s={search_term_string}\"},\"query-input\":{\"@type\":\"PropertyValueSpecification\",\"valueRequired\":true,\"valueName\":\"search_term_string\"}}],\"inLanguage\":\"es\"},{\"@type\":\"Organization\",\"@id\":\"https:\/\/www.nexoinformativo.mx\/#organization\",\"name\":\"Nexo Informativo Santiago de Quer\u00e9taro\",\"url\":\"https:\/\/www.nexoinformativo.mx\/\",\"logo\":{\"@type\":\"ImageObject\",\"inLanguage\":\"es\",\"@id\":\"https:\/\/www.nexoinformativo.mx\/#\/schema\/logo\/image\/\",\"url\":\"https:\/\/www.nexoinformativo.mx\/wp-content\/uploads\/2024\/07\/nexoi-trasparente-2.png\",\"contentUrl\":\"https:\/\/www.nexoinformativo.mx\/wp-content\/uploads\/2024\/07\/nexoi-trasparente-2.png\",\"width\":816,\"height\":339,\"caption\":\"Nexo Informativo Santiago de Quer\u00e9taro\"},\"image\":{\"@id\":\"https:\/\/www.nexoinformativo.mx\/#\/schema\/logo\/image\/\"},\"sameAs\":[\"https:\/\/www.facebook.com\/people\/Nexo-Informativo\/61564066885511\/\"]},{\"@type\":\"Person\",\"@id\":\"https:\/\/www.nexoinformativo.mx\/#\/schema\/person\/7749d380ba08c8ca00d7bc76fd907b7d\",\"name\":\"Nexo Informativo\",\"image\":{\"@type\":\"ImageObject\",\"inLanguage\":\"es\",\"@id\":\"https:\/\/www.nexoinformativo.mx\/#\/schema\/person\/image\/\",\"url\":\"https:\/\/secure.gravatar.com\/avatar\/dde2928154642a13d95f87ddf1ea9718fe2b46760a005c53e41ff5ad610704e6?s=96&d=mm&r=g\",\"contentUrl\":\"https:\/\/secure.gravatar.com\/avatar\/dde2928154642a13d95f87ddf1ea9718fe2b46760a005c53e41ff5ad610704e6?s=96&d=mm&r=g\",\"caption\":\"Nexo Informativo\"},\"url\":\"https:\/\/www.nexoinformativo.mx\/index.php\/author\/edicion\/\"}]}<\/script>\n<!-- \/ Yoast SEO plugin. -->","yoast_head_json":{"title":"Beneficios para todos dan seguimiento al Tren M\u00e9xico-Quer\u00e9taro con visi\u00f3n social | Nexo Informativo Santiago de Quer\u00e9taro","description":"Beneficios para todos dan seguimiento al Tren M\u00e9xico-Quer\u00e9taro con visi\u00f3n social","robots":{"index":"index","follow":"follow","max-snippet":"max-snippet:-1","max-image-preview":"max-image-preview:large","max-video-preview":"max-video-preview:-1"},"canonical":"https:\/\/www.nexoinformativo.mx\/index.php\/2025\/04\/11\/beneficios-para-todos-dan-seguimiento-al-tren-mexico-queretaro-con-vision-social\/","og_locale":"es_MX","og_type":"article","og_title":"Beneficios para todos dan seguimiento al Tren M\u00e9xico-Quer\u00e9taro con visi\u00f3n social | Nexo Informativo Santiago de Quer\u00e9taro","og_description":"Beneficios para todos dan seguimiento al Tren M\u00e9xico-Quer\u00e9taro con visi\u00f3n social","og_url":"https:\/\/www.nexoinformativo.mx\/index.php\/2025\/04\/11\/beneficios-para-todos-dan-seguimiento-al-tren-mexico-queretaro-con-vision-social\/","og_site_name":"Nexo Informativo Santiago de Quer\u00e9taro","article_publisher":"https:\/\/www.facebook.com\/people\/Nexo-Informativo\/61564066885511\/","article_published_time":"2025-04-11T15:00:54+00:00","article_modified_time":"2025-04-11T17:31:06+00:00","og_image":[{"width":800,"height":591,"url":"https:\/\/www.nexoinformativo.mx\/wp-content\/uploads\/2025\/04\/71_273_47610_84580144_10_04_25_FOTONOTA_SAN_JUAN_DEL_RI__769_O-e1744392623908.jpg","type":"image\/jpeg"}],"author":"Nexo Informativo","twitter_card":"summary_large_image","twitter_misc":{"Escrito por":"Nexo Informativo","Tiempo de lectura":"1 minuto"},"schema":{"@context":"https:\/\/schema.org","@graph":[{"@type":"Article","@id":"https:\/\/www.nexoinformativo.mx\/index.php\/2025\/04\/11\/beneficios-para-todos-dan-seguimiento-al-tren-mexico-queretaro-con-vision-social\/#article","isPartOf":{"@id":"https:\/\/www.nexoinformativo.mx\/index.php\/2025\/04\/11\/beneficios-para-todos-dan-seguimiento-al-tren-mexico-queretaro-con-vision-social\/"},"author":{"name":"Nexo Informativo","@id":"https:\/\/www.nexoinformativo.mx\/#\/schema\/person\/7749d380ba08c8ca00d7bc76fd907b7d"},"headline":"Beneficios para todos dan seguimiento al Tren M\u00e9xico-Quer\u00e9taro con visi\u00f3n social","datePublished":"2025-04-11T15:00:54+00:00","dateModified":"2025-04-11T17:31:06+00:00","mainEntityOfPage":{"@id":"https:\/\/www.nexoinformativo.mx\/index.php\/2025\/04\/11\/beneficios-para-todos-dan-seguimiento-al-tren-mexico-queretaro-con-vision-social\/"},"wordCount":185,"commentCount":0,"publisher":{"@id":"https:\/\/www.nexoinformativo.mx\/#organization"},"image":{"@id":"https:\/\/www.nexoinformativo.mx\/index.php\/2025\/04\/11\/beneficios-para-todos-dan-seguimiento-al-tren-mexico-queretaro-con-vision-social\/#primaryimage"},"thumbnailUrl":"https:\/\/www.nexoinformativo.mx\/wp-content\/uploads\/2025\/04\/71_273_47610_84580144_10_04_25_FOTONOTA_SAN_JUAN_DEL_RI__769_O-e1744392623908.jpg","keywords":["Conectividad","DesarrolloSocial","InfraestructuraQro","TrenMexicoQuer\u00e9taro"],"articleSection":["Municipios","\u00daltima Hora"],"inLanguage":"es","potentialAction":[{"@type":"CommentAction","name":"Comment","target":["https:\/\/www.nexoinformativo.mx\/index.php\/2025\/04\/11\/beneficios-para-todos-dan-seguimiento-al-tren-mexico-queretaro-con-vision-social\/#respond"]}]},{"@type":"WebPage","@id":"https:\/\/www.nexoinformativo.mx\/index.php\/2025\/04\/11\/beneficios-para-todos-dan-seguimiento-al-tren-mexico-queretaro-con-vision-social\/","url":"https:\/\/www.nexoinformativo.mx\/index.php\/2025\/04\/11\/beneficios-para-todos-dan-seguimiento-al-tren-mexico-queretaro-con-vision-social\/","name":"Beneficios para todos dan seguimiento al Tren M\u00e9xico-Quer\u00e9taro con visi\u00f3n social | Nexo Informativo Santiago de Quer\u00e9taro","isPartOf":{"@id":"https:\/\/www.nexoinformativo.mx\/#website"},"primaryImageOfPage":{"@id":"https:\/\/www.nexoinformativo.mx\/index.php\/2025\/04\/11\/beneficios-para-todos-dan-seguimiento-al-tren-mexico-queretaro-con-vision-social\/#primaryimage"},"image":{"@id":"https:\/\/www.nexoinformativo.mx\/index.php\/2025\/04\/11\/beneficios-para-todos-dan-seguimiento-al-tren-mexico-queretaro-con-vision-social\/#primaryimage"},"thumbnailUrl":"https:\/\/www.nexoinformativo.mx\/wp-content\/uploads\/2025\/04\/71_273_47610_84580144_10_04_25_FOTONOTA_SAN_JUAN_DEL_RI__769_O-e1744392623908.jpg","datePublished":"2025-04-11T15:00:54+00:00","dateModified":"2025-04-11T17:31:06+00:00","description":"Beneficios para todos dan seguimiento al Tren M\u00e9xico-Quer\u00e9taro con visi\u00f3n social","breadcrumb":{"@id":"https:\/\/www.nexoinformativo.mx\/index.php\/2025\/04\/11\/beneficios-para-todos-dan-seguimiento-al-tren-mexico-queretaro-con-vision-social\/#breadcrumb"},"inLanguage":"es","potentialAction":[{"@type":"ReadAction","target":["https:\/\/www.nexoinformativo.mx\/index.php\/2025\/04\/11\/beneficios-para-todos-dan-seguimiento-al-tren-mexico-queretaro-con-vision-social\/"]}]},{"@type":"ImageObject","inLanguage":"es","@id":"https:\/\/www.nexoinformativo.mx\/index.php\/2025\/04\/11\/beneficios-para-todos-dan-seguimiento-al-tren-mexico-queretaro-con-vision-social\/#primaryimage","url":"https:\/\/www.nexoinformativo.mx\/wp-content\/uploads\/2025\/04\/71_273_47610_84580144_10_04_25_FOTONOTA_SAN_JUAN_DEL_RI__769_O-e1744392623908.jpg","contentUrl":"https:\/\/www.nexoinformativo.mx\/wp-content\/uploads\/2025\/04\/71_273_47610_84580144_10_04_25_FOTONOTA_SAN_JUAN_DEL_RI__769_O-e1744392623908.jpg","width":800,"height":591},{"@type":"BreadcrumbList","@id":"https:\/\/www.nexoinformativo.mx\/index.php\/2025\/04\/11\/beneficios-para-todos-dan-seguimiento-al-tren-mexico-queretaro-con-vision-social\/#breadcrumb","itemListElement":[{"@type":"ListItem","position":1,"name":"Inicio","item":"https:\/\/www.nexoinformativo.mx\/"},{"@type":"ListItem","position":2,"name":"Beneficios para todos dan seguimiento al Tren M\u00e9xico-Quer\u00e9taro con visi\u00f3n social"}]},{"@type":"WebSite","@id":"https:\/\/www.nexoinformativo.mx\/#website","url":"https:\/\/www.nexoinformativo.mx\/","name":"Nexo Informativo Santiago de Quer\u00e9taro","description":"Explora NexoInformativo y convi\u00e9rtete en parte de una comunidad que valora el conocimiento y la verdad. Tu nexoinformativo es tu puente hacia una comprensi\u00f3n m\u00e1s profunda del mundo que te rodea.","publisher":{"@id":"https:\/\/www.nexoinformativo.mx\/#organization"},"potentialAction":[{"@type":"SearchAction","target":{"@type":"EntryPoint","urlTemplate":"https:\/\/www.nexoinformativo.mx\/?s={search_term_string}"},"query-input":{"@type":"PropertyValueSpecification","valueRequired":true,"valueName":"search_term_string"}}],"inLanguage":"es"},{"@type":"Organization","@id":"https:\/\/www.nexoinformativo.mx\/#organization","name":"Nexo Informativo Santiago de Quer\u00e9taro","url":"https:\/\/www.nexoinformativo.mx\/","logo":{"@type":"ImageObject","inLanguage":"es","@id":"https:\/\/www.nexoinformativo.mx\/#\/schema\/logo\/image\/","url":"https:\/\/www.nexoinformativo.mx\/wp-content\/uploads\/2024\/07\/nexoi-trasparente-2.png","contentUrl":"https:\/\/www.nexoinformativo.mx\/wp-content\/uploads\/2024\/07\/nexoi-trasparente-2.png","width":816,"height":339,"caption":"Nexo Informativo Santiago de Quer\u00e9taro"},"image":{"@id":"https:\/\/www.nexoinformativo.mx\/#\/schema\/logo\/image\/"},"sameAs":["https:\/\/www.facebook.com\/people\/Nexo-Informativo\/61564066885511\/"]},{"@type":"Person","@id":"https:\/\/www.nexoinformativo.mx\/#\/schema\/person\/7749d380ba08c8ca00d7bc76fd907b7d","name":"Nexo Informativo","image":{"@type":"ImageObject","inLanguage":"es","@id":"https:\/\/www.nexoinformativo.mx\/#\/schema\/person\/image\/","url":"https:\/\/secure.gravatar.com\/avatar\/dde2928154642a13d95f87ddf1ea9718fe2b46760a005c53e41ff5ad610704e6?s=96&d=mm&r=g","contentUrl":"https:\/\/secure.gravatar.com\/avatar\/dde2928154642a13d95f87ddf1ea9718fe2b46760a005c53e41ff5ad610704e6?s=96&d=mm&r=g","caption":"Nexo Informativo"},"url":"https:\/\/www.nexoinformativo.mx\/index.php\/author\/edicion\/"}]}},"_links":{"self":[{"href":"https:\/\/www.nexoinformativo.mx\/index.php\/wp-json\/wp\/v2\/posts\/14011","targetHints":{"allow":["GET"]}}],"collection":[{"href":"https:\/\/www.nexoinformativo.mx\/index.php\/wp-json\/wp\/v2\/posts"}],"about":[{"href":"https:\/\/www.nexoinformativo.mx\/index.php\/wp-json\/wp\/v2\/types\/post"}],"author":[{"embeddable":true,"href":"https:\/\/www.nexoinformativo.mx\/index.php\/wp-json\/wp\/v2\/users\/3"}],"replies":[{"embeddable":true,"href":"https:\/\/www.nexoinformativo.mx\/index.php\/wp-json\/wp\/v2\/comments?post=14011"}],"version-history":[{"count":4,"href":"https:\/\/www.nexoinformativo.mx\/index.php\/wp-json\/wp\/v2\/posts\/14011\/revisions"}],"predecessor-version":[{"id":14016,"href":"https:\/\/www.nexoinformativo.mx\/index.php\/wp-json\/wp\/v2\/posts\/14011\/revisions\/14016"}],"wp:featuredmedia":[{"embeddable":true,"href":"https:\/\/www.nexoinformativo.mx\/index.php\/wp-json\/wp\/v2\/media\/14012"}],"wp:attachment":[{"href":"https:\/\/www.nexoinformativo.mx\/index.php\/wp-json\/wp\/v2\/media?parent=14011"}],"wp:term":[{"taxonomy":"category","embeddable":true,"href":"https:\/\/www.nexoinformativo.mx\/index.php\/wp-json\/wp\/v2\/categories?post=14011"},{"taxonomy":"post_tag","embeddable":true,"href":"https:\/\/www.nexoinformativo.mx\/index.php\/wp-json\/wp\/v2\/tags?post=14011"}],"curies":[{"name":"wp","href":"https:\/\/api.w.org\/{rel}","templated":true}]}}