{"id":14029,"date":"2025-04-11T11:00:46","date_gmt":"2025-04-11T17:00:46","guid":{"rendered":"https:\/\/www.nexoinformativo.mx\/?p=14029"},"modified":"2025-04-11T11:50:52","modified_gmt":"2025-04-11T17:50:52","slug":"seguridad-reforzada-queretaro-blinda-espectaculos-y-eventos-religiosos-por-semana-santa","status":"publish","type":"post","link":"https:\/\/www.nexoinformativo.mx\/index.php\/2025\/04\/11\/seguridad-reforzada-queretaro-blinda-espectaculos-y-eventos-religiosos-por-semana-santa\/","title":{"rendered":"Seguridad reforzada Quer\u00e9taro blinda espect\u00e1culos y eventos religiosos por Semana Santa"},"content":{"rendered":"<p style=\"text-align: justify;\" data-sourcepos=\"11:1-11:363\">El gobierno del estado, a trav\u00e9s del secretario de Gobierno, Carlos Alcaraz, anunci\u00f3 el fortalecimiento de las estrategias de seguridad y protecci\u00f3n civil para los eventos masivos y las actividades religiosas que se llevar\u00e1n a cabo en diversos municipios durante las pr\u00f3ximas semanas, incluyendo la temporada de Semana Santa y Pascua.<\/p>\n<\/p>\n<p>&nbsp;<\/p>\n<p style=\"text-align: justify;\" data-sourcepos=\"13:1-13:415\">En una reuni\u00f3n de coordinaci\u00f3n con autoridades municipales, el Ej\u00e9rcito Mexicano, la Guardia Nacional y Protecci\u00f3n Civil, se acord\u00f3 intensificar las medidas preventivas para contribuir a la paz y seguridad en todo el estado.<\/p>\n<\/p>\n<p>&nbsp;<\/p>\n<p style=\"text-align: justify;\" data-sourcepos=\"13:1-13:415\">Carlos Alcaraz explic\u00f3 que se establecer\u00e1n criterios claros para que espect\u00e1culos, conciertos y eventos religiosos se desarrollen en un ambiente de tranquilidad y dentro del marco de la ley.<\/p>\n<p>&nbsp;<\/p>\n<p style=\"text-align: justify;\" data-sourcepos=\"15:1-15:324\">El funcionario estatal destac\u00f3 que tambi\u00e9n se reforzar\u00e1 la supervisi\u00f3n de los establecimientos con licencia para la venta de alcohol. Aquellos que cumplan con la normativa podr\u00e1n operar normalmente, mientras que quienes incumplan, especialmente en lo referente a la venta a menores o la falta de licencia, ser\u00e1n sancionados.<\/p>\n<p>&nbsp;<\/p>\n<p style=\"text-align: justify;\" data-sourcepos=\"17:1-17:386\">Asimismo, Alcaraz recalc\u00f3 que se trabajar\u00e1 coordinadamente para evitar la realizaci\u00f3n de espect\u00e1culos con artistas o grupos musicales que no contribuyan a un clima de paz en la entidad.<\/p>\n<p>&nbsp;<\/p>\n<p style=\"text-align: justify;\" data-sourcepos=\"17:1-17:386\">En colaboraci\u00f3n con los gobiernos municipales, se intensificar\u00e1 la supervisi\u00f3n de establecimientos para asegurar el cumplimiento de todas las medidas de seguridad y para detectar fiestas clandestinas.<\/p>\n<p>&nbsp;<\/p>\n<p style=\"text-align: center;\" data-sourcepos=\"17:1-17:386\"><em><strong>\u00a1Informaci\u00f3n que transforma!<\/strong><\/em><\/p>\n","protected":false},"excerpt":{"rendered":"<p>El gobierno del estado, a trav\u00e9s del secretario de Gobierno, Carlos Alcaraz, anunci\u00f3 el fortalecimiento de las estrategias de seguridad y protecci\u00f3n civil para los eventos masivos y las actividades religiosas que se llevar\u00e1n a cabo en diversos municipios durante las pr\u00f3ximas semanas, incluyendo la temporada de Semana Santa y Pascua.<\/p>\n","protected":false},"author":3,"featured_media":14030,"comment_status":"open","ping_status":"open","sticky":false,"template":"","format":"standard","meta":{"footnotes":""},"categories":[42,58],"tags":[1484,268,3709,4052],"class_list":["post-14029","post","type-post","status-publish","format-standard","has-post-thumbnail","hentry","category-estado","category-ultima-hora","tag-eventosseguros","tag-proteccioncivilqro","tag-seguridadqro","tag-semanasantasegura"],"yoast_head":"<!-- This site is optimized with the Yoast SEO plugin v25.0 - https:\/\/yoast.com\/wordpress\/plugins\/seo\/ -->\n<title>Seguridad reforzada Quer\u00e9taro blinda espect\u00e1culos y eventos religiosos por Semana Santa | Nexo Informativo Santiago de Quer\u00e9taro<\/title>\n<meta name=\"description\" content=\"Seguridad reforzada Quer\u00e9taro blinda espect\u00e1culos y eventos religiosos por Semana Santa\" \/>\n<meta name=\"robots\" content=\"index, follow, max-snippet:-1, max-image-preview:large, max-video-preview:-1\" \/>\n<link rel=\"canonical\" href=\"https:\/\/www.nexoinformativo.mx\/index.php\/2025\/04\/11\/seguridad-reforzada-queretaro-blinda-espectaculos-y-eventos-religiosos-por-semana-santa\/\" \/>\n<meta property=\"og:locale\" content=\"es_MX\" \/>\n<meta property=\"og:type\" content=\"article\" \/>\n<meta property=\"og:title\" content=\"Seguridad reforzada Quer\u00e9taro blinda espect\u00e1culos y eventos religiosos por Semana Santa | Nexo Informativo Santiago de Quer\u00e9taro\" \/>\n<meta property=\"og:description\" content=\"Seguridad reforzada Quer\u00e9taro blinda espect\u00e1culos y eventos religiosos por Semana Santa\" \/>\n<meta property=\"og:url\" content=\"https:\/\/www.nexoinformativo.mx\/index.php\/2025\/04\/11\/seguridad-reforzada-queretaro-blinda-espectaculos-y-eventos-religiosos-por-semana-santa\/\" \/>\n<meta property=\"og:site_name\" content=\"Nexo Informativo Santiago de Quer\u00e9taro\" \/>\n<meta property=\"article:publisher\" content=\"https:\/\/www.facebook.com\/people\/Nexo-Informativo\/61564066885511\/\" \/>\n<meta property=\"article:published_time\" content=\"2025-04-11T17:00:46+00:00\" \/>\n<meta property=\"article:modified_time\" content=\"2025-04-11T17:50:52+00:00\" \/>\n<meta property=\"og:image\" content=\"https:\/\/www.nexoinformativo.mx\/wp-content\/uploads\/2025\/04\/PHOTO-2025-04-11-09-03-54-e1744393773528.jpg\" \/>\n\t<meta property=\"og:image:width\" content=\"800\" \/>\n\t<meta property=\"og:image:height\" content=\"533\" \/>\n\t<meta property=\"og:image:type\" content=\"image\/jpeg\" \/>\n<meta name=\"author\" content=\"Nexo Informativo\" \/>\n<meta name=\"twitter:card\" content=\"summary_large_image\" \/>\n<meta name=\"twitter:label1\" content=\"Escrito por\" \/>\n\t<meta name=\"twitter:data1\" content=\"Nexo Informativo\" \/>\n\t<meta name=\"twitter:label2\" content=\"Tiempo de lectura\" \/>\n\t<meta name=\"twitter:data2\" content=\"2 minutos\" \/>\n<script type=\"application\/ld+json\" class=\"yoast-schema-graph\">{\"@context\":\"https:\/\/schema.org\",\"@graph\":[{\"@type\":\"Article\",\"@id\":\"https:\/\/www.nexoinformativo.mx\/index.php\/2025\/04\/11\/seguridad-reforzada-queretaro-blinda-espectaculos-y-eventos-religiosos-por-semana-santa\/#article\",\"isPartOf\":{\"@id\":\"https:\/\/www.nexoinformativo.mx\/index.php\/2025\/04\/11\/seguridad-reforzada-queretaro-blinda-espectaculos-y-eventos-religiosos-por-semana-santa\/\"},\"author\":{\"name\":\"Nexo Informativo\",\"@id\":\"https:\/\/www.nexoinformativo.mx\/#\/schema\/person\/7749d380ba08c8ca00d7bc76fd907b7d\"},\"headline\":\"Seguridad reforzada Quer\u00e9taro blinda espect\u00e1culos y eventos religiosos por Semana Santa\",\"datePublished\":\"2025-04-11T17:00:46+00:00\",\"dateModified\":\"2025-04-11T17:50:52+00:00\",\"mainEntityOfPage\":{\"@id\":\"https:\/\/www.nexoinformativo.mx\/index.php\/2025\/04\/11\/seguridad-reforzada-queretaro-blinda-espectaculos-y-eventos-religiosos-por-semana-santa\/\"},\"wordCount\":260,\"commentCount\":0,\"publisher\":{\"@id\":\"https:\/\/www.nexoinformativo.mx\/#organization\"},\"image\":{\"@id\":\"https:\/\/www.nexoinformativo.mx\/index.php\/2025\/04\/11\/seguridad-reforzada-queretaro-blinda-espectaculos-y-eventos-religiosos-por-semana-santa\/#primaryimage\"},\"thumbnailUrl\":\"https:\/\/www.nexoinformativo.mx\/wp-content\/uploads\/2025\/04\/PHOTO-2025-04-11-09-03-54-e1744393773528.jpg\",\"keywords\":[\"EventosSeguros\",\"ProteccionCivilQro\",\"SeguridadQro\",\"SemanaSantaSegura\"],\"articleSection\":[\"Estado\",\"\u00daltima Hora\"],\"inLanguage\":\"es\",\"potentialAction\":[{\"@type\":\"CommentAction\",\"name\":\"Comment\",\"target\":[\"https:\/\/www.nexoinformativo.mx\/index.php\/2025\/04\/11\/seguridad-reforzada-queretaro-blinda-espectaculos-y-eventos-religiosos-por-semana-santa\/#respond\"]}]},{\"@type\":\"WebPage\",\"@id\":\"https:\/\/www.nexoinformativo.mx\/index.php\/2025\/04\/11\/seguridad-reforzada-queretaro-blinda-espectaculos-y-eventos-religiosos-por-semana-santa\/\",\"url\":\"https:\/\/www.nexoinformativo.mx\/index.php\/2025\/04\/11\/seguridad-reforzada-queretaro-blinda-espectaculos-y-eventos-religiosos-por-semana-santa\/\",\"name\":\"Seguridad reforzada Quer\u00e9taro blinda espect\u00e1culos y eventos religiosos por Semana Santa | Nexo Informativo Santiago de Quer\u00e9taro\",\"isPartOf\":{\"@id\":\"https:\/\/www.nexoinformativo.mx\/#website\"},\"primaryImageOfPage\":{\"@id\":\"https:\/\/www.nexoinformativo.mx\/index.php\/2025\/04\/11\/seguridad-reforzada-queretaro-blinda-espectaculos-y-eventos-religiosos-por-semana-santa\/#primaryimage\"},\"image\":{\"@id\":\"https:\/\/www.nexoinformativo.mx\/index.php\/2025\/04\/11\/seguridad-reforzada-queretaro-blinda-espectaculos-y-eventos-religiosos-por-semana-santa\/#primaryimage\"},\"thumbnailUrl\":\"https:\/\/www.nexoinformativo.mx\/wp-content\/uploads\/2025\/04\/PHOTO-2025-04-11-09-03-54-e1744393773528.jpg\",\"datePublished\":\"2025-04-11T17:00:46+00:00\",\"dateModified\":\"2025-04-11T17:50:52+00:00\",\"description\":\"Seguridad reforzada Quer\u00e9taro blinda espect\u00e1culos y eventos religiosos por Semana Santa\",\"breadcrumb\":{\"@id\":\"https:\/\/www.nexoinformativo.mx\/index.php\/2025\/04\/11\/seguridad-reforzada-queretaro-blinda-espectaculos-y-eventos-religiosos-por-semana-santa\/#breadcrumb\"},\"inLanguage\":\"es\",\"potentialAction\":[{\"@type\":\"ReadAction\",\"target\":[\"https:\/\/www.nexoinformativo.mx\/index.php\/2025\/04\/11\/seguridad-reforzada-queretaro-blinda-espectaculos-y-eventos-religiosos-por-semana-santa\/\"]}]},{\"@type\":\"ImageObject\",\"inLanguage\":\"es\",\"@id\":\"https:\/\/www.nexoinformativo.mx\/index.php\/2025\/04\/11\/seguridad-reforzada-queretaro-blinda-espectaculos-y-eventos-religiosos-por-semana-santa\/#primaryimage\",\"url\":\"https:\/\/www.nexoinformativo.mx\/wp-content\/uploads\/2025\/04\/PHOTO-2025-04-11-09-03-54-e1744393773528.jpg\",\"contentUrl\":\"https:\/\/www.nexoinformativo.mx\/wp-content\/uploads\/2025\/04\/PHOTO-2025-04-11-09-03-54-e1744393773528.jpg\",\"width\":800,\"height\":533},{\"@type\":\"BreadcrumbList\",\"@id\":\"https:\/\/www.nexoinformativo.mx\/index.php\/2025\/04\/11\/seguridad-reforzada-queretaro-blinda-espectaculos-y-eventos-religiosos-por-semana-santa\/#breadcrumb\",\"itemListElement\":[{\"@type\":\"ListItem\",\"position\":1,\"name\":\"Inicio\",\"item\":\"https:\/\/www.nexoinformativo.mx\/\"},{\"@type\":\"ListItem\",\"position\":2,\"name\":\"Seguridad reforzada Quer\u00e9taro blinda espect\u00e1culos y eventos religiosos por Semana Santa\"}]},{\"@type\":\"WebSite\",\"@id\":\"https:\/\/www.nexoinformativo.mx\/#website\",\"url\":\"https:\/\/www.nexoinformativo.mx\/\",\"name\":\"Nexo Informativo Santiago de Quer\u00e9taro\",\"description\":\"Explora NexoInformativo y convi\u00e9rtete en parte de una comunidad que valora el conocimiento y la verdad. Tu nexoinformativo es tu puente hacia una comprensi\u00f3n m\u00e1s profunda del mundo que te rodea.\",\"publisher\":{\"@id\":\"https:\/\/www.nexoinformativo.mx\/#organization\"},\"potentialAction\":[{\"@type\":\"SearchAction\",\"target\":{\"@type\":\"EntryPoint\",\"urlTemplate\":\"https:\/\/www.nexoinformativo.mx\/?s={search_term_string}\"},\"query-input\":{\"@type\":\"PropertyValueSpecification\",\"valueRequired\":true,\"valueName\":\"search_term_string\"}}],\"inLanguage\":\"es\"},{\"@type\":\"Organization\",\"@id\":\"https:\/\/www.nexoinformativo.mx\/#organization\",\"name\":\"Nexo Informativo Santiago de Quer\u00e9taro\",\"url\":\"https:\/\/www.nexoinformativo.mx\/\",\"logo\":{\"@type\":\"ImageObject\",\"inLanguage\":\"es\",\"@id\":\"https:\/\/www.nexoinformativo.mx\/#\/schema\/logo\/image\/\",\"url\":\"https:\/\/www.nexoinformativo.mx\/wp-content\/uploads\/2024\/07\/nexoi-trasparente-2.png\",\"contentUrl\":\"https:\/\/www.nexoinformativo.mx\/wp-content\/uploads\/2024\/07\/nexoi-trasparente-2.png\",\"width\":816,\"height\":339,\"caption\":\"Nexo Informativo Santiago de Quer\u00e9taro\"},\"image\":{\"@id\":\"https:\/\/www.nexoinformativo.mx\/#\/schema\/logo\/image\/\"},\"sameAs\":[\"https:\/\/www.facebook.com\/people\/Nexo-Informativo\/61564066885511\/\"]},{\"@type\":\"Person\",\"@id\":\"https:\/\/www.nexoinformativo.mx\/#\/schema\/person\/7749d380ba08c8ca00d7bc76fd907b7d\",\"name\":\"Nexo Informativo\",\"image\":{\"@type\":\"ImageObject\",\"inLanguage\":\"es\",\"@id\":\"https:\/\/www.nexoinformativo.mx\/#\/schema\/person\/image\/\",\"url\":\"https:\/\/secure.gravatar.com\/avatar\/dde2928154642a13d95f87ddf1ea9718fe2b46760a005c53e41ff5ad610704e6?s=96&d=mm&r=g\",\"contentUrl\":\"https:\/\/secure.gravatar.com\/avatar\/dde2928154642a13d95f87ddf1ea9718fe2b46760a005c53e41ff5ad610704e6?s=96&d=mm&r=g\",\"caption\":\"Nexo Informativo\"},\"url\":\"https:\/\/www.nexoinformativo.mx\/index.php\/author\/edicion\/\"}]}<\/script>\n<!-- \/ Yoast SEO plugin. -->","yoast_head_json":{"title":"Seguridad reforzada Quer\u00e9taro blinda espect\u00e1culos y eventos religiosos por Semana Santa | Nexo Informativo Santiago de Quer\u00e9taro","description":"Seguridad reforzada Quer\u00e9taro blinda espect\u00e1culos y eventos religiosos por Semana Santa","robots":{"index":"index","follow":"follow","max-snippet":"max-snippet:-1","max-image-preview":"max-image-preview:large","max-video-preview":"max-video-preview:-1"},"canonical":"https:\/\/www.nexoinformativo.mx\/index.php\/2025\/04\/11\/seguridad-reforzada-queretaro-blinda-espectaculos-y-eventos-religiosos-por-semana-santa\/","og_locale":"es_MX","og_type":"article","og_title":"Seguridad reforzada Quer\u00e9taro blinda espect\u00e1culos y eventos religiosos por Semana Santa | Nexo Informativo Santiago de Quer\u00e9taro","og_description":"Seguridad reforzada Quer\u00e9taro blinda espect\u00e1culos y eventos religiosos por Semana Santa","og_url":"https:\/\/www.nexoinformativo.mx\/index.php\/2025\/04\/11\/seguridad-reforzada-queretaro-blinda-espectaculos-y-eventos-religiosos-por-semana-santa\/","og_site_name":"Nexo Informativo Santiago de Quer\u00e9taro","article_publisher":"https:\/\/www.facebook.com\/people\/Nexo-Informativo\/61564066885511\/","article_published_time":"2025-04-11T17:00:46+00:00","article_modified_time":"2025-04-11T17:50:52+00:00","og_image":[{"width":800,"height":533,"url":"https:\/\/www.nexoinformativo.mx\/wp-content\/uploads\/2025\/04\/PHOTO-2025-04-11-09-03-54-e1744393773528.jpg","type":"image\/jpeg"}],"author":"Nexo Informativo","twitter_card":"summary_large_image","twitter_misc":{"Escrito por":"Nexo Informativo","Tiempo de lectura":"2 minutos"},"schema":{"@context":"https:\/\/schema.org","@graph":[{"@type":"Article","@id":"https:\/\/www.nexoinformativo.mx\/index.php\/2025\/04\/11\/seguridad-reforzada-queretaro-blinda-espectaculos-y-eventos-religiosos-por-semana-santa\/#article","isPartOf":{"@id":"https:\/\/www.nexoinformativo.mx\/index.php\/2025\/04\/11\/seguridad-reforzada-queretaro-blinda-espectaculos-y-eventos-religiosos-por-semana-santa\/"},"author":{"name":"Nexo Informativo","@id":"https:\/\/www.nexoinformativo.mx\/#\/schema\/person\/7749d380ba08c8ca00d7bc76fd907b7d"},"headline":"Seguridad reforzada Quer\u00e9taro blinda espect\u00e1culos y eventos religiosos por Semana Santa","datePublished":"2025-04-11T17:00:46+00:00","dateModified":"2025-04-11T17:50:52+00:00","mainEntityOfPage":{"@id":"https:\/\/www.nexoinformativo.mx\/index.php\/2025\/04\/11\/seguridad-reforzada-queretaro-blinda-espectaculos-y-eventos-religiosos-por-semana-santa\/"},"wordCount":260,"commentCount":0,"publisher":{"@id":"https:\/\/www.nexoinformativo.mx\/#organization"},"image":{"@id":"https:\/\/www.nexoinformativo.mx\/index.php\/2025\/04\/11\/seguridad-reforzada-queretaro-blinda-espectaculos-y-eventos-religiosos-por-semana-santa\/#primaryimage"},"thumbnailUrl":"https:\/\/www.nexoinformativo.mx\/wp-content\/uploads\/2025\/04\/PHOTO-2025-04-11-09-03-54-e1744393773528.jpg","keywords":["EventosSeguros","ProteccionCivilQro","SeguridadQro","SemanaSantaSegura"],"articleSection":["Estado","\u00daltima Hora"],"inLanguage":"es","potentialAction":[{"@type":"CommentAction","name":"Comment","target":["https:\/\/www.nexoinformativo.mx\/index.php\/2025\/04\/11\/seguridad-reforzada-queretaro-blinda-espectaculos-y-eventos-religiosos-por-semana-santa\/#respond"]}]},{"@type":"WebPage","@id":"https:\/\/www.nexoinformativo.mx\/index.php\/2025\/04\/11\/seguridad-reforzada-queretaro-blinda-espectaculos-y-eventos-religiosos-por-semana-santa\/","url":"https:\/\/www.nexoinformativo.mx\/index.php\/2025\/04\/11\/seguridad-reforzada-queretaro-blinda-espectaculos-y-eventos-religiosos-por-semana-santa\/","name":"Seguridad reforzada Quer\u00e9taro blinda espect\u00e1culos y eventos religiosos por Semana Santa | Nexo Informativo Santiago de Quer\u00e9taro","isPartOf":{"@id":"https:\/\/www.nexoinformativo.mx\/#website"},"primaryImageOfPage":{"@id":"https:\/\/www.nexoinformativo.mx\/index.php\/2025\/04\/11\/seguridad-reforzada-queretaro-blinda-espectaculos-y-eventos-religiosos-por-semana-santa\/#primaryimage"},"image":{"@id":"https:\/\/www.nexoinformativo.mx\/index.php\/2025\/04\/11\/seguridad-reforzada-queretaro-blinda-espectaculos-y-eventos-religiosos-por-semana-santa\/#primaryimage"},"thumbnailUrl":"https:\/\/www.nexoinformativo.mx\/wp-content\/uploads\/2025\/04\/PHOTO-2025-04-11-09-03-54-e1744393773528.jpg","datePublished":"2025-04-11T17:00:46+00:00","dateModified":"2025-04-11T17:50:52+00:00","description":"Seguridad reforzada Quer\u00e9taro blinda espect\u00e1culos y eventos religiosos por Semana Santa","breadcrumb":{"@id":"https:\/\/www.nexoinformativo.mx\/index.php\/2025\/04\/11\/seguridad-reforzada-queretaro-blinda-espectaculos-y-eventos-religiosos-por-semana-santa\/#breadcrumb"},"inLanguage":"es","potentialAction":[{"@type":"ReadAction","target":["https:\/\/www.nexoinformativo.mx\/index.php\/2025\/04\/11\/seguridad-reforzada-queretaro-blinda-espectaculos-y-eventos-religiosos-por-semana-santa\/"]}]},{"@type":"ImageObject","inLanguage":"es","@id":"https:\/\/www.nexoinformativo.mx\/index.php\/2025\/04\/11\/seguridad-reforzada-queretaro-blinda-espectaculos-y-eventos-religiosos-por-semana-santa\/#primaryimage","url":"https:\/\/www.nexoinformativo.mx\/wp-content\/uploads\/2025\/04\/PHOTO-2025-04-11-09-03-54-e1744393773528.jpg","contentUrl":"https:\/\/www.nexoinformativo.mx\/wp-content\/uploads\/2025\/04\/PHOTO-2025-04-11-09-03-54-e1744393773528.jpg","width":800,"height":533},{"@type":"BreadcrumbList","@id":"https:\/\/www.nexoinformativo.mx\/index.php\/2025\/04\/11\/seguridad-reforzada-queretaro-blinda-espectaculos-y-eventos-religiosos-por-semana-santa\/#breadcrumb","itemListElement":[{"@type":"ListItem","position":1,"name":"Inicio","item":"https:\/\/www.nexoinformativo.mx\/"},{"@type":"ListItem","position":2,"name":"Seguridad reforzada Quer\u00e9taro blinda espect\u00e1culos y eventos religiosos por Semana Santa"}]},{"@type":"WebSite","@id":"https:\/\/www.nexoinformativo.mx\/#website","url":"https:\/\/www.nexoinformativo.mx\/","name":"Nexo Informativo Santiago de Quer\u00e9taro","description":"Explora NexoInformativo y convi\u00e9rtete en parte de una comunidad que valora el conocimiento y la verdad. Tu nexoinformativo es tu puente hacia una comprensi\u00f3n m\u00e1s profunda del mundo que te rodea.","publisher":{"@id":"https:\/\/www.nexoinformativo.mx\/#organization"},"potentialAction":[{"@type":"SearchAction","target":{"@type":"EntryPoint","urlTemplate":"https:\/\/www.nexoinformativo.mx\/?s={search_term_string}"},"query-input":{"@type":"PropertyValueSpecification","valueRequired":true,"valueName":"search_term_string"}}],"inLanguage":"es"},{"@type":"Organization","@id":"https:\/\/www.nexoinformativo.mx\/#organization","name":"Nexo Informativo Santiago de Quer\u00e9taro","url":"https:\/\/www.nexoinformativo.mx\/","logo":{"@type":"ImageObject","inLanguage":"es","@id":"https:\/\/www.nexoinformativo.mx\/#\/schema\/logo\/image\/","url":"https:\/\/www.nexoinformativo.mx\/wp-content\/uploads\/2024\/07\/nexoi-trasparente-2.png","contentUrl":"https:\/\/www.nexoinformativo.mx\/wp-content\/uploads\/2024\/07\/nexoi-trasparente-2.png","width":816,"height":339,"caption":"Nexo Informativo Santiago de Quer\u00e9taro"},"image":{"@id":"https:\/\/www.nexoinformativo.mx\/#\/schema\/logo\/image\/"},"sameAs":["https:\/\/www.facebook.com\/people\/Nexo-Informativo\/61564066885511\/"]},{"@type":"Person","@id":"https:\/\/www.nexoinformativo.mx\/#\/schema\/person\/7749d380ba08c8ca00d7bc76fd907b7d","name":"Nexo Informativo","image":{"@type":"ImageObject","inLanguage":"es","@id":"https:\/\/www.nexoinformativo.mx\/#\/schema\/person\/image\/","url":"https:\/\/secure.gravatar.com\/avatar\/dde2928154642a13d95f87ddf1ea9718fe2b46760a005c53e41ff5ad610704e6?s=96&d=mm&r=g","contentUrl":"https:\/\/secure.gravatar.com\/avatar\/dde2928154642a13d95f87ddf1ea9718fe2b46760a005c53e41ff5ad610704e6?s=96&d=mm&r=g","caption":"Nexo Informativo"},"url":"https:\/\/www.nexoinformativo.mx\/index.php\/author\/edicion\/"}]}},"_links":{"self":[{"href":"https:\/\/www.nexoinformativo.mx\/index.php\/wp-json\/wp\/v2\/posts\/14029","targetHints":{"allow":["GET"]}}],"collection":[{"href":"https:\/\/www.nexoinformativo.mx\/index.php\/wp-json\/wp\/v2\/posts"}],"about":[{"href":"https:\/\/www.nexoinformativo.mx\/index.php\/wp-json\/wp\/v2\/types\/post"}],"author":[{"embeddable":true,"href":"https:\/\/www.nexoinformativo.mx\/index.php\/wp-json\/wp\/v2\/users\/3"}],"replies":[{"embeddable":true,"href":"https:\/\/www.nexoinformativo.mx\/index.php\/wp-json\/wp\/v2\/comments?post=14029"}],"version-history":[{"count":5,"href":"https:\/\/www.nexoinformativo.mx\/index.php\/wp-json\/wp\/v2\/posts\/14029\/revisions"}],"predecessor-version":[{"id":14033,"href":"https:\/\/www.nexoinformativo.mx\/index.php\/wp-json\/wp\/v2\/posts\/14029\/revisions\/14033"}],"wp:featuredmedia":[{"embeddable":true,"href":"https:\/\/www.nexoinformativo.mx\/index.php\/wp-json\/wp\/v2\/media\/14030"}],"wp:attachment":[{"href":"https:\/\/www.nexoinformativo.mx\/index.php\/wp-json\/wp\/v2\/media?parent=14029"}],"wp:term":[{"taxonomy":"category","embeddable":true,"href":"https:\/\/www.nexoinformativo.mx\/index.php\/wp-json\/wp\/v2\/categories?post=14029"},{"taxonomy":"post_tag","embeddable":true,"href":"https:\/\/www.nexoinformativo.mx\/index.php\/wp-json\/wp\/v2\/tags?post=14029"}],"curies":[{"name":"wp","href":"https:\/\/api.w.org\/{rel}","templated":true}]}}