{"id":1403,"date":"2024-09-01T18:00:35","date_gmt":"2024-09-02T00:00:35","guid":{"rendered":"https:\/\/www.nexoinformativo.mx\/?p=1403"},"modified":"2024-09-02T12:45:27","modified_gmt":"2024-09-02T18:45:27","slug":"premian-a-ganadores-del-1er-concurso-nacional-de-cortometrajes-en-pro-del-bienestar-animal-en-queretaro","status":"publish","type":"post","link":"https:\/\/www.nexoinformativo.mx\/index.php\/2024\/09\/01\/premian-a-ganadores-del-1er-concurso-nacional-de-cortometrajes-en-pro-del-bienestar-animal-en-queretaro\/","title":{"rendered":"Premian a ganadores del 1er Concurso Nacional de cortometrajes en Pro del bienestar animal en Quer\u00e9taro"},"content":{"rendered":"<p style=\"text-align: justify;\">El Presidente Municipal de Quer\u00e9taro, Luis Nava, encabez\u00f3 la premiaci\u00f3n del Primer Concurso Nacional de Cortometrajes en Pro del Bienestar Animal, un evento que busca sensibilizar y concientizar a la ciudadan\u00eda sobre el\u00a0 el tema. Durante la ceremonia, celebrada en la Sala VIP de Cin\u00e9polis de Plaza la Victoria, el alcalde hizo un llamado a los queretanos a involucrarse activamente en esta causa y a fomentar la cultura de la adopci\u00f3n y el cuidado de los animales.<\/p>\n<p>&nbsp;<\/p>\n<p style=\"text-align: justify;\">Luis Nava destac\u00f3 que este concurso ha permitido a muchos expresar, a trav\u00e9s del arte del cortometraje, sus experiencias y la necesidad de crear conciencia sobre el bienestar animal. &#8220;Es una forma l\u00fadica de generar conciencia en la poblaci\u00f3n. Ojal\u00e1 que todos podamos difundir estos materiales tan inspiradores y realistas que muestran lo que necesitamos hacer&#8221;, mencion\u00f3 Nava.<\/p>\n<p>&nbsp;<\/p>\n<p style=\"text-align: justify;\">Por su parte, Alejandra Haro de la Torre, Secretaria de Servicios P\u00fablicos Municipales, subray\u00f3 que durante los seis a\u00f1os de administraci\u00f3n del Presidente Luis Nava se han implementado diversas estrategias para promover el bienestar animal en Quer\u00e9taro. Desde campa\u00f1as de vacunaci\u00f3n y esterilizaci\u00f3n a bajo costo, hasta concursos de dibujo, fotograf\u00eda y ahora de cortometraje, todas estas acciones han buscado generar conciencia y responsabilidad en torno al cuidado de las mascotas.<\/p>\n<p>&nbsp;<\/p>\n<p><strong>Ganadores del concurso de cortometrajes<\/strong><\/p>\n<ul>\n<li style=\"text-align: justify;\">En la categor\u00eda infantil, Edgar David Camacho Flores\u00a0 &#8220;Adopta con ojos de amor&#8221;.<\/li>\n<li style=\"text-align: justify;\">En la categor\u00eda de estudiante o aficionado,\u00a0 Karla Ochoa Meza\u00a0 &#8220;Los gatos no son de la calle&#8221;.<\/li>\n<li style=\"text-align: justify;\">En la categor\u00eda profesional, Fernanda Prieto Huerta por &#8220;Contigo&#8221;.<\/li>\n<\/ul>\n<p>&nbsp;<\/p>\n<p><strong>Jurado<\/strong><\/p>\n<ul>\n<li style=\"text-align: justify;\">Licenciado en Artes Visuales, Edgar Gonz\u00e1lez<\/li>\n<li style=\"text-align: justify;\">Guionista y Productora Audiovisual, Brenda Grisel Morales Garc\u00eda<\/li>\n<li style=\"text-align: justify;\">Fotograf\u00eda, Dulce Aguilar Morales<\/li>\n<li style=\"text-align: justify;\">Animaci\u00f3n y Efectos Visuales, Jorge Mario Brenes Garc\u00eda<\/li>\n<\/ul>\n<p>&nbsp;<\/p>\n<p style=\"text-align: justify;\">Este concurso se espera que siga dando frutos con el apoyo y la participaci\u00f3n activa de todos los ciudadanos.<\/p>\n","protected":false},"excerpt":{"rendered":"<p>El Presidente Municipal de Quer\u00e9taro, Luis Nava, encabez\u00f3 la premiaci\u00f3n del Primer Concurso Nacional de Cortometrajes en Pro del Bienestar Animal, un evento que busca sensibilizar y concientizar a la ciudadan\u00eda sobre la tenencia responsable de mascotas y el bienestar animal. Durante la ceremonia, celebrada en la Sala VIP de Cin\u00e9polis de Plaza la Victoria, el alcalde hizo un llamado a los queretanos a involucrarse activamente en esta causa y a fomentar la cultura de la adopci\u00f3n y el cuidado de los animales.<\/p>\n","protected":false},"author":3,"featured_media":1404,"comment_status":"open","ping_status":"open","sticky":false,"template":"","format":"standard","meta":{"footnotes":""},"categories":[50,65],"tags":[411,410,414,412,413],"class_list":["post-1403","post","type-post","status-publish","format-standard","has-post-thumbnail","hentry","category-espectaculos","category-municipios","tag-adoptanocompres","tag-bienestaranimal","tag-cineporlosanimales","tag-culturaanimalqueretaro","tag-tenenciaresponsable"],"yoast_head":"<!-- This site is optimized with the Yoast SEO plugin v25.0 - https:\/\/yoast.com\/wordpress\/plugins\/seo\/ -->\n<title>Premian a ganadores del 1er Concurso Nacional de cortometrajes en Pro del bienestar animal en Quer\u00e9taro | Nexo Informativo Santiago de Quer\u00e9taro<\/title>\n<meta name=\"description\" content=\"Premian a ganadores del 1er Concurso Nacional de cortometrajes en Pro del bienestar animal en Quer\u00e9taro\" \/>\n<meta name=\"robots\" content=\"index, follow, max-snippet:-1, max-image-preview:large, max-video-preview:-1\" \/>\n<link rel=\"canonical\" href=\"https:\/\/www.nexoinformativo.mx\/index.php\/2024\/09\/01\/premian-a-ganadores-del-1er-concurso-nacional-de-cortometrajes-en-pro-del-bienestar-animal-en-queretaro\/\" \/>\n<meta property=\"og:locale\" content=\"es_MX\" \/>\n<meta property=\"og:type\" content=\"article\" \/>\n<meta property=\"og:title\" content=\"Premian a ganadores del 1er Concurso Nacional de cortometrajes en Pro del bienestar animal en Quer\u00e9taro | Nexo Informativo Santiago de Quer\u00e9taro\" \/>\n<meta property=\"og:description\" content=\"Premian a ganadores del 1er Concurso Nacional de cortometrajes en Pro del bienestar animal en Quer\u00e9taro\" \/>\n<meta property=\"og:url\" content=\"https:\/\/www.nexoinformativo.mx\/index.php\/2024\/09\/01\/premian-a-ganadores-del-1er-concurso-nacional-de-cortometrajes-en-pro-del-bienestar-animal-en-queretaro\/\" \/>\n<meta property=\"og:site_name\" content=\"Nexo Informativo Santiago de Quer\u00e9taro\" \/>\n<meta property=\"article:publisher\" content=\"https:\/\/www.facebook.com\/people\/Nexo-Informativo\/61564066885511\/\" \/>\n<meta property=\"article:published_time\" content=\"2024-09-02T00:00:35+00:00\" \/>\n<meta property=\"article:modified_time\" content=\"2024-09-02T18:45:27+00:00\" \/>\n<meta property=\"og:image\" content=\"https:\/\/www.nexoinformativo.mx\/wp-content\/uploads\/2024\/09\/PHOTO-2024-09-02-08-37-29-e1725297325273.jpg\" \/>\n\t<meta property=\"og:image:width\" content=\"800\" \/>\n\t<meta property=\"og:image:height\" content=\"533\" \/>\n\t<meta property=\"og:image:type\" content=\"image\/jpeg\" \/>\n<meta name=\"author\" content=\"Nexo Informativo\" \/>\n<meta name=\"twitter:card\" content=\"summary_large_image\" \/>\n<meta name=\"twitter:label1\" content=\"Escrito por\" \/>\n\t<meta name=\"twitter:data1\" content=\"Nexo Informativo\" \/>\n\t<meta name=\"twitter:label2\" content=\"Tiempo de lectura\" \/>\n\t<meta name=\"twitter:data2\" content=\"2 minutos\" \/>\n<script type=\"application\/ld+json\" class=\"yoast-schema-graph\">{\"@context\":\"https:\/\/schema.org\",\"@graph\":[{\"@type\":\"Article\",\"@id\":\"https:\/\/www.nexoinformativo.mx\/index.php\/2024\/09\/01\/premian-a-ganadores-del-1er-concurso-nacional-de-cortometrajes-en-pro-del-bienestar-animal-en-queretaro\/#article\",\"isPartOf\":{\"@id\":\"https:\/\/www.nexoinformativo.mx\/index.php\/2024\/09\/01\/premian-a-ganadores-del-1er-concurso-nacional-de-cortometrajes-en-pro-del-bienestar-animal-en-queretaro\/\"},\"author\":{\"name\":\"Nexo Informativo\",\"@id\":\"https:\/\/www.nexoinformativo.mx\/#\/schema\/person\/7749d380ba08c8ca00d7bc76fd907b7d\"},\"headline\":\"Premian a ganadores del 1er Concurso Nacional de cortometrajes en Pro del bienestar animal en Quer\u00e9taro\",\"datePublished\":\"2024-09-02T00:00:35+00:00\",\"dateModified\":\"2024-09-02T18:45:27+00:00\",\"mainEntityOfPage\":{\"@id\":\"https:\/\/www.nexoinformativo.mx\/index.php\/2024\/09\/01\/premian-a-ganadores-del-1er-concurso-nacional-de-cortometrajes-en-pro-del-bienestar-animal-en-queretaro\/\"},\"wordCount\":343,\"commentCount\":0,\"publisher\":{\"@id\":\"https:\/\/www.nexoinformativo.mx\/#organization\"},\"image\":{\"@id\":\"https:\/\/www.nexoinformativo.mx\/index.php\/2024\/09\/01\/premian-a-ganadores-del-1er-concurso-nacional-de-cortometrajes-en-pro-del-bienestar-animal-en-queretaro\/#primaryimage\"},\"thumbnailUrl\":\"https:\/\/www.nexoinformativo.mx\/wp-content\/uploads\/2024\/09\/PHOTO-2024-09-02-08-37-29-e1725297325273.jpg\",\"keywords\":[\"AdoptaNoCompres\",\"BienestarAnimal\",\"CinePorLosAnimales\",\"CulturaAnimalQuer\u00e9taro\",\"TenenciaResponsable\"],\"articleSection\":[\"Espect\u00e1culos\",\"Municipios\"],\"inLanguage\":\"es\",\"potentialAction\":[{\"@type\":\"CommentAction\",\"name\":\"Comment\",\"target\":[\"https:\/\/www.nexoinformativo.mx\/index.php\/2024\/09\/01\/premian-a-ganadores-del-1er-concurso-nacional-de-cortometrajes-en-pro-del-bienestar-animal-en-queretaro\/#respond\"]}]},{\"@type\":\"WebPage\",\"@id\":\"https:\/\/www.nexoinformativo.mx\/index.php\/2024\/09\/01\/premian-a-ganadores-del-1er-concurso-nacional-de-cortometrajes-en-pro-del-bienestar-animal-en-queretaro\/\",\"url\":\"https:\/\/www.nexoinformativo.mx\/index.php\/2024\/09\/01\/premian-a-ganadores-del-1er-concurso-nacional-de-cortometrajes-en-pro-del-bienestar-animal-en-queretaro\/\",\"name\":\"Premian a ganadores del 1er Concurso Nacional de cortometrajes en Pro del bienestar animal en Quer\u00e9taro | Nexo Informativo Santiago de Quer\u00e9taro\",\"isPartOf\":{\"@id\":\"https:\/\/www.nexoinformativo.mx\/#website\"},\"primaryImageOfPage\":{\"@id\":\"https:\/\/www.nexoinformativo.mx\/index.php\/2024\/09\/01\/premian-a-ganadores-del-1er-concurso-nacional-de-cortometrajes-en-pro-del-bienestar-animal-en-queretaro\/#primaryimage\"},\"image\":{\"@id\":\"https:\/\/www.nexoinformativo.mx\/index.php\/2024\/09\/01\/premian-a-ganadores-del-1er-concurso-nacional-de-cortometrajes-en-pro-del-bienestar-animal-en-queretaro\/#primaryimage\"},\"thumbnailUrl\":\"https:\/\/www.nexoinformativo.mx\/wp-content\/uploads\/2024\/09\/PHOTO-2024-09-02-08-37-29-e1725297325273.jpg\",\"datePublished\":\"2024-09-02T00:00:35+00:00\",\"dateModified\":\"2024-09-02T18:45:27+00:00\",\"description\":\"Premian a ganadores del 1er Concurso Nacional de cortometrajes en Pro del bienestar animal en Quer\u00e9taro\",\"breadcrumb\":{\"@id\":\"https:\/\/www.nexoinformativo.mx\/index.php\/2024\/09\/01\/premian-a-ganadores-del-1er-concurso-nacional-de-cortometrajes-en-pro-del-bienestar-animal-en-queretaro\/#breadcrumb\"},\"inLanguage\":\"es\",\"potentialAction\":[{\"@type\":\"ReadAction\",\"target\":[\"https:\/\/www.nexoinformativo.mx\/index.php\/2024\/09\/01\/premian-a-ganadores-del-1er-concurso-nacional-de-cortometrajes-en-pro-del-bienestar-animal-en-queretaro\/\"]}]},{\"@type\":\"ImageObject\",\"inLanguage\":\"es\",\"@id\":\"https:\/\/www.nexoinformativo.mx\/index.php\/2024\/09\/01\/premian-a-ganadores-del-1er-concurso-nacional-de-cortometrajes-en-pro-del-bienestar-animal-en-queretaro\/#primaryimage\",\"url\":\"https:\/\/www.nexoinformativo.mx\/wp-content\/uploads\/2024\/09\/PHOTO-2024-09-02-08-37-29-e1725297325273.jpg\",\"contentUrl\":\"https:\/\/www.nexoinformativo.mx\/wp-content\/uploads\/2024\/09\/PHOTO-2024-09-02-08-37-29-e1725297325273.jpg\",\"width\":800,\"height\":533},{\"@type\":\"BreadcrumbList\",\"@id\":\"https:\/\/www.nexoinformativo.mx\/index.php\/2024\/09\/01\/premian-a-ganadores-del-1er-concurso-nacional-de-cortometrajes-en-pro-del-bienestar-animal-en-queretaro\/#breadcrumb\",\"itemListElement\":[{\"@type\":\"ListItem\",\"position\":1,\"name\":\"Inicio\",\"item\":\"https:\/\/www.nexoinformativo.mx\/\"},{\"@type\":\"ListItem\",\"position\":2,\"name\":\"Premian a ganadores del 1er Concurso Nacional de cortometrajes en Pro del bienestar animal en Quer\u00e9taro\"}]},{\"@type\":\"WebSite\",\"@id\":\"https:\/\/www.nexoinformativo.mx\/#website\",\"url\":\"https:\/\/www.nexoinformativo.mx\/\",\"name\":\"Nexo Informativo Santiago de Quer\u00e9taro\",\"description\":\"Explora NexoInformativo y convi\u00e9rtete en parte de una comunidad que valora el conocimiento y la verdad. Tu nexoinformativo es tu puente hacia una comprensi\u00f3n m\u00e1s profunda del mundo que te rodea.\",\"publisher\":{\"@id\":\"https:\/\/www.nexoinformativo.mx\/#organization\"},\"potentialAction\":[{\"@type\":\"SearchAction\",\"target\":{\"@type\":\"EntryPoint\",\"urlTemplate\":\"https:\/\/www.nexoinformativo.mx\/?s={search_term_string}\"},\"query-input\":{\"@type\":\"PropertyValueSpecification\",\"valueRequired\":true,\"valueName\":\"search_term_string\"}}],\"inLanguage\":\"es\"},{\"@type\":\"Organization\",\"@id\":\"https:\/\/www.nexoinformativo.mx\/#organization\",\"name\":\"Nexo Informativo Santiago de Quer\u00e9taro\",\"url\":\"https:\/\/www.nexoinformativo.mx\/\",\"logo\":{\"@type\":\"ImageObject\",\"inLanguage\":\"es\",\"@id\":\"https:\/\/www.nexoinformativo.mx\/#\/schema\/logo\/image\/\",\"url\":\"https:\/\/www.nexoinformativo.mx\/wp-content\/uploads\/2024\/07\/nexoi-trasparente-2.png\",\"contentUrl\":\"https:\/\/www.nexoinformativo.mx\/wp-content\/uploads\/2024\/07\/nexoi-trasparente-2.png\",\"width\":816,\"height\":339,\"caption\":\"Nexo Informativo Santiago de Quer\u00e9taro\"},\"image\":{\"@id\":\"https:\/\/www.nexoinformativo.mx\/#\/schema\/logo\/image\/\"},\"sameAs\":[\"https:\/\/www.facebook.com\/people\/Nexo-Informativo\/61564066885511\/\"]},{\"@type\":\"Person\",\"@id\":\"https:\/\/www.nexoinformativo.mx\/#\/schema\/person\/7749d380ba08c8ca00d7bc76fd907b7d\",\"name\":\"Nexo Informativo\",\"image\":{\"@type\":\"ImageObject\",\"inLanguage\":\"es\",\"@id\":\"https:\/\/www.nexoinformativo.mx\/#\/schema\/person\/image\/\",\"url\":\"https:\/\/secure.gravatar.com\/avatar\/dde2928154642a13d95f87ddf1ea9718fe2b46760a005c53e41ff5ad610704e6?s=96&d=mm&r=g\",\"contentUrl\":\"https:\/\/secure.gravatar.com\/avatar\/dde2928154642a13d95f87ddf1ea9718fe2b46760a005c53e41ff5ad610704e6?s=96&d=mm&r=g\",\"caption\":\"Nexo Informativo\"},\"url\":\"https:\/\/www.nexoinformativo.mx\/index.php\/author\/edicion\/\"}]}<\/script>\n<!-- \/ Yoast SEO plugin. -->","yoast_head_json":{"title":"Premian a ganadores del 1er Concurso Nacional de cortometrajes en Pro del bienestar animal en Quer\u00e9taro | Nexo Informativo Santiago de Quer\u00e9taro","description":"Premian a ganadores del 1er Concurso Nacional de cortometrajes en Pro del bienestar animal en Quer\u00e9taro","robots":{"index":"index","follow":"follow","max-snippet":"max-snippet:-1","max-image-preview":"max-image-preview:large","max-video-preview":"max-video-preview:-1"},"canonical":"https:\/\/www.nexoinformativo.mx\/index.php\/2024\/09\/01\/premian-a-ganadores-del-1er-concurso-nacional-de-cortometrajes-en-pro-del-bienestar-animal-en-queretaro\/","og_locale":"es_MX","og_type":"article","og_title":"Premian a ganadores del 1er Concurso Nacional de cortometrajes en Pro del bienestar animal en Quer\u00e9taro | Nexo Informativo Santiago de Quer\u00e9taro","og_description":"Premian a ganadores del 1er Concurso Nacional de cortometrajes en Pro del bienestar animal en Quer\u00e9taro","og_url":"https:\/\/www.nexoinformativo.mx\/index.php\/2024\/09\/01\/premian-a-ganadores-del-1er-concurso-nacional-de-cortometrajes-en-pro-del-bienestar-animal-en-queretaro\/","og_site_name":"Nexo Informativo Santiago de Quer\u00e9taro","article_publisher":"https:\/\/www.facebook.com\/people\/Nexo-Informativo\/61564066885511\/","article_published_time":"2024-09-02T00:00:35+00:00","article_modified_time":"2024-09-02T18:45:27+00:00","og_image":[{"width":800,"height":533,"url":"https:\/\/www.nexoinformativo.mx\/wp-content\/uploads\/2024\/09\/PHOTO-2024-09-02-08-37-29-e1725297325273.jpg","type":"image\/jpeg"}],"author":"Nexo Informativo","twitter_card":"summary_large_image","twitter_misc":{"Escrito por":"Nexo Informativo","Tiempo de lectura":"2 minutos"},"schema":{"@context":"https:\/\/schema.org","@graph":[{"@type":"Article","@id":"https:\/\/www.nexoinformativo.mx\/index.php\/2024\/09\/01\/premian-a-ganadores-del-1er-concurso-nacional-de-cortometrajes-en-pro-del-bienestar-animal-en-queretaro\/#article","isPartOf":{"@id":"https:\/\/www.nexoinformativo.mx\/index.php\/2024\/09\/01\/premian-a-ganadores-del-1er-concurso-nacional-de-cortometrajes-en-pro-del-bienestar-animal-en-queretaro\/"},"author":{"name":"Nexo Informativo","@id":"https:\/\/www.nexoinformativo.mx\/#\/schema\/person\/7749d380ba08c8ca00d7bc76fd907b7d"},"headline":"Premian a ganadores del 1er Concurso Nacional de cortometrajes en Pro del bienestar animal en Quer\u00e9taro","datePublished":"2024-09-02T00:00:35+00:00","dateModified":"2024-09-02T18:45:27+00:00","mainEntityOfPage":{"@id":"https:\/\/www.nexoinformativo.mx\/index.php\/2024\/09\/01\/premian-a-ganadores-del-1er-concurso-nacional-de-cortometrajes-en-pro-del-bienestar-animal-en-queretaro\/"},"wordCount":343,"commentCount":0,"publisher":{"@id":"https:\/\/www.nexoinformativo.mx\/#organization"},"image":{"@id":"https:\/\/www.nexoinformativo.mx\/index.php\/2024\/09\/01\/premian-a-ganadores-del-1er-concurso-nacional-de-cortometrajes-en-pro-del-bienestar-animal-en-queretaro\/#primaryimage"},"thumbnailUrl":"https:\/\/www.nexoinformativo.mx\/wp-content\/uploads\/2024\/09\/PHOTO-2024-09-02-08-37-29-e1725297325273.jpg","keywords":["AdoptaNoCompres","BienestarAnimal","CinePorLosAnimales","CulturaAnimalQuer\u00e9taro","TenenciaResponsable"],"articleSection":["Espect\u00e1culos","Municipios"],"inLanguage":"es","potentialAction":[{"@type":"CommentAction","name":"Comment","target":["https:\/\/www.nexoinformativo.mx\/index.php\/2024\/09\/01\/premian-a-ganadores-del-1er-concurso-nacional-de-cortometrajes-en-pro-del-bienestar-animal-en-queretaro\/#respond"]}]},{"@type":"WebPage","@id":"https:\/\/www.nexoinformativo.mx\/index.php\/2024\/09\/01\/premian-a-ganadores-del-1er-concurso-nacional-de-cortometrajes-en-pro-del-bienestar-animal-en-queretaro\/","url":"https:\/\/www.nexoinformativo.mx\/index.php\/2024\/09\/01\/premian-a-ganadores-del-1er-concurso-nacional-de-cortometrajes-en-pro-del-bienestar-animal-en-queretaro\/","name":"Premian a ganadores del 1er Concurso Nacional de cortometrajes en Pro del bienestar animal en Quer\u00e9taro | Nexo Informativo Santiago de Quer\u00e9taro","isPartOf":{"@id":"https:\/\/www.nexoinformativo.mx\/#website"},"primaryImageOfPage":{"@id":"https:\/\/www.nexoinformativo.mx\/index.php\/2024\/09\/01\/premian-a-ganadores-del-1er-concurso-nacional-de-cortometrajes-en-pro-del-bienestar-animal-en-queretaro\/#primaryimage"},"image":{"@id":"https:\/\/www.nexoinformativo.mx\/index.php\/2024\/09\/01\/premian-a-ganadores-del-1er-concurso-nacional-de-cortometrajes-en-pro-del-bienestar-animal-en-queretaro\/#primaryimage"},"thumbnailUrl":"https:\/\/www.nexoinformativo.mx\/wp-content\/uploads\/2024\/09\/PHOTO-2024-09-02-08-37-29-e1725297325273.jpg","datePublished":"2024-09-02T00:00:35+00:00","dateModified":"2024-09-02T18:45:27+00:00","description":"Premian a ganadores del 1er Concurso Nacional de cortometrajes en Pro del bienestar animal en Quer\u00e9taro","breadcrumb":{"@id":"https:\/\/www.nexoinformativo.mx\/index.php\/2024\/09\/01\/premian-a-ganadores-del-1er-concurso-nacional-de-cortometrajes-en-pro-del-bienestar-animal-en-queretaro\/#breadcrumb"},"inLanguage":"es","potentialAction":[{"@type":"ReadAction","target":["https:\/\/www.nexoinformativo.mx\/index.php\/2024\/09\/01\/premian-a-ganadores-del-1er-concurso-nacional-de-cortometrajes-en-pro-del-bienestar-animal-en-queretaro\/"]}]},{"@type":"ImageObject","inLanguage":"es","@id":"https:\/\/www.nexoinformativo.mx\/index.php\/2024\/09\/01\/premian-a-ganadores-del-1er-concurso-nacional-de-cortometrajes-en-pro-del-bienestar-animal-en-queretaro\/#primaryimage","url":"https:\/\/www.nexoinformativo.mx\/wp-content\/uploads\/2024\/09\/PHOTO-2024-09-02-08-37-29-e1725297325273.jpg","contentUrl":"https:\/\/www.nexoinformativo.mx\/wp-content\/uploads\/2024\/09\/PHOTO-2024-09-02-08-37-29-e1725297325273.jpg","width":800,"height":533},{"@type":"BreadcrumbList","@id":"https:\/\/www.nexoinformativo.mx\/index.php\/2024\/09\/01\/premian-a-ganadores-del-1er-concurso-nacional-de-cortometrajes-en-pro-del-bienestar-animal-en-queretaro\/#breadcrumb","itemListElement":[{"@type":"ListItem","position":1,"name":"Inicio","item":"https:\/\/www.nexoinformativo.mx\/"},{"@type":"ListItem","position":2,"name":"Premian a ganadores del 1er Concurso Nacional de cortometrajes en Pro del bienestar animal en Quer\u00e9taro"}]},{"@type":"WebSite","@id":"https:\/\/www.nexoinformativo.mx\/#website","url":"https:\/\/www.nexoinformativo.mx\/","name":"Nexo Informativo Santiago de Quer\u00e9taro","description":"Explora NexoInformativo y convi\u00e9rtete en parte de una comunidad que valora el conocimiento y la verdad. Tu nexoinformativo es tu puente hacia una comprensi\u00f3n m\u00e1s profunda del mundo que te rodea.","publisher":{"@id":"https:\/\/www.nexoinformativo.mx\/#organization"},"potentialAction":[{"@type":"SearchAction","target":{"@type":"EntryPoint","urlTemplate":"https:\/\/www.nexoinformativo.mx\/?s={search_term_string}"},"query-input":{"@type":"PropertyValueSpecification","valueRequired":true,"valueName":"search_term_string"}}],"inLanguage":"es"},{"@type":"Organization","@id":"https:\/\/www.nexoinformativo.mx\/#organization","name":"Nexo Informativo Santiago de Quer\u00e9taro","url":"https:\/\/www.nexoinformativo.mx\/","logo":{"@type":"ImageObject","inLanguage":"es","@id":"https:\/\/www.nexoinformativo.mx\/#\/schema\/logo\/image\/","url":"https:\/\/www.nexoinformativo.mx\/wp-content\/uploads\/2024\/07\/nexoi-trasparente-2.png","contentUrl":"https:\/\/www.nexoinformativo.mx\/wp-content\/uploads\/2024\/07\/nexoi-trasparente-2.png","width":816,"height":339,"caption":"Nexo Informativo Santiago de Quer\u00e9taro"},"image":{"@id":"https:\/\/www.nexoinformativo.mx\/#\/schema\/logo\/image\/"},"sameAs":["https:\/\/www.facebook.com\/people\/Nexo-Informativo\/61564066885511\/"]},{"@type":"Person","@id":"https:\/\/www.nexoinformativo.mx\/#\/schema\/person\/7749d380ba08c8ca00d7bc76fd907b7d","name":"Nexo Informativo","image":{"@type":"ImageObject","inLanguage":"es","@id":"https:\/\/www.nexoinformativo.mx\/#\/schema\/person\/image\/","url":"https:\/\/secure.gravatar.com\/avatar\/dde2928154642a13d95f87ddf1ea9718fe2b46760a005c53e41ff5ad610704e6?s=96&d=mm&r=g","contentUrl":"https:\/\/secure.gravatar.com\/avatar\/dde2928154642a13d95f87ddf1ea9718fe2b46760a005c53e41ff5ad610704e6?s=96&d=mm&r=g","caption":"Nexo Informativo"},"url":"https:\/\/www.nexoinformativo.mx\/index.php\/author\/edicion\/"}]}},"_links":{"self":[{"href":"https:\/\/www.nexoinformativo.mx\/index.php\/wp-json\/wp\/v2\/posts\/1403","targetHints":{"allow":["GET"]}}],"collection":[{"href":"https:\/\/www.nexoinformativo.mx\/index.php\/wp-json\/wp\/v2\/posts"}],"about":[{"href":"https:\/\/www.nexoinformativo.mx\/index.php\/wp-json\/wp\/v2\/types\/post"}],"author":[{"embeddable":true,"href":"https:\/\/www.nexoinformativo.mx\/index.php\/wp-json\/wp\/v2\/users\/3"}],"replies":[{"embeddable":true,"href":"https:\/\/www.nexoinformativo.mx\/index.php\/wp-json\/wp\/v2\/comments?post=1403"}],"version-history":[{"count":4,"href":"https:\/\/www.nexoinformativo.mx\/index.php\/wp-json\/wp\/v2\/posts\/1403\/revisions"}],"predecessor-version":[{"id":1434,"href":"https:\/\/www.nexoinformativo.mx\/index.php\/wp-json\/wp\/v2\/posts\/1403\/revisions\/1434"}],"wp:featuredmedia":[{"embeddable":true,"href":"https:\/\/www.nexoinformativo.mx\/index.php\/wp-json\/wp\/v2\/media\/1404"}],"wp:attachment":[{"href":"https:\/\/www.nexoinformativo.mx\/index.php\/wp-json\/wp\/v2\/media?parent=1403"}],"wp:term":[{"taxonomy":"category","embeddable":true,"href":"https:\/\/www.nexoinformativo.mx\/index.php\/wp-json\/wp\/v2\/categories?post=1403"},{"taxonomy":"post_tag","embeddable":true,"href":"https:\/\/www.nexoinformativo.mx\/index.php\/wp-json\/wp\/v2\/tags?post=1403"}],"curies":[{"name":"wp","href":"https:\/\/api.w.org\/{rel}","templated":true}]}}