{"id":14042,"date":"2025-04-11T12:30:54","date_gmt":"2025-04-11T18:30:54","guid":{"rendered":"https:\/\/www.nexoinformativo.mx\/?p=14042"},"modified":"2025-04-11T14:44:50","modified_gmt":"2025-04-11T20:44:50","slug":"paraderos-dignos-para-usuarios-qrobus-renueva-sus-estaciones-en-la-zona-metropolitana","status":"publish","type":"post","link":"https:\/\/www.nexoinformativo.mx\/index.php\/2025\/04\/11\/paraderos-dignos-para-usuarios-qrobus-renueva-sus-estaciones-en-la-zona-metropolitana\/","title":{"rendered":"Paraderos dignos para usuarios Qrobus renueva sus estaciones en la zona Metropolitana"},"content":{"rendered":"<p style=\"text-align: justify;\" data-sourcepos=\"11:1-11:317\">La Agencia de Movilidad del Estado de Quer\u00e9taro (AMEQ) ha puesto en marcha un plan de renovaci\u00f3n y rehabilitaci\u00f3n de los paraderos del sistema de transporte p\u00fablico colectivo Qrobus, con una inversi\u00f3n inicial de 5 millones de pesos. As\u00ed lo inform\u00f3 el director de la AMEQ, Gerardo Cuanalo.<\/p>\n<p>&nbsp;<\/p>\n<p style=\"text-align: justify;\" data-sourcepos=\"13:1-13:299\">El director se\u00f1al\u00f3 que se tiene previsto intervenir un total de 60 paraderos ubicados en la zona metropolitana, priorizando aquellos que registran la mayor afluencia de usuarios.<\/p>\n<p>&nbsp;<\/p>\n<p style=\"text-align: justify;\" data-sourcepos=\"13:1-13:299\">Los trabajos iniciales ya comenzaron en dos paraderos estrat\u00e9gicos situados en las avenidas Luis Pasteur y Luis M. Vega.<\/p>\n<p>&nbsp;<\/p>\n<p style=\"text-align: justify;\" data-sourcepos=\"15:1-15:388\">La rehabilitaci\u00f3n de estos espacios se llevar\u00e1 a cabo en un periodo aproximado de tres meses, con la intenci\u00f3n de avanzar significativamente durante las vacaciones de Semana Santa y Pascua.<\/p>\n<p>&nbsp;<\/p>\n<p style=\"text-align: justify;\" data-sourcepos=\"15:1-15:388\">Cuanalo detall\u00f3 que los paraderos renovados contar\u00e1n con techo, iluminaci\u00f3n adecuada y otros elementos que los convertir\u00e1n en espacios dignos y confortables para los usuarios del transporte p\u00fablico.<\/p>\n<p>&nbsp;<\/p>\n<p style=\"text-align: center;\" data-sourcepos=\"15:1-15:388\"><em><strong>\u00a1Informaci\u00f3n que transforma!<\/strong><\/em><\/p>\n","protected":false},"excerpt":{"rendered":"<p>La Agencia de Movilidad del Estado de Quer\u00e9taro (AMEQ) ha puesto en marcha un plan de renovaci\u00f3n y rehabilitaci\u00f3n de los paraderos del sistema de transporte p\u00fablico colectivo Qrobus, con una inversi\u00f3n inicial de 5 millones de pesos. As\u00ed lo inform\u00f3 el director de la AMEQ, Gerardo Cuanalo.<\/p>\n","protected":false},"author":3,"featured_media":14043,"comment_status":"open","ping_status":"open","sticky":false,"template":"","format":"standard","meta":{"footnotes":""},"categories":[42,58],"tags":[2905,3556,4107,4106],"class_list":["post-14042","post","type-post","status-publish","format-standard","has-post-thumbnail","hentry","category-estado","category-ultima-hora","tag-ameq","tag-movilidadqro","tag-paraderosdignos","tag-qrobusmejora"],"yoast_head":"<!-- This site is optimized with the Yoast SEO plugin v25.0 - https:\/\/yoast.com\/wordpress\/plugins\/seo\/ -->\n<title>Paraderos dignos para usuarios Qrobus renueva sus estaciones en la zona Metropolitana | Nexo Informativo Santiago de Quer\u00e9taro<\/title>\n<meta name=\"description\" content=\"Paraderos dignos para usuarios Qrobus renueva sus estaciones en la zona Metropolitana\" \/>\n<meta name=\"robots\" content=\"index, follow, max-snippet:-1, max-image-preview:large, max-video-preview:-1\" \/>\n<link rel=\"canonical\" href=\"https:\/\/www.nexoinformativo.mx\/index.php\/2025\/04\/11\/paraderos-dignos-para-usuarios-qrobus-renueva-sus-estaciones-en-la-zona-metropolitana\/\" \/>\n<meta property=\"og:locale\" content=\"es_MX\" \/>\n<meta property=\"og:type\" content=\"article\" \/>\n<meta property=\"og:title\" content=\"Paraderos dignos para usuarios Qrobus renueva sus estaciones en la zona Metropolitana | Nexo Informativo Santiago de Quer\u00e9taro\" \/>\n<meta property=\"og:description\" content=\"Paraderos dignos para usuarios Qrobus renueva sus estaciones en la zona Metropolitana\" \/>\n<meta property=\"og:url\" content=\"https:\/\/www.nexoinformativo.mx\/index.php\/2025\/04\/11\/paraderos-dignos-para-usuarios-qrobus-renueva-sus-estaciones-en-la-zona-metropolitana\/\" \/>\n<meta property=\"og:site_name\" content=\"Nexo Informativo Santiago de Quer\u00e9taro\" \/>\n<meta property=\"article:publisher\" content=\"https:\/\/www.facebook.com\/people\/Nexo-Informativo\/61564066885511\/\" \/>\n<meta property=\"article:published_time\" content=\"2025-04-11T18:30:54+00:00\" \/>\n<meta property=\"article:modified_time\" content=\"2025-04-11T20:44:50+00:00\" \/>\n<meta property=\"og:image\" content=\"https:\/\/www.nexoinformativo.mx\/wp-content\/uploads\/2025\/04\/PHOTO-2025-04-11-12-26-50-e1744403826134.jpg\" \/>\n\t<meta property=\"og:image:width\" content=\"800\" \/>\n\t<meta property=\"og:image:height\" content=\"600\" \/>\n\t<meta property=\"og:image:type\" content=\"image\/jpeg\" \/>\n<meta name=\"author\" content=\"Nexo Informativo\" \/>\n<meta name=\"twitter:card\" content=\"summary_large_image\" \/>\n<meta name=\"twitter:label1\" content=\"Escrito por\" \/>\n\t<meta name=\"twitter:data1\" content=\"Nexo Informativo\" \/>\n\t<meta name=\"twitter:label2\" content=\"Tiempo de lectura\" \/>\n\t<meta name=\"twitter:data2\" content=\"1 minuto\" \/>\n<script type=\"application\/ld+json\" class=\"yoast-schema-graph\">{\"@context\":\"https:\/\/schema.org\",\"@graph\":[{\"@type\":\"Article\",\"@id\":\"https:\/\/www.nexoinformativo.mx\/index.php\/2025\/04\/11\/paraderos-dignos-para-usuarios-qrobus-renueva-sus-estaciones-en-la-zona-metropolitana\/#article\",\"isPartOf\":{\"@id\":\"https:\/\/www.nexoinformativo.mx\/index.php\/2025\/04\/11\/paraderos-dignos-para-usuarios-qrobus-renueva-sus-estaciones-en-la-zona-metropolitana\/\"},\"author\":{\"name\":\"Nexo Informativo\",\"@id\":\"https:\/\/www.nexoinformativo.mx\/#\/schema\/person\/7749d380ba08c8ca00d7bc76fd907b7d\"},\"headline\":\"Paraderos dignos para usuarios Qrobus renueva sus estaciones en la zona Metropolitana\",\"datePublished\":\"2025-04-11T18:30:54+00:00\",\"dateModified\":\"2025-04-11T20:44:50+00:00\",\"mainEntityOfPage\":{\"@id\":\"https:\/\/www.nexoinformativo.mx\/index.php\/2025\/04\/11\/paraderos-dignos-para-usuarios-qrobus-renueva-sus-estaciones-en-la-zona-metropolitana\/\"},\"wordCount\":184,\"commentCount\":0,\"publisher\":{\"@id\":\"https:\/\/www.nexoinformativo.mx\/#organization\"},\"image\":{\"@id\":\"https:\/\/www.nexoinformativo.mx\/index.php\/2025\/04\/11\/paraderos-dignos-para-usuarios-qrobus-renueva-sus-estaciones-en-la-zona-metropolitana\/#primaryimage\"},\"thumbnailUrl\":\"https:\/\/www.nexoinformativo.mx\/wp-content\/uploads\/2025\/04\/PHOTO-2025-04-11-12-26-50-e1744403826134.jpg\",\"keywords\":[\"AMEQ\",\"MovilidadQro\",\"ParaderosDignos\",\"QrobusMejora\"],\"articleSection\":[\"Estado\",\"\u00daltima Hora\"],\"inLanguage\":\"es\",\"potentialAction\":[{\"@type\":\"CommentAction\",\"name\":\"Comment\",\"target\":[\"https:\/\/www.nexoinformativo.mx\/index.php\/2025\/04\/11\/paraderos-dignos-para-usuarios-qrobus-renueva-sus-estaciones-en-la-zona-metropolitana\/#respond\"]}]},{\"@type\":\"WebPage\",\"@id\":\"https:\/\/www.nexoinformativo.mx\/index.php\/2025\/04\/11\/paraderos-dignos-para-usuarios-qrobus-renueva-sus-estaciones-en-la-zona-metropolitana\/\",\"url\":\"https:\/\/www.nexoinformativo.mx\/index.php\/2025\/04\/11\/paraderos-dignos-para-usuarios-qrobus-renueva-sus-estaciones-en-la-zona-metropolitana\/\",\"name\":\"Paraderos dignos para usuarios Qrobus renueva sus estaciones en la zona Metropolitana | Nexo Informativo Santiago de Quer\u00e9taro\",\"isPartOf\":{\"@id\":\"https:\/\/www.nexoinformativo.mx\/#website\"},\"primaryImageOfPage\":{\"@id\":\"https:\/\/www.nexoinformativo.mx\/index.php\/2025\/04\/11\/paraderos-dignos-para-usuarios-qrobus-renueva-sus-estaciones-en-la-zona-metropolitana\/#primaryimage\"},\"image\":{\"@id\":\"https:\/\/www.nexoinformativo.mx\/index.php\/2025\/04\/11\/paraderos-dignos-para-usuarios-qrobus-renueva-sus-estaciones-en-la-zona-metropolitana\/#primaryimage\"},\"thumbnailUrl\":\"https:\/\/www.nexoinformativo.mx\/wp-content\/uploads\/2025\/04\/PHOTO-2025-04-11-12-26-50-e1744403826134.jpg\",\"datePublished\":\"2025-04-11T18:30:54+00:00\",\"dateModified\":\"2025-04-11T20:44:50+00:00\",\"description\":\"Paraderos dignos para usuarios Qrobus renueva sus estaciones en la zona Metropolitana\",\"breadcrumb\":{\"@id\":\"https:\/\/www.nexoinformativo.mx\/index.php\/2025\/04\/11\/paraderos-dignos-para-usuarios-qrobus-renueva-sus-estaciones-en-la-zona-metropolitana\/#breadcrumb\"},\"inLanguage\":\"es\",\"potentialAction\":[{\"@type\":\"ReadAction\",\"target\":[\"https:\/\/www.nexoinformativo.mx\/index.php\/2025\/04\/11\/paraderos-dignos-para-usuarios-qrobus-renueva-sus-estaciones-en-la-zona-metropolitana\/\"]}]},{\"@type\":\"ImageObject\",\"inLanguage\":\"es\",\"@id\":\"https:\/\/www.nexoinformativo.mx\/index.php\/2025\/04\/11\/paraderos-dignos-para-usuarios-qrobus-renueva-sus-estaciones-en-la-zona-metropolitana\/#primaryimage\",\"url\":\"https:\/\/www.nexoinformativo.mx\/wp-content\/uploads\/2025\/04\/PHOTO-2025-04-11-12-26-50-e1744403826134.jpg\",\"contentUrl\":\"https:\/\/www.nexoinformativo.mx\/wp-content\/uploads\/2025\/04\/PHOTO-2025-04-11-12-26-50-e1744403826134.jpg\",\"width\":800,\"height\":600},{\"@type\":\"BreadcrumbList\",\"@id\":\"https:\/\/www.nexoinformativo.mx\/index.php\/2025\/04\/11\/paraderos-dignos-para-usuarios-qrobus-renueva-sus-estaciones-en-la-zona-metropolitana\/#breadcrumb\",\"itemListElement\":[{\"@type\":\"ListItem\",\"position\":1,\"name\":\"Inicio\",\"item\":\"https:\/\/www.nexoinformativo.mx\/\"},{\"@type\":\"ListItem\",\"position\":2,\"name\":\"Paraderos dignos para usuarios Qrobus renueva sus estaciones en la zona Metropolitana\"}]},{\"@type\":\"WebSite\",\"@id\":\"https:\/\/www.nexoinformativo.mx\/#website\",\"url\":\"https:\/\/www.nexoinformativo.mx\/\",\"name\":\"Nexo Informativo Santiago de Quer\u00e9taro\",\"description\":\"Explora NexoInformativo y convi\u00e9rtete en parte de una comunidad que valora el conocimiento y la verdad. Tu nexoinformativo es tu puente hacia una comprensi\u00f3n m\u00e1s profunda del mundo que te rodea.\",\"publisher\":{\"@id\":\"https:\/\/www.nexoinformativo.mx\/#organization\"},\"potentialAction\":[{\"@type\":\"SearchAction\",\"target\":{\"@type\":\"EntryPoint\",\"urlTemplate\":\"https:\/\/www.nexoinformativo.mx\/?s={search_term_string}\"},\"query-input\":{\"@type\":\"PropertyValueSpecification\",\"valueRequired\":true,\"valueName\":\"search_term_string\"}}],\"inLanguage\":\"es\"},{\"@type\":\"Organization\",\"@id\":\"https:\/\/www.nexoinformativo.mx\/#organization\",\"name\":\"Nexo Informativo Santiago de Quer\u00e9taro\",\"url\":\"https:\/\/www.nexoinformativo.mx\/\",\"logo\":{\"@type\":\"ImageObject\",\"inLanguage\":\"es\",\"@id\":\"https:\/\/www.nexoinformativo.mx\/#\/schema\/logo\/image\/\",\"url\":\"https:\/\/www.nexoinformativo.mx\/wp-content\/uploads\/2024\/07\/nexoi-trasparente-2.png\",\"contentUrl\":\"https:\/\/www.nexoinformativo.mx\/wp-content\/uploads\/2024\/07\/nexoi-trasparente-2.png\",\"width\":816,\"height\":339,\"caption\":\"Nexo Informativo Santiago de Quer\u00e9taro\"},\"image\":{\"@id\":\"https:\/\/www.nexoinformativo.mx\/#\/schema\/logo\/image\/\"},\"sameAs\":[\"https:\/\/www.facebook.com\/people\/Nexo-Informativo\/61564066885511\/\"]},{\"@type\":\"Person\",\"@id\":\"https:\/\/www.nexoinformativo.mx\/#\/schema\/person\/7749d380ba08c8ca00d7bc76fd907b7d\",\"name\":\"Nexo Informativo\",\"image\":{\"@type\":\"ImageObject\",\"inLanguage\":\"es\",\"@id\":\"https:\/\/www.nexoinformativo.mx\/#\/schema\/person\/image\/\",\"url\":\"https:\/\/secure.gravatar.com\/avatar\/dde2928154642a13d95f87ddf1ea9718fe2b46760a005c53e41ff5ad610704e6?s=96&d=mm&r=g\",\"contentUrl\":\"https:\/\/secure.gravatar.com\/avatar\/dde2928154642a13d95f87ddf1ea9718fe2b46760a005c53e41ff5ad610704e6?s=96&d=mm&r=g\",\"caption\":\"Nexo Informativo\"},\"url\":\"https:\/\/www.nexoinformativo.mx\/index.php\/author\/edicion\/\"}]}<\/script>\n<!-- \/ Yoast SEO plugin. -->","yoast_head_json":{"title":"Paraderos dignos para usuarios Qrobus renueva sus estaciones en la zona Metropolitana | Nexo Informativo Santiago de Quer\u00e9taro","description":"Paraderos dignos para usuarios Qrobus renueva sus estaciones en la zona Metropolitana","robots":{"index":"index","follow":"follow","max-snippet":"max-snippet:-1","max-image-preview":"max-image-preview:large","max-video-preview":"max-video-preview:-1"},"canonical":"https:\/\/www.nexoinformativo.mx\/index.php\/2025\/04\/11\/paraderos-dignos-para-usuarios-qrobus-renueva-sus-estaciones-en-la-zona-metropolitana\/","og_locale":"es_MX","og_type":"article","og_title":"Paraderos dignos para usuarios Qrobus renueva sus estaciones en la zona Metropolitana | Nexo Informativo Santiago de Quer\u00e9taro","og_description":"Paraderos dignos para usuarios Qrobus renueva sus estaciones en la zona Metropolitana","og_url":"https:\/\/www.nexoinformativo.mx\/index.php\/2025\/04\/11\/paraderos-dignos-para-usuarios-qrobus-renueva-sus-estaciones-en-la-zona-metropolitana\/","og_site_name":"Nexo Informativo Santiago de Quer\u00e9taro","article_publisher":"https:\/\/www.facebook.com\/people\/Nexo-Informativo\/61564066885511\/","article_published_time":"2025-04-11T18:30:54+00:00","article_modified_time":"2025-04-11T20:44:50+00:00","og_image":[{"width":800,"height":600,"url":"https:\/\/www.nexoinformativo.mx\/wp-content\/uploads\/2025\/04\/PHOTO-2025-04-11-12-26-50-e1744403826134.jpg","type":"image\/jpeg"}],"author":"Nexo Informativo","twitter_card":"summary_large_image","twitter_misc":{"Escrito por":"Nexo Informativo","Tiempo de lectura":"1 minuto"},"schema":{"@context":"https:\/\/schema.org","@graph":[{"@type":"Article","@id":"https:\/\/www.nexoinformativo.mx\/index.php\/2025\/04\/11\/paraderos-dignos-para-usuarios-qrobus-renueva-sus-estaciones-en-la-zona-metropolitana\/#article","isPartOf":{"@id":"https:\/\/www.nexoinformativo.mx\/index.php\/2025\/04\/11\/paraderos-dignos-para-usuarios-qrobus-renueva-sus-estaciones-en-la-zona-metropolitana\/"},"author":{"name":"Nexo Informativo","@id":"https:\/\/www.nexoinformativo.mx\/#\/schema\/person\/7749d380ba08c8ca00d7bc76fd907b7d"},"headline":"Paraderos dignos para usuarios Qrobus renueva sus estaciones en la zona Metropolitana","datePublished":"2025-04-11T18:30:54+00:00","dateModified":"2025-04-11T20:44:50+00:00","mainEntityOfPage":{"@id":"https:\/\/www.nexoinformativo.mx\/index.php\/2025\/04\/11\/paraderos-dignos-para-usuarios-qrobus-renueva-sus-estaciones-en-la-zona-metropolitana\/"},"wordCount":184,"commentCount":0,"publisher":{"@id":"https:\/\/www.nexoinformativo.mx\/#organization"},"image":{"@id":"https:\/\/www.nexoinformativo.mx\/index.php\/2025\/04\/11\/paraderos-dignos-para-usuarios-qrobus-renueva-sus-estaciones-en-la-zona-metropolitana\/#primaryimage"},"thumbnailUrl":"https:\/\/www.nexoinformativo.mx\/wp-content\/uploads\/2025\/04\/PHOTO-2025-04-11-12-26-50-e1744403826134.jpg","keywords":["AMEQ","MovilidadQro","ParaderosDignos","QrobusMejora"],"articleSection":["Estado","\u00daltima Hora"],"inLanguage":"es","potentialAction":[{"@type":"CommentAction","name":"Comment","target":["https:\/\/www.nexoinformativo.mx\/index.php\/2025\/04\/11\/paraderos-dignos-para-usuarios-qrobus-renueva-sus-estaciones-en-la-zona-metropolitana\/#respond"]}]},{"@type":"WebPage","@id":"https:\/\/www.nexoinformativo.mx\/index.php\/2025\/04\/11\/paraderos-dignos-para-usuarios-qrobus-renueva-sus-estaciones-en-la-zona-metropolitana\/","url":"https:\/\/www.nexoinformativo.mx\/index.php\/2025\/04\/11\/paraderos-dignos-para-usuarios-qrobus-renueva-sus-estaciones-en-la-zona-metropolitana\/","name":"Paraderos dignos para usuarios Qrobus renueva sus estaciones en la zona Metropolitana | Nexo Informativo Santiago de Quer\u00e9taro","isPartOf":{"@id":"https:\/\/www.nexoinformativo.mx\/#website"},"primaryImageOfPage":{"@id":"https:\/\/www.nexoinformativo.mx\/index.php\/2025\/04\/11\/paraderos-dignos-para-usuarios-qrobus-renueva-sus-estaciones-en-la-zona-metropolitana\/#primaryimage"},"image":{"@id":"https:\/\/www.nexoinformativo.mx\/index.php\/2025\/04\/11\/paraderos-dignos-para-usuarios-qrobus-renueva-sus-estaciones-en-la-zona-metropolitana\/#primaryimage"},"thumbnailUrl":"https:\/\/www.nexoinformativo.mx\/wp-content\/uploads\/2025\/04\/PHOTO-2025-04-11-12-26-50-e1744403826134.jpg","datePublished":"2025-04-11T18:30:54+00:00","dateModified":"2025-04-11T20:44:50+00:00","description":"Paraderos dignos para usuarios Qrobus renueva sus estaciones en la zona Metropolitana","breadcrumb":{"@id":"https:\/\/www.nexoinformativo.mx\/index.php\/2025\/04\/11\/paraderos-dignos-para-usuarios-qrobus-renueva-sus-estaciones-en-la-zona-metropolitana\/#breadcrumb"},"inLanguage":"es","potentialAction":[{"@type":"ReadAction","target":["https:\/\/www.nexoinformativo.mx\/index.php\/2025\/04\/11\/paraderos-dignos-para-usuarios-qrobus-renueva-sus-estaciones-en-la-zona-metropolitana\/"]}]},{"@type":"ImageObject","inLanguage":"es","@id":"https:\/\/www.nexoinformativo.mx\/index.php\/2025\/04\/11\/paraderos-dignos-para-usuarios-qrobus-renueva-sus-estaciones-en-la-zona-metropolitana\/#primaryimage","url":"https:\/\/www.nexoinformativo.mx\/wp-content\/uploads\/2025\/04\/PHOTO-2025-04-11-12-26-50-e1744403826134.jpg","contentUrl":"https:\/\/www.nexoinformativo.mx\/wp-content\/uploads\/2025\/04\/PHOTO-2025-04-11-12-26-50-e1744403826134.jpg","width":800,"height":600},{"@type":"BreadcrumbList","@id":"https:\/\/www.nexoinformativo.mx\/index.php\/2025\/04\/11\/paraderos-dignos-para-usuarios-qrobus-renueva-sus-estaciones-en-la-zona-metropolitana\/#breadcrumb","itemListElement":[{"@type":"ListItem","position":1,"name":"Inicio","item":"https:\/\/www.nexoinformativo.mx\/"},{"@type":"ListItem","position":2,"name":"Paraderos dignos para usuarios Qrobus renueva sus estaciones en la zona Metropolitana"}]},{"@type":"WebSite","@id":"https:\/\/www.nexoinformativo.mx\/#website","url":"https:\/\/www.nexoinformativo.mx\/","name":"Nexo Informativo Santiago de Quer\u00e9taro","description":"Explora NexoInformativo y convi\u00e9rtete en parte de una comunidad que valora el conocimiento y la verdad. Tu nexoinformativo es tu puente hacia una comprensi\u00f3n m\u00e1s profunda del mundo que te rodea.","publisher":{"@id":"https:\/\/www.nexoinformativo.mx\/#organization"},"potentialAction":[{"@type":"SearchAction","target":{"@type":"EntryPoint","urlTemplate":"https:\/\/www.nexoinformativo.mx\/?s={search_term_string}"},"query-input":{"@type":"PropertyValueSpecification","valueRequired":true,"valueName":"search_term_string"}}],"inLanguage":"es"},{"@type":"Organization","@id":"https:\/\/www.nexoinformativo.mx\/#organization","name":"Nexo Informativo Santiago de Quer\u00e9taro","url":"https:\/\/www.nexoinformativo.mx\/","logo":{"@type":"ImageObject","inLanguage":"es","@id":"https:\/\/www.nexoinformativo.mx\/#\/schema\/logo\/image\/","url":"https:\/\/www.nexoinformativo.mx\/wp-content\/uploads\/2024\/07\/nexoi-trasparente-2.png","contentUrl":"https:\/\/www.nexoinformativo.mx\/wp-content\/uploads\/2024\/07\/nexoi-trasparente-2.png","width":816,"height":339,"caption":"Nexo Informativo Santiago de Quer\u00e9taro"},"image":{"@id":"https:\/\/www.nexoinformativo.mx\/#\/schema\/logo\/image\/"},"sameAs":["https:\/\/www.facebook.com\/people\/Nexo-Informativo\/61564066885511\/"]},{"@type":"Person","@id":"https:\/\/www.nexoinformativo.mx\/#\/schema\/person\/7749d380ba08c8ca00d7bc76fd907b7d","name":"Nexo Informativo","image":{"@type":"ImageObject","inLanguage":"es","@id":"https:\/\/www.nexoinformativo.mx\/#\/schema\/person\/image\/","url":"https:\/\/secure.gravatar.com\/avatar\/dde2928154642a13d95f87ddf1ea9718fe2b46760a005c53e41ff5ad610704e6?s=96&d=mm&r=g","contentUrl":"https:\/\/secure.gravatar.com\/avatar\/dde2928154642a13d95f87ddf1ea9718fe2b46760a005c53e41ff5ad610704e6?s=96&d=mm&r=g","caption":"Nexo Informativo"},"url":"https:\/\/www.nexoinformativo.mx\/index.php\/author\/edicion\/"}]}},"_links":{"self":[{"href":"https:\/\/www.nexoinformativo.mx\/index.php\/wp-json\/wp\/v2\/posts\/14042","targetHints":{"allow":["GET"]}}],"collection":[{"href":"https:\/\/www.nexoinformativo.mx\/index.php\/wp-json\/wp\/v2\/posts"}],"about":[{"href":"https:\/\/www.nexoinformativo.mx\/index.php\/wp-json\/wp\/v2\/types\/post"}],"author":[{"embeddable":true,"href":"https:\/\/www.nexoinformativo.mx\/index.php\/wp-json\/wp\/v2\/users\/3"}],"replies":[{"embeddable":true,"href":"https:\/\/www.nexoinformativo.mx\/index.php\/wp-json\/wp\/v2\/comments?post=14042"}],"version-history":[{"count":4,"href":"https:\/\/www.nexoinformativo.mx\/index.php\/wp-json\/wp\/v2\/posts\/14042\/revisions"}],"predecessor-version":[{"id":14046,"href":"https:\/\/www.nexoinformativo.mx\/index.php\/wp-json\/wp\/v2\/posts\/14042\/revisions\/14046"}],"wp:featuredmedia":[{"embeddable":true,"href":"https:\/\/www.nexoinformativo.mx\/index.php\/wp-json\/wp\/v2\/media\/14043"}],"wp:attachment":[{"href":"https:\/\/www.nexoinformativo.mx\/index.php\/wp-json\/wp\/v2\/media?parent=14042"}],"wp:term":[{"taxonomy":"category","embeddable":true,"href":"https:\/\/www.nexoinformativo.mx\/index.php\/wp-json\/wp\/v2\/categories?post=14042"},{"taxonomy":"post_tag","embeddable":true,"href":"https:\/\/www.nexoinformativo.mx\/index.php\/wp-json\/wp\/v2\/tags?post=14042"}],"curies":[{"name":"wp","href":"https:\/\/api.w.org\/{rel}","templated":true}]}}