{"id":14047,"date":"2025-04-11T13:00:59","date_gmt":"2025-04-11T19:00:59","guid":{"rendered":"https:\/\/www.nexoinformativo.mx\/?p=14047"},"modified":"2025-04-11T14:43:59","modified_gmt":"2025-04-11T20:43:59","slug":"ante-incendios-forestales-ganaderos-de-la-sierra-gorda-alarman-por-perdida-de-pastizales-y-costos-disparados","status":"publish","type":"post","link":"https:\/\/www.nexoinformativo.mx\/index.php\/2025\/04\/11\/ante-incendios-forestales-ganaderos-de-la-sierra-gorda-alarman-por-perdida-de-pastizales-y-costos-disparados\/","title":{"rendered":"Ante incendios forestales ganaderos de la Sierra Gorda alarman por p\u00e9rdida de pastizales y costos disparados"},"content":{"rendered":"<p style=\"text-align: justify;\" data-sourcepos=\"11:1-11:385\">La creciente incidencia de incendios forestales en la Sierra Gorda de Quer\u00e9taro est\u00e1 generando profunda preocupaci\u00f3n entre los ganaderos de la regi\u00f3n, quienes advierten sobre los graves efectos negativos que el fuego est\u00e1 causando en su actividad, principalmente por la devastadora p\u00e9rdida de forraje natural esencial para la alimentaci\u00f3n del ganado.<\/p>\n<\/p>\n<p>&nbsp;<\/p>\n<p style=\"text-align: justify;\" data-sourcepos=\"13:1-13:349\">Ren\u00e9 Mu\u00f1oz, presidente de la Asociaci\u00f3n Ganadera de Jalpan de Serra, se\u00f1al\u00f3 que estos siniestros, sumados a la prolongada sequ\u00eda que azota la zona, est\u00e1n elevando de manera alarmante los costos de producci\u00f3n.<\/p>\n<\/p>\n<p>&nbsp;<\/p>\n<p style=\"text-align: justify;\" data-sourcepos=\"13:1-13:349\">La escasez de alimento provocada por ambos factores ha ocasionado que el precio de las pacas de forraje se incremente en m\u00e1s del 100%.<\/p>\n<\/p>\n<p>&nbsp;<\/p>\n<p style=\"text-align: justify;\" data-sourcepos=\"15:1-15:529\">Mu\u00f1oz Cosme explic\u00f3 que los agostaderos, las \u00e1reas de pastoreo natural de las que depende el ganado, han sido severamente da\u00f1ados por el fuego. Esta situaci\u00f3n obliga a los productores a tomar medidas dr\u00e1sticas, como la reducci\u00f3n significativa de sus hatos ganaderos.<\/p>\n<\/p>\n<p>&nbsp;<\/p>\n<p style=\"text-align: justify;\" data-sourcepos=\"15:1-15:529\">\u201cNos afecta a grandes rasgos porque nosotros les llamamos agostaderos, es el rameo como le decimos, y eso implica que el que tiene 20 a 30 vacas las reduzca a la mitad o un poco m\u00e1s, porque ya es muy costoso comprarles agua o forraje\u201d, coment\u00f3 el l\u00edder ganadero.<\/p>\n<\/p>\n<p>&nbsp;<\/p>\n<p style=\"text-align: justify;\" data-sourcepos=\"17:1-17:461\">Ante esta cr\u00edtica situaci\u00f3n, los ganaderos de la Sierra Gorda hacen un llamado urgente a las autoridades para que se implementen programas de capacitaci\u00f3n m\u00e1s amplios y efectivos dirigidos a los agricultores en el manejo responsable del fuego.<\/p>\n<\/p>\n<p>&nbsp;<\/p>\n<p style=\"text-align: justify;\" data-sourcepos=\"17:1-17:461\">Se\u00f1alan que las quemas controladas que se salen de control son una de las principales causas de los incendios que est\u00e1n poniendo en riesgo la subsistencia de la actividad ganadera en esta importante regi\u00f3n del estado.<\/p>\n<\/p>\n<p>&nbsp;<\/p>\n<p style=\"text-align: center;\" data-sourcepos=\"17:1-17:461\"><em><strong>\u00a1Informaci\u00f3n que transforma!<\/strong><\/em><\/p>\n","protected":false},"excerpt":{"rendered":"<p>La creciente incidencia de incendios forestales en la Sierra Gorda de Quer\u00e9taro est\u00e1 generando profunda preocupaci\u00f3n entre los ganaderos de la regi\u00f3n, quienes advierten sobre los graves efectos negativos que el fuego est\u00e1 causando en su actividad, principalmente por la devastadora p\u00e9rdida de forraje natural esencial para la alimentaci\u00f3n del ganado.<\/p>\n","protected":false},"author":3,"featured_media":14048,"comment_status":"open","ping_status":"open","sticky":false,"template":"","format":"standard","meta":{"footnotes":""},"categories":[65,58],"tags":[4109,4108,2656,4110],"class_list":["post-14047","post","type-post","status-publish","format-standard","has-post-thumbnail","hentry","category-municipios","category-ultima-hora","tag-ganaderiaenriesgo","tag-incendiossierragorda","tag-sequiaqueretaro","tag-sosganaderos"],"yoast_head":"<!-- This site is optimized with the Yoast SEO plugin v25.0 - https:\/\/yoast.com\/wordpress\/plugins\/seo\/ -->\n<title>Ante incendios forestales ganaderos de la Sierra Gorda alarman por p\u00e9rdida de pastizales y costos disparados | Nexo Informativo Santiago de Quer\u00e9taro<\/title>\n<meta name=\"description\" content=\"Ante incendios forestales ganaderos de la Sierra Gorda alarman por p\u00e9rdida de pastizales y costos disparados\" \/>\n<meta name=\"robots\" content=\"index, follow, max-snippet:-1, max-image-preview:large, max-video-preview:-1\" \/>\n<link rel=\"canonical\" href=\"https:\/\/www.nexoinformativo.mx\/index.php\/2025\/04\/11\/ante-incendios-forestales-ganaderos-de-la-sierra-gorda-alarman-por-perdida-de-pastizales-y-costos-disparados\/\" \/>\n<meta property=\"og:locale\" content=\"es_MX\" \/>\n<meta property=\"og:type\" content=\"article\" \/>\n<meta property=\"og:title\" content=\"Ante incendios forestales ganaderos de la Sierra Gorda alarman por p\u00e9rdida de pastizales y costos disparados | Nexo Informativo Santiago de Quer\u00e9taro\" \/>\n<meta property=\"og:description\" content=\"Ante incendios forestales ganaderos de la Sierra Gorda alarman por p\u00e9rdida de pastizales y costos disparados\" \/>\n<meta property=\"og:url\" content=\"https:\/\/www.nexoinformativo.mx\/index.php\/2025\/04\/11\/ante-incendios-forestales-ganaderos-de-la-sierra-gorda-alarman-por-perdida-de-pastizales-y-costos-disparados\/\" \/>\n<meta property=\"og:site_name\" content=\"Nexo Informativo Santiago de Quer\u00e9taro\" \/>\n<meta property=\"article:publisher\" content=\"https:\/\/www.facebook.com\/people\/Nexo-Informativo\/61564066885511\/\" \/>\n<meta property=\"article:published_time\" content=\"2025-04-11T19:00:59+00:00\" \/>\n<meta property=\"article:modified_time\" content=\"2025-04-11T20:43:59+00:00\" \/>\n<meta property=\"og:image\" content=\"https:\/\/www.nexoinformativo.mx\/wp-content\/uploads\/2025\/04\/PHOTO-2025-04-11-12-23-45-e1744404184746.jpg\" \/>\n\t<meta property=\"og:image:width\" content=\"800\" \/>\n\t<meta property=\"og:image:height\" content=\"600\" \/>\n\t<meta property=\"og:image:type\" content=\"image\/jpeg\" \/>\n<meta name=\"author\" content=\"Nexo Informativo\" \/>\n<meta name=\"twitter:card\" content=\"summary_large_image\" \/>\n<meta name=\"twitter:label1\" content=\"Escrito por\" \/>\n\t<meta name=\"twitter:data1\" content=\"Nexo Informativo\" \/>\n\t<meta name=\"twitter:label2\" content=\"Tiempo de lectura\" \/>\n\t<meta name=\"twitter:data2\" content=\"2 minutos\" \/>\n<script type=\"application\/ld+json\" class=\"yoast-schema-graph\">{\"@context\":\"https:\/\/schema.org\",\"@graph\":[{\"@type\":\"Article\",\"@id\":\"https:\/\/www.nexoinformativo.mx\/index.php\/2025\/04\/11\/ante-incendios-forestales-ganaderos-de-la-sierra-gorda-alarman-por-perdida-de-pastizales-y-costos-disparados\/#article\",\"isPartOf\":{\"@id\":\"https:\/\/www.nexoinformativo.mx\/index.php\/2025\/04\/11\/ante-incendios-forestales-ganaderos-de-la-sierra-gorda-alarman-por-perdida-de-pastizales-y-costos-disparados\/\"},\"author\":{\"name\":\"Nexo Informativo\",\"@id\":\"https:\/\/www.nexoinformativo.mx\/#\/schema\/person\/7749d380ba08c8ca00d7bc76fd907b7d\"},\"headline\":\"Ante incendios forestales ganaderos de la Sierra Gorda alarman por p\u00e9rdida de pastizales y costos disparados\",\"datePublished\":\"2025-04-11T19:00:59+00:00\",\"dateModified\":\"2025-04-11T20:43:59+00:00\",\"mainEntityOfPage\":{\"@id\":\"https:\/\/www.nexoinformativo.mx\/index.php\/2025\/04\/11\/ante-incendios-forestales-ganaderos-de-la-sierra-gorda-alarman-por-perdida-de-pastizales-y-costos-disparados\/\"},\"wordCount\":324,\"commentCount\":0,\"publisher\":{\"@id\":\"https:\/\/www.nexoinformativo.mx\/#organization\"},\"image\":{\"@id\":\"https:\/\/www.nexoinformativo.mx\/index.php\/2025\/04\/11\/ante-incendios-forestales-ganaderos-de-la-sierra-gorda-alarman-por-perdida-de-pastizales-y-costos-disparados\/#primaryimage\"},\"thumbnailUrl\":\"https:\/\/www.nexoinformativo.mx\/wp-content\/uploads\/2025\/04\/PHOTO-2025-04-11-12-23-45-e1744404184746.jpg\",\"keywords\":[\"Ganader\u00edaEnRiesgo\",\"IncendiosSierraGorda\",\"Sequ\u00edaQuer\u00e9taro\",\"SOSGanaderos\"],\"articleSection\":[\"Municipios\",\"\u00daltima Hora\"],\"inLanguage\":\"es\",\"potentialAction\":[{\"@type\":\"CommentAction\",\"name\":\"Comment\",\"target\":[\"https:\/\/www.nexoinformativo.mx\/index.php\/2025\/04\/11\/ante-incendios-forestales-ganaderos-de-la-sierra-gorda-alarman-por-perdida-de-pastizales-y-costos-disparados\/#respond\"]}]},{\"@type\":\"WebPage\",\"@id\":\"https:\/\/www.nexoinformativo.mx\/index.php\/2025\/04\/11\/ante-incendios-forestales-ganaderos-de-la-sierra-gorda-alarman-por-perdida-de-pastizales-y-costos-disparados\/\",\"url\":\"https:\/\/www.nexoinformativo.mx\/index.php\/2025\/04\/11\/ante-incendios-forestales-ganaderos-de-la-sierra-gorda-alarman-por-perdida-de-pastizales-y-costos-disparados\/\",\"name\":\"Ante incendios forestales ganaderos de la Sierra Gorda alarman por p\u00e9rdida de pastizales y costos disparados | Nexo Informativo Santiago de Quer\u00e9taro\",\"isPartOf\":{\"@id\":\"https:\/\/www.nexoinformativo.mx\/#website\"},\"primaryImageOfPage\":{\"@id\":\"https:\/\/www.nexoinformativo.mx\/index.php\/2025\/04\/11\/ante-incendios-forestales-ganaderos-de-la-sierra-gorda-alarman-por-perdida-de-pastizales-y-costos-disparados\/#primaryimage\"},\"image\":{\"@id\":\"https:\/\/www.nexoinformativo.mx\/index.php\/2025\/04\/11\/ante-incendios-forestales-ganaderos-de-la-sierra-gorda-alarman-por-perdida-de-pastizales-y-costos-disparados\/#primaryimage\"},\"thumbnailUrl\":\"https:\/\/www.nexoinformativo.mx\/wp-content\/uploads\/2025\/04\/PHOTO-2025-04-11-12-23-45-e1744404184746.jpg\",\"datePublished\":\"2025-04-11T19:00:59+00:00\",\"dateModified\":\"2025-04-11T20:43:59+00:00\",\"description\":\"Ante incendios forestales ganaderos de la Sierra Gorda alarman por p\u00e9rdida de pastizales y costos disparados\",\"breadcrumb\":{\"@id\":\"https:\/\/www.nexoinformativo.mx\/index.php\/2025\/04\/11\/ante-incendios-forestales-ganaderos-de-la-sierra-gorda-alarman-por-perdida-de-pastizales-y-costos-disparados\/#breadcrumb\"},\"inLanguage\":\"es\",\"potentialAction\":[{\"@type\":\"ReadAction\",\"target\":[\"https:\/\/www.nexoinformativo.mx\/index.php\/2025\/04\/11\/ante-incendios-forestales-ganaderos-de-la-sierra-gorda-alarman-por-perdida-de-pastizales-y-costos-disparados\/\"]}]},{\"@type\":\"ImageObject\",\"inLanguage\":\"es\",\"@id\":\"https:\/\/www.nexoinformativo.mx\/index.php\/2025\/04\/11\/ante-incendios-forestales-ganaderos-de-la-sierra-gorda-alarman-por-perdida-de-pastizales-y-costos-disparados\/#primaryimage\",\"url\":\"https:\/\/www.nexoinformativo.mx\/wp-content\/uploads\/2025\/04\/PHOTO-2025-04-11-12-23-45-e1744404184746.jpg\",\"contentUrl\":\"https:\/\/www.nexoinformativo.mx\/wp-content\/uploads\/2025\/04\/PHOTO-2025-04-11-12-23-45-e1744404184746.jpg\",\"width\":800,\"height\":600},{\"@type\":\"BreadcrumbList\",\"@id\":\"https:\/\/www.nexoinformativo.mx\/index.php\/2025\/04\/11\/ante-incendios-forestales-ganaderos-de-la-sierra-gorda-alarman-por-perdida-de-pastizales-y-costos-disparados\/#breadcrumb\",\"itemListElement\":[{\"@type\":\"ListItem\",\"position\":1,\"name\":\"Inicio\",\"item\":\"https:\/\/www.nexoinformativo.mx\/\"},{\"@type\":\"ListItem\",\"position\":2,\"name\":\"Ante incendios forestales ganaderos de la Sierra Gorda alarman por p\u00e9rdida de pastizales y costos disparados\"}]},{\"@type\":\"WebSite\",\"@id\":\"https:\/\/www.nexoinformativo.mx\/#website\",\"url\":\"https:\/\/www.nexoinformativo.mx\/\",\"name\":\"Nexo Informativo Santiago de Quer\u00e9taro\",\"description\":\"Explora NexoInformativo y convi\u00e9rtete en parte de una comunidad que valora el conocimiento y la verdad. Tu nexoinformativo es tu puente hacia una comprensi\u00f3n m\u00e1s profunda del mundo que te rodea.\",\"publisher\":{\"@id\":\"https:\/\/www.nexoinformativo.mx\/#organization\"},\"potentialAction\":[{\"@type\":\"SearchAction\",\"target\":{\"@type\":\"EntryPoint\",\"urlTemplate\":\"https:\/\/www.nexoinformativo.mx\/?s={search_term_string}\"},\"query-input\":{\"@type\":\"PropertyValueSpecification\",\"valueRequired\":true,\"valueName\":\"search_term_string\"}}],\"inLanguage\":\"es\"},{\"@type\":\"Organization\",\"@id\":\"https:\/\/www.nexoinformativo.mx\/#organization\",\"name\":\"Nexo Informativo Santiago de Quer\u00e9taro\",\"url\":\"https:\/\/www.nexoinformativo.mx\/\",\"logo\":{\"@type\":\"ImageObject\",\"inLanguage\":\"es\",\"@id\":\"https:\/\/www.nexoinformativo.mx\/#\/schema\/logo\/image\/\",\"url\":\"https:\/\/www.nexoinformativo.mx\/wp-content\/uploads\/2024\/07\/nexoi-trasparente-2.png\",\"contentUrl\":\"https:\/\/www.nexoinformativo.mx\/wp-content\/uploads\/2024\/07\/nexoi-trasparente-2.png\",\"width\":816,\"height\":339,\"caption\":\"Nexo Informativo Santiago de Quer\u00e9taro\"},\"image\":{\"@id\":\"https:\/\/www.nexoinformativo.mx\/#\/schema\/logo\/image\/\"},\"sameAs\":[\"https:\/\/www.facebook.com\/people\/Nexo-Informativo\/61564066885511\/\"]},{\"@type\":\"Person\",\"@id\":\"https:\/\/www.nexoinformativo.mx\/#\/schema\/person\/7749d380ba08c8ca00d7bc76fd907b7d\",\"name\":\"Nexo Informativo\",\"image\":{\"@type\":\"ImageObject\",\"inLanguage\":\"es\",\"@id\":\"https:\/\/www.nexoinformativo.mx\/#\/schema\/person\/image\/\",\"url\":\"https:\/\/secure.gravatar.com\/avatar\/dde2928154642a13d95f87ddf1ea9718fe2b46760a005c53e41ff5ad610704e6?s=96&d=mm&r=g\",\"contentUrl\":\"https:\/\/secure.gravatar.com\/avatar\/dde2928154642a13d95f87ddf1ea9718fe2b46760a005c53e41ff5ad610704e6?s=96&d=mm&r=g\",\"caption\":\"Nexo Informativo\"},\"url\":\"https:\/\/www.nexoinformativo.mx\/index.php\/author\/edicion\/\"}]}<\/script>\n<!-- \/ Yoast SEO plugin. -->","yoast_head_json":{"title":"Ante incendios forestales ganaderos de la Sierra Gorda alarman por p\u00e9rdida de pastizales y costos disparados | Nexo Informativo Santiago de Quer\u00e9taro","description":"Ante incendios forestales ganaderos de la Sierra Gorda alarman por p\u00e9rdida de pastizales y costos disparados","robots":{"index":"index","follow":"follow","max-snippet":"max-snippet:-1","max-image-preview":"max-image-preview:large","max-video-preview":"max-video-preview:-1"},"canonical":"https:\/\/www.nexoinformativo.mx\/index.php\/2025\/04\/11\/ante-incendios-forestales-ganaderos-de-la-sierra-gorda-alarman-por-perdida-de-pastizales-y-costos-disparados\/","og_locale":"es_MX","og_type":"article","og_title":"Ante incendios forestales ganaderos de la Sierra Gorda alarman por p\u00e9rdida de pastizales y costos disparados | Nexo Informativo Santiago de Quer\u00e9taro","og_description":"Ante incendios forestales ganaderos de la Sierra Gorda alarman por p\u00e9rdida de pastizales y costos disparados","og_url":"https:\/\/www.nexoinformativo.mx\/index.php\/2025\/04\/11\/ante-incendios-forestales-ganaderos-de-la-sierra-gorda-alarman-por-perdida-de-pastizales-y-costos-disparados\/","og_site_name":"Nexo Informativo Santiago de Quer\u00e9taro","article_publisher":"https:\/\/www.facebook.com\/people\/Nexo-Informativo\/61564066885511\/","article_published_time":"2025-04-11T19:00:59+00:00","article_modified_time":"2025-04-11T20:43:59+00:00","og_image":[{"width":800,"height":600,"url":"https:\/\/www.nexoinformativo.mx\/wp-content\/uploads\/2025\/04\/PHOTO-2025-04-11-12-23-45-e1744404184746.jpg","type":"image\/jpeg"}],"author":"Nexo Informativo","twitter_card":"summary_large_image","twitter_misc":{"Escrito por":"Nexo Informativo","Tiempo de lectura":"2 minutos"},"schema":{"@context":"https:\/\/schema.org","@graph":[{"@type":"Article","@id":"https:\/\/www.nexoinformativo.mx\/index.php\/2025\/04\/11\/ante-incendios-forestales-ganaderos-de-la-sierra-gorda-alarman-por-perdida-de-pastizales-y-costos-disparados\/#article","isPartOf":{"@id":"https:\/\/www.nexoinformativo.mx\/index.php\/2025\/04\/11\/ante-incendios-forestales-ganaderos-de-la-sierra-gorda-alarman-por-perdida-de-pastizales-y-costos-disparados\/"},"author":{"name":"Nexo Informativo","@id":"https:\/\/www.nexoinformativo.mx\/#\/schema\/person\/7749d380ba08c8ca00d7bc76fd907b7d"},"headline":"Ante incendios forestales ganaderos de la Sierra Gorda alarman por p\u00e9rdida de pastizales y costos disparados","datePublished":"2025-04-11T19:00:59+00:00","dateModified":"2025-04-11T20:43:59+00:00","mainEntityOfPage":{"@id":"https:\/\/www.nexoinformativo.mx\/index.php\/2025\/04\/11\/ante-incendios-forestales-ganaderos-de-la-sierra-gorda-alarman-por-perdida-de-pastizales-y-costos-disparados\/"},"wordCount":324,"commentCount":0,"publisher":{"@id":"https:\/\/www.nexoinformativo.mx\/#organization"},"image":{"@id":"https:\/\/www.nexoinformativo.mx\/index.php\/2025\/04\/11\/ante-incendios-forestales-ganaderos-de-la-sierra-gorda-alarman-por-perdida-de-pastizales-y-costos-disparados\/#primaryimage"},"thumbnailUrl":"https:\/\/www.nexoinformativo.mx\/wp-content\/uploads\/2025\/04\/PHOTO-2025-04-11-12-23-45-e1744404184746.jpg","keywords":["Ganader\u00edaEnRiesgo","IncendiosSierraGorda","Sequ\u00edaQuer\u00e9taro","SOSGanaderos"],"articleSection":["Municipios","\u00daltima Hora"],"inLanguage":"es","potentialAction":[{"@type":"CommentAction","name":"Comment","target":["https:\/\/www.nexoinformativo.mx\/index.php\/2025\/04\/11\/ante-incendios-forestales-ganaderos-de-la-sierra-gorda-alarman-por-perdida-de-pastizales-y-costos-disparados\/#respond"]}]},{"@type":"WebPage","@id":"https:\/\/www.nexoinformativo.mx\/index.php\/2025\/04\/11\/ante-incendios-forestales-ganaderos-de-la-sierra-gorda-alarman-por-perdida-de-pastizales-y-costos-disparados\/","url":"https:\/\/www.nexoinformativo.mx\/index.php\/2025\/04\/11\/ante-incendios-forestales-ganaderos-de-la-sierra-gorda-alarman-por-perdida-de-pastizales-y-costos-disparados\/","name":"Ante incendios forestales ganaderos de la Sierra Gorda alarman por p\u00e9rdida de pastizales y costos disparados | Nexo Informativo Santiago de Quer\u00e9taro","isPartOf":{"@id":"https:\/\/www.nexoinformativo.mx\/#website"},"primaryImageOfPage":{"@id":"https:\/\/www.nexoinformativo.mx\/index.php\/2025\/04\/11\/ante-incendios-forestales-ganaderos-de-la-sierra-gorda-alarman-por-perdida-de-pastizales-y-costos-disparados\/#primaryimage"},"image":{"@id":"https:\/\/www.nexoinformativo.mx\/index.php\/2025\/04\/11\/ante-incendios-forestales-ganaderos-de-la-sierra-gorda-alarman-por-perdida-de-pastizales-y-costos-disparados\/#primaryimage"},"thumbnailUrl":"https:\/\/www.nexoinformativo.mx\/wp-content\/uploads\/2025\/04\/PHOTO-2025-04-11-12-23-45-e1744404184746.jpg","datePublished":"2025-04-11T19:00:59+00:00","dateModified":"2025-04-11T20:43:59+00:00","description":"Ante incendios forestales ganaderos de la Sierra Gorda alarman por p\u00e9rdida de pastizales y costos disparados","breadcrumb":{"@id":"https:\/\/www.nexoinformativo.mx\/index.php\/2025\/04\/11\/ante-incendios-forestales-ganaderos-de-la-sierra-gorda-alarman-por-perdida-de-pastizales-y-costos-disparados\/#breadcrumb"},"inLanguage":"es","potentialAction":[{"@type":"ReadAction","target":["https:\/\/www.nexoinformativo.mx\/index.php\/2025\/04\/11\/ante-incendios-forestales-ganaderos-de-la-sierra-gorda-alarman-por-perdida-de-pastizales-y-costos-disparados\/"]}]},{"@type":"ImageObject","inLanguage":"es","@id":"https:\/\/www.nexoinformativo.mx\/index.php\/2025\/04\/11\/ante-incendios-forestales-ganaderos-de-la-sierra-gorda-alarman-por-perdida-de-pastizales-y-costos-disparados\/#primaryimage","url":"https:\/\/www.nexoinformativo.mx\/wp-content\/uploads\/2025\/04\/PHOTO-2025-04-11-12-23-45-e1744404184746.jpg","contentUrl":"https:\/\/www.nexoinformativo.mx\/wp-content\/uploads\/2025\/04\/PHOTO-2025-04-11-12-23-45-e1744404184746.jpg","width":800,"height":600},{"@type":"BreadcrumbList","@id":"https:\/\/www.nexoinformativo.mx\/index.php\/2025\/04\/11\/ante-incendios-forestales-ganaderos-de-la-sierra-gorda-alarman-por-perdida-de-pastizales-y-costos-disparados\/#breadcrumb","itemListElement":[{"@type":"ListItem","position":1,"name":"Inicio","item":"https:\/\/www.nexoinformativo.mx\/"},{"@type":"ListItem","position":2,"name":"Ante incendios forestales ganaderos de la Sierra Gorda alarman por p\u00e9rdida de pastizales y costos disparados"}]},{"@type":"WebSite","@id":"https:\/\/www.nexoinformativo.mx\/#website","url":"https:\/\/www.nexoinformativo.mx\/","name":"Nexo Informativo Santiago de Quer\u00e9taro","description":"Explora NexoInformativo y convi\u00e9rtete en parte de una comunidad que valora el conocimiento y la verdad. Tu nexoinformativo es tu puente hacia una comprensi\u00f3n m\u00e1s profunda del mundo que te rodea.","publisher":{"@id":"https:\/\/www.nexoinformativo.mx\/#organization"},"potentialAction":[{"@type":"SearchAction","target":{"@type":"EntryPoint","urlTemplate":"https:\/\/www.nexoinformativo.mx\/?s={search_term_string}"},"query-input":{"@type":"PropertyValueSpecification","valueRequired":true,"valueName":"search_term_string"}}],"inLanguage":"es"},{"@type":"Organization","@id":"https:\/\/www.nexoinformativo.mx\/#organization","name":"Nexo Informativo Santiago de Quer\u00e9taro","url":"https:\/\/www.nexoinformativo.mx\/","logo":{"@type":"ImageObject","inLanguage":"es","@id":"https:\/\/www.nexoinformativo.mx\/#\/schema\/logo\/image\/","url":"https:\/\/www.nexoinformativo.mx\/wp-content\/uploads\/2024\/07\/nexoi-trasparente-2.png","contentUrl":"https:\/\/www.nexoinformativo.mx\/wp-content\/uploads\/2024\/07\/nexoi-trasparente-2.png","width":816,"height":339,"caption":"Nexo Informativo Santiago de Quer\u00e9taro"},"image":{"@id":"https:\/\/www.nexoinformativo.mx\/#\/schema\/logo\/image\/"},"sameAs":["https:\/\/www.facebook.com\/people\/Nexo-Informativo\/61564066885511\/"]},{"@type":"Person","@id":"https:\/\/www.nexoinformativo.mx\/#\/schema\/person\/7749d380ba08c8ca00d7bc76fd907b7d","name":"Nexo Informativo","image":{"@type":"ImageObject","inLanguage":"es","@id":"https:\/\/www.nexoinformativo.mx\/#\/schema\/person\/image\/","url":"https:\/\/secure.gravatar.com\/avatar\/dde2928154642a13d95f87ddf1ea9718fe2b46760a005c53e41ff5ad610704e6?s=96&d=mm&r=g","contentUrl":"https:\/\/secure.gravatar.com\/avatar\/dde2928154642a13d95f87ddf1ea9718fe2b46760a005c53e41ff5ad610704e6?s=96&d=mm&r=g","caption":"Nexo Informativo"},"url":"https:\/\/www.nexoinformativo.mx\/index.php\/author\/edicion\/"}]}},"_links":{"self":[{"href":"https:\/\/www.nexoinformativo.mx\/index.php\/wp-json\/wp\/v2\/posts\/14047","targetHints":{"allow":["GET"]}}],"collection":[{"href":"https:\/\/www.nexoinformativo.mx\/index.php\/wp-json\/wp\/v2\/posts"}],"about":[{"href":"https:\/\/www.nexoinformativo.mx\/index.php\/wp-json\/wp\/v2\/types\/post"}],"author":[{"embeddable":true,"href":"https:\/\/www.nexoinformativo.mx\/index.php\/wp-json\/wp\/v2\/users\/3"}],"replies":[{"embeddable":true,"href":"https:\/\/www.nexoinformativo.mx\/index.php\/wp-json\/wp\/v2\/comments?post=14047"}],"version-history":[{"count":3,"href":"https:\/\/www.nexoinformativo.mx\/index.php\/wp-json\/wp\/v2\/posts\/14047\/revisions"}],"predecessor-version":[{"id":14051,"href":"https:\/\/www.nexoinformativo.mx\/index.php\/wp-json\/wp\/v2\/posts\/14047\/revisions\/14051"}],"wp:featuredmedia":[{"embeddable":true,"href":"https:\/\/www.nexoinformativo.mx\/index.php\/wp-json\/wp\/v2\/media\/14048"}],"wp:attachment":[{"href":"https:\/\/www.nexoinformativo.mx\/index.php\/wp-json\/wp\/v2\/media?parent=14047"}],"wp:term":[{"taxonomy":"category","embeddable":true,"href":"https:\/\/www.nexoinformativo.mx\/index.php\/wp-json\/wp\/v2\/categories?post=14047"},{"taxonomy":"post_tag","embeddable":true,"href":"https:\/\/www.nexoinformativo.mx\/index.php\/wp-json\/wp\/v2\/tags?post=14047"}],"curies":[{"name":"wp","href":"https:\/\/api.w.org\/{rel}","templated":true}]}}