{"id":14053,"date":"2025-04-11T13:30:18","date_gmt":"2025-04-11T19:30:18","guid":{"rendered":"https:\/\/www.nexoinformativo.mx\/?p=14053"},"modified":"2025-04-11T14:49:14","modified_gmt":"2025-04-11T20:49:14","slug":"viaje-directo-y-rapido-inauguran-ruta-t16-lagunillas-queretaro-con-qrobus","status":"publish","type":"post","link":"https:\/\/www.nexoinformativo.mx\/index.php\/2025\/04\/11\/viaje-directo-y-rapido-inauguran-ruta-t16-lagunillas-queretaro-con-qrobus\/","title":{"rendered":"Viaje directo y r\u00e1pido inauguran ruta T16 Lagunillas-Quer\u00e9taro con Qrobus"},"content":{"rendered":"<p style=\"text-align: justify;\" data-sourcepos=\"11:1-11:280\">El gobernador Mauricio Kuri encabez\u00f3 la presentaci\u00f3n de la nueva Ruta T16 Lagunillas &#8211; Quer\u00e9taro del sistema de transporte p\u00fablico Qrobus, una conexi\u00f3n que fortalecer\u00e1 el traslado de los habitantes de Huimilpan hacia el centro de la capital queretana.<\/p>\n<\/p>\n<p>&nbsp;<\/p>\n<p style=\"text-align: justify;\" data-sourcepos=\"13:1-13:404\">En el evento de inauguraci\u00f3n, el director de la Agencia de Movilidad del Estado de Quer\u00e9taro (AMEQ), Gerardo Cuanalo, detall\u00f3 que la Ruta T16 operar\u00e1 con seis unidades que circular\u00e1n desde la comunidad de Lagunillas, transitando por el Boulevard Bernardo Quintana y utilizando el carril confinado del transporte p\u00fablico en Avenida Constituyentes, hasta llegar a la Alameda Hidalgo en el Centro Hist\u00f3rico.<\/p>\n<\/p>\n<p>&nbsp;<\/p>\n<p style=\"text-align: justify;\" data-sourcepos=\"15:1-15:332\">Cuanalo destac\u00f3 que esta nueva ruta permitir\u00e1 a los usuarios trasladarse de manera r\u00e1pida, segura y c\u00f3moda, ofreciendo conexi\u00f3n con diversos destinos de la zona metropolitana. Se estima que beneficiar\u00e1 a aproximadamente 7 mil 700 personas, con una frecuencia de paso de 15 minutos y un tiempo de traslado de alrededor de 40 minutos.<\/p>\n<\/p>\n<p>&nbsp;<\/p>\n<p style=\"text-align: justify;\" data-sourcepos=\"17:1-17:174\">Adem\u00e1s, la Ruta T16 operar\u00e1 con la tarifa UniDos, que ofrece precios preferenciales a polic\u00edas, militares, personas con discapacidad, adultos mayores, estudiantes y docentes.<\/p>\n<\/p>\n<p>&nbsp;<\/p>\n<p style=\"text-align: justify;\" data-sourcepos=\"19:1-19:195\">El director de la AMEQ a\u00f1adi\u00f3 que esta ruta se suma a la troncal T15, que desde enero conecta la comunidad de La Cuesta en Huimilpan con la estaci\u00f3n de transferencia de Balvanera, en Corregidora.<\/p>\n<\/p>\n<p>&nbsp;<\/p>\n<p style=\"text-align: justify;\" data-sourcepos=\"21:1-21:238\">La Ruta T16 comenzar\u00e1 a funcionar a partir de este viernes y ofrecer\u00e1 servicio gratuito durante todo el fin de semana para que la poblaci\u00f3n pueda familiarizarse con el nuevo recorrido. Habr\u00e1 personal de apoyo para orientar a los usuarios.<\/p>\n<\/p>\n<p>&nbsp;<\/p>\n<p style=\"text-align: center;\" data-sourcepos=\"21:1-21:238\"><em><strong>\u00a1Informaci\u00f3n que transforma!<\/strong><\/em><\/p>\n","protected":false},"excerpt":{"rendered":"<p>El gobernador Mauricio Kuri encabez\u00f3 la presentaci\u00f3n de la nueva Ruta T16 Lagunillas &#8211; Quer\u00e9taro del sistema de transporte p\u00fablico Qrobus, una conexi\u00f3n que fortalecer\u00e1 el traslado de los habitantes de Huimilpan hacia el centro de la capital queretana.<\/p>\n","protected":false},"author":3,"featured_media":14054,"comment_status":"open","ping_status":"open","sticky":false,"template":"","format":"standard","meta":{"footnotes":""},"categories":[65,58],"tags":[4112,3556,4111,596],"class_list":["post-14053","post","type-post","status-publish","format-standard","has-post-thumbnail","hentry","category-municipios","category-ultima-hora","tag-conexionhuimilpan","tag-movilidadqro","tag-qrobust16","tag-transportepublico"],"yoast_head":"<!-- This site is optimized with the Yoast SEO plugin v25.0 - https:\/\/yoast.com\/wordpress\/plugins\/seo\/ -->\n<title>Viaje directo y r\u00e1pido inauguran ruta T16 Lagunillas-Quer\u00e9taro con Qrobus | Nexo Informativo Santiago de Quer\u00e9taro<\/title>\n<meta name=\"description\" content=\"Viaje directo y r\u00e1pido inauguran ruta T16 Lagunillas-Quer\u00e9taro con Qrobus\" \/>\n<meta name=\"robots\" content=\"index, follow, max-snippet:-1, max-image-preview:large, max-video-preview:-1\" \/>\n<link rel=\"canonical\" href=\"https:\/\/www.nexoinformativo.mx\/index.php\/2025\/04\/11\/viaje-directo-y-rapido-inauguran-ruta-t16-lagunillas-queretaro-con-qrobus\/\" \/>\n<meta property=\"og:locale\" content=\"es_MX\" \/>\n<meta property=\"og:type\" content=\"article\" \/>\n<meta property=\"og:title\" content=\"Viaje directo y r\u00e1pido inauguran ruta T16 Lagunillas-Quer\u00e9taro con Qrobus | Nexo Informativo Santiago de Quer\u00e9taro\" \/>\n<meta property=\"og:description\" content=\"Viaje directo y r\u00e1pido inauguran ruta T16 Lagunillas-Quer\u00e9taro con Qrobus\" \/>\n<meta property=\"og:url\" content=\"https:\/\/www.nexoinformativo.mx\/index.php\/2025\/04\/11\/viaje-directo-y-rapido-inauguran-ruta-t16-lagunillas-queretaro-con-qrobus\/\" \/>\n<meta property=\"og:site_name\" content=\"Nexo Informativo Santiago de Quer\u00e9taro\" \/>\n<meta property=\"article:publisher\" content=\"https:\/\/www.facebook.com\/people\/Nexo-Informativo\/61564066885511\/\" \/>\n<meta property=\"article:published_time\" content=\"2025-04-11T19:30:18+00:00\" \/>\n<meta property=\"article:modified_time\" content=\"2025-04-11T20:49:14+00:00\" \/>\n<meta property=\"og:image\" content=\"https:\/\/www.nexoinformativo.mx\/wp-content\/uploads\/2025\/04\/PHOTO-2025-04-11-12-27-36-e1744404507907.jpg\" \/>\n\t<meta property=\"og:image:width\" content=\"800\" \/>\n\t<meta property=\"og:image:height\" content=\"600\" \/>\n\t<meta property=\"og:image:type\" content=\"image\/jpeg\" \/>\n<meta name=\"author\" content=\"Nexo Informativo\" \/>\n<meta name=\"twitter:card\" content=\"summary_large_image\" \/>\n<meta name=\"twitter:label1\" content=\"Escrito por\" \/>\n\t<meta name=\"twitter:data1\" content=\"Nexo Informativo\" \/>\n\t<meta name=\"twitter:label2\" content=\"Tiempo de lectura\" \/>\n\t<meta name=\"twitter:data2\" content=\"2 minutos\" \/>\n<script type=\"application\/ld+json\" class=\"yoast-schema-graph\">{\"@context\":\"https:\/\/schema.org\",\"@graph\":[{\"@type\":\"Article\",\"@id\":\"https:\/\/www.nexoinformativo.mx\/index.php\/2025\/04\/11\/viaje-directo-y-rapido-inauguran-ruta-t16-lagunillas-queretaro-con-qrobus\/#article\",\"isPartOf\":{\"@id\":\"https:\/\/www.nexoinformativo.mx\/index.php\/2025\/04\/11\/viaje-directo-y-rapido-inauguran-ruta-t16-lagunillas-queretaro-con-qrobus\/\"},\"author\":{\"name\":\"Nexo Informativo\",\"@id\":\"https:\/\/www.nexoinformativo.mx\/#\/schema\/person\/7749d380ba08c8ca00d7bc76fd907b7d\"},\"headline\":\"Viaje directo y r\u00e1pido inauguran ruta T16 Lagunillas-Quer\u00e9taro con Qrobus\",\"datePublished\":\"2025-04-11T19:30:18+00:00\",\"dateModified\":\"2025-04-11T20:49:14+00:00\",\"mainEntityOfPage\":{\"@id\":\"https:\/\/www.nexoinformativo.mx\/index.php\/2025\/04\/11\/viaje-directo-y-rapido-inauguran-ruta-t16-lagunillas-queretaro-con-qrobus\/\"},\"wordCount\":289,\"commentCount\":0,\"publisher\":{\"@id\":\"https:\/\/www.nexoinformativo.mx\/#organization\"},\"image\":{\"@id\":\"https:\/\/www.nexoinformativo.mx\/index.php\/2025\/04\/11\/viaje-directo-y-rapido-inauguran-ruta-t16-lagunillas-queretaro-con-qrobus\/#primaryimage\"},\"thumbnailUrl\":\"https:\/\/www.nexoinformativo.mx\/wp-content\/uploads\/2025\/04\/PHOTO-2025-04-11-12-27-36-e1744404507907.jpg\",\"keywords\":[\"Conexi\u00f3nHuimilpan\",\"MovilidadQro\",\"QrobusT16\",\"TransporteP\u00fablico\"],\"articleSection\":[\"Municipios\",\"\u00daltima Hora\"],\"inLanguage\":\"es\",\"potentialAction\":[{\"@type\":\"CommentAction\",\"name\":\"Comment\",\"target\":[\"https:\/\/www.nexoinformativo.mx\/index.php\/2025\/04\/11\/viaje-directo-y-rapido-inauguran-ruta-t16-lagunillas-queretaro-con-qrobus\/#respond\"]}]},{\"@type\":\"WebPage\",\"@id\":\"https:\/\/www.nexoinformativo.mx\/index.php\/2025\/04\/11\/viaje-directo-y-rapido-inauguran-ruta-t16-lagunillas-queretaro-con-qrobus\/\",\"url\":\"https:\/\/www.nexoinformativo.mx\/index.php\/2025\/04\/11\/viaje-directo-y-rapido-inauguran-ruta-t16-lagunillas-queretaro-con-qrobus\/\",\"name\":\"Viaje directo y r\u00e1pido inauguran ruta T16 Lagunillas-Quer\u00e9taro con Qrobus | Nexo Informativo Santiago de Quer\u00e9taro\",\"isPartOf\":{\"@id\":\"https:\/\/www.nexoinformativo.mx\/#website\"},\"primaryImageOfPage\":{\"@id\":\"https:\/\/www.nexoinformativo.mx\/index.php\/2025\/04\/11\/viaje-directo-y-rapido-inauguran-ruta-t16-lagunillas-queretaro-con-qrobus\/#primaryimage\"},\"image\":{\"@id\":\"https:\/\/www.nexoinformativo.mx\/index.php\/2025\/04\/11\/viaje-directo-y-rapido-inauguran-ruta-t16-lagunillas-queretaro-con-qrobus\/#primaryimage\"},\"thumbnailUrl\":\"https:\/\/www.nexoinformativo.mx\/wp-content\/uploads\/2025\/04\/PHOTO-2025-04-11-12-27-36-e1744404507907.jpg\",\"datePublished\":\"2025-04-11T19:30:18+00:00\",\"dateModified\":\"2025-04-11T20:49:14+00:00\",\"description\":\"Viaje directo y r\u00e1pido inauguran ruta T16 Lagunillas-Quer\u00e9taro con Qrobus\",\"breadcrumb\":{\"@id\":\"https:\/\/www.nexoinformativo.mx\/index.php\/2025\/04\/11\/viaje-directo-y-rapido-inauguran-ruta-t16-lagunillas-queretaro-con-qrobus\/#breadcrumb\"},\"inLanguage\":\"es\",\"potentialAction\":[{\"@type\":\"ReadAction\",\"target\":[\"https:\/\/www.nexoinformativo.mx\/index.php\/2025\/04\/11\/viaje-directo-y-rapido-inauguran-ruta-t16-lagunillas-queretaro-con-qrobus\/\"]}]},{\"@type\":\"ImageObject\",\"inLanguage\":\"es\",\"@id\":\"https:\/\/www.nexoinformativo.mx\/index.php\/2025\/04\/11\/viaje-directo-y-rapido-inauguran-ruta-t16-lagunillas-queretaro-con-qrobus\/#primaryimage\",\"url\":\"https:\/\/www.nexoinformativo.mx\/wp-content\/uploads\/2025\/04\/PHOTO-2025-04-11-12-27-36-e1744404507907.jpg\",\"contentUrl\":\"https:\/\/www.nexoinformativo.mx\/wp-content\/uploads\/2025\/04\/PHOTO-2025-04-11-12-27-36-e1744404507907.jpg\",\"width\":800,\"height\":600},{\"@type\":\"BreadcrumbList\",\"@id\":\"https:\/\/www.nexoinformativo.mx\/index.php\/2025\/04\/11\/viaje-directo-y-rapido-inauguran-ruta-t16-lagunillas-queretaro-con-qrobus\/#breadcrumb\",\"itemListElement\":[{\"@type\":\"ListItem\",\"position\":1,\"name\":\"Inicio\",\"item\":\"https:\/\/www.nexoinformativo.mx\/\"},{\"@type\":\"ListItem\",\"position\":2,\"name\":\"Viaje directo y r\u00e1pido inauguran ruta T16 Lagunillas-Quer\u00e9taro con Qrobus\"}]},{\"@type\":\"WebSite\",\"@id\":\"https:\/\/www.nexoinformativo.mx\/#website\",\"url\":\"https:\/\/www.nexoinformativo.mx\/\",\"name\":\"Nexo Informativo Santiago de Quer\u00e9taro\",\"description\":\"Explora NexoInformativo y convi\u00e9rtete en parte de una comunidad que valora el conocimiento y la verdad. Tu nexoinformativo es tu puente hacia una comprensi\u00f3n m\u00e1s profunda del mundo que te rodea.\",\"publisher\":{\"@id\":\"https:\/\/www.nexoinformativo.mx\/#organization\"},\"potentialAction\":[{\"@type\":\"SearchAction\",\"target\":{\"@type\":\"EntryPoint\",\"urlTemplate\":\"https:\/\/www.nexoinformativo.mx\/?s={search_term_string}\"},\"query-input\":{\"@type\":\"PropertyValueSpecification\",\"valueRequired\":true,\"valueName\":\"search_term_string\"}}],\"inLanguage\":\"es\"},{\"@type\":\"Organization\",\"@id\":\"https:\/\/www.nexoinformativo.mx\/#organization\",\"name\":\"Nexo Informativo Santiago de Quer\u00e9taro\",\"url\":\"https:\/\/www.nexoinformativo.mx\/\",\"logo\":{\"@type\":\"ImageObject\",\"inLanguage\":\"es\",\"@id\":\"https:\/\/www.nexoinformativo.mx\/#\/schema\/logo\/image\/\",\"url\":\"https:\/\/www.nexoinformativo.mx\/wp-content\/uploads\/2024\/07\/nexoi-trasparente-2.png\",\"contentUrl\":\"https:\/\/www.nexoinformativo.mx\/wp-content\/uploads\/2024\/07\/nexoi-trasparente-2.png\",\"width\":816,\"height\":339,\"caption\":\"Nexo Informativo Santiago de Quer\u00e9taro\"},\"image\":{\"@id\":\"https:\/\/www.nexoinformativo.mx\/#\/schema\/logo\/image\/\"},\"sameAs\":[\"https:\/\/www.facebook.com\/people\/Nexo-Informativo\/61564066885511\/\"]},{\"@type\":\"Person\",\"@id\":\"https:\/\/www.nexoinformativo.mx\/#\/schema\/person\/7749d380ba08c8ca00d7bc76fd907b7d\",\"name\":\"Nexo Informativo\",\"image\":{\"@type\":\"ImageObject\",\"inLanguage\":\"es\",\"@id\":\"https:\/\/www.nexoinformativo.mx\/#\/schema\/person\/image\/\",\"url\":\"https:\/\/secure.gravatar.com\/avatar\/dde2928154642a13d95f87ddf1ea9718fe2b46760a005c53e41ff5ad610704e6?s=96&d=mm&r=g\",\"contentUrl\":\"https:\/\/secure.gravatar.com\/avatar\/dde2928154642a13d95f87ddf1ea9718fe2b46760a005c53e41ff5ad610704e6?s=96&d=mm&r=g\",\"caption\":\"Nexo Informativo\"},\"url\":\"https:\/\/www.nexoinformativo.mx\/index.php\/author\/edicion\/\"}]}<\/script>\n<!-- \/ Yoast SEO plugin. -->","yoast_head_json":{"title":"Viaje directo y r\u00e1pido inauguran ruta T16 Lagunillas-Quer\u00e9taro con Qrobus | Nexo Informativo Santiago de Quer\u00e9taro","description":"Viaje directo y r\u00e1pido inauguran ruta T16 Lagunillas-Quer\u00e9taro con Qrobus","robots":{"index":"index","follow":"follow","max-snippet":"max-snippet:-1","max-image-preview":"max-image-preview:large","max-video-preview":"max-video-preview:-1"},"canonical":"https:\/\/www.nexoinformativo.mx\/index.php\/2025\/04\/11\/viaje-directo-y-rapido-inauguran-ruta-t16-lagunillas-queretaro-con-qrobus\/","og_locale":"es_MX","og_type":"article","og_title":"Viaje directo y r\u00e1pido inauguran ruta T16 Lagunillas-Quer\u00e9taro con Qrobus | Nexo Informativo Santiago de Quer\u00e9taro","og_description":"Viaje directo y r\u00e1pido inauguran ruta T16 Lagunillas-Quer\u00e9taro con Qrobus","og_url":"https:\/\/www.nexoinformativo.mx\/index.php\/2025\/04\/11\/viaje-directo-y-rapido-inauguran-ruta-t16-lagunillas-queretaro-con-qrobus\/","og_site_name":"Nexo Informativo Santiago de Quer\u00e9taro","article_publisher":"https:\/\/www.facebook.com\/people\/Nexo-Informativo\/61564066885511\/","article_published_time":"2025-04-11T19:30:18+00:00","article_modified_time":"2025-04-11T20:49:14+00:00","og_image":[{"width":800,"height":600,"url":"https:\/\/www.nexoinformativo.mx\/wp-content\/uploads\/2025\/04\/PHOTO-2025-04-11-12-27-36-e1744404507907.jpg","type":"image\/jpeg"}],"author":"Nexo Informativo","twitter_card":"summary_large_image","twitter_misc":{"Escrito por":"Nexo Informativo","Tiempo de lectura":"2 minutos"},"schema":{"@context":"https:\/\/schema.org","@graph":[{"@type":"Article","@id":"https:\/\/www.nexoinformativo.mx\/index.php\/2025\/04\/11\/viaje-directo-y-rapido-inauguran-ruta-t16-lagunillas-queretaro-con-qrobus\/#article","isPartOf":{"@id":"https:\/\/www.nexoinformativo.mx\/index.php\/2025\/04\/11\/viaje-directo-y-rapido-inauguran-ruta-t16-lagunillas-queretaro-con-qrobus\/"},"author":{"name":"Nexo Informativo","@id":"https:\/\/www.nexoinformativo.mx\/#\/schema\/person\/7749d380ba08c8ca00d7bc76fd907b7d"},"headline":"Viaje directo y r\u00e1pido inauguran ruta T16 Lagunillas-Quer\u00e9taro con Qrobus","datePublished":"2025-04-11T19:30:18+00:00","dateModified":"2025-04-11T20:49:14+00:00","mainEntityOfPage":{"@id":"https:\/\/www.nexoinformativo.mx\/index.php\/2025\/04\/11\/viaje-directo-y-rapido-inauguran-ruta-t16-lagunillas-queretaro-con-qrobus\/"},"wordCount":289,"commentCount":0,"publisher":{"@id":"https:\/\/www.nexoinformativo.mx\/#organization"},"image":{"@id":"https:\/\/www.nexoinformativo.mx\/index.php\/2025\/04\/11\/viaje-directo-y-rapido-inauguran-ruta-t16-lagunillas-queretaro-con-qrobus\/#primaryimage"},"thumbnailUrl":"https:\/\/www.nexoinformativo.mx\/wp-content\/uploads\/2025\/04\/PHOTO-2025-04-11-12-27-36-e1744404507907.jpg","keywords":["Conexi\u00f3nHuimilpan","MovilidadQro","QrobusT16","TransporteP\u00fablico"],"articleSection":["Municipios","\u00daltima Hora"],"inLanguage":"es","potentialAction":[{"@type":"CommentAction","name":"Comment","target":["https:\/\/www.nexoinformativo.mx\/index.php\/2025\/04\/11\/viaje-directo-y-rapido-inauguran-ruta-t16-lagunillas-queretaro-con-qrobus\/#respond"]}]},{"@type":"WebPage","@id":"https:\/\/www.nexoinformativo.mx\/index.php\/2025\/04\/11\/viaje-directo-y-rapido-inauguran-ruta-t16-lagunillas-queretaro-con-qrobus\/","url":"https:\/\/www.nexoinformativo.mx\/index.php\/2025\/04\/11\/viaje-directo-y-rapido-inauguran-ruta-t16-lagunillas-queretaro-con-qrobus\/","name":"Viaje directo y r\u00e1pido inauguran ruta T16 Lagunillas-Quer\u00e9taro con Qrobus | Nexo Informativo Santiago de Quer\u00e9taro","isPartOf":{"@id":"https:\/\/www.nexoinformativo.mx\/#website"},"primaryImageOfPage":{"@id":"https:\/\/www.nexoinformativo.mx\/index.php\/2025\/04\/11\/viaje-directo-y-rapido-inauguran-ruta-t16-lagunillas-queretaro-con-qrobus\/#primaryimage"},"image":{"@id":"https:\/\/www.nexoinformativo.mx\/index.php\/2025\/04\/11\/viaje-directo-y-rapido-inauguran-ruta-t16-lagunillas-queretaro-con-qrobus\/#primaryimage"},"thumbnailUrl":"https:\/\/www.nexoinformativo.mx\/wp-content\/uploads\/2025\/04\/PHOTO-2025-04-11-12-27-36-e1744404507907.jpg","datePublished":"2025-04-11T19:30:18+00:00","dateModified":"2025-04-11T20:49:14+00:00","description":"Viaje directo y r\u00e1pido inauguran ruta T16 Lagunillas-Quer\u00e9taro con Qrobus","breadcrumb":{"@id":"https:\/\/www.nexoinformativo.mx\/index.php\/2025\/04\/11\/viaje-directo-y-rapido-inauguran-ruta-t16-lagunillas-queretaro-con-qrobus\/#breadcrumb"},"inLanguage":"es","potentialAction":[{"@type":"ReadAction","target":["https:\/\/www.nexoinformativo.mx\/index.php\/2025\/04\/11\/viaje-directo-y-rapido-inauguran-ruta-t16-lagunillas-queretaro-con-qrobus\/"]}]},{"@type":"ImageObject","inLanguage":"es","@id":"https:\/\/www.nexoinformativo.mx\/index.php\/2025\/04\/11\/viaje-directo-y-rapido-inauguran-ruta-t16-lagunillas-queretaro-con-qrobus\/#primaryimage","url":"https:\/\/www.nexoinformativo.mx\/wp-content\/uploads\/2025\/04\/PHOTO-2025-04-11-12-27-36-e1744404507907.jpg","contentUrl":"https:\/\/www.nexoinformativo.mx\/wp-content\/uploads\/2025\/04\/PHOTO-2025-04-11-12-27-36-e1744404507907.jpg","width":800,"height":600},{"@type":"BreadcrumbList","@id":"https:\/\/www.nexoinformativo.mx\/index.php\/2025\/04\/11\/viaje-directo-y-rapido-inauguran-ruta-t16-lagunillas-queretaro-con-qrobus\/#breadcrumb","itemListElement":[{"@type":"ListItem","position":1,"name":"Inicio","item":"https:\/\/www.nexoinformativo.mx\/"},{"@type":"ListItem","position":2,"name":"Viaje directo y r\u00e1pido inauguran ruta T16 Lagunillas-Quer\u00e9taro con Qrobus"}]},{"@type":"WebSite","@id":"https:\/\/www.nexoinformativo.mx\/#website","url":"https:\/\/www.nexoinformativo.mx\/","name":"Nexo Informativo Santiago de Quer\u00e9taro","description":"Explora NexoInformativo y convi\u00e9rtete en parte de una comunidad que valora el conocimiento y la verdad. Tu nexoinformativo es tu puente hacia una comprensi\u00f3n m\u00e1s profunda del mundo que te rodea.","publisher":{"@id":"https:\/\/www.nexoinformativo.mx\/#organization"},"potentialAction":[{"@type":"SearchAction","target":{"@type":"EntryPoint","urlTemplate":"https:\/\/www.nexoinformativo.mx\/?s={search_term_string}"},"query-input":{"@type":"PropertyValueSpecification","valueRequired":true,"valueName":"search_term_string"}}],"inLanguage":"es"},{"@type":"Organization","@id":"https:\/\/www.nexoinformativo.mx\/#organization","name":"Nexo Informativo Santiago de Quer\u00e9taro","url":"https:\/\/www.nexoinformativo.mx\/","logo":{"@type":"ImageObject","inLanguage":"es","@id":"https:\/\/www.nexoinformativo.mx\/#\/schema\/logo\/image\/","url":"https:\/\/www.nexoinformativo.mx\/wp-content\/uploads\/2024\/07\/nexoi-trasparente-2.png","contentUrl":"https:\/\/www.nexoinformativo.mx\/wp-content\/uploads\/2024\/07\/nexoi-trasparente-2.png","width":816,"height":339,"caption":"Nexo Informativo Santiago de Quer\u00e9taro"},"image":{"@id":"https:\/\/www.nexoinformativo.mx\/#\/schema\/logo\/image\/"},"sameAs":["https:\/\/www.facebook.com\/people\/Nexo-Informativo\/61564066885511\/"]},{"@type":"Person","@id":"https:\/\/www.nexoinformativo.mx\/#\/schema\/person\/7749d380ba08c8ca00d7bc76fd907b7d","name":"Nexo Informativo","image":{"@type":"ImageObject","inLanguage":"es","@id":"https:\/\/www.nexoinformativo.mx\/#\/schema\/person\/image\/","url":"https:\/\/secure.gravatar.com\/avatar\/dde2928154642a13d95f87ddf1ea9718fe2b46760a005c53e41ff5ad610704e6?s=96&d=mm&r=g","contentUrl":"https:\/\/secure.gravatar.com\/avatar\/dde2928154642a13d95f87ddf1ea9718fe2b46760a005c53e41ff5ad610704e6?s=96&d=mm&r=g","caption":"Nexo Informativo"},"url":"https:\/\/www.nexoinformativo.mx\/index.php\/author\/edicion\/"}]}},"_links":{"self":[{"href":"https:\/\/www.nexoinformativo.mx\/index.php\/wp-json\/wp\/v2\/posts\/14053","targetHints":{"allow":["GET"]}}],"collection":[{"href":"https:\/\/www.nexoinformativo.mx\/index.php\/wp-json\/wp\/v2\/posts"}],"about":[{"href":"https:\/\/www.nexoinformativo.mx\/index.php\/wp-json\/wp\/v2\/types\/post"}],"author":[{"embeddable":true,"href":"https:\/\/www.nexoinformativo.mx\/index.php\/wp-json\/wp\/v2\/users\/3"}],"replies":[{"embeddable":true,"href":"https:\/\/www.nexoinformativo.mx\/index.php\/wp-json\/wp\/v2\/comments?post=14053"}],"version-history":[{"count":3,"href":"https:\/\/www.nexoinformativo.mx\/index.php\/wp-json\/wp\/v2\/posts\/14053\/revisions"}],"predecessor-version":[{"id":14057,"href":"https:\/\/www.nexoinformativo.mx\/index.php\/wp-json\/wp\/v2\/posts\/14053\/revisions\/14057"}],"wp:featuredmedia":[{"embeddable":true,"href":"https:\/\/www.nexoinformativo.mx\/index.php\/wp-json\/wp\/v2\/media\/14054"}],"wp:attachment":[{"href":"https:\/\/www.nexoinformativo.mx\/index.php\/wp-json\/wp\/v2\/media?parent=14053"}],"wp:term":[{"taxonomy":"category","embeddable":true,"href":"https:\/\/www.nexoinformativo.mx\/index.php\/wp-json\/wp\/v2\/categories?post=14053"},{"taxonomy":"post_tag","embeddable":true,"href":"https:\/\/www.nexoinformativo.mx\/index.php\/wp-json\/wp\/v2\/tags?post=14053"}],"curies":[{"name":"wp","href":"https:\/\/api.w.org\/{rel}","templated":true}]}}