{"id":14069,"date":"2025-04-13T09:00:46","date_gmt":"2025-04-13T15:00:46","guid":{"rendered":"https:\/\/www.nexoinformativo.mx\/?p=14069"},"modified":"2025-04-13T11:50:11","modified_gmt":"2025-04-13T17:50:11","slug":"kuri-celebra-logro-historico-queretaro-obtiene-la-primera-indicacion-geografica-protegida-para-sus-vinos-en-mexico","status":"publish","type":"post","link":"https:\/\/www.nexoinformativo.mx\/index.php\/2025\/04\/13\/kuri-celebra-logro-historico-queretaro-obtiene-la-primera-indicacion-geografica-protegida-para-sus-vinos-en-mexico\/","title":{"rendered":"Kuri celebra logro hist\u00f3rico Quer\u00e9taro obtiene la primera indicaci\u00f3n geogr\u00e1fica protegida para sus vinos en M\u00e9xico"},"content":{"rendered":"<p style=\"text-align: justify;\" data-sourcepos=\"11:1-11:566\">El gobernador Mauricio Kuri Gonz\u00e1lez encabez\u00f3 el lanzamiento de un logro para la vitivinicultura mexicana: la primera <strong>Indicaci\u00f3n Geogr\u00e1fica Protegida<\/strong> (IGP) de vino en el pa\u00eds, otorgada por el <strong>Instituto Mexicano de la Propiedad Industrial<\/strong> (IMPI) a los vinos de la regi\u00f3n vitivin\u00edcola de Quer\u00e9taro.<\/p>\n<\/p>\n<p>&nbsp;<\/p>\n<p style=\"text-align: justify;\" data-sourcepos=\"11:1-11:566\">Este distintivo fortalece la identidad del vino queretano, garantiza su calidad, lo protege de imitaciones y facilita su acceso a mercados nacionales e internacionales, llevando el nombre del estado con orgullo a la alta gastronom\u00eda mundial.<\/p>\n<\/p>\n<p>&nbsp;<\/p>\n<p style=\"text-align: justify;\" data-sourcepos=\"13:1-13:326\">En este evento hist\u00f3rico, el gobernador Kuri resalt\u00f3 el impulso que su administraci\u00f3n ha brindado a la producci\u00f3n vitivin\u00edcola, consolid\u00e1ndola como uno de los principales atractivos tur\u00edsticos de Quer\u00e9taro, un estado que ha evolucionado hasta convertirse en el destino enotur\u00edstico n\u00famero uno de M\u00e9xico en los \u00faltimos 20 a\u00f1os.<\/p>\n<\/p>\n<p>&nbsp;<\/p>\n<p style=\"text-align: justify;\" data-sourcepos=\"15:1-15:339\">El secretario de Desarrollo Sustentable, Marco Antonio Del Prete, enfatiz\u00f3 que esta IGP consolida a Quer\u00e9taro como una plataforma de desarrollo para una industria de clase mundial, reconociendo la trayectoria de \u00e9xito del vino queretano y su evoluci\u00f3n hacia un modelo de desarrollo industrial que abre nuevas fronteras comerciales.<\/p>\n<\/p>\n<p>&nbsp;<\/p>\n<p style=\"text-align: justify;\" data-sourcepos=\"17:1-17:363\">El director del IMPI, Santiago Nieto, reconoci\u00f3 la visi\u00f3n del gobernador Kuri y se\u00f1al\u00f3 que la instauraci\u00f3n de aranceles al vino europeo representa una oportunidad \u00fanica para el sector vitivin\u00edcola queretano. Convoc\u00f3 a aprovechar el nuevo orden econ\u00f3mico global y destac\u00f3 que este distintivo refuerza la posici\u00f3n de Quer\u00e9taro en el mercado norteamericano.<\/p>\n<\/p>\n<p>&nbsp;<\/p>\n<p style=\"text-align: justify;\" data-sourcepos=\"19:1-19:243\">El presidente del Cl\u00faster Vitivin\u00edcola de Quer\u00e9taro, Eugenio Parrodi Wiechers, subray\u00f3 que este reconocimiento marca un antes y un despu\u00e9s en la historia del vino mexicano, otorgando un signo de calidad y origen \u00fanico a los vinos de la regi\u00f3n.<\/p>\n<\/p>\n<p>&nbsp;<\/p>\n<p style=\"text-align: center;\" data-sourcepos=\"19:1-19:243\"><em><strong>\u00a1Informaci\u00f3n que transforma!<\/strong><\/em><\/p>\n","protected":false},"excerpt":{"rendered":"<p>El gobernador Mauricio Kuri Gonz\u00e1lez encabez\u00f3 el lanzamiento de un hito para la vitivinicultura mexicana: la primera Indicaci\u00f3n Geogr\u00e1fica Protegida (IGP) de vino en el pa\u00eds, otorgada por el Instituto Mexicano de la Propiedad Industrial (IMPI) a los vinos de la regi\u00f3n vitivin\u00edcola de Quer\u00e9taro.<\/p>\n","protected":false},"author":3,"featured_media":14070,"comment_status":"open","ping_status":"open","sticky":false,"template":"","format":"standard","meta":{"footnotes":""},"categories":[5,42,58],"tags":[4117,2243,4116,3878],"class_list":["post-14069","post","type-post","status-publish","format-standard","has-post-thumbnail","hentry","category-economia","category-estado","category-ultima-hora","tag-enoturismomexico","tag-impi","tag-indicaciongeografica","tag-vinosdequeretaro"],"yoast_head":"<!-- This site is optimized with the Yoast SEO plugin v25.0 - https:\/\/yoast.com\/wordpress\/plugins\/seo\/ -->\n<title>Kuri celebra logro hist\u00f3rico Quer\u00e9taro obtiene la primera indicaci\u00f3n geogr\u00e1fica protegida para sus vinos en M\u00e9xico | Nexo Informativo Santiago de Quer\u00e9taro<\/title>\n<meta name=\"description\" content=\"Kuri celebra logro hist\u00f3rico Quer\u00e9taro obtiene la primera indicaci\u00f3n geogr\u00e1fica protegida para sus vinos en M\u00e9xico\" \/>\n<meta name=\"robots\" content=\"index, follow, max-snippet:-1, max-image-preview:large, max-video-preview:-1\" \/>\n<link rel=\"canonical\" href=\"https:\/\/www.nexoinformativo.mx\/index.php\/2025\/04\/13\/kuri-celebra-logro-historico-queretaro-obtiene-la-primera-indicacion-geografica-protegida-para-sus-vinos-en-mexico\/\" \/>\n<meta property=\"og:locale\" content=\"es_MX\" \/>\n<meta property=\"og:type\" content=\"article\" \/>\n<meta property=\"og:title\" content=\"Kuri celebra logro hist\u00f3rico Quer\u00e9taro obtiene la primera indicaci\u00f3n geogr\u00e1fica protegida para sus vinos en M\u00e9xico | Nexo Informativo Santiago de Quer\u00e9taro\" \/>\n<meta property=\"og:description\" content=\"Kuri celebra logro hist\u00f3rico Quer\u00e9taro obtiene la primera indicaci\u00f3n geogr\u00e1fica protegida para sus vinos en M\u00e9xico\" \/>\n<meta property=\"og:url\" content=\"https:\/\/www.nexoinformativo.mx\/index.php\/2025\/04\/13\/kuri-celebra-logro-historico-queretaro-obtiene-la-primera-indicacion-geografica-protegida-para-sus-vinos-en-mexico\/\" \/>\n<meta property=\"og:site_name\" content=\"Nexo Informativo Santiago de Quer\u00e9taro\" \/>\n<meta property=\"article:publisher\" content=\"https:\/\/www.facebook.com\/people\/Nexo-Informativo\/61564066885511\/\" \/>\n<meta property=\"article:published_time\" content=\"2025-04-13T15:00:46+00:00\" \/>\n<meta property=\"article:modified_time\" content=\"2025-04-13T17:50:11+00:00\" \/>\n<meta property=\"og:image\" content=\"https:\/\/www.nexoinformativo.mx\/wp-content\/uploads\/2025\/04\/PHOTO-2025-04-13-11-20-26-e1744566539475.jpg\" \/>\n\t<meta property=\"og:image:width\" content=\"800\" \/>\n\t<meta property=\"og:image:height\" content=\"533\" \/>\n\t<meta property=\"og:image:type\" content=\"image\/jpeg\" \/>\n<meta name=\"author\" content=\"Nexo Informativo\" \/>\n<meta name=\"twitter:card\" content=\"summary_large_image\" \/>\n<meta name=\"twitter:label1\" content=\"Escrito por\" \/>\n\t<meta name=\"twitter:data1\" content=\"Nexo Informativo\" \/>\n\t<meta name=\"twitter:label2\" content=\"Tiempo de lectura\" \/>\n\t<meta name=\"twitter:data2\" content=\"2 minutos\" \/>\n<script type=\"application\/ld+json\" class=\"yoast-schema-graph\">{\"@context\":\"https:\/\/schema.org\",\"@graph\":[{\"@type\":\"Article\",\"@id\":\"https:\/\/www.nexoinformativo.mx\/index.php\/2025\/04\/13\/kuri-celebra-logro-historico-queretaro-obtiene-la-primera-indicacion-geografica-protegida-para-sus-vinos-en-mexico\/#article\",\"isPartOf\":{\"@id\":\"https:\/\/www.nexoinformativo.mx\/index.php\/2025\/04\/13\/kuri-celebra-logro-historico-queretaro-obtiene-la-primera-indicacion-geografica-protegida-para-sus-vinos-en-mexico\/\"},\"author\":{\"name\":\"Nexo Informativo\",\"@id\":\"https:\/\/www.nexoinformativo.mx\/#\/schema\/person\/7749d380ba08c8ca00d7bc76fd907b7d\"},\"headline\":\"Kuri celebra logro hist\u00f3rico Quer\u00e9taro obtiene la primera indicaci\u00f3n geogr\u00e1fica protegida para sus vinos en M\u00e9xico\",\"datePublished\":\"2025-04-13T15:00:46+00:00\",\"dateModified\":\"2025-04-13T17:50:11+00:00\",\"mainEntityOfPage\":{\"@id\":\"https:\/\/www.nexoinformativo.mx\/index.php\/2025\/04\/13\/kuri-celebra-logro-historico-queretaro-obtiene-la-primera-indicacion-geografica-protegida-para-sus-vinos-en-mexico\/\"},\"wordCount\":335,\"commentCount\":0,\"publisher\":{\"@id\":\"https:\/\/www.nexoinformativo.mx\/#organization\"},\"image\":{\"@id\":\"https:\/\/www.nexoinformativo.mx\/index.php\/2025\/04\/13\/kuri-celebra-logro-historico-queretaro-obtiene-la-primera-indicacion-geografica-protegida-para-sus-vinos-en-mexico\/#primaryimage\"},\"thumbnailUrl\":\"https:\/\/www.nexoinformativo.mx\/wp-content\/uploads\/2025\/04\/PHOTO-2025-04-13-11-20-26-e1744566539475.jpg\",\"keywords\":[\"EnoturismoM\u00e9xico\",\"IMPI\",\"Indicaci\u00f3nGeogr\u00e1fica\",\"VinosDeQuer\u00e9taro\"],\"articleSection\":[\"Econom\u00eda\",\"Estado\",\"\u00daltima Hora\"],\"inLanguage\":\"es\",\"potentialAction\":[{\"@type\":\"CommentAction\",\"name\":\"Comment\",\"target\":[\"https:\/\/www.nexoinformativo.mx\/index.php\/2025\/04\/13\/kuri-celebra-logro-historico-queretaro-obtiene-la-primera-indicacion-geografica-protegida-para-sus-vinos-en-mexico\/#respond\"]}]},{\"@type\":\"WebPage\",\"@id\":\"https:\/\/www.nexoinformativo.mx\/index.php\/2025\/04\/13\/kuri-celebra-logro-historico-queretaro-obtiene-la-primera-indicacion-geografica-protegida-para-sus-vinos-en-mexico\/\",\"url\":\"https:\/\/www.nexoinformativo.mx\/index.php\/2025\/04\/13\/kuri-celebra-logro-historico-queretaro-obtiene-la-primera-indicacion-geografica-protegida-para-sus-vinos-en-mexico\/\",\"name\":\"Kuri celebra logro hist\u00f3rico Quer\u00e9taro obtiene la primera indicaci\u00f3n geogr\u00e1fica protegida para sus vinos en M\u00e9xico | Nexo Informativo Santiago de Quer\u00e9taro\",\"isPartOf\":{\"@id\":\"https:\/\/www.nexoinformativo.mx\/#website\"},\"primaryImageOfPage\":{\"@id\":\"https:\/\/www.nexoinformativo.mx\/index.php\/2025\/04\/13\/kuri-celebra-logro-historico-queretaro-obtiene-la-primera-indicacion-geografica-protegida-para-sus-vinos-en-mexico\/#primaryimage\"},\"image\":{\"@id\":\"https:\/\/www.nexoinformativo.mx\/index.php\/2025\/04\/13\/kuri-celebra-logro-historico-queretaro-obtiene-la-primera-indicacion-geografica-protegida-para-sus-vinos-en-mexico\/#primaryimage\"},\"thumbnailUrl\":\"https:\/\/www.nexoinformativo.mx\/wp-content\/uploads\/2025\/04\/PHOTO-2025-04-13-11-20-26-e1744566539475.jpg\",\"datePublished\":\"2025-04-13T15:00:46+00:00\",\"dateModified\":\"2025-04-13T17:50:11+00:00\",\"description\":\"Kuri celebra logro hist\u00f3rico Quer\u00e9taro obtiene la primera indicaci\u00f3n geogr\u00e1fica protegida para sus vinos en M\u00e9xico\",\"breadcrumb\":{\"@id\":\"https:\/\/www.nexoinformativo.mx\/index.php\/2025\/04\/13\/kuri-celebra-logro-historico-queretaro-obtiene-la-primera-indicacion-geografica-protegida-para-sus-vinos-en-mexico\/#breadcrumb\"},\"inLanguage\":\"es\",\"potentialAction\":[{\"@type\":\"ReadAction\",\"target\":[\"https:\/\/www.nexoinformativo.mx\/index.php\/2025\/04\/13\/kuri-celebra-logro-historico-queretaro-obtiene-la-primera-indicacion-geografica-protegida-para-sus-vinos-en-mexico\/\"]}]},{\"@type\":\"ImageObject\",\"inLanguage\":\"es\",\"@id\":\"https:\/\/www.nexoinformativo.mx\/index.php\/2025\/04\/13\/kuri-celebra-logro-historico-queretaro-obtiene-la-primera-indicacion-geografica-protegida-para-sus-vinos-en-mexico\/#primaryimage\",\"url\":\"https:\/\/www.nexoinformativo.mx\/wp-content\/uploads\/2025\/04\/PHOTO-2025-04-13-11-20-26-e1744566539475.jpg\",\"contentUrl\":\"https:\/\/www.nexoinformativo.mx\/wp-content\/uploads\/2025\/04\/PHOTO-2025-04-13-11-20-26-e1744566539475.jpg\",\"width\":800,\"height\":533},{\"@type\":\"BreadcrumbList\",\"@id\":\"https:\/\/www.nexoinformativo.mx\/index.php\/2025\/04\/13\/kuri-celebra-logro-historico-queretaro-obtiene-la-primera-indicacion-geografica-protegida-para-sus-vinos-en-mexico\/#breadcrumb\",\"itemListElement\":[{\"@type\":\"ListItem\",\"position\":1,\"name\":\"Inicio\",\"item\":\"https:\/\/www.nexoinformativo.mx\/\"},{\"@type\":\"ListItem\",\"position\":2,\"name\":\"Kuri celebra logro hist\u00f3rico Quer\u00e9taro obtiene la primera indicaci\u00f3n geogr\u00e1fica protegida para sus vinos en M\u00e9xico\"}]},{\"@type\":\"WebSite\",\"@id\":\"https:\/\/www.nexoinformativo.mx\/#website\",\"url\":\"https:\/\/www.nexoinformativo.mx\/\",\"name\":\"Nexo Informativo Santiago de Quer\u00e9taro\",\"description\":\"Explora NexoInformativo y convi\u00e9rtete en parte de una comunidad que valora el conocimiento y la verdad. Tu nexoinformativo es tu puente hacia una comprensi\u00f3n m\u00e1s profunda del mundo que te rodea.\",\"publisher\":{\"@id\":\"https:\/\/www.nexoinformativo.mx\/#organization\"},\"potentialAction\":[{\"@type\":\"SearchAction\",\"target\":{\"@type\":\"EntryPoint\",\"urlTemplate\":\"https:\/\/www.nexoinformativo.mx\/?s={search_term_string}\"},\"query-input\":{\"@type\":\"PropertyValueSpecification\",\"valueRequired\":true,\"valueName\":\"search_term_string\"}}],\"inLanguage\":\"es\"},{\"@type\":\"Organization\",\"@id\":\"https:\/\/www.nexoinformativo.mx\/#organization\",\"name\":\"Nexo Informativo Santiago de Quer\u00e9taro\",\"url\":\"https:\/\/www.nexoinformativo.mx\/\",\"logo\":{\"@type\":\"ImageObject\",\"inLanguage\":\"es\",\"@id\":\"https:\/\/www.nexoinformativo.mx\/#\/schema\/logo\/image\/\",\"url\":\"https:\/\/www.nexoinformativo.mx\/wp-content\/uploads\/2024\/07\/nexoi-trasparente-2.png\",\"contentUrl\":\"https:\/\/www.nexoinformativo.mx\/wp-content\/uploads\/2024\/07\/nexoi-trasparente-2.png\",\"width\":816,\"height\":339,\"caption\":\"Nexo Informativo Santiago de Quer\u00e9taro\"},\"image\":{\"@id\":\"https:\/\/www.nexoinformativo.mx\/#\/schema\/logo\/image\/\"},\"sameAs\":[\"https:\/\/www.facebook.com\/people\/Nexo-Informativo\/61564066885511\/\"]},{\"@type\":\"Person\",\"@id\":\"https:\/\/www.nexoinformativo.mx\/#\/schema\/person\/7749d380ba08c8ca00d7bc76fd907b7d\",\"name\":\"Nexo Informativo\",\"image\":{\"@type\":\"ImageObject\",\"inLanguage\":\"es\",\"@id\":\"https:\/\/www.nexoinformativo.mx\/#\/schema\/person\/image\/\",\"url\":\"https:\/\/secure.gravatar.com\/avatar\/dde2928154642a13d95f87ddf1ea9718fe2b46760a005c53e41ff5ad610704e6?s=96&d=mm&r=g\",\"contentUrl\":\"https:\/\/secure.gravatar.com\/avatar\/dde2928154642a13d95f87ddf1ea9718fe2b46760a005c53e41ff5ad610704e6?s=96&d=mm&r=g\",\"caption\":\"Nexo Informativo\"},\"url\":\"https:\/\/www.nexoinformativo.mx\/index.php\/author\/edicion\/\"}]}<\/script>\n<!-- \/ Yoast SEO plugin. -->","yoast_head_json":{"title":"Kuri celebra logro hist\u00f3rico Quer\u00e9taro obtiene la primera indicaci\u00f3n geogr\u00e1fica protegida para sus vinos en M\u00e9xico | Nexo Informativo Santiago de Quer\u00e9taro","description":"Kuri celebra logro hist\u00f3rico Quer\u00e9taro obtiene la primera indicaci\u00f3n geogr\u00e1fica protegida para sus vinos en M\u00e9xico","robots":{"index":"index","follow":"follow","max-snippet":"max-snippet:-1","max-image-preview":"max-image-preview:large","max-video-preview":"max-video-preview:-1"},"canonical":"https:\/\/www.nexoinformativo.mx\/index.php\/2025\/04\/13\/kuri-celebra-logro-historico-queretaro-obtiene-la-primera-indicacion-geografica-protegida-para-sus-vinos-en-mexico\/","og_locale":"es_MX","og_type":"article","og_title":"Kuri celebra logro hist\u00f3rico Quer\u00e9taro obtiene la primera indicaci\u00f3n geogr\u00e1fica protegida para sus vinos en M\u00e9xico | Nexo Informativo Santiago de Quer\u00e9taro","og_description":"Kuri celebra logro hist\u00f3rico Quer\u00e9taro obtiene la primera indicaci\u00f3n geogr\u00e1fica protegida para sus vinos en M\u00e9xico","og_url":"https:\/\/www.nexoinformativo.mx\/index.php\/2025\/04\/13\/kuri-celebra-logro-historico-queretaro-obtiene-la-primera-indicacion-geografica-protegida-para-sus-vinos-en-mexico\/","og_site_name":"Nexo Informativo Santiago de Quer\u00e9taro","article_publisher":"https:\/\/www.facebook.com\/people\/Nexo-Informativo\/61564066885511\/","article_published_time":"2025-04-13T15:00:46+00:00","article_modified_time":"2025-04-13T17:50:11+00:00","og_image":[{"width":800,"height":533,"url":"https:\/\/www.nexoinformativo.mx\/wp-content\/uploads\/2025\/04\/PHOTO-2025-04-13-11-20-26-e1744566539475.jpg","type":"image\/jpeg"}],"author":"Nexo Informativo","twitter_card":"summary_large_image","twitter_misc":{"Escrito por":"Nexo Informativo","Tiempo de lectura":"2 minutos"},"schema":{"@context":"https:\/\/schema.org","@graph":[{"@type":"Article","@id":"https:\/\/www.nexoinformativo.mx\/index.php\/2025\/04\/13\/kuri-celebra-logro-historico-queretaro-obtiene-la-primera-indicacion-geografica-protegida-para-sus-vinos-en-mexico\/#article","isPartOf":{"@id":"https:\/\/www.nexoinformativo.mx\/index.php\/2025\/04\/13\/kuri-celebra-logro-historico-queretaro-obtiene-la-primera-indicacion-geografica-protegida-para-sus-vinos-en-mexico\/"},"author":{"name":"Nexo Informativo","@id":"https:\/\/www.nexoinformativo.mx\/#\/schema\/person\/7749d380ba08c8ca00d7bc76fd907b7d"},"headline":"Kuri celebra logro hist\u00f3rico Quer\u00e9taro obtiene la primera indicaci\u00f3n geogr\u00e1fica protegida para sus vinos en M\u00e9xico","datePublished":"2025-04-13T15:00:46+00:00","dateModified":"2025-04-13T17:50:11+00:00","mainEntityOfPage":{"@id":"https:\/\/www.nexoinformativo.mx\/index.php\/2025\/04\/13\/kuri-celebra-logro-historico-queretaro-obtiene-la-primera-indicacion-geografica-protegida-para-sus-vinos-en-mexico\/"},"wordCount":335,"commentCount":0,"publisher":{"@id":"https:\/\/www.nexoinformativo.mx\/#organization"},"image":{"@id":"https:\/\/www.nexoinformativo.mx\/index.php\/2025\/04\/13\/kuri-celebra-logro-historico-queretaro-obtiene-la-primera-indicacion-geografica-protegida-para-sus-vinos-en-mexico\/#primaryimage"},"thumbnailUrl":"https:\/\/www.nexoinformativo.mx\/wp-content\/uploads\/2025\/04\/PHOTO-2025-04-13-11-20-26-e1744566539475.jpg","keywords":["EnoturismoM\u00e9xico","IMPI","Indicaci\u00f3nGeogr\u00e1fica","VinosDeQuer\u00e9taro"],"articleSection":["Econom\u00eda","Estado","\u00daltima Hora"],"inLanguage":"es","potentialAction":[{"@type":"CommentAction","name":"Comment","target":["https:\/\/www.nexoinformativo.mx\/index.php\/2025\/04\/13\/kuri-celebra-logro-historico-queretaro-obtiene-la-primera-indicacion-geografica-protegida-para-sus-vinos-en-mexico\/#respond"]}]},{"@type":"WebPage","@id":"https:\/\/www.nexoinformativo.mx\/index.php\/2025\/04\/13\/kuri-celebra-logro-historico-queretaro-obtiene-la-primera-indicacion-geografica-protegida-para-sus-vinos-en-mexico\/","url":"https:\/\/www.nexoinformativo.mx\/index.php\/2025\/04\/13\/kuri-celebra-logro-historico-queretaro-obtiene-la-primera-indicacion-geografica-protegida-para-sus-vinos-en-mexico\/","name":"Kuri celebra logro hist\u00f3rico Quer\u00e9taro obtiene la primera indicaci\u00f3n geogr\u00e1fica protegida para sus vinos en M\u00e9xico | Nexo Informativo Santiago de Quer\u00e9taro","isPartOf":{"@id":"https:\/\/www.nexoinformativo.mx\/#website"},"primaryImageOfPage":{"@id":"https:\/\/www.nexoinformativo.mx\/index.php\/2025\/04\/13\/kuri-celebra-logro-historico-queretaro-obtiene-la-primera-indicacion-geografica-protegida-para-sus-vinos-en-mexico\/#primaryimage"},"image":{"@id":"https:\/\/www.nexoinformativo.mx\/index.php\/2025\/04\/13\/kuri-celebra-logro-historico-queretaro-obtiene-la-primera-indicacion-geografica-protegida-para-sus-vinos-en-mexico\/#primaryimage"},"thumbnailUrl":"https:\/\/www.nexoinformativo.mx\/wp-content\/uploads\/2025\/04\/PHOTO-2025-04-13-11-20-26-e1744566539475.jpg","datePublished":"2025-04-13T15:00:46+00:00","dateModified":"2025-04-13T17:50:11+00:00","description":"Kuri celebra logro hist\u00f3rico Quer\u00e9taro obtiene la primera indicaci\u00f3n geogr\u00e1fica protegida para sus vinos en M\u00e9xico","breadcrumb":{"@id":"https:\/\/www.nexoinformativo.mx\/index.php\/2025\/04\/13\/kuri-celebra-logro-historico-queretaro-obtiene-la-primera-indicacion-geografica-protegida-para-sus-vinos-en-mexico\/#breadcrumb"},"inLanguage":"es","potentialAction":[{"@type":"ReadAction","target":["https:\/\/www.nexoinformativo.mx\/index.php\/2025\/04\/13\/kuri-celebra-logro-historico-queretaro-obtiene-la-primera-indicacion-geografica-protegida-para-sus-vinos-en-mexico\/"]}]},{"@type":"ImageObject","inLanguage":"es","@id":"https:\/\/www.nexoinformativo.mx\/index.php\/2025\/04\/13\/kuri-celebra-logro-historico-queretaro-obtiene-la-primera-indicacion-geografica-protegida-para-sus-vinos-en-mexico\/#primaryimage","url":"https:\/\/www.nexoinformativo.mx\/wp-content\/uploads\/2025\/04\/PHOTO-2025-04-13-11-20-26-e1744566539475.jpg","contentUrl":"https:\/\/www.nexoinformativo.mx\/wp-content\/uploads\/2025\/04\/PHOTO-2025-04-13-11-20-26-e1744566539475.jpg","width":800,"height":533},{"@type":"BreadcrumbList","@id":"https:\/\/www.nexoinformativo.mx\/index.php\/2025\/04\/13\/kuri-celebra-logro-historico-queretaro-obtiene-la-primera-indicacion-geografica-protegida-para-sus-vinos-en-mexico\/#breadcrumb","itemListElement":[{"@type":"ListItem","position":1,"name":"Inicio","item":"https:\/\/www.nexoinformativo.mx\/"},{"@type":"ListItem","position":2,"name":"Kuri celebra logro hist\u00f3rico Quer\u00e9taro obtiene la primera indicaci\u00f3n geogr\u00e1fica protegida para sus vinos en M\u00e9xico"}]},{"@type":"WebSite","@id":"https:\/\/www.nexoinformativo.mx\/#website","url":"https:\/\/www.nexoinformativo.mx\/","name":"Nexo Informativo Santiago de Quer\u00e9taro","description":"Explora NexoInformativo y convi\u00e9rtete en parte de una comunidad que valora el conocimiento y la verdad. Tu nexoinformativo es tu puente hacia una comprensi\u00f3n m\u00e1s profunda del mundo que te rodea.","publisher":{"@id":"https:\/\/www.nexoinformativo.mx\/#organization"},"potentialAction":[{"@type":"SearchAction","target":{"@type":"EntryPoint","urlTemplate":"https:\/\/www.nexoinformativo.mx\/?s={search_term_string}"},"query-input":{"@type":"PropertyValueSpecification","valueRequired":true,"valueName":"search_term_string"}}],"inLanguage":"es"},{"@type":"Organization","@id":"https:\/\/www.nexoinformativo.mx\/#organization","name":"Nexo Informativo Santiago de Quer\u00e9taro","url":"https:\/\/www.nexoinformativo.mx\/","logo":{"@type":"ImageObject","inLanguage":"es","@id":"https:\/\/www.nexoinformativo.mx\/#\/schema\/logo\/image\/","url":"https:\/\/www.nexoinformativo.mx\/wp-content\/uploads\/2024\/07\/nexoi-trasparente-2.png","contentUrl":"https:\/\/www.nexoinformativo.mx\/wp-content\/uploads\/2024\/07\/nexoi-trasparente-2.png","width":816,"height":339,"caption":"Nexo Informativo Santiago de Quer\u00e9taro"},"image":{"@id":"https:\/\/www.nexoinformativo.mx\/#\/schema\/logo\/image\/"},"sameAs":["https:\/\/www.facebook.com\/people\/Nexo-Informativo\/61564066885511\/"]},{"@type":"Person","@id":"https:\/\/www.nexoinformativo.mx\/#\/schema\/person\/7749d380ba08c8ca00d7bc76fd907b7d","name":"Nexo Informativo","image":{"@type":"ImageObject","inLanguage":"es","@id":"https:\/\/www.nexoinformativo.mx\/#\/schema\/person\/image\/","url":"https:\/\/secure.gravatar.com\/avatar\/dde2928154642a13d95f87ddf1ea9718fe2b46760a005c53e41ff5ad610704e6?s=96&d=mm&r=g","contentUrl":"https:\/\/secure.gravatar.com\/avatar\/dde2928154642a13d95f87ddf1ea9718fe2b46760a005c53e41ff5ad610704e6?s=96&d=mm&r=g","caption":"Nexo Informativo"},"url":"https:\/\/www.nexoinformativo.mx\/index.php\/author\/edicion\/"}]}},"_links":{"self":[{"href":"https:\/\/www.nexoinformativo.mx\/index.php\/wp-json\/wp\/v2\/posts\/14069","targetHints":{"allow":["GET"]}}],"collection":[{"href":"https:\/\/www.nexoinformativo.mx\/index.php\/wp-json\/wp\/v2\/posts"}],"about":[{"href":"https:\/\/www.nexoinformativo.mx\/index.php\/wp-json\/wp\/v2\/types\/post"}],"author":[{"embeddable":true,"href":"https:\/\/www.nexoinformativo.mx\/index.php\/wp-json\/wp\/v2\/users\/3"}],"replies":[{"embeddable":true,"href":"https:\/\/www.nexoinformativo.mx\/index.php\/wp-json\/wp\/v2\/comments?post=14069"}],"version-history":[{"count":3,"href":"https:\/\/www.nexoinformativo.mx\/index.php\/wp-json\/wp\/v2\/posts\/14069\/revisions"}],"predecessor-version":[{"id":14073,"href":"https:\/\/www.nexoinformativo.mx\/index.php\/wp-json\/wp\/v2\/posts\/14069\/revisions\/14073"}],"wp:featuredmedia":[{"embeddable":true,"href":"https:\/\/www.nexoinformativo.mx\/index.php\/wp-json\/wp\/v2\/media\/14070"}],"wp:attachment":[{"href":"https:\/\/www.nexoinformativo.mx\/index.php\/wp-json\/wp\/v2\/media?parent=14069"}],"wp:term":[{"taxonomy":"category","embeddable":true,"href":"https:\/\/www.nexoinformativo.mx\/index.php\/wp-json\/wp\/v2\/categories?post=14069"},{"taxonomy":"post_tag","embeddable":true,"href":"https:\/\/www.nexoinformativo.mx\/index.php\/wp-json\/wp\/v2\/tags?post=14069"}],"curies":[{"name":"wp","href":"https:\/\/api.w.org\/{rel}","templated":true}]}}