{"id":1407,"date":"2024-09-02T09:00:18","date_gmt":"2024-09-02T15:00:18","guid":{"rendered":"https:\/\/www.nexoinformativo.mx\/?p=1407"},"modified":"2024-09-02T13:07:36","modified_gmt":"2024-09-02T19:07:36","slug":"mauricio-kuri-anuncia-cambios-en-su-gabinete-para-impulsar-nueva-etapa-de-gobierno","status":"publish","type":"post","link":"https:\/\/www.nexoinformativo.mx\/index.php\/2024\/09\/02\/mauricio-kuri-anuncia-cambios-en-su-gabinete-para-impulsar-nueva-etapa-de-gobierno\/","title":{"rendered":"Mauricio Kuri anuncia cambios en su gabinete para impulsar nueva etapa de gobierno"},"content":{"rendered":"<p style=\"text-align: justify;\">El gobernador de Quer\u00e9taro, Mauricio Kuri Gonz\u00e1lez, anunci\u00f3 cambios en su gabinete con el objetivo de fortalecer la &#8220;tercera etapa&#8221; de su gobierno centrada en la reducci\u00f3n de brechas sociales y el desarrollo social inclusivo en el estado.<\/p>\n<p>&nbsp;<\/p>\n<h3 style=\"text-align: justify;\">Nombramientos<\/h3>\n<p>&nbsp;<\/p>\n<ul style=\"text-align: justify;\">\n<li>Secretario de Desarrollo Social, Luis Bernardo Nava Guerrero<\/li>\n<li style=\"text-align: justify;\">Secretaria de Cultura, Ana Paola L\u00f3pez Birlain.<\/li>\n<li style=\"text-align: justify;\">Director de Gobierno, Ricardo de la Vega L\u00f3pez<\/li>\n<li style=\"text-align: justify;\">Consejer\u00eda Jur\u00eddica del Estado, Jos\u00e9 Antonio Ledesma Ferrusca<\/li>\n<li>Programa Salud Contigo, Arturo Torres<\/li>\n<li style=\"text-align: justify;\">Coordinaci\u00f3n de Asesores del Ejecutivo, Alfredo Botello<\/li>\n<li style=\"text-align: justify;\">Secretaria de las Mujeres, Sonia Rocha<\/li>\n<\/ul>\n<p>&nbsp;<\/p>\n<p style=\"text-align: justify;\">Mauricio Kuri record\u00f3 que su gobierno ha pasado por dos etapas principales:<\/p>\n<ul style=\"text-align: justify;\">\n<li style=\"text-align: justify;\">Primera, enfocada en resolver problemas estructurales y<\/li>\n<li style=\"text-align: justify;\">Segunda en reducir las brechas sociales.<\/li>\n<\/ul>\n<p>&nbsp;<\/p>\n<h3 style=\"text-align: justify;\">\u00a0Logros<\/h3>\n<p>&nbsp;<\/p>\n<ul style=\"text-align: justify;\">\n<li style=\"text-align: justify;\">Inversi\u00f3n de 15 mil millones de pesos en obra p\u00fablica.<\/li>\n<li style=\"text-align: justify;\">Proyecto de El Bat\u00e1n Agua Para Todos.<\/li>\n<li style=\"text-align: justify;\">Construcci\u00f3n del Complejo de Seguridad.<\/li>\n<li style=\"text-align: justify;\">Modernizaci\u00f3n de Paseo 5 de Febrero.<\/li>\n<li style=\"text-align: justify;\">Renovaci\u00f3n del transporte p\u00fablico colectivo.<\/li>\n<\/ul>\n<p>&nbsp;<\/p>\n<p style=\"text-align: justify;\">Adem\u00e1s, se\u00f1al\u00f3 que Quer\u00e9taro es l\u00edder en atracci\u00f3n de inversi\u00f3n extranjera, con la llegada de empresas de renombre como Amazon y Google. <strong>&#8220;En esta nueva etapa nos enfocaremos en realizar cambios sociales profundos que permitan ampliar la clase media y apoyar a los grupos vulnerables. Queremos un gobierno m\u00e1s cercano, m\u00e1s sensible y solidario para abatir el rezago social&#8221;<\/strong>, concluy\u00f3 Kuri.<\/p>\n<p style=\"text-align: justify;\">\n","protected":false},"excerpt":{"rendered":"<p>El gobernador de Quer\u00e9taro, Mauricio Kuri Gonz\u00e1lez, anunci\u00f3 importantes cambios en su gabinete con el objetivo de fortalecer la &#8220;tercera etapa&#8221; de su gobierno centrada en la reducci\u00f3n de brechas sociales y el desarrollo social inclusivo en el estado.<\/p>\n","protected":false},"author":3,"featured_media":1411,"comment_status":"open","ping_status":"open","sticky":false,"template":"","format":"standard","meta":{"footnotes":""},"categories":[42,58],"tags":[417,416,415,399,418],"class_list":["post-1407","post","type-post","status-publish","format-standard","has-post-thumbnail","hentry","category-estado","category-ultima-hora","tag-culturaqueretaro","tag-desarrollosocialqro","tag-gabinetekuri","tag-queretaroavanza","tag-transformacionqueretaro"],"yoast_head":"<!-- This site is optimized with the Yoast SEO plugin v25.0 - https:\/\/yoast.com\/wordpress\/plugins\/seo\/ -->\n<title>Mauricio Kuri anuncia cambios en su gabinete para impulsar nueva etapa de gobierno | Nexo Informativo Santiago de Quer\u00e9taro<\/title>\n<meta name=\"description\" content=\"Mauricio Kuri anuncia cambios en su gabinete para impulsar nueva etapa de gobierno\" \/>\n<meta name=\"robots\" content=\"index, follow, max-snippet:-1, max-image-preview:large, max-video-preview:-1\" \/>\n<link rel=\"canonical\" href=\"https:\/\/www.nexoinformativo.mx\/index.php\/2024\/09\/02\/mauricio-kuri-anuncia-cambios-en-su-gabinete-para-impulsar-nueva-etapa-de-gobierno\/\" \/>\n<meta property=\"og:locale\" content=\"es_MX\" \/>\n<meta property=\"og:type\" content=\"article\" \/>\n<meta property=\"og:title\" content=\"Mauricio Kuri anuncia cambios en su gabinete para impulsar nueva etapa de gobierno | Nexo Informativo Santiago de Quer\u00e9taro\" \/>\n<meta property=\"og:description\" content=\"Mauricio Kuri anuncia cambios en su gabinete para impulsar nueva etapa de gobierno\" \/>\n<meta property=\"og:url\" content=\"https:\/\/www.nexoinformativo.mx\/index.php\/2024\/09\/02\/mauricio-kuri-anuncia-cambios-en-su-gabinete-para-impulsar-nueva-etapa-de-gobierno\/\" \/>\n<meta property=\"og:site_name\" content=\"Nexo Informativo Santiago de Quer\u00e9taro\" \/>\n<meta property=\"article:publisher\" content=\"https:\/\/www.facebook.com\/people\/Nexo-Informativo\/61564066885511\/\" \/>\n<meta property=\"article:published_time\" content=\"2024-09-02T15:00:18+00:00\" \/>\n<meta property=\"article:modified_time\" content=\"2024-09-02T19:07:36+00:00\" \/>\n<meta property=\"og:image\" content=\"https:\/\/www.nexoinformativo.mx\/wp-content\/uploads\/2024\/09\/PHOTO-2024-09-02-10-35-11-e1725298301409.jpg\" \/>\n\t<meta property=\"og:image:width\" content=\"800\" \/>\n\t<meta property=\"og:image:height\" content=\"600\" \/>\n\t<meta property=\"og:image:type\" content=\"image\/jpeg\" \/>\n<meta name=\"author\" content=\"Nexo Informativo\" \/>\n<meta name=\"twitter:card\" content=\"summary_large_image\" \/>\n<meta name=\"twitter:label1\" content=\"Escrito por\" \/>\n\t<meta name=\"twitter:data1\" content=\"Nexo Informativo\" \/>\n\t<meta name=\"twitter:label2\" content=\"Tiempo de lectura\" \/>\n\t<meta name=\"twitter:data2\" content=\"2 minutos\" \/>\n<script type=\"application\/ld+json\" class=\"yoast-schema-graph\">{\"@context\":\"https:\/\/schema.org\",\"@graph\":[{\"@type\":\"Article\",\"@id\":\"https:\/\/www.nexoinformativo.mx\/index.php\/2024\/09\/02\/mauricio-kuri-anuncia-cambios-en-su-gabinete-para-impulsar-nueva-etapa-de-gobierno\/#article\",\"isPartOf\":{\"@id\":\"https:\/\/www.nexoinformativo.mx\/index.php\/2024\/09\/02\/mauricio-kuri-anuncia-cambios-en-su-gabinete-para-impulsar-nueva-etapa-de-gobierno\/\"},\"author\":{\"name\":\"Nexo Informativo\",\"@id\":\"https:\/\/www.nexoinformativo.mx\/#\/schema\/person\/7749d380ba08c8ca00d7bc76fd907b7d\"},\"headline\":\"Mauricio Kuri anuncia cambios en su gabinete para impulsar nueva etapa de gobierno\",\"datePublished\":\"2024-09-02T15:00:18+00:00\",\"dateModified\":\"2024-09-02T19:07:36+00:00\",\"mainEntityOfPage\":{\"@id\":\"https:\/\/www.nexoinformativo.mx\/index.php\/2024\/09\/02\/mauricio-kuri-anuncia-cambios-en-su-gabinete-para-impulsar-nueva-etapa-de-gobierno\/\"},\"wordCount\":248,\"commentCount\":0,\"publisher\":{\"@id\":\"https:\/\/www.nexoinformativo.mx\/#organization\"},\"image\":{\"@id\":\"https:\/\/www.nexoinformativo.mx\/index.php\/2024\/09\/02\/mauricio-kuri-anuncia-cambios-en-su-gabinete-para-impulsar-nueva-etapa-de-gobierno\/#primaryimage\"},\"thumbnailUrl\":\"https:\/\/www.nexoinformativo.mx\/wp-content\/uploads\/2024\/09\/PHOTO-2024-09-02-10-35-11-e1725298301409.jpg\",\"keywords\":[\"CulturaQuer\u00e9taro\",\"DesarrolloSocialQro\",\"GabineteKuri\",\"Quer\u00e9taroAvanza\",\"Transformaci\u00f3nQuer\u00e9taro\"],\"articleSection\":[\"Estado\",\"\u00daltima Hora\"],\"inLanguage\":\"es\",\"potentialAction\":[{\"@type\":\"CommentAction\",\"name\":\"Comment\",\"target\":[\"https:\/\/www.nexoinformativo.mx\/index.php\/2024\/09\/02\/mauricio-kuri-anuncia-cambios-en-su-gabinete-para-impulsar-nueva-etapa-de-gobierno\/#respond\"]}]},{\"@type\":\"WebPage\",\"@id\":\"https:\/\/www.nexoinformativo.mx\/index.php\/2024\/09\/02\/mauricio-kuri-anuncia-cambios-en-su-gabinete-para-impulsar-nueva-etapa-de-gobierno\/\",\"url\":\"https:\/\/www.nexoinformativo.mx\/index.php\/2024\/09\/02\/mauricio-kuri-anuncia-cambios-en-su-gabinete-para-impulsar-nueva-etapa-de-gobierno\/\",\"name\":\"Mauricio Kuri anuncia cambios en su gabinete para impulsar nueva etapa de gobierno | Nexo Informativo Santiago de Quer\u00e9taro\",\"isPartOf\":{\"@id\":\"https:\/\/www.nexoinformativo.mx\/#website\"},\"primaryImageOfPage\":{\"@id\":\"https:\/\/www.nexoinformativo.mx\/index.php\/2024\/09\/02\/mauricio-kuri-anuncia-cambios-en-su-gabinete-para-impulsar-nueva-etapa-de-gobierno\/#primaryimage\"},\"image\":{\"@id\":\"https:\/\/www.nexoinformativo.mx\/index.php\/2024\/09\/02\/mauricio-kuri-anuncia-cambios-en-su-gabinete-para-impulsar-nueva-etapa-de-gobierno\/#primaryimage\"},\"thumbnailUrl\":\"https:\/\/www.nexoinformativo.mx\/wp-content\/uploads\/2024\/09\/PHOTO-2024-09-02-10-35-11-e1725298301409.jpg\",\"datePublished\":\"2024-09-02T15:00:18+00:00\",\"dateModified\":\"2024-09-02T19:07:36+00:00\",\"description\":\"Mauricio Kuri anuncia cambios en su gabinete para impulsar nueva etapa de gobierno\",\"breadcrumb\":{\"@id\":\"https:\/\/www.nexoinformativo.mx\/index.php\/2024\/09\/02\/mauricio-kuri-anuncia-cambios-en-su-gabinete-para-impulsar-nueva-etapa-de-gobierno\/#breadcrumb\"},\"inLanguage\":\"es\",\"potentialAction\":[{\"@type\":\"ReadAction\",\"target\":[\"https:\/\/www.nexoinformativo.mx\/index.php\/2024\/09\/02\/mauricio-kuri-anuncia-cambios-en-su-gabinete-para-impulsar-nueva-etapa-de-gobierno\/\"]}]},{\"@type\":\"ImageObject\",\"inLanguage\":\"es\",\"@id\":\"https:\/\/www.nexoinformativo.mx\/index.php\/2024\/09\/02\/mauricio-kuri-anuncia-cambios-en-su-gabinete-para-impulsar-nueva-etapa-de-gobierno\/#primaryimage\",\"url\":\"https:\/\/www.nexoinformativo.mx\/wp-content\/uploads\/2024\/09\/PHOTO-2024-09-02-10-35-11-e1725298301409.jpg\",\"contentUrl\":\"https:\/\/www.nexoinformativo.mx\/wp-content\/uploads\/2024\/09\/PHOTO-2024-09-02-10-35-11-e1725298301409.jpg\",\"width\":800,\"height\":600},{\"@type\":\"BreadcrumbList\",\"@id\":\"https:\/\/www.nexoinformativo.mx\/index.php\/2024\/09\/02\/mauricio-kuri-anuncia-cambios-en-su-gabinete-para-impulsar-nueva-etapa-de-gobierno\/#breadcrumb\",\"itemListElement\":[{\"@type\":\"ListItem\",\"position\":1,\"name\":\"Inicio\",\"item\":\"https:\/\/www.nexoinformativo.mx\/\"},{\"@type\":\"ListItem\",\"position\":2,\"name\":\"Mauricio Kuri anuncia cambios en su gabinete para impulsar nueva etapa de gobierno\"}]},{\"@type\":\"WebSite\",\"@id\":\"https:\/\/www.nexoinformativo.mx\/#website\",\"url\":\"https:\/\/www.nexoinformativo.mx\/\",\"name\":\"Nexo Informativo Santiago de Quer\u00e9taro\",\"description\":\"Explora NexoInformativo y convi\u00e9rtete en parte de una comunidad que valora el conocimiento y la verdad. Tu nexoinformativo es tu puente hacia una comprensi\u00f3n m\u00e1s profunda del mundo que te rodea.\",\"publisher\":{\"@id\":\"https:\/\/www.nexoinformativo.mx\/#organization\"},\"potentialAction\":[{\"@type\":\"SearchAction\",\"target\":{\"@type\":\"EntryPoint\",\"urlTemplate\":\"https:\/\/www.nexoinformativo.mx\/?s={search_term_string}\"},\"query-input\":{\"@type\":\"PropertyValueSpecification\",\"valueRequired\":true,\"valueName\":\"search_term_string\"}}],\"inLanguage\":\"es\"},{\"@type\":\"Organization\",\"@id\":\"https:\/\/www.nexoinformativo.mx\/#organization\",\"name\":\"Nexo Informativo Santiago de Quer\u00e9taro\",\"url\":\"https:\/\/www.nexoinformativo.mx\/\",\"logo\":{\"@type\":\"ImageObject\",\"inLanguage\":\"es\",\"@id\":\"https:\/\/www.nexoinformativo.mx\/#\/schema\/logo\/image\/\",\"url\":\"https:\/\/www.nexoinformativo.mx\/wp-content\/uploads\/2024\/07\/nexoi-trasparente-2.png\",\"contentUrl\":\"https:\/\/www.nexoinformativo.mx\/wp-content\/uploads\/2024\/07\/nexoi-trasparente-2.png\",\"width\":816,\"height\":339,\"caption\":\"Nexo Informativo Santiago de Quer\u00e9taro\"},\"image\":{\"@id\":\"https:\/\/www.nexoinformativo.mx\/#\/schema\/logo\/image\/\"},\"sameAs\":[\"https:\/\/www.facebook.com\/people\/Nexo-Informativo\/61564066885511\/\"]},{\"@type\":\"Person\",\"@id\":\"https:\/\/www.nexoinformativo.mx\/#\/schema\/person\/7749d380ba08c8ca00d7bc76fd907b7d\",\"name\":\"Nexo Informativo\",\"image\":{\"@type\":\"ImageObject\",\"inLanguage\":\"es\",\"@id\":\"https:\/\/www.nexoinformativo.mx\/#\/schema\/person\/image\/\",\"url\":\"https:\/\/secure.gravatar.com\/avatar\/dde2928154642a13d95f87ddf1ea9718fe2b46760a005c53e41ff5ad610704e6?s=96&d=mm&r=g\",\"contentUrl\":\"https:\/\/secure.gravatar.com\/avatar\/dde2928154642a13d95f87ddf1ea9718fe2b46760a005c53e41ff5ad610704e6?s=96&d=mm&r=g\",\"caption\":\"Nexo Informativo\"},\"url\":\"https:\/\/www.nexoinformativo.mx\/index.php\/author\/edicion\/\"}]}<\/script>\n<!-- \/ Yoast SEO plugin. -->","yoast_head_json":{"title":"Mauricio Kuri anuncia cambios en su gabinete para impulsar nueva etapa de gobierno | Nexo Informativo Santiago de Quer\u00e9taro","description":"Mauricio Kuri anuncia cambios en su gabinete para impulsar nueva etapa de gobierno","robots":{"index":"index","follow":"follow","max-snippet":"max-snippet:-1","max-image-preview":"max-image-preview:large","max-video-preview":"max-video-preview:-1"},"canonical":"https:\/\/www.nexoinformativo.mx\/index.php\/2024\/09\/02\/mauricio-kuri-anuncia-cambios-en-su-gabinete-para-impulsar-nueva-etapa-de-gobierno\/","og_locale":"es_MX","og_type":"article","og_title":"Mauricio Kuri anuncia cambios en su gabinete para impulsar nueva etapa de gobierno | Nexo Informativo Santiago de Quer\u00e9taro","og_description":"Mauricio Kuri anuncia cambios en su gabinete para impulsar nueva etapa de gobierno","og_url":"https:\/\/www.nexoinformativo.mx\/index.php\/2024\/09\/02\/mauricio-kuri-anuncia-cambios-en-su-gabinete-para-impulsar-nueva-etapa-de-gobierno\/","og_site_name":"Nexo Informativo Santiago de Quer\u00e9taro","article_publisher":"https:\/\/www.facebook.com\/people\/Nexo-Informativo\/61564066885511\/","article_published_time":"2024-09-02T15:00:18+00:00","article_modified_time":"2024-09-02T19:07:36+00:00","og_image":[{"width":800,"height":600,"url":"https:\/\/www.nexoinformativo.mx\/wp-content\/uploads\/2024\/09\/PHOTO-2024-09-02-10-35-11-e1725298301409.jpg","type":"image\/jpeg"}],"author":"Nexo Informativo","twitter_card":"summary_large_image","twitter_misc":{"Escrito por":"Nexo Informativo","Tiempo de lectura":"2 minutos"},"schema":{"@context":"https:\/\/schema.org","@graph":[{"@type":"Article","@id":"https:\/\/www.nexoinformativo.mx\/index.php\/2024\/09\/02\/mauricio-kuri-anuncia-cambios-en-su-gabinete-para-impulsar-nueva-etapa-de-gobierno\/#article","isPartOf":{"@id":"https:\/\/www.nexoinformativo.mx\/index.php\/2024\/09\/02\/mauricio-kuri-anuncia-cambios-en-su-gabinete-para-impulsar-nueva-etapa-de-gobierno\/"},"author":{"name":"Nexo Informativo","@id":"https:\/\/www.nexoinformativo.mx\/#\/schema\/person\/7749d380ba08c8ca00d7bc76fd907b7d"},"headline":"Mauricio Kuri anuncia cambios en su gabinete para impulsar nueva etapa de gobierno","datePublished":"2024-09-02T15:00:18+00:00","dateModified":"2024-09-02T19:07:36+00:00","mainEntityOfPage":{"@id":"https:\/\/www.nexoinformativo.mx\/index.php\/2024\/09\/02\/mauricio-kuri-anuncia-cambios-en-su-gabinete-para-impulsar-nueva-etapa-de-gobierno\/"},"wordCount":248,"commentCount":0,"publisher":{"@id":"https:\/\/www.nexoinformativo.mx\/#organization"},"image":{"@id":"https:\/\/www.nexoinformativo.mx\/index.php\/2024\/09\/02\/mauricio-kuri-anuncia-cambios-en-su-gabinete-para-impulsar-nueva-etapa-de-gobierno\/#primaryimage"},"thumbnailUrl":"https:\/\/www.nexoinformativo.mx\/wp-content\/uploads\/2024\/09\/PHOTO-2024-09-02-10-35-11-e1725298301409.jpg","keywords":["CulturaQuer\u00e9taro","DesarrolloSocialQro","GabineteKuri","Quer\u00e9taroAvanza","Transformaci\u00f3nQuer\u00e9taro"],"articleSection":["Estado","\u00daltima Hora"],"inLanguage":"es","potentialAction":[{"@type":"CommentAction","name":"Comment","target":["https:\/\/www.nexoinformativo.mx\/index.php\/2024\/09\/02\/mauricio-kuri-anuncia-cambios-en-su-gabinete-para-impulsar-nueva-etapa-de-gobierno\/#respond"]}]},{"@type":"WebPage","@id":"https:\/\/www.nexoinformativo.mx\/index.php\/2024\/09\/02\/mauricio-kuri-anuncia-cambios-en-su-gabinete-para-impulsar-nueva-etapa-de-gobierno\/","url":"https:\/\/www.nexoinformativo.mx\/index.php\/2024\/09\/02\/mauricio-kuri-anuncia-cambios-en-su-gabinete-para-impulsar-nueva-etapa-de-gobierno\/","name":"Mauricio Kuri anuncia cambios en su gabinete para impulsar nueva etapa de gobierno | Nexo Informativo Santiago de Quer\u00e9taro","isPartOf":{"@id":"https:\/\/www.nexoinformativo.mx\/#website"},"primaryImageOfPage":{"@id":"https:\/\/www.nexoinformativo.mx\/index.php\/2024\/09\/02\/mauricio-kuri-anuncia-cambios-en-su-gabinete-para-impulsar-nueva-etapa-de-gobierno\/#primaryimage"},"image":{"@id":"https:\/\/www.nexoinformativo.mx\/index.php\/2024\/09\/02\/mauricio-kuri-anuncia-cambios-en-su-gabinete-para-impulsar-nueva-etapa-de-gobierno\/#primaryimage"},"thumbnailUrl":"https:\/\/www.nexoinformativo.mx\/wp-content\/uploads\/2024\/09\/PHOTO-2024-09-02-10-35-11-e1725298301409.jpg","datePublished":"2024-09-02T15:00:18+00:00","dateModified":"2024-09-02T19:07:36+00:00","description":"Mauricio Kuri anuncia cambios en su gabinete para impulsar nueva etapa de gobierno","breadcrumb":{"@id":"https:\/\/www.nexoinformativo.mx\/index.php\/2024\/09\/02\/mauricio-kuri-anuncia-cambios-en-su-gabinete-para-impulsar-nueva-etapa-de-gobierno\/#breadcrumb"},"inLanguage":"es","potentialAction":[{"@type":"ReadAction","target":["https:\/\/www.nexoinformativo.mx\/index.php\/2024\/09\/02\/mauricio-kuri-anuncia-cambios-en-su-gabinete-para-impulsar-nueva-etapa-de-gobierno\/"]}]},{"@type":"ImageObject","inLanguage":"es","@id":"https:\/\/www.nexoinformativo.mx\/index.php\/2024\/09\/02\/mauricio-kuri-anuncia-cambios-en-su-gabinete-para-impulsar-nueva-etapa-de-gobierno\/#primaryimage","url":"https:\/\/www.nexoinformativo.mx\/wp-content\/uploads\/2024\/09\/PHOTO-2024-09-02-10-35-11-e1725298301409.jpg","contentUrl":"https:\/\/www.nexoinformativo.mx\/wp-content\/uploads\/2024\/09\/PHOTO-2024-09-02-10-35-11-e1725298301409.jpg","width":800,"height":600},{"@type":"BreadcrumbList","@id":"https:\/\/www.nexoinformativo.mx\/index.php\/2024\/09\/02\/mauricio-kuri-anuncia-cambios-en-su-gabinete-para-impulsar-nueva-etapa-de-gobierno\/#breadcrumb","itemListElement":[{"@type":"ListItem","position":1,"name":"Inicio","item":"https:\/\/www.nexoinformativo.mx\/"},{"@type":"ListItem","position":2,"name":"Mauricio Kuri anuncia cambios en su gabinete para impulsar nueva etapa de gobierno"}]},{"@type":"WebSite","@id":"https:\/\/www.nexoinformativo.mx\/#website","url":"https:\/\/www.nexoinformativo.mx\/","name":"Nexo Informativo Santiago de Quer\u00e9taro","description":"Explora NexoInformativo y convi\u00e9rtete en parte de una comunidad que valora el conocimiento y la verdad. Tu nexoinformativo es tu puente hacia una comprensi\u00f3n m\u00e1s profunda del mundo que te rodea.","publisher":{"@id":"https:\/\/www.nexoinformativo.mx\/#organization"},"potentialAction":[{"@type":"SearchAction","target":{"@type":"EntryPoint","urlTemplate":"https:\/\/www.nexoinformativo.mx\/?s={search_term_string}"},"query-input":{"@type":"PropertyValueSpecification","valueRequired":true,"valueName":"search_term_string"}}],"inLanguage":"es"},{"@type":"Organization","@id":"https:\/\/www.nexoinformativo.mx\/#organization","name":"Nexo Informativo Santiago de Quer\u00e9taro","url":"https:\/\/www.nexoinformativo.mx\/","logo":{"@type":"ImageObject","inLanguage":"es","@id":"https:\/\/www.nexoinformativo.mx\/#\/schema\/logo\/image\/","url":"https:\/\/www.nexoinformativo.mx\/wp-content\/uploads\/2024\/07\/nexoi-trasparente-2.png","contentUrl":"https:\/\/www.nexoinformativo.mx\/wp-content\/uploads\/2024\/07\/nexoi-trasparente-2.png","width":816,"height":339,"caption":"Nexo Informativo Santiago de Quer\u00e9taro"},"image":{"@id":"https:\/\/www.nexoinformativo.mx\/#\/schema\/logo\/image\/"},"sameAs":["https:\/\/www.facebook.com\/people\/Nexo-Informativo\/61564066885511\/"]},{"@type":"Person","@id":"https:\/\/www.nexoinformativo.mx\/#\/schema\/person\/7749d380ba08c8ca00d7bc76fd907b7d","name":"Nexo Informativo","image":{"@type":"ImageObject","inLanguage":"es","@id":"https:\/\/www.nexoinformativo.mx\/#\/schema\/person\/image\/","url":"https:\/\/secure.gravatar.com\/avatar\/dde2928154642a13d95f87ddf1ea9718fe2b46760a005c53e41ff5ad610704e6?s=96&d=mm&r=g","contentUrl":"https:\/\/secure.gravatar.com\/avatar\/dde2928154642a13d95f87ddf1ea9718fe2b46760a005c53e41ff5ad610704e6?s=96&d=mm&r=g","caption":"Nexo Informativo"},"url":"https:\/\/www.nexoinformativo.mx\/index.php\/author\/edicion\/"}]}},"_links":{"self":[{"href":"https:\/\/www.nexoinformativo.mx\/index.php\/wp-json\/wp\/v2\/posts\/1407","targetHints":{"allow":["GET"]}}],"collection":[{"href":"https:\/\/www.nexoinformativo.mx\/index.php\/wp-json\/wp\/v2\/posts"}],"about":[{"href":"https:\/\/www.nexoinformativo.mx\/index.php\/wp-json\/wp\/v2\/types\/post"}],"author":[{"embeddable":true,"href":"https:\/\/www.nexoinformativo.mx\/index.php\/wp-json\/wp\/v2\/users\/3"}],"replies":[{"embeddable":true,"href":"https:\/\/www.nexoinformativo.mx\/index.php\/wp-json\/wp\/v2\/comments?post=1407"}],"version-history":[{"count":7,"href":"https:\/\/www.nexoinformativo.mx\/index.php\/wp-json\/wp\/v2\/posts\/1407\/revisions"}],"predecessor-version":[{"id":1436,"href":"https:\/\/www.nexoinformativo.mx\/index.php\/wp-json\/wp\/v2\/posts\/1407\/revisions\/1436"}],"wp:featuredmedia":[{"embeddable":true,"href":"https:\/\/www.nexoinformativo.mx\/index.php\/wp-json\/wp\/v2\/media\/1411"}],"wp:attachment":[{"href":"https:\/\/www.nexoinformativo.mx\/index.php\/wp-json\/wp\/v2\/media?parent=1407"}],"wp:term":[{"taxonomy":"category","embeddable":true,"href":"https:\/\/www.nexoinformativo.mx\/index.php\/wp-json\/wp\/v2\/categories?post=1407"},{"taxonomy":"post_tag","embeddable":true,"href":"https:\/\/www.nexoinformativo.mx\/index.php\/wp-json\/wp\/v2\/tags?post=1407"}],"curies":[{"name":"wp","href":"https:\/\/api.w.org\/{rel}","templated":true}]}}