{"id":14086,"date":"2025-04-13T12:00:30","date_gmt":"2025-04-13T18:00:30","guid":{"rendered":"https:\/\/www.nexoinformativo.mx\/?p=14086"},"modified":"2025-04-13T15:19:01","modified_gmt":"2025-04-13T21:19:01","slug":"cae-asaltante-fge-vincula-a-proceso-a-ladron-de-vehiculo-con-violencia-en-colon","status":"publish","type":"post","link":"https:\/\/www.nexoinformativo.mx\/index.php\/2025\/04\/13\/cae-asaltante-fge-vincula-a-proceso-a-ladron-de-vehiculo-con-violencia-en-colon\/","title":{"rendered":"Cae asaltante FGE vincula a proceso a ladr\u00f3n de veh\u00edculo con violencia en Col\u00f3n"},"content":{"rendered":"<p style=\"text-align: justify;\" data-sourcepos=\"11:1-11:302\"><strong>La Fiscal\u00eda General del Estado de Quer\u00e9taro<\/strong> (FGE) inform\u00f3 sobre la vinculaci\u00f3n a proceso de un individuo por el delito de robo de veh\u00edculo con violencia, resultado de una exhaustiva investigaci\u00f3n llevada a cabo por personal ministerial y la Polic\u00eda de Investigaci\u00f3n del Delito.<\/p>\n<\/p>\n<p>&nbsp;<\/p>\n<p style=\"text-align: justify;\" data-sourcepos=\"13:1-13:304\">Los hechos se remontan a la ma\u00f1ana del pasado 20 de enero, cuando la v\u00edctima transitaba en su autom\u00f3vil por calles de la comunidad de Galeras, en el municipio de Col\u00f3n. En ese momento, un hombre armado la intercept\u00f3, oblig\u00e1ndola a descender del veh\u00edculo para posteriormente darse a la fuga con la unidad.<\/p>\n<\/p>\n<p>&nbsp;<\/p>\n<p style=\"text-align: justify;\" data-sourcepos=\"15:1-15:282\">Las diligencias realizadas por la FGE permitieron identificar plenamente al presunto responsable, quien fue posteriormente aprehendido en el municipio de El Marqu\u00e9s. Adicionalmente, el veh\u00edculo sustra\u00eddo fue localizado abandonado en la comunidad de La Griega, tambi\u00e9n en El Marqu\u00e9s.<\/p>\n<\/p>\n<p>&nbsp;<\/p>\n<p style=\"text-align: justify;\" data-sourcepos=\"17:1-17:287\">En la audiencia inicial, celebrada el 2 de abril de 2025, la autoridad judicial determin\u00f3 la vinculaci\u00f3n a proceso del imputado, imponi\u00e9ndole la medida cautelar de prisi\u00f3n preventiva justificada. Se estableci\u00f3 un plazo de dos meses para la realizaci\u00f3n de la investigaci\u00f3n complementaria.<\/p>\n<\/p>\n<p>&nbsp;<\/p>\n<p style=\"text-align: center;\" data-sourcepos=\"17:1-17:287\"><em><strong>\u00a1Informaci\u00f3n que transforma!<\/strong><\/em><\/p>\n","protected":false},"excerpt":{"rendered":"<p>La Fiscal\u00eda General del Estado de Quer\u00e9taro (FGE) inform\u00f3 sobre la vinculaci\u00f3n a proceso de un individuo por el delito de robo de veh\u00edculo con violencia, resultado de una exhaustiva investigaci\u00f3n llevada a cabo por personal ministerial y la Polic\u00eda de Investigaci\u00f3n del Delito.<\/p>\n","protected":false},"author":3,"featured_media":14087,"comment_status":"open","ping_status":"open","sticky":false,"template":"","format":"standard","meta":{"footnotes":""},"categories":[65,137,58],"tags":[1782,3486,480,1400],"class_list":["post-14086","post","type-post","status-publish","format-standard","has-post-thumbnail","hentry","category-municipios","category-sucesos","category-ultima-hora","tag-colon","tag-fgequeretaro","tag-justicia","tag-robodevehiculo"],"yoast_head":"<!-- This site is optimized with the Yoast SEO plugin v25.0 - https:\/\/yoast.com\/wordpress\/plugins\/seo\/ -->\n<title>Cae asaltante FGE vincula a proceso a ladr\u00f3n de veh\u00edculo con violencia en Col\u00f3n | Nexo Informativo Santiago de Quer\u00e9taro<\/title>\n<meta name=\"description\" content=\"Cae asaltante FGE vincula a proceso a ladr\u00f3n de veh\u00edculo con violencia en Col\u00f3n\" \/>\n<meta name=\"robots\" content=\"index, follow, max-snippet:-1, max-image-preview:large, max-video-preview:-1\" \/>\n<link rel=\"canonical\" href=\"https:\/\/www.nexoinformativo.mx\/index.php\/2025\/04\/13\/cae-asaltante-fge-vincula-a-proceso-a-ladron-de-vehiculo-con-violencia-en-colon\/\" \/>\n<meta property=\"og:locale\" content=\"es_MX\" \/>\n<meta property=\"og:type\" content=\"article\" \/>\n<meta property=\"og:title\" content=\"Cae asaltante FGE vincula a proceso a ladr\u00f3n de veh\u00edculo con violencia en Col\u00f3n | Nexo Informativo Santiago de Quer\u00e9taro\" \/>\n<meta property=\"og:description\" content=\"Cae asaltante FGE vincula a proceso a ladr\u00f3n de veh\u00edculo con violencia en Col\u00f3n\" \/>\n<meta property=\"og:url\" content=\"https:\/\/www.nexoinformativo.mx\/index.php\/2025\/04\/13\/cae-asaltante-fge-vincula-a-proceso-a-ladron-de-vehiculo-con-violencia-en-colon\/\" \/>\n<meta property=\"og:site_name\" content=\"Nexo Informativo Santiago de Quer\u00e9taro\" \/>\n<meta property=\"article:publisher\" content=\"https:\/\/www.facebook.com\/people\/Nexo-Informativo\/61564066885511\/\" \/>\n<meta property=\"article:published_time\" content=\"2025-04-13T18:00:30+00:00\" \/>\n<meta property=\"article:modified_time\" content=\"2025-04-13T21:19:01+00:00\" \/>\n<meta property=\"og:image\" content=\"https:\/\/www.nexoinformativo.mx\/wp-content\/uploads\/2025\/04\/PHOTO-2025-04-13-12-28-49-e1744579097487.jpg\" \/>\n\t<meta property=\"og:image:width\" content=\"800\" \/>\n\t<meta property=\"og:image:height\" content=\"504\" \/>\n\t<meta property=\"og:image:type\" content=\"image\/jpeg\" \/>\n<meta name=\"author\" content=\"Nexo Informativo\" \/>\n<meta name=\"twitter:card\" content=\"summary_large_image\" \/>\n<meta name=\"twitter:label1\" content=\"Escrito por\" \/>\n\t<meta name=\"twitter:data1\" content=\"Nexo Informativo\" \/>\n\t<meta name=\"twitter:label2\" content=\"Tiempo de lectura\" \/>\n\t<meta name=\"twitter:data2\" content=\"2 minutos\" \/>\n<script type=\"application\/ld+json\" class=\"yoast-schema-graph\">{\"@context\":\"https:\/\/schema.org\",\"@graph\":[{\"@type\":\"Article\",\"@id\":\"https:\/\/www.nexoinformativo.mx\/index.php\/2025\/04\/13\/cae-asaltante-fge-vincula-a-proceso-a-ladron-de-vehiculo-con-violencia-en-colon\/#article\",\"isPartOf\":{\"@id\":\"https:\/\/www.nexoinformativo.mx\/index.php\/2025\/04\/13\/cae-asaltante-fge-vincula-a-proceso-a-ladron-de-vehiculo-con-violencia-en-colon\/\"},\"author\":{\"name\":\"Nexo Informativo\",\"@id\":\"https:\/\/www.nexoinformativo.mx\/#\/schema\/person\/7749d380ba08c8ca00d7bc76fd907b7d\"},\"headline\":\"Cae asaltante FGE vincula a proceso a ladr\u00f3n de veh\u00edculo con violencia en Col\u00f3n\",\"datePublished\":\"2025-04-13T18:00:30+00:00\",\"dateModified\":\"2025-04-13T21:19:01+00:00\",\"mainEntityOfPage\":{\"@id\":\"https:\/\/www.nexoinformativo.mx\/index.php\/2025\/04\/13\/cae-asaltante-fge-vincula-a-proceso-a-ladron-de-vehiculo-con-violencia-en-colon\/\"},\"wordCount\":224,\"commentCount\":0,\"publisher\":{\"@id\":\"https:\/\/www.nexoinformativo.mx\/#organization\"},\"image\":{\"@id\":\"https:\/\/www.nexoinformativo.mx\/index.php\/2025\/04\/13\/cae-asaltante-fge-vincula-a-proceso-a-ladron-de-vehiculo-con-violencia-en-colon\/#primaryimage\"},\"thumbnailUrl\":\"https:\/\/www.nexoinformativo.mx\/wp-content\/uploads\/2025\/04\/PHOTO-2025-04-13-12-28-49-e1744579097487.jpg\",\"keywords\":[\"Col\u00f3n\",\"FGEQuer\u00e9taro\",\"Justicia\",\"RoboDeVehiculo\"],\"articleSection\":[\"Municipios\",\"Sucesos\",\"\u00daltima Hora\"],\"inLanguage\":\"es\",\"potentialAction\":[{\"@type\":\"CommentAction\",\"name\":\"Comment\",\"target\":[\"https:\/\/www.nexoinformativo.mx\/index.php\/2025\/04\/13\/cae-asaltante-fge-vincula-a-proceso-a-ladron-de-vehiculo-con-violencia-en-colon\/#respond\"]}]},{\"@type\":\"WebPage\",\"@id\":\"https:\/\/www.nexoinformativo.mx\/index.php\/2025\/04\/13\/cae-asaltante-fge-vincula-a-proceso-a-ladron-de-vehiculo-con-violencia-en-colon\/\",\"url\":\"https:\/\/www.nexoinformativo.mx\/index.php\/2025\/04\/13\/cae-asaltante-fge-vincula-a-proceso-a-ladron-de-vehiculo-con-violencia-en-colon\/\",\"name\":\"Cae asaltante FGE vincula a proceso a ladr\u00f3n de veh\u00edculo con violencia en Col\u00f3n | Nexo Informativo Santiago de Quer\u00e9taro\",\"isPartOf\":{\"@id\":\"https:\/\/www.nexoinformativo.mx\/#website\"},\"primaryImageOfPage\":{\"@id\":\"https:\/\/www.nexoinformativo.mx\/index.php\/2025\/04\/13\/cae-asaltante-fge-vincula-a-proceso-a-ladron-de-vehiculo-con-violencia-en-colon\/#primaryimage\"},\"image\":{\"@id\":\"https:\/\/www.nexoinformativo.mx\/index.php\/2025\/04\/13\/cae-asaltante-fge-vincula-a-proceso-a-ladron-de-vehiculo-con-violencia-en-colon\/#primaryimage\"},\"thumbnailUrl\":\"https:\/\/www.nexoinformativo.mx\/wp-content\/uploads\/2025\/04\/PHOTO-2025-04-13-12-28-49-e1744579097487.jpg\",\"datePublished\":\"2025-04-13T18:00:30+00:00\",\"dateModified\":\"2025-04-13T21:19:01+00:00\",\"description\":\"Cae asaltante FGE vincula a proceso a ladr\u00f3n de veh\u00edculo con violencia en Col\u00f3n\",\"breadcrumb\":{\"@id\":\"https:\/\/www.nexoinformativo.mx\/index.php\/2025\/04\/13\/cae-asaltante-fge-vincula-a-proceso-a-ladron-de-vehiculo-con-violencia-en-colon\/#breadcrumb\"},\"inLanguage\":\"es\",\"potentialAction\":[{\"@type\":\"ReadAction\",\"target\":[\"https:\/\/www.nexoinformativo.mx\/index.php\/2025\/04\/13\/cae-asaltante-fge-vincula-a-proceso-a-ladron-de-vehiculo-con-violencia-en-colon\/\"]}]},{\"@type\":\"ImageObject\",\"inLanguage\":\"es\",\"@id\":\"https:\/\/www.nexoinformativo.mx\/index.php\/2025\/04\/13\/cae-asaltante-fge-vincula-a-proceso-a-ladron-de-vehiculo-con-violencia-en-colon\/#primaryimage\",\"url\":\"https:\/\/www.nexoinformativo.mx\/wp-content\/uploads\/2025\/04\/PHOTO-2025-04-13-12-28-49-e1744579097487.jpg\",\"contentUrl\":\"https:\/\/www.nexoinformativo.mx\/wp-content\/uploads\/2025\/04\/PHOTO-2025-04-13-12-28-49-e1744579097487.jpg\",\"width\":800,\"height\":504},{\"@type\":\"BreadcrumbList\",\"@id\":\"https:\/\/www.nexoinformativo.mx\/index.php\/2025\/04\/13\/cae-asaltante-fge-vincula-a-proceso-a-ladron-de-vehiculo-con-violencia-en-colon\/#breadcrumb\",\"itemListElement\":[{\"@type\":\"ListItem\",\"position\":1,\"name\":\"Inicio\",\"item\":\"https:\/\/www.nexoinformativo.mx\/\"},{\"@type\":\"ListItem\",\"position\":2,\"name\":\"Cae asaltante FGE vincula a proceso a ladr\u00f3n de veh\u00edculo con violencia en Col\u00f3n\"}]},{\"@type\":\"WebSite\",\"@id\":\"https:\/\/www.nexoinformativo.mx\/#website\",\"url\":\"https:\/\/www.nexoinformativo.mx\/\",\"name\":\"Nexo Informativo Santiago de Quer\u00e9taro\",\"description\":\"Explora NexoInformativo y convi\u00e9rtete en parte de una comunidad que valora el conocimiento y la verdad. Tu nexoinformativo es tu puente hacia una comprensi\u00f3n m\u00e1s profunda del mundo que te rodea.\",\"publisher\":{\"@id\":\"https:\/\/www.nexoinformativo.mx\/#organization\"},\"potentialAction\":[{\"@type\":\"SearchAction\",\"target\":{\"@type\":\"EntryPoint\",\"urlTemplate\":\"https:\/\/www.nexoinformativo.mx\/?s={search_term_string}\"},\"query-input\":{\"@type\":\"PropertyValueSpecification\",\"valueRequired\":true,\"valueName\":\"search_term_string\"}}],\"inLanguage\":\"es\"},{\"@type\":\"Organization\",\"@id\":\"https:\/\/www.nexoinformativo.mx\/#organization\",\"name\":\"Nexo Informativo Santiago de Quer\u00e9taro\",\"url\":\"https:\/\/www.nexoinformativo.mx\/\",\"logo\":{\"@type\":\"ImageObject\",\"inLanguage\":\"es\",\"@id\":\"https:\/\/www.nexoinformativo.mx\/#\/schema\/logo\/image\/\",\"url\":\"https:\/\/www.nexoinformativo.mx\/wp-content\/uploads\/2024\/07\/nexoi-trasparente-2.png\",\"contentUrl\":\"https:\/\/www.nexoinformativo.mx\/wp-content\/uploads\/2024\/07\/nexoi-trasparente-2.png\",\"width\":816,\"height\":339,\"caption\":\"Nexo Informativo Santiago de Quer\u00e9taro\"},\"image\":{\"@id\":\"https:\/\/www.nexoinformativo.mx\/#\/schema\/logo\/image\/\"},\"sameAs\":[\"https:\/\/www.facebook.com\/people\/Nexo-Informativo\/61564066885511\/\"]},{\"@type\":\"Person\",\"@id\":\"https:\/\/www.nexoinformativo.mx\/#\/schema\/person\/7749d380ba08c8ca00d7bc76fd907b7d\",\"name\":\"Nexo Informativo\",\"image\":{\"@type\":\"ImageObject\",\"inLanguage\":\"es\",\"@id\":\"https:\/\/www.nexoinformativo.mx\/#\/schema\/person\/image\/\",\"url\":\"https:\/\/secure.gravatar.com\/avatar\/dde2928154642a13d95f87ddf1ea9718fe2b46760a005c53e41ff5ad610704e6?s=96&d=mm&r=g\",\"contentUrl\":\"https:\/\/secure.gravatar.com\/avatar\/dde2928154642a13d95f87ddf1ea9718fe2b46760a005c53e41ff5ad610704e6?s=96&d=mm&r=g\",\"caption\":\"Nexo Informativo\"},\"url\":\"https:\/\/www.nexoinformativo.mx\/index.php\/author\/edicion\/\"}]}<\/script>\n<!-- \/ Yoast SEO plugin. -->","yoast_head_json":{"title":"Cae asaltante FGE vincula a proceso a ladr\u00f3n de veh\u00edculo con violencia en Col\u00f3n | Nexo Informativo Santiago de Quer\u00e9taro","description":"Cae asaltante FGE vincula a proceso a ladr\u00f3n de veh\u00edculo con violencia en Col\u00f3n","robots":{"index":"index","follow":"follow","max-snippet":"max-snippet:-1","max-image-preview":"max-image-preview:large","max-video-preview":"max-video-preview:-1"},"canonical":"https:\/\/www.nexoinformativo.mx\/index.php\/2025\/04\/13\/cae-asaltante-fge-vincula-a-proceso-a-ladron-de-vehiculo-con-violencia-en-colon\/","og_locale":"es_MX","og_type":"article","og_title":"Cae asaltante FGE vincula a proceso a ladr\u00f3n de veh\u00edculo con violencia en Col\u00f3n | Nexo Informativo Santiago de Quer\u00e9taro","og_description":"Cae asaltante FGE vincula a proceso a ladr\u00f3n de veh\u00edculo con violencia en Col\u00f3n","og_url":"https:\/\/www.nexoinformativo.mx\/index.php\/2025\/04\/13\/cae-asaltante-fge-vincula-a-proceso-a-ladron-de-vehiculo-con-violencia-en-colon\/","og_site_name":"Nexo Informativo Santiago de Quer\u00e9taro","article_publisher":"https:\/\/www.facebook.com\/people\/Nexo-Informativo\/61564066885511\/","article_published_time":"2025-04-13T18:00:30+00:00","article_modified_time":"2025-04-13T21:19:01+00:00","og_image":[{"width":800,"height":504,"url":"https:\/\/www.nexoinformativo.mx\/wp-content\/uploads\/2025\/04\/PHOTO-2025-04-13-12-28-49-e1744579097487.jpg","type":"image\/jpeg"}],"author":"Nexo Informativo","twitter_card":"summary_large_image","twitter_misc":{"Escrito por":"Nexo Informativo","Tiempo de lectura":"2 minutos"},"schema":{"@context":"https:\/\/schema.org","@graph":[{"@type":"Article","@id":"https:\/\/www.nexoinformativo.mx\/index.php\/2025\/04\/13\/cae-asaltante-fge-vincula-a-proceso-a-ladron-de-vehiculo-con-violencia-en-colon\/#article","isPartOf":{"@id":"https:\/\/www.nexoinformativo.mx\/index.php\/2025\/04\/13\/cae-asaltante-fge-vincula-a-proceso-a-ladron-de-vehiculo-con-violencia-en-colon\/"},"author":{"name":"Nexo Informativo","@id":"https:\/\/www.nexoinformativo.mx\/#\/schema\/person\/7749d380ba08c8ca00d7bc76fd907b7d"},"headline":"Cae asaltante FGE vincula a proceso a ladr\u00f3n de veh\u00edculo con violencia en Col\u00f3n","datePublished":"2025-04-13T18:00:30+00:00","dateModified":"2025-04-13T21:19:01+00:00","mainEntityOfPage":{"@id":"https:\/\/www.nexoinformativo.mx\/index.php\/2025\/04\/13\/cae-asaltante-fge-vincula-a-proceso-a-ladron-de-vehiculo-con-violencia-en-colon\/"},"wordCount":224,"commentCount":0,"publisher":{"@id":"https:\/\/www.nexoinformativo.mx\/#organization"},"image":{"@id":"https:\/\/www.nexoinformativo.mx\/index.php\/2025\/04\/13\/cae-asaltante-fge-vincula-a-proceso-a-ladron-de-vehiculo-con-violencia-en-colon\/#primaryimage"},"thumbnailUrl":"https:\/\/www.nexoinformativo.mx\/wp-content\/uploads\/2025\/04\/PHOTO-2025-04-13-12-28-49-e1744579097487.jpg","keywords":["Col\u00f3n","FGEQuer\u00e9taro","Justicia","RoboDeVehiculo"],"articleSection":["Municipios","Sucesos","\u00daltima Hora"],"inLanguage":"es","potentialAction":[{"@type":"CommentAction","name":"Comment","target":["https:\/\/www.nexoinformativo.mx\/index.php\/2025\/04\/13\/cae-asaltante-fge-vincula-a-proceso-a-ladron-de-vehiculo-con-violencia-en-colon\/#respond"]}]},{"@type":"WebPage","@id":"https:\/\/www.nexoinformativo.mx\/index.php\/2025\/04\/13\/cae-asaltante-fge-vincula-a-proceso-a-ladron-de-vehiculo-con-violencia-en-colon\/","url":"https:\/\/www.nexoinformativo.mx\/index.php\/2025\/04\/13\/cae-asaltante-fge-vincula-a-proceso-a-ladron-de-vehiculo-con-violencia-en-colon\/","name":"Cae asaltante FGE vincula a proceso a ladr\u00f3n de veh\u00edculo con violencia en Col\u00f3n | Nexo Informativo Santiago de Quer\u00e9taro","isPartOf":{"@id":"https:\/\/www.nexoinformativo.mx\/#website"},"primaryImageOfPage":{"@id":"https:\/\/www.nexoinformativo.mx\/index.php\/2025\/04\/13\/cae-asaltante-fge-vincula-a-proceso-a-ladron-de-vehiculo-con-violencia-en-colon\/#primaryimage"},"image":{"@id":"https:\/\/www.nexoinformativo.mx\/index.php\/2025\/04\/13\/cae-asaltante-fge-vincula-a-proceso-a-ladron-de-vehiculo-con-violencia-en-colon\/#primaryimage"},"thumbnailUrl":"https:\/\/www.nexoinformativo.mx\/wp-content\/uploads\/2025\/04\/PHOTO-2025-04-13-12-28-49-e1744579097487.jpg","datePublished":"2025-04-13T18:00:30+00:00","dateModified":"2025-04-13T21:19:01+00:00","description":"Cae asaltante FGE vincula a proceso a ladr\u00f3n de veh\u00edculo con violencia en Col\u00f3n","breadcrumb":{"@id":"https:\/\/www.nexoinformativo.mx\/index.php\/2025\/04\/13\/cae-asaltante-fge-vincula-a-proceso-a-ladron-de-vehiculo-con-violencia-en-colon\/#breadcrumb"},"inLanguage":"es","potentialAction":[{"@type":"ReadAction","target":["https:\/\/www.nexoinformativo.mx\/index.php\/2025\/04\/13\/cae-asaltante-fge-vincula-a-proceso-a-ladron-de-vehiculo-con-violencia-en-colon\/"]}]},{"@type":"ImageObject","inLanguage":"es","@id":"https:\/\/www.nexoinformativo.mx\/index.php\/2025\/04\/13\/cae-asaltante-fge-vincula-a-proceso-a-ladron-de-vehiculo-con-violencia-en-colon\/#primaryimage","url":"https:\/\/www.nexoinformativo.mx\/wp-content\/uploads\/2025\/04\/PHOTO-2025-04-13-12-28-49-e1744579097487.jpg","contentUrl":"https:\/\/www.nexoinformativo.mx\/wp-content\/uploads\/2025\/04\/PHOTO-2025-04-13-12-28-49-e1744579097487.jpg","width":800,"height":504},{"@type":"BreadcrumbList","@id":"https:\/\/www.nexoinformativo.mx\/index.php\/2025\/04\/13\/cae-asaltante-fge-vincula-a-proceso-a-ladron-de-vehiculo-con-violencia-en-colon\/#breadcrumb","itemListElement":[{"@type":"ListItem","position":1,"name":"Inicio","item":"https:\/\/www.nexoinformativo.mx\/"},{"@type":"ListItem","position":2,"name":"Cae asaltante FGE vincula a proceso a ladr\u00f3n de veh\u00edculo con violencia en Col\u00f3n"}]},{"@type":"WebSite","@id":"https:\/\/www.nexoinformativo.mx\/#website","url":"https:\/\/www.nexoinformativo.mx\/","name":"Nexo Informativo Santiago de Quer\u00e9taro","description":"Explora NexoInformativo y convi\u00e9rtete en parte de una comunidad que valora el conocimiento y la verdad. Tu nexoinformativo es tu puente hacia una comprensi\u00f3n m\u00e1s profunda del mundo que te rodea.","publisher":{"@id":"https:\/\/www.nexoinformativo.mx\/#organization"},"potentialAction":[{"@type":"SearchAction","target":{"@type":"EntryPoint","urlTemplate":"https:\/\/www.nexoinformativo.mx\/?s={search_term_string}"},"query-input":{"@type":"PropertyValueSpecification","valueRequired":true,"valueName":"search_term_string"}}],"inLanguage":"es"},{"@type":"Organization","@id":"https:\/\/www.nexoinformativo.mx\/#organization","name":"Nexo Informativo Santiago de Quer\u00e9taro","url":"https:\/\/www.nexoinformativo.mx\/","logo":{"@type":"ImageObject","inLanguage":"es","@id":"https:\/\/www.nexoinformativo.mx\/#\/schema\/logo\/image\/","url":"https:\/\/www.nexoinformativo.mx\/wp-content\/uploads\/2024\/07\/nexoi-trasparente-2.png","contentUrl":"https:\/\/www.nexoinformativo.mx\/wp-content\/uploads\/2024\/07\/nexoi-trasparente-2.png","width":816,"height":339,"caption":"Nexo Informativo Santiago de Quer\u00e9taro"},"image":{"@id":"https:\/\/www.nexoinformativo.mx\/#\/schema\/logo\/image\/"},"sameAs":["https:\/\/www.facebook.com\/people\/Nexo-Informativo\/61564066885511\/"]},{"@type":"Person","@id":"https:\/\/www.nexoinformativo.mx\/#\/schema\/person\/7749d380ba08c8ca00d7bc76fd907b7d","name":"Nexo Informativo","image":{"@type":"ImageObject","inLanguage":"es","@id":"https:\/\/www.nexoinformativo.mx\/#\/schema\/person\/image\/","url":"https:\/\/secure.gravatar.com\/avatar\/dde2928154642a13d95f87ddf1ea9718fe2b46760a005c53e41ff5ad610704e6?s=96&d=mm&r=g","contentUrl":"https:\/\/secure.gravatar.com\/avatar\/dde2928154642a13d95f87ddf1ea9718fe2b46760a005c53e41ff5ad610704e6?s=96&d=mm&r=g","caption":"Nexo Informativo"},"url":"https:\/\/www.nexoinformativo.mx\/index.php\/author\/edicion\/"}]}},"_links":{"self":[{"href":"https:\/\/www.nexoinformativo.mx\/index.php\/wp-json\/wp\/v2\/posts\/14086","targetHints":{"allow":["GET"]}}],"collection":[{"href":"https:\/\/www.nexoinformativo.mx\/index.php\/wp-json\/wp\/v2\/posts"}],"about":[{"href":"https:\/\/www.nexoinformativo.mx\/index.php\/wp-json\/wp\/v2\/types\/post"}],"author":[{"embeddable":true,"href":"https:\/\/www.nexoinformativo.mx\/index.php\/wp-json\/wp\/v2\/users\/3"}],"replies":[{"embeddable":true,"href":"https:\/\/www.nexoinformativo.mx\/index.php\/wp-json\/wp\/v2\/comments?post=14086"}],"version-history":[{"count":3,"href":"https:\/\/www.nexoinformativo.mx\/index.php\/wp-json\/wp\/v2\/posts\/14086\/revisions"}],"predecessor-version":[{"id":14090,"href":"https:\/\/www.nexoinformativo.mx\/index.php\/wp-json\/wp\/v2\/posts\/14086\/revisions\/14090"}],"wp:featuredmedia":[{"embeddable":true,"href":"https:\/\/www.nexoinformativo.mx\/index.php\/wp-json\/wp\/v2\/media\/14087"}],"wp:attachment":[{"href":"https:\/\/www.nexoinformativo.mx\/index.php\/wp-json\/wp\/v2\/media?parent=14086"}],"wp:term":[{"taxonomy":"category","embeddable":true,"href":"https:\/\/www.nexoinformativo.mx\/index.php\/wp-json\/wp\/v2\/categories?post=14086"},{"taxonomy":"post_tag","embeddable":true,"href":"https:\/\/www.nexoinformativo.mx\/index.php\/wp-json\/wp\/v2\/tags?post=14086"}],"curies":[{"name":"wp","href":"https:\/\/api.w.org\/{rel}","templated":true}]}}