{"id":14091,"date":"2025-04-13T13:00:27","date_gmt":"2025-04-13T19:00:27","guid":{"rendered":"https:\/\/www.nexoinformativo.mx\/?p=14091"},"modified":"2025-04-13T15:25:17","modified_gmt":"2025-04-13T21:25:17","slug":"el-marques-a-la-cancha-por-la-prevencion-monsalvo-impulsa-deporte-y-salud-mental-y-fisica","status":"publish","type":"post","link":"https:\/\/www.nexoinformativo.mx\/index.php\/2025\/04\/13\/el-marques-a-la-cancha-por-la-prevencion-monsalvo-impulsa-deporte-y-salud-mental-y-fisica\/","title":{"rendered":"El Marqu\u00e9s a la cancha por la prevenci\u00f3n Monsalvo impulsa deporte y salud mental y f\u00edsica"},"content":{"rendered":"<p style=\"text-align: justify;\" data-sourcepos=\"11:1-11:430\">El presidente municipal de El Marqu\u00e9s, Rodrigo Monsalvo, encabez\u00f3 la inauguraci\u00f3n del Torneo Preventivo y la entrega de m\u00e1s de 640 uniformes a 20 academias del Instituto Municipal para la Prevenci\u00f3n y Atenci\u00f3n de Adicciones y Conductas de Riesgo, Centro Vive.<\/p>\n<p>&nbsp;<\/p>\n<p style=\"text-align: justify;\" data-sourcepos=\"11:1-11:430\">Esta iniciativa busca fomentar el cuidado integral de la salud f\u00edsica y emocional de ni\u00f1os, adolescentes y adultos en el municipio.<\/p>\n<p>&nbsp;<\/p>\n<p style=\"text-align: justify;\" data-sourcepos=\"13:1-13:291\">El evento benefici\u00f3 principalmente a 15 academias preventivas mixtas de futbol del Centro Vive, pertenecientes a diversas localidades. Como incentivo para un desarrollo integral, los equipos ganadores del torneo recibir\u00e1n un viaje todo pagado a un parque acu\u00e1tico, acompa\u00f1ados por un adulto.<\/p>\n<p>&nbsp;<\/p>\n<p style=\"text-align: justify;\" data-sourcepos=\"15:1-15:219\">Atendiendo la instrucci\u00f3n del alcalde Monsalvo de brindar apoyo a un mayor n\u00famero de ciudadanos, tambi\u00e9n se entregaron uniformes a dos academias de taekwondo y uniformes y equipamiento a tres academias de yoga.<\/p>\n<p>&nbsp;<\/p>\n<p style=\"text-align: justify;\" data-sourcepos=\"17:1-17:505\">En su mensaje, el edil marquesino reiter\u00f3 su compromiso con el desarrollo integral de las familias, priorizando el bienestar de la infancia.<\/p>\n<p>&nbsp;<\/p>\n<p style=\"text-align: justify;\" data-sourcepos=\"17:1-17:505\">&#8220;Me da much\u00edsimo gusto estar aqu\u00ed y en esta administraci\u00f3n siempre la prioridad va a ser la familia. Por eso es muy importante para nosotros darle los medios para que tengan la cuesti\u00f3n deportiva, cultural. Saben que cuentan con la presidencia, vamos a seguirle metiendo mucho recurso porque para nosotros la prioridad es nuestros ni\u00f1os&#8221;, afirm\u00f3 Monsalvo.<\/p>\n<p>&nbsp;<\/p>\n<p style=\"text-align: justify;\" data-sourcepos=\"19:1-19:232\">A trav\u00e9s de las academias del Centro Vive, el municipio de El Marqu\u00e9s busca detectar alteraciones socioemocionales en menores y ofrecer herramientas gratuitas para combatir trastornos de salud mental como la depresi\u00f3n y la ansiedad.<\/p>\n<p>&nbsp;<\/p>\n<p style=\"text-align: justify;\" data-sourcepos=\"21:1-21:183\">El director del Centro Vive, Rafael Jim\u00e9nez, destac\u00f3 que el torneo promueve la sana convivencia, la uni\u00f3n familiar y la activaci\u00f3n f\u00edsica para construir comunidades m\u00e1s s\u00f3lidas.<\/p>\n<p>&nbsp;<\/p>\n<p style=\"text-align: justify;\" data-sourcepos=\"23:1-23:210\">Con estas acciones, el gobierno de Rodrigo Monsalvo reafirma su visi\u00f3n de un El Marqu\u00e9s m\u00e1s sano, activo y solidario, donde la prevenci\u00f3n y el fortalecimiento familiar son pilares para un futuro mejor.<\/p>\n<p>&nbsp;<\/p>\n<p style=\"text-align: center;\" data-sourcepos=\"23:1-23:210\"><em><strong>\u00a1Informaci\u00f3n que transforma!<\/strong><\/em><\/p>\n","protected":false},"excerpt":{"rendered":"<p>El presidente municipal de El Marqu\u00e9s, Rodrigo Monsalvo, encabez\u00f3 la inauguraci\u00f3n del Torneo Preventivo y la entrega de m\u00e1s de 640 uniformes a 20 academias del Instituto Municipal para la Prevenci\u00f3n y Atenci\u00f3n de Adicciones y Conductas de Riesgo, Centro Vive.<\/p>\n","protected":false},"author":3,"featured_media":14092,"comment_status":"open","ping_status":"open","sticky":false,"template":"","format":"standard","meta":{"footnotes":""},"categories":[65,58],"tags":[3035,4123,4122,4124],"class_list":["post-14091","post","type-post","status-publish","format-standard","has-post-thumbnail","hentry","category-municipios","category-ultima-hora","tag-centrovive","tag-deportefamiliar","tag-elmarquespreviene","tag-monsalvoalcalde"],"yoast_head":"<!-- This site is optimized with the Yoast SEO plugin v25.0 - https:\/\/yoast.com\/wordpress\/plugins\/seo\/ -->\n<title>El Marqu\u00e9s a la cancha por la prevenci\u00f3n Monsalvo impulsa deporte y salud mental y f\u00edsica | Nexo Informativo Santiago de Quer\u00e9taro<\/title>\n<meta name=\"description\" content=\"El Marqu\u00e9s a la cancha por la prevenci\u00f3n Monsalvo impulsa deporte y salud mental y f\u00edsica\" \/>\n<meta name=\"robots\" content=\"index, follow, max-snippet:-1, max-image-preview:large, max-video-preview:-1\" \/>\n<link rel=\"canonical\" href=\"https:\/\/www.nexoinformativo.mx\/index.php\/2025\/04\/13\/el-marques-a-la-cancha-por-la-prevencion-monsalvo-impulsa-deporte-y-salud-mental-y-fisica\/\" \/>\n<meta property=\"og:locale\" content=\"es_MX\" \/>\n<meta property=\"og:type\" content=\"article\" \/>\n<meta property=\"og:title\" content=\"El Marqu\u00e9s a la cancha por la prevenci\u00f3n Monsalvo impulsa deporte y salud mental y f\u00edsica | Nexo Informativo Santiago de Quer\u00e9taro\" \/>\n<meta property=\"og:description\" content=\"El Marqu\u00e9s a la cancha por la prevenci\u00f3n Monsalvo impulsa deporte y salud mental y f\u00edsica\" \/>\n<meta property=\"og:url\" content=\"https:\/\/www.nexoinformativo.mx\/index.php\/2025\/04\/13\/el-marques-a-la-cancha-por-la-prevencion-monsalvo-impulsa-deporte-y-salud-mental-y-fisica\/\" \/>\n<meta property=\"og:site_name\" content=\"Nexo Informativo Santiago de Quer\u00e9taro\" \/>\n<meta property=\"article:publisher\" content=\"https:\/\/www.facebook.com\/people\/Nexo-Informativo\/61564066885511\/\" \/>\n<meta property=\"article:published_time\" content=\"2025-04-13T19:00:27+00:00\" \/>\n<meta property=\"article:modified_time\" content=\"2025-04-13T21:25:17+00:00\" \/>\n<meta property=\"og:image\" content=\"https:\/\/www.nexoinformativo.mx\/wp-content\/uploads\/2025\/04\/PHOTO-2025-04-13-12-45-02-scaled-e1744579365876.jpg\" \/>\n\t<meta property=\"og:image:width\" content=\"800\" \/>\n\t<meta property=\"og:image:height\" content=\"450\" \/>\n\t<meta property=\"og:image:type\" content=\"image\/jpeg\" \/>\n<meta name=\"author\" content=\"Nexo Informativo\" \/>\n<meta name=\"twitter:card\" content=\"summary_large_image\" \/>\n<meta name=\"twitter:label1\" content=\"Escrito por\" \/>\n\t<meta name=\"twitter:data1\" content=\"Nexo Informativo\" \/>\n\t<meta name=\"twitter:label2\" content=\"Tiempo de lectura\" \/>\n\t<meta name=\"twitter:data2\" content=\"2 minutos\" \/>\n<script type=\"application\/ld+json\" class=\"yoast-schema-graph\">{\"@context\":\"https:\/\/schema.org\",\"@graph\":[{\"@type\":\"Article\",\"@id\":\"https:\/\/www.nexoinformativo.mx\/index.php\/2025\/04\/13\/el-marques-a-la-cancha-por-la-prevencion-monsalvo-impulsa-deporte-y-salud-mental-y-fisica\/#article\",\"isPartOf\":{\"@id\":\"https:\/\/www.nexoinformativo.mx\/index.php\/2025\/04\/13\/el-marques-a-la-cancha-por-la-prevencion-monsalvo-impulsa-deporte-y-salud-mental-y-fisica\/\"},\"author\":{\"name\":\"Nexo Informativo\",\"@id\":\"https:\/\/www.nexoinformativo.mx\/#\/schema\/person\/7749d380ba08c8ca00d7bc76fd907b7d\"},\"headline\":\"El Marqu\u00e9s a la cancha por la prevenci\u00f3n Monsalvo impulsa deporte y salud mental y f\u00edsica\",\"datePublished\":\"2025-04-13T19:00:27+00:00\",\"dateModified\":\"2025-04-13T21:25:17+00:00\",\"mainEntityOfPage\":{\"@id\":\"https:\/\/www.nexoinformativo.mx\/index.php\/2025\/04\/13\/el-marques-a-la-cancha-por-la-prevencion-monsalvo-impulsa-deporte-y-salud-mental-y-fisica\/\"},\"wordCount\":370,\"commentCount\":0,\"publisher\":{\"@id\":\"https:\/\/www.nexoinformativo.mx\/#organization\"},\"image\":{\"@id\":\"https:\/\/www.nexoinformativo.mx\/index.php\/2025\/04\/13\/el-marques-a-la-cancha-por-la-prevencion-monsalvo-impulsa-deporte-y-salud-mental-y-fisica\/#primaryimage\"},\"thumbnailUrl\":\"https:\/\/www.nexoinformativo.mx\/wp-content\/uploads\/2025\/04\/PHOTO-2025-04-13-12-45-02-scaled-e1744579365876.jpg\",\"keywords\":[\"CentroVive\",\"DeporteFamiliar\",\"ElMarqu\u00e9sPreviene\",\"MonsalvoAlcalde\"],\"articleSection\":[\"Municipios\",\"\u00daltima Hora\"],\"inLanguage\":\"es\",\"potentialAction\":[{\"@type\":\"CommentAction\",\"name\":\"Comment\",\"target\":[\"https:\/\/www.nexoinformativo.mx\/index.php\/2025\/04\/13\/el-marques-a-la-cancha-por-la-prevencion-monsalvo-impulsa-deporte-y-salud-mental-y-fisica\/#respond\"]}]},{\"@type\":\"WebPage\",\"@id\":\"https:\/\/www.nexoinformativo.mx\/index.php\/2025\/04\/13\/el-marques-a-la-cancha-por-la-prevencion-monsalvo-impulsa-deporte-y-salud-mental-y-fisica\/\",\"url\":\"https:\/\/www.nexoinformativo.mx\/index.php\/2025\/04\/13\/el-marques-a-la-cancha-por-la-prevencion-monsalvo-impulsa-deporte-y-salud-mental-y-fisica\/\",\"name\":\"El Marqu\u00e9s a la cancha por la prevenci\u00f3n Monsalvo impulsa deporte y salud mental y f\u00edsica | Nexo Informativo Santiago de Quer\u00e9taro\",\"isPartOf\":{\"@id\":\"https:\/\/www.nexoinformativo.mx\/#website\"},\"primaryImageOfPage\":{\"@id\":\"https:\/\/www.nexoinformativo.mx\/index.php\/2025\/04\/13\/el-marques-a-la-cancha-por-la-prevencion-monsalvo-impulsa-deporte-y-salud-mental-y-fisica\/#primaryimage\"},\"image\":{\"@id\":\"https:\/\/www.nexoinformativo.mx\/index.php\/2025\/04\/13\/el-marques-a-la-cancha-por-la-prevencion-monsalvo-impulsa-deporte-y-salud-mental-y-fisica\/#primaryimage\"},\"thumbnailUrl\":\"https:\/\/www.nexoinformativo.mx\/wp-content\/uploads\/2025\/04\/PHOTO-2025-04-13-12-45-02-scaled-e1744579365876.jpg\",\"datePublished\":\"2025-04-13T19:00:27+00:00\",\"dateModified\":\"2025-04-13T21:25:17+00:00\",\"description\":\"El Marqu\u00e9s a la cancha por la prevenci\u00f3n Monsalvo impulsa deporte y salud mental y f\u00edsica\",\"breadcrumb\":{\"@id\":\"https:\/\/www.nexoinformativo.mx\/index.php\/2025\/04\/13\/el-marques-a-la-cancha-por-la-prevencion-monsalvo-impulsa-deporte-y-salud-mental-y-fisica\/#breadcrumb\"},\"inLanguage\":\"es\",\"potentialAction\":[{\"@type\":\"ReadAction\",\"target\":[\"https:\/\/www.nexoinformativo.mx\/index.php\/2025\/04\/13\/el-marques-a-la-cancha-por-la-prevencion-monsalvo-impulsa-deporte-y-salud-mental-y-fisica\/\"]}]},{\"@type\":\"ImageObject\",\"inLanguage\":\"es\",\"@id\":\"https:\/\/www.nexoinformativo.mx\/index.php\/2025\/04\/13\/el-marques-a-la-cancha-por-la-prevencion-monsalvo-impulsa-deporte-y-salud-mental-y-fisica\/#primaryimage\",\"url\":\"https:\/\/www.nexoinformativo.mx\/wp-content\/uploads\/2025\/04\/PHOTO-2025-04-13-12-45-02-scaled-e1744579365876.jpg\",\"contentUrl\":\"https:\/\/www.nexoinformativo.mx\/wp-content\/uploads\/2025\/04\/PHOTO-2025-04-13-12-45-02-scaled-e1744579365876.jpg\",\"width\":800,\"height\":450},{\"@type\":\"BreadcrumbList\",\"@id\":\"https:\/\/www.nexoinformativo.mx\/index.php\/2025\/04\/13\/el-marques-a-la-cancha-por-la-prevencion-monsalvo-impulsa-deporte-y-salud-mental-y-fisica\/#breadcrumb\",\"itemListElement\":[{\"@type\":\"ListItem\",\"position\":1,\"name\":\"Inicio\",\"item\":\"https:\/\/www.nexoinformativo.mx\/\"},{\"@type\":\"ListItem\",\"position\":2,\"name\":\"El Marqu\u00e9s a la cancha por la prevenci\u00f3n Monsalvo impulsa deporte y salud mental y f\u00edsica\"}]},{\"@type\":\"WebSite\",\"@id\":\"https:\/\/www.nexoinformativo.mx\/#website\",\"url\":\"https:\/\/www.nexoinformativo.mx\/\",\"name\":\"Nexo Informativo Santiago de Quer\u00e9taro\",\"description\":\"Explora NexoInformativo y convi\u00e9rtete en parte de una comunidad que valora el conocimiento y la verdad. Tu nexoinformativo es tu puente hacia una comprensi\u00f3n m\u00e1s profunda del mundo que te rodea.\",\"publisher\":{\"@id\":\"https:\/\/www.nexoinformativo.mx\/#organization\"},\"potentialAction\":[{\"@type\":\"SearchAction\",\"target\":{\"@type\":\"EntryPoint\",\"urlTemplate\":\"https:\/\/www.nexoinformativo.mx\/?s={search_term_string}\"},\"query-input\":{\"@type\":\"PropertyValueSpecification\",\"valueRequired\":true,\"valueName\":\"search_term_string\"}}],\"inLanguage\":\"es\"},{\"@type\":\"Organization\",\"@id\":\"https:\/\/www.nexoinformativo.mx\/#organization\",\"name\":\"Nexo Informativo Santiago de Quer\u00e9taro\",\"url\":\"https:\/\/www.nexoinformativo.mx\/\",\"logo\":{\"@type\":\"ImageObject\",\"inLanguage\":\"es\",\"@id\":\"https:\/\/www.nexoinformativo.mx\/#\/schema\/logo\/image\/\",\"url\":\"https:\/\/www.nexoinformativo.mx\/wp-content\/uploads\/2024\/07\/nexoi-trasparente-2.png\",\"contentUrl\":\"https:\/\/www.nexoinformativo.mx\/wp-content\/uploads\/2024\/07\/nexoi-trasparente-2.png\",\"width\":816,\"height\":339,\"caption\":\"Nexo Informativo Santiago de Quer\u00e9taro\"},\"image\":{\"@id\":\"https:\/\/www.nexoinformativo.mx\/#\/schema\/logo\/image\/\"},\"sameAs\":[\"https:\/\/www.facebook.com\/people\/Nexo-Informativo\/61564066885511\/\"]},{\"@type\":\"Person\",\"@id\":\"https:\/\/www.nexoinformativo.mx\/#\/schema\/person\/7749d380ba08c8ca00d7bc76fd907b7d\",\"name\":\"Nexo Informativo\",\"image\":{\"@type\":\"ImageObject\",\"inLanguage\":\"es\",\"@id\":\"https:\/\/www.nexoinformativo.mx\/#\/schema\/person\/image\/\",\"url\":\"https:\/\/secure.gravatar.com\/avatar\/dde2928154642a13d95f87ddf1ea9718fe2b46760a005c53e41ff5ad610704e6?s=96&d=mm&r=g\",\"contentUrl\":\"https:\/\/secure.gravatar.com\/avatar\/dde2928154642a13d95f87ddf1ea9718fe2b46760a005c53e41ff5ad610704e6?s=96&d=mm&r=g\",\"caption\":\"Nexo Informativo\"},\"url\":\"https:\/\/www.nexoinformativo.mx\/index.php\/author\/edicion\/\"}]}<\/script>\n<!-- \/ Yoast SEO plugin. -->","yoast_head_json":{"title":"El Marqu\u00e9s a la cancha por la prevenci\u00f3n Monsalvo impulsa deporte y salud mental y f\u00edsica | Nexo Informativo Santiago de Quer\u00e9taro","description":"El Marqu\u00e9s a la cancha por la prevenci\u00f3n Monsalvo impulsa deporte y salud mental y f\u00edsica","robots":{"index":"index","follow":"follow","max-snippet":"max-snippet:-1","max-image-preview":"max-image-preview:large","max-video-preview":"max-video-preview:-1"},"canonical":"https:\/\/www.nexoinformativo.mx\/index.php\/2025\/04\/13\/el-marques-a-la-cancha-por-la-prevencion-monsalvo-impulsa-deporte-y-salud-mental-y-fisica\/","og_locale":"es_MX","og_type":"article","og_title":"El Marqu\u00e9s a la cancha por la prevenci\u00f3n Monsalvo impulsa deporte y salud mental y f\u00edsica | Nexo Informativo Santiago de Quer\u00e9taro","og_description":"El Marqu\u00e9s a la cancha por la prevenci\u00f3n Monsalvo impulsa deporte y salud mental y f\u00edsica","og_url":"https:\/\/www.nexoinformativo.mx\/index.php\/2025\/04\/13\/el-marques-a-la-cancha-por-la-prevencion-monsalvo-impulsa-deporte-y-salud-mental-y-fisica\/","og_site_name":"Nexo Informativo Santiago de Quer\u00e9taro","article_publisher":"https:\/\/www.facebook.com\/people\/Nexo-Informativo\/61564066885511\/","article_published_time":"2025-04-13T19:00:27+00:00","article_modified_time":"2025-04-13T21:25:17+00:00","og_image":[{"width":800,"height":450,"url":"https:\/\/www.nexoinformativo.mx\/wp-content\/uploads\/2025\/04\/PHOTO-2025-04-13-12-45-02-scaled-e1744579365876.jpg","type":"image\/jpeg"}],"author":"Nexo Informativo","twitter_card":"summary_large_image","twitter_misc":{"Escrito por":"Nexo Informativo","Tiempo de lectura":"2 minutos"},"schema":{"@context":"https:\/\/schema.org","@graph":[{"@type":"Article","@id":"https:\/\/www.nexoinformativo.mx\/index.php\/2025\/04\/13\/el-marques-a-la-cancha-por-la-prevencion-monsalvo-impulsa-deporte-y-salud-mental-y-fisica\/#article","isPartOf":{"@id":"https:\/\/www.nexoinformativo.mx\/index.php\/2025\/04\/13\/el-marques-a-la-cancha-por-la-prevencion-monsalvo-impulsa-deporte-y-salud-mental-y-fisica\/"},"author":{"name":"Nexo Informativo","@id":"https:\/\/www.nexoinformativo.mx\/#\/schema\/person\/7749d380ba08c8ca00d7bc76fd907b7d"},"headline":"El Marqu\u00e9s a la cancha por la prevenci\u00f3n Monsalvo impulsa deporte y salud mental y f\u00edsica","datePublished":"2025-04-13T19:00:27+00:00","dateModified":"2025-04-13T21:25:17+00:00","mainEntityOfPage":{"@id":"https:\/\/www.nexoinformativo.mx\/index.php\/2025\/04\/13\/el-marques-a-la-cancha-por-la-prevencion-monsalvo-impulsa-deporte-y-salud-mental-y-fisica\/"},"wordCount":370,"commentCount":0,"publisher":{"@id":"https:\/\/www.nexoinformativo.mx\/#organization"},"image":{"@id":"https:\/\/www.nexoinformativo.mx\/index.php\/2025\/04\/13\/el-marques-a-la-cancha-por-la-prevencion-monsalvo-impulsa-deporte-y-salud-mental-y-fisica\/#primaryimage"},"thumbnailUrl":"https:\/\/www.nexoinformativo.mx\/wp-content\/uploads\/2025\/04\/PHOTO-2025-04-13-12-45-02-scaled-e1744579365876.jpg","keywords":["CentroVive","DeporteFamiliar","ElMarqu\u00e9sPreviene","MonsalvoAlcalde"],"articleSection":["Municipios","\u00daltima Hora"],"inLanguage":"es","potentialAction":[{"@type":"CommentAction","name":"Comment","target":["https:\/\/www.nexoinformativo.mx\/index.php\/2025\/04\/13\/el-marques-a-la-cancha-por-la-prevencion-monsalvo-impulsa-deporte-y-salud-mental-y-fisica\/#respond"]}]},{"@type":"WebPage","@id":"https:\/\/www.nexoinformativo.mx\/index.php\/2025\/04\/13\/el-marques-a-la-cancha-por-la-prevencion-monsalvo-impulsa-deporte-y-salud-mental-y-fisica\/","url":"https:\/\/www.nexoinformativo.mx\/index.php\/2025\/04\/13\/el-marques-a-la-cancha-por-la-prevencion-monsalvo-impulsa-deporte-y-salud-mental-y-fisica\/","name":"El Marqu\u00e9s a la cancha por la prevenci\u00f3n Monsalvo impulsa deporte y salud mental y f\u00edsica | Nexo Informativo Santiago de Quer\u00e9taro","isPartOf":{"@id":"https:\/\/www.nexoinformativo.mx\/#website"},"primaryImageOfPage":{"@id":"https:\/\/www.nexoinformativo.mx\/index.php\/2025\/04\/13\/el-marques-a-la-cancha-por-la-prevencion-monsalvo-impulsa-deporte-y-salud-mental-y-fisica\/#primaryimage"},"image":{"@id":"https:\/\/www.nexoinformativo.mx\/index.php\/2025\/04\/13\/el-marques-a-la-cancha-por-la-prevencion-monsalvo-impulsa-deporte-y-salud-mental-y-fisica\/#primaryimage"},"thumbnailUrl":"https:\/\/www.nexoinformativo.mx\/wp-content\/uploads\/2025\/04\/PHOTO-2025-04-13-12-45-02-scaled-e1744579365876.jpg","datePublished":"2025-04-13T19:00:27+00:00","dateModified":"2025-04-13T21:25:17+00:00","description":"El Marqu\u00e9s a la cancha por la prevenci\u00f3n Monsalvo impulsa deporte y salud mental y f\u00edsica","breadcrumb":{"@id":"https:\/\/www.nexoinformativo.mx\/index.php\/2025\/04\/13\/el-marques-a-la-cancha-por-la-prevencion-monsalvo-impulsa-deporte-y-salud-mental-y-fisica\/#breadcrumb"},"inLanguage":"es","potentialAction":[{"@type":"ReadAction","target":["https:\/\/www.nexoinformativo.mx\/index.php\/2025\/04\/13\/el-marques-a-la-cancha-por-la-prevencion-monsalvo-impulsa-deporte-y-salud-mental-y-fisica\/"]}]},{"@type":"ImageObject","inLanguage":"es","@id":"https:\/\/www.nexoinformativo.mx\/index.php\/2025\/04\/13\/el-marques-a-la-cancha-por-la-prevencion-monsalvo-impulsa-deporte-y-salud-mental-y-fisica\/#primaryimage","url":"https:\/\/www.nexoinformativo.mx\/wp-content\/uploads\/2025\/04\/PHOTO-2025-04-13-12-45-02-scaled-e1744579365876.jpg","contentUrl":"https:\/\/www.nexoinformativo.mx\/wp-content\/uploads\/2025\/04\/PHOTO-2025-04-13-12-45-02-scaled-e1744579365876.jpg","width":800,"height":450},{"@type":"BreadcrumbList","@id":"https:\/\/www.nexoinformativo.mx\/index.php\/2025\/04\/13\/el-marques-a-la-cancha-por-la-prevencion-monsalvo-impulsa-deporte-y-salud-mental-y-fisica\/#breadcrumb","itemListElement":[{"@type":"ListItem","position":1,"name":"Inicio","item":"https:\/\/www.nexoinformativo.mx\/"},{"@type":"ListItem","position":2,"name":"El Marqu\u00e9s a la cancha por la prevenci\u00f3n Monsalvo impulsa deporte y salud mental y f\u00edsica"}]},{"@type":"WebSite","@id":"https:\/\/www.nexoinformativo.mx\/#website","url":"https:\/\/www.nexoinformativo.mx\/","name":"Nexo Informativo Santiago de Quer\u00e9taro","description":"Explora NexoInformativo y convi\u00e9rtete en parte de una comunidad que valora el conocimiento y la verdad. Tu nexoinformativo es tu puente hacia una comprensi\u00f3n m\u00e1s profunda del mundo que te rodea.","publisher":{"@id":"https:\/\/www.nexoinformativo.mx\/#organization"},"potentialAction":[{"@type":"SearchAction","target":{"@type":"EntryPoint","urlTemplate":"https:\/\/www.nexoinformativo.mx\/?s={search_term_string}"},"query-input":{"@type":"PropertyValueSpecification","valueRequired":true,"valueName":"search_term_string"}}],"inLanguage":"es"},{"@type":"Organization","@id":"https:\/\/www.nexoinformativo.mx\/#organization","name":"Nexo Informativo Santiago de Quer\u00e9taro","url":"https:\/\/www.nexoinformativo.mx\/","logo":{"@type":"ImageObject","inLanguage":"es","@id":"https:\/\/www.nexoinformativo.mx\/#\/schema\/logo\/image\/","url":"https:\/\/www.nexoinformativo.mx\/wp-content\/uploads\/2024\/07\/nexoi-trasparente-2.png","contentUrl":"https:\/\/www.nexoinformativo.mx\/wp-content\/uploads\/2024\/07\/nexoi-trasparente-2.png","width":816,"height":339,"caption":"Nexo Informativo Santiago de Quer\u00e9taro"},"image":{"@id":"https:\/\/www.nexoinformativo.mx\/#\/schema\/logo\/image\/"},"sameAs":["https:\/\/www.facebook.com\/people\/Nexo-Informativo\/61564066885511\/"]},{"@type":"Person","@id":"https:\/\/www.nexoinformativo.mx\/#\/schema\/person\/7749d380ba08c8ca00d7bc76fd907b7d","name":"Nexo Informativo","image":{"@type":"ImageObject","inLanguage":"es","@id":"https:\/\/www.nexoinformativo.mx\/#\/schema\/person\/image\/","url":"https:\/\/secure.gravatar.com\/avatar\/dde2928154642a13d95f87ddf1ea9718fe2b46760a005c53e41ff5ad610704e6?s=96&d=mm&r=g","contentUrl":"https:\/\/secure.gravatar.com\/avatar\/dde2928154642a13d95f87ddf1ea9718fe2b46760a005c53e41ff5ad610704e6?s=96&d=mm&r=g","caption":"Nexo Informativo"},"url":"https:\/\/www.nexoinformativo.mx\/index.php\/author\/edicion\/"}]}},"_links":{"self":[{"href":"https:\/\/www.nexoinformativo.mx\/index.php\/wp-json\/wp\/v2\/posts\/14091","targetHints":{"allow":["GET"]}}],"collection":[{"href":"https:\/\/www.nexoinformativo.mx\/index.php\/wp-json\/wp\/v2\/posts"}],"about":[{"href":"https:\/\/www.nexoinformativo.mx\/index.php\/wp-json\/wp\/v2\/types\/post"}],"author":[{"embeddable":true,"href":"https:\/\/www.nexoinformativo.mx\/index.php\/wp-json\/wp\/v2\/users\/3"}],"replies":[{"embeddable":true,"href":"https:\/\/www.nexoinformativo.mx\/index.php\/wp-json\/wp\/v2\/comments?post=14091"}],"version-history":[{"count":5,"href":"https:\/\/www.nexoinformativo.mx\/index.php\/wp-json\/wp\/v2\/posts\/14091\/revisions"}],"predecessor-version":[{"id":14095,"href":"https:\/\/www.nexoinformativo.mx\/index.php\/wp-json\/wp\/v2\/posts\/14091\/revisions\/14095"}],"wp:featuredmedia":[{"embeddable":true,"href":"https:\/\/www.nexoinformativo.mx\/index.php\/wp-json\/wp\/v2\/media\/14092"}],"wp:attachment":[{"href":"https:\/\/www.nexoinformativo.mx\/index.php\/wp-json\/wp\/v2\/media?parent=14091"}],"wp:term":[{"taxonomy":"category","embeddable":true,"href":"https:\/\/www.nexoinformativo.mx\/index.php\/wp-json\/wp\/v2\/categories?post=14091"},{"taxonomy":"post_tag","embeddable":true,"href":"https:\/\/www.nexoinformativo.mx\/index.php\/wp-json\/wp\/v2\/tags?post=14091"}],"curies":[{"name":"wp","href":"https:\/\/api.w.org\/{rel}","templated":true}]}}