{"id":14110,"date":"2025-04-14T07:00:19","date_gmt":"2025-04-14T13:00:19","guid":{"rendered":"https:\/\/www.nexoinformativo.mx\/?p=14110"},"modified":"2025-04-14T10:23:00","modified_gmt":"2025-04-14T16:23:00","slug":"expertos-globales-y-nacionales-debaten-el-rumbo-productivo-de-mexico-en-foro-de-la-secretaria-de-economia","status":"publish","type":"post","link":"https:\/\/www.nexoinformativo.mx\/index.php\/2025\/04\/14\/expertos-globales-y-nacionales-debaten-el-rumbo-productivo-de-mexico-en-foro-de-la-secretaria-de-economia\/","title":{"rendered":"Expertos Globales y Nacionales debaten el rumbo productivo de M\u00e9xico en foro de la Secretar\u00eda de Econom\u00eda"},"content":{"rendered":"<p style=\"text-align: justify;\" data-sourcepos=\"11:1-11:510\">M\u00e9xico dio un paso importante en la definici\u00f3n de su futuro productivo con la exitosa conclusi\u00f3n del Di\u00e1logo de Alto Nivel sobre Pol\u00edtica Industrial Sostenible, organizado por la Secretar\u00eda de Econom\u00eda los d\u00edas 7 y 8 de abril.<\/p>\n<\/p>\n<p>&nbsp;<\/p>\n<p style=\"text-align: justify;\" data-sourcepos=\"11:1-11:510\">La iniciativa del Subsecretario de Industria y Comercio, Vidal Llerenas, en colaboraci\u00f3n con el Centro TIDE de la Universidad de Oxford y la Fundaci\u00f3n Friedrich Ebert, reuni\u00f3 a m\u00e1s de 50 especialistas nacionales e internacionales en la Ciudad de M\u00e9xico.<\/p>\n<\/p>\n<p>&nbsp;<\/p>\n<p style=\"text-align: justify;\" data-sourcepos=\"13:1-13:448\">Este encuentro se consolid\u00f3 como un espacio clave para la reflexi\u00f3n colectiva y la articulaci\u00f3n de diagn\u00f3sticos y propuestas para fortalecer el dise\u00f1o e implementaci\u00f3n del Plan M\u00e9xico y de pol\u00edticas industriales modernas, sostenibles e inclusivas.<\/p>\n<\/p>\n<p>&nbsp;<\/p>\n<p style=\"text-align: justify;\" data-sourcepos=\"15:1-15:443\">A lo largo de dos d\u00edas, se abordaron temas estrat\u00e9gicos como la gobernanza institucional, los mecanismos de financiamiento, la atracci\u00f3n de inversi\u00f3n extranjera directa, la construcci\u00f3n de capacidades tecnol\u00f3gicas y la alineaci\u00f3n entre pol\u00edtica industrial y energ\u00e9tica.<\/p>\n<\/p>\n<p>&nbsp;<\/p>\n<p style=\"text-align: justify;\" data-sourcepos=\"15:1-15:443\">Las contribuciones de acad\u00e9micos, representantes de la sociedad civil y organismos multilaterales como la CEPAL, la ONUDI, el BID y el Banco Mundial enriquecieron el debate.<\/p>\n<\/p>\n<p>&nbsp;<\/p>\n<p style=\"text-align: justify;\" data-sourcepos=\"17:1-17:377\">El di\u00e1logo cont\u00f3 con la participaci\u00f3n de autoridades clave del Gobierno de M\u00e9xico, incluyendo al Subsecretario Vidal Llerenas y titulares de unidades de la Secretar\u00eda de Econom\u00eda y la Secretar\u00eda de Hacienda, as\u00ed como la Subsecretaria de Ciencia y Humanidades y el Director General de la Secretar\u00eda de Energ\u00eda.<\/p>\n<\/p>\n<p>&nbsp;<\/p>\n<p style=\"text-align: justify;\" data-sourcepos=\"19:1-19:371\">Un momento destacado del evento fue el lanzamiento oficial del Co-Lab de Pol\u00edtica Industrial Oxford-M\u00e9xico, una iniciativa conjunta del Centro TIDE y FuturoLab.<\/p>\n<\/p>\n<p>&nbsp;<\/p>\n<p style=\"text-align: justify;\" data-sourcepos=\"19:1-19:371\">Este laboratorio permanente de colaboraci\u00f3n busca acompa\u00f1ar la transformaci\u00f3n productiva del pa\u00eds a trav\u00e9s de investigaci\u00f3n aplicada, co-dise\u00f1o de pol\u00edticas p\u00fablicas y generaci\u00f3n de capacidades institucionales.<\/p>\n<\/p>\n<p>&nbsp;<\/p>\n<p style=\"text-align: justify;\" data-sourcepos=\"21:1-21:228\">En estos d\u00edas se publicar\u00e1 un documento de s\u00edntesis con las propuestas concretas generadas en este di\u00e1logo, marcando un paso decisivo hacia la construcci\u00f3n de una pol\u00edtica industrial ambiciosa, sostenible e inclusiva para M\u00e9xico.<\/p>\n<\/p>\n<p>&nbsp;<\/p>\n<p style=\"text-align: center;\" data-sourcepos=\"21:1-21:228\"><em><strong>\u00a1Informaci\u00f3n que transforma!<\/strong><\/em><\/p>\n","protected":false},"excerpt":{"rendered":"<p>M\u00e9xico dio un paso importante en la definici\u00f3n de su futuro productivo con la exitosa conclusi\u00f3n del Di\u00e1logo de Alto Nivel sobre Pol\u00edtica Industrial Sostenible, organizado por la Secretar\u00eda de Econom\u00eda los d\u00edas 7 y 8 de abril.<\/p>\n","protected":false},"author":3,"featured_media":14111,"comment_status":"open","ping_status":"open","sticky":false,"template":"","format":"standard","meta":{"footnotes":""},"categories":[5,88,58],"tags":[1060,1314,3100,4130],"class_list":["post-14110","post","type-post","status-publish","format-standard","has-post-thumbnail","hentry","category-economia","category-nacional","category-ultima-hora","tag-desarrollosostenible","tag-economiamexico","tag-planmexico","tag-politicaindustrialmx"],"yoast_head":"<!-- This site is optimized with the Yoast SEO plugin v25.0 - https:\/\/yoast.com\/wordpress\/plugins\/seo\/ -->\n<title>Expertos Globales y Nacionales debaten el rumbo productivo de M\u00e9xico en foro de la Secretar\u00eda de Econom\u00eda | Nexo Informativo Santiago de Quer\u00e9taro<\/title>\n<meta name=\"description\" content=\"Expertos Globales y Nacionales debaten el rumbo productivo de M\u00e9xico en foro de la Secretar\u00eda de Econom\u00eda\" \/>\n<meta name=\"robots\" content=\"index, follow, max-snippet:-1, max-image-preview:large, max-video-preview:-1\" \/>\n<link rel=\"canonical\" href=\"https:\/\/www.nexoinformativo.mx\/index.php\/2025\/04\/14\/expertos-globales-y-nacionales-debaten-el-rumbo-productivo-de-mexico-en-foro-de-la-secretaria-de-economia\/\" \/>\n<meta property=\"og:locale\" content=\"es_MX\" \/>\n<meta property=\"og:type\" content=\"article\" \/>\n<meta property=\"og:title\" content=\"Expertos Globales y Nacionales debaten el rumbo productivo de M\u00e9xico en foro de la Secretar\u00eda de Econom\u00eda | Nexo Informativo Santiago de Quer\u00e9taro\" \/>\n<meta property=\"og:description\" content=\"Expertos Globales y Nacionales debaten el rumbo productivo de M\u00e9xico en foro de la Secretar\u00eda de Econom\u00eda\" \/>\n<meta property=\"og:url\" content=\"https:\/\/www.nexoinformativo.mx\/index.php\/2025\/04\/14\/expertos-globales-y-nacionales-debaten-el-rumbo-productivo-de-mexico-en-foro-de-la-secretaria-de-economia\/\" \/>\n<meta property=\"og:site_name\" content=\"Nexo Informativo Santiago de Quer\u00e9taro\" \/>\n<meta property=\"article:publisher\" content=\"https:\/\/www.facebook.com\/people\/Nexo-Informativo\/61564066885511\/\" \/>\n<meta property=\"article:published_time\" content=\"2025-04-14T13:00:19+00:00\" \/>\n<meta property=\"article:modified_time\" content=\"2025-04-14T16:23:00+00:00\" \/>\n<meta property=\"og:image\" content=\"https:\/\/www.nexoinformativo.mx\/wp-content\/uploads\/2025\/04\/IMG_2255-e1744647725644.jpg\" \/>\n\t<meta property=\"og:image:width\" content=\"800\" \/>\n\t<meta property=\"og:image:height\" content=\"434\" \/>\n\t<meta property=\"og:image:type\" content=\"image\/jpeg\" \/>\n<meta name=\"author\" content=\"Nexo Informativo\" \/>\n<meta name=\"twitter:card\" content=\"summary_large_image\" \/>\n<meta name=\"twitter:label1\" content=\"Escrito por\" \/>\n\t<meta name=\"twitter:data1\" content=\"Nexo Informativo\" \/>\n\t<meta name=\"twitter:label2\" content=\"Tiempo de lectura\" \/>\n\t<meta name=\"twitter:data2\" content=\"2 minutos\" \/>\n<script type=\"application\/ld+json\" class=\"yoast-schema-graph\">{\"@context\":\"https:\/\/schema.org\",\"@graph\":[{\"@type\":\"Article\",\"@id\":\"https:\/\/www.nexoinformativo.mx\/index.php\/2025\/04\/14\/expertos-globales-y-nacionales-debaten-el-rumbo-productivo-de-mexico-en-foro-de-la-secretaria-de-economia\/#article\",\"isPartOf\":{\"@id\":\"https:\/\/www.nexoinformativo.mx\/index.php\/2025\/04\/14\/expertos-globales-y-nacionales-debaten-el-rumbo-productivo-de-mexico-en-foro-de-la-secretaria-de-economia\/\"},\"author\":{\"name\":\"Nexo Informativo\",\"@id\":\"https:\/\/www.nexoinformativo.mx\/#\/schema\/person\/7749d380ba08c8ca00d7bc76fd907b7d\"},\"headline\":\"Expertos Globales y Nacionales debaten el rumbo productivo de M\u00e9xico en foro de la Secretar\u00eda de Econom\u00eda\",\"datePublished\":\"2025-04-14T13:00:19+00:00\",\"dateModified\":\"2025-04-14T16:23:00+00:00\",\"mainEntityOfPage\":{\"@id\":\"https:\/\/www.nexoinformativo.mx\/index.php\/2025\/04\/14\/expertos-globales-y-nacionales-debaten-el-rumbo-productivo-de-mexico-en-foro-de-la-secretaria-de-economia\/\"},\"wordCount\":394,\"commentCount\":0,\"publisher\":{\"@id\":\"https:\/\/www.nexoinformativo.mx\/#organization\"},\"image\":{\"@id\":\"https:\/\/www.nexoinformativo.mx\/index.php\/2025\/04\/14\/expertos-globales-y-nacionales-debaten-el-rumbo-productivo-de-mexico-en-foro-de-la-secretaria-de-economia\/#primaryimage\"},\"thumbnailUrl\":\"https:\/\/www.nexoinformativo.mx\/wp-content\/uploads\/2025\/04\/IMG_2255-e1744647725644.jpg\",\"keywords\":[\"DesarrolloSostenible\",\"Econom\u00edaM\u00e9xico\",\"PlanM\u00e9xico\",\"Pol\u00edticaIndustrialMX\"],\"articleSection\":[\"Econom\u00eda\",\"Nacional\",\"\u00daltima Hora\"],\"inLanguage\":\"es\",\"potentialAction\":[{\"@type\":\"CommentAction\",\"name\":\"Comment\",\"target\":[\"https:\/\/www.nexoinformativo.mx\/index.php\/2025\/04\/14\/expertos-globales-y-nacionales-debaten-el-rumbo-productivo-de-mexico-en-foro-de-la-secretaria-de-economia\/#respond\"]}]},{\"@type\":\"WebPage\",\"@id\":\"https:\/\/www.nexoinformativo.mx\/index.php\/2025\/04\/14\/expertos-globales-y-nacionales-debaten-el-rumbo-productivo-de-mexico-en-foro-de-la-secretaria-de-economia\/\",\"url\":\"https:\/\/www.nexoinformativo.mx\/index.php\/2025\/04\/14\/expertos-globales-y-nacionales-debaten-el-rumbo-productivo-de-mexico-en-foro-de-la-secretaria-de-economia\/\",\"name\":\"Expertos Globales y Nacionales debaten el rumbo productivo de M\u00e9xico en foro de la Secretar\u00eda de Econom\u00eda | Nexo Informativo Santiago de Quer\u00e9taro\",\"isPartOf\":{\"@id\":\"https:\/\/www.nexoinformativo.mx\/#website\"},\"primaryImageOfPage\":{\"@id\":\"https:\/\/www.nexoinformativo.mx\/index.php\/2025\/04\/14\/expertos-globales-y-nacionales-debaten-el-rumbo-productivo-de-mexico-en-foro-de-la-secretaria-de-economia\/#primaryimage\"},\"image\":{\"@id\":\"https:\/\/www.nexoinformativo.mx\/index.php\/2025\/04\/14\/expertos-globales-y-nacionales-debaten-el-rumbo-productivo-de-mexico-en-foro-de-la-secretaria-de-economia\/#primaryimage\"},\"thumbnailUrl\":\"https:\/\/www.nexoinformativo.mx\/wp-content\/uploads\/2025\/04\/IMG_2255-e1744647725644.jpg\",\"datePublished\":\"2025-04-14T13:00:19+00:00\",\"dateModified\":\"2025-04-14T16:23:00+00:00\",\"description\":\"Expertos Globales y Nacionales debaten el rumbo productivo de M\u00e9xico en foro de la Secretar\u00eda de Econom\u00eda\",\"breadcrumb\":{\"@id\":\"https:\/\/www.nexoinformativo.mx\/index.php\/2025\/04\/14\/expertos-globales-y-nacionales-debaten-el-rumbo-productivo-de-mexico-en-foro-de-la-secretaria-de-economia\/#breadcrumb\"},\"inLanguage\":\"es\",\"potentialAction\":[{\"@type\":\"ReadAction\",\"target\":[\"https:\/\/www.nexoinformativo.mx\/index.php\/2025\/04\/14\/expertos-globales-y-nacionales-debaten-el-rumbo-productivo-de-mexico-en-foro-de-la-secretaria-de-economia\/\"]}]},{\"@type\":\"ImageObject\",\"inLanguage\":\"es\",\"@id\":\"https:\/\/www.nexoinformativo.mx\/index.php\/2025\/04\/14\/expertos-globales-y-nacionales-debaten-el-rumbo-productivo-de-mexico-en-foro-de-la-secretaria-de-economia\/#primaryimage\",\"url\":\"https:\/\/www.nexoinformativo.mx\/wp-content\/uploads\/2025\/04\/IMG_2255-e1744647725644.jpg\",\"contentUrl\":\"https:\/\/www.nexoinformativo.mx\/wp-content\/uploads\/2025\/04\/IMG_2255-e1744647725644.jpg\",\"width\":800,\"height\":434},{\"@type\":\"BreadcrumbList\",\"@id\":\"https:\/\/www.nexoinformativo.mx\/index.php\/2025\/04\/14\/expertos-globales-y-nacionales-debaten-el-rumbo-productivo-de-mexico-en-foro-de-la-secretaria-de-economia\/#breadcrumb\",\"itemListElement\":[{\"@type\":\"ListItem\",\"position\":1,\"name\":\"Inicio\",\"item\":\"https:\/\/www.nexoinformativo.mx\/\"},{\"@type\":\"ListItem\",\"position\":2,\"name\":\"Expertos Globales y Nacionales debaten el rumbo productivo de M\u00e9xico en foro de la Secretar\u00eda de Econom\u00eda\"}]},{\"@type\":\"WebSite\",\"@id\":\"https:\/\/www.nexoinformativo.mx\/#website\",\"url\":\"https:\/\/www.nexoinformativo.mx\/\",\"name\":\"Nexo Informativo Santiago de Quer\u00e9taro\",\"description\":\"Explora NexoInformativo y convi\u00e9rtete en parte de una comunidad que valora el conocimiento y la verdad. Tu nexoinformativo es tu puente hacia una comprensi\u00f3n m\u00e1s profunda del mundo que te rodea.\",\"publisher\":{\"@id\":\"https:\/\/www.nexoinformativo.mx\/#organization\"},\"potentialAction\":[{\"@type\":\"SearchAction\",\"target\":{\"@type\":\"EntryPoint\",\"urlTemplate\":\"https:\/\/www.nexoinformativo.mx\/?s={search_term_string}\"},\"query-input\":{\"@type\":\"PropertyValueSpecification\",\"valueRequired\":true,\"valueName\":\"search_term_string\"}}],\"inLanguage\":\"es\"},{\"@type\":\"Organization\",\"@id\":\"https:\/\/www.nexoinformativo.mx\/#organization\",\"name\":\"Nexo Informativo Santiago de Quer\u00e9taro\",\"url\":\"https:\/\/www.nexoinformativo.mx\/\",\"logo\":{\"@type\":\"ImageObject\",\"inLanguage\":\"es\",\"@id\":\"https:\/\/www.nexoinformativo.mx\/#\/schema\/logo\/image\/\",\"url\":\"https:\/\/www.nexoinformativo.mx\/wp-content\/uploads\/2024\/07\/nexoi-trasparente-2.png\",\"contentUrl\":\"https:\/\/www.nexoinformativo.mx\/wp-content\/uploads\/2024\/07\/nexoi-trasparente-2.png\",\"width\":816,\"height\":339,\"caption\":\"Nexo Informativo Santiago de Quer\u00e9taro\"},\"image\":{\"@id\":\"https:\/\/www.nexoinformativo.mx\/#\/schema\/logo\/image\/\"},\"sameAs\":[\"https:\/\/www.facebook.com\/people\/Nexo-Informativo\/61564066885511\/\"]},{\"@type\":\"Person\",\"@id\":\"https:\/\/www.nexoinformativo.mx\/#\/schema\/person\/7749d380ba08c8ca00d7bc76fd907b7d\",\"name\":\"Nexo Informativo\",\"image\":{\"@type\":\"ImageObject\",\"inLanguage\":\"es\",\"@id\":\"https:\/\/www.nexoinformativo.mx\/#\/schema\/person\/image\/\",\"url\":\"https:\/\/secure.gravatar.com\/avatar\/dde2928154642a13d95f87ddf1ea9718fe2b46760a005c53e41ff5ad610704e6?s=96&d=mm&r=g\",\"contentUrl\":\"https:\/\/secure.gravatar.com\/avatar\/dde2928154642a13d95f87ddf1ea9718fe2b46760a005c53e41ff5ad610704e6?s=96&d=mm&r=g\",\"caption\":\"Nexo Informativo\"},\"url\":\"https:\/\/www.nexoinformativo.mx\/index.php\/author\/edicion\/\"}]}<\/script>\n<!-- \/ Yoast SEO plugin. -->","yoast_head_json":{"title":"Expertos Globales y Nacionales debaten el rumbo productivo de M\u00e9xico en foro de la Secretar\u00eda de Econom\u00eda | Nexo Informativo Santiago de Quer\u00e9taro","description":"Expertos Globales y Nacionales debaten el rumbo productivo de M\u00e9xico en foro de la Secretar\u00eda de Econom\u00eda","robots":{"index":"index","follow":"follow","max-snippet":"max-snippet:-1","max-image-preview":"max-image-preview:large","max-video-preview":"max-video-preview:-1"},"canonical":"https:\/\/www.nexoinformativo.mx\/index.php\/2025\/04\/14\/expertos-globales-y-nacionales-debaten-el-rumbo-productivo-de-mexico-en-foro-de-la-secretaria-de-economia\/","og_locale":"es_MX","og_type":"article","og_title":"Expertos Globales y Nacionales debaten el rumbo productivo de M\u00e9xico en foro de la Secretar\u00eda de Econom\u00eda | Nexo Informativo Santiago de Quer\u00e9taro","og_description":"Expertos Globales y Nacionales debaten el rumbo productivo de M\u00e9xico en foro de la Secretar\u00eda de Econom\u00eda","og_url":"https:\/\/www.nexoinformativo.mx\/index.php\/2025\/04\/14\/expertos-globales-y-nacionales-debaten-el-rumbo-productivo-de-mexico-en-foro-de-la-secretaria-de-economia\/","og_site_name":"Nexo Informativo Santiago de Quer\u00e9taro","article_publisher":"https:\/\/www.facebook.com\/people\/Nexo-Informativo\/61564066885511\/","article_published_time":"2025-04-14T13:00:19+00:00","article_modified_time":"2025-04-14T16:23:00+00:00","og_image":[{"width":800,"height":434,"url":"https:\/\/www.nexoinformativo.mx\/wp-content\/uploads\/2025\/04\/IMG_2255-e1744647725644.jpg","type":"image\/jpeg"}],"author":"Nexo Informativo","twitter_card":"summary_large_image","twitter_misc":{"Escrito por":"Nexo Informativo","Tiempo de lectura":"2 minutos"},"schema":{"@context":"https:\/\/schema.org","@graph":[{"@type":"Article","@id":"https:\/\/www.nexoinformativo.mx\/index.php\/2025\/04\/14\/expertos-globales-y-nacionales-debaten-el-rumbo-productivo-de-mexico-en-foro-de-la-secretaria-de-economia\/#article","isPartOf":{"@id":"https:\/\/www.nexoinformativo.mx\/index.php\/2025\/04\/14\/expertos-globales-y-nacionales-debaten-el-rumbo-productivo-de-mexico-en-foro-de-la-secretaria-de-economia\/"},"author":{"name":"Nexo Informativo","@id":"https:\/\/www.nexoinformativo.mx\/#\/schema\/person\/7749d380ba08c8ca00d7bc76fd907b7d"},"headline":"Expertos Globales y Nacionales debaten el rumbo productivo de M\u00e9xico en foro de la Secretar\u00eda de Econom\u00eda","datePublished":"2025-04-14T13:00:19+00:00","dateModified":"2025-04-14T16:23:00+00:00","mainEntityOfPage":{"@id":"https:\/\/www.nexoinformativo.mx\/index.php\/2025\/04\/14\/expertos-globales-y-nacionales-debaten-el-rumbo-productivo-de-mexico-en-foro-de-la-secretaria-de-economia\/"},"wordCount":394,"commentCount":0,"publisher":{"@id":"https:\/\/www.nexoinformativo.mx\/#organization"},"image":{"@id":"https:\/\/www.nexoinformativo.mx\/index.php\/2025\/04\/14\/expertos-globales-y-nacionales-debaten-el-rumbo-productivo-de-mexico-en-foro-de-la-secretaria-de-economia\/#primaryimage"},"thumbnailUrl":"https:\/\/www.nexoinformativo.mx\/wp-content\/uploads\/2025\/04\/IMG_2255-e1744647725644.jpg","keywords":["DesarrolloSostenible","Econom\u00edaM\u00e9xico","PlanM\u00e9xico","Pol\u00edticaIndustrialMX"],"articleSection":["Econom\u00eda","Nacional","\u00daltima Hora"],"inLanguage":"es","potentialAction":[{"@type":"CommentAction","name":"Comment","target":["https:\/\/www.nexoinformativo.mx\/index.php\/2025\/04\/14\/expertos-globales-y-nacionales-debaten-el-rumbo-productivo-de-mexico-en-foro-de-la-secretaria-de-economia\/#respond"]}]},{"@type":"WebPage","@id":"https:\/\/www.nexoinformativo.mx\/index.php\/2025\/04\/14\/expertos-globales-y-nacionales-debaten-el-rumbo-productivo-de-mexico-en-foro-de-la-secretaria-de-economia\/","url":"https:\/\/www.nexoinformativo.mx\/index.php\/2025\/04\/14\/expertos-globales-y-nacionales-debaten-el-rumbo-productivo-de-mexico-en-foro-de-la-secretaria-de-economia\/","name":"Expertos Globales y Nacionales debaten el rumbo productivo de M\u00e9xico en foro de la Secretar\u00eda de Econom\u00eda | Nexo Informativo Santiago de Quer\u00e9taro","isPartOf":{"@id":"https:\/\/www.nexoinformativo.mx\/#website"},"primaryImageOfPage":{"@id":"https:\/\/www.nexoinformativo.mx\/index.php\/2025\/04\/14\/expertos-globales-y-nacionales-debaten-el-rumbo-productivo-de-mexico-en-foro-de-la-secretaria-de-economia\/#primaryimage"},"image":{"@id":"https:\/\/www.nexoinformativo.mx\/index.php\/2025\/04\/14\/expertos-globales-y-nacionales-debaten-el-rumbo-productivo-de-mexico-en-foro-de-la-secretaria-de-economia\/#primaryimage"},"thumbnailUrl":"https:\/\/www.nexoinformativo.mx\/wp-content\/uploads\/2025\/04\/IMG_2255-e1744647725644.jpg","datePublished":"2025-04-14T13:00:19+00:00","dateModified":"2025-04-14T16:23:00+00:00","description":"Expertos Globales y Nacionales debaten el rumbo productivo de M\u00e9xico en foro de la Secretar\u00eda de Econom\u00eda","breadcrumb":{"@id":"https:\/\/www.nexoinformativo.mx\/index.php\/2025\/04\/14\/expertos-globales-y-nacionales-debaten-el-rumbo-productivo-de-mexico-en-foro-de-la-secretaria-de-economia\/#breadcrumb"},"inLanguage":"es","potentialAction":[{"@type":"ReadAction","target":["https:\/\/www.nexoinformativo.mx\/index.php\/2025\/04\/14\/expertos-globales-y-nacionales-debaten-el-rumbo-productivo-de-mexico-en-foro-de-la-secretaria-de-economia\/"]}]},{"@type":"ImageObject","inLanguage":"es","@id":"https:\/\/www.nexoinformativo.mx\/index.php\/2025\/04\/14\/expertos-globales-y-nacionales-debaten-el-rumbo-productivo-de-mexico-en-foro-de-la-secretaria-de-economia\/#primaryimage","url":"https:\/\/www.nexoinformativo.mx\/wp-content\/uploads\/2025\/04\/IMG_2255-e1744647725644.jpg","contentUrl":"https:\/\/www.nexoinformativo.mx\/wp-content\/uploads\/2025\/04\/IMG_2255-e1744647725644.jpg","width":800,"height":434},{"@type":"BreadcrumbList","@id":"https:\/\/www.nexoinformativo.mx\/index.php\/2025\/04\/14\/expertos-globales-y-nacionales-debaten-el-rumbo-productivo-de-mexico-en-foro-de-la-secretaria-de-economia\/#breadcrumb","itemListElement":[{"@type":"ListItem","position":1,"name":"Inicio","item":"https:\/\/www.nexoinformativo.mx\/"},{"@type":"ListItem","position":2,"name":"Expertos Globales y Nacionales debaten el rumbo productivo de M\u00e9xico en foro de la Secretar\u00eda de Econom\u00eda"}]},{"@type":"WebSite","@id":"https:\/\/www.nexoinformativo.mx\/#website","url":"https:\/\/www.nexoinformativo.mx\/","name":"Nexo Informativo Santiago de Quer\u00e9taro","description":"Explora NexoInformativo y convi\u00e9rtete en parte de una comunidad que valora el conocimiento y la verdad. Tu nexoinformativo es tu puente hacia una comprensi\u00f3n m\u00e1s profunda del mundo que te rodea.","publisher":{"@id":"https:\/\/www.nexoinformativo.mx\/#organization"},"potentialAction":[{"@type":"SearchAction","target":{"@type":"EntryPoint","urlTemplate":"https:\/\/www.nexoinformativo.mx\/?s={search_term_string}"},"query-input":{"@type":"PropertyValueSpecification","valueRequired":true,"valueName":"search_term_string"}}],"inLanguage":"es"},{"@type":"Organization","@id":"https:\/\/www.nexoinformativo.mx\/#organization","name":"Nexo Informativo Santiago de Quer\u00e9taro","url":"https:\/\/www.nexoinformativo.mx\/","logo":{"@type":"ImageObject","inLanguage":"es","@id":"https:\/\/www.nexoinformativo.mx\/#\/schema\/logo\/image\/","url":"https:\/\/www.nexoinformativo.mx\/wp-content\/uploads\/2024\/07\/nexoi-trasparente-2.png","contentUrl":"https:\/\/www.nexoinformativo.mx\/wp-content\/uploads\/2024\/07\/nexoi-trasparente-2.png","width":816,"height":339,"caption":"Nexo Informativo Santiago de Quer\u00e9taro"},"image":{"@id":"https:\/\/www.nexoinformativo.mx\/#\/schema\/logo\/image\/"},"sameAs":["https:\/\/www.facebook.com\/people\/Nexo-Informativo\/61564066885511\/"]},{"@type":"Person","@id":"https:\/\/www.nexoinformativo.mx\/#\/schema\/person\/7749d380ba08c8ca00d7bc76fd907b7d","name":"Nexo Informativo","image":{"@type":"ImageObject","inLanguage":"es","@id":"https:\/\/www.nexoinformativo.mx\/#\/schema\/person\/image\/","url":"https:\/\/secure.gravatar.com\/avatar\/dde2928154642a13d95f87ddf1ea9718fe2b46760a005c53e41ff5ad610704e6?s=96&d=mm&r=g","contentUrl":"https:\/\/secure.gravatar.com\/avatar\/dde2928154642a13d95f87ddf1ea9718fe2b46760a005c53e41ff5ad610704e6?s=96&d=mm&r=g","caption":"Nexo Informativo"},"url":"https:\/\/www.nexoinformativo.mx\/index.php\/author\/edicion\/"}]}},"_links":{"self":[{"href":"https:\/\/www.nexoinformativo.mx\/index.php\/wp-json\/wp\/v2\/posts\/14110","targetHints":{"allow":["GET"]}}],"collection":[{"href":"https:\/\/www.nexoinformativo.mx\/index.php\/wp-json\/wp\/v2\/posts"}],"about":[{"href":"https:\/\/www.nexoinformativo.mx\/index.php\/wp-json\/wp\/v2\/types\/post"}],"author":[{"embeddable":true,"href":"https:\/\/www.nexoinformativo.mx\/index.php\/wp-json\/wp\/v2\/users\/3"}],"replies":[{"embeddable":true,"href":"https:\/\/www.nexoinformativo.mx\/index.php\/wp-json\/wp\/v2\/comments?post=14110"}],"version-history":[{"count":3,"href":"https:\/\/www.nexoinformativo.mx\/index.php\/wp-json\/wp\/v2\/posts\/14110\/revisions"}],"predecessor-version":[{"id":14114,"href":"https:\/\/www.nexoinformativo.mx\/index.php\/wp-json\/wp\/v2\/posts\/14110\/revisions\/14114"}],"wp:featuredmedia":[{"embeddable":true,"href":"https:\/\/www.nexoinformativo.mx\/index.php\/wp-json\/wp\/v2\/media\/14111"}],"wp:attachment":[{"href":"https:\/\/www.nexoinformativo.mx\/index.php\/wp-json\/wp\/v2\/media?parent=14110"}],"wp:term":[{"taxonomy":"category","embeddable":true,"href":"https:\/\/www.nexoinformativo.mx\/index.php\/wp-json\/wp\/v2\/categories?post=14110"},{"taxonomy":"post_tag","embeddable":true,"href":"https:\/\/www.nexoinformativo.mx\/index.php\/wp-json\/wp\/v2\/tags?post=14110"}],"curies":[{"name":"wp","href":"https:\/\/api.w.org\/{rel}","templated":true}]}}