{"id":14120,"date":"2025-04-14T09:00:41","date_gmt":"2025-04-14T15:00:41","guid":{"rendered":"https:\/\/www.nexoinformativo.mx\/?p=14120"},"modified":"2025-04-14T10:31:39","modified_gmt":"2025-04-14T16:31:39","slug":"orgullo-queretano-director-del-conalep-es-nuevo-miembro-titular-de-la-academia-de-ingenieria-mexico","status":"publish","type":"post","link":"https:\/\/www.nexoinformativo.mx\/index.php\/2025\/04\/14\/orgullo-queretano-director-del-conalep-es-nuevo-miembro-titular-de-la-academia-de-ingenieria-mexico\/","title":{"rendered":"Orgullo Queretano Director del CONALEP es nuevo miembro titular de la Academia de Ingenier\u00eda M\u00e9xico"},"content":{"rendered":"<p style=\"text-align: justify;\" data-sourcepos=\"11:1-11:341\">El director general del <strong>Colegio Nacional de Educaci\u00f3n Profesional T\u00e9cnica<\/strong> (CONALEP) Quer\u00e9taro, Jos\u00e9 Carlos Arredondo, ha sido admitido como Miembro Titular de la Academia de Ingenier\u00eda M\u00e9xico, un prestigioso organismo que agrupa a las mentes m\u00e1s brillantes del \u00e1mbito cient\u00edfico y tecnol\u00f3gico del pa\u00eds.<\/p>\n<p>&nbsp;<\/p>\n<p style=\"text-align: justify;\" data-sourcepos=\"13:1-13:427\">Este nombramiento representa un importante reconocimiento al innovador modelo educativo t\u00e9cnico impulsado desde Quer\u00e9taro, el cual ha destacado por su enfoque en la vinculaci\u00f3n con la industria y ha sido replicado en diversas entidades federativas.<\/p>\n<p>&nbsp;<\/p>\n<p style=\"text-align: justify;\" data-sourcepos=\"13:1-13:427\">La inclusi\u00f3n del titular del CONALEP Quer\u00e9taro en la Academia de Ingenier\u00eda M\u00e9xico refuerza el papel del estado como l\u00edder en educaci\u00f3n dual, innovaci\u00f3n y desarrollo tecnol\u00f3gico.<\/p>\n<p>&nbsp;<\/p>\n<p style=\"text-align: justify;\" data-sourcepos=\"15:1-15:299\">Esta distinci\u00f3n abre nuevas oportunidades para establecer sinergias entre la comunidad cient\u00edfica, el sector educativo y la industria mexicana, lo que beneficiar\u00e1 directamente a los estudiantes y egresados del CONALEP Quer\u00e9taro, quienes encontrar\u00e1n mayores opciones de formaci\u00f3n y empleo de calidad.<\/p>\n<p>&nbsp;<\/p>\n<p style=\"text-align: justify;\" data-sourcepos=\"17:1-17:332\">Arredondo Vel\u00e1zquez destac\u00f3 que el \u00e9xito del modelo educativo t\u00e9cnico queretano radica en su efectiva conexi\u00f3n con el sector productivo, lo que garantiza una formaci\u00f3n pr\u00e1ctica, pertinente y de alto nivel. Gracias a esta visi\u00f3n, Quer\u00e9taro se ha posicionado como un referente nacional en la preparaci\u00f3n de talento t\u00e9cnico calificado.<\/p>\n<p>&nbsp;<\/p>\n<p style=\"text-align: justify;\" data-sourcepos=\"21:1-21:278\">La comunidad educativa del CONALEP Quer\u00e9taro celebra este logro como un claro indicativo del crecimiento y la consolidaci\u00f3n del sistema educativo t\u00e9cnico en la entidad, reafirmando su reputaci\u00f3n como un semillero de talento que transforma vidas y construye un futuro prometedor.<\/p>\n<p>&nbsp;<\/p>\n<p style=\"text-align: center;\" data-sourcepos=\"21:1-21:278\"><em><strong>\u00a1Informaci\u00f3n que transforma!<\/strong><\/em><\/p>\n","protected":false},"excerpt":{"rendered":"<p>El director general del Colegio Nacional de Educaci\u00f3n Profesional T\u00e9cnica (CONALEP) Quer\u00e9taro, Jos\u00e9 Carlos Arredondo, ha sido admitido como Miembro Titular de la Academia de Ingenier\u00eda M\u00e9xico, un prestigioso organismo que agrupa a las mentes m\u00e1s brillantes del \u00e1mbito cient\u00edfico y tecnol\u00f3gico del pa\u00eds.<\/p>\n","protected":false},"author":3,"featured_media":14121,"comment_status":"open","ping_status":"open","sticky":false,"template":"","format":"standard","meta":{"footnotes":""},"categories":[42,58],"tags":[4133,4132,1740,3462],"class_list":["post-14120","post","type-post","status-publish","format-standard","has-post-thumbnail","hentry","category-estado","category-ultima-hora","tag-academiadeingenieria","tag-conalepqueretaro","tag-educaciontecnica","tag-orgulloqueretano"],"yoast_head":"<!-- This site is optimized with the Yoast SEO plugin v25.0 - https:\/\/yoast.com\/wordpress\/plugins\/seo\/ -->\n<title>Orgullo Queretano Director del CONALEP es nuevo miembro titular de la Academia de Ingenier\u00eda M\u00e9xico | Nexo Informativo Santiago de Quer\u00e9taro<\/title>\n<meta name=\"description\" content=\"Orgullo Queretano Director del CONALEP es nuevo miembro titular de la Academia de Ingenier\u00eda M\u00e9xico\" \/>\n<meta name=\"robots\" content=\"index, follow, max-snippet:-1, max-image-preview:large, max-video-preview:-1\" \/>\n<link rel=\"canonical\" href=\"https:\/\/www.nexoinformativo.mx\/index.php\/2025\/04\/14\/orgullo-queretano-director-del-conalep-es-nuevo-miembro-titular-de-la-academia-de-ingenieria-mexico\/\" \/>\n<meta property=\"og:locale\" content=\"es_MX\" \/>\n<meta property=\"og:type\" content=\"article\" \/>\n<meta property=\"og:title\" content=\"Orgullo Queretano Director del CONALEP es nuevo miembro titular de la Academia de Ingenier\u00eda M\u00e9xico | Nexo Informativo Santiago de Quer\u00e9taro\" \/>\n<meta property=\"og:description\" content=\"Orgullo Queretano Director del CONALEP es nuevo miembro titular de la Academia de Ingenier\u00eda M\u00e9xico\" \/>\n<meta property=\"og:url\" content=\"https:\/\/www.nexoinformativo.mx\/index.php\/2025\/04\/14\/orgullo-queretano-director-del-conalep-es-nuevo-miembro-titular-de-la-academia-de-ingenieria-mexico\/\" \/>\n<meta property=\"og:site_name\" content=\"Nexo Informativo Santiago de Quer\u00e9taro\" \/>\n<meta property=\"article:publisher\" content=\"https:\/\/www.facebook.com\/people\/Nexo-Informativo\/61564066885511\/\" \/>\n<meta property=\"article:published_time\" content=\"2025-04-14T15:00:41+00:00\" \/>\n<meta property=\"article:modified_time\" content=\"2025-04-14T16:31:39+00:00\" \/>\n<meta property=\"og:image\" content=\"https:\/\/www.nexoinformativo.mx\/wp-content\/uploads\/2025\/04\/PHOTO-2025-04-14-10-09-31-e1744648256926.jpg\" \/>\n\t<meta property=\"og:image:width\" content=\"800\" \/>\n\t<meta property=\"og:image:height\" content=\"533\" \/>\n\t<meta property=\"og:image:type\" content=\"image\/jpeg\" \/>\n<meta name=\"author\" content=\"Nexo Informativo\" \/>\n<meta name=\"twitter:card\" content=\"summary_large_image\" \/>\n<meta name=\"twitter:label1\" content=\"Escrito por\" \/>\n\t<meta name=\"twitter:data1\" content=\"Nexo Informativo\" \/>\n\t<meta name=\"twitter:label2\" content=\"Tiempo de lectura\" \/>\n\t<meta name=\"twitter:data2\" content=\"2 minutos\" \/>\n<script type=\"application\/ld+json\" class=\"yoast-schema-graph\">{\"@context\":\"https:\/\/schema.org\",\"@graph\":[{\"@type\":\"Article\",\"@id\":\"https:\/\/www.nexoinformativo.mx\/index.php\/2025\/04\/14\/orgullo-queretano-director-del-conalep-es-nuevo-miembro-titular-de-la-academia-de-ingenieria-mexico\/#article\",\"isPartOf\":{\"@id\":\"https:\/\/www.nexoinformativo.mx\/index.php\/2025\/04\/14\/orgullo-queretano-director-del-conalep-es-nuevo-miembro-titular-de-la-academia-de-ingenieria-mexico\/\"},\"author\":{\"name\":\"Nexo Informativo\",\"@id\":\"https:\/\/www.nexoinformativo.mx\/#\/schema\/person\/7749d380ba08c8ca00d7bc76fd907b7d\"},\"headline\":\"Orgullo Queretano Director del CONALEP es nuevo miembro titular de la Academia de Ingenier\u00eda M\u00e9xico\",\"datePublished\":\"2025-04-14T15:00:41+00:00\",\"dateModified\":\"2025-04-14T16:31:39+00:00\",\"mainEntityOfPage\":{\"@id\":\"https:\/\/www.nexoinformativo.mx\/index.php\/2025\/04\/14\/orgullo-queretano-director-del-conalep-es-nuevo-miembro-titular-de-la-academia-de-ingenieria-mexico\/\"},\"wordCount\":303,\"commentCount\":0,\"publisher\":{\"@id\":\"https:\/\/www.nexoinformativo.mx\/#organization\"},\"image\":{\"@id\":\"https:\/\/www.nexoinformativo.mx\/index.php\/2025\/04\/14\/orgullo-queretano-director-del-conalep-es-nuevo-miembro-titular-de-la-academia-de-ingenieria-mexico\/#primaryimage\"},\"thumbnailUrl\":\"https:\/\/www.nexoinformativo.mx\/wp-content\/uploads\/2025\/04\/PHOTO-2025-04-14-10-09-31-e1744648256926.jpg\",\"keywords\":[\"AcademiaDeIngenier\u00eda\",\"CONALEPQuer\u00e9taro\",\"Educaci\u00f3nT\u00e9cnica\",\"OrgulloQueretano\"],\"articleSection\":[\"Estado\",\"\u00daltima Hora\"],\"inLanguage\":\"es\",\"potentialAction\":[{\"@type\":\"CommentAction\",\"name\":\"Comment\",\"target\":[\"https:\/\/www.nexoinformativo.mx\/index.php\/2025\/04\/14\/orgullo-queretano-director-del-conalep-es-nuevo-miembro-titular-de-la-academia-de-ingenieria-mexico\/#respond\"]}]},{\"@type\":\"WebPage\",\"@id\":\"https:\/\/www.nexoinformativo.mx\/index.php\/2025\/04\/14\/orgullo-queretano-director-del-conalep-es-nuevo-miembro-titular-de-la-academia-de-ingenieria-mexico\/\",\"url\":\"https:\/\/www.nexoinformativo.mx\/index.php\/2025\/04\/14\/orgullo-queretano-director-del-conalep-es-nuevo-miembro-titular-de-la-academia-de-ingenieria-mexico\/\",\"name\":\"Orgullo Queretano Director del CONALEP es nuevo miembro titular de la Academia de Ingenier\u00eda M\u00e9xico | Nexo Informativo Santiago de Quer\u00e9taro\",\"isPartOf\":{\"@id\":\"https:\/\/www.nexoinformativo.mx\/#website\"},\"primaryImageOfPage\":{\"@id\":\"https:\/\/www.nexoinformativo.mx\/index.php\/2025\/04\/14\/orgullo-queretano-director-del-conalep-es-nuevo-miembro-titular-de-la-academia-de-ingenieria-mexico\/#primaryimage\"},\"image\":{\"@id\":\"https:\/\/www.nexoinformativo.mx\/index.php\/2025\/04\/14\/orgullo-queretano-director-del-conalep-es-nuevo-miembro-titular-de-la-academia-de-ingenieria-mexico\/#primaryimage\"},\"thumbnailUrl\":\"https:\/\/www.nexoinformativo.mx\/wp-content\/uploads\/2025\/04\/PHOTO-2025-04-14-10-09-31-e1744648256926.jpg\",\"datePublished\":\"2025-04-14T15:00:41+00:00\",\"dateModified\":\"2025-04-14T16:31:39+00:00\",\"description\":\"Orgullo Queretano Director del CONALEP es nuevo miembro titular de la Academia de Ingenier\u00eda M\u00e9xico\",\"breadcrumb\":{\"@id\":\"https:\/\/www.nexoinformativo.mx\/index.php\/2025\/04\/14\/orgullo-queretano-director-del-conalep-es-nuevo-miembro-titular-de-la-academia-de-ingenieria-mexico\/#breadcrumb\"},\"inLanguage\":\"es\",\"potentialAction\":[{\"@type\":\"ReadAction\",\"target\":[\"https:\/\/www.nexoinformativo.mx\/index.php\/2025\/04\/14\/orgullo-queretano-director-del-conalep-es-nuevo-miembro-titular-de-la-academia-de-ingenieria-mexico\/\"]}]},{\"@type\":\"ImageObject\",\"inLanguage\":\"es\",\"@id\":\"https:\/\/www.nexoinformativo.mx\/index.php\/2025\/04\/14\/orgullo-queretano-director-del-conalep-es-nuevo-miembro-titular-de-la-academia-de-ingenieria-mexico\/#primaryimage\",\"url\":\"https:\/\/www.nexoinformativo.mx\/wp-content\/uploads\/2025\/04\/PHOTO-2025-04-14-10-09-31-e1744648256926.jpg\",\"contentUrl\":\"https:\/\/www.nexoinformativo.mx\/wp-content\/uploads\/2025\/04\/PHOTO-2025-04-14-10-09-31-e1744648256926.jpg\",\"width\":800,\"height\":533},{\"@type\":\"BreadcrumbList\",\"@id\":\"https:\/\/www.nexoinformativo.mx\/index.php\/2025\/04\/14\/orgullo-queretano-director-del-conalep-es-nuevo-miembro-titular-de-la-academia-de-ingenieria-mexico\/#breadcrumb\",\"itemListElement\":[{\"@type\":\"ListItem\",\"position\":1,\"name\":\"Inicio\",\"item\":\"https:\/\/www.nexoinformativo.mx\/\"},{\"@type\":\"ListItem\",\"position\":2,\"name\":\"Orgullo Queretano Director del CONALEP es nuevo miembro titular de la Academia de Ingenier\u00eda M\u00e9xico\"}]},{\"@type\":\"WebSite\",\"@id\":\"https:\/\/www.nexoinformativo.mx\/#website\",\"url\":\"https:\/\/www.nexoinformativo.mx\/\",\"name\":\"Nexo Informativo Santiago de Quer\u00e9taro\",\"description\":\"Explora NexoInformativo y convi\u00e9rtete en parte de una comunidad que valora el conocimiento y la verdad. Tu nexoinformativo es tu puente hacia una comprensi\u00f3n m\u00e1s profunda del mundo que te rodea.\",\"publisher\":{\"@id\":\"https:\/\/www.nexoinformativo.mx\/#organization\"},\"potentialAction\":[{\"@type\":\"SearchAction\",\"target\":{\"@type\":\"EntryPoint\",\"urlTemplate\":\"https:\/\/www.nexoinformativo.mx\/?s={search_term_string}\"},\"query-input\":{\"@type\":\"PropertyValueSpecification\",\"valueRequired\":true,\"valueName\":\"search_term_string\"}}],\"inLanguage\":\"es\"},{\"@type\":\"Organization\",\"@id\":\"https:\/\/www.nexoinformativo.mx\/#organization\",\"name\":\"Nexo Informativo Santiago de Quer\u00e9taro\",\"url\":\"https:\/\/www.nexoinformativo.mx\/\",\"logo\":{\"@type\":\"ImageObject\",\"inLanguage\":\"es\",\"@id\":\"https:\/\/www.nexoinformativo.mx\/#\/schema\/logo\/image\/\",\"url\":\"https:\/\/www.nexoinformativo.mx\/wp-content\/uploads\/2024\/07\/nexoi-trasparente-2.png\",\"contentUrl\":\"https:\/\/www.nexoinformativo.mx\/wp-content\/uploads\/2024\/07\/nexoi-trasparente-2.png\",\"width\":816,\"height\":339,\"caption\":\"Nexo Informativo Santiago de Quer\u00e9taro\"},\"image\":{\"@id\":\"https:\/\/www.nexoinformativo.mx\/#\/schema\/logo\/image\/\"},\"sameAs\":[\"https:\/\/www.facebook.com\/people\/Nexo-Informativo\/61564066885511\/\"]},{\"@type\":\"Person\",\"@id\":\"https:\/\/www.nexoinformativo.mx\/#\/schema\/person\/7749d380ba08c8ca00d7bc76fd907b7d\",\"name\":\"Nexo Informativo\",\"image\":{\"@type\":\"ImageObject\",\"inLanguage\":\"es\",\"@id\":\"https:\/\/www.nexoinformativo.mx\/#\/schema\/person\/image\/\",\"url\":\"https:\/\/secure.gravatar.com\/avatar\/dde2928154642a13d95f87ddf1ea9718fe2b46760a005c53e41ff5ad610704e6?s=96&d=mm&r=g\",\"contentUrl\":\"https:\/\/secure.gravatar.com\/avatar\/dde2928154642a13d95f87ddf1ea9718fe2b46760a005c53e41ff5ad610704e6?s=96&d=mm&r=g\",\"caption\":\"Nexo Informativo\"},\"url\":\"https:\/\/www.nexoinformativo.mx\/index.php\/author\/edicion\/\"}]}<\/script>\n<!-- \/ Yoast SEO plugin. -->","yoast_head_json":{"title":"Orgullo Queretano Director del CONALEP es nuevo miembro titular de la Academia de Ingenier\u00eda M\u00e9xico | Nexo Informativo Santiago de Quer\u00e9taro","description":"Orgullo Queretano Director del CONALEP es nuevo miembro titular de la Academia de Ingenier\u00eda M\u00e9xico","robots":{"index":"index","follow":"follow","max-snippet":"max-snippet:-1","max-image-preview":"max-image-preview:large","max-video-preview":"max-video-preview:-1"},"canonical":"https:\/\/www.nexoinformativo.mx\/index.php\/2025\/04\/14\/orgullo-queretano-director-del-conalep-es-nuevo-miembro-titular-de-la-academia-de-ingenieria-mexico\/","og_locale":"es_MX","og_type":"article","og_title":"Orgullo Queretano Director del CONALEP es nuevo miembro titular de la Academia de Ingenier\u00eda M\u00e9xico | Nexo Informativo Santiago de Quer\u00e9taro","og_description":"Orgullo Queretano Director del CONALEP es nuevo miembro titular de la Academia de Ingenier\u00eda M\u00e9xico","og_url":"https:\/\/www.nexoinformativo.mx\/index.php\/2025\/04\/14\/orgullo-queretano-director-del-conalep-es-nuevo-miembro-titular-de-la-academia-de-ingenieria-mexico\/","og_site_name":"Nexo Informativo Santiago de Quer\u00e9taro","article_publisher":"https:\/\/www.facebook.com\/people\/Nexo-Informativo\/61564066885511\/","article_published_time":"2025-04-14T15:00:41+00:00","article_modified_time":"2025-04-14T16:31:39+00:00","og_image":[{"width":800,"height":533,"url":"https:\/\/www.nexoinformativo.mx\/wp-content\/uploads\/2025\/04\/PHOTO-2025-04-14-10-09-31-e1744648256926.jpg","type":"image\/jpeg"}],"author":"Nexo Informativo","twitter_card":"summary_large_image","twitter_misc":{"Escrito por":"Nexo Informativo","Tiempo de lectura":"2 minutos"},"schema":{"@context":"https:\/\/schema.org","@graph":[{"@type":"Article","@id":"https:\/\/www.nexoinformativo.mx\/index.php\/2025\/04\/14\/orgullo-queretano-director-del-conalep-es-nuevo-miembro-titular-de-la-academia-de-ingenieria-mexico\/#article","isPartOf":{"@id":"https:\/\/www.nexoinformativo.mx\/index.php\/2025\/04\/14\/orgullo-queretano-director-del-conalep-es-nuevo-miembro-titular-de-la-academia-de-ingenieria-mexico\/"},"author":{"name":"Nexo Informativo","@id":"https:\/\/www.nexoinformativo.mx\/#\/schema\/person\/7749d380ba08c8ca00d7bc76fd907b7d"},"headline":"Orgullo Queretano Director del CONALEP es nuevo miembro titular de la Academia de Ingenier\u00eda M\u00e9xico","datePublished":"2025-04-14T15:00:41+00:00","dateModified":"2025-04-14T16:31:39+00:00","mainEntityOfPage":{"@id":"https:\/\/www.nexoinformativo.mx\/index.php\/2025\/04\/14\/orgullo-queretano-director-del-conalep-es-nuevo-miembro-titular-de-la-academia-de-ingenieria-mexico\/"},"wordCount":303,"commentCount":0,"publisher":{"@id":"https:\/\/www.nexoinformativo.mx\/#organization"},"image":{"@id":"https:\/\/www.nexoinformativo.mx\/index.php\/2025\/04\/14\/orgullo-queretano-director-del-conalep-es-nuevo-miembro-titular-de-la-academia-de-ingenieria-mexico\/#primaryimage"},"thumbnailUrl":"https:\/\/www.nexoinformativo.mx\/wp-content\/uploads\/2025\/04\/PHOTO-2025-04-14-10-09-31-e1744648256926.jpg","keywords":["AcademiaDeIngenier\u00eda","CONALEPQuer\u00e9taro","Educaci\u00f3nT\u00e9cnica","OrgulloQueretano"],"articleSection":["Estado","\u00daltima Hora"],"inLanguage":"es","potentialAction":[{"@type":"CommentAction","name":"Comment","target":["https:\/\/www.nexoinformativo.mx\/index.php\/2025\/04\/14\/orgullo-queretano-director-del-conalep-es-nuevo-miembro-titular-de-la-academia-de-ingenieria-mexico\/#respond"]}]},{"@type":"WebPage","@id":"https:\/\/www.nexoinformativo.mx\/index.php\/2025\/04\/14\/orgullo-queretano-director-del-conalep-es-nuevo-miembro-titular-de-la-academia-de-ingenieria-mexico\/","url":"https:\/\/www.nexoinformativo.mx\/index.php\/2025\/04\/14\/orgullo-queretano-director-del-conalep-es-nuevo-miembro-titular-de-la-academia-de-ingenieria-mexico\/","name":"Orgullo Queretano Director del CONALEP es nuevo miembro titular de la Academia de Ingenier\u00eda M\u00e9xico | Nexo Informativo Santiago de Quer\u00e9taro","isPartOf":{"@id":"https:\/\/www.nexoinformativo.mx\/#website"},"primaryImageOfPage":{"@id":"https:\/\/www.nexoinformativo.mx\/index.php\/2025\/04\/14\/orgullo-queretano-director-del-conalep-es-nuevo-miembro-titular-de-la-academia-de-ingenieria-mexico\/#primaryimage"},"image":{"@id":"https:\/\/www.nexoinformativo.mx\/index.php\/2025\/04\/14\/orgullo-queretano-director-del-conalep-es-nuevo-miembro-titular-de-la-academia-de-ingenieria-mexico\/#primaryimage"},"thumbnailUrl":"https:\/\/www.nexoinformativo.mx\/wp-content\/uploads\/2025\/04\/PHOTO-2025-04-14-10-09-31-e1744648256926.jpg","datePublished":"2025-04-14T15:00:41+00:00","dateModified":"2025-04-14T16:31:39+00:00","description":"Orgullo Queretano Director del CONALEP es nuevo miembro titular de la Academia de Ingenier\u00eda M\u00e9xico","breadcrumb":{"@id":"https:\/\/www.nexoinformativo.mx\/index.php\/2025\/04\/14\/orgullo-queretano-director-del-conalep-es-nuevo-miembro-titular-de-la-academia-de-ingenieria-mexico\/#breadcrumb"},"inLanguage":"es","potentialAction":[{"@type":"ReadAction","target":["https:\/\/www.nexoinformativo.mx\/index.php\/2025\/04\/14\/orgullo-queretano-director-del-conalep-es-nuevo-miembro-titular-de-la-academia-de-ingenieria-mexico\/"]}]},{"@type":"ImageObject","inLanguage":"es","@id":"https:\/\/www.nexoinformativo.mx\/index.php\/2025\/04\/14\/orgullo-queretano-director-del-conalep-es-nuevo-miembro-titular-de-la-academia-de-ingenieria-mexico\/#primaryimage","url":"https:\/\/www.nexoinformativo.mx\/wp-content\/uploads\/2025\/04\/PHOTO-2025-04-14-10-09-31-e1744648256926.jpg","contentUrl":"https:\/\/www.nexoinformativo.mx\/wp-content\/uploads\/2025\/04\/PHOTO-2025-04-14-10-09-31-e1744648256926.jpg","width":800,"height":533},{"@type":"BreadcrumbList","@id":"https:\/\/www.nexoinformativo.mx\/index.php\/2025\/04\/14\/orgullo-queretano-director-del-conalep-es-nuevo-miembro-titular-de-la-academia-de-ingenieria-mexico\/#breadcrumb","itemListElement":[{"@type":"ListItem","position":1,"name":"Inicio","item":"https:\/\/www.nexoinformativo.mx\/"},{"@type":"ListItem","position":2,"name":"Orgullo Queretano Director del CONALEP es nuevo miembro titular de la Academia de Ingenier\u00eda M\u00e9xico"}]},{"@type":"WebSite","@id":"https:\/\/www.nexoinformativo.mx\/#website","url":"https:\/\/www.nexoinformativo.mx\/","name":"Nexo Informativo Santiago de Quer\u00e9taro","description":"Explora NexoInformativo y convi\u00e9rtete en parte de una comunidad que valora el conocimiento y la verdad. Tu nexoinformativo es tu puente hacia una comprensi\u00f3n m\u00e1s profunda del mundo que te rodea.","publisher":{"@id":"https:\/\/www.nexoinformativo.mx\/#organization"},"potentialAction":[{"@type":"SearchAction","target":{"@type":"EntryPoint","urlTemplate":"https:\/\/www.nexoinformativo.mx\/?s={search_term_string}"},"query-input":{"@type":"PropertyValueSpecification","valueRequired":true,"valueName":"search_term_string"}}],"inLanguage":"es"},{"@type":"Organization","@id":"https:\/\/www.nexoinformativo.mx\/#organization","name":"Nexo Informativo Santiago de Quer\u00e9taro","url":"https:\/\/www.nexoinformativo.mx\/","logo":{"@type":"ImageObject","inLanguage":"es","@id":"https:\/\/www.nexoinformativo.mx\/#\/schema\/logo\/image\/","url":"https:\/\/www.nexoinformativo.mx\/wp-content\/uploads\/2024\/07\/nexoi-trasparente-2.png","contentUrl":"https:\/\/www.nexoinformativo.mx\/wp-content\/uploads\/2024\/07\/nexoi-trasparente-2.png","width":816,"height":339,"caption":"Nexo Informativo Santiago de Quer\u00e9taro"},"image":{"@id":"https:\/\/www.nexoinformativo.mx\/#\/schema\/logo\/image\/"},"sameAs":["https:\/\/www.facebook.com\/people\/Nexo-Informativo\/61564066885511\/"]},{"@type":"Person","@id":"https:\/\/www.nexoinformativo.mx\/#\/schema\/person\/7749d380ba08c8ca00d7bc76fd907b7d","name":"Nexo Informativo","image":{"@type":"ImageObject","inLanguage":"es","@id":"https:\/\/www.nexoinformativo.mx\/#\/schema\/person\/image\/","url":"https:\/\/secure.gravatar.com\/avatar\/dde2928154642a13d95f87ddf1ea9718fe2b46760a005c53e41ff5ad610704e6?s=96&d=mm&r=g","contentUrl":"https:\/\/secure.gravatar.com\/avatar\/dde2928154642a13d95f87ddf1ea9718fe2b46760a005c53e41ff5ad610704e6?s=96&d=mm&r=g","caption":"Nexo Informativo"},"url":"https:\/\/www.nexoinformativo.mx\/index.php\/author\/edicion\/"}]}},"_links":{"self":[{"href":"https:\/\/www.nexoinformativo.mx\/index.php\/wp-json\/wp\/v2\/posts\/14120","targetHints":{"allow":["GET"]}}],"collection":[{"href":"https:\/\/www.nexoinformativo.mx\/index.php\/wp-json\/wp\/v2\/posts"}],"about":[{"href":"https:\/\/www.nexoinformativo.mx\/index.php\/wp-json\/wp\/v2\/types\/post"}],"author":[{"embeddable":true,"href":"https:\/\/www.nexoinformativo.mx\/index.php\/wp-json\/wp\/v2\/users\/3"}],"replies":[{"embeddable":true,"href":"https:\/\/www.nexoinformativo.mx\/index.php\/wp-json\/wp\/v2\/comments?post=14120"}],"version-history":[{"count":4,"href":"https:\/\/www.nexoinformativo.mx\/index.php\/wp-json\/wp\/v2\/posts\/14120\/revisions"}],"predecessor-version":[{"id":14125,"href":"https:\/\/www.nexoinformativo.mx\/index.php\/wp-json\/wp\/v2\/posts\/14120\/revisions\/14125"}],"wp:featuredmedia":[{"embeddable":true,"href":"https:\/\/www.nexoinformativo.mx\/index.php\/wp-json\/wp\/v2\/media\/14121"}],"wp:attachment":[{"href":"https:\/\/www.nexoinformativo.mx\/index.php\/wp-json\/wp\/v2\/media?parent=14120"}],"wp:term":[{"taxonomy":"category","embeddable":true,"href":"https:\/\/www.nexoinformativo.mx\/index.php\/wp-json\/wp\/v2\/categories?post=14120"},{"taxonomy":"post_tag","embeddable":true,"href":"https:\/\/www.nexoinformativo.mx\/index.php\/wp-json\/wp\/v2\/tags?post=14120"}],"curies":[{"name":"wp","href":"https:\/\/api.w.org\/{rel}","templated":true}]}}