{"id":14126,"date":"2025-04-14T10:00:15","date_gmt":"2025-04-14T16:00:15","guid":{"rendered":"https:\/\/www.nexoinformativo.mx\/?p=14126"},"modified":"2025-04-14T10:38:29","modified_gmt":"2025-04-14T16:38:29","slug":"derechohabientes-primero-imss-queretaro-refuerza-el-buen-trato-con-capacitacion-especializada","status":"publish","type":"post","link":"https:\/\/www.nexoinformativo.mx\/index.php\/2025\/04\/14\/derechohabientes-primero-imss-queretaro-refuerza-el-buen-trato-con-capacitacion-especializada\/","title":{"rendered":"Derechohabientes primero IMSS Quer\u00e9taro refuerza el buen trato con capacitaci\u00f3n especializada"},"content":{"rendered":"<p style=\"text-align: justify;\" data-sourcepos=\"11:1-11:456\">Con el firme prop\u00f3sito de elevar la satisfacci\u00f3n de sus derechohabientes, el \u00d3rgano de Operaci\u00f3n Administrativa Desconcentrada (OAD) del Instituto Mexicano del Seguro Social (IMSS) en Quer\u00e9taro llev\u00f3 a cabo una capacitaci\u00f3n integral dirigida al personal de Atenci\u00f3n y Orientaci\u00f3n al Derechohabiente (TAOD).<\/p>\n<p>&nbsp;<\/p>\n<p style=\"text-align: justify;\" data-sourcepos=\"11:1-11:456\">El objetivo principal fue fortalecer la comunicaci\u00f3n efectiva para brindar una atenci\u00f3n de calidad y con calidez humana.<\/p>\n<p>&nbsp;<\/p>\n<p style=\"text-align: justify;\" data-sourcepos=\"13:1-13:292\">La titular de la Unidad de Atenci\u00f3n a la Derechohabientes, Gabriela Paredes, reconoci\u00f3 la labor fundamental del personal TAOD en el estado, destacando que gracias a su trabajo se logr\u00f3 una significativa disminuci\u00f3n de quejas y un aumento en las gestiones resueltas durante el a\u00f1o 2024.<\/p>\n<p>&nbsp;<\/p>\n<p style=\"text-align: justify;\" data-sourcepos=\"15:1-15:471\">Por su parte, la titular del IMSS en Quer\u00e9taro, Martha Elo\u00edsa S\u00e1nchez, subray\u00f3 la importancia de estas capacitaciones y los modelos de clima organizacional para el desarrollo profesional de los trabajadores.<\/p>\n<p>&nbsp;<\/p>\n<p style=\"text-align: justify;\" data-sourcepos=\"17:1-17:247\">Actualmente, la representaci\u00f3n del IMSS en Quer\u00e9taro se posiciona en el segundo lugar a nivel nacional con el menor n\u00famero de quejas y el mayor n\u00famero de gestiones exitosas, lo que refleja una percepci\u00f3n positiva por parte de la poblaci\u00f3n usuaria.<\/p>\n<p>&nbsp;<\/p>\n<p style=\"text-align: justify;\" data-sourcepos=\"19:1-19:243\">Durante la capacitaci\u00f3n, se abordaron temas clave como clima organizacional, marco jur\u00eddico, desarrollo de habilidades de comunicaci\u00f3n, trabajo en equipo, salud mental, t\u00e9cnicas de regulaci\u00f3n emocional y la importancia de la retroalimentaci\u00f3n.<\/p>\n<p>&nbsp;<\/p>\n<p style=\"text-align: justify;\" data-sourcepos=\"21:1-21:535\">Adem\u00e1s, se entregaron siete reconocimientos al personal con el mayor n\u00famero de gestiones resueltas en 2024, tanto en el primer como en el segundo nivel de atenci\u00f3n, y dos reconocimientos especiales por su excelente trato, destacado desempe\u00f1o y calidad en la atenci\u00f3n, otorgados directamente por los usuarios.<\/p>\n<p>&nbsp;<\/p>\n<p style=\"text-align: center;\" data-sourcepos=\"21:1-21:535\"><em><strong>\u00a1Informaci\u00f3n que transforma!<\/strong><\/em><\/p>\n","protected":false},"excerpt":{"rendered":"<p>Con el firme prop\u00f3sito de elevar la satisfacci\u00f3n de sus derechohabientes, el \u00d3rgano de Operaci\u00f3n Administrativa Desconcentrada (OAD) del Instituto Mexicano del Seguro Social (IMSS) en Quer\u00e9taro llev\u00f3 a cabo una capacitaci\u00f3n integral dirigida al personal de Atenci\u00f3n y Orientaci\u00f3n al Derechohabiente (TAOD).<\/p>\n","protected":false},"author":3,"featured_media":14127,"comment_status":"open","ping_status":"open","sticky":false,"template":"","format":"standard","meta":{"footnotes":""},"categories":[1],"tags":[4135,4134,4136,1052],"class_list":["post-14126","post","type-post","status-publish","format-standard","has-post-thumbnail","hentry","category-uncategorized","tag-atencionderechohabientes","tag-buentratoimss","tag-calidadycalidez","tag-imssqueretaro"],"yoast_head":"<!-- This site is optimized with the Yoast SEO plugin v25.0 - https:\/\/yoast.com\/wordpress\/plugins\/seo\/ -->\n<title>Derechohabientes primero IMSS Quer\u00e9taro refuerza el buen trato con capacitaci\u00f3n especializada | Nexo Informativo Santiago de Quer\u00e9taro<\/title>\n<meta name=\"description\" content=\"Derechohabientes primero IMSS Quer\u00e9taro refuerza el buen trato con capacitaci\u00f3n especializada\" \/>\n<meta name=\"robots\" content=\"index, follow, max-snippet:-1, max-image-preview:large, max-video-preview:-1\" \/>\n<link rel=\"canonical\" href=\"https:\/\/www.nexoinformativo.mx\/index.php\/2025\/04\/14\/derechohabientes-primero-imss-queretaro-refuerza-el-buen-trato-con-capacitacion-especializada\/\" \/>\n<meta property=\"og:locale\" content=\"es_MX\" \/>\n<meta property=\"og:type\" content=\"article\" \/>\n<meta property=\"og:title\" content=\"Derechohabientes primero IMSS Quer\u00e9taro refuerza el buen trato con capacitaci\u00f3n especializada | Nexo Informativo Santiago de Quer\u00e9taro\" \/>\n<meta property=\"og:description\" content=\"Derechohabientes primero IMSS Quer\u00e9taro refuerza el buen trato con capacitaci\u00f3n especializada\" \/>\n<meta property=\"og:url\" content=\"https:\/\/www.nexoinformativo.mx\/index.php\/2025\/04\/14\/derechohabientes-primero-imss-queretaro-refuerza-el-buen-trato-con-capacitacion-especializada\/\" \/>\n<meta property=\"og:site_name\" content=\"Nexo Informativo Santiago de Quer\u00e9taro\" \/>\n<meta property=\"article:publisher\" content=\"https:\/\/www.facebook.com\/people\/Nexo-Informativo\/61564066885511\/\" \/>\n<meta property=\"article:published_time\" content=\"2025-04-14T16:00:15+00:00\" \/>\n<meta property=\"article:modified_time\" content=\"2025-04-14T16:38:29+00:00\" \/>\n<meta property=\"og:image\" content=\"https:\/\/www.nexoinformativo.mx\/wp-content\/uploads\/2025\/04\/PHOTO-2025-04-14-10-02-12-e1744648640345.jpg\" \/>\n\t<meta property=\"og:image:width\" content=\"800\" \/>\n\t<meta property=\"og:image:height\" content=\"533\" \/>\n\t<meta property=\"og:image:type\" content=\"image\/jpeg\" \/>\n<meta name=\"author\" content=\"Nexo Informativo\" \/>\n<meta name=\"twitter:card\" content=\"summary_large_image\" \/>\n<meta name=\"twitter:label1\" content=\"Escrito por\" \/>\n\t<meta name=\"twitter:data1\" content=\"Nexo Informativo\" \/>\n\t<meta name=\"twitter:label2\" content=\"Tiempo de lectura\" \/>\n\t<meta name=\"twitter:data2\" content=\"2 minutos\" \/>\n<script type=\"application\/ld+json\" class=\"yoast-schema-graph\">{\"@context\":\"https:\/\/schema.org\",\"@graph\":[{\"@type\":\"Article\",\"@id\":\"https:\/\/www.nexoinformativo.mx\/index.php\/2025\/04\/14\/derechohabientes-primero-imss-queretaro-refuerza-el-buen-trato-con-capacitacion-especializada\/#article\",\"isPartOf\":{\"@id\":\"https:\/\/www.nexoinformativo.mx\/index.php\/2025\/04\/14\/derechohabientes-primero-imss-queretaro-refuerza-el-buen-trato-con-capacitacion-especializada\/\"},\"author\":{\"name\":\"Nexo Informativo\",\"@id\":\"https:\/\/www.nexoinformativo.mx\/#\/schema\/person\/7749d380ba08c8ca00d7bc76fd907b7d\"},\"headline\":\"Derechohabientes primero IMSS Quer\u00e9taro refuerza el buen trato con capacitaci\u00f3n especializada\",\"datePublished\":\"2025-04-14T16:00:15+00:00\",\"dateModified\":\"2025-04-14T16:38:29+00:00\",\"mainEntityOfPage\":{\"@id\":\"https:\/\/www.nexoinformativo.mx\/index.php\/2025\/04\/14\/derechohabientes-primero-imss-queretaro-refuerza-el-buen-trato-con-capacitacion-especializada\/\"},\"wordCount\":312,\"commentCount\":0,\"publisher\":{\"@id\":\"https:\/\/www.nexoinformativo.mx\/#organization\"},\"image\":{\"@id\":\"https:\/\/www.nexoinformativo.mx\/index.php\/2025\/04\/14\/derechohabientes-primero-imss-queretaro-refuerza-el-buen-trato-con-capacitacion-especializada\/#primaryimage\"},\"thumbnailUrl\":\"https:\/\/www.nexoinformativo.mx\/wp-content\/uploads\/2025\/04\/PHOTO-2025-04-14-10-02-12-e1744648640345.jpg\",\"keywords\":[\"Atenci\u00f3nDerechohabientes\",\"BuenTratoIMSS\",\"CalidadYCalidez\",\"IMSSQuer\u00e9taro\"],\"articleSection\":[\"Uncategorized\"],\"inLanguage\":\"es\",\"potentialAction\":[{\"@type\":\"CommentAction\",\"name\":\"Comment\",\"target\":[\"https:\/\/www.nexoinformativo.mx\/index.php\/2025\/04\/14\/derechohabientes-primero-imss-queretaro-refuerza-el-buen-trato-con-capacitacion-especializada\/#respond\"]}]},{\"@type\":\"WebPage\",\"@id\":\"https:\/\/www.nexoinformativo.mx\/index.php\/2025\/04\/14\/derechohabientes-primero-imss-queretaro-refuerza-el-buen-trato-con-capacitacion-especializada\/\",\"url\":\"https:\/\/www.nexoinformativo.mx\/index.php\/2025\/04\/14\/derechohabientes-primero-imss-queretaro-refuerza-el-buen-trato-con-capacitacion-especializada\/\",\"name\":\"Derechohabientes primero IMSS Quer\u00e9taro refuerza el buen trato con capacitaci\u00f3n especializada | Nexo Informativo Santiago de Quer\u00e9taro\",\"isPartOf\":{\"@id\":\"https:\/\/www.nexoinformativo.mx\/#website\"},\"primaryImageOfPage\":{\"@id\":\"https:\/\/www.nexoinformativo.mx\/index.php\/2025\/04\/14\/derechohabientes-primero-imss-queretaro-refuerza-el-buen-trato-con-capacitacion-especializada\/#primaryimage\"},\"image\":{\"@id\":\"https:\/\/www.nexoinformativo.mx\/index.php\/2025\/04\/14\/derechohabientes-primero-imss-queretaro-refuerza-el-buen-trato-con-capacitacion-especializada\/#primaryimage\"},\"thumbnailUrl\":\"https:\/\/www.nexoinformativo.mx\/wp-content\/uploads\/2025\/04\/PHOTO-2025-04-14-10-02-12-e1744648640345.jpg\",\"datePublished\":\"2025-04-14T16:00:15+00:00\",\"dateModified\":\"2025-04-14T16:38:29+00:00\",\"description\":\"Derechohabientes primero IMSS Quer\u00e9taro refuerza el buen trato con capacitaci\u00f3n especializada\",\"breadcrumb\":{\"@id\":\"https:\/\/www.nexoinformativo.mx\/index.php\/2025\/04\/14\/derechohabientes-primero-imss-queretaro-refuerza-el-buen-trato-con-capacitacion-especializada\/#breadcrumb\"},\"inLanguage\":\"es\",\"potentialAction\":[{\"@type\":\"ReadAction\",\"target\":[\"https:\/\/www.nexoinformativo.mx\/index.php\/2025\/04\/14\/derechohabientes-primero-imss-queretaro-refuerza-el-buen-trato-con-capacitacion-especializada\/\"]}]},{\"@type\":\"ImageObject\",\"inLanguage\":\"es\",\"@id\":\"https:\/\/www.nexoinformativo.mx\/index.php\/2025\/04\/14\/derechohabientes-primero-imss-queretaro-refuerza-el-buen-trato-con-capacitacion-especializada\/#primaryimage\",\"url\":\"https:\/\/www.nexoinformativo.mx\/wp-content\/uploads\/2025\/04\/PHOTO-2025-04-14-10-02-12-e1744648640345.jpg\",\"contentUrl\":\"https:\/\/www.nexoinformativo.mx\/wp-content\/uploads\/2025\/04\/PHOTO-2025-04-14-10-02-12-e1744648640345.jpg\",\"width\":800,\"height\":533},{\"@type\":\"BreadcrumbList\",\"@id\":\"https:\/\/www.nexoinformativo.mx\/index.php\/2025\/04\/14\/derechohabientes-primero-imss-queretaro-refuerza-el-buen-trato-con-capacitacion-especializada\/#breadcrumb\",\"itemListElement\":[{\"@type\":\"ListItem\",\"position\":1,\"name\":\"Inicio\",\"item\":\"https:\/\/www.nexoinformativo.mx\/\"},{\"@type\":\"ListItem\",\"position\":2,\"name\":\"Derechohabientes primero IMSS Quer\u00e9taro refuerza el buen trato con capacitaci\u00f3n especializada\"}]},{\"@type\":\"WebSite\",\"@id\":\"https:\/\/www.nexoinformativo.mx\/#website\",\"url\":\"https:\/\/www.nexoinformativo.mx\/\",\"name\":\"Nexo Informativo Santiago de Quer\u00e9taro\",\"description\":\"Explora NexoInformativo y convi\u00e9rtete en parte de una comunidad que valora el conocimiento y la verdad. Tu nexoinformativo es tu puente hacia una comprensi\u00f3n m\u00e1s profunda del mundo que te rodea.\",\"publisher\":{\"@id\":\"https:\/\/www.nexoinformativo.mx\/#organization\"},\"potentialAction\":[{\"@type\":\"SearchAction\",\"target\":{\"@type\":\"EntryPoint\",\"urlTemplate\":\"https:\/\/www.nexoinformativo.mx\/?s={search_term_string}\"},\"query-input\":{\"@type\":\"PropertyValueSpecification\",\"valueRequired\":true,\"valueName\":\"search_term_string\"}}],\"inLanguage\":\"es\"},{\"@type\":\"Organization\",\"@id\":\"https:\/\/www.nexoinformativo.mx\/#organization\",\"name\":\"Nexo Informativo Santiago de Quer\u00e9taro\",\"url\":\"https:\/\/www.nexoinformativo.mx\/\",\"logo\":{\"@type\":\"ImageObject\",\"inLanguage\":\"es\",\"@id\":\"https:\/\/www.nexoinformativo.mx\/#\/schema\/logo\/image\/\",\"url\":\"https:\/\/www.nexoinformativo.mx\/wp-content\/uploads\/2024\/07\/nexoi-trasparente-2.png\",\"contentUrl\":\"https:\/\/www.nexoinformativo.mx\/wp-content\/uploads\/2024\/07\/nexoi-trasparente-2.png\",\"width\":816,\"height\":339,\"caption\":\"Nexo Informativo Santiago de Quer\u00e9taro\"},\"image\":{\"@id\":\"https:\/\/www.nexoinformativo.mx\/#\/schema\/logo\/image\/\"},\"sameAs\":[\"https:\/\/www.facebook.com\/people\/Nexo-Informativo\/61564066885511\/\"]},{\"@type\":\"Person\",\"@id\":\"https:\/\/www.nexoinformativo.mx\/#\/schema\/person\/7749d380ba08c8ca00d7bc76fd907b7d\",\"name\":\"Nexo Informativo\",\"image\":{\"@type\":\"ImageObject\",\"inLanguage\":\"es\",\"@id\":\"https:\/\/www.nexoinformativo.mx\/#\/schema\/person\/image\/\",\"url\":\"https:\/\/secure.gravatar.com\/avatar\/dde2928154642a13d95f87ddf1ea9718fe2b46760a005c53e41ff5ad610704e6?s=96&d=mm&r=g\",\"contentUrl\":\"https:\/\/secure.gravatar.com\/avatar\/dde2928154642a13d95f87ddf1ea9718fe2b46760a005c53e41ff5ad610704e6?s=96&d=mm&r=g\",\"caption\":\"Nexo Informativo\"},\"url\":\"https:\/\/www.nexoinformativo.mx\/index.php\/author\/edicion\/\"}]}<\/script>\n<!-- \/ Yoast SEO plugin. -->","yoast_head_json":{"title":"Derechohabientes primero IMSS Quer\u00e9taro refuerza el buen trato con capacitaci\u00f3n especializada | Nexo Informativo Santiago de Quer\u00e9taro","description":"Derechohabientes primero IMSS Quer\u00e9taro refuerza el buen trato con capacitaci\u00f3n especializada","robots":{"index":"index","follow":"follow","max-snippet":"max-snippet:-1","max-image-preview":"max-image-preview:large","max-video-preview":"max-video-preview:-1"},"canonical":"https:\/\/www.nexoinformativo.mx\/index.php\/2025\/04\/14\/derechohabientes-primero-imss-queretaro-refuerza-el-buen-trato-con-capacitacion-especializada\/","og_locale":"es_MX","og_type":"article","og_title":"Derechohabientes primero IMSS Quer\u00e9taro refuerza el buen trato con capacitaci\u00f3n especializada | Nexo Informativo Santiago de Quer\u00e9taro","og_description":"Derechohabientes primero IMSS Quer\u00e9taro refuerza el buen trato con capacitaci\u00f3n especializada","og_url":"https:\/\/www.nexoinformativo.mx\/index.php\/2025\/04\/14\/derechohabientes-primero-imss-queretaro-refuerza-el-buen-trato-con-capacitacion-especializada\/","og_site_name":"Nexo Informativo Santiago de Quer\u00e9taro","article_publisher":"https:\/\/www.facebook.com\/people\/Nexo-Informativo\/61564066885511\/","article_published_time":"2025-04-14T16:00:15+00:00","article_modified_time":"2025-04-14T16:38:29+00:00","og_image":[{"width":800,"height":533,"url":"https:\/\/www.nexoinformativo.mx\/wp-content\/uploads\/2025\/04\/PHOTO-2025-04-14-10-02-12-e1744648640345.jpg","type":"image\/jpeg"}],"author":"Nexo Informativo","twitter_card":"summary_large_image","twitter_misc":{"Escrito por":"Nexo Informativo","Tiempo de lectura":"2 minutos"},"schema":{"@context":"https:\/\/schema.org","@graph":[{"@type":"Article","@id":"https:\/\/www.nexoinformativo.mx\/index.php\/2025\/04\/14\/derechohabientes-primero-imss-queretaro-refuerza-el-buen-trato-con-capacitacion-especializada\/#article","isPartOf":{"@id":"https:\/\/www.nexoinformativo.mx\/index.php\/2025\/04\/14\/derechohabientes-primero-imss-queretaro-refuerza-el-buen-trato-con-capacitacion-especializada\/"},"author":{"name":"Nexo Informativo","@id":"https:\/\/www.nexoinformativo.mx\/#\/schema\/person\/7749d380ba08c8ca00d7bc76fd907b7d"},"headline":"Derechohabientes primero IMSS Quer\u00e9taro refuerza el buen trato con capacitaci\u00f3n especializada","datePublished":"2025-04-14T16:00:15+00:00","dateModified":"2025-04-14T16:38:29+00:00","mainEntityOfPage":{"@id":"https:\/\/www.nexoinformativo.mx\/index.php\/2025\/04\/14\/derechohabientes-primero-imss-queretaro-refuerza-el-buen-trato-con-capacitacion-especializada\/"},"wordCount":312,"commentCount":0,"publisher":{"@id":"https:\/\/www.nexoinformativo.mx\/#organization"},"image":{"@id":"https:\/\/www.nexoinformativo.mx\/index.php\/2025\/04\/14\/derechohabientes-primero-imss-queretaro-refuerza-el-buen-trato-con-capacitacion-especializada\/#primaryimage"},"thumbnailUrl":"https:\/\/www.nexoinformativo.mx\/wp-content\/uploads\/2025\/04\/PHOTO-2025-04-14-10-02-12-e1744648640345.jpg","keywords":["Atenci\u00f3nDerechohabientes","BuenTratoIMSS","CalidadYCalidez","IMSSQuer\u00e9taro"],"articleSection":["Uncategorized"],"inLanguage":"es","potentialAction":[{"@type":"CommentAction","name":"Comment","target":["https:\/\/www.nexoinformativo.mx\/index.php\/2025\/04\/14\/derechohabientes-primero-imss-queretaro-refuerza-el-buen-trato-con-capacitacion-especializada\/#respond"]}]},{"@type":"WebPage","@id":"https:\/\/www.nexoinformativo.mx\/index.php\/2025\/04\/14\/derechohabientes-primero-imss-queretaro-refuerza-el-buen-trato-con-capacitacion-especializada\/","url":"https:\/\/www.nexoinformativo.mx\/index.php\/2025\/04\/14\/derechohabientes-primero-imss-queretaro-refuerza-el-buen-trato-con-capacitacion-especializada\/","name":"Derechohabientes primero IMSS Quer\u00e9taro refuerza el buen trato con capacitaci\u00f3n especializada | Nexo Informativo Santiago de Quer\u00e9taro","isPartOf":{"@id":"https:\/\/www.nexoinformativo.mx\/#website"},"primaryImageOfPage":{"@id":"https:\/\/www.nexoinformativo.mx\/index.php\/2025\/04\/14\/derechohabientes-primero-imss-queretaro-refuerza-el-buen-trato-con-capacitacion-especializada\/#primaryimage"},"image":{"@id":"https:\/\/www.nexoinformativo.mx\/index.php\/2025\/04\/14\/derechohabientes-primero-imss-queretaro-refuerza-el-buen-trato-con-capacitacion-especializada\/#primaryimage"},"thumbnailUrl":"https:\/\/www.nexoinformativo.mx\/wp-content\/uploads\/2025\/04\/PHOTO-2025-04-14-10-02-12-e1744648640345.jpg","datePublished":"2025-04-14T16:00:15+00:00","dateModified":"2025-04-14T16:38:29+00:00","description":"Derechohabientes primero IMSS Quer\u00e9taro refuerza el buen trato con capacitaci\u00f3n especializada","breadcrumb":{"@id":"https:\/\/www.nexoinformativo.mx\/index.php\/2025\/04\/14\/derechohabientes-primero-imss-queretaro-refuerza-el-buen-trato-con-capacitacion-especializada\/#breadcrumb"},"inLanguage":"es","potentialAction":[{"@type":"ReadAction","target":["https:\/\/www.nexoinformativo.mx\/index.php\/2025\/04\/14\/derechohabientes-primero-imss-queretaro-refuerza-el-buen-trato-con-capacitacion-especializada\/"]}]},{"@type":"ImageObject","inLanguage":"es","@id":"https:\/\/www.nexoinformativo.mx\/index.php\/2025\/04\/14\/derechohabientes-primero-imss-queretaro-refuerza-el-buen-trato-con-capacitacion-especializada\/#primaryimage","url":"https:\/\/www.nexoinformativo.mx\/wp-content\/uploads\/2025\/04\/PHOTO-2025-04-14-10-02-12-e1744648640345.jpg","contentUrl":"https:\/\/www.nexoinformativo.mx\/wp-content\/uploads\/2025\/04\/PHOTO-2025-04-14-10-02-12-e1744648640345.jpg","width":800,"height":533},{"@type":"BreadcrumbList","@id":"https:\/\/www.nexoinformativo.mx\/index.php\/2025\/04\/14\/derechohabientes-primero-imss-queretaro-refuerza-el-buen-trato-con-capacitacion-especializada\/#breadcrumb","itemListElement":[{"@type":"ListItem","position":1,"name":"Inicio","item":"https:\/\/www.nexoinformativo.mx\/"},{"@type":"ListItem","position":2,"name":"Derechohabientes primero IMSS Quer\u00e9taro refuerza el buen trato con capacitaci\u00f3n especializada"}]},{"@type":"WebSite","@id":"https:\/\/www.nexoinformativo.mx\/#website","url":"https:\/\/www.nexoinformativo.mx\/","name":"Nexo Informativo Santiago de Quer\u00e9taro","description":"Explora NexoInformativo y convi\u00e9rtete en parte de una comunidad que valora el conocimiento y la verdad. Tu nexoinformativo es tu puente hacia una comprensi\u00f3n m\u00e1s profunda del mundo que te rodea.","publisher":{"@id":"https:\/\/www.nexoinformativo.mx\/#organization"},"potentialAction":[{"@type":"SearchAction","target":{"@type":"EntryPoint","urlTemplate":"https:\/\/www.nexoinformativo.mx\/?s={search_term_string}"},"query-input":{"@type":"PropertyValueSpecification","valueRequired":true,"valueName":"search_term_string"}}],"inLanguage":"es"},{"@type":"Organization","@id":"https:\/\/www.nexoinformativo.mx\/#organization","name":"Nexo Informativo Santiago de Quer\u00e9taro","url":"https:\/\/www.nexoinformativo.mx\/","logo":{"@type":"ImageObject","inLanguage":"es","@id":"https:\/\/www.nexoinformativo.mx\/#\/schema\/logo\/image\/","url":"https:\/\/www.nexoinformativo.mx\/wp-content\/uploads\/2024\/07\/nexoi-trasparente-2.png","contentUrl":"https:\/\/www.nexoinformativo.mx\/wp-content\/uploads\/2024\/07\/nexoi-trasparente-2.png","width":816,"height":339,"caption":"Nexo Informativo Santiago de Quer\u00e9taro"},"image":{"@id":"https:\/\/www.nexoinformativo.mx\/#\/schema\/logo\/image\/"},"sameAs":["https:\/\/www.facebook.com\/people\/Nexo-Informativo\/61564066885511\/"]},{"@type":"Person","@id":"https:\/\/www.nexoinformativo.mx\/#\/schema\/person\/7749d380ba08c8ca00d7bc76fd907b7d","name":"Nexo Informativo","image":{"@type":"ImageObject","inLanguage":"es","@id":"https:\/\/www.nexoinformativo.mx\/#\/schema\/person\/image\/","url":"https:\/\/secure.gravatar.com\/avatar\/dde2928154642a13d95f87ddf1ea9718fe2b46760a005c53e41ff5ad610704e6?s=96&d=mm&r=g","contentUrl":"https:\/\/secure.gravatar.com\/avatar\/dde2928154642a13d95f87ddf1ea9718fe2b46760a005c53e41ff5ad610704e6?s=96&d=mm&r=g","caption":"Nexo Informativo"},"url":"https:\/\/www.nexoinformativo.mx\/index.php\/author\/edicion\/"}]}},"_links":{"self":[{"href":"https:\/\/www.nexoinformativo.mx\/index.php\/wp-json\/wp\/v2\/posts\/14126","targetHints":{"allow":["GET"]}}],"collection":[{"href":"https:\/\/www.nexoinformativo.mx\/index.php\/wp-json\/wp\/v2\/posts"}],"about":[{"href":"https:\/\/www.nexoinformativo.mx\/index.php\/wp-json\/wp\/v2\/types\/post"}],"author":[{"embeddable":true,"href":"https:\/\/www.nexoinformativo.mx\/index.php\/wp-json\/wp\/v2\/users\/3"}],"replies":[{"embeddable":true,"href":"https:\/\/www.nexoinformativo.mx\/index.php\/wp-json\/wp\/v2\/comments?post=14126"}],"version-history":[{"count":4,"href":"https:\/\/www.nexoinformativo.mx\/index.php\/wp-json\/wp\/v2\/posts\/14126\/revisions"}],"predecessor-version":[{"id":14130,"href":"https:\/\/www.nexoinformativo.mx\/index.php\/wp-json\/wp\/v2\/posts\/14126\/revisions\/14130"}],"wp:featuredmedia":[{"embeddable":true,"href":"https:\/\/www.nexoinformativo.mx\/index.php\/wp-json\/wp\/v2\/media\/14127"}],"wp:attachment":[{"href":"https:\/\/www.nexoinformativo.mx\/index.php\/wp-json\/wp\/v2\/media?parent=14126"}],"wp:term":[{"taxonomy":"category","embeddable":true,"href":"https:\/\/www.nexoinformativo.mx\/index.php\/wp-json\/wp\/v2\/categories?post=14126"},{"taxonomy":"post_tag","embeddable":true,"href":"https:\/\/www.nexoinformativo.mx\/index.php\/wp-json\/wp\/v2\/tags?post=14126"}],"curies":[{"name":"wp","href":"https:\/\/api.w.org\/{rel}","templated":true}]}}