{"id":14137,"date":"2025-04-14T16:00:21","date_gmt":"2025-04-14T22:00:21","guid":{"rendered":"https:\/\/www.nexoinformativo.mx\/?p=14137"},"modified":"2025-04-14T18:50:06","modified_gmt":"2025-04-15T00:50:06","slug":"dos-meses-sin-agua-regular-toliman-pide-ayuda-al-estado-para-abastecer-a-miles-de-habitantes","status":"publish","type":"post","link":"https:\/\/www.nexoinformativo.mx\/index.php\/2025\/04\/14\/dos-meses-sin-agua-regular-toliman-pide-ayuda-al-estado-para-abastecer-a-miles-de-habitantes\/","title":{"rendered":"Dos meses sin agua regular Tolim\u00e1n pide ayuda al Estado para abastecer a miles de habitantes"},"content":{"rendered":"<p style=\"text-align: justify;\" data-sourcepos=\"11:1-11:369\">El presidente municipal de Tolim\u00e1n, Alejo S\u00e1nchez, se reuni\u00f3 con el gobernador Mauricio Kuri y el vocal ejecutivo de la Comisi\u00f3n Estatal de Aguas (CEA), Luis Alberto Vega Ricoy, para solicitar urgentemente la regularizaci\u00f3n del servicio de agua potable en el municipio, que ha presentado problemas de abasto durante aproximadamente dos meses.<\/p>\n<p>&nbsp;<\/p>\n<p style=\"text-align: justify;\" data-sourcepos=\"13:1-13:400\">El alcalde S\u00e1nchez inform\u00f3 que solicit\u00f3 al gobernador y al titular de la CEA fortalecer el sistema de tandeo de agua en diversas comunidades, especialmente en Higueras y Sabino, donde esta modalidad de distribuci\u00f3n es habitual.<\/p>\n<p>&nbsp;<\/p>\n<p style=\"text-align: justify;\" data-sourcepos=\"13:1-13:400\"><strong>&#8220;Estamos dialogando con la comunidad para permitir el acceso. Estamos coordinando con obras p\u00fablicas para darles obra y que nos permitan el acceso al agua&#8221;<\/strong>, se\u00f1al\u00f3 el edil.<\/p>\n<p>&nbsp;<\/p>\n<p style=\"text-align: justify;\" data-sourcepos=\"15:1-15:345\">Asimismo, el presidente municipal solicit\u00f3 a la CEA la provisi\u00f3n de las pipas necesarias para complementar el tandeo y asegurar el abastecimiento del l\u00edquido vital a las comunidades afectadas. Se estima que entre 17 y 21 comunidades de Tolim\u00e1n, donde residen entre 5 mil y 7 mil personas, no est\u00e1n recibiendo el servicio regular de agua potable.<\/p>\n<p>&nbsp;<\/p>\n<p style=\"text-align: justify;\" data-sourcepos=\"17:1-17:197\">El edil explic\u00f3 que la disminuci\u00f3n en el abasto comenz\u00f3 hace aproximadamente dos meses y que, hasta el momento, el gobierno municipal ha estado apoyando con pipas de agua para mitigar la situaci\u00f3n.<\/p>\n<p>&nbsp;<\/p>\n<p style=\"text-align: justify;\" data-sourcepos=\"19:1-19:248\">Finalmente, Alejo S\u00e1nchez expres\u00f3 su optimismo tras la reuni\u00f3n, se\u00f1alando que encontr\u00f3 disposici\u00f3n tanto por parte del gobernador como del vocal ejecutivo de la CEA para trabajar en la soluci\u00f3n de este problema de abastecimiento de agua en Tolim\u00e1n.<\/p>\n<p>&nbsp;<\/p>\n<p style=\"text-align: center;\" data-sourcepos=\"19:1-19:248\"><em><strong>\u00a1Informaci\u00f3n que transforma!<\/strong><\/em><\/p>\n","protected":false},"excerpt":{"rendered":"<p>El presidente municipal de Tolim\u00e1n, Alejo S\u00e1nchez, se reuni\u00f3 con el gobernador Mauricio Kuri y el vocal ejecutivo de la Comisi\u00f3n Estatal de Aguas (CEA), Luis Alberto Vega Ricoy, para solicitar urgentemente la regularizaci\u00f3n del servicio de agua potable en el municipio, que ha presentado problemas de abasto durante aproximadamente dos meses.<\/p>\n","protected":false},"author":3,"featured_media":14138,"comment_status":"open","ping_status":"open","sticky":false,"template":"","format":"standard","meta":{"footnotes":""},"categories":[42,58],"tags":[3552,4139,661,1333],"class_list":["post-14137","post","type-post","status-publish","format-standard","has-post-thumbnail","hentry","category-estado","category-ultima-hora","tag-ceaqro","tag-crisisdeagua","tag-mauriciokuri","tag-toliman"],"yoast_head":"<!-- This site is optimized with the Yoast SEO plugin v25.0 - https:\/\/yoast.com\/wordpress\/plugins\/seo\/ -->\n<title>Dos meses sin agua regular Tolim\u00e1n pide ayuda al Estado para abastecer a miles de habitantes | Nexo Informativo Santiago de Quer\u00e9taro<\/title>\n<meta name=\"description\" content=\"Dos meses sin agua regular Tolim\u00e1n pide ayuda al Estado para abastecer a miles de habitantes\" \/>\n<meta name=\"robots\" content=\"index, follow, max-snippet:-1, max-image-preview:large, max-video-preview:-1\" \/>\n<link rel=\"canonical\" href=\"https:\/\/www.nexoinformativo.mx\/index.php\/2025\/04\/14\/dos-meses-sin-agua-regular-toliman-pide-ayuda-al-estado-para-abastecer-a-miles-de-habitantes\/\" \/>\n<meta property=\"og:locale\" content=\"es_MX\" \/>\n<meta property=\"og:type\" content=\"article\" \/>\n<meta property=\"og:title\" content=\"Dos meses sin agua regular Tolim\u00e1n pide ayuda al Estado para abastecer a miles de habitantes | Nexo Informativo Santiago de Quer\u00e9taro\" \/>\n<meta property=\"og:description\" content=\"Dos meses sin agua regular Tolim\u00e1n pide ayuda al Estado para abastecer a miles de habitantes\" \/>\n<meta property=\"og:url\" content=\"https:\/\/www.nexoinformativo.mx\/index.php\/2025\/04\/14\/dos-meses-sin-agua-regular-toliman-pide-ayuda-al-estado-para-abastecer-a-miles-de-habitantes\/\" \/>\n<meta property=\"og:site_name\" content=\"Nexo Informativo Santiago de Quer\u00e9taro\" \/>\n<meta property=\"article:publisher\" content=\"https:\/\/www.facebook.com\/people\/Nexo-Informativo\/61564066885511\/\" \/>\n<meta property=\"article:published_time\" content=\"2025-04-14T22:00:21+00:00\" \/>\n<meta property=\"article:modified_time\" content=\"2025-04-15T00:50:06+00:00\" \/>\n<meta property=\"og:image\" content=\"https:\/\/www.nexoinformativo.mx\/wp-content\/uploads\/2025\/04\/PHOTO-2025-04-14-12-00-09-e1744678129848.jpg\" \/>\n\t<meta property=\"og:image:width\" content=\"800\" \/>\n\t<meta property=\"og:image:height\" content=\"600\" \/>\n\t<meta property=\"og:image:type\" content=\"image\/jpeg\" \/>\n<meta name=\"author\" content=\"Nexo Informativo\" \/>\n<meta name=\"twitter:card\" content=\"summary_large_image\" \/>\n<meta name=\"twitter:label1\" content=\"Escrito por\" \/>\n\t<meta name=\"twitter:data1\" content=\"Nexo Informativo\" \/>\n\t<meta name=\"twitter:label2\" content=\"Tiempo de lectura\" \/>\n\t<meta name=\"twitter:data2\" content=\"2 minutos\" \/>\n<script type=\"application\/ld+json\" class=\"yoast-schema-graph\">{\"@context\":\"https:\/\/schema.org\",\"@graph\":[{\"@type\":\"Article\",\"@id\":\"https:\/\/www.nexoinformativo.mx\/index.php\/2025\/04\/14\/dos-meses-sin-agua-regular-toliman-pide-ayuda-al-estado-para-abastecer-a-miles-de-habitantes\/#article\",\"isPartOf\":{\"@id\":\"https:\/\/www.nexoinformativo.mx\/index.php\/2025\/04\/14\/dos-meses-sin-agua-regular-toliman-pide-ayuda-al-estado-para-abastecer-a-miles-de-habitantes\/\"},\"author\":{\"name\":\"Nexo Informativo\",\"@id\":\"https:\/\/www.nexoinformativo.mx\/#\/schema\/person\/7749d380ba08c8ca00d7bc76fd907b7d\"},\"headline\":\"Dos meses sin agua regular Tolim\u00e1n pide ayuda al Estado para abastecer a miles de habitantes\",\"datePublished\":\"2025-04-14T22:00:21+00:00\",\"dateModified\":\"2025-04-15T00:50:06+00:00\",\"mainEntityOfPage\":{\"@id\":\"https:\/\/www.nexoinformativo.mx\/index.php\/2025\/04\/14\/dos-meses-sin-agua-regular-toliman-pide-ayuda-al-estado-para-abastecer-a-miles-de-habitantes\/\"},\"wordCount\":288,\"commentCount\":0,\"publisher\":{\"@id\":\"https:\/\/www.nexoinformativo.mx\/#organization\"},\"image\":{\"@id\":\"https:\/\/www.nexoinformativo.mx\/index.php\/2025\/04\/14\/dos-meses-sin-agua-regular-toliman-pide-ayuda-al-estado-para-abastecer-a-miles-de-habitantes\/#primaryimage\"},\"thumbnailUrl\":\"https:\/\/www.nexoinformativo.mx\/wp-content\/uploads\/2025\/04\/PHOTO-2025-04-14-12-00-09-e1744678129848.jpg\",\"keywords\":[\"CEAQro\",\"CrisisDeAgua\",\"MauricioKuri\",\"Toliman\"],\"articleSection\":[\"Estado\",\"\u00daltima Hora\"],\"inLanguage\":\"es\",\"potentialAction\":[{\"@type\":\"CommentAction\",\"name\":\"Comment\",\"target\":[\"https:\/\/www.nexoinformativo.mx\/index.php\/2025\/04\/14\/dos-meses-sin-agua-regular-toliman-pide-ayuda-al-estado-para-abastecer-a-miles-de-habitantes\/#respond\"]}]},{\"@type\":\"WebPage\",\"@id\":\"https:\/\/www.nexoinformativo.mx\/index.php\/2025\/04\/14\/dos-meses-sin-agua-regular-toliman-pide-ayuda-al-estado-para-abastecer-a-miles-de-habitantes\/\",\"url\":\"https:\/\/www.nexoinformativo.mx\/index.php\/2025\/04\/14\/dos-meses-sin-agua-regular-toliman-pide-ayuda-al-estado-para-abastecer-a-miles-de-habitantes\/\",\"name\":\"Dos meses sin agua regular Tolim\u00e1n pide ayuda al Estado para abastecer a miles de habitantes | Nexo Informativo Santiago de Quer\u00e9taro\",\"isPartOf\":{\"@id\":\"https:\/\/www.nexoinformativo.mx\/#website\"},\"primaryImageOfPage\":{\"@id\":\"https:\/\/www.nexoinformativo.mx\/index.php\/2025\/04\/14\/dos-meses-sin-agua-regular-toliman-pide-ayuda-al-estado-para-abastecer-a-miles-de-habitantes\/#primaryimage\"},\"image\":{\"@id\":\"https:\/\/www.nexoinformativo.mx\/index.php\/2025\/04\/14\/dos-meses-sin-agua-regular-toliman-pide-ayuda-al-estado-para-abastecer-a-miles-de-habitantes\/#primaryimage\"},\"thumbnailUrl\":\"https:\/\/www.nexoinformativo.mx\/wp-content\/uploads\/2025\/04\/PHOTO-2025-04-14-12-00-09-e1744678129848.jpg\",\"datePublished\":\"2025-04-14T22:00:21+00:00\",\"dateModified\":\"2025-04-15T00:50:06+00:00\",\"description\":\"Dos meses sin agua regular Tolim\u00e1n pide ayuda al Estado para abastecer a miles de habitantes\",\"breadcrumb\":{\"@id\":\"https:\/\/www.nexoinformativo.mx\/index.php\/2025\/04\/14\/dos-meses-sin-agua-regular-toliman-pide-ayuda-al-estado-para-abastecer-a-miles-de-habitantes\/#breadcrumb\"},\"inLanguage\":\"es\",\"potentialAction\":[{\"@type\":\"ReadAction\",\"target\":[\"https:\/\/www.nexoinformativo.mx\/index.php\/2025\/04\/14\/dos-meses-sin-agua-regular-toliman-pide-ayuda-al-estado-para-abastecer-a-miles-de-habitantes\/\"]}]},{\"@type\":\"ImageObject\",\"inLanguage\":\"es\",\"@id\":\"https:\/\/www.nexoinformativo.mx\/index.php\/2025\/04\/14\/dos-meses-sin-agua-regular-toliman-pide-ayuda-al-estado-para-abastecer-a-miles-de-habitantes\/#primaryimage\",\"url\":\"https:\/\/www.nexoinformativo.mx\/wp-content\/uploads\/2025\/04\/PHOTO-2025-04-14-12-00-09-e1744678129848.jpg\",\"contentUrl\":\"https:\/\/www.nexoinformativo.mx\/wp-content\/uploads\/2025\/04\/PHOTO-2025-04-14-12-00-09-e1744678129848.jpg\",\"width\":800,\"height\":600},{\"@type\":\"BreadcrumbList\",\"@id\":\"https:\/\/www.nexoinformativo.mx\/index.php\/2025\/04\/14\/dos-meses-sin-agua-regular-toliman-pide-ayuda-al-estado-para-abastecer-a-miles-de-habitantes\/#breadcrumb\",\"itemListElement\":[{\"@type\":\"ListItem\",\"position\":1,\"name\":\"Inicio\",\"item\":\"https:\/\/www.nexoinformativo.mx\/\"},{\"@type\":\"ListItem\",\"position\":2,\"name\":\"Dos meses sin agua regular Tolim\u00e1n pide ayuda al Estado para abastecer a miles de habitantes\"}]},{\"@type\":\"WebSite\",\"@id\":\"https:\/\/www.nexoinformativo.mx\/#website\",\"url\":\"https:\/\/www.nexoinformativo.mx\/\",\"name\":\"Nexo Informativo Santiago de Quer\u00e9taro\",\"description\":\"Explora NexoInformativo y convi\u00e9rtete en parte de una comunidad que valora el conocimiento y la verdad. Tu nexoinformativo es tu puente hacia una comprensi\u00f3n m\u00e1s profunda del mundo que te rodea.\",\"publisher\":{\"@id\":\"https:\/\/www.nexoinformativo.mx\/#organization\"},\"potentialAction\":[{\"@type\":\"SearchAction\",\"target\":{\"@type\":\"EntryPoint\",\"urlTemplate\":\"https:\/\/www.nexoinformativo.mx\/?s={search_term_string}\"},\"query-input\":{\"@type\":\"PropertyValueSpecification\",\"valueRequired\":true,\"valueName\":\"search_term_string\"}}],\"inLanguage\":\"es\"},{\"@type\":\"Organization\",\"@id\":\"https:\/\/www.nexoinformativo.mx\/#organization\",\"name\":\"Nexo Informativo Santiago de Quer\u00e9taro\",\"url\":\"https:\/\/www.nexoinformativo.mx\/\",\"logo\":{\"@type\":\"ImageObject\",\"inLanguage\":\"es\",\"@id\":\"https:\/\/www.nexoinformativo.mx\/#\/schema\/logo\/image\/\",\"url\":\"https:\/\/www.nexoinformativo.mx\/wp-content\/uploads\/2024\/07\/nexoi-trasparente-2.png\",\"contentUrl\":\"https:\/\/www.nexoinformativo.mx\/wp-content\/uploads\/2024\/07\/nexoi-trasparente-2.png\",\"width\":816,\"height\":339,\"caption\":\"Nexo Informativo Santiago de Quer\u00e9taro\"},\"image\":{\"@id\":\"https:\/\/www.nexoinformativo.mx\/#\/schema\/logo\/image\/\"},\"sameAs\":[\"https:\/\/www.facebook.com\/people\/Nexo-Informativo\/61564066885511\/\"]},{\"@type\":\"Person\",\"@id\":\"https:\/\/www.nexoinformativo.mx\/#\/schema\/person\/7749d380ba08c8ca00d7bc76fd907b7d\",\"name\":\"Nexo Informativo\",\"image\":{\"@type\":\"ImageObject\",\"inLanguage\":\"es\",\"@id\":\"https:\/\/www.nexoinformativo.mx\/#\/schema\/person\/image\/\",\"url\":\"https:\/\/secure.gravatar.com\/avatar\/dde2928154642a13d95f87ddf1ea9718fe2b46760a005c53e41ff5ad610704e6?s=96&d=mm&r=g\",\"contentUrl\":\"https:\/\/secure.gravatar.com\/avatar\/dde2928154642a13d95f87ddf1ea9718fe2b46760a005c53e41ff5ad610704e6?s=96&d=mm&r=g\",\"caption\":\"Nexo Informativo\"},\"url\":\"https:\/\/www.nexoinformativo.mx\/index.php\/author\/edicion\/\"}]}<\/script>\n<!-- \/ Yoast SEO plugin. -->","yoast_head_json":{"title":"Dos meses sin agua regular Tolim\u00e1n pide ayuda al Estado para abastecer a miles de habitantes | Nexo Informativo Santiago de Quer\u00e9taro","description":"Dos meses sin agua regular Tolim\u00e1n pide ayuda al Estado para abastecer a miles de habitantes","robots":{"index":"index","follow":"follow","max-snippet":"max-snippet:-1","max-image-preview":"max-image-preview:large","max-video-preview":"max-video-preview:-1"},"canonical":"https:\/\/www.nexoinformativo.mx\/index.php\/2025\/04\/14\/dos-meses-sin-agua-regular-toliman-pide-ayuda-al-estado-para-abastecer-a-miles-de-habitantes\/","og_locale":"es_MX","og_type":"article","og_title":"Dos meses sin agua regular Tolim\u00e1n pide ayuda al Estado para abastecer a miles de habitantes | Nexo Informativo Santiago de Quer\u00e9taro","og_description":"Dos meses sin agua regular Tolim\u00e1n pide ayuda al Estado para abastecer a miles de habitantes","og_url":"https:\/\/www.nexoinformativo.mx\/index.php\/2025\/04\/14\/dos-meses-sin-agua-regular-toliman-pide-ayuda-al-estado-para-abastecer-a-miles-de-habitantes\/","og_site_name":"Nexo Informativo Santiago de Quer\u00e9taro","article_publisher":"https:\/\/www.facebook.com\/people\/Nexo-Informativo\/61564066885511\/","article_published_time":"2025-04-14T22:00:21+00:00","article_modified_time":"2025-04-15T00:50:06+00:00","og_image":[{"width":800,"height":600,"url":"https:\/\/www.nexoinformativo.mx\/wp-content\/uploads\/2025\/04\/PHOTO-2025-04-14-12-00-09-e1744678129848.jpg","type":"image\/jpeg"}],"author":"Nexo Informativo","twitter_card":"summary_large_image","twitter_misc":{"Escrito por":"Nexo Informativo","Tiempo de lectura":"2 minutos"},"schema":{"@context":"https:\/\/schema.org","@graph":[{"@type":"Article","@id":"https:\/\/www.nexoinformativo.mx\/index.php\/2025\/04\/14\/dos-meses-sin-agua-regular-toliman-pide-ayuda-al-estado-para-abastecer-a-miles-de-habitantes\/#article","isPartOf":{"@id":"https:\/\/www.nexoinformativo.mx\/index.php\/2025\/04\/14\/dos-meses-sin-agua-regular-toliman-pide-ayuda-al-estado-para-abastecer-a-miles-de-habitantes\/"},"author":{"name":"Nexo Informativo","@id":"https:\/\/www.nexoinformativo.mx\/#\/schema\/person\/7749d380ba08c8ca00d7bc76fd907b7d"},"headline":"Dos meses sin agua regular Tolim\u00e1n pide ayuda al Estado para abastecer a miles de habitantes","datePublished":"2025-04-14T22:00:21+00:00","dateModified":"2025-04-15T00:50:06+00:00","mainEntityOfPage":{"@id":"https:\/\/www.nexoinformativo.mx\/index.php\/2025\/04\/14\/dos-meses-sin-agua-regular-toliman-pide-ayuda-al-estado-para-abastecer-a-miles-de-habitantes\/"},"wordCount":288,"commentCount":0,"publisher":{"@id":"https:\/\/www.nexoinformativo.mx\/#organization"},"image":{"@id":"https:\/\/www.nexoinformativo.mx\/index.php\/2025\/04\/14\/dos-meses-sin-agua-regular-toliman-pide-ayuda-al-estado-para-abastecer-a-miles-de-habitantes\/#primaryimage"},"thumbnailUrl":"https:\/\/www.nexoinformativo.mx\/wp-content\/uploads\/2025\/04\/PHOTO-2025-04-14-12-00-09-e1744678129848.jpg","keywords":["CEAQro","CrisisDeAgua","MauricioKuri","Toliman"],"articleSection":["Estado","\u00daltima Hora"],"inLanguage":"es","potentialAction":[{"@type":"CommentAction","name":"Comment","target":["https:\/\/www.nexoinformativo.mx\/index.php\/2025\/04\/14\/dos-meses-sin-agua-regular-toliman-pide-ayuda-al-estado-para-abastecer-a-miles-de-habitantes\/#respond"]}]},{"@type":"WebPage","@id":"https:\/\/www.nexoinformativo.mx\/index.php\/2025\/04\/14\/dos-meses-sin-agua-regular-toliman-pide-ayuda-al-estado-para-abastecer-a-miles-de-habitantes\/","url":"https:\/\/www.nexoinformativo.mx\/index.php\/2025\/04\/14\/dos-meses-sin-agua-regular-toliman-pide-ayuda-al-estado-para-abastecer-a-miles-de-habitantes\/","name":"Dos meses sin agua regular Tolim\u00e1n pide ayuda al Estado para abastecer a miles de habitantes | Nexo Informativo Santiago de Quer\u00e9taro","isPartOf":{"@id":"https:\/\/www.nexoinformativo.mx\/#website"},"primaryImageOfPage":{"@id":"https:\/\/www.nexoinformativo.mx\/index.php\/2025\/04\/14\/dos-meses-sin-agua-regular-toliman-pide-ayuda-al-estado-para-abastecer-a-miles-de-habitantes\/#primaryimage"},"image":{"@id":"https:\/\/www.nexoinformativo.mx\/index.php\/2025\/04\/14\/dos-meses-sin-agua-regular-toliman-pide-ayuda-al-estado-para-abastecer-a-miles-de-habitantes\/#primaryimage"},"thumbnailUrl":"https:\/\/www.nexoinformativo.mx\/wp-content\/uploads\/2025\/04\/PHOTO-2025-04-14-12-00-09-e1744678129848.jpg","datePublished":"2025-04-14T22:00:21+00:00","dateModified":"2025-04-15T00:50:06+00:00","description":"Dos meses sin agua regular Tolim\u00e1n pide ayuda al Estado para abastecer a miles de habitantes","breadcrumb":{"@id":"https:\/\/www.nexoinformativo.mx\/index.php\/2025\/04\/14\/dos-meses-sin-agua-regular-toliman-pide-ayuda-al-estado-para-abastecer-a-miles-de-habitantes\/#breadcrumb"},"inLanguage":"es","potentialAction":[{"@type":"ReadAction","target":["https:\/\/www.nexoinformativo.mx\/index.php\/2025\/04\/14\/dos-meses-sin-agua-regular-toliman-pide-ayuda-al-estado-para-abastecer-a-miles-de-habitantes\/"]}]},{"@type":"ImageObject","inLanguage":"es","@id":"https:\/\/www.nexoinformativo.mx\/index.php\/2025\/04\/14\/dos-meses-sin-agua-regular-toliman-pide-ayuda-al-estado-para-abastecer-a-miles-de-habitantes\/#primaryimage","url":"https:\/\/www.nexoinformativo.mx\/wp-content\/uploads\/2025\/04\/PHOTO-2025-04-14-12-00-09-e1744678129848.jpg","contentUrl":"https:\/\/www.nexoinformativo.mx\/wp-content\/uploads\/2025\/04\/PHOTO-2025-04-14-12-00-09-e1744678129848.jpg","width":800,"height":600},{"@type":"BreadcrumbList","@id":"https:\/\/www.nexoinformativo.mx\/index.php\/2025\/04\/14\/dos-meses-sin-agua-regular-toliman-pide-ayuda-al-estado-para-abastecer-a-miles-de-habitantes\/#breadcrumb","itemListElement":[{"@type":"ListItem","position":1,"name":"Inicio","item":"https:\/\/www.nexoinformativo.mx\/"},{"@type":"ListItem","position":2,"name":"Dos meses sin agua regular Tolim\u00e1n pide ayuda al Estado para abastecer a miles de habitantes"}]},{"@type":"WebSite","@id":"https:\/\/www.nexoinformativo.mx\/#website","url":"https:\/\/www.nexoinformativo.mx\/","name":"Nexo Informativo Santiago de Quer\u00e9taro","description":"Explora NexoInformativo y convi\u00e9rtete en parte de una comunidad que valora el conocimiento y la verdad. Tu nexoinformativo es tu puente hacia una comprensi\u00f3n m\u00e1s profunda del mundo que te rodea.","publisher":{"@id":"https:\/\/www.nexoinformativo.mx\/#organization"},"potentialAction":[{"@type":"SearchAction","target":{"@type":"EntryPoint","urlTemplate":"https:\/\/www.nexoinformativo.mx\/?s={search_term_string}"},"query-input":{"@type":"PropertyValueSpecification","valueRequired":true,"valueName":"search_term_string"}}],"inLanguage":"es"},{"@type":"Organization","@id":"https:\/\/www.nexoinformativo.mx\/#organization","name":"Nexo Informativo Santiago de Quer\u00e9taro","url":"https:\/\/www.nexoinformativo.mx\/","logo":{"@type":"ImageObject","inLanguage":"es","@id":"https:\/\/www.nexoinformativo.mx\/#\/schema\/logo\/image\/","url":"https:\/\/www.nexoinformativo.mx\/wp-content\/uploads\/2024\/07\/nexoi-trasparente-2.png","contentUrl":"https:\/\/www.nexoinformativo.mx\/wp-content\/uploads\/2024\/07\/nexoi-trasparente-2.png","width":816,"height":339,"caption":"Nexo Informativo Santiago de Quer\u00e9taro"},"image":{"@id":"https:\/\/www.nexoinformativo.mx\/#\/schema\/logo\/image\/"},"sameAs":["https:\/\/www.facebook.com\/people\/Nexo-Informativo\/61564066885511\/"]},{"@type":"Person","@id":"https:\/\/www.nexoinformativo.mx\/#\/schema\/person\/7749d380ba08c8ca00d7bc76fd907b7d","name":"Nexo Informativo","image":{"@type":"ImageObject","inLanguage":"es","@id":"https:\/\/www.nexoinformativo.mx\/#\/schema\/person\/image\/","url":"https:\/\/secure.gravatar.com\/avatar\/dde2928154642a13d95f87ddf1ea9718fe2b46760a005c53e41ff5ad610704e6?s=96&d=mm&r=g","contentUrl":"https:\/\/secure.gravatar.com\/avatar\/dde2928154642a13d95f87ddf1ea9718fe2b46760a005c53e41ff5ad610704e6?s=96&d=mm&r=g","caption":"Nexo Informativo"},"url":"https:\/\/www.nexoinformativo.mx\/index.php\/author\/edicion\/"}]}},"_links":{"self":[{"href":"https:\/\/www.nexoinformativo.mx\/index.php\/wp-json\/wp\/v2\/posts\/14137","targetHints":{"allow":["GET"]}}],"collection":[{"href":"https:\/\/www.nexoinformativo.mx\/index.php\/wp-json\/wp\/v2\/posts"}],"about":[{"href":"https:\/\/www.nexoinformativo.mx\/index.php\/wp-json\/wp\/v2\/types\/post"}],"author":[{"embeddable":true,"href":"https:\/\/www.nexoinformativo.mx\/index.php\/wp-json\/wp\/v2\/users\/3"}],"replies":[{"embeddable":true,"href":"https:\/\/www.nexoinformativo.mx\/index.php\/wp-json\/wp\/v2\/comments?post=14137"}],"version-history":[{"count":4,"href":"https:\/\/www.nexoinformativo.mx\/index.php\/wp-json\/wp\/v2\/posts\/14137\/revisions"}],"predecessor-version":[{"id":14142,"href":"https:\/\/www.nexoinformativo.mx\/index.php\/wp-json\/wp\/v2\/posts\/14137\/revisions\/14142"}],"wp:featuredmedia":[{"embeddable":true,"href":"https:\/\/www.nexoinformativo.mx\/index.php\/wp-json\/wp\/v2\/media\/14138"}],"wp:attachment":[{"href":"https:\/\/www.nexoinformativo.mx\/index.php\/wp-json\/wp\/v2\/media?parent=14137"}],"wp:term":[{"taxonomy":"category","embeddable":true,"href":"https:\/\/www.nexoinformativo.mx\/index.php\/wp-json\/wp\/v2\/categories?post=14137"},{"taxonomy":"post_tag","embeddable":true,"href":"https:\/\/www.nexoinformativo.mx\/index.php\/wp-json\/wp\/v2\/tags?post=14137"}],"curies":[{"name":"wp","href":"https:\/\/api.w.org\/{rel}","templated":true}]}}