{"id":14143,"date":"2025-04-15T06:00:34","date_gmt":"2025-04-15T12:00:34","guid":{"rendered":"https:\/\/www.nexoinformativo.mx\/?p=14143"},"modified":"2025-04-15T10:24:37","modified_gmt":"2025-04-15T16:24:37","slug":"gobierno-federal-inicia-construccion-de-186-mil-viviendas-para-el-bienestar","status":"publish","type":"post","link":"https:\/\/www.nexoinformativo.mx\/index.php\/2025\/04\/15\/gobierno-federal-inicia-construccion-de-186-mil-viviendas-para-el-bienestar\/","title":{"rendered":"Gobierno Federal inicia construcci\u00f3n de 186 mil viviendas para el Bienestar"},"content":{"rendered":"<p style=\"text-align: justify;\" data-sourcepos=\"11:1-11:478\">El Gobierno de M\u00e9xico dio el banderazo de inicio a la construcci\u00f3n de las primeras 186 mil viviendas del ambicioso programa Vivienda para el Bienestar, marcando el comienzo de una meta sexenal que busca edificar un mill\u00f3n 100 mil hogares en beneficio de los mexicanos.<\/p>\n<p>&nbsp;<\/p>\n<p style=\"text-align: justify;\" data-sourcepos=\"11:1-11:478\">Este plan se suma a 1.55 millones de apoyos y cr\u00e9ditos para mejoramiento de vivienda y la entrega de un mill\u00f3n de escrituras, impactando positivamente a 13.1 millones de personas.<\/p>\n<p>&nbsp;<\/p>\n<p style=\"text-align: justify;\" data-sourcepos=\"13:1-13:550\">La Presidenta Claudia Sheinbaum destac\u00f3 que esta iniciativa no solo garantiza un derecho constitucional fundamental, sino que tambi\u00e9n impulsa significativamente al sector de la construcci\u00f3n, previendo la generaci\u00f3n de 9.6 millones de empleos directos y 14.4 millones de indirectos a lo largo del sexenio, como parte integral del Plan M\u00e9xico.<\/p>\n<p>&nbsp;<\/p>\n<p style=\"text-align: justify;\" data-sourcepos=\"13:1-13:550\">&#8220;Son un mill\u00f3n 100 mil viviendas para los que menos tienen. Eso es una visi\u00f3n completamente distinta, como acceso a un derecho que hoy est\u00e1 en la Constituci\u00f3n&#8221;, enfatiz\u00f3 durante la conferencia matutina.<\/p>\n<p>&nbsp;<\/p>\n<p style=\"text-align: justify;\" data-sourcepos=\"15:1-15:731\">La secretaria de Desarrollo Agrario, Territorial y Urbano (SEDATU), Edna Elena Vega, detall\u00f3 que para este a\u00f1o se invertir\u00e1n 128.4 mil millones de pesos en la construcci\u00f3n de 186 mil viviendas (100 mil a trav\u00e9s del Infonavit y 86 mil por Conavi), adem\u00e1s de otorgar 300 mil apoyos para mejoramientos y 120 mil escrituras.<\/p>\n<p>&nbsp;<\/p>\n<p style=\"text-align: justify;\" data-sourcepos=\"15:1-15:731\">Se estima que estas acciones generar\u00e1n una derrama econ\u00f3mica de 196 mil millones de pesos a nivel nacional y crear\u00e1n m\u00e1s de 1.7 millones de empleos directos y 2.6 millones de indirectos en 2025.<\/p>\n<p>&nbsp;<\/p>\n<p style=\"text-align: justify;\" data-sourcepos=\"15:1-15:731\">La meta sexenal de Vivienda para el Bienestar contempla una inversi\u00f3n total de 752 mil millones de pesos, con una derrama econ\u00f3mica de 1.1 billones de pesos y una contribuci\u00f3n del 0.5 por ciento al PIB anual.<\/p>\n<p>&nbsp;<\/p>\n<p style=\"text-align: justify;\" data-sourcepos=\"17:1-17:703\">El director general del INSUS, Jos\u00e9 Alfonso Iracheta Carroll, destac\u00f3 la entrega de escrituras y el impacto econ\u00f3mico positivo que esto genera. Finalmente, la directora general de Finabien, Roc\u00edo Mej\u00eda Flores, anunci\u00f3 cr\u00e9ditos con cero tasa de inter\u00e9s para acceder a las nuevas viviendas construidas.<\/p>\n<p>&nbsp;<\/p>\n<p style=\"text-align: center;\" data-sourcepos=\"17:1-17:703\"><em><strong>\u00a1Informaci\u00f3n que transforma!<\/strong><\/em><\/p>\n","protected":false},"excerpt":{"rendered":"<p>El Gobierno de M\u00e9xico dio el banderazo de inicio a la construcci\u00f3n de las primeras 186 mil viviendas del ambicioso programa Vivienda para el Bienestar, marcando el comienzo de una meta sexenal que busca edificar un mill\u00f3n 100 mil hogares en beneficio de los mexicanos.<\/p>\n","protected":false},"author":3,"featured_media":14144,"comment_status":"open","ping_status":"open","sticky":false,"template":"","format":"standard","meta":{"footnotes":""},"categories":[88,58],"tags":[4140,1151,3100,2045],"class_list":["post-14143","post","type-post","status-publish","format-standard","has-post-thumbnail","hentry","category-nacional","category-ultima-hora","tag-construccionmexico","tag-derechoalavivienda","tag-planmexico","tag-viviendaparaelbienestar"],"yoast_head":"<!-- This site is optimized with the Yoast SEO plugin v25.0 - https:\/\/yoast.com\/wordpress\/plugins\/seo\/ -->\n<title>Gobierno Federal inicia construcci\u00f3n de 186 mil viviendas para el Bienestar | Nexo Informativo Santiago de Quer\u00e9taro<\/title>\n<meta name=\"description\" content=\"Gobierno Federalo inicia construcci\u00f3n de 186 mil viviendas para el Bienestar\" \/>\n<meta name=\"robots\" content=\"index, follow, max-snippet:-1, max-image-preview:large, max-video-preview:-1\" \/>\n<link rel=\"canonical\" href=\"https:\/\/www.nexoinformativo.mx\/index.php\/2025\/04\/15\/gobierno-federal-inicia-construccion-de-186-mil-viviendas-para-el-bienestar\/\" \/>\n<meta property=\"og:locale\" content=\"es_MX\" \/>\n<meta property=\"og:type\" content=\"article\" \/>\n<meta property=\"og:title\" content=\"Gobierno Federal inicia construcci\u00f3n de 186 mil viviendas para el Bienestar | Nexo Informativo Santiago de Quer\u00e9taro\" \/>\n<meta property=\"og:description\" content=\"Gobierno Federalo inicia construcci\u00f3n de 186 mil viviendas para el Bienestar\" \/>\n<meta property=\"og:url\" content=\"https:\/\/www.nexoinformativo.mx\/index.php\/2025\/04\/15\/gobierno-federal-inicia-construccion-de-186-mil-viviendas-para-el-bienestar\/\" \/>\n<meta property=\"og:site_name\" content=\"Nexo Informativo Santiago de Quer\u00e9taro\" \/>\n<meta property=\"article:publisher\" content=\"https:\/\/www.facebook.com\/people\/Nexo-Informativo\/61564066885511\/\" \/>\n<meta property=\"article:published_time\" content=\"2025-04-15T12:00:34+00:00\" \/>\n<meta property=\"article:modified_time\" content=\"2025-04-15T16:24:37+00:00\" \/>\n<meta property=\"og:image\" content=\"https:\/\/www.nexoinformativo.mx\/wp-content\/uploads\/2025\/04\/IMG_2262.jpg\" \/>\n\t<meta property=\"og:image:width\" content=\"650\" \/>\n\t<meta property=\"og:image:height\" content=\"380\" \/>\n\t<meta property=\"og:image:type\" content=\"image\/jpeg\" \/>\n<meta name=\"author\" content=\"Nexo Informativo\" \/>\n<meta name=\"twitter:card\" content=\"summary_large_image\" \/>\n<meta name=\"twitter:label1\" content=\"Escrito por\" \/>\n\t<meta name=\"twitter:data1\" content=\"Nexo Informativo\" \/>\n\t<meta name=\"twitter:label2\" content=\"Tiempo de lectura\" \/>\n\t<meta name=\"twitter:data2\" content=\"2 minutos\" \/>\n<script type=\"application\/ld+json\" class=\"yoast-schema-graph\">{\"@context\":\"https:\/\/schema.org\",\"@graph\":[{\"@type\":\"Article\",\"@id\":\"https:\/\/www.nexoinformativo.mx\/index.php\/2025\/04\/15\/gobierno-federal-inicia-construccion-de-186-mil-viviendas-para-el-bienestar\/#article\",\"isPartOf\":{\"@id\":\"https:\/\/www.nexoinformativo.mx\/index.php\/2025\/04\/15\/gobierno-federal-inicia-construccion-de-186-mil-viviendas-para-el-bienestar\/\"},\"author\":{\"name\":\"Nexo Informativo\",\"@id\":\"https:\/\/www.nexoinformativo.mx\/#\/schema\/person\/7749d380ba08c8ca00d7bc76fd907b7d\"},\"headline\":\"Gobierno Federal inicia construcci\u00f3n de 186 mil viviendas para el Bienestar\",\"datePublished\":\"2025-04-15T12:00:34+00:00\",\"dateModified\":\"2025-04-15T16:24:37+00:00\",\"mainEntityOfPage\":{\"@id\":\"https:\/\/www.nexoinformativo.mx\/index.php\/2025\/04\/15\/gobierno-federal-inicia-construccion-de-186-mil-viviendas-para-el-bienestar\/\"},\"wordCount\":360,\"commentCount\":0,\"publisher\":{\"@id\":\"https:\/\/www.nexoinformativo.mx\/#organization\"},\"image\":{\"@id\":\"https:\/\/www.nexoinformativo.mx\/index.php\/2025\/04\/15\/gobierno-federal-inicia-construccion-de-186-mil-viviendas-para-el-bienestar\/#primaryimage\"},\"thumbnailUrl\":\"https:\/\/www.nexoinformativo.mx\/wp-content\/uploads\/2025\/04\/IMG_2262.jpg\",\"keywords\":[\"Construcci\u00f3nM\u00e9xico\",\"DerechoALaVivienda\",\"PlanM\u00e9xico\",\"ViviendaParaElBienestar\"],\"articleSection\":[\"Nacional\",\"\u00daltima Hora\"],\"inLanguage\":\"es\",\"potentialAction\":[{\"@type\":\"CommentAction\",\"name\":\"Comment\",\"target\":[\"https:\/\/www.nexoinformativo.mx\/index.php\/2025\/04\/15\/gobierno-federal-inicia-construccion-de-186-mil-viviendas-para-el-bienestar\/#respond\"]}]},{\"@type\":\"WebPage\",\"@id\":\"https:\/\/www.nexoinformativo.mx\/index.php\/2025\/04\/15\/gobierno-federal-inicia-construccion-de-186-mil-viviendas-para-el-bienestar\/\",\"url\":\"https:\/\/www.nexoinformativo.mx\/index.php\/2025\/04\/15\/gobierno-federal-inicia-construccion-de-186-mil-viviendas-para-el-bienestar\/\",\"name\":\"Gobierno Federal inicia construcci\u00f3n de 186 mil viviendas para el Bienestar | Nexo Informativo Santiago de Quer\u00e9taro\",\"isPartOf\":{\"@id\":\"https:\/\/www.nexoinformativo.mx\/#website\"},\"primaryImageOfPage\":{\"@id\":\"https:\/\/www.nexoinformativo.mx\/index.php\/2025\/04\/15\/gobierno-federal-inicia-construccion-de-186-mil-viviendas-para-el-bienestar\/#primaryimage\"},\"image\":{\"@id\":\"https:\/\/www.nexoinformativo.mx\/index.php\/2025\/04\/15\/gobierno-federal-inicia-construccion-de-186-mil-viviendas-para-el-bienestar\/#primaryimage\"},\"thumbnailUrl\":\"https:\/\/www.nexoinformativo.mx\/wp-content\/uploads\/2025\/04\/IMG_2262.jpg\",\"datePublished\":\"2025-04-15T12:00:34+00:00\",\"dateModified\":\"2025-04-15T16:24:37+00:00\",\"description\":\"Gobierno Federalo inicia construcci\u00f3n de 186 mil viviendas para el Bienestar\",\"breadcrumb\":{\"@id\":\"https:\/\/www.nexoinformativo.mx\/index.php\/2025\/04\/15\/gobierno-federal-inicia-construccion-de-186-mil-viviendas-para-el-bienestar\/#breadcrumb\"},\"inLanguage\":\"es\",\"potentialAction\":[{\"@type\":\"ReadAction\",\"target\":[\"https:\/\/www.nexoinformativo.mx\/index.php\/2025\/04\/15\/gobierno-federal-inicia-construccion-de-186-mil-viviendas-para-el-bienestar\/\"]}]},{\"@type\":\"ImageObject\",\"inLanguage\":\"es\",\"@id\":\"https:\/\/www.nexoinformativo.mx\/index.php\/2025\/04\/15\/gobierno-federal-inicia-construccion-de-186-mil-viviendas-para-el-bienestar\/#primaryimage\",\"url\":\"https:\/\/www.nexoinformativo.mx\/wp-content\/uploads\/2025\/04\/IMG_2262.jpg\",\"contentUrl\":\"https:\/\/www.nexoinformativo.mx\/wp-content\/uploads\/2025\/04\/IMG_2262.jpg\",\"width\":650,\"height\":380},{\"@type\":\"BreadcrumbList\",\"@id\":\"https:\/\/www.nexoinformativo.mx\/index.php\/2025\/04\/15\/gobierno-federal-inicia-construccion-de-186-mil-viviendas-para-el-bienestar\/#breadcrumb\",\"itemListElement\":[{\"@type\":\"ListItem\",\"position\":1,\"name\":\"Inicio\",\"item\":\"https:\/\/www.nexoinformativo.mx\/\"},{\"@type\":\"ListItem\",\"position\":2,\"name\":\"Gobierno Federal inicia construcci\u00f3n de 186 mil viviendas para el Bienestar\"}]},{\"@type\":\"WebSite\",\"@id\":\"https:\/\/www.nexoinformativo.mx\/#website\",\"url\":\"https:\/\/www.nexoinformativo.mx\/\",\"name\":\"Nexo Informativo Santiago de Quer\u00e9taro\",\"description\":\"Explora NexoInformativo y convi\u00e9rtete en parte de una comunidad que valora el conocimiento y la verdad. Tu nexoinformativo es tu puente hacia una comprensi\u00f3n m\u00e1s profunda del mundo que te rodea.\",\"publisher\":{\"@id\":\"https:\/\/www.nexoinformativo.mx\/#organization\"},\"potentialAction\":[{\"@type\":\"SearchAction\",\"target\":{\"@type\":\"EntryPoint\",\"urlTemplate\":\"https:\/\/www.nexoinformativo.mx\/?s={search_term_string}\"},\"query-input\":{\"@type\":\"PropertyValueSpecification\",\"valueRequired\":true,\"valueName\":\"search_term_string\"}}],\"inLanguage\":\"es\"},{\"@type\":\"Organization\",\"@id\":\"https:\/\/www.nexoinformativo.mx\/#organization\",\"name\":\"Nexo Informativo Santiago de Quer\u00e9taro\",\"url\":\"https:\/\/www.nexoinformativo.mx\/\",\"logo\":{\"@type\":\"ImageObject\",\"inLanguage\":\"es\",\"@id\":\"https:\/\/www.nexoinformativo.mx\/#\/schema\/logo\/image\/\",\"url\":\"https:\/\/www.nexoinformativo.mx\/wp-content\/uploads\/2024\/07\/nexoi-trasparente-2.png\",\"contentUrl\":\"https:\/\/www.nexoinformativo.mx\/wp-content\/uploads\/2024\/07\/nexoi-trasparente-2.png\",\"width\":816,\"height\":339,\"caption\":\"Nexo Informativo Santiago de Quer\u00e9taro\"},\"image\":{\"@id\":\"https:\/\/www.nexoinformativo.mx\/#\/schema\/logo\/image\/\"},\"sameAs\":[\"https:\/\/www.facebook.com\/people\/Nexo-Informativo\/61564066885511\/\"]},{\"@type\":\"Person\",\"@id\":\"https:\/\/www.nexoinformativo.mx\/#\/schema\/person\/7749d380ba08c8ca00d7bc76fd907b7d\",\"name\":\"Nexo Informativo\",\"image\":{\"@type\":\"ImageObject\",\"inLanguage\":\"es\",\"@id\":\"https:\/\/www.nexoinformativo.mx\/#\/schema\/person\/image\/\",\"url\":\"https:\/\/secure.gravatar.com\/avatar\/dde2928154642a13d95f87ddf1ea9718fe2b46760a005c53e41ff5ad610704e6?s=96&d=mm&r=g\",\"contentUrl\":\"https:\/\/secure.gravatar.com\/avatar\/dde2928154642a13d95f87ddf1ea9718fe2b46760a005c53e41ff5ad610704e6?s=96&d=mm&r=g\",\"caption\":\"Nexo Informativo\"},\"url\":\"https:\/\/www.nexoinformativo.mx\/index.php\/author\/edicion\/\"}]}<\/script>\n<!-- \/ Yoast SEO plugin. -->","yoast_head_json":{"title":"Gobierno Federal inicia construcci\u00f3n de 186 mil viviendas para el Bienestar | Nexo Informativo Santiago de Quer\u00e9taro","description":"Gobierno Federalo inicia construcci\u00f3n de 186 mil viviendas para el Bienestar","robots":{"index":"index","follow":"follow","max-snippet":"max-snippet:-1","max-image-preview":"max-image-preview:large","max-video-preview":"max-video-preview:-1"},"canonical":"https:\/\/www.nexoinformativo.mx\/index.php\/2025\/04\/15\/gobierno-federal-inicia-construccion-de-186-mil-viviendas-para-el-bienestar\/","og_locale":"es_MX","og_type":"article","og_title":"Gobierno Federal inicia construcci\u00f3n de 186 mil viviendas para el Bienestar | Nexo Informativo Santiago de Quer\u00e9taro","og_description":"Gobierno Federalo inicia construcci\u00f3n de 186 mil viviendas para el Bienestar","og_url":"https:\/\/www.nexoinformativo.mx\/index.php\/2025\/04\/15\/gobierno-federal-inicia-construccion-de-186-mil-viviendas-para-el-bienestar\/","og_site_name":"Nexo Informativo Santiago de Quer\u00e9taro","article_publisher":"https:\/\/www.facebook.com\/people\/Nexo-Informativo\/61564066885511\/","article_published_time":"2025-04-15T12:00:34+00:00","article_modified_time":"2025-04-15T16:24:37+00:00","og_image":[{"width":650,"height":380,"url":"https:\/\/www.nexoinformativo.mx\/wp-content\/uploads\/2025\/04\/IMG_2262.jpg","type":"image\/jpeg"}],"author":"Nexo Informativo","twitter_card":"summary_large_image","twitter_misc":{"Escrito por":"Nexo Informativo","Tiempo de lectura":"2 minutos"},"schema":{"@context":"https:\/\/schema.org","@graph":[{"@type":"Article","@id":"https:\/\/www.nexoinformativo.mx\/index.php\/2025\/04\/15\/gobierno-federal-inicia-construccion-de-186-mil-viviendas-para-el-bienestar\/#article","isPartOf":{"@id":"https:\/\/www.nexoinformativo.mx\/index.php\/2025\/04\/15\/gobierno-federal-inicia-construccion-de-186-mil-viviendas-para-el-bienestar\/"},"author":{"name":"Nexo Informativo","@id":"https:\/\/www.nexoinformativo.mx\/#\/schema\/person\/7749d380ba08c8ca00d7bc76fd907b7d"},"headline":"Gobierno Federal inicia construcci\u00f3n de 186 mil viviendas para el Bienestar","datePublished":"2025-04-15T12:00:34+00:00","dateModified":"2025-04-15T16:24:37+00:00","mainEntityOfPage":{"@id":"https:\/\/www.nexoinformativo.mx\/index.php\/2025\/04\/15\/gobierno-federal-inicia-construccion-de-186-mil-viviendas-para-el-bienestar\/"},"wordCount":360,"commentCount":0,"publisher":{"@id":"https:\/\/www.nexoinformativo.mx\/#organization"},"image":{"@id":"https:\/\/www.nexoinformativo.mx\/index.php\/2025\/04\/15\/gobierno-federal-inicia-construccion-de-186-mil-viviendas-para-el-bienestar\/#primaryimage"},"thumbnailUrl":"https:\/\/www.nexoinformativo.mx\/wp-content\/uploads\/2025\/04\/IMG_2262.jpg","keywords":["Construcci\u00f3nM\u00e9xico","DerechoALaVivienda","PlanM\u00e9xico","ViviendaParaElBienestar"],"articleSection":["Nacional","\u00daltima Hora"],"inLanguage":"es","potentialAction":[{"@type":"CommentAction","name":"Comment","target":["https:\/\/www.nexoinformativo.mx\/index.php\/2025\/04\/15\/gobierno-federal-inicia-construccion-de-186-mil-viviendas-para-el-bienestar\/#respond"]}]},{"@type":"WebPage","@id":"https:\/\/www.nexoinformativo.mx\/index.php\/2025\/04\/15\/gobierno-federal-inicia-construccion-de-186-mil-viviendas-para-el-bienestar\/","url":"https:\/\/www.nexoinformativo.mx\/index.php\/2025\/04\/15\/gobierno-federal-inicia-construccion-de-186-mil-viviendas-para-el-bienestar\/","name":"Gobierno Federal inicia construcci\u00f3n de 186 mil viviendas para el Bienestar | Nexo Informativo Santiago de Quer\u00e9taro","isPartOf":{"@id":"https:\/\/www.nexoinformativo.mx\/#website"},"primaryImageOfPage":{"@id":"https:\/\/www.nexoinformativo.mx\/index.php\/2025\/04\/15\/gobierno-federal-inicia-construccion-de-186-mil-viviendas-para-el-bienestar\/#primaryimage"},"image":{"@id":"https:\/\/www.nexoinformativo.mx\/index.php\/2025\/04\/15\/gobierno-federal-inicia-construccion-de-186-mil-viviendas-para-el-bienestar\/#primaryimage"},"thumbnailUrl":"https:\/\/www.nexoinformativo.mx\/wp-content\/uploads\/2025\/04\/IMG_2262.jpg","datePublished":"2025-04-15T12:00:34+00:00","dateModified":"2025-04-15T16:24:37+00:00","description":"Gobierno Federalo inicia construcci\u00f3n de 186 mil viviendas para el Bienestar","breadcrumb":{"@id":"https:\/\/www.nexoinformativo.mx\/index.php\/2025\/04\/15\/gobierno-federal-inicia-construccion-de-186-mil-viviendas-para-el-bienestar\/#breadcrumb"},"inLanguage":"es","potentialAction":[{"@type":"ReadAction","target":["https:\/\/www.nexoinformativo.mx\/index.php\/2025\/04\/15\/gobierno-federal-inicia-construccion-de-186-mil-viviendas-para-el-bienestar\/"]}]},{"@type":"ImageObject","inLanguage":"es","@id":"https:\/\/www.nexoinformativo.mx\/index.php\/2025\/04\/15\/gobierno-federal-inicia-construccion-de-186-mil-viviendas-para-el-bienestar\/#primaryimage","url":"https:\/\/www.nexoinformativo.mx\/wp-content\/uploads\/2025\/04\/IMG_2262.jpg","contentUrl":"https:\/\/www.nexoinformativo.mx\/wp-content\/uploads\/2025\/04\/IMG_2262.jpg","width":650,"height":380},{"@type":"BreadcrumbList","@id":"https:\/\/www.nexoinformativo.mx\/index.php\/2025\/04\/15\/gobierno-federal-inicia-construccion-de-186-mil-viviendas-para-el-bienestar\/#breadcrumb","itemListElement":[{"@type":"ListItem","position":1,"name":"Inicio","item":"https:\/\/www.nexoinformativo.mx\/"},{"@type":"ListItem","position":2,"name":"Gobierno Federal inicia construcci\u00f3n de 186 mil viviendas para el Bienestar"}]},{"@type":"WebSite","@id":"https:\/\/www.nexoinformativo.mx\/#website","url":"https:\/\/www.nexoinformativo.mx\/","name":"Nexo Informativo Santiago de Quer\u00e9taro","description":"Explora NexoInformativo y convi\u00e9rtete en parte de una comunidad que valora el conocimiento y la verdad. Tu nexoinformativo es tu puente hacia una comprensi\u00f3n m\u00e1s profunda del mundo que te rodea.","publisher":{"@id":"https:\/\/www.nexoinformativo.mx\/#organization"},"potentialAction":[{"@type":"SearchAction","target":{"@type":"EntryPoint","urlTemplate":"https:\/\/www.nexoinformativo.mx\/?s={search_term_string}"},"query-input":{"@type":"PropertyValueSpecification","valueRequired":true,"valueName":"search_term_string"}}],"inLanguage":"es"},{"@type":"Organization","@id":"https:\/\/www.nexoinformativo.mx\/#organization","name":"Nexo Informativo Santiago de Quer\u00e9taro","url":"https:\/\/www.nexoinformativo.mx\/","logo":{"@type":"ImageObject","inLanguage":"es","@id":"https:\/\/www.nexoinformativo.mx\/#\/schema\/logo\/image\/","url":"https:\/\/www.nexoinformativo.mx\/wp-content\/uploads\/2024\/07\/nexoi-trasparente-2.png","contentUrl":"https:\/\/www.nexoinformativo.mx\/wp-content\/uploads\/2024\/07\/nexoi-trasparente-2.png","width":816,"height":339,"caption":"Nexo Informativo Santiago de Quer\u00e9taro"},"image":{"@id":"https:\/\/www.nexoinformativo.mx\/#\/schema\/logo\/image\/"},"sameAs":["https:\/\/www.facebook.com\/people\/Nexo-Informativo\/61564066885511\/"]},{"@type":"Person","@id":"https:\/\/www.nexoinformativo.mx\/#\/schema\/person\/7749d380ba08c8ca00d7bc76fd907b7d","name":"Nexo Informativo","image":{"@type":"ImageObject","inLanguage":"es","@id":"https:\/\/www.nexoinformativo.mx\/#\/schema\/person\/image\/","url":"https:\/\/secure.gravatar.com\/avatar\/dde2928154642a13d95f87ddf1ea9718fe2b46760a005c53e41ff5ad610704e6?s=96&d=mm&r=g","contentUrl":"https:\/\/secure.gravatar.com\/avatar\/dde2928154642a13d95f87ddf1ea9718fe2b46760a005c53e41ff5ad610704e6?s=96&d=mm&r=g","caption":"Nexo Informativo"},"url":"https:\/\/www.nexoinformativo.mx\/index.php\/author\/edicion\/"}]}},"_links":{"self":[{"href":"https:\/\/www.nexoinformativo.mx\/index.php\/wp-json\/wp\/v2\/posts\/14143","targetHints":{"allow":["GET"]}}],"collection":[{"href":"https:\/\/www.nexoinformativo.mx\/index.php\/wp-json\/wp\/v2\/posts"}],"about":[{"href":"https:\/\/www.nexoinformativo.mx\/index.php\/wp-json\/wp\/v2\/types\/post"}],"author":[{"embeddable":true,"href":"https:\/\/www.nexoinformativo.mx\/index.php\/wp-json\/wp\/v2\/users\/3"}],"replies":[{"embeddable":true,"href":"https:\/\/www.nexoinformativo.mx\/index.php\/wp-json\/wp\/v2\/comments?post=14143"}],"version-history":[{"count":4,"href":"https:\/\/www.nexoinformativo.mx\/index.php\/wp-json\/wp\/v2\/posts\/14143\/revisions"}],"predecessor-version":[{"id":14147,"href":"https:\/\/www.nexoinformativo.mx\/index.php\/wp-json\/wp\/v2\/posts\/14143\/revisions\/14147"}],"wp:featuredmedia":[{"embeddable":true,"href":"https:\/\/www.nexoinformativo.mx\/index.php\/wp-json\/wp\/v2\/media\/14144"}],"wp:attachment":[{"href":"https:\/\/www.nexoinformativo.mx\/index.php\/wp-json\/wp\/v2\/media?parent=14143"}],"wp:term":[{"taxonomy":"category","embeddable":true,"href":"https:\/\/www.nexoinformativo.mx\/index.php\/wp-json\/wp\/v2\/categories?post=14143"},{"taxonomy":"post_tag","embeddable":true,"href":"https:\/\/www.nexoinformativo.mx\/index.php\/wp-json\/wp\/v2\/tags?post=14143"}],"curies":[{"name":"wp","href":"https:\/\/api.w.org\/{rel}","templated":true}]}}