{"id":1416,"date":"2024-09-02T10:00:49","date_gmt":"2024-09-02T16:00:49","guid":{"rendered":"https:\/\/www.nexoinformativo.mx\/?p=1416"},"modified":"2024-09-02T13:43:18","modified_gmt":"2024-09-02T19:43:18","slug":"no-habra-ley-seca-para-el-15-de-septiembre-en-queretaro-confirman-autoridades","status":"publish","type":"post","link":"https:\/\/www.nexoinformativo.mx\/index.php\/2024\/09\/02\/no-habra-ley-seca-para-el-15-de-septiembre-en-queretaro-confirman-autoridades\/","title":{"rendered":"No habr\u00e1 Ley Seca para el 15 de Septiembre en Quer\u00e9taro, confirman autoridades"},"content":{"rendered":"<p style=\"text-align: justify;\">El secretario de gobierno de Quer\u00e9taro, Carlos Alcaraz, confirm\u00f3 que no se implementar\u00e1 la ley seca durante las festividades del Grito de Independencia el pr\u00f3ximo 15 de septiembre. Sin embargo, se establecer\u00e1n restricciones en ciertos puntos del Centro Hist\u00f3rico de la ciudad para garantizar que la celebraci\u00f3n se realice en un ambiente seguro y familiar.<\/p>\n<p>&nbsp;<\/p>\n<p><strong>Restricciones en el primer cuadro de la ciudad<\/strong><\/p>\n<p style=\"text-align: justify;\">Aunque no habr\u00e1 ley seca en todo el estado, Alcaraz se\u00f1al\u00f3 que en el primer cuadro de la ciudad habr\u00e1 zonas espec\u00edficas donde se prohibir\u00e1 la venta de bebidas alcoh\u00f3licas. El objetivo de esta medida es mantener un ambiente seguro y ordenado, adecuado para la convivencia familiar y evitar posibles incidentes.<\/p>\n<p>&nbsp;<\/p>\n<p style=\"text-align: justify;\"><strong>\u201cNo se va a contemplar la ley seca, sin embargo, en el primer cuadro tendremos algunas reservas para que sean espacios de familias, espacios de convivencia y no se nos salgan de control\u201d<\/strong>, mencion\u00f3 el secretario de gobierno.<\/p>\n<p>&nbsp;<\/p>\n<p><strong>Vigilancia del cumplimiento de horarios de venta<\/strong><\/p>\n<p style=\"text-align: justify;\">Adem\u00e1s de las restricciones en ciertos puntos del Centro Hist\u00f3rico, Alcaraz indic\u00f3 que se vigilar\u00e1 estrictamente el cumplimiento de los horarios permitidos para la venta de alcohol en todo el estado. &#8220;Nosotros estaremos atentos en cuanto se respeten los horarios, se respeten las condiciones para que se pueda llevar en orden&#8221;, agreg\u00f3.<\/p>\n<p>&nbsp;<\/p>\n<p><strong>Presencia policiaca en los 18 Municipios<\/strong><\/p>\n<p style=\"text-align: justify;\">Para reforzar la seguridad durante las celebraciones patrias, se contar\u00e1 con presencia policiaca en los 18 municipios del estado de Quer\u00e9taro. El prop\u00f3sito es evitar cualquier tipo de incidente que pueda poner en riesgo la seguridad de los asistentes.<\/p>\n<p style=\"text-align: justify;\">Con estas medidas, el gobierno del estado busca garantizar que las festividades del 15 de septiembre se celebren de manera segura, promoviendo un ambiente de convivencia familiar y tranquilidad en Quer\u00e9taro.<\/p>\n","protected":false},"excerpt":{"rendered":"<p>El secretario de gobierno de Quer\u00e9taro, Carlos Alcaraz, confirm\u00f3 que no se implementar\u00e1 la ley seca durante las festividades del Grito de Independencia el pr\u00f3ximo 15 de septiembre. Sin embargo, se establecer\u00e1n restricciones en ciertos puntos del Centro Hist\u00f3rico de la ciudad para garantizar que la celebraci\u00f3n se realice en un ambiente seguro y familiar. [&hellip;]<\/p>\n","protected":false},"author":3,"featured_media":1420,"comment_status":"open","ping_status":"open","sticky":false,"template":"","format":"standard","meta":{"footnotes":""},"categories":[42,65,58],"tags":[419,309,420,242,266],"class_list":["post-1416","post","type-post","status-publish","format-standard","has-post-thumbnail","hentry","category-estado","category-municipios","category-ultima-hora","tag-celebracionsinleyseca","tag-fiestaspatrias2024","tag-gritodeindependenciaqro","tag-queretaroseguro","tag-seguridadqueretaro"],"yoast_head":"<!-- This site is optimized with the Yoast SEO plugin v25.0 - https:\/\/yoast.com\/wordpress\/plugins\/seo\/ -->\n<title>No habr\u00e1 Ley Seca para el 15 de Septiembre en Quer\u00e9taro, confirman autoridades | Nexo Informativo Santiago de Quer\u00e9taro<\/title>\n<meta name=\"robots\" content=\"index, follow, max-snippet:-1, max-image-preview:large, max-video-preview:-1\" \/>\n<link rel=\"canonical\" href=\"https:\/\/www.nexoinformativo.mx\/index.php\/2024\/09\/02\/no-habra-ley-seca-para-el-15-de-septiembre-en-queretaro-confirman-autoridades\/\" \/>\n<meta property=\"og:locale\" content=\"es_MX\" \/>\n<meta property=\"og:type\" content=\"article\" \/>\n<meta property=\"og:title\" content=\"No habr\u00e1 Ley Seca para el 15 de Septiembre en Quer\u00e9taro, confirman autoridades | Nexo Informativo Santiago de Quer\u00e9taro\" \/>\n<meta property=\"og:description\" content=\"El secretario de gobierno de Quer\u00e9taro, Carlos Alcaraz, confirm\u00f3 que no se implementar\u00e1 la ley seca durante las festividades del Grito de Independencia el pr\u00f3ximo 15 de septiembre. Sin embargo, se establecer\u00e1n restricciones en ciertos puntos del Centro Hist\u00f3rico de la ciudad para garantizar que la celebraci\u00f3n se realice en un ambiente seguro y familiar. [&hellip;]\" \/>\n<meta property=\"og:url\" content=\"https:\/\/www.nexoinformativo.mx\/index.php\/2024\/09\/02\/no-habra-ley-seca-para-el-15-de-septiembre-en-queretaro-confirman-autoridades\/\" \/>\n<meta property=\"og:site_name\" content=\"Nexo Informativo Santiago de Quer\u00e9taro\" \/>\n<meta property=\"article:publisher\" content=\"https:\/\/www.facebook.com\/people\/Nexo-Informativo\/61564066885511\/\" \/>\n<meta property=\"article:published_time\" content=\"2024-09-02T16:00:49+00:00\" \/>\n<meta property=\"article:modified_time\" content=\"2024-09-02T19:43:18+00:00\" \/>\n<meta property=\"og:image\" content=\"https:\/\/www.nexoinformativo.mx\/wp-content\/uploads\/2024\/09\/PHOTO-2024-09-02-11-20-00-e1725299017238.jpg\" \/>\n\t<meta property=\"og:image:width\" content=\"800\" \/>\n\t<meta property=\"og:image:height\" content=\"359\" \/>\n\t<meta property=\"og:image:type\" content=\"image\/jpeg\" \/>\n<meta name=\"author\" content=\"Nexo Informativo\" \/>\n<meta name=\"twitter:card\" content=\"summary_large_image\" \/>\n<meta name=\"twitter:label1\" content=\"Escrito por\" \/>\n\t<meta name=\"twitter:data1\" content=\"Nexo Informativo\" \/>\n\t<meta name=\"twitter:label2\" content=\"Tiempo de lectura\" \/>\n\t<meta name=\"twitter:data2\" content=\"2 minutos\" \/>\n<script type=\"application\/ld+json\" class=\"yoast-schema-graph\">{\"@context\":\"https:\/\/schema.org\",\"@graph\":[{\"@type\":\"Article\",\"@id\":\"https:\/\/www.nexoinformativo.mx\/index.php\/2024\/09\/02\/no-habra-ley-seca-para-el-15-de-septiembre-en-queretaro-confirman-autoridades\/#article\",\"isPartOf\":{\"@id\":\"https:\/\/www.nexoinformativo.mx\/index.php\/2024\/09\/02\/no-habra-ley-seca-para-el-15-de-septiembre-en-queretaro-confirman-autoridades\/\"},\"author\":{\"name\":\"Nexo Informativo\",\"@id\":\"https:\/\/www.nexoinformativo.mx\/#\/schema\/person\/7749d380ba08c8ca00d7bc76fd907b7d\"},\"headline\":\"No habr\u00e1 Ley Seca para el 15 de Septiembre en Quer\u00e9taro, confirman autoridades\",\"datePublished\":\"2024-09-02T16:00:49+00:00\",\"dateModified\":\"2024-09-02T19:43:18+00:00\",\"mainEntityOfPage\":{\"@id\":\"https:\/\/www.nexoinformativo.mx\/index.php\/2024\/09\/02\/no-habra-ley-seca-para-el-15-de-septiembre-en-queretaro-confirman-autoridades\/\"},\"wordCount\":313,\"commentCount\":0,\"publisher\":{\"@id\":\"https:\/\/www.nexoinformativo.mx\/#organization\"},\"image\":{\"@id\":\"https:\/\/www.nexoinformativo.mx\/index.php\/2024\/09\/02\/no-habra-ley-seca-para-el-15-de-septiembre-en-queretaro-confirman-autoridades\/#primaryimage\"},\"thumbnailUrl\":\"https:\/\/www.nexoinformativo.mx\/wp-content\/uploads\/2024\/09\/PHOTO-2024-09-02-11-20-00-e1725299017238.jpg\",\"keywords\":[\"Celebraci\u00f3nSinLeySeca\",\"FiestasPatrias2024\",\"GritoDeIndependenciaQro\",\"QueretaroSeguro\",\"SeguridadQueretaro\"],\"articleSection\":[\"Estado\",\"Municipios\",\"\u00daltima Hora\"],\"inLanguage\":\"es\",\"potentialAction\":[{\"@type\":\"CommentAction\",\"name\":\"Comment\",\"target\":[\"https:\/\/www.nexoinformativo.mx\/index.php\/2024\/09\/02\/no-habra-ley-seca-para-el-15-de-septiembre-en-queretaro-confirman-autoridades\/#respond\"]}]},{\"@type\":\"WebPage\",\"@id\":\"https:\/\/www.nexoinformativo.mx\/index.php\/2024\/09\/02\/no-habra-ley-seca-para-el-15-de-septiembre-en-queretaro-confirman-autoridades\/\",\"url\":\"https:\/\/www.nexoinformativo.mx\/index.php\/2024\/09\/02\/no-habra-ley-seca-para-el-15-de-septiembre-en-queretaro-confirman-autoridades\/\",\"name\":\"No habr\u00e1 Ley Seca para el 15 de Septiembre en Quer\u00e9taro, confirman autoridades | Nexo Informativo Santiago de Quer\u00e9taro\",\"isPartOf\":{\"@id\":\"https:\/\/www.nexoinformativo.mx\/#website\"},\"primaryImageOfPage\":{\"@id\":\"https:\/\/www.nexoinformativo.mx\/index.php\/2024\/09\/02\/no-habra-ley-seca-para-el-15-de-septiembre-en-queretaro-confirman-autoridades\/#primaryimage\"},\"image\":{\"@id\":\"https:\/\/www.nexoinformativo.mx\/index.php\/2024\/09\/02\/no-habra-ley-seca-para-el-15-de-septiembre-en-queretaro-confirman-autoridades\/#primaryimage\"},\"thumbnailUrl\":\"https:\/\/www.nexoinformativo.mx\/wp-content\/uploads\/2024\/09\/PHOTO-2024-09-02-11-20-00-e1725299017238.jpg\",\"datePublished\":\"2024-09-02T16:00:49+00:00\",\"dateModified\":\"2024-09-02T19:43:18+00:00\",\"breadcrumb\":{\"@id\":\"https:\/\/www.nexoinformativo.mx\/index.php\/2024\/09\/02\/no-habra-ley-seca-para-el-15-de-septiembre-en-queretaro-confirman-autoridades\/#breadcrumb\"},\"inLanguage\":\"es\",\"potentialAction\":[{\"@type\":\"ReadAction\",\"target\":[\"https:\/\/www.nexoinformativo.mx\/index.php\/2024\/09\/02\/no-habra-ley-seca-para-el-15-de-septiembre-en-queretaro-confirman-autoridades\/\"]}]},{\"@type\":\"ImageObject\",\"inLanguage\":\"es\",\"@id\":\"https:\/\/www.nexoinformativo.mx\/index.php\/2024\/09\/02\/no-habra-ley-seca-para-el-15-de-septiembre-en-queretaro-confirman-autoridades\/#primaryimage\",\"url\":\"https:\/\/www.nexoinformativo.mx\/wp-content\/uploads\/2024\/09\/PHOTO-2024-09-02-11-20-00-e1725299017238.jpg\",\"contentUrl\":\"https:\/\/www.nexoinformativo.mx\/wp-content\/uploads\/2024\/09\/PHOTO-2024-09-02-11-20-00-e1725299017238.jpg\",\"width\":800,\"height\":359},{\"@type\":\"BreadcrumbList\",\"@id\":\"https:\/\/www.nexoinformativo.mx\/index.php\/2024\/09\/02\/no-habra-ley-seca-para-el-15-de-septiembre-en-queretaro-confirman-autoridades\/#breadcrumb\",\"itemListElement\":[{\"@type\":\"ListItem\",\"position\":1,\"name\":\"Inicio\",\"item\":\"https:\/\/www.nexoinformativo.mx\/\"},{\"@type\":\"ListItem\",\"position\":2,\"name\":\"No habr\u00e1 Ley Seca para el 15 de Septiembre en Quer\u00e9taro, confirman autoridades\"}]},{\"@type\":\"WebSite\",\"@id\":\"https:\/\/www.nexoinformativo.mx\/#website\",\"url\":\"https:\/\/www.nexoinformativo.mx\/\",\"name\":\"Nexo Informativo Santiago de Quer\u00e9taro\",\"description\":\"Explora NexoInformativo y convi\u00e9rtete en parte de una comunidad que valora el conocimiento y la verdad. Tu nexoinformativo es tu puente hacia una comprensi\u00f3n m\u00e1s profunda del mundo que te rodea.\",\"publisher\":{\"@id\":\"https:\/\/www.nexoinformativo.mx\/#organization\"},\"potentialAction\":[{\"@type\":\"SearchAction\",\"target\":{\"@type\":\"EntryPoint\",\"urlTemplate\":\"https:\/\/www.nexoinformativo.mx\/?s={search_term_string}\"},\"query-input\":{\"@type\":\"PropertyValueSpecification\",\"valueRequired\":true,\"valueName\":\"search_term_string\"}}],\"inLanguage\":\"es\"},{\"@type\":\"Organization\",\"@id\":\"https:\/\/www.nexoinformativo.mx\/#organization\",\"name\":\"Nexo Informativo Santiago de Quer\u00e9taro\",\"url\":\"https:\/\/www.nexoinformativo.mx\/\",\"logo\":{\"@type\":\"ImageObject\",\"inLanguage\":\"es\",\"@id\":\"https:\/\/www.nexoinformativo.mx\/#\/schema\/logo\/image\/\",\"url\":\"https:\/\/www.nexoinformativo.mx\/wp-content\/uploads\/2024\/07\/nexoi-trasparente-2.png\",\"contentUrl\":\"https:\/\/www.nexoinformativo.mx\/wp-content\/uploads\/2024\/07\/nexoi-trasparente-2.png\",\"width\":816,\"height\":339,\"caption\":\"Nexo Informativo Santiago de Quer\u00e9taro\"},\"image\":{\"@id\":\"https:\/\/www.nexoinformativo.mx\/#\/schema\/logo\/image\/\"},\"sameAs\":[\"https:\/\/www.facebook.com\/people\/Nexo-Informativo\/61564066885511\/\"]},{\"@type\":\"Person\",\"@id\":\"https:\/\/www.nexoinformativo.mx\/#\/schema\/person\/7749d380ba08c8ca00d7bc76fd907b7d\",\"name\":\"Nexo Informativo\",\"image\":{\"@type\":\"ImageObject\",\"inLanguage\":\"es\",\"@id\":\"https:\/\/www.nexoinformativo.mx\/#\/schema\/person\/image\/\",\"url\":\"https:\/\/secure.gravatar.com\/avatar\/dde2928154642a13d95f87ddf1ea9718fe2b46760a005c53e41ff5ad610704e6?s=96&d=mm&r=g\",\"contentUrl\":\"https:\/\/secure.gravatar.com\/avatar\/dde2928154642a13d95f87ddf1ea9718fe2b46760a005c53e41ff5ad610704e6?s=96&d=mm&r=g\",\"caption\":\"Nexo Informativo\"},\"url\":\"https:\/\/www.nexoinformativo.mx\/index.php\/author\/edicion\/\"}]}<\/script>\n<!-- \/ Yoast SEO plugin. -->","yoast_head_json":{"title":"No habr\u00e1 Ley Seca para el 15 de Septiembre en Quer\u00e9taro, confirman autoridades | Nexo Informativo Santiago de Quer\u00e9taro","robots":{"index":"index","follow":"follow","max-snippet":"max-snippet:-1","max-image-preview":"max-image-preview:large","max-video-preview":"max-video-preview:-1"},"canonical":"https:\/\/www.nexoinformativo.mx\/index.php\/2024\/09\/02\/no-habra-ley-seca-para-el-15-de-septiembre-en-queretaro-confirman-autoridades\/","og_locale":"es_MX","og_type":"article","og_title":"No habr\u00e1 Ley Seca para el 15 de Septiembre en Quer\u00e9taro, confirman autoridades | Nexo Informativo Santiago de Quer\u00e9taro","og_description":"El secretario de gobierno de Quer\u00e9taro, Carlos Alcaraz, confirm\u00f3 que no se implementar\u00e1 la ley seca durante las festividades del Grito de Independencia el pr\u00f3ximo 15 de septiembre. Sin embargo, se establecer\u00e1n restricciones en ciertos puntos del Centro Hist\u00f3rico de la ciudad para garantizar que la celebraci\u00f3n se realice en un ambiente seguro y familiar. [&hellip;]","og_url":"https:\/\/www.nexoinformativo.mx\/index.php\/2024\/09\/02\/no-habra-ley-seca-para-el-15-de-septiembre-en-queretaro-confirman-autoridades\/","og_site_name":"Nexo Informativo Santiago de Quer\u00e9taro","article_publisher":"https:\/\/www.facebook.com\/people\/Nexo-Informativo\/61564066885511\/","article_published_time":"2024-09-02T16:00:49+00:00","article_modified_time":"2024-09-02T19:43:18+00:00","og_image":[{"width":800,"height":359,"url":"https:\/\/www.nexoinformativo.mx\/wp-content\/uploads\/2024\/09\/PHOTO-2024-09-02-11-20-00-e1725299017238.jpg","type":"image\/jpeg"}],"author":"Nexo Informativo","twitter_card":"summary_large_image","twitter_misc":{"Escrito por":"Nexo Informativo","Tiempo de lectura":"2 minutos"},"schema":{"@context":"https:\/\/schema.org","@graph":[{"@type":"Article","@id":"https:\/\/www.nexoinformativo.mx\/index.php\/2024\/09\/02\/no-habra-ley-seca-para-el-15-de-septiembre-en-queretaro-confirman-autoridades\/#article","isPartOf":{"@id":"https:\/\/www.nexoinformativo.mx\/index.php\/2024\/09\/02\/no-habra-ley-seca-para-el-15-de-septiembre-en-queretaro-confirman-autoridades\/"},"author":{"name":"Nexo Informativo","@id":"https:\/\/www.nexoinformativo.mx\/#\/schema\/person\/7749d380ba08c8ca00d7bc76fd907b7d"},"headline":"No habr\u00e1 Ley Seca para el 15 de Septiembre en Quer\u00e9taro, confirman autoridades","datePublished":"2024-09-02T16:00:49+00:00","dateModified":"2024-09-02T19:43:18+00:00","mainEntityOfPage":{"@id":"https:\/\/www.nexoinformativo.mx\/index.php\/2024\/09\/02\/no-habra-ley-seca-para-el-15-de-septiembre-en-queretaro-confirman-autoridades\/"},"wordCount":313,"commentCount":0,"publisher":{"@id":"https:\/\/www.nexoinformativo.mx\/#organization"},"image":{"@id":"https:\/\/www.nexoinformativo.mx\/index.php\/2024\/09\/02\/no-habra-ley-seca-para-el-15-de-septiembre-en-queretaro-confirman-autoridades\/#primaryimage"},"thumbnailUrl":"https:\/\/www.nexoinformativo.mx\/wp-content\/uploads\/2024\/09\/PHOTO-2024-09-02-11-20-00-e1725299017238.jpg","keywords":["Celebraci\u00f3nSinLeySeca","FiestasPatrias2024","GritoDeIndependenciaQro","QueretaroSeguro","SeguridadQueretaro"],"articleSection":["Estado","Municipios","\u00daltima Hora"],"inLanguage":"es","potentialAction":[{"@type":"CommentAction","name":"Comment","target":["https:\/\/www.nexoinformativo.mx\/index.php\/2024\/09\/02\/no-habra-ley-seca-para-el-15-de-septiembre-en-queretaro-confirman-autoridades\/#respond"]}]},{"@type":"WebPage","@id":"https:\/\/www.nexoinformativo.mx\/index.php\/2024\/09\/02\/no-habra-ley-seca-para-el-15-de-septiembre-en-queretaro-confirman-autoridades\/","url":"https:\/\/www.nexoinformativo.mx\/index.php\/2024\/09\/02\/no-habra-ley-seca-para-el-15-de-septiembre-en-queretaro-confirman-autoridades\/","name":"No habr\u00e1 Ley Seca para el 15 de Septiembre en Quer\u00e9taro, confirman autoridades | Nexo Informativo Santiago de Quer\u00e9taro","isPartOf":{"@id":"https:\/\/www.nexoinformativo.mx\/#website"},"primaryImageOfPage":{"@id":"https:\/\/www.nexoinformativo.mx\/index.php\/2024\/09\/02\/no-habra-ley-seca-para-el-15-de-septiembre-en-queretaro-confirman-autoridades\/#primaryimage"},"image":{"@id":"https:\/\/www.nexoinformativo.mx\/index.php\/2024\/09\/02\/no-habra-ley-seca-para-el-15-de-septiembre-en-queretaro-confirman-autoridades\/#primaryimage"},"thumbnailUrl":"https:\/\/www.nexoinformativo.mx\/wp-content\/uploads\/2024\/09\/PHOTO-2024-09-02-11-20-00-e1725299017238.jpg","datePublished":"2024-09-02T16:00:49+00:00","dateModified":"2024-09-02T19:43:18+00:00","breadcrumb":{"@id":"https:\/\/www.nexoinformativo.mx\/index.php\/2024\/09\/02\/no-habra-ley-seca-para-el-15-de-septiembre-en-queretaro-confirman-autoridades\/#breadcrumb"},"inLanguage":"es","potentialAction":[{"@type":"ReadAction","target":["https:\/\/www.nexoinformativo.mx\/index.php\/2024\/09\/02\/no-habra-ley-seca-para-el-15-de-septiembre-en-queretaro-confirman-autoridades\/"]}]},{"@type":"ImageObject","inLanguage":"es","@id":"https:\/\/www.nexoinformativo.mx\/index.php\/2024\/09\/02\/no-habra-ley-seca-para-el-15-de-septiembre-en-queretaro-confirman-autoridades\/#primaryimage","url":"https:\/\/www.nexoinformativo.mx\/wp-content\/uploads\/2024\/09\/PHOTO-2024-09-02-11-20-00-e1725299017238.jpg","contentUrl":"https:\/\/www.nexoinformativo.mx\/wp-content\/uploads\/2024\/09\/PHOTO-2024-09-02-11-20-00-e1725299017238.jpg","width":800,"height":359},{"@type":"BreadcrumbList","@id":"https:\/\/www.nexoinformativo.mx\/index.php\/2024\/09\/02\/no-habra-ley-seca-para-el-15-de-septiembre-en-queretaro-confirman-autoridades\/#breadcrumb","itemListElement":[{"@type":"ListItem","position":1,"name":"Inicio","item":"https:\/\/www.nexoinformativo.mx\/"},{"@type":"ListItem","position":2,"name":"No habr\u00e1 Ley Seca para el 15 de Septiembre en Quer\u00e9taro, confirman autoridades"}]},{"@type":"WebSite","@id":"https:\/\/www.nexoinformativo.mx\/#website","url":"https:\/\/www.nexoinformativo.mx\/","name":"Nexo Informativo Santiago de Quer\u00e9taro","description":"Explora NexoInformativo y convi\u00e9rtete en parte de una comunidad que valora el conocimiento y la verdad. Tu nexoinformativo es tu puente hacia una comprensi\u00f3n m\u00e1s profunda del mundo que te rodea.","publisher":{"@id":"https:\/\/www.nexoinformativo.mx\/#organization"},"potentialAction":[{"@type":"SearchAction","target":{"@type":"EntryPoint","urlTemplate":"https:\/\/www.nexoinformativo.mx\/?s={search_term_string}"},"query-input":{"@type":"PropertyValueSpecification","valueRequired":true,"valueName":"search_term_string"}}],"inLanguage":"es"},{"@type":"Organization","@id":"https:\/\/www.nexoinformativo.mx\/#organization","name":"Nexo Informativo Santiago de Quer\u00e9taro","url":"https:\/\/www.nexoinformativo.mx\/","logo":{"@type":"ImageObject","inLanguage":"es","@id":"https:\/\/www.nexoinformativo.mx\/#\/schema\/logo\/image\/","url":"https:\/\/www.nexoinformativo.mx\/wp-content\/uploads\/2024\/07\/nexoi-trasparente-2.png","contentUrl":"https:\/\/www.nexoinformativo.mx\/wp-content\/uploads\/2024\/07\/nexoi-trasparente-2.png","width":816,"height":339,"caption":"Nexo Informativo Santiago de Quer\u00e9taro"},"image":{"@id":"https:\/\/www.nexoinformativo.mx\/#\/schema\/logo\/image\/"},"sameAs":["https:\/\/www.facebook.com\/people\/Nexo-Informativo\/61564066885511\/"]},{"@type":"Person","@id":"https:\/\/www.nexoinformativo.mx\/#\/schema\/person\/7749d380ba08c8ca00d7bc76fd907b7d","name":"Nexo Informativo","image":{"@type":"ImageObject","inLanguage":"es","@id":"https:\/\/www.nexoinformativo.mx\/#\/schema\/person\/image\/","url":"https:\/\/secure.gravatar.com\/avatar\/dde2928154642a13d95f87ddf1ea9718fe2b46760a005c53e41ff5ad610704e6?s=96&d=mm&r=g","contentUrl":"https:\/\/secure.gravatar.com\/avatar\/dde2928154642a13d95f87ddf1ea9718fe2b46760a005c53e41ff5ad610704e6?s=96&d=mm&r=g","caption":"Nexo Informativo"},"url":"https:\/\/www.nexoinformativo.mx\/index.php\/author\/edicion\/"}]}},"_links":{"self":[{"href":"https:\/\/www.nexoinformativo.mx\/index.php\/wp-json\/wp\/v2\/posts\/1416","targetHints":{"allow":["GET"]}}],"collection":[{"href":"https:\/\/www.nexoinformativo.mx\/index.php\/wp-json\/wp\/v2\/posts"}],"about":[{"href":"https:\/\/www.nexoinformativo.mx\/index.php\/wp-json\/wp\/v2\/types\/post"}],"author":[{"embeddable":true,"href":"https:\/\/www.nexoinformativo.mx\/index.php\/wp-json\/wp\/v2\/users\/3"}],"replies":[{"embeddable":true,"href":"https:\/\/www.nexoinformativo.mx\/index.php\/wp-json\/wp\/v2\/comments?post=1416"}],"version-history":[{"count":3,"href":"https:\/\/www.nexoinformativo.mx\/index.php\/wp-json\/wp\/v2\/posts\/1416\/revisions"}],"predecessor-version":[{"id":1442,"href":"https:\/\/www.nexoinformativo.mx\/index.php\/wp-json\/wp\/v2\/posts\/1416\/revisions\/1442"}],"wp:featuredmedia":[{"embeddable":true,"href":"https:\/\/www.nexoinformativo.mx\/index.php\/wp-json\/wp\/v2\/media\/1420"}],"wp:attachment":[{"href":"https:\/\/www.nexoinformativo.mx\/index.php\/wp-json\/wp\/v2\/media?parent=1416"}],"wp:term":[{"taxonomy":"category","embeddable":true,"href":"https:\/\/www.nexoinformativo.mx\/index.php\/wp-json\/wp\/v2\/categories?post=1416"},{"taxonomy":"post_tag","embeddable":true,"href":"https:\/\/www.nexoinformativo.mx\/index.php\/wp-json\/wp\/v2\/tags?post=1416"}],"curies":[{"name":"wp","href":"https:\/\/api.w.org\/{rel}","templated":true}]}}