{"id":14163,"date":"2025-04-15T07:30:43","date_gmt":"2025-04-15T13:30:43","guid":{"rendered":"https:\/\/www.nexoinformativo.mx\/?p=14163"},"modified":"2025-04-15T10:46:39","modified_gmt":"2025-04-15T16:46:39","slug":"profeco-te-dice-donde-encontrar-la-canasta-basica-mas-barata-y-la-gasolina-a-menos-de-24","status":"publish","type":"post","link":"https:\/\/www.nexoinformativo.mx\/index.php\/2025\/04\/15\/profeco-te-dice-donde-encontrar-la-canasta-basica-mas-barata-y-la-gasolina-a-menos-de-24\/","title":{"rendered":"PROFECO al rescate de tu econom\u00eda anuncia descenso en precios clave y monitorea remesadoras"},"content":{"rendered":"<p style=\"text-align: justify;\" data-sourcepos=\"11:1-11:436\">El procurador Federal del Consumidor, Iv\u00e1n Escalante Ruiz, inform\u00f3 durante la conferencia Ma\u00f1anera del Pueblo, encabezada por la Presidenta Claudia Sheinbaum, sobre una disminuci\u00f3n significativa en los precios de la gasolina regular y los productos de la canasta b\u00e1sica.<\/p>\n<p>&nbsp;<\/p>\n<p style=\"text-align: justify;\" data-sourcepos=\"11:1-11:436\">Escalante Ruiz se\u00f1al\u00f3 que con estas bajas se cumple el compromiso presidencial de no incrementar estos costos en t\u00e9rminos reales.<\/p>\n<p>&nbsp;<\/p>\n<p style=\"text-align: justify;\" data-sourcepos=\"13:1-13:239\">El titular de la Profeco detall\u00f3 que el precio promedio mensual de los 24 productos que componen la canasta b\u00e1sica experiment\u00f3 una reducci\u00f3n del 4.6%, pasando de $886.45 pesos en noviembre de 2024 a $845.99 pesos en marzo del presente a\u00f1o.<\/p>\n<p>&nbsp;<\/p>\n<p style=\"text-align: justify;\" data-sourcepos=\"15:1-15:419\">En cuanto a la gasolina regular, Escalante Ruiz destac\u00f3 que cada vez m\u00e1s estaciones de servicio ofrecen el litro por debajo de los $24 pesos.<\/p>\n<p>&nbsp;<\/p>\n<p style=\"text-align: justify;\" data-sourcepos=\"15:1-15:419\"><strong>&#8220;En el seguimiento a la Estrategia Nacional para Promover la Estabilizaci\u00f3n del Precio de la Gasolina, al 11 de abril detectamos que el 82.3% de las gasolineras cumplen, y el precio promedio del combustible va disminuyendo, siendo de $23.65 pesos para la misma fecha&#8221;<\/strong>, explic\u00f3.<\/p>\n<p>&nbsp;<\/p>\n<p style=\"text-align: justify;\" data-sourcepos=\"17:1-17:465\">El procurador tambi\u00e9n inform\u00f3 sobre operativos de verificaci\u00f3n en gasolineras de varios estados, incluyendo Chiapas, Estado de M\u00e9xico, Hidalgo, Morelos, Puebla y Quer\u00e9taro, en coordinaci\u00f3n con diversas dependencias.<\/p>\n<p>&nbsp;<\/p>\n<p style=\"text-align: justify;\" data-sourcepos=\"17:1-17:465\">Estos operativos han resultado en la clausura de 34 gasolineras por incumplimientos ambientales y de seguridad por parte de la ASEA, y la inmovilizaci\u00f3n de 225 instrumentos por no vender litros completos y otras irregularidades por parte de Profeco.<\/p>\n<p>&nbsp;<\/p>\n<p style=\"text-align: justify;\" data-sourcepos=\"19:1-19:501\">Adem\u00e1s, Profeco present\u00f3 su informe <strong>&#8220;Qui\u00e9n es Qui\u00e9n en los Productos de Primera Necesidad&#8221;<\/strong>, revelando los supermercados con los precios m\u00e1s bajos y m\u00e1s altos en diversas ciudades del pa\u00eds.<\/p>\n<p>&nbsp;<\/p>\n<p style=\"text-align: justify;\" data-sourcepos=\"19:1-19:501\">Del 31 de marzo al 4 de abril, el precio m\u00e1s bajo de la canasta b\u00e1sica se encontr\u00f3 en La Paz, Baja California Sur ($748.60), mientras que el m\u00e1s alto se registr\u00f3 en Saltillo, Coahuila ($1,012.25). Tambi\u00e9n se present\u00f3 un monitoreo del precio del kilo de tortilla a nivel nacional, con un promedio de $23.70 pesos.<\/p>\n<p>&nbsp;<\/p>\n<p style=\"text-align: justify;\" data-sourcepos=\"21:1-21:286\">Finalmente, Escalante Ruiz dio a conocer el <strong>&#8220;Qui\u00e9n es Qui\u00e9n en el Env\u00edo de Dinero&#8221;<\/strong>, destacando las remesadoras que ofrecen el mejor tipo de cambio y las comisiones m\u00e1s bajas para env\u00edos de d\u00f3lares a M\u00e9xico, recomendando a los usuarios revisar estos factores antes de elegir una empresa.<\/p>\n<p>&nbsp;<\/p>\n<p style=\"text-align: center;\" data-sourcepos=\"21:1-21:286\"><em><strong>\u00a1Informaci\u00f3n que transforma!<\/strong><\/em><\/p>\n","protected":false},"excerpt":{"rendered":"<p>El procurador Federal del Consumidor, Iv\u00e1n Escalante Ruiz, inform\u00f3 durante la conferencia Ma\u00f1anera del Pueblo, encabezada por la Presidenta Claudia Sheinbaum, sobre una disminuci\u00f3n significativa en los precios de la gasolina regular y los productos de la canasta b\u00e1sica.<\/p>\n","protected":false},"author":3,"featured_media":14164,"comment_status":"open","ping_status":"open","sticky":false,"template":"","format":"standard","meta":{"footnotes":""},"categories":[5,88,58],"tags":[4148,2026,3630,4147],"class_list":["post-14163","post","type-post","status-publish","format-standard","has-post-thumbnail","hentry","category-economia","category-nacional","category-ultima-hora","tag-bajadeprecios","tag-canastabasica","tag-gasolinamexico","tag-profecoinforma"],"yoast_head":"<!-- This site is optimized with the Yoast SEO plugin v25.0 - https:\/\/yoast.com\/wordpress\/plugins\/seo\/ -->\n<title>PROFECO al rescate de tu econom\u00eda anuncia descenso en precios clave y monitorea remesadoras | Nexo Informativo Santiago de Quer\u00e9taro<\/title>\n<meta name=\"description\" content=\"PROFECO al rescate de tu econom\u00eda anuncia descenso en precios clave y monitorea remesadoras\" \/>\n<meta name=\"robots\" content=\"index, follow, max-snippet:-1, max-image-preview:large, max-video-preview:-1\" \/>\n<link rel=\"canonical\" href=\"https:\/\/www.nexoinformativo.mx\/index.php\/2025\/04\/15\/profeco-te-dice-donde-encontrar-la-canasta-basica-mas-barata-y-la-gasolina-a-menos-de-24\/\" \/>\n<meta property=\"og:locale\" content=\"es_MX\" \/>\n<meta property=\"og:type\" content=\"article\" \/>\n<meta property=\"og:title\" content=\"PROFECO al rescate de tu econom\u00eda anuncia descenso en precios clave y monitorea remesadoras | Nexo Informativo Santiago de Quer\u00e9taro\" \/>\n<meta property=\"og:description\" content=\"PROFECO al rescate de tu econom\u00eda anuncia descenso en precios clave y monitorea remesadoras\" \/>\n<meta property=\"og:url\" content=\"https:\/\/www.nexoinformativo.mx\/index.php\/2025\/04\/15\/profeco-te-dice-donde-encontrar-la-canasta-basica-mas-barata-y-la-gasolina-a-menos-de-24\/\" \/>\n<meta property=\"og:site_name\" content=\"Nexo Informativo Santiago de Quer\u00e9taro\" \/>\n<meta property=\"article:publisher\" content=\"https:\/\/www.facebook.com\/people\/Nexo-Informativo\/61564066885511\/\" \/>\n<meta property=\"article:published_time\" content=\"2025-04-15T13:30:43+00:00\" \/>\n<meta property=\"article:modified_time\" content=\"2025-04-15T16:46:39+00:00\" \/>\n<meta property=\"og:image\" content=\"https:\/\/www.nexoinformativo.mx\/wp-content\/uploads\/2025\/04\/IMG_2266.jpg\" \/>\n\t<meta property=\"og:image:width\" content=\"612\" \/>\n\t<meta property=\"og:image:height\" content=\"405\" \/>\n\t<meta property=\"og:image:type\" content=\"image\/jpeg\" \/>\n<meta name=\"author\" content=\"Nexo Informativo\" \/>\n<meta name=\"twitter:card\" content=\"summary_large_image\" \/>\n<meta name=\"twitter:label1\" content=\"Escrito por\" \/>\n\t<meta name=\"twitter:data1\" content=\"Nexo Informativo\" \/>\n\t<meta name=\"twitter:label2\" content=\"Tiempo de lectura\" \/>\n\t<meta name=\"twitter:data2\" content=\"2 minutos\" \/>\n<script type=\"application\/ld+json\" class=\"yoast-schema-graph\">{\"@context\":\"https:\/\/schema.org\",\"@graph\":[{\"@type\":\"Article\",\"@id\":\"https:\/\/www.nexoinformativo.mx\/index.php\/2025\/04\/15\/profeco-te-dice-donde-encontrar-la-canasta-basica-mas-barata-y-la-gasolina-a-menos-de-24\/#article\",\"isPartOf\":{\"@id\":\"https:\/\/www.nexoinformativo.mx\/index.php\/2025\/04\/15\/profeco-te-dice-donde-encontrar-la-canasta-basica-mas-barata-y-la-gasolina-a-menos-de-24\/\"},\"author\":{\"name\":\"Nexo Informativo\",\"@id\":\"https:\/\/www.nexoinformativo.mx\/#\/schema\/person\/7749d380ba08c8ca00d7bc76fd907b7d\"},\"headline\":\"PROFECO al rescate de tu econom\u00eda anuncia descenso en precios clave y monitorea remesadoras\",\"datePublished\":\"2025-04-15T13:30:43+00:00\",\"dateModified\":\"2025-04-15T16:46:39+00:00\",\"mainEntityOfPage\":{\"@id\":\"https:\/\/www.nexoinformativo.mx\/index.php\/2025\/04\/15\/profeco-te-dice-donde-encontrar-la-canasta-basica-mas-barata-y-la-gasolina-a-menos-de-24\/\"},\"wordCount\":418,\"commentCount\":0,\"publisher\":{\"@id\":\"https:\/\/www.nexoinformativo.mx\/#organization\"},\"image\":{\"@id\":\"https:\/\/www.nexoinformativo.mx\/index.php\/2025\/04\/15\/profeco-te-dice-donde-encontrar-la-canasta-basica-mas-barata-y-la-gasolina-a-menos-de-24\/#primaryimage\"},\"thumbnailUrl\":\"https:\/\/www.nexoinformativo.mx\/wp-content\/uploads\/2025\/04\/IMG_2266.jpg\",\"keywords\":[\"BajaDePrecios\",\"CanastaB\u00e1sica\",\"GasolinaM\u00e9xico\",\"ProfecoInforma\"],\"articleSection\":[\"Econom\u00eda\",\"Nacional\",\"\u00daltima Hora\"],\"inLanguage\":\"es\",\"potentialAction\":[{\"@type\":\"CommentAction\",\"name\":\"Comment\",\"target\":[\"https:\/\/www.nexoinformativo.mx\/index.php\/2025\/04\/15\/profeco-te-dice-donde-encontrar-la-canasta-basica-mas-barata-y-la-gasolina-a-menos-de-24\/#respond\"]}]},{\"@type\":\"WebPage\",\"@id\":\"https:\/\/www.nexoinformativo.mx\/index.php\/2025\/04\/15\/profeco-te-dice-donde-encontrar-la-canasta-basica-mas-barata-y-la-gasolina-a-menos-de-24\/\",\"url\":\"https:\/\/www.nexoinformativo.mx\/index.php\/2025\/04\/15\/profeco-te-dice-donde-encontrar-la-canasta-basica-mas-barata-y-la-gasolina-a-menos-de-24\/\",\"name\":\"PROFECO al rescate de tu econom\u00eda anuncia descenso en precios clave y monitorea remesadoras | Nexo Informativo Santiago de Quer\u00e9taro\",\"isPartOf\":{\"@id\":\"https:\/\/www.nexoinformativo.mx\/#website\"},\"primaryImageOfPage\":{\"@id\":\"https:\/\/www.nexoinformativo.mx\/index.php\/2025\/04\/15\/profeco-te-dice-donde-encontrar-la-canasta-basica-mas-barata-y-la-gasolina-a-menos-de-24\/#primaryimage\"},\"image\":{\"@id\":\"https:\/\/www.nexoinformativo.mx\/index.php\/2025\/04\/15\/profeco-te-dice-donde-encontrar-la-canasta-basica-mas-barata-y-la-gasolina-a-menos-de-24\/#primaryimage\"},\"thumbnailUrl\":\"https:\/\/www.nexoinformativo.mx\/wp-content\/uploads\/2025\/04\/IMG_2266.jpg\",\"datePublished\":\"2025-04-15T13:30:43+00:00\",\"dateModified\":\"2025-04-15T16:46:39+00:00\",\"description\":\"PROFECO al rescate de tu econom\u00eda anuncia descenso en precios clave y monitorea remesadoras\",\"breadcrumb\":{\"@id\":\"https:\/\/www.nexoinformativo.mx\/index.php\/2025\/04\/15\/profeco-te-dice-donde-encontrar-la-canasta-basica-mas-barata-y-la-gasolina-a-menos-de-24\/#breadcrumb\"},\"inLanguage\":\"es\",\"potentialAction\":[{\"@type\":\"ReadAction\",\"target\":[\"https:\/\/www.nexoinformativo.mx\/index.php\/2025\/04\/15\/profeco-te-dice-donde-encontrar-la-canasta-basica-mas-barata-y-la-gasolina-a-menos-de-24\/\"]}]},{\"@type\":\"ImageObject\",\"inLanguage\":\"es\",\"@id\":\"https:\/\/www.nexoinformativo.mx\/index.php\/2025\/04\/15\/profeco-te-dice-donde-encontrar-la-canasta-basica-mas-barata-y-la-gasolina-a-menos-de-24\/#primaryimage\",\"url\":\"https:\/\/www.nexoinformativo.mx\/wp-content\/uploads\/2025\/04\/IMG_2266.jpg\",\"contentUrl\":\"https:\/\/www.nexoinformativo.mx\/wp-content\/uploads\/2025\/04\/IMG_2266.jpg\",\"width\":612,\"height\":405,\"caption\":\"A cheerful woman in a yellow coat holding a basket full of fresh vegetables, shopping at an outdoor farmers market while using her smartphone.\"},{\"@type\":\"BreadcrumbList\",\"@id\":\"https:\/\/www.nexoinformativo.mx\/index.php\/2025\/04\/15\/profeco-te-dice-donde-encontrar-la-canasta-basica-mas-barata-y-la-gasolina-a-menos-de-24\/#breadcrumb\",\"itemListElement\":[{\"@type\":\"ListItem\",\"position\":1,\"name\":\"Inicio\",\"item\":\"https:\/\/www.nexoinformativo.mx\/\"},{\"@type\":\"ListItem\",\"position\":2,\"name\":\"PROFECO al rescate de tu econom\u00eda anuncia descenso en precios clave y monitorea remesadoras\"}]},{\"@type\":\"WebSite\",\"@id\":\"https:\/\/www.nexoinformativo.mx\/#website\",\"url\":\"https:\/\/www.nexoinformativo.mx\/\",\"name\":\"Nexo Informativo Santiago de Quer\u00e9taro\",\"description\":\"Explora NexoInformativo y convi\u00e9rtete en parte de una comunidad que valora el conocimiento y la verdad. Tu nexoinformativo es tu puente hacia una comprensi\u00f3n m\u00e1s profunda del mundo que te rodea.\",\"publisher\":{\"@id\":\"https:\/\/www.nexoinformativo.mx\/#organization\"},\"potentialAction\":[{\"@type\":\"SearchAction\",\"target\":{\"@type\":\"EntryPoint\",\"urlTemplate\":\"https:\/\/www.nexoinformativo.mx\/?s={search_term_string}\"},\"query-input\":{\"@type\":\"PropertyValueSpecification\",\"valueRequired\":true,\"valueName\":\"search_term_string\"}}],\"inLanguage\":\"es\"},{\"@type\":\"Organization\",\"@id\":\"https:\/\/www.nexoinformativo.mx\/#organization\",\"name\":\"Nexo Informativo Santiago de Quer\u00e9taro\",\"url\":\"https:\/\/www.nexoinformativo.mx\/\",\"logo\":{\"@type\":\"ImageObject\",\"inLanguage\":\"es\",\"@id\":\"https:\/\/www.nexoinformativo.mx\/#\/schema\/logo\/image\/\",\"url\":\"https:\/\/www.nexoinformativo.mx\/wp-content\/uploads\/2024\/07\/nexoi-trasparente-2.png\",\"contentUrl\":\"https:\/\/www.nexoinformativo.mx\/wp-content\/uploads\/2024\/07\/nexoi-trasparente-2.png\",\"width\":816,\"height\":339,\"caption\":\"Nexo Informativo Santiago de Quer\u00e9taro\"},\"image\":{\"@id\":\"https:\/\/www.nexoinformativo.mx\/#\/schema\/logo\/image\/\"},\"sameAs\":[\"https:\/\/www.facebook.com\/people\/Nexo-Informativo\/61564066885511\/\"]},{\"@type\":\"Person\",\"@id\":\"https:\/\/www.nexoinformativo.mx\/#\/schema\/person\/7749d380ba08c8ca00d7bc76fd907b7d\",\"name\":\"Nexo Informativo\",\"image\":{\"@type\":\"ImageObject\",\"inLanguage\":\"es\",\"@id\":\"https:\/\/www.nexoinformativo.mx\/#\/schema\/person\/image\/\",\"url\":\"https:\/\/secure.gravatar.com\/avatar\/dde2928154642a13d95f87ddf1ea9718fe2b46760a005c53e41ff5ad610704e6?s=96&d=mm&r=g\",\"contentUrl\":\"https:\/\/secure.gravatar.com\/avatar\/dde2928154642a13d95f87ddf1ea9718fe2b46760a005c53e41ff5ad610704e6?s=96&d=mm&r=g\",\"caption\":\"Nexo Informativo\"},\"url\":\"https:\/\/www.nexoinformativo.mx\/index.php\/author\/edicion\/\"}]}<\/script>\n<!-- \/ Yoast SEO plugin. -->","yoast_head_json":{"title":"PROFECO al rescate de tu econom\u00eda anuncia descenso en precios clave y monitorea remesadoras | Nexo Informativo Santiago de Quer\u00e9taro","description":"PROFECO al rescate de tu econom\u00eda anuncia descenso en precios clave y monitorea remesadoras","robots":{"index":"index","follow":"follow","max-snippet":"max-snippet:-1","max-image-preview":"max-image-preview:large","max-video-preview":"max-video-preview:-1"},"canonical":"https:\/\/www.nexoinformativo.mx\/index.php\/2025\/04\/15\/profeco-te-dice-donde-encontrar-la-canasta-basica-mas-barata-y-la-gasolina-a-menos-de-24\/","og_locale":"es_MX","og_type":"article","og_title":"PROFECO al rescate de tu econom\u00eda anuncia descenso en precios clave y monitorea remesadoras | Nexo Informativo Santiago de Quer\u00e9taro","og_description":"PROFECO al rescate de tu econom\u00eda anuncia descenso en precios clave y monitorea remesadoras","og_url":"https:\/\/www.nexoinformativo.mx\/index.php\/2025\/04\/15\/profeco-te-dice-donde-encontrar-la-canasta-basica-mas-barata-y-la-gasolina-a-menos-de-24\/","og_site_name":"Nexo Informativo Santiago de Quer\u00e9taro","article_publisher":"https:\/\/www.facebook.com\/people\/Nexo-Informativo\/61564066885511\/","article_published_time":"2025-04-15T13:30:43+00:00","article_modified_time":"2025-04-15T16:46:39+00:00","og_image":[{"width":612,"height":405,"url":"https:\/\/www.nexoinformativo.mx\/wp-content\/uploads\/2025\/04\/IMG_2266.jpg","type":"image\/jpeg"}],"author":"Nexo Informativo","twitter_card":"summary_large_image","twitter_misc":{"Escrito por":"Nexo Informativo","Tiempo de lectura":"2 minutos"},"schema":{"@context":"https:\/\/schema.org","@graph":[{"@type":"Article","@id":"https:\/\/www.nexoinformativo.mx\/index.php\/2025\/04\/15\/profeco-te-dice-donde-encontrar-la-canasta-basica-mas-barata-y-la-gasolina-a-menos-de-24\/#article","isPartOf":{"@id":"https:\/\/www.nexoinformativo.mx\/index.php\/2025\/04\/15\/profeco-te-dice-donde-encontrar-la-canasta-basica-mas-barata-y-la-gasolina-a-menos-de-24\/"},"author":{"name":"Nexo Informativo","@id":"https:\/\/www.nexoinformativo.mx\/#\/schema\/person\/7749d380ba08c8ca00d7bc76fd907b7d"},"headline":"PROFECO al rescate de tu econom\u00eda anuncia descenso en precios clave y monitorea remesadoras","datePublished":"2025-04-15T13:30:43+00:00","dateModified":"2025-04-15T16:46:39+00:00","mainEntityOfPage":{"@id":"https:\/\/www.nexoinformativo.mx\/index.php\/2025\/04\/15\/profeco-te-dice-donde-encontrar-la-canasta-basica-mas-barata-y-la-gasolina-a-menos-de-24\/"},"wordCount":418,"commentCount":0,"publisher":{"@id":"https:\/\/www.nexoinformativo.mx\/#organization"},"image":{"@id":"https:\/\/www.nexoinformativo.mx\/index.php\/2025\/04\/15\/profeco-te-dice-donde-encontrar-la-canasta-basica-mas-barata-y-la-gasolina-a-menos-de-24\/#primaryimage"},"thumbnailUrl":"https:\/\/www.nexoinformativo.mx\/wp-content\/uploads\/2025\/04\/IMG_2266.jpg","keywords":["BajaDePrecios","CanastaB\u00e1sica","GasolinaM\u00e9xico","ProfecoInforma"],"articleSection":["Econom\u00eda","Nacional","\u00daltima Hora"],"inLanguage":"es","potentialAction":[{"@type":"CommentAction","name":"Comment","target":["https:\/\/www.nexoinformativo.mx\/index.php\/2025\/04\/15\/profeco-te-dice-donde-encontrar-la-canasta-basica-mas-barata-y-la-gasolina-a-menos-de-24\/#respond"]}]},{"@type":"WebPage","@id":"https:\/\/www.nexoinformativo.mx\/index.php\/2025\/04\/15\/profeco-te-dice-donde-encontrar-la-canasta-basica-mas-barata-y-la-gasolina-a-menos-de-24\/","url":"https:\/\/www.nexoinformativo.mx\/index.php\/2025\/04\/15\/profeco-te-dice-donde-encontrar-la-canasta-basica-mas-barata-y-la-gasolina-a-menos-de-24\/","name":"PROFECO al rescate de tu econom\u00eda anuncia descenso en precios clave y monitorea remesadoras | Nexo Informativo Santiago de Quer\u00e9taro","isPartOf":{"@id":"https:\/\/www.nexoinformativo.mx\/#website"},"primaryImageOfPage":{"@id":"https:\/\/www.nexoinformativo.mx\/index.php\/2025\/04\/15\/profeco-te-dice-donde-encontrar-la-canasta-basica-mas-barata-y-la-gasolina-a-menos-de-24\/#primaryimage"},"image":{"@id":"https:\/\/www.nexoinformativo.mx\/index.php\/2025\/04\/15\/profeco-te-dice-donde-encontrar-la-canasta-basica-mas-barata-y-la-gasolina-a-menos-de-24\/#primaryimage"},"thumbnailUrl":"https:\/\/www.nexoinformativo.mx\/wp-content\/uploads\/2025\/04\/IMG_2266.jpg","datePublished":"2025-04-15T13:30:43+00:00","dateModified":"2025-04-15T16:46:39+00:00","description":"PROFECO al rescate de tu econom\u00eda anuncia descenso en precios clave y monitorea remesadoras","breadcrumb":{"@id":"https:\/\/www.nexoinformativo.mx\/index.php\/2025\/04\/15\/profeco-te-dice-donde-encontrar-la-canasta-basica-mas-barata-y-la-gasolina-a-menos-de-24\/#breadcrumb"},"inLanguage":"es","potentialAction":[{"@type":"ReadAction","target":["https:\/\/www.nexoinformativo.mx\/index.php\/2025\/04\/15\/profeco-te-dice-donde-encontrar-la-canasta-basica-mas-barata-y-la-gasolina-a-menos-de-24\/"]}]},{"@type":"ImageObject","inLanguage":"es","@id":"https:\/\/www.nexoinformativo.mx\/index.php\/2025\/04\/15\/profeco-te-dice-donde-encontrar-la-canasta-basica-mas-barata-y-la-gasolina-a-menos-de-24\/#primaryimage","url":"https:\/\/www.nexoinformativo.mx\/wp-content\/uploads\/2025\/04\/IMG_2266.jpg","contentUrl":"https:\/\/www.nexoinformativo.mx\/wp-content\/uploads\/2025\/04\/IMG_2266.jpg","width":612,"height":405,"caption":"A cheerful woman in a yellow coat holding a basket full of fresh vegetables, shopping at an outdoor farmers market while using her smartphone."},{"@type":"BreadcrumbList","@id":"https:\/\/www.nexoinformativo.mx\/index.php\/2025\/04\/15\/profeco-te-dice-donde-encontrar-la-canasta-basica-mas-barata-y-la-gasolina-a-menos-de-24\/#breadcrumb","itemListElement":[{"@type":"ListItem","position":1,"name":"Inicio","item":"https:\/\/www.nexoinformativo.mx\/"},{"@type":"ListItem","position":2,"name":"PROFECO al rescate de tu econom\u00eda anuncia descenso en precios clave y monitorea remesadoras"}]},{"@type":"WebSite","@id":"https:\/\/www.nexoinformativo.mx\/#website","url":"https:\/\/www.nexoinformativo.mx\/","name":"Nexo Informativo Santiago de Quer\u00e9taro","description":"Explora NexoInformativo y convi\u00e9rtete en parte de una comunidad que valora el conocimiento y la verdad. Tu nexoinformativo es tu puente hacia una comprensi\u00f3n m\u00e1s profunda del mundo que te rodea.","publisher":{"@id":"https:\/\/www.nexoinformativo.mx\/#organization"},"potentialAction":[{"@type":"SearchAction","target":{"@type":"EntryPoint","urlTemplate":"https:\/\/www.nexoinformativo.mx\/?s={search_term_string}"},"query-input":{"@type":"PropertyValueSpecification","valueRequired":true,"valueName":"search_term_string"}}],"inLanguage":"es"},{"@type":"Organization","@id":"https:\/\/www.nexoinformativo.mx\/#organization","name":"Nexo Informativo Santiago de Quer\u00e9taro","url":"https:\/\/www.nexoinformativo.mx\/","logo":{"@type":"ImageObject","inLanguage":"es","@id":"https:\/\/www.nexoinformativo.mx\/#\/schema\/logo\/image\/","url":"https:\/\/www.nexoinformativo.mx\/wp-content\/uploads\/2024\/07\/nexoi-trasparente-2.png","contentUrl":"https:\/\/www.nexoinformativo.mx\/wp-content\/uploads\/2024\/07\/nexoi-trasparente-2.png","width":816,"height":339,"caption":"Nexo Informativo Santiago de Quer\u00e9taro"},"image":{"@id":"https:\/\/www.nexoinformativo.mx\/#\/schema\/logo\/image\/"},"sameAs":["https:\/\/www.facebook.com\/people\/Nexo-Informativo\/61564066885511\/"]},{"@type":"Person","@id":"https:\/\/www.nexoinformativo.mx\/#\/schema\/person\/7749d380ba08c8ca00d7bc76fd907b7d","name":"Nexo Informativo","image":{"@type":"ImageObject","inLanguage":"es","@id":"https:\/\/www.nexoinformativo.mx\/#\/schema\/person\/image\/","url":"https:\/\/secure.gravatar.com\/avatar\/dde2928154642a13d95f87ddf1ea9718fe2b46760a005c53e41ff5ad610704e6?s=96&d=mm&r=g","contentUrl":"https:\/\/secure.gravatar.com\/avatar\/dde2928154642a13d95f87ddf1ea9718fe2b46760a005c53e41ff5ad610704e6?s=96&d=mm&r=g","caption":"Nexo Informativo"},"url":"https:\/\/www.nexoinformativo.mx\/index.php\/author\/edicion\/"}]}},"_links":{"self":[{"href":"https:\/\/www.nexoinformativo.mx\/index.php\/wp-json\/wp\/v2\/posts\/14163","targetHints":{"allow":["GET"]}}],"collection":[{"href":"https:\/\/www.nexoinformativo.mx\/index.php\/wp-json\/wp\/v2\/posts"}],"about":[{"href":"https:\/\/www.nexoinformativo.mx\/index.php\/wp-json\/wp\/v2\/types\/post"}],"author":[{"embeddable":true,"href":"https:\/\/www.nexoinformativo.mx\/index.php\/wp-json\/wp\/v2\/users\/3"}],"replies":[{"embeddable":true,"href":"https:\/\/www.nexoinformativo.mx\/index.php\/wp-json\/wp\/v2\/comments?post=14163"}],"version-history":[{"count":5,"href":"https:\/\/www.nexoinformativo.mx\/index.php\/wp-json\/wp\/v2\/posts\/14163\/revisions"}],"predecessor-version":[{"id":14169,"href":"https:\/\/www.nexoinformativo.mx\/index.php\/wp-json\/wp\/v2\/posts\/14163\/revisions\/14169"}],"wp:featuredmedia":[{"embeddable":true,"href":"https:\/\/www.nexoinformativo.mx\/index.php\/wp-json\/wp\/v2\/media\/14164"}],"wp:attachment":[{"href":"https:\/\/www.nexoinformativo.mx\/index.php\/wp-json\/wp\/v2\/media?parent=14163"}],"wp:term":[{"taxonomy":"category","embeddable":true,"href":"https:\/\/www.nexoinformativo.mx\/index.php\/wp-json\/wp\/v2\/categories?post=14163"},{"taxonomy":"post_tag","embeddable":true,"href":"https:\/\/www.nexoinformativo.mx\/index.php\/wp-json\/wp\/v2\/tags?post=14163"}],"curies":[{"name":"wp","href":"https:\/\/api.w.org\/{rel}","templated":true}]}}