{"id":14176,"date":"2025-04-15T09:00:32","date_gmt":"2025-04-15T15:00:32","guid":{"rendered":"https:\/\/www.nexoinformativo.mx\/?p=14176"},"modified":"2025-04-15T11:33:46","modified_gmt":"2025-04-15T17:33:46","slug":"talento-queretano-cruza-fronteras-sejuve-envia-a-jovenes-a-washington-para-impulsar-sus-carreras","status":"publish","type":"post","link":"https:\/\/www.nexoinformativo.mx\/index.php\/2025\/04\/15\/talento-queretano-cruza-fronteras-sejuve-envia-a-jovenes-a-washington-para-impulsar-sus-carreras\/","title":{"rendered":"Talento Queretano cruza fronteras SEJUVE env\u00eda a j\u00f3venes a Washington para impulsar sus carreras"},"content":{"rendered":"<p style=\"text-align: justify;\" data-sourcepos=\"11:1-11:404\">Cuatro j\u00f3venes talentos queretanos, egresados de licenciaturas e ingenier\u00edas, emprender\u00e1n un viaje de tres meses a Washington D.C., Estados Unidos, para estudiar y enriquecer su formaci\u00f3n profesional y cultural.<\/p>\n<p>&nbsp;<\/p>\n<p style=\"text-align: justify;\" data-sourcepos=\"11:1-11:404\">Esta oportunidad se concret\u00f3 gracias a la convocatoria 200 Internship, impulsada por la Secretar\u00eda de la Juventud (SEJUVE) en colaboraci\u00f3n con US-M\u00e9xico Fundation.<\/p>\n<p>&nbsp;<\/p>\n<p style=\"text-align: justify;\" data-sourcepos=\"13:1-13:346\">La titular de la SEJUVE, Virginia Hern\u00e1ndez se reuni\u00f3 con los j\u00f3venes seleccionados para desearles \u00e9xito en esta experiencia transformadora. Hern\u00e1ndez destac\u00f3 que esta iniciativa les facilitar\u00e1 su inserci\u00f3n en el competitivo mercado laboral global y les permitir\u00e1 desarrollar sus perfiles profesionales en empresas de alto nivel.<\/p>\n<p>&nbsp;<\/p>\n<p style=\"text-align: justify;\" data-sourcepos=\"15:1-15:479\"><strong>&#8220;Siempre lo he dicho, en Quer\u00e9taro hay mucho talento joven y es nuestro compromiso impulsarlo, es por ello que trabajamos en conjunto con US-M\u00e9xico Fundation para crear esta oportunidad para ustedes&#8221;.<\/strong><\/p>\n<\/p>\n<p>&nbsp;<\/p>\n<p style=\"text-align: justify;\" data-sourcepos=\"15:1-15:479\"><strong>&#8220;Durante tres meses van a estudiar y formar lazos culturales, esto les va a permitir regresar a Quer\u00e9taro con una gran experiencia que abonar\u00e1 a que tengan un perfil profesional m\u00e1s competitivo y que eso les permita llevar a cabo su plan de vida con \u00e9xito&#8221;<\/strong>, expres\u00f3 la secretaria.<\/p>\n<p>&nbsp;<\/p>\n<p style=\"text-align: justify;\" data-sourcepos=\"17:1-17:437\">Durante su estancia en Estados Unidos, los j\u00f3venes queretanos tendr\u00e1n la oportunidad de trabajar en diversas empresas, consultoras, think tanks, centros de investigaci\u00f3n y otras instituciones.<\/p>\n<p>&nbsp;<\/p>\n<p style=\"text-align: justify;\" data-sourcepos=\"17:1-17:437\">Esta experiencia no solo complementar\u00e1 su formaci\u00f3n acad\u00e9mica, sino que tambi\u00e9n les permitir\u00e1 establecer valiosos lazos culturales y abrir nuevas puertas para desarrollar su talento, potencial y capacidad para enfrentar los desaf\u00edos del futuro.<\/p>\n<p>&nbsp;<\/p>\n<p style=\"text-align: center;\" data-sourcepos=\"17:1-17:437\"><em><strong>\u00a1Informaci\u00f3n que transforma!<\/strong><\/em><\/p>\n","protected":false},"excerpt":{"rendered":"<p>Cuatro j\u00f3venes talentos queretanos, egresados de licenciaturas e ingenier\u00edas, emprender\u00e1n un viaje de tres meses a Washington D.C., Estados Unidos, para estudiar y enriquecer su formaci\u00f3n profesional y cultural.<\/p>\n","protected":false},"author":3,"featured_media":14177,"comment_status":"open","ping_status":"open","sticky":false,"template":"","format":"standard","meta":{"footnotes":""},"categories":[42,58],"tags":[4153,4151,4152,1169],"class_list":["post-14176","post","type-post","status-publish","format-standard","has-post-thumbnail","hentry","category-estado","category-ultima-hora","tag-intercambiocultural","tag-jovenesqroeneu","tag-sejuveimpulsa","tag-talentoqueretano"],"yoast_head":"<!-- This site is optimized with the Yoast SEO plugin v25.0 - https:\/\/yoast.com\/wordpress\/plugins\/seo\/ -->\n<title>Talento Queretano cruza fronteras SEJUVE env\u00eda a j\u00f3venes a Washington para impulsar sus carreras | Nexo Informativo Santiago de Quer\u00e9taro<\/title>\n<meta name=\"description\" content=\"Talento Queretano cruza fronteras SEJUVE env\u00eda a j\u00f3venes a Washington para impulsar sus carreras\" \/>\n<meta name=\"robots\" content=\"index, follow, max-snippet:-1, max-image-preview:large, max-video-preview:-1\" \/>\n<link rel=\"canonical\" href=\"https:\/\/www.nexoinformativo.mx\/index.php\/2025\/04\/15\/talento-queretano-cruza-fronteras-sejuve-envia-a-jovenes-a-washington-para-impulsar-sus-carreras\/\" \/>\n<meta property=\"og:locale\" content=\"es_MX\" \/>\n<meta property=\"og:type\" content=\"article\" \/>\n<meta property=\"og:title\" content=\"Talento Queretano cruza fronteras SEJUVE env\u00eda a j\u00f3venes a Washington para impulsar sus carreras | Nexo Informativo Santiago de Quer\u00e9taro\" \/>\n<meta property=\"og:description\" content=\"Talento Queretano cruza fronteras SEJUVE env\u00eda a j\u00f3venes a Washington para impulsar sus carreras\" \/>\n<meta property=\"og:url\" content=\"https:\/\/www.nexoinformativo.mx\/index.php\/2025\/04\/15\/talento-queretano-cruza-fronteras-sejuve-envia-a-jovenes-a-washington-para-impulsar-sus-carreras\/\" \/>\n<meta property=\"og:site_name\" content=\"Nexo Informativo Santiago de Quer\u00e9taro\" \/>\n<meta property=\"article:publisher\" content=\"https:\/\/www.facebook.com\/people\/Nexo-Informativo\/61564066885511\/\" \/>\n<meta property=\"article:published_time\" content=\"2025-04-15T15:00:32+00:00\" \/>\n<meta property=\"article:modified_time\" content=\"2025-04-15T17:33:46+00:00\" \/>\n<meta property=\"og:image\" content=\"https:\/\/www.nexoinformativo.mx\/wp-content\/uploads\/2025\/04\/PHOTO-2025-04-15-11-24-51-e1744738316987.jpg\" \/>\n\t<meta property=\"og:image:width\" content=\"800\" \/>\n\t<meta property=\"og:image:height\" content=\"968\" \/>\n\t<meta property=\"og:image:type\" content=\"image\/jpeg\" \/>\n<meta name=\"author\" content=\"Nexo Informativo\" \/>\n<meta name=\"twitter:card\" content=\"summary_large_image\" \/>\n<meta name=\"twitter:label1\" content=\"Escrito por\" \/>\n\t<meta name=\"twitter:data1\" content=\"Nexo Informativo\" \/>\n\t<meta name=\"twitter:label2\" content=\"Tiempo de lectura\" \/>\n\t<meta name=\"twitter:data2\" content=\"2 minutos\" \/>\n<script type=\"application\/ld+json\" class=\"yoast-schema-graph\">{\"@context\":\"https:\/\/schema.org\",\"@graph\":[{\"@type\":\"Article\",\"@id\":\"https:\/\/www.nexoinformativo.mx\/index.php\/2025\/04\/15\/talento-queretano-cruza-fronteras-sejuve-envia-a-jovenes-a-washington-para-impulsar-sus-carreras\/#article\",\"isPartOf\":{\"@id\":\"https:\/\/www.nexoinformativo.mx\/index.php\/2025\/04\/15\/talento-queretano-cruza-fronteras-sejuve-envia-a-jovenes-a-washington-para-impulsar-sus-carreras\/\"},\"author\":{\"name\":\"Nexo Informativo\",\"@id\":\"https:\/\/www.nexoinformativo.mx\/#\/schema\/person\/7749d380ba08c8ca00d7bc76fd907b7d\"},\"headline\":\"Talento Queretano cruza fronteras SEJUVE env\u00eda a j\u00f3venes a Washington para impulsar sus carreras\",\"datePublished\":\"2025-04-15T15:00:32+00:00\",\"dateModified\":\"2025-04-15T17:33:46+00:00\",\"mainEntityOfPage\":{\"@id\":\"https:\/\/www.nexoinformativo.mx\/index.php\/2025\/04\/15\/talento-queretano-cruza-fronteras-sejuve-envia-a-jovenes-a-washington-para-impulsar-sus-carreras\/\"},\"wordCount\":288,\"commentCount\":0,\"publisher\":{\"@id\":\"https:\/\/www.nexoinformativo.mx\/#organization\"},\"image\":{\"@id\":\"https:\/\/www.nexoinformativo.mx\/index.php\/2025\/04\/15\/talento-queretano-cruza-fronteras-sejuve-envia-a-jovenes-a-washington-para-impulsar-sus-carreras\/#primaryimage\"},\"thumbnailUrl\":\"https:\/\/www.nexoinformativo.mx\/wp-content\/uploads\/2025\/04\/PHOTO-2025-04-15-11-24-51-e1744738316987.jpg\",\"keywords\":[\"IntercambioCultural\",\"J\u00f3venesQroEnEU\",\"SEJUVEImpulsa\",\"TalentoQueretano\"],\"articleSection\":[\"Estado\",\"\u00daltima Hora\"],\"inLanguage\":\"es\",\"potentialAction\":[{\"@type\":\"CommentAction\",\"name\":\"Comment\",\"target\":[\"https:\/\/www.nexoinformativo.mx\/index.php\/2025\/04\/15\/talento-queretano-cruza-fronteras-sejuve-envia-a-jovenes-a-washington-para-impulsar-sus-carreras\/#respond\"]}]},{\"@type\":\"WebPage\",\"@id\":\"https:\/\/www.nexoinformativo.mx\/index.php\/2025\/04\/15\/talento-queretano-cruza-fronteras-sejuve-envia-a-jovenes-a-washington-para-impulsar-sus-carreras\/\",\"url\":\"https:\/\/www.nexoinformativo.mx\/index.php\/2025\/04\/15\/talento-queretano-cruza-fronteras-sejuve-envia-a-jovenes-a-washington-para-impulsar-sus-carreras\/\",\"name\":\"Talento Queretano cruza fronteras SEJUVE env\u00eda a j\u00f3venes a Washington para impulsar sus carreras | Nexo Informativo Santiago de Quer\u00e9taro\",\"isPartOf\":{\"@id\":\"https:\/\/www.nexoinformativo.mx\/#website\"},\"primaryImageOfPage\":{\"@id\":\"https:\/\/www.nexoinformativo.mx\/index.php\/2025\/04\/15\/talento-queretano-cruza-fronteras-sejuve-envia-a-jovenes-a-washington-para-impulsar-sus-carreras\/#primaryimage\"},\"image\":{\"@id\":\"https:\/\/www.nexoinformativo.mx\/index.php\/2025\/04\/15\/talento-queretano-cruza-fronteras-sejuve-envia-a-jovenes-a-washington-para-impulsar-sus-carreras\/#primaryimage\"},\"thumbnailUrl\":\"https:\/\/www.nexoinformativo.mx\/wp-content\/uploads\/2025\/04\/PHOTO-2025-04-15-11-24-51-e1744738316987.jpg\",\"datePublished\":\"2025-04-15T15:00:32+00:00\",\"dateModified\":\"2025-04-15T17:33:46+00:00\",\"description\":\"Talento Queretano cruza fronteras SEJUVE env\u00eda a j\u00f3venes a Washington para impulsar sus carreras\",\"breadcrumb\":{\"@id\":\"https:\/\/www.nexoinformativo.mx\/index.php\/2025\/04\/15\/talento-queretano-cruza-fronteras-sejuve-envia-a-jovenes-a-washington-para-impulsar-sus-carreras\/#breadcrumb\"},\"inLanguage\":\"es\",\"potentialAction\":[{\"@type\":\"ReadAction\",\"target\":[\"https:\/\/www.nexoinformativo.mx\/index.php\/2025\/04\/15\/talento-queretano-cruza-fronteras-sejuve-envia-a-jovenes-a-washington-para-impulsar-sus-carreras\/\"]}]},{\"@type\":\"ImageObject\",\"inLanguage\":\"es\",\"@id\":\"https:\/\/www.nexoinformativo.mx\/index.php\/2025\/04\/15\/talento-queretano-cruza-fronteras-sejuve-envia-a-jovenes-a-washington-para-impulsar-sus-carreras\/#primaryimage\",\"url\":\"https:\/\/www.nexoinformativo.mx\/wp-content\/uploads\/2025\/04\/PHOTO-2025-04-15-11-24-51-e1744738316987.jpg\",\"contentUrl\":\"https:\/\/www.nexoinformativo.mx\/wp-content\/uploads\/2025\/04\/PHOTO-2025-04-15-11-24-51-e1744738316987.jpg\",\"width\":800,\"height\":968},{\"@type\":\"BreadcrumbList\",\"@id\":\"https:\/\/www.nexoinformativo.mx\/index.php\/2025\/04\/15\/talento-queretano-cruza-fronteras-sejuve-envia-a-jovenes-a-washington-para-impulsar-sus-carreras\/#breadcrumb\",\"itemListElement\":[{\"@type\":\"ListItem\",\"position\":1,\"name\":\"Inicio\",\"item\":\"https:\/\/www.nexoinformativo.mx\/\"},{\"@type\":\"ListItem\",\"position\":2,\"name\":\"Talento Queretano cruza fronteras SEJUVE env\u00eda a j\u00f3venes a Washington para impulsar sus carreras\"}]},{\"@type\":\"WebSite\",\"@id\":\"https:\/\/www.nexoinformativo.mx\/#website\",\"url\":\"https:\/\/www.nexoinformativo.mx\/\",\"name\":\"Nexo Informativo Santiago de Quer\u00e9taro\",\"description\":\"Explora NexoInformativo y convi\u00e9rtete en parte de una comunidad que valora el conocimiento y la verdad. Tu nexoinformativo es tu puente hacia una comprensi\u00f3n m\u00e1s profunda del mundo que te rodea.\",\"publisher\":{\"@id\":\"https:\/\/www.nexoinformativo.mx\/#organization\"},\"potentialAction\":[{\"@type\":\"SearchAction\",\"target\":{\"@type\":\"EntryPoint\",\"urlTemplate\":\"https:\/\/www.nexoinformativo.mx\/?s={search_term_string}\"},\"query-input\":{\"@type\":\"PropertyValueSpecification\",\"valueRequired\":true,\"valueName\":\"search_term_string\"}}],\"inLanguage\":\"es\"},{\"@type\":\"Organization\",\"@id\":\"https:\/\/www.nexoinformativo.mx\/#organization\",\"name\":\"Nexo Informativo Santiago de Quer\u00e9taro\",\"url\":\"https:\/\/www.nexoinformativo.mx\/\",\"logo\":{\"@type\":\"ImageObject\",\"inLanguage\":\"es\",\"@id\":\"https:\/\/www.nexoinformativo.mx\/#\/schema\/logo\/image\/\",\"url\":\"https:\/\/www.nexoinformativo.mx\/wp-content\/uploads\/2024\/07\/nexoi-trasparente-2.png\",\"contentUrl\":\"https:\/\/www.nexoinformativo.mx\/wp-content\/uploads\/2024\/07\/nexoi-trasparente-2.png\",\"width\":816,\"height\":339,\"caption\":\"Nexo Informativo Santiago de Quer\u00e9taro\"},\"image\":{\"@id\":\"https:\/\/www.nexoinformativo.mx\/#\/schema\/logo\/image\/\"},\"sameAs\":[\"https:\/\/www.facebook.com\/people\/Nexo-Informativo\/61564066885511\/\"]},{\"@type\":\"Person\",\"@id\":\"https:\/\/www.nexoinformativo.mx\/#\/schema\/person\/7749d380ba08c8ca00d7bc76fd907b7d\",\"name\":\"Nexo Informativo\",\"image\":{\"@type\":\"ImageObject\",\"inLanguage\":\"es\",\"@id\":\"https:\/\/www.nexoinformativo.mx\/#\/schema\/person\/image\/\",\"url\":\"https:\/\/secure.gravatar.com\/avatar\/dde2928154642a13d95f87ddf1ea9718fe2b46760a005c53e41ff5ad610704e6?s=96&d=mm&r=g\",\"contentUrl\":\"https:\/\/secure.gravatar.com\/avatar\/dde2928154642a13d95f87ddf1ea9718fe2b46760a005c53e41ff5ad610704e6?s=96&d=mm&r=g\",\"caption\":\"Nexo Informativo\"},\"url\":\"https:\/\/www.nexoinformativo.mx\/index.php\/author\/edicion\/\"}]}<\/script>\n<!-- \/ Yoast SEO plugin. -->","yoast_head_json":{"title":"Talento Queretano cruza fronteras SEJUVE env\u00eda a j\u00f3venes a Washington para impulsar sus carreras | Nexo Informativo Santiago de Quer\u00e9taro","description":"Talento Queretano cruza fronteras SEJUVE env\u00eda a j\u00f3venes a Washington para impulsar sus carreras","robots":{"index":"index","follow":"follow","max-snippet":"max-snippet:-1","max-image-preview":"max-image-preview:large","max-video-preview":"max-video-preview:-1"},"canonical":"https:\/\/www.nexoinformativo.mx\/index.php\/2025\/04\/15\/talento-queretano-cruza-fronteras-sejuve-envia-a-jovenes-a-washington-para-impulsar-sus-carreras\/","og_locale":"es_MX","og_type":"article","og_title":"Talento Queretano cruza fronteras SEJUVE env\u00eda a j\u00f3venes a Washington para impulsar sus carreras | Nexo Informativo Santiago de Quer\u00e9taro","og_description":"Talento Queretano cruza fronteras SEJUVE env\u00eda a j\u00f3venes a Washington para impulsar sus carreras","og_url":"https:\/\/www.nexoinformativo.mx\/index.php\/2025\/04\/15\/talento-queretano-cruza-fronteras-sejuve-envia-a-jovenes-a-washington-para-impulsar-sus-carreras\/","og_site_name":"Nexo Informativo Santiago de Quer\u00e9taro","article_publisher":"https:\/\/www.facebook.com\/people\/Nexo-Informativo\/61564066885511\/","article_published_time":"2025-04-15T15:00:32+00:00","article_modified_time":"2025-04-15T17:33:46+00:00","og_image":[{"width":800,"height":968,"url":"https:\/\/www.nexoinformativo.mx\/wp-content\/uploads\/2025\/04\/PHOTO-2025-04-15-11-24-51-e1744738316987.jpg","type":"image\/jpeg"}],"author":"Nexo Informativo","twitter_card":"summary_large_image","twitter_misc":{"Escrito por":"Nexo Informativo","Tiempo de lectura":"2 minutos"},"schema":{"@context":"https:\/\/schema.org","@graph":[{"@type":"Article","@id":"https:\/\/www.nexoinformativo.mx\/index.php\/2025\/04\/15\/talento-queretano-cruza-fronteras-sejuve-envia-a-jovenes-a-washington-para-impulsar-sus-carreras\/#article","isPartOf":{"@id":"https:\/\/www.nexoinformativo.mx\/index.php\/2025\/04\/15\/talento-queretano-cruza-fronteras-sejuve-envia-a-jovenes-a-washington-para-impulsar-sus-carreras\/"},"author":{"name":"Nexo Informativo","@id":"https:\/\/www.nexoinformativo.mx\/#\/schema\/person\/7749d380ba08c8ca00d7bc76fd907b7d"},"headline":"Talento Queretano cruza fronteras SEJUVE env\u00eda a j\u00f3venes a Washington para impulsar sus carreras","datePublished":"2025-04-15T15:00:32+00:00","dateModified":"2025-04-15T17:33:46+00:00","mainEntityOfPage":{"@id":"https:\/\/www.nexoinformativo.mx\/index.php\/2025\/04\/15\/talento-queretano-cruza-fronteras-sejuve-envia-a-jovenes-a-washington-para-impulsar-sus-carreras\/"},"wordCount":288,"commentCount":0,"publisher":{"@id":"https:\/\/www.nexoinformativo.mx\/#organization"},"image":{"@id":"https:\/\/www.nexoinformativo.mx\/index.php\/2025\/04\/15\/talento-queretano-cruza-fronteras-sejuve-envia-a-jovenes-a-washington-para-impulsar-sus-carreras\/#primaryimage"},"thumbnailUrl":"https:\/\/www.nexoinformativo.mx\/wp-content\/uploads\/2025\/04\/PHOTO-2025-04-15-11-24-51-e1744738316987.jpg","keywords":["IntercambioCultural","J\u00f3venesQroEnEU","SEJUVEImpulsa","TalentoQueretano"],"articleSection":["Estado","\u00daltima Hora"],"inLanguage":"es","potentialAction":[{"@type":"CommentAction","name":"Comment","target":["https:\/\/www.nexoinformativo.mx\/index.php\/2025\/04\/15\/talento-queretano-cruza-fronteras-sejuve-envia-a-jovenes-a-washington-para-impulsar-sus-carreras\/#respond"]}]},{"@type":"WebPage","@id":"https:\/\/www.nexoinformativo.mx\/index.php\/2025\/04\/15\/talento-queretano-cruza-fronteras-sejuve-envia-a-jovenes-a-washington-para-impulsar-sus-carreras\/","url":"https:\/\/www.nexoinformativo.mx\/index.php\/2025\/04\/15\/talento-queretano-cruza-fronteras-sejuve-envia-a-jovenes-a-washington-para-impulsar-sus-carreras\/","name":"Talento Queretano cruza fronteras SEJUVE env\u00eda a j\u00f3venes a Washington para impulsar sus carreras | Nexo Informativo Santiago de Quer\u00e9taro","isPartOf":{"@id":"https:\/\/www.nexoinformativo.mx\/#website"},"primaryImageOfPage":{"@id":"https:\/\/www.nexoinformativo.mx\/index.php\/2025\/04\/15\/talento-queretano-cruza-fronteras-sejuve-envia-a-jovenes-a-washington-para-impulsar-sus-carreras\/#primaryimage"},"image":{"@id":"https:\/\/www.nexoinformativo.mx\/index.php\/2025\/04\/15\/talento-queretano-cruza-fronteras-sejuve-envia-a-jovenes-a-washington-para-impulsar-sus-carreras\/#primaryimage"},"thumbnailUrl":"https:\/\/www.nexoinformativo.mx\/wp-content\/uploads\/2025\/04\/PHOTO-2025-04-15-11-24-51-e1744738316987.jpg","datePublished":"2025-04-15T15:00:32+00:00","dateModified":"2025-04-15T17:33:46+00:00","description":"Talento Queretano cruza fronteras SEJUVE env\u00eda a j\u00f3venes a Washington para impulsar sus carreras","breadcrumb":{"@id":"https:\/\/www.nexoinformativo.mx\/index.php\/2025\/04\/15\/talento-queretano-cruza-fronteras-sejuve-envia-a-jovenes-a-washington-para-impulsar-sus-carreras\/#breadcrumb"},"inLanguage":"es","potentialAction":[{"@type":"ReadAction","target":["https:\/\/www.nexoinformativo.mx\/index.php\/2025\/04\/15\/talento-queretano-cruza-fronteras-sejuve-envia-a-jovenes-a-washington-para-impulsar-sus-carreras\/"]}]},{"@type":"ImageObject","inLanguage":"es","@id":"https:\/\/www.nexoinformativo.mx\/index.php\/2025\/04\/15\/talento-queretano-cruza-fronteras-sejuve-envia-a-jovenes-a-washington-para-impulsar-sus-carreras\/#primaryimage","url":"https:\/\/www.nexoinformativo.mx\/wp-content\/uploads\/2025\/04\/PHOTO-2025-04-15-11-24-51-e1744738316987.jpg","contentUrl":"https:\/\/www.nexoinformativo.mx\/wp-content\/uploads\/2025\/04\/PHOTO-2025-04-15-11-24-51-e1744738316987.jpg","width":800,"height":968},{"@type":"BreadcrumbList","@id":"https:\/\/www.nexoinformativo.mx\/index.php\/2025\/04\/15\/talento-queretano-cruza-fronteras-sejuve-envia-a-jovenes-a-washington-para-impulsar-sus-carreras\/#breadcrumb","itemListElement":[{"@type":"ListItem","position":1,"name":"Inicio","item":"https:\/\/www.nexoinformativo.mx\/"},{"@type":"ListItem","position":2,"name":"Talento Queretano cruza fronteras SEJUVE env\u00eda a j\u00f3venes a Washington para impulsar sus carreras"}]},{"@type":"WebSite","@id":"https:\/\/www.nexoinformativo.mx\/#website","url":"https:\/\/www.nexoinformativo.mx\/","name":"Nexo Informativo Santiago de Quer\u00e9taro","description":"Explora NexoInformativo y convi\u00e9rtete en parte de una comunidad que valora el conocimiento y la verdad. Tu nexoinformativo es tu puente hacia una comprensi\u00f3n m\u00e1s profunda del mundo que te rodea.","publisher":{"@id":"https:\/\/www.nexoinformativo.mx\/#organization"},"potentialAction":[{"@type":"SearchAction","target":{"@type":"EntryPoint","urlTemplate":"https:\/\/www.nexoinformativo.mx\/?s={search_term_string}"},"query-input":{"@type":"PropertyValueSpecification","valueRequired":true,"valueName":"search_term_string"}}],"inLanguage":"es"},{"@type":"Organization","@id":"https:\/\/www.nexoinformativo.mx\/#organization","name":"Nexo Informativo Santiago de Quer\u00e9taro","url":"https:\/\/www.nexoinformativo.mx\/","logo":{"@type":"ImageObject","inLanguage":"es","@id":"https:\/\/www.nexoinformativo.mx\/#\/schema\/logo\/image\/","url":"https:\/\/www.nexoinformativo.mx\/wp-content\/uploads\/2024\/07\/nexoi-trasparente-2.png","contentUrl":"https:\/\/www.nexoinformativo.mx\/wp-content\/uploads\/2024\/07\/nexoi-trasparente-2.png","width":816,"height":339,"caption":"Nexo Informativo Santiago de Quer\u00e9taro"},"image":{"@id":"https:\/\/www.nexoinformativo.mx\/#\/schema\/logo\/image\/"},"sameAs":["https:\/\/www.facebook.com\/people\/Nexo-Informativo\/61564066885511\/"]},{"@type":"Person","@id":"https:\/\/www.nexoinformativo.mx\/#\/schema\/person\/7749d380ba08c8ca00d7bc76fd907b7d","name":"Nexo Informativo","image":{"@type":"ImageObject","inLanguage":"es","@id":"https:\/\/www.nexoinformativo.mx\/#\/schema\/person\/image\/","url":"https:\/\/secure.gravatar.com\/avatar\/dde2928154642a13d95f87ddf1ea9718fe2b46760a005c53e41ff5ad610704e6?s=96&d=mm&r=g","contentUrl":"https:\/\/secure.gravatar.com\/avatar\/dde2928154642a13d95f87ddf1ea9718fe2b46760a005c53e41ff5ad610704e6?s=96&d=mm&r=g","caption":"Nexo Informativo"},"url":"https:\/\/www.nexoinformativo.mx\/index.php\/author\/edicion\/"}]}},"_links":{"self":[{"href":"https:\/\/www.nexoinformativo.mx\/index.php\/wp-json\/wp\/v2\/posts\/14176","targetHints":{"allow":["GET"]}}],"collection":[{"href":"https:\/\/www.nexoinformativo.mx\/index.php\/wp-json\/wp\/v2\/posts"}],"about":[{"href":"https:\/\/www.nexoinformativo.mx\/index.php\/wp-json\/wp\/v2\/types\/post"}],"author":[{"embeddable":true,"href":"https:\/\/www.nexoinformativo.mx\/index.php\/wp-json\/wp\/v2\/users\/3"}],"replies":[{"embeddable":true,"href":"https:\/\/www.nexoinformativo.mx\/index.php\/wp-json\/wp\/v2\/comments?post=14176"}],"version-history":[{"count":5,"href":"https:\/\/www.nexoinformativo.mx\/index.php\/wp-json\/wp\/v2\/posts\/14176\/revisions"}],"predecessor-version":[{"id":14180,"href":"https:\/\/www.nexoinformativo.mx\/index.php\/wp-json\/wp\/v2\/posts\/14176\/revisions\/14180"}],"wp:featuredmedia":[{"embeddable":true,"href":"https:\/\/www.nexoinformativo.mx\/index.php\/wp-json\/wp\/v2\/media\/14177"}],"wp:attachment":[{"href":"https:\/\/www.nexoinformativo.mx\/index.php\/wp-json\/wp\/v2\/media?parent=14176"}],"wp:term":[{"taxonomy":"category","embeddable":true,"href":"https:\/\/www.nexoinformativo.mx\/index.php\/wp-json\/wp\/v2\/categories?post=14176"},{"taxonomy":"post_tag","embeddable":true,"href":"https:\/\/www.nexoinformativo.mx\/index.php\/wp-json\/wp\/v2\/tags?post=14176"}],"curies":[{"name":"wp","href":"https:\/\/api.w.org\/{rel}","templated":true}]}}