{"id":14183,"date":"2025-04-15T10:00:58","date_gmt":"2025-04-15T16:00:58","guid":{"rendered":"https:\/\/www.nexoinformativo.mx\/?p=14183"},"modified":"2025-04-15T11:38:45","modified_gmt":"2025-04-15T17:38:45","slug":"prevencion-la-mejor-defensa-proteccion-civil-entrena-a-municipios-para-combatir-incendios-y-proteger-la-sierra","status":"publish","type":"post","link":"https:\/\/www.nexoinformativo.mx\/index.php\/2025\/04\/15\/prevencion-la-mejor-defensa-proteccion-civil-entrena-a-municipios-para-combatir-incendios-y-proteger-la-sierra\/","title":{"rendered":"Prevenci\u00f3n la mejor defensa Protecci\u00f3n Civil entrena a Municipios para combatir incendios y proteger la Sierra"},"content":{"rendered":"<p style=\"text-align: justify;\" data-sourcepos=\"11:1-11:484\">Con la mira puesta en la temporada de incendios forestales, la <strong>Coordinaci\u00f3n Estatal de Protecci\u00f3n Civil de Quer\u00e9taro<\/strong> (CEPCQ) llev\u00f3 a cabo una capacitaci\u00f3n especializada dirigida a integrantes de las coordinaciones municipales de Protecci\u00f3n Civil de la entidad.<\/p>\n<\/p>\n<p>&nbsp;<\/p>\n<p style=\"text-align: justify;\" data-sourcepos=\"11:1-11:484\">El objetivo principal fue fortalecer las acciones y la capacidad de respuesta ante estos siniestros, haciendo especial \u00e9nfasis en la prevenci\u00f3n como herramienta fundamental para reducir riesgos.<\/p>\n<\/p>\n<p>&nbsp;<\/p>\n<p style=\"text-align: justify;\" data-sourcepos=\"13:1-13:409\">El director general de la CEPCQ, Javier Amaya, resalt\u00f3 la importancia de la vigilancia activa tanto por parte de las autoridades como de la poblaci\u00f3n ante las altas temperaturas, factor que incrementa el riesgo de incendios que amenazan vidas, territorio y recursos naturales.<\/p>\n<\/p>\n<p>&nbsp;<\/p>\n<p style=\"text-align: justify;\" data-sourcepos=\"13:1-13:409\">Subray\u00f3 que la capacitaci\u00f3n constante es clave para mejorar la capacidad operativa y mitigar los efectos de estos incidentes.<\/p>\n<\/p>\n<p>&nbsp;<\/p>\n<p style=\"text-align: justify;\" data-sourcepos=\"15:1-15:398\">Durante la jornada de capacitaci\u00f3n, personal experto del \u00e1rea de atenci\u00f3n de emergencias comparti\u00f3 conocimientos y formaci\u00f3n especializada en aspectos operativos cruciales como la coordinaci\u00f3n interinstitucional, la implementaci\u00f3n de acciones de manejo del fuego, las medidas para mitigar sus efectos, la intervenci\u00f3n coordinada de los equipos de respuesta y la informaci\u00f3n sobre alertas tempranas.<\/p>\n<\/p>\n<p>&nbsp;<\/p>\n<p style=\"text-align: justify;\" data-sourcepos=\"17:1-17:410\">Asimismo, se abordaron temas relevantes como la instrumentaci\u00f3n de puestos de mando unificados y el uso de tecnolog\u00eda para la supervisi\u00f3n y el monitoreo en tiempo real de los incendios.<\/p>\n<\/p>\n<p>&nbsp;<\/p>\n<p style=\"text-align: justify;\" data-sourcepos=\"17:1-17:410\">Un componente fundamental de la capacitaci\u00f3n fue el fortalecimiento de las acciones de prevenci\u00f3n dirigidas a la ciudadan\u00eda, con el fin de lograr una r\u00e1pida identificaci\u00f3n y atenci\u00f3n oportuna de cualquier conato de incendio.<\/p>\n<\/p>\n<p>&nbsp;<\/p>\n<p style=\"text-align: justify;\" data-sourcepos=\"19:1-19:315\">En este encuentro participaron directivos y personal operativo de las Coordinaciones Municipales de Protecci\u00f3n Civil de Amealco, Arroyo Seco, Cadereyta, Col\u00f3n, Landa de Matamoros, Pe\u00f1amiller, Pinal de Amoles, San Joaqu\u00edn, San Juan del R\u00edo y Tolim\u00e1n, as\u00ed como integrantes de Bomberos Voluntarios de San Juan del R\u00edo.<\/p>\n<\/p>\n<p>&nbsp;<\/p>\n<p style=\"text-align: center;\" data-sourcepos=\"19:1-19:315\"><em><strong>\u00a1Informaci\u00f3n que transforma!<\/strong><\/em><\/p>\n","protected":false},"excerpt":{"rendered":"<p>Con la mira puesta en la temporada de incendios forestales, la Coordinaci\u00f3n Estatal de Protecci\u00f3n Civil de Quer\u00e9taro (CEPCQ) llev\u00f3 a cabo una capacitaci\u00f3n especializada dirigida a integrantes de las coordinaciones municipales de Protecci\u00f3n Civil de la entidad.<\/p>\n","protected":false},"author":3,"featured_media":14184,"comment_status":"open","ping_status":"open","sticky":false,"template":"","format":"standard","meta":{"footnotes":""},"categories":[65,58],"tags":[4156,4154,4155,268],"class_list":["post-14183","post","type-post","status-publish","format-standard","has-post-thumbnail","hentry","category-municipios","category-ultima-hora","tag-cepcq","tag-incendiosforestalesqro","tag-prevencionincendios","tag-proteccioncivilqro"],"yoast_head":"<!-- This site is optimized with the Yoast SEO plugin v25.0 - https:\/\/yoast.com\/wordpress\/plugins\/seo\/ -->\n<title>Prevenci\u00f3n la mejor defensa Protecci\u00f3n Civil entrena a Municipios para combatir incendios y proteger la Sierra | Nexo Informativo Santiago de Quer\u00e9taro<\/title>\n<meta name=\"description\" content=\"Prevenci\u00f3n la mejor defensa Protecci\u00f3n Civil entrena a Municipios para combatir incendios y proteger la Sierra\" \/>\n<meta name=\"robots\" content=\"index, follow, max-snippet:-1, max-image-preview:large, max-video-preview:-1\" \/>\n<link rel=\"canonical\" href=\"https:\/\/www.nexoinformativo.mx\/index.php\/2025\/04\/15\/prevencion-la-mejor-defensa-proteccion-civil-entrena-a-municipios-para-combatir-incendios-y-proteger-la-sierra\/\" \/>\n<meta property=\"og:locale\" content=\"es_MX\" \/>\n<meta property=\"og:type\" content=\"article\" \/>\n<meta property=\"og:title\" content=\"Prevenci\u00f3n la mejor defensa Protecci\u00f3n Civil entrena a Municipios para combatir incendios y proteger la Sierra | Nexo Informativo Santiago de Quer\u00e9taro\" \/>\n<meta property=\"og:description\" content=\"Prevenci\u00f3n la mejor defensa Protecci\u00f3n Civil entrena a Municipios para combatir incendios y proteger la Sierra\" \/>\n<meta property=\"og:url\" content=\"https:\/\/www.nexoinformativo.mx\/index.php\/2025\/04\/15\/prevencion-la-mejor-defensa-proteccion-civil-entrena-a-municipios-para-combatir-incendios-y-proteger-la-sierra\/\" \/>\n<meta property=\"og:site_name\" content=\"Nexo Informativo Santiago de Quer\u00e9taro\" \/>\n<meta property=\"article:publisher\" content=\"https:\/\/www.facebook.com\/people\/Nexo-Informativo\/61564066885511\/\" \/>\n<meta property=\"article:published_time\" content=\"2025-04-15T16:00:58+00:00\" \/>\n<meta property=\"article:modified_time\" content=\"2025-04-15T17:38:45+00:00\" \/>\n<meta property=\"og:image\" content=\"https:\/\/www.nexoinformativo.mx\/wp-content\/uploads\/2025\/04\/PHOTO-2025-04-15-11-27-06-e1744738649598.jpg\" \/>\n\t<meta property=\"og:image:width\" content=\"800\" \/>\n\t<meta property=\"og:image:height\" content=\"503\" \/>\n\t<meta property=\"og:image:type\" content=\"image\/jpeg\" \/>\n<meta name=\"author\" content=\"Nexo Informativo\" \/>\n<meta name=\"twitter:card\" content=\"summary_large_image\" \/>\n<meta name=\"twitter:label1\" content=\"Escrito por\" \/>\n\t<meta name=\"twitter:data1\" content=\"Nexo Informativo\" \/>\n\t<meta name=\"twitter:label2\" content=\"Tiempo de lectura\" \/>\n\t<meta name=\"twitter:data2\" content=\"2 minutos\" \/>\n<script type=\"application\/ld+json\" class=\"yoast-schema-graph\">{\"@context\":\"https:\/\/schema.org\",\"@graph\":[{\"@type\":\"Article\",\"@id\":\"https:\/\/www.nexoinformativo.mx\/index.php\/2025\/04\/15\/prevencion-la-mejor-defensa-proteccion-civil-entrena-a-municipios-para-combatir-incendios-y-proteger-la-sierra\/#article\",\"isPartOf\":{\"@id\":\"https:\/\/www.nexoinformativo.mx\/index.php\/2025\/04\/15\/prevencion-la-mejor-defensa-proteccion-civil-entrena-a-municipios-para-combatir-incendios-y-proteger-la-sierra\/\"},\"author\":{\"name\":\"Nexo Informativo\",\"@id\":\"https:\/\/www.nexoinformativo.mx\/#\/schema\/person\/7749d380ba08c8ca00d7bc76fd907b7d\"},\"headline\":\"Prevenci\u00f3n la mejor defensa Protecci\u00f3n Civil entrena a Municipios para combatir incendios y proteger la Sierra\",\"datePublished\":\"2025-04-15T16:00:58+00:00\",\"dateModified\":\"2025-04-15T17:38:45+00:00\",\"mainEntityOfPage\":{\"@id\":\"https:\/\/www.nexoinformativo.mx\/index.php\/2025\/04\/15\/prevencion-la-mejor-defensa-proteccion-civil-entrena-a-municipios-para-combatir-incendios-y-proteger-la-sierra\/\"},\"wordCount\":353,\"commentCount\":0,\"publisher\":{\"@id\":\"https:\/\/www.nexoinformativo.mx\/#organization\"},\"image\":{\"@id\":\"https:\/\/www.nexoinformativo.mx\/index.php\/2025\/04\/15\/prevencion-la-mejor-defensa-proteccion-civil-entrena-a-municipios-para-combatir-incendios-y-proteger-la-sierra\/#primaryimage\"},\"thumbnailUrl\":\"https:\/\/www.nexoinformativo.mx\/wp-content\/uploads\/2025\/04\/PHOTO-2025-04-15-11-27-06-e1744738649598.jpg\",\"keywords\":[\"CEPCQ\",\"IncendiosForestalesQro\",\"Prevenci\u00f3nIncendios\",\"ProteccionCivilQro\"],\"articleSection\":[\"Municipios\",\"\u00daltima Hora\"],\"inLanguage\":\"es\",\"potentialAction\":[{\"@type\":\"CommentAction\",\"name\":\"Comment\",\"target\":[\"https:\/\/www.nexoinformativo.mx\/index.php\/2025\/04\/15\/prevencion-la-mejor-defensa-proteccion-civil-entrena-a-municipios-para-combatir-incendios-y-proteger-la-sierra\/#respond\"]}]},{\"@type\":\"WebPage\",\"@id\":\"https:\/\/www.nexoinformativo.mx\/index.php\/2025\/04\/15\/prevencion-la-mejor-defensa-proteccion-civil-entrena-a-municipios-para-combatir-incendios-y-proteger-la-sierra\/\",\"url\":\"https:\/\/www.nexoinformativo.mx\/index.php\/2025\/04\/15\/prevencion-la-mejor-defensa-proteccion-civil-entrena-a-municipios-para-combatir-incendios-y-proteger-la-sierra\/\",\"name\":\"Prevenci\u00f3n la mejor defensa Protecci\u00f3n Civil entrena a Municipios para combatir incendios y proteger la Sierra | Nexo Informativo Santiago de Quer\u00e9taro\",\"isPartOf\":{\"@id\":\"https:\/\/www.nexoinformativo.mx\/#website\"},\"primaryImageOfPage\":{\"@id\":\"https:\/\/www.nexoinformativo.mx\/index.php\/2025\/04\/15\/prevencion-la-mejor-defensa-proteccion-civil-entrena-a-municipios-para-combatir-incendios-y-proteger-la-sierra\/#primaryimage\"},\"image\":{\"@id\":\"https:\/\/www.nexoinformativo.mx\/index.php\/2025\/04\/15\/prevencion-la-mejor-defensa-proteccion-civil-entrena-a-municipios-para-combatir-incendios-y-proteger-la-sierra\/#primaryimage\"},\"thumbnailUrl\":\"https:\/\/www.nexoinformativo.mx\/wp-content\/uploads\/2025\/04\/PHOTO-2025-04-15-11-27-06-e1744738649598.jpg\",\"datePublished\":\"2025-04-15T16:00:58+00:00\",\"dateModified\":\"2025-04-15T17:38:45+00:00\",\"description\":\"Prevenci\u00f3n la mejor defensa Protecci\u00f3n Civil entrena a Municipios para combatir incendios y proteger la Sierra\",\"breadcrumb\":{\"@id\":\"https:\/\/www.nexoinformativo.mx\/index.php\/2025\/04\/15\/prevencion-la-mejor-defensa-proteccion-civil-entrena-a-municipios-para-combatir-incendios-y-proteger-la-sierra\/#breadcrumb\"},\"inLanguage\":\"es\",\"potentialAction\":[{\"@type\":\"ReadAction\",\"target\":[\"https:\/\/www.nexoinformativo.mx\/index.php\/2025\/04\/15\/prevencion-la-mejor-defensa-proteccion-civil-entrena-a-municipios-para-combatir-incendios-y-proteger-la-sierra\/\"]}]},{\"@type\":\"ImageObject\",\"inLanguage\":\"es\",\"@id\":\"https:\/\/www.nexoinformativo.mx\/index.php\/2025\/04\/15\/prevencion-la-mejor-defensa-proteccion-civil-entrena-a-municipios-para-combatir-incendios-y-proteger-la-sierra\/#primaryimage\",\"url\":\"https:\/\/www.nexoinformativo.mx\/wp-content\/uploads\/2025\/04\/PHOTO-2025-04-15-11-27-06-e1744738649598.jpg\",\"contentUrl\":\"https:\/\/www.nexoinformativo.mx\/wp-content\/uploads\/2025\/04\/PHOTO-2025-04-15-11-27-06-e1744738649598.jpg\",\"width\":800,\"height\":503},{\"@type\":\"BreadcrumbList\",\"@id\":\"https:\/\/www.nexoinformativo.mx\/index.php\/2025\/04\/15\/prevencion-la-mejor-defensa-proteccion-civil-entrena-a-municipios-para-combatir-incendios-y-proteger-la-sierra\/#breadcrumb\",\"itemListElement\":[{\"@type\":\"ListItem\",\"position\":1,\"name\":\"Inicio\",\"item\":\"https:\/\/www.nexoinformativo.mx\/\"},{\"@type\":\"ListItem\",\"position\":2,\"name\":\"Prevenci\u00f3n la mejor defensa Protecci\u00f3n Civil entrena a Municipios para combatir incendios y proteger la Sierra\"}]},{\"@type\":\"WebSite\",\"@id\":\"https:\/\/www.nexoinformativo.mx\/#website\",\"url\":\"https:\/\/www.nexoinformativo.mx\/\",\"name\":\"Nexo Informativo Santiago de Quer\u00e9taro\",\"description\":\"Explora NexoInformativo y convi\u00e9rtete en parte de una comunidad que valora el conocimiento y la verdad. Tu nexoinformativo es tu puente hacia una comprensi\u00f3n m\u00e1s profunda del mundo que te rodea.\",\"publisher\":{\"@id\":\"https:\/\/www.nexoinformativo.mx\/#organization\"},\"potentialAction\":[{\"@type\":\"SearchAction\",\"target\":{\"@type\":\"EntryPoint\",\"urlTemplate\":\"https:\/\/www.nexoinformativo.mx\/?s={search_term_string}\"},\"query-input\":{\"@type\":\"PropertyValueSpecification\",\"valueRequired\":true,\"valueName\":\"search_term_string\"}}],\"inLanguage\":\"es\"},{\"@type\":\"Organization\",\"@id\":\"https:\/\/www.nexoinformativo.mx\/#organization\",\"name\":\"Nexo Informativo Santiago de Quer\u00e9taro\",\"url\":\"https:\/\/www.nexoinformativo.mx\/\",\"logo\":{\"@type\":\"ImageObject\",\"inLanguage\":\"es\",\"@id\":\"https:\/\/www.nexoinformativo.mx\/#\/schema\/logo\/image\/\",\"url\":\"https:\/\/www.nexoinformativo.mx\/wp-content\/uploads\/2024\/07\/nexoi-trasparente-2.png\",\"contentUrl\":\"https:\/\/www.nexoinformativo.mx\/wp-content\/uploads\/2024\/07\/nexoi-trasparente-2.png\",\"width\":816,\"height\":339,\"caption\":\"Nexo Informativo Santiago de Quer\u00e9taro\"},\"image\":{\"@id\":\"https:\/\/www.nexoinformativo.mx\/#\/schema\/logo\/image\/\"},\"sameAs\":[\"https:\/\/www.facebook.com\/people\/Nexo-Informativo\/61564066885511\/\"]},{\"@type\":\"Person\",\"@id\":\"https:\/\/www.nexoinformativo.mx\/#\/schema\/person\/7749d380ba08c8ca00d7bc76fd907b7d\",\"name\":\"Nexo Informativo\",\"image\":{\"@type\":\"ImageObject\",\"inLanguage\":\"es\",\"@id\":\"https:\/\/www.nexoinformativo.mx\/#\/schema\/person\/image\/\",\"url\":\"https:\/\/secure.gravatar.com\/avatar\/dde2928154642a13d95f87ddf1ea9718fe2b46760a005c53e41ff5ad610704e6?s=96&d=mm&r=g\",\"contentUrl\":\"https:\/\/secure.gravatar.com\/avatar\/dde2928154642a13d95f87ddf1ea9718fe2b46760a005c53e41ff5ad610704e6?s=96&d=mm&r=g\",\"caption\":\"Nexo Informativo\"},\"url\":\"https:\/\/www.nexoinformativo.mx\/index.php\/author\/edicion\/\"}]}<\/script>\n<!-- \/ Yoast SEO plugin. -->","yoast_head_json":{"title":"Prevenci\u00f3n la mejor defensa Protecci\u00f3n Civil entrena a Municipios para combatir incendios y proteger la Sierra | Nexo Informativo Santiago de Quer\u00e9taro","description":"Prevenci\u00f3n la mejor defensa Protecci\u00f3n Civil entrena a Municipios para combatir incendios y proteger la Sierra","robots":{"index":"index","follow":"follow","max-snippet":"max-snippet:-1","max-image-preview":"max-image-preview:large","max-video-preview":"max-video-preview:-1"},"canonical":"https:\/\/www.nexoinformativo.mx\/index.php\/2025\/04\/15\/prevencion-la-mejor-defensa-proteccion-civil-entrena-a-municipios-para-combatir-incendios-y-proteger-la-sierra\/","og_locale":"es_MX","og_type":"article","og_title":"Prevenci\u00f3n la mejor defensa Protecci\u00f3n Civil entrena a Municipios para combatir incendios y proteger la Sierra | Nexo Informativo Santiago de Quer\u00e9taro","og_description":"Prevenci\u00f3n la mejor defensa Protecci\u00f3n Civil entrena a Municipios para combatir incendios y proteger la Sierra","og_url":"https:\/\/www.nexoinformativo.mx\/index.php\/2025\/04\/15\/prevencion-la-mejor-defensa-proteccion-civil-entrena-a-municipios-para-combatir-incendios-y-proteger-la-sierra\/","og_site_name":"Nexo Informativo Santiago de Quer\u00e9taro","article_publisher":"https:\/\/www.facebook.com\/people\/Nexo-Informativo\/61564066885511\/","article_published_time":"2025-04-15T16:00:58+00:00","article_modified_time":"2025-04-15T17:38:45+00:00","og_image":[{"width":800,"height":503,"url":"https:\/\/www.nexoinformativo.mx\/wp-content\/uploads\/2025\/04\/PHOTO-2025-04-15-11-27-06-e1744738649598.jpg","type":"image\/jpeg"}],"author":"Nexo Informativo","twitter_card":"summary_large_image","twitter_misc":{"Escrito por":"Nexo Informativo","Tiempo de lectura":"2 minutos"},"schema":{"@context":"https:\/\/schema.org","@graph":[{"@type":"Article","@id":"https:\/\/www.nexoinformativo.mx\/index.php\/2025\/04\/15\/prevencion-la-mejor-defensa-proteccion-civil-entrena-a-municipios-para-combatir-incendios-y-proteger-la-sierra\/#article","isPartOf":{"@id":"https:\/\/www.nexoinformativo.mx\/index.php\/2025\/04\/15\/prevencion-la-mejor-defensa-proteccion-civil-entrena-a-municipios-para-combatir-incendios-y-proteger-la-sierra\/"},"author":{"name":"Nexo Informativo","@id":"https:\/\/www.nexoinformativo.mx\/#\/schema\/person\/7749d380ba08c8ca00d7bc76fd907b7d"},"headline":"Prevenci\u00f3n la mejor defensa Protecci\u00f3n Civil entrena a Municipios para combatir incendios y proteger la Sierra","datePublished":"2025-04-15T16:00:58+00:00","dateModified":"2025-04-15T17:38:45+00:00","mainEntityOfPage":{"@id":"https:\/\/www.nexoinformativo.mx\/index.php\/2025\/04\/15\/prevencion-la-mejor-defensa-proteccion-civil-entrena-a-municipios-para-combatir-incendios-y-proteger-la-sierra\/"},"wordCount":353,"commentCount":0,"publisher":{"@id":"https:\/\/www.nexoinformativo.mx\/#organization"},"image":{"@id":"https:\/\/www.nexoinformativo.mx\/index.php\/2025\/04\/15\/prevencion-la-mejor-defensa-proteccion-civil-entrena-a-municipios-para-combatir-incendios-y-proteger-la-sierra\/#primaryimage"},"thumbnailUrl":"https:\/\/www.nexoinformativo.mx\/wp-content\/uploads\/2025\/04\/PHOTO-2025-04-15-11-27-06-e1744738649598.jpg","keywords":["CEPCQ","IncendiosForestalesQro","Prevenci\u00f3nIncendios","ProteccionCivilQro"],"articleSection":["Municipios","\u00daltima Hora"],"inLanguage":"es","potentialAction":[{"@type":"CommentAction","name":"Comment","target":["https:\/\/www.nexoinformativo.mx\/index.php\/2025\/04\/15\/prevencion-la-mejor-defensa-proteccion-civil-entrena-a-municipios-para-combatir-incendios-y-proteger-la-sierra\/#respond"]}]},{"@type":"WebPage","@id":"https:\/\/www.nexoinformativo.mx\/index.php\/2025\/04\/15\/prevencion-la-mejor-defensa-proteccion-civil-entrena-a-municipios-para-combatir-incendios-y-proteger-la-sierra\/","url":"https:\/\/www.nexoinformativo.mx\/index.php\/2025\/04\/15\/prevencion-la-mejor-defensa-proteccion-civil-entrena-a-municipios-para-combatir-incendios-y-proteger-la-sierra\/","name":"Prevenci\u00f3n la mejor defensa Protecci\u00f3n Civil entrena a Municipios para combatir incendios y proteger la Sierra | Nexo Informativo Santiago de Quer\u00e9taro","isPartOf":{"@id":"https:\/\/www.nexoinformativo.mx\/#website"},"primaryImageOfPage":{"@id":"https:\/\/www.nexoinformativo.mx\/index.php\/2025\/04\/15\/prevencion-la-mejor-defensa-proteccion-civil-entrena-a-municipios-para-combatir-incendios-y-proteger-la-sierra\/#primaryimage"},"image":{"@id":"https:\/\/www.nexoinformativo.mx\/index.php\/2025\/04\/15\/prevencion-la-mejor-defensa-proteccion-civil-entrena-a-municipios-para-combatir-incendios-y-proteger-la-sierra\/#primaryimage"},"thumbnailUrl":"https:\/\/www.nexoinformativo.mx\/wp-content\/uploads\/2025\/04\/PHOTO-2025-04-15-11-27-06-e1744738649598.jpg","datePublished":"2025-04-15T16:00:58+00:00","dateModified":"2025-04-15T17:38:45+00:00","description":"Prevenci\u00f3n la mejor defensa Protecci\u00f3n Civil entrena a Municipios para combatir incendios y proteger la Sierra","breadcrumb":{"@id":"https:\/\/www.nexoinformativo.mx\/index.php\/2025\/04\/15\/prevencion-la-mejor-defensa-proteccion-civil-entrena-a-municipios-para-combatir-incendios-y-proteger-la-sierra\/#breadcrumb"},"inLanguage":"es","potentialAction":[{"@type":"ReadAction","target":["https:\/\/www.nexoinformativo.mx\/index.php\/2025\/04\/15\/prevencion-la-mejor-defensa-proteccion-civil-entrena-a-municipios-para-combatir-incendios-y-proteger-la-sierra\/"]}]},{"@type":"ImageObject","inLanguage":"es","@id":"https:\/\/www.nexoinformativo.mx\/index.php\/2025\/04\/15\/prevencion-la-mejor-defensa-proteccion-civil-entrena-a-municipios-para-combatir-incendios-y-proteger-la-sierra\/#primaryimage","url":"https:\/\/www.nexoinformativo.mx\/wp-content\/uploads\/2025\/04\/PHOTO-2025-04-15-11-27-06-e1744738649598.jpg","contentUrl":"https:\/\/www.nexoinformativo.mx\/wp-content\/uploads\/2025\/04\/PHOTO-2025-04-15-11-27-06-e1744738649598.jpg","width":800,"height":503},{"@type":"BreadcrumbList","@id":"https:\/\/www.nexoinformativo.mx\/index.php\/2025\/04\/15\/prevencion-la-mejor-defensa-proteccion-civil-entrena-a-municipios-para-combatir-incendios-y-proteger-la-sierra\/#breadcrumb","itemListElement":[{"@type":"ListItem","position":1,"name":"Inicio","item":"https:\/\/www.nexoinformativo.mx\/"},{"@type":"ListItem","position":2,"name":"Prevenci\u00f3n la mejor defensa Protecci\u00f3n Civil entrena a Municipios para combatir incendios y proteger la Sierra"}]},{"@type":"WebSite","@id":"https:\/\/www.nexoinformativo.mx\/#website","url":"https:\/\/www.nexoinformativo.mx\/","name":"Nexo Informativo Santiago de Quer\u00e9taro","description":"Explora NexoInformativo y convi\u00e9rtete en parte de una comunidad que valora el conocimiento y la verdad. Tu nexoinformativo es tu puente hacia una comprensi\u00f3n m\u00e1s profunda del mundo que te rodea.","publisher":{"@id":"https:\/\/www.nexoinformativo.mx\/#organization"},"potentialAction":[{"@type":"SearchAction","target":{"@type":"EntryPoint","urlTemplate":"https:\/\/www.nexoinformativo.mx\/?s={search_term_string}"},"query-input":{"@type":"PropertyValueSpecification","valueRequired":true,"valueName":"search_term_string"}}],"inLanguage":"es"},{"@type":"Organization","@id":"https:\/\/www.nexoinformativo.mx\/#organization","name":"Nexo Informativo Santiago de Quer\u00e9taro","url":"https:\/\/www.nexoinformativo.mx\/","logo":{"@type":"ImageObject","inLanguage":"es","@id":"https:\/\/www.nexoinformativo.mx\/#\/schema\/logo\/image\/","url":"https:\/\/www.nexoinformativo.mx\/wp-content\/uploads\/2024\/07\/nexoi-trasparente-2.png","contentUrl":"https:\/\/www.nexoinformativo.mx\/wp-content\/uploads\/2024\/07\/nexoi-trasparente-2.png","width":816,"height":339,"caption":"Nexo Informativo Santiago de Quer\u00e9taro"},"image":{"@id":"https:\/\/www.nexoinformativo.mx\/#\/schema\/logo\/image\/"},"sameAs":["https:\/\/www.facebook.com\/people\/Nexo-Informativo\/61564066885511\/"]},{"@type":"Person","@id":"https:\/\/www.nexoinformativo.mx\/#\/schema\/person\/7749d380ba08c8ca00d7bc76fd907b7d","name":"Nexo Informativo","image":{"@type":"ImageObject","inLanguage":"es","@id":"https:\/\/www.nexoinformativo.mx\/#\/schema\/person\/image\/","url":"https:\/\/secure.gravatar.com\/avatar\/dde2928154642a13d95f87ddf1ea9718fe2b46760a005c53e41ff5ad610704e6?s=96&d=mm&r=g","contentUrl":"https:\/\/secure.gravatar.com\/avatar\/dde2928154642a13d95f87ddf1ea9718fe2b46760a005c53e41ff5ad610704e6?s=96&d=mm&r=g","caption":"Nexo Informativo"},"url":"https:\/\/www.nexoinformativo.mx\/index.php\/author\/edicion\/"}]}},"_links":{"self":[{"href":"https:\/\/www.nexoinformativo.mx\/index.php\/wp-json\/wp\/v2\/posts\/14183","targetHints":{"allow":["GET"]}}],"collection":[{"href":"https:\/\/www.nexoinformativo.mx\/index.php\/wp-json\/wp\/v2\/posts"}],"about":[{"href":"https:\/\/www.nexoinformativo.mx\/index.php\/wp-json\/wp\/v2\/types\/post"}],"author":[{"embeddable":true,"href":"https:\/\/www.nexoinformativo.mx\/index.php\/wp-json\/wp\/v2\/users\/3"}],"replies":[{"embeddable":true,"href":"https:\/\/www.nexoinformativo.mx\/index.php\/wp-json\/wp\/v2\/comments?post=14183"}],"version-history":[{"count":3,"href":"https:\/\/www.nexoinformativo.mx\/index.php\/wp-json\/wp\/v2\/posts\/14183\/revisions"}],"predecessor-version":[{"id":14187,"href":"https:\/\/www.nexoinformativo.mx\/index.php\/wp-json\/wp\/v2\/posts\/14183\/revisions\/14187"}],"wp:featuredmedia":[{"embeddable":true,"href":"https:\/\/www.nexoinformativo.mx\/index.php\/wp-json\/wp\/v2\/media\/14184"}],"wp:attachment":[{"href":"https:\/\/www.nexoinformativo.mx\/index.php\/wp-json\/wp\/v2\/media?parent=14183"}],"wp:term":[{"taxonomy":"category","embeddable":true,"href":"https:\/\/www.nexoinformativo.mx\/index.php\/wp-json\/wp\/v2\/categories?post=14183"},{"taxonomy":"post_tag","embeddable":true,"href":"https:\/\/www.nexoinformativo.mx\/index.php\/wp-json\/wp\/v2\/tags?post=14183"}],"curies":[{"name":"wp","href":"https:\/\/api.w.org\/{rel}","templated":true}]}}