{"id":14199,"date":"2025-04-16T06:00:26","date_gmt":"2025-04-16T12:00:26","guid":{"rendered":"https:\/\/www.nexoinformativo.mx\/?p=14199"},"modified":"2025-04-16T11:45:09","modified_gmt":"2025-04-16T17:45:09","slug":"sheinbaum-cumple-19-mil-trabajadores-de-la-salud-visitaran-hogares-para-cuidar-a-adultos-mayores-y-personas-con-discapacidad","status":"publish","type":"post","link":"https:\/\/www.nexoinformativo.mx\/index.php\/2025\/04\/16\/sheinbaum-cumple-19-mil-trabajadores-de-la-salud-visitaran-hogares-para-cuidar-a-adultos-mayores-y-personas-con-discapacidad\/","title":{"rendered":"Sheinbaum cumple 19 mil trabajadores de la salud visitar\u00e1n hogares para cuidar a adultos mayores y personas con discapacidad"},"content":{"rendered":"<p style=\"text-align: justify;\" data-sourcepos=\"11:1-11:320\">El Gobierno de M\u00e9xico, a trav\u00e9s de las Secretar\u00edas de Bienestar y de Salud, puso en marcha el innovador programa <strong>&#8220;Salud Casa por Casa&#8221;<\/strong>, una estrategia que llevar\u00e1 atenci\u00f3n m\u00e9dica integral y peri\u00f3dica directamente a los hogares de adultos mayores y personas con discapacidad en todo el pa\u00eds.<\/p>\n<p>&nbsp;<\/p>\n<p style=\"text-align: justify;\" data-sourcepos=\"13:1-13:299\">La Presidenta Claudia Sheinbaum anunci\u00f3 que a partir del 2 de mayo, un equipo de 19 mil 300 trabajadores de la salud, especialmente contratados para este programa, comenzar\u00e1n las visitas \u00a0a domicilio a las mas de 8 millones de personas que ya fueron censadas por la Secretar\u00eda de Bienestar.<\/p>\n<p>&nbsp;<\/p>\n<p style=\"text-align: justify;\" data-sourcepos=\"15:1-15:511\"><strong>&#8220;Van a llevar una mochila con rueditas, donde llevan su estetoscopio, para medir la presi\u00f3n, para poder tomar el az\u00facar en la sangre, todo lo que los m\u00e9dicos determinen, llevan un equipo. Entonces, ah\u00ed es que van a levantar el expediente cl\u00ednico de la persona&#8221;<\/strong>, explic\u00f3 la Presidenta durante su conferencia matutina.<\/p>\n<p>&nbsp;<\/p>\n<p style=\"text-align: justify;\" data-sourcepos=\"15:1-15:511\">Sheinbaum detall\u00f3 que este personal estar\u00e1 en contacto con m\u00e9dicos de la Secretar\u00eda de Salud para coordinar la medicaci\u00f3n y, en casos de emergencia, trasladar a los pacientes a centros de salud.<\/p>\n<p>&nbsp;<\/p>\n<p style=\"text-align: justify;\" data-sourcepos=\"17:1-17:287\">El personal de salud fue contratado priorizando su cercan\u00eda a las zonas donde residen los beneficiarios, y las visitas se realizar\u00e1n de forma mensual o bimestral, dependiendo del estado de salud de cada persona. En zonas rurales y de dif\u00edcil acceso, se enviar\u00e1n brigadas m\u00e9dicas m\u00f3viles.<\/p>\n<p>&nbsp;<\/p>\n<p style=\"text-align: justify;\" data-sourcepos=\"19:1-19:381\">Los beneficiarios podr\u00e1n obtener sus medicamentos prescritos en los Centros de Salud del IMSS, ISSSTE e IMSS Bienestar correspondientes, y tratamientos para enfermedades cr\u00f3nicas estar\u00e1n disponibles en Tiendas Bienestar, Bancos del Bienestar o puntos cercanos a sus domicilios. A largo plazo, se crear\u00e1 un Centro Telef\u00f3nico de Salud a Distancia para brindar orientaci\u00f3n permanente.<\/p>\n<p>&nbsp;<\/p>\n<p style=\"text-align: justify;\" data-sourcepos=\"21:1-21:555\">Tambi\u00e9n se brindar\u00e1 orientaci\u00f3n sobre higiene bucal y capacitaci\u00f3n a cuidadores. Con base en la valoraci\u00f3n, los pacientes se clasificar\u00e1n en cuatro grupos seg\u00fan su estado de salud para establecer tratamientos espec\u00edficos y prescribir medicamentos del cuadro b\u00e1sico.<\/p>\n<p>&nbsp;<\/p>\n<p style=\"text-align: center;\" data-sourcepos=\"21:1-21:555\"><em><strong>\u00a1Informaci\u00f3n que transforma!<\/strong><\/em><\/p>\n","protected":false},"excerpt":{"rendered":"<p>El Gobierno de M\u00e9xico, a trav\u00e9s de las Secretar\u00edas de Bienestar y de Salud, puso en marcha el innovador programa &#8220;Salud Casa por Casa&#8221;, una estrategia que llevar\u00e1 atenci\u00f3n m\u00e9dica integral y peri\u00f3dica directamente a los hogares de adultos mayores y personas con discapacidad en todo el pa\u00eds.<\/p>\n","protected":false},"author":3,"featured_media":14200,"comment_status":"open","ping_status":"open","sticky":false,"template":"","format":"standard","meta":{"footnotes":""},"categories":[88,58],"tags":[4163,4165,4164,1468],"class_list":["post-14199","post","type-post","status-publish","format-standard","has-post-thumbnail","hentry","category-nacional","category-ultima-hora","tag-adultosmayoressalud","tag-bienestarencasa","tag-discapacidadsalud","tag-saludcasaporcasa"],"yoast_head":"<!-- This site is optimized with the Yoast SEO plugin v25.0 - https:\/\/yoast.com\/wordpress\/plugins\/seo\/ -->\n<title>Sheinbaum cumple 19 mil trabajadores de la salud visitar\u00e1n hogares para cuidar a adultos mayores y personas con discapacidad | Nexo Informativo Santiago de Quer\u00e9taro<\/title>\n<meta name=\"description\" content=\"Sheinbaum cumple 19 mil trabajadores de la salud visitar\u00e1n hogares para cuidar a adultos mayores y personas con discapacidad\" \/>\n<meta name=\"robots\" content=\"index, follow, max-snippet:-1, max-image-preview:large, max-video-preview:-1\" \/>\n<link rel=\"canonical\" href=\"https:\/\/www.nexoinformativo.mx\/index.php\/2025\/04\/16\/sheinbaum-cumple-19-mil-trabajadores-de-la-salud-visitaran-hogares-para-cuidar-a-adultos-mayores-y-personas-con-discapacidad\/\" \/>\n<meta property=\"og:locale\" content=\"es_MX\" \/>\n<meta property=\"og:type\" content=\"article\" \/>\n<meta property=\"og:title\" content=\"Sheinbaum cumple 19 mil trabajadores de la salud visitar\u00e1n hogares para cuidar a adultos mayores y personas con discapacidad | Nexo Informativo Santiago de Quer\u00e9taro\" \/>\n<meta property=\"og:description\" content=\"Sheinbaum cumple 19 mil trabajadores de la salud visitar\u00e1n hogares para cuidar a adultos mayores y personas con discapacidad\" \/>\n<meta property=\"og:url\" content=\"https:\/\/www.nexoinformativo.mx\/index.php\/2025\/04\/16\/sheinbaum-cumple-19-mil-trabajadores-de-la-salud-visitaran-hogares-para-cuidar-a-adultos-mayores-y-personas-con-discapacidad\/\" \/>\n<meta property=\"og:site_name\" content=\"Nexo Informativo Santiago de Quer\u00e9taro\" \/>\n<meta property=\"article:publisher\" content=\"https:\/\/www.facebook.com\/people\/Nexo-Informativo\/61564066885511\/\" \/>\n<meta property=\"article:published_time\" content=\"2025-04-16T12:00:26+00:00\" \/>\n<meta property=\"article:modified_time\" content=\"2025-04-16T17:45:09+00:00\" \/>\n<meta property=\"og:image\" content=\"https:\/\/www.nexoinformativo.mx\/wp-content\/uploads\/2025\/04\/IMG_2277.jpg\" \/>\n\t<meta property=\"og:image:width\" content=\"650\" \/>\n\t<meta property=\"og:image:height\" content=\"380\" \/>\n\t<meta property=\"og:image:type\" content=\"image\/jpeg\" \/>\n<meta name=\"author\" content=\"Nexo Informativo\" \/>\n<meta name=\"twitter:card\" content=\"summary_large_image\" \/>\n<meta name=\"twitter:label1\" content=\"Escrito por\" \/>\n\t<meta name=\"twitter:data1\" content=\"Nexo Informativo\" \/>\n\t<meta name=\"twitter:label2\" content=\"Tiempo de lectura\" \/>\n\t<meta name=\"twitter:data2\" content=\"2 minutos\" \/>\n<script type=\"application\/ld+json\" class=\"yoast-schema-graph\">{\"@context\":\"https:\/\/schema.org\",\"@graph\":[{\"@type\":\"Article\",\"@id\":\"https:\/\/www.nexoinformativo.mx\/index.php\/2025\/04\/16\/sheinbaum-cumple-19-mil-trabajadores-de-la-salud-visitaran-hogares-para-cuidar-a-adultos-mayores-y-personas-con-discapacidad\/#article\",\"isPartOf\":{\"@id\":\"https:\/\/www.nexoinformativo.mx\/index.php\/2025\/04\/16\/sheinbaum-cumple-19-mil-trabajadores-de-la-salud-visitaran-hogares-para-cuidar-a-adultos-mayores-y-personas-con-discapacidad\/\"},\"author\":{\"name\":\"Nexo Informativo\",\"@id\":\"https:\/\/www.nexoinformativo.mx\/#\/schema\/person\/7749d380ba08c8ca00d7bc76fd907b7d\"},\"headline\":\"Sheinbaum cumple 19 mil trabajadores de la salud visitar\u00e1n hogares para cuidar a adultos mayores y personas con discapacidad\",\"datePublished\":\"2025-04-16T12:00:26+00:00\",\"dateModified\":\"2025-04-16T17:45:09+00:00\",\"mainEntityOfPage\":{\"@id\":\"https:\/\/www.nexoinformativo.mx\/index.php\/2025\/04\/16\/sheinbaum-cumple-19-mil-trabajadores-de-la-salud-visitaran-hogares-para-cuidar-a-adultos-mayores-y-personas-con-discapacidad\/\"},\"wordCount\":380,\"commentCount\":0,\"publisher\":{\"@id\":\"https:\/\/www.nexoinformativo.mx\/#organization\"},\"image\":{\"@id\":\"https:\/\/www.nexoinformativo.mx\/index.php\/2025\/04\/16\/sheinbaum-cumple-19-mil-trabajadores-de-la-salud-visitaran-hogares-para-cuidar-a-adultos-mayores-y-personas-con-discapacidad\/#primaryimage\"},\"thumbnailUrl\":\"https:\/\/www.nexoinformativo.mx\/wp-content\/uploads\/2025\/04\/IMG_2277.jpg\",\"keywords\":[\"AdultosMayoresSalud\",\"BienestarEnCasa\",\"DiscapacidadSalud\",\"SaludCasaPorCasa\"],\"articleSection\":[\"Nacional\",\"\u00daltima Hora\"],\"inLanguage\":\"es\",\"potentialAction\":[{\"@type\":\"CommentAction\",\"name\":\"Comment\",\"target\":[\"https:\/\/www.nexoinformativo.mx\/index.php\/2025\/04\/16\/sheinbaum-cumple-19-mil-trabajadores-de-la-salud-visitaran-hogares-para-cuidar-a-adultos-mayores-y-personas-con-discapacidad\/#respond\"]}]},{\"@type\":\"WebPage\",\"@id\":\"https:\/\/www.nexoinformativo.mx\/index.php\/2025\/04\/16\/sheinbaum-cumple-19-mil-trabajadores-de-la-salud-visitaran-hogares-para-cuidar-a-adultos-mayores-y-personas-con-discapacidad\/\",\"url\":\"https:\/\/www.nexoinformativo.mx\/index.php\/2025\/04\/16\/sheinbaum-cumple-19-mil-trabajadores-de-la-salud-visitaran-hogares-para-cuidar-a-adultos-mayores-y-personas-con-discapacidad\/\",\"name\":\"Sheinbaum cumple 19 mil trabajadores de la salud visitar\u00e1n hogares para cuidar a adultos mayores y personas con discapacidad | Nexo Informativo Santiago de Quer\u00e9taro\",\"isPartOf\":{\"@id\":\"https:\/\/www.nexoinformativo.mx\/#website\"},\"primaryImageOfPage\":{\"@id\":\"https:\/\/www.nexoinformativo.mx\/index.php\/2025\/04\/16\/sheinbaum-cumple-19-mil-trabajadores-de-la-salud-visitaran-hogares-para-cuidar-a-adultos-mayores-y-personas-con-discapacidad\/#primaryimage\"},\"image\":{\"@id\":\"https:\/\/www.nexoinformativo.mx\/index.php\/2025\/04\/16\/sheinbaum-cumple-19-mil-trabajadores-de-la-salud-visitaran-hogares-para-cuidar-a-adultos-mayores-y-personas-con-discapacidad\/#primaryimage\"},\"thumbnailUrl\":\"https:\/\/www.nexoinformativo.mx\/wp-content\/uploads\/2025\/04\/IMG_2277.jpg\",\"datePublished\":\"2025-04-16T12:00:26+00:00\",\"dateModified\":\"2025-04-16T17:45:09+00:00\",\"description\":\"Sheinbaum cumple 19 mil trabajadores de la salud visitar\u00e1n hogares para cuidar a adultos mayores y personas con discapacidad\",\"breadcrumb\":{\"@id\":\"https:\/\/www.nexoinformativo.mx\/index.php\/2025\/04\/16\/sheinbaum-cumple-19-mil-trabajadores-de-la-salud-visitaran-hogares-para-cuidar-a-adultos-mayores-y-personas-con-discapacidad\/#breadcrumb\"},\"inLanguage\":\"es\",\"potentialAction\":[{\"@type\":\"ReadAction\",\"target\":[\"https:\/\/www.nexoinformativo.mx\/index.php\/2025\/04\/16\/sheinbaum-cumple-19-mil-trabajadores-de-la-salud-visitaran-hogares-para-cuidar-a-adultos-mayores-y-personas-con-discapacidad\/\"]}]},{\"@type\":\"ImageObject\",\"inLanguage\":\"es\",\"@id\":\"https:\/\/www.nexoinformativo.mx\/index.php\/2025\/04\/16\/sheinbaum-cumple-19-mil-trabajadores-de-la-salud-visitaran-hogares-para-cuidar-a-adultos-mayores-y-personas-con-discapacidad\/#primaryimage\",\"url\":\"https:\/\/www.nexoinformativo.mx\/wp-content\/uploads\/2025\/04\/IMG_2277.jpg\",\"contentUrl\":\"https:\/\/www.nexoinformativo.mx\/wp-content\/uploads\/2025\/04\/IMG_2277.jpg\",\"width\":650,\"height\":380},{\"@type\":\"BreadcrumbList\",\"@id\":\"https:\/\/www.nexoinformativo.mx\/index.php\/2025\/04\/16\/sheinbaum-cumple-19-mil-trabajadores-de-la-salud-visitaran-hogares-para-cuidar-a-adultos-mayores-y-personas-con-discapacidad\/#breadcrumb\",\"itemListElement\":[{\"@type\":\"ListItem\",\"position\":1,\"name\":\"Inicio\",\"item\":\"https:\/\/www.nexoinformativo.mx\/\"},{\"@type\":\"ListItem\",\"position\":2,\"name\":\"Sheinbaum cumple 19 mil trabajadores de la salud visitar\u00e1n hogares para cuidar a adultos mayores y personas con discapacidad\"}]},{\"@type\":\"WebSite\",\"@id\":\"https:\/\/www.nexoinformativo.mx\/#website\",\"url\":\"https:\/\/www.nexoinformativo.mx\/\",\"name\":\"Nexo Informativo Santiago de Quer\u00e9taro\",\"description\":\"Explora NexoInformativo y convi\u00e9rtete en parte de una comunidad que valora el conocimiento y la verdad. Tu nexoinformativo es tu puente hacia una comprensi\u00f3n m\u00e1s profunda del mundo que te rodea.\",\"publisher\":{\"@id\":\"https:\/\/www.nexoinformativo.mx\/#organization\"},\"potentialAction\":[{\"@type\":\"SearchAction\",\"target\":{\"@type\":\"EntryPoint\",\"urlTemplate\":\"https:\/\/www.nexoinformativo.mx\/?s={search_term_string}\"},\"query-input\":{\"@type\":\"PropertyValueSpecification\",\"valueRequired\":true,\"valueName\":\"search_term_string\"}}],\"inLanguage\":\"es\"},{\"@type\":\"Organization\",\"@id\":\"https:\/\/www.nexoinformativo.mx\/#organization\",\"name\":\"Nexo Informativo Santiago de Quer\u00e9taro\",\"url\":\"https:\/\/www.nexoinformativo.mx\/\",\"logo\":{\"@type\":\"ImageObject\",\"inLanguage\":\"es\",\"@id\":\"https:\/\/www.nexoinformativo.mx\/#\/schema\/logo\/image\/\",\"url\":\"https:\/\/www.nexoinformativo.mx\/wp-content\/uploads\/2024\/07\/nexoi-trasparente-2.png\",\"contentUrl\":\"https:\/\/www.nexoinformativo.mx\/wp-content\/uploads\/2024\/07\/nexoi-trasparente-2.png\",\"width\":816,\"height\":339,\"caption\":\"Nexo Informativo Santiago de Quer\u00e9taro\"},\"image\":{\"@id\":\"https:\/\/www.nexoinformativo.mx\/#\/schema\/logo\/image\/\"},\"sameAs\":[\"https:\/\/www.facebook.com\/people\/Nexo-Informativo\/61564066885511\/\"]},{\"@type\":\"Person\",\"@id\":\"https:\/\/www.nexoinformativo.mx\/#\/schema\/person\/7749d380ba08c8ca00d7bc76fd907b7d\",\"name\":\"Nexo Informativo\",\"image\":{\"@type\":\"ImageObject\",\"inLanguage\":\"es\",\"@id\":\"https:\/\/www.nexoinformativo.mx\/#\/schema\/person\/image\/\",\"url\":\"https:\/\/secure.gravatar.com\/avatar\/dde2928154642a13d95f87ddf1ea9718fe2b46760a005c53e41ff5ad610704e6?s=96&d=mm&r=g\",\"contentUrl\":\"https:\/\/secure.gravatar.com\/avatar\/dde2928154642a13d95f87ddf1ea9718fe2b46760a005c53e41ff5ad610704e6?s=96&d=mm&r=g\",\"caption\":\"Nexo Informativo\"},\"url\":\"https:\/\/www.nexoinformativo.mx\/index.php\/author\/edicion\/\"}]}<\/script>\n<!-- \/ Yoast SEO plugin. -->","yoast_head_json":{"title":"Sheinbaum cumple 19 mil trabajadores de la salud visitar\u00e1n hogares para cuidar a adultos mayores y personas con discapacidad | Nexo Informativo Santiago de Quer\u00e9taro","description":"Sheinbaum cumple 19 mil trabajadores de la salud visitar\u00e1n hogares para cuidar a adultos mayores y personas con discapacidad","robots":{"index":"index","follow":"follow","max-snippet":"max-snippet:-1","max-image-preview":"max-image-preview:large","max-video-preview":"max-video-preview:-1"},"canonical":"https:\/\/www.nexoinformativo.mx\/index.php\/2025\/04\/16\/sheinbaum-cumple-19-mil-trabajadores-de-la-salud-visitaran-hogares-para-cuidar-a-adultos-mayores-y-personas-con-discapacidad\/","og_locale":"es_MX","og_type":"article","og_title":"Sheinbaum cumple 19 mil trabajadores de la salud visitar\u00e1n hogares para cuidar a adultos mayores y personas con discapacidad | Nexo Informativo Santiago de Quer\u00e9taro","og_description":"Sheinbaum cumple 19 mil trabajadores de la salud visitar\u00e1n hogares para cuidar a adultos mayores y personas con discapacidad","og_url":"https:\/\/www.nexoinformativo.mx\/index.php\/2025\/04\/16\/sheinbaum-cumple-19-mil-trabajadores-de-la-salud-visitaran-hogares-para-cuidar-a-adultos-mayores-y-personas-con-discapacidad\/","og_site_name":"Nexo Informativo Santiago de Quer\u00e9taro","article_publisher":"https:\/\/www.facebook.com\/people\/Nexo-Informativo\/61564066885511\/","article_published_time":"2025-04-16T12:00:26+00:00","article_modified_time":"2025-04-16T17:45:09+00:00","og_image":[{"width":650,"height":380,"url":"https:\/\/www.nexoinformativo.mx\/wp-content\/uploads\/2025\/04\/IMG_2277.jpg","type":"image\/jpeg"}],"author":"Nexo Informativo","twitter_card":"summary_large_image","twitter_misc":{"Escrito por":"Nexo Informativo","Tiempo de lectura":"2 minutos"},"schema":{"@context":"https:\/\/schema.org","@graph":[{"@type":"Article","@id":"https:\/\/www.nexoinformativo.mx\/index.php\/2025\/04\/16\/sheinbaum-cumple-19-mil-trabajadores-de-la-salud-visitaran-hogares-para-cuidar-a-adultos-mayores-y-personas-con-discapacidad\/#article","isPartOf":{"@id":"https:\/\/www.nexoinformativo.mx\/index.php\/2025\/04\/16\/sheinbaum-cumple-19-mil-trabajadores-de-la-salud-visitaran-hogares-para-cuidar-a-adultos-mayores-y-personas-con-discapacidad\/"},"author":{"name":"Nexo Informativo","@id":"https:\/\/www.nexoinformativo.mx\/#\/schema\/person\/7749d380ba08c8ca00d7bc76fd907b7d"},"headline":"Sheinbaum cumple 19 mil trabajadores de la salud visitar\u00e1n hogares para cuidar a adultos mayores y personas con discapacidad","datePublished":"2025-04-16T12:00:26+00:00","dateModified":"2025-04-16T17:45:09+00:00","mainEntityOfPage":{"@id":"https:\/\/www.nexoinformativo.mx\/index.php\/2025\/04\/16\/sheinbaum-cumple-19-mil-trabajadores-de-la-salud-visitaran-hogares-para-cuidar-a-adultos-mayores-y-personas-con-discapacidad\/"},"wordCount":380,"commentCount":0,"publisher":{"@id":"https:\/\/www.nexoinformativo.mx\/#organization"},"image":{"@id":"https:\/\/www.nexoinformativo.mx\/index.php\/2025\/04\/16\/sheinbaum-cumple-19-mil-trabajadores-de-la-salud-visitaran-hogares-para-cuidar-a-adultos-mayores-y-personas-con-discapacidad\/#primaryimage"},"thumbnailUrl":"https:\/\/www.nexoinformativo.mx\/wp-content\/uploads\/2025\/04\/IMG_2277.jpg","keywords":["AdultosMayoresSalud","BienestarEnCasa","DiscapacidadSalud","SaludCasaPorCasa"],"articleSection":["Nacional","\u00daltima Hora"],"inLanguage":"es","potentialAction":[{"@type":"CommentAction","name":"Comment","target":["https:\/\/www.nexoinformativo.mx\/index.php\/2025\/04\/16\/sheinbaum-cumple-19-mil-trabajadores-de-la-salud-visitaran-hogares-para-cuidar-a-adultos-mayores-y-personas-con-discapacidad\/#respond"]}]},{"@type":"WebPage","@id":"https:\/\/www.nexoinformativo.mx\/index.php\/2025\/04\/16\/sheinbaum-cumple-19-mil-trabajadores-de-la-salud-visitaran-hogares-para-cuidar-a-adultos-mayores-y-personas-con-discapacidad\/","url":"https:\/\/www.nexoinformativo.mx\/index.php\/2025\/04\/16\/sheinbaum-cumple-19-mil-trabajadores-de-la-salud-visitaran-hogares-para-cuidar-a-adultos-mayores-y-personas-con-discapacidad\/","name":"Sheinbaum cumple 19 mil trabajadores de la salud visitar\u00e1n hogares para cuidar a adultos mayores y personas con discapacidad | Nexo Informativo Santiago de Quer\u00e9taro","isPartOf":{"@id":"https:\/\/www.nexoinformativo.mx\/#website"},"primaryImageOfPage":{"@id":"https:\/\/www.nexoinformativo.mx\/index.php\/2025\/04\/16\/sheinbaum-cumple-19-mil-trabajadores-de-la-salud-visitaran-hogares-para-cuidar-a-adultos-mayores-y-personas-con-discapacidad\/#primaryimage"},"image":{"@id":"https:\/\/www.nexoinformativo.mx\/index.php\/2025\/04\/16\/sheinbaum-cumple-19-mil-trabajadores-de-la-salud-visitaran-hogares-para-cuidar-a-adultos-mayores-y-personas-con-discapacidad\/#primaryimage"},"thumbnailUrl":"https:\/\/www.nexoinformativo.mx\/wp-content\/uploads\/2025\/04\/IMG_2277.jpg","datePublished":"2025-04-16T12:00:26+00:00","dateModified":"2025-04-16T17:45:09+00:00","description":"Sheinbaum cumple 19 mil trabajadores de la salud visitar\u00e1n hogares para cuidar a adultos mayores y personas con discapacidad","breadcrumb":{"@id":"https:\/\/www.nexoinformativo.mx\/index.php\/2025\/04\/16\/sheinbaum-cumple-19-mil-trabajadores-de-la-salud-visitaran-hogares-para-cuidar-a-adultos-mayores-y-personas-con-discapacidad\/#breadcrumb"},"inLanguage":"es","potentialAction":[{"@type":"ReadAction","target":["https:\/\/www.nexoinformativo.mx\/index.php\/2025\/04\/16\/sheinbaum-cumple-19-mil-trabajadores-de-la-salud-visitaran-hogares-para-cuidar-a-adultos-mayores-y-personas-con-discapacidad\/"]}]},{"@type":"ImageObject","inLanguage":"es","@id":"https:\/\/www.nexoinformativo.mx\/index.php\/2025\/04\/16\/sheinbaum-cumple-19-mil-trabajadores-de-la-salud-visitaran-hogares-para-cuidar-a-adultos-mayores-y-personas-con-discapacidad\/#primaryimage","url":"https:\/\/www.nexoinformativo.mx\/wp-content\/uploads\/2025\/04\/IMG_2277.jpg","contentUrl":"https:\/\/www.nexoinformativo.mx\/wp-content\/uploads\/2025\/04\/IMG_2277.jpg","width":650,"height":380},{"@type":"BreadcrumbList","@id":"https:\/\/www.nexoinformativo.mx\/index.php\/2025\/04\/16\/sheinbaum-cumple-19-mil-trabajadores-de-la-salud-visitaran-hogares-para-cuidar-a-adultos-mayores-y-personas-con-discapacidad\/#breadcrumb","itemListElement":[{"@type":"ListItem","position":1,"name":"Inicio","item":"https:\/\/www.nexoinformativo.mx\/"},{"@type":"ListItem","position":2,"name":"Sheinbaum cumple 19 mil trabajadores de la salud visitar\u00e1n hogares para cuidar a adultos mayores y personas con discapacidad"}]},{"@type":"WebSite","@id":"https:\/\/www.nexoinformativo.mx\/#website","url":"https:\/\/www.nexoinformativo.mx\/","name":"Nexo Informativo Santiago de Quer\u00e9taro","description":"Explora NexoInformativo y convi\u00e9rtete en parte de una comunidad que valora el conocimiento y la verdad. Tu nexoinformativo es tu puente hacia una comprensi\u00f3n m\u00e1s profunda del mundo que te rodea.","publisher":{"@id":"https:\/\/www.nexoinformativo.mx\/#organization"},"potentialAction":[{"@type":"SearchAction","target":{"@type":"EntryPoint","urlTemplate":"https:\/\/www.nexoinformativo.mx\/?s={search_term_string}"},"query-input":{"@type":"PropertyValueSpecification","valueRequired":true,"valueName":"search_term_string"}}],"inLanguage":"es"},{"@type":"Organization","@id":"https:\/\/www.nexoinformativo.mx\/#organization","name":"Nexo Informativo Santiago de Quer\u00e9taro","url":"https:\/\/www.nexoinformativo.mx\/","logo":{"@type":"ImageObject","inLanguage":"es","@id":"https:\/\/www.nexoinformativo.mx\/#\/schema\/logo\/image\/","url":"https:\/\/www.nexoinformativo.mx\/wp-content\/uploads\/2024\/07\/nexoi-trasparente-2.png","contentUrl":"https:\/\/www.nexoinformativo.mx\/wp-content\/uploads\/2024\/07\/nexoi-trasparente-2.png","width":816,"height":339,"caption":"Nexo Informativo Santiago de Quer\u00e9taro"},"image":{"@id":"https:\/\/www.nexoinformativo.mx\/#\/schema\/logo\/image\/"},"sameAs":["https:\/\/www.facebook.com\/people\/Nexo-Informativo\/61564066885511\/"]},{"@type":"Person","@id":"https:\/\/www.nexoinformativo.mx\/#\/schema\/person\/7749d380ba08c8ca00d7bc76fd907b7d","name":"Nexo Informativo","image":{"@type":"ImageObject","inLanguage":"es","@id":"https:\/\/www.nexoinformativo.mx\/#\/schema\/person\/image\/","url":"https:\/\/secure.gravatar.com\/avatar\/dde2928154642a13d95f87ddf1ea9718fe2b46760a005c53e41ff5ad610704e6?s=96&d=mm&r=g","contentUrl":"https:\/\/secure.gravatar.com\/avatar\/dde2928154642a13d95f87ddf1ea9718fe2b46760a005c53e41ff5ad610704e6?s=96&d=mm&r=g","caption":"Nexo Informativo"},"url":"https:\/\/www.nexoinformativo.mx\/index.php\/author\/edicion\/"}]}},"_links":{"self":[{"href":"https:\/\/www.nexoinformativo.mx\/index.php\/wp-json\/wp\/v2\/posts\/14199","targetHints":{"allow":["GET"]}}],"collection":[{"href":"https:\/\/www.nexoinformativo.mx\/index.php\/wp-json\/wp\/v2\/posts"}],"about":[{"href":"https:\/\/www.nexoinformativo.mx\/index.php\/wp-json\/wp\/v2\/types\/post"}],"author":[{"embeddable":true,"href":"https:\/\/www.nexoinformativo.mx\/index.php\/wp-json\/wp\/v2\/users\/3"}],"replies":[{"embeddable":true,"href":"https:\/\/www.nexoinformativo.mx\/index.php\/wp-json\/wp\/v2\/comments?post=14199"}],"version-history":[{"count":4,"href":"https:\/\/www.nexoinformativo.mx\/index.php\/wp-json\/wp\/v2\/posts\/14199\/revisions"}],"predecessor-version":[{"id":14204,"href":"https:\/\/www.nexoinformativo.mx\/index.php\/wp-json\/wp\/v2\/posts\/14199\/revisions\/14204"}],"wp:featuredmedia":[{"embeddable":true,"href":"https:\/\/www.nexoinformativo.mx\/index.php\/wp-json\/wp\/v2\/media\/14200"}],"wp:attachment":[{"href":"https:\/\/www.nexoinformativo.mx\/index.php\/wp-json\/wp\/v2\/media?parent=14199"}],"wp:term":[{"taxonomy":"category","embeddable":true,"href":"https:\/\/www.nexoinformativo.mx\/index.php\/wp-json\/wp\/v2\/categories?post=14199"},{"taxonomy":"post_tag","embeddable":true,"href":"https:\/\/www.nexoinformativo.mx\/index.php\/wp-json\/wp\/v2\/tags?post=14199"}],"curies":[{"name":"wp","href":"https:\/\/api.w.org\/{rel}","templated":true}]}}