{"id":14205,"date":"2025-04-16T07:00:11","date_gmt":"2025-04-16T13:00:11","guid":{"rendered":"https:\/\/www.nexoinformativo.mx\/?p=14205"},"modified":"2025-04-16T12:05:05","modified_gmt":"2025-04-16T18:05:05","slug":"sinergia-por-la-comida-uaaan-y-agricultura-fortalecen-el-campo-con-ciencia-y-juventud","status":"publish","type":"post","link":"https:\/\/www.nexoinformativo.mx\/index.php\/2025\/04\/16\/sinergia-por-la-comida-uaaan-y-agricultura-fortalecen-el-campo-con-ciencia-y-juventud\/","title":{"rendered":"Sinergia por la comida UAAAN y AGRICULTURA fortalecen el campo con ciencia y juventud"},"content":{"rendered":"<p style=\"text-align: justify;\" data-sourcepos=\"11:1-11:436\">La Secretar\u00eda de Agricultura y Desarrollo Rural (AGRICULTURA) y la Universidad Aut\u00f3noma Agraria Antonio Narro (UAAAN) firmaron un importante convenio de colaboraci\u00f3n para impulsar la autosuficiencia y la soberan\u00eda alimentaria en M\u00e9xico.<\/p>\n<p>&nbsp;<\/p>\n<p style=\"text-align: justify;\" data-sourcepos=\"11:1-11:436\">A trav\u00e9s de acciones acad\u00e9micas, cient\u00edficas y culturales, se busca fortalecer el campo mexicano con el conocimiento y las habilidades de los estudiantes universitarios.<\/p>\n<p>&nbsp;<\/p>\n<p style=\"text-align: justify;\" data-sourcepos=\"13:1-13:406\">El secretario de Agricultura y Desarrollo Rural, Julio Berdegu\u00e9 Sacrist\u00e1n, destac\u00f3 la relevancia de esta alianza estrat\u00e9gica, especialmente en el contexto nacional actual.<\/p>\n<p>&nbsp;<\/p>\n<p style=\"text-align: justify;\" data-sourcepos=\"13:1-13:406\">&#8220;Siempre es importante que la Secretar\u00eda de Agricultura mantenga una relaci\u00f3n eficaz con las instituciones de educaci\u00f3n superior especializadas en el sistema agroalimentario mexicano, y ustedes son una de las m\u00e1s importantes&#8221;, se\u00f1al\u00f3.<\/p>\n<p>&nbsp;<\/p>\n<p style=\"text-align: justify;\" data-sourcepos=\"15:1-15:386\">Berdegu\u00e9 Sacrist\u00e1n enfatiz\u00f3 que, ante la incertidumbre global, la Presidenta Claudia Sheinbaum ha instruido fortalecer las capacidades del pa\u00eds en materia alimentaria, presentando el Plan M\u00e9xico con acciones integrales para aumentar la producci\u00f3n de alimentos clave como ma\u00edz blanco, frijol, leche, trigo y arroz.<\/p>\n<p>&nbsp;<\/p>\n<p style=\"text-align: justify;\" data-sourcepos=\"17:1-17:559\">El convenio entre AGRICULTURA y la UAAAN tiene como objetivos principales promover el servicio social y actividades acad\u00e9micas en las Escuelas de Campo, impulsar la formaci\u00f3n y capacitaci\u00f3n continua en \u00e1reas prioritarias, fomentar la creaci\u00f3n de tecnolog\u00edas y la transferencia de conocimientos a los productores.<\/p>\n<p>&nbsp;<\/p>\n<p style=\"text-align: justify;\" data-sourcepos=\"19:1-19:401\">El rector de la UAAAN, Alberto Flores, reafirm\u00f3 el compromiso de la universidad para colaborar estrechamente con el Gobierno de M\u00e9xico, destacando que la instituci\u00f3n cuenta con 6000 mil estudiantes de todo el pa\u00eds, muchos de ellos provenientes de zonas rurales y diversas etnias, quienes pueden aportar su conocimiento al desarrollo del sector agroalimentario y al bienestar de sus comunidades.<\/p>\n<p>&nbsp;<\/p>\n<p style=\"text-align: center;\" data-sourcepos=\"19:1-19:401\"><em><strong>\u00a1Informaci\u00f3n que transforma!<\/strong><\/em><\/p>\n","protected":false},"excerpt":{"rendered":"<p>La Secretar\u00eda de Agricultura y Desarrollo Rural (AGRICULTURA) y la Universidad Aut\u00f3noma Agraria Antonio Narro (UAAAN) firmaron un importante convenio de colaboraci\u00f3n para impulsar la autosuficiencia y la soberan\u00eda alimentaria en M\u00e9xico.<\/p>\n","protected":false},"author":3,"featured_media":14206,"comment_status":"open","ping_status":"open","sticky":false,"template":"","format":"standard","meta":{"footnotes":""},"categories":[88,58],"tags":[3546,3100,1206,4166],"class_list":["post-14205","post","type-post","status-publish","format-standard","has-post-thumbnail","hentry","category-nacional","category-ultima-hora","tag-agriculturamexico","tag-planmexico","tag-soberaniaalimentaria","tag-uaaanalcampo"],"yoast_head":"<!-- This site is optimized with the Yoast SEO plugin v25.0 - https:\/\/yoast.com\/wordpress\/plugins\/seo\/ -->\n<title>Sinergia por la comida UAAAN y AGRICULTURA fortalecen el campo con ciencia y juventud | Nexo Informativo Santiago de Quer\u00e9taro<\/title>\n<meta name=\"description\" content=\"Sinergia por la comida UAAAN y AGRICULTURA fortalecen el campo con ciencia y juventud\" \/>\n<meta name=\"robots\" content=\"index, follow, max-snippet:-1, max-image-preview:large, max-video-preview:-1\" \/>\n<link rel=\"canonical\" href=\"https:\/\/www.nexoinformativo.mx\/index.php\/2025\/04\/16\/sinergia-por-la-comida-uaaan-y-agricultura-fortalecen-el-campo-con-ciencia-y-juventud\/\" \/>\n<meta property=\"og:locale\" content=\"es_MX\" \/>\n<meta property=\"og:type\" content=\"article\" \/>\n<meta property=\"og:title\" content=\"Sinergia por la comida UAAAN y AGRICULTURA fortalecen el campo con ciencia y juventud | Nexo Informativo Santiago de Quer\u00e9taro\" \/>\n<meta property=\"og:description\" content=\"Sinergia por la comida UAAAN y AGRICULTURA fortalecen el campo con ciencia y juventud\" \/>\n<meta property=\"og:url\" content=\"https:\/\/www.nexoinformativo.mx\/index.php\/2025\/04\/16\/sinergia-por-la-comida-uaaan-y-agricultura-fortalecen-el-campo-con-ciencia-y-juventud\/\" \/>\n<meta property=\"og:site_name\" content=\"Nexo Informativo Santiago de Quer\u00e9taro\" \/>\n<meta property=\"article:publisher\" content=\"https:\/\/www.facebook.com\/people\/Nexo-Informativo\/61564066885511\/\" \/>\n<meta property=\"article:published_time\" content=\"2025-04-16T13:00:11+00:00\" \/>\n<meta property=\"article:modified_time\" content=\"2025-04-16T18:05:05+00:00\" \/>\n<meta property=\"og:image\" content=\"https:\/\/www.nexoinformativo.mx\/wp-content\/uploads\/2025\/04\/IMG_2278-e1744826609537.jpg\" \/>\n\t<meta property=\"og:image:width\" content=\"800\" \/>\n\t<meta property=\"og:image:height\" content=\"475\" \/>\n\t<meta property=\"og:image:type\" content=\"image\/jpeg\" \/>\n<meta name=\"author\" content=\"Nexo Informativo\" \/>\n<meta name=\"twitter:card\" content=\"summary_large_image\" \/>\n<meta name=\"twitter:label1\" content=\"Escrito por\" \/>\n\t<meta name=\"twitter:data1\" content=\"Nexo Informativo\" \/>\n\t<meta name=\"twitter:label2\" content=\"Tiempo de lectura\" \/>\n\t<meta name=\"twitter:data2\" content=\"2 minutos\" \/>\n<script type=\"application\/ld+json\" class=\"yoast-schema-graph\">{\"@context\":\"https:\/\/schema.org\",\"@graph\":[{\"@type\":\"Article\",\"@id\":\"https:\/\/www.nexoinformativo.mx\/index.php\/2025\/04\/16\/sinergia-por-la-comida-uaaan-y-agricultura-fortalecen-el-campo-con-ciencia-y-juventud\/#article\",\"isPartOf\":{\"@id\":\"https:\/\/www.nexoinformativo.mx\/index.php\/2025\/04\/16\/sinergia-por-la-comida-uaaan-y-agricultura-fortalecen-el-campo-con-ciencia-y-juventud\/\"},\"author\":{\"name\":\"Nexo Informativo\",\"@id\":\"https:\/\/www.nexoinformativo.mx\/#\/schema\/person\/7749d380ba08c8ca00d7bc76fd907b7d\"},\"headline\":\"Sinergia por la comida UAAAN y AGRICULTURA fortalecen el campo con ciencia y juventud\",\"datePublished\":\"2025-04-16T13:00:11+00:00\",\"dateModified\":\"2025-04-16T18:05:05+00:00\",\"mainEntityOfPage\":{\"@id\":\"https:\/\/www.nexoinformativo.mx\/index.php\/2025\/04\/16\/sinergia-por-la-comida-uaaan-y-agricultura-fortalecen-el-campo-con-ciencia-y-juventud\/\"},\"wordCount\":313,\"commentCount\":0,\"publisher\":{\"@id\":\"https:\/\/www.nexoinformativo.mx\/#organization\"},\"image\":{\"@id\":\"https:\/\/www.nexoinformativo.mx\/index.php\/2025\/04\/16\/sinergia-por-la-comida-uaaan-y-agricultura-fortalecen-el-campo-con-ciencia-y-juventud\/#primaryimage\"},\"thumbnailUrl\":\"https:\/\/www.nexoinformativo.mx\/wp-content\/uploads\/2025\/04\/IMG_2278-e1744826609537.jpg\",\"keywords\":[\"AgriculturaM\u00e9xico\",\"PlanM\u00e9xico\",\"SoberaniaAlimentaria\",\"UAAANAlCampo\"],\"articleSection\":[\"Nacional\",\"\u00daltima Hora\"],\"inLanguage\":\"es\",\"potentialAction\":[{\"@type\":\"CommentAction\",\"name\":\"Comment\",\"target\":[\"https:\/\/www.nexoinformativo.mx\/index.php\/2025\/04\/16\/sinergia-por-la-comida-uaaan-y-agricultura-fortalecen-el-campo-con-ciencia-y-juventud\/#respond\"]}]},{\"@type\":\"WebPage\",\"@id\":\"https:\/\/www.nexoinformativo.mx\/index.php\/2025\/04\/16\/sinergia-por-la-comida-uaaan-y-agricultura-fortalecen-el-campo-con-ciencia-y-juventud\/\",\"url\":\"https:\/\/www.nexoinformativo.mx\/index.php\/2025\/04\/16\/sinergia-por-la-comida-uaaan-y-agricultura-fortalecen-el-campo-con-ciencia-y-juventud\/\",\"name\":\"Sinergia por la comida UAAAN y AGRICULTURA fortalecen el campo con ciencia y juventud | Nexo Informativo Santiago de Quer\u00e9taro\",\"isPartOf\":{\"@id\":\"https:\/\/www.nexoinformativo.mx\/#website\"},\"primaryImageOfPage\":{\"@id\":\"https:\/\/www.nexoinformativo.mx\/index.php\/2025\/04\/16\/sinergia-por-la-comida-uaaan-y-agricultura-fortalecen-el-campo-con-ciencia-y-juventud\/#primaryimage\"},\"image\":{\"@id\":\"https:\/\/www.nexoinformativo.mx\/index.php\/2025\/04\/16\/sinergia-por-la-comida-uaaan-y-agricultura-fortalecen-el-campo-con-ciencia-y-juventud\/#primaryimage\"},\"thumbnailUrl\":\"https:\/\/www.nexoinformativo.mx\/wp-content\/uploads\/2025\/04\/IMG_2278-e1744826609537.jpg\",\"datePublished\":\"2025-04-16T13:00:11+00:00\",\"dateModified\":\"2025-04-16T18:05:05+00:00\",\"description\":\"Sinergia por la comida UAAAN y AGRICULTURA fortalecen el campo con ciencia y juventud\",\"breadcrumb\":{\"@id\":\"https:\/\/www.nexoinformativo.mx\/index.php\/2025\/04\/16\/sinergia-por-la-comida-uaaan-y-agricultura-fortalecen-el-campo-con-ciencia-y-juventud\/#breadcrumb\"},\"inLanguage\":\"es\",\"potentialAction\":[{\"@type\":\"ReadAction\",\"target\":[\"https:\/\/www.nexoinformativo.mx\/index.php\/2025\/04\/16\/sinergia-por-la-comida-uaaan-y-agricultura-fortalecen-el-campo-con-ciencia-y-juventud\/\"]}]},{\"@type\":\"ImageObject\",\"inLanguage\":\"es\",\"@id\":\"https:\/\/www.nexoinformativo.mx\/index.php\/2025\/04\/16\/sinergia-por-la-comida-uaaan-y-agricultura-fortalecen-el-campo-con-ciencia-y-juventud\/#primaryimage\",\"url\":\"https:\/\/www.nexoinformativo.mx\/wp-content\/uploads\/2025\/04\/IMG_2278-e1744826609537.jpg\",\"contentUrl\":\"https:\/\/www.nexoinformativo.mx\/wp-content\/uploads\/2025\/04\/IMG_2278-e1744826609537.jpg\",\"width\":800,\"height\":475},{\"@type\":\"BreadcrumbList\",\"@id\":\"https:\/\/www.nexoinformativo.mx\/index.php\/2025\/04\/16\/sinergia-por-la-comida-uaaan-y-agricultura-fortalecen-el-campo-con-ciencia-y-juventud\/#breadcrumb\",\"itemListElement\":[{\"@type\":\"ListItem\",\"position\":1,\"name\":\"Inicio\",\"item\":\"https:\/\/www.nexoinformativo.mx\/\"},{\"@type\":\"ListItem\",\"position\":2,\"name\":\"Sinergia por la comida UAAAN y AGRICULTURA fortalecen el campo con ciencia y juventud\"}]},{\"@type\":\"WebSite\",\"@id\":\"https:\/\/www.nexoinformativo.mx\/#website\",\"url\":\"https:\/\/www.nexoinformativo.mx\/\",\"name\":\"Nexo Informativo Santiago de Quer\u00e9taro\",\"description\":\"Explora NexoInformativo y convi\u00e9rtete en parte de una comunidad que valora el conocimiento y la verdad. Tu nexoinformativo es tu puente hacia una comprensi\u00f3n m\u00e1s profunda del mundo que te rodea.\",\"publisher\":{\"@id\":\"https:\/\/www.nexoinformativo.mx\/#organization\"},\"potentialAction\":[{\"@type\":\"SearchAction\",\"target\":{\"@type\":\"EntryPoint\",\"urlTemplate\":\"https:\/\/www.nexoinformativo.mx\/?s={search_term_string}\"},\"query-input\":{\"@type\":\"PropertyValueSpecification\",\"valueRequired\":true,\"valueName\":\"search_term_string\"}}],\"inLanguage\":\"es\"},{\"@type\":\"Organization\",\"@id\":\"https:\/\/www.nexoinformativo.mx\/#organization\",\"name\":\"Nexo Informativo Santiago de Quer\u00e9taro\",\"url\":\"https:\/\/www.nexoinformativo.mx\/\",\"logo\":{\"@type\":\"ImageObject\",\"inLanguage\":\"es\",\"@id\":\"https:\/\/www.nexoinformativo.mx\/#\/schema\/logo\/image\/\",\"url\":\"https:\/\/www.nexoinformativo.mx\/wp-content\/uploads\/2024\/07\/nexoi-trasparente-2.png\",\"contentUrl\":\"https:\/\/www.nexoinformativo.mx\/wp-content\/uploads\/2024\/07\/nexoi-trasparente-2.png\",\"width\":816,\"height\":339,\"caption\":\"Nexo Informativo Santiago de Quer\u00e9taro\"},\"image\":{\"@id\":\"https:\/\/www.nexoinformativo.mx\/#\/schema\/logo\/image\/\"},\"sameAs\":[\"https:\/\/www.facebook.com\/people\/Nexo-Informativo\/61564066885511\/\"]},{\"@type\":\"Person\",\"@id\":\"https:\/\/www.nexoinformativo.mx\/#\/schema\/person\/7749d380ba08c8ca00d7bc76fd907b7d\",\"name\":\"Nexo Informativo\",\"image\":{\"@type\":\"ImageObject\",\"inLanguage\":\"es\",\"@id\":\"https:\/\/www.nexoinformativo.mx\/#\/schema\/person\/image\/\",\"url\":\"https:\/\/secure.gravatar.com\/avatar\/dde2928154642a13d95f87ddf1ea9718fe2b46760a005c53e41ff5ad610704e6?s=96&d=mm&r=g\",\"contentUrl\":\"https:\/\/secure.gravatar.com\/avatar\/dde2928154642a13d95f87ddf1ea9718fe2b46760a005c53e41ff5ad610704e6?s=96&d=mm&r=g\",\"caption\":\"Nexo Informativo\"},\"url\":\"https:\/\/www.nexoinformativo.mx\/index.php\/author\/edicion\/\"}]}<\/script>\n<!-- \/ Yoast SEO plugin. -->","yoast_head_json":{"title":"Sinergia por la comida UAAAN y AGRICULTURA fortalecen el campo con ciencia y juventud | Nexo Informativo Santiago de Quer\u00e9taro","description":"Sinergia por la comida UAAAN y AGRICULTURA fortalecen el campo con ciencia y juventud","robots":{"index":"index","follow":"follow","max-snippet":"max-snippet:-1","max-image-preview":"max-image-preview:large","max-video-preview":"max-video-preview:-1"},"canonical":"https:\/\/www.nexoinformativo.mx\/index.php\/2025\/04\/16\/sinergia-por-la-comida-uaaan-y-agricultura-fortalecen-el-campo-con-ciencia-y-juventud\/","og_locale":"es_MX","og_type":"article","og_title":"Sinergia por la comida UAAAN y AGRICULTURA fortalecen el campo con ciencia y juventud | Nexo Informativo Santiago de Quer\u00e9taro","og_description":"Sinergia por la comida UAAAN y AGRICULTURA fortalecen el campo con ciencia y juventud","og_url":"https:\/\/www.nexoinformativo.mx\/index.php\/2025\/04\/16\/sinergia-por-la-comida-uaaan-y-agricultura-fortalecen-el-campo-con-ciencia-y-juventud\/","og_site_name":"Nexo Informativo Santiago de Quer\u00e9taro","article_publisher":"https:\/\/www.facebook.com\/people\/Nexo-Informativo\/61564066885511\/","article_published_time":"2025-04-16T13:00:11+00:00","article_modified_time":"2025-04-16T18:05:05+00:00","og_image":[{"width":800,"height":475,"url":"https:\/\/www.nexoinformativo.mx\/wp-content\/uploads\/2025\/04\/IMG_2278-e1744826609537.jpg","type":"image\/jpeg"}],"author":"Nexo Informativo","twitter_card":"summary_large_image","twitter_misc":{"Escrito por":"Nexo Informativo","Tiempo de lectura":"2 minutos"},"schema":{"@context":"https:\/\/schema.org","@graph":[{"@type":"Article","@id":"https:\/\/www.nexoinformativo.mx\/index.php\/2025\/04\/16\/sinergia-por-la-comida-uaaan-y-agricultura-fortalecen-el-campo-con-ciencia-y-juventud\/#article","isPartOf":{"@id":"https:\/\/www.nexoinformativo.mx\/index.php\/2025\/04\/16\/sinergia-por-la-comida-uaaan-y-agricultura-fortalecen-el-campo-con-ciencia-y-juventud\/"},"author":{"name":"Nexo Informativo","@id":"https:\/\/www.nexoinformativo.mx\/#\/schema\/person\/7749d380ba08c8ca00d7bc76fd907b7d"},"headline":"Sinergia por la comida UAAAN y AGRICULTURA fortalecen el campo con ciencia y juventud","datePublished":"2025-04-16T13:00:11+00:00","dateModified":"2025-04-16T18:05:05+00:00","mainEntityOfPage":{"@id":"https:\/\/www.nexoinformativo.mx\/index.php\/2025\/04\/16\/sinergia-por-la-comida-uaaan-y-agricultura-fortalecen-el-campo-con-ciencia-y-juventud\/"},"wordCount":313,"commentCount":0,"publisher":{"@id":"https:\/\/www.nexoinformativo.mx\/#organization"},"image":{"@id":"https:\/\/www.nexoinformativo.mx\/index.php\/2025\/04\/16\/sinergia-por-la-comida-uaaan-y-agricultura-fortalecen-el-campo-con-ciencia-y-juventud\/#primaryimage"},"thumbnailUrl":"https:\/\/www.nexoinformativo.mx\/wp-content\/uploads\/2025\/04\/IMG_2278-e1744826609537.jpg","keywords":["AgriculturaM\u00e9xico","PlanM\u00e9xico","SoberaniaAlimentaria","UAAANAlCampo"],"articleSection":["Nacional","\u00daltima Hora"],"inLanguage":"es","potentialAction":[{"@type":"CommentAction","name":"Comment","target":["https:\/\/www.nexoinformativo.mx\/index.php\/2025\/04\/16\/sinergia-por-la-comida-uaaan-y-agricultura-fortalecen-el-campo-con-ciencia-y-juventud\/#respond"]}]},{"@type":"WebPage","@id":"https:\/\/www.nexoinformativo.mx\/index.php\/2025\/04\/16\/sinergia-por-la-comida-uaaan-y-agricultura-fortalecen-el-campo-con-ciencia-y-juventud\/","url":"https:\/\/www.nexoinformativo.mx\/index.php\/2025\/04\/16\/sinergia-por-la-comida-uaaan-y-agricultura-fortalecen-el-campo-con-ciencia-y-juventud\/","name":"Sinergia por la comida UAAAN y AGRICULTURA fortalecen el campo con ciencia y juventud | Nexo Informativo Santiago de Quer\u00e9taro","isPartOf":{"@id":"https:\/\/www.nexoinformativo.mx\/#website"},"primaryImageOfPage":{"@id":"https:\/\/www.nexoinformativo.mx\/index.php\/2025\/04\/16\/sinergia-por-la-comida-uaaan-y-agricultura-fortalecen-el-campo-con-ciencia-y-juventud\/#primaryimage"},"image":{"@id":"https:\/\/www.nexoinformativo.mx\/index.php\/2025\/04\/16\/sinergia-por-la-comida-uaaan-y-agricultura-fortalecen-el-campo-con-ciencia-y-juventud\/#primaryimage"},"thumbnailUrl":"https:\/\/www.nexoinformativo.mx\/wp-content\/uploads\/2025\/04\/IMG_2278-e1744826609537.jpg","datePublished":"2025-04-16T13:00:11+00:00","dateModified":"2025-04-16T18:05:05+00:00","description":"Sinergia por la comida UAAAN y AGRICULTURA fortalecen el campo con ciencia y juventud","breadcrumb":{"@id":"https:\/\/www.nexoinformativo.mx\/index.php\/2025\/04\/16\/sinergia-por-la-comida-uaaan-y-agricultura-fortalecen-el-campo-con-ciencia-y-juventud\/#breadcrumb"},"inLanguage":"es","potentialAction":[{"@type":"ReadAction","target":["https:\/\/www.nexoinformativo.mx\/index.php\/2025\/04\/16\/sinergia-por-la-comida-uaaan-y-agricultura-fortalecen-el-campo-con-ciencia-y-juventud\/"]}]},{"@type":"ImageObject","inLanguage":"es","@id":"https:\/\/www.nexoinformativo.mx\/index.php\/2025\/04\/16\/sinergia-por-la-comida-uaaan-y-agricultura-fortalecen-el-campo-con-ciencia-y-juventud\/#primaryimage","url":"https:\/\/www.nexoinformativo.mx\/wp-content\/uploads\/2025\/04\/IMG_2278-e1744826609537.jpg","contentUrl":"https:\/\/www.nexoinformativo.mx\/wp-content\/uploads\/2025\/04\/IMG_2278-e1744826609537.jpg","width":800,"height":475},{"@type":"BreadcrumbList","@id":"https:\/\/www.nexoinformativo.mx\/index.php\/2025\/04\/16\/sinergia-por-la-comida-uaaan-y-agricultura-fortalecen-el-campo-con-ciencia-y-juventud\/#breadcrumb","itemListElement":[{"@type":"ListItem","position":1,"name":"Inicio","item":"https:\/\/www.nexoinformativo.mx\/"},{"@type":"ListItem","position":2,"name":"Sinergia por la comida UAAAN y AGRICULTURA fortalecen el campo con ciencia y juventud"}]},{"@type":"WebSite","@id":"https:\/\/www.nexoinformativo.mx\/#website","url":"https:\/\/www.nexoinformativo.mx\/","name":"Nexo Informativo Santiago de Quer\u00e9taro","description":"Explora NexoInformativo y convi\u00e9rtete en parte de una comunidad que valora el conocimiento y la verdad. Tu nexoinformativo es tu puente hacia una comprensi\u00f3n m\u00e1s profunda del mundo que te rodea.","publisher":{"@id":"https:\/\/www.nexoinformativo.mx\/#organization"},"potentialAction":[{"@type":"SearchAction","target":{"@type":"EntryPoint","urlTemplate":"https:\/\/www.nexoinformativo.mx\/?s={search_term_string}"},"query-input":{"@type":"PropertyValueSpecification","valueRequired":true,"valueName":"search_term_string"}}],"inLanguage":"es"},{"@type":"Organization","@id":"https:\/\/www.nexoinformativo.mx\/#organization","name":"Nexo Informativo Santiago de Quer\u00e9taro","url":"https:\/\/www.nexoinformativo.mx\/","logo":{"@type":"ImageObject","inLanguage":"es","@id":"https:\/\/www.nexoinformativo.mx\/#\/schema\/logo\/image\/","url":"https:\/\/www.nexoinformativo.mx\/wp-content\/uploads\/2024\/07\/nexoi-trasparente-2.png","contentUrl":"https:\/\/www.nexoinformativo.mx\/wp-content\/uploads\/2024\/07\/nexoi-trasparente-2.png","width":816,"height":339,"caption":"Nexo Informativo Santiago de Quer\u00e9taro"},"image":{"@id":"https:\/\/www.nexoinformativo.mx\/#\/schema\/logo\/image\/"},"sameAs":["https:\/\/www.facebook.com\/people\/Nexo-Informativo\/61564066885511\/"]},{"@type":"Person","@id":"https:\/\/www.nexoinformativo.mx\/#\/schema\/person\/7749d380ba08c8ca00d7bc76fd907b7d","name":"Nexo Informativo","image":{"@type":"ImageObject","inLanguage":"es","@id":"https:\/\/www.nexoinformativo.mx\/#\/schema\/person\/image\/","url":"https:\/\/secure.gravatar.com\/avatar\/dde2928154642a13d95f87ddf1ea9718fe2b46760a005c53e41ff5ad610704e6?s=96&d=mm&r=g","contentUrl":"https:\/\/secure.gravatar.com\/avatar\/dde2928154642a13d95f87ddf1ea9718fe2b46760a005c53e41ff5ad610704e6?s=96&d=mm&r=g","caption":"Nexo Informativo"},"url":"https:\/\/www.nexoinformativo.mx\/index.php\/author\/edicion\/"}]}},"_links":{"self":[{"href":"https:\/\/www.nexoinformativo.mx\/index.php\/wp-json\/wp\/v2\/posts\/14205","targetHints":{"allow":["GET"]}}],"collection":[{"href":"https:\/\/www.nexoinformativo.mx\/index.php\/wp-json\/wp\/v2\/posts"}],"about":[{"href":"https:\/\/www.nexoinformativo.mx\/index.php\/wp-json\/wp\/v2\/types\/post"}],"author":[{"embeddable":true,"href":"https:\/\/www.nexoinformativo.mx\/index.php\/wp-json\/wp\/v2\/users\/3"}],"replies":[{"embeddable":true,"href":"https:\/\/www.nexoinformativo.mx\/index.php\/wp-json\/wp\/v2\/comments?post=14205"}],"version-history":[{"count":4,"href":"https:\/\/www.nexoinformativo.mx\/index.php\/wp-json\/wp\/v2\/posts\/14205\/revisions"}],"predecessor-version":[{"id":14209,"href":"https:\/\/www.nexoinformativo.mx\/index.php\/wp-json\/wp\/v2\/posts\/14205\/revisions\/14209"}],"wp:featuredmedia":[{"embeddable":true,"href":"https:\/\/www.nexoinformativo.mx\/index.php\/wp-json\/wp\/v2\/media\/14206"}],"wp:attachment":[{"href":"https:\/\/www.nexoinformativo.mx\/index.php\/wp-json\/wp\/v2\/media?parent=14205"}],"wp:term":[{"taxonomy":"category","embeddable":true,"href":"https:\/\/www.nexoinformativo.mx\/index.php\/wp-json\/wp\/v2\/categories?post=14205"},{"taxonomy":"post_tag","embeddable":true,"href":"https:\/\/www.nexoinformativo.mx\/index.php\/wp-json\/wp\/v2\/tags?post=14205"}],"curies":[{"name":"wp","href":"https:\/\/api.w.org\/{rel}","templated":true}]}}