{"id":1421,"date":"2024-09-02T09:00:16","date_gmt":"2024-09-02T15:00:16","guid":{"rendered":"https:\/\/www.nexoinformativo.mx\/?p=1421"},"modified":"2024-09-02T13:23:38","modified_gmt":"2024-09-02T19:23:38","slug":"sector-restaurantero-de-queretaro-espera-derrama-economica-de-70-mdp-en-fiestas-patrias","status":"publish","type":"post","link":"https:\/\/www.nexoinformativo.mx\/index.php\/2024\/09\/02\/sector-restaurantero-de-queretaro-espera-derrama-economica-de-70-mdp-en-fiestas-patrias\/","title":{"rendered":"Sector restaurantero de Quer\u00e9taro espera derrama econ\u00f3mica de 70 MDP en fiestas Patrias"},"content":{"rendered":"<p style=\"text-align: justify;\">Con la llegada de las fiestas patrias, el sector restaurantero en Quer\u00e9taro se prepara para un fin de semana largo de gran actividad econ\u00f3mica. La presidenta de la C\u00e1mara Nacional de la Industria de Restaurantes y Alimentos Condimentados (CANIRAC), Rosalinda Hern\u00e1ndez Rosiles, inform\u00f3\u00a0 se proyecta una derrama econ\u00f3mica de entre 65 a 70 millones de pesos para los d\u00edas del 14 al 16 de septiembre, un incremento del 15% en comparaci\u00f3n con el a\u00f1o pasado.<\/p>\n<p>&nbsp;<\/p>\n<h3><strong>Expectativas de crecimiento y promociones especiales<\/strong><\/h3>\n<p>&nbsp;<\/p>\n<p style=\"text-align: justify;\">Las expectativas de ventas para estas fechas festivas son altas, con un aumento proyectado del 70% respecto al a\u00f1o anterior. Hern\u00e1ndez Rosiles destac\u00f3 que el sector restaurantero est\u00e1 listo para recibir a alrededor de 70 mil visitantes que se esperan en el estado. &#8220;Es un fin de semana largo que va desde el 14 al 16 de septiembre y es muy bueno para nosotros&#8221;, coment\u00f3.<\/p>\n<p>&nbsp;<\/p>\n<p style=\"text-align: justify;\">Los restaurantes en Quer\u00e9taro han preparado diversas promociones y paquetes especiales que van desde los 500 hasta los 2,000 pesos por persona. Estas ofertas incluyen una variedad de platillos mexicanos tradicionales, as\u00ed como una selecci\u00f3n de bebidas y entretenimiento musical en vivo para ofrecer a los comensales una experiencia completa.<\/p>\n<p>&nbsp;<\/p>\n<p style=\"text-align: justify;\">Aunque se espera que todo el sector restaurantero de Quer\u00e9taro se beneficie de este repunte en ventas, Hern\u00e1ndez Rosiles destac\u00f3 que el mayor movimiento de comensales se da en los establecimientos ubicados en el Centro Hist\u00f3rico y en las plazas comerciales de la ciudad. Estos lugares son conocidos por su ambiente festivo y su capacidad para atraer tanto a locales como a turistas durante las celebraciones patrias.<\/p>\n<p>&nbsp;<\/p>\n<h3><strong>Inicia la temporada de mayor actividad gastron\u00f3mica\u00a0<\/strong><\/h3>\n<p>&nbsp;<\/p>\n<p style=\"text-align: justify;\">Con el inicio de las fiestas patrias, la industria gastron\u00f3mica en Quer\u00e9taro tambi\u00e9n marca el comienzo de su periodo de mayor actividad del a\u00f1o. Este auge continuar\u00e1 hasta diciembre, abarcando las festividades de Navidad y A\u00f1o Nuevo, lo que representa una gran oportunidad para el sector, sus ingresos y crecimiento econ\u00f3mico.<\/p>\n<p>&nbsp;<\/p>\n","protected":false},"excerpt":{"rendered":"<p>Con la llegada de las fiestas patrias, el sector restaurantero en Quer\u00e9taro se prepara para un fin de semana largo de gran actividad econ\u00f3mica. La presidenta de la C\u00e1mara Nacional de la Industria de Restaurantes y Alimentos Condimentados (CANIRAC), Rosalinda Hern\u00e1ndez Rosiles, inform\u00f3 que se proyecta una derrama econ\u00f3mica de entre 65 a 70 millones de pesos para los d\u00edas comprendidos del 14 al 16 de septiembre, un incremento del 15% en comparaci\u00f3n con el a\u00f1o pasado.<\/p>\n","protected":false},"author":3,"featured_media":1424,"comment_status":"open","ping_status":"open","sticky":false,"template":"","format":"standard","meta":{"footnotes":""},"categories":[42],"tags":[425,423,421,424,422],"class_list":["post-1421","post","type-post","status-publish","format-standard","has-post-thumbnail","hentry","category-estado","tag-celebrandoenqueretaro","tag-derramaeconomica2024","tag-fiestaspatriasqueretaro","tag-gastronomiamexicana","tag-restaurantesqro"],"yoast_head":"<!-- This site is optimized with the Yoast SEO plugin v25.0 - https:\/\/yoast.com\/wordpress\/plugins\/seo\/ -->\n<title>Sector restaurantero de Quer\u00e9taro espera derrama econ\u00f3mica de 70 MDP en fiestas Patrias | Nexo Informativo Santiago de Quer\u00e9taro<\/title>\n<meta name=\"description\" content=\"Sector restaurantero de Quer\u00e9taro espera derrama econ\u00f3mica de 70 MDP en fiestas Patrias\" \/>\n<meta name=\"robots\" content=\"index, follow, max-snippet:-1, max-image-preview:large, max-video-preview:-1\" \/>\n<link rel=\"canonical\" href=\"https:\/\/www.nexoinformativo.mx\/index.php\/2024\/09\/02\/sector-restaurantero-de-queretaro-espera-derrama-economica-de-70-mdp-en-fiestas-patrias\/\" \/>\n<meta property=\"og:locale\" content=\"es_MX\" \/>\n<meta property=\"og:type\" content=\"article\" \/>\n<meta property=\"og:title\" content=\"Sector restaurantero de Quer\u00e9taro espera derrama econ\u00f3mica de 70 MDP en fiestas Patrias | Nexo Informativo Santiago de Quer\u00e9taro\" \/>\n<meta property=\"og:description\" content=\"Sector restaurantero de Quer\u00e9taro espera derrama econ\u00f3mica de 70 MDP en fiestas Patrias\" \/>\n<meta property=\"og:url\" content=\"https:\/\/www.nexoinformativo.mx\/index.php\/2024\/09\/02\/sector-restaurantero-de-queretaro-espera-derrama-economica-de-70-mdp-en-fiestas-patrias\/\" \/>\n<meta property=\"og:site_name\" content=\"Nexo Informativo Santiago de Quer\u00e9taro\" \/>\n<meta property=\"article:publisher\" content=\"https:\/\/www.facebook.com\/people\/Nexo-Informativo\/61564066885511\/\" \/>\n<meta property=\"article:published_time\" content=\"2024-09-02T15:00:16+00:00\" \/>\n<meta property=\"article:modified_time\" content=\"2024-09-02T19:23:38+00:00\" \/>\n<meta property=\"og:image\" content=\"https:\/\/www.nexoinformativo.mx\/wp-content\/uploads\/2024\/09\/PHOTO-2024-09-02-11-20-14.jpg\" \/>\n\t<meta property=\"og:image:width\" content=\"727\" \/>\n\t<meta property=\"og:image:height\" content=\"947\" \/>\n\t<meta property=\"og:image:type\" content=\"image\/jpeg\" \/>\n<meta name=\"author\" content=\"Nexo Informativo\" \/>\n<meta name=\"twitter:card\" content=\"summary_large_image\" \/>\n<meta name=\"twitter:label1\" content=\"Escrito por\" \/>\n\t<meta name=\"twitter:data1\" content=\"Nexo Informativo\" \/>\n\t<meta name=\"twitter:label2\" content=\"Tiempo de lectura\" \/>\n\t<meta name=\"twitter:data2\" content=\"2 minutos\" \/>\n<script type=\"application\/ld+json\" class=\"yoast-schema-graph\">{\"@context\":\"https:\/\/schema.org\",\"@graph\":[{\"@type\":\"Article\",\"@id\":\"https:\/\/www.nexoinformativo.mx\/index.php\/2024\/09\/02\/sector-restaurantero-de-queretaro-espera-derrama-economica-de-70-mdp-en-fiestas-patrias\/#article\",\"isPartOf\":{\"@id\":\"https:\/\/www.nexoinformativo.mx\/index.php\/2024\/09\/02\/sector-restaurantero-de-queretaro-espera-derrama-economica-de-70-mdp-en-fiestas-patrias\/\"},\"author\":{\"name\":\"Nexo Informativo\",\"@id\":\"https:\/\/www.nexoinformativo.mx\/#\/schema\/person\/7749d380ba08c8ca00d7bc76fd907b7d\"},\"headline\":\"Sector restaurantero de Quer\u00e9taro espera derrama econ\u00f3mica de 70 MDP en fiestas Patrias\",\"datePublished\":\"2024-09-02T15:00:16+00:00\",\"dateModified\":\"2024-09-02T19:23:38+00:00\",\"mainEntityOfPage\":{\"@id\":\"https:\/\/www.nexoinformativo.mx\/index.php\/2024\/09\/02\/sector-restaurantero-de-queretaro-espera-derrama-economica-de-70-mdp-en-fiestas-patrias\/\"},\"wordCount\":353,\"commentCount\":0,\"publisher\":{\"@id\":\"https:\/\/www.nexoinformativo.mx\/#organization\"},\"image\":{\"@id\":\"https:\/\/www.nexoinformativo.mx\/index.php\/2024\/09\/02\/sector-restaurantero-de-queretaro-espera-derrama-economica-de-70-mdp-en-fiestas-patrias\/#primaryimage\"},\"thumbnailUrl\":\"https:\/\/www.nexoinformativo.mx\/wp-content\/uploads\/2024\/09\/PHOTO-2024-09-02-11-20-14.jpg\",\"keywords\":[\"CelebrandoEnQuer\u00e9taro\",\"DerramaEcon\u00f3mica2024\",\"FiestasPatriasQuer\u00e9taro\",\"Gastronom\u00edaMexicana\",\"RestaurantesQro\"],\"articleSection\":[\"Estado\"],\"inLanguage\":\"es\",\"potentialAction\":[{\"@type\":\"CommentAction\",\"name\":\"Comment\",\"target\":[\"https:\/\/www.nexoinformativo.mx\/index.php\/2024\/09\/02\/sector-restaurantero-de-queretaro-espera-derrama-economica-de-70-mdp-en-fiestas-patrias\/#respond\"]}]},{\"@type\":\"WebPage\",\"@id\":\"https:\/\/www.nexoinformativo.mx\/index.php\/2024\/09\/02\/sector-restaurantero-de-queretaro-espera-derrama-economica-de-70-mdp-en-fiestas-patrias\/\",\"url\":\"https:\/\/www.nexoinformativo.mx\/index.php\/2024\/09\/02\/sector-restaurantero-de-queretaro-espera-derrama-economica-de-70-mdp-en-fiestas-patrias\/\",\"name\":\"Sector restaurantero de Quer\u00e9taro espera derrama econ\u00f3mica de 70 MDP en fiestas Patrias | Nexo Informativo Santiago de Quer\u00e9taro\",\"isPartOf\":{\"@id\":\"https:\/\/www.nexoinformativo.mx\/#website\"},\"primaryImageOfPage\":{\"@id\":\"https:\/\/www.nexoinformativo.mx\/index.php\/2024\/09\/02\/sector-restaurantero-de-queretaro-espera-derrama-economica-de-70-mdp-en-fiestas-patrias\/#primaryimage\"},\"image\":{\"@id\":\"https:\/\/www.nexoinformativo.mx\/index.php\/2024\/09\/02\/sector-restaurantero-de-queretaro-espera-derrama-economica-de-70-mdp-en-fiestas-patrias\/#primaryimage\"},\"thumbnailUrl\":\"https:\/\/www.nexoinformativo.mx\/wp-content\/uploads\/2024\/09\/PHOTO-2024-09-02-11-20-14.jpg\",\"datePublished\":\"2024-09-02T15:00:16+00:00\",\"dateModified\":\"2024-09-02T19:23:38+00:00\",\"description\":\"Sector restaurantero de Quer\u00e9taro espera derrama econ\u00f3mica de 70 MDP en fiestas Patrias\",\"breadcrumb\":{\"@id\":\"https:\/\/www.nexoinformativo.mx\/index.php\/2024\/09\/02\/sector-restaurantero-de-queretaro-espera-derrama-economica-de-70-mdp-en-fiestas-patrias\/#breadcrumb\"},\"inLanguage\":\"es\",\"potentialAction\":[{\"@type\":\"ReadAction\",\"target\":[\"https:\/\/www.nexoinformativo.mx\/index.php\/2024\/09\/02\/sector-restaurantero-de-queretaro-espera-derrama-economica-de-70-mdp-en-fiestas-patrias\/\"]}]},{\"@type\":\"ImageObject\",\"inLanguage\":\"es\",\"@id\":\"https:\/\/www.nexoinformativo.mx\/index.php\/2024\/09\/02\/sector-restaurantero-de-queretaro-espera-derrama-economica-de-70-mdp-en-fiestas-patrias\/#primaryimage\",\"url\":\"https:\/\/www.nexoinformativo.mx\/wp-content\/uploads\/2024\/09\/PHOTO-2024-09-02-11-20-14.jpg\",\"contentUrl\":\"https:\/\/www.nexoinformativo.mx\/wp-content\/uploads\/2024\/09\/PHOTO-2024-09-02-11-20-14.jpg\",\"width\":727,\"height\":947},{\"@type\":\"BreadcrumbList\",\"@id\":\"https:\/\/www.nexoinformativo.mx\/index.php\/2024\/09\/02\/sector-restaurantero-de-queretaro-espera-derrama-economica-de-70-mdp-en-fiestas-patrias\/#breadcrumb\",\"itemListElement\":[{\"@type\":\"ListItem\",\"position\":1,\"name\":\"Inicio\",\"item\":\"https:\/\/www.nexoinformativo.mx\/\"},{\"@type\":\"ListItem\",\"position\":2,\"name\":\"Sector restaurantero de Quer\u00e9taro espera derrama econ\u00f3mica de 70 MDP en fiestas Patrias\"}]},{\"@type\":\"WebSite\",\"@id\":\"https:\/\/www.nexoinformativo.mx\/#website\",\"url\":\"https:\/\/www.nexoinformativo.mx\/\",\"name\":\"Nexo Informativo Santiago de Quer\u00e9taro\",\"description\":\"Explora NexoInformativo y convi\u00e9rtete en parte de una comunidad que valora el conocimiento y la verdad. Tu nexoinformativo es tu puente hacia una comprensi\u00f3n m\u00e1s profunda del mundo que te rodea.\",\"publisher\":{\"@id\":\"https:\/\/www.nexoinformativo.mx\/#organization\"},\"potentialAction\":[{\"@type\":\"SearchAction\",\"target\":{\"@type\":\"EntryPoint\",\"urlTemplate\":\"https:\/\/www.nexoinformativo.mx\/?s={search_term_string}\"},\"query-input\":{\"@type\":\"PropertyValueSpecification\",\"valueRequired\":true,\"valueName\":\"search_term_string\"}}],\"inLanguage\":\"es\"},{\"@type\":\"Organization\",\"@id\":\"https:\/\/www.nexoinformativo.mx\/#organization\",\"name\":\"Nexo Informativo Santiago de Quer\u00e9taro\",\"url\":\"https:\/\/www.nexoinformativo.mx\/\",\"logo\":{\"@type\":\"ImageObject\",\"inLanguage\":\"es\",\"@id\":\"https:\/\/www.nexoinformativo.mx\/#\/schema\/logo\/image\/\",\"url\":\"https:\/\/www.nexoinformativo.mx\/wp-content\/uploads\/2024\/07\/nexoi-trasparente-2.png\",\"contentUrl\":\"https:\/\/www.nexoinformativo.mx\/wp-content\/uploads\/2024\/07\/nexoi-trasparente-2.png\",\"width\":816,\"height\":339,\"caption\":\"Nexo Informativo Santiago de Quer\u00e9taro\"},\"image\":{\"@id\":\"https:\/\/www.nexoinformativo.mx\/#\/schema\/logo\/image\/\"},\"sameAs\":[\"https:\/\/www.facebook.com\/people\/Nexo-Informativo\/61564066885511\/\"]},{\"@type\":\"Person\",\"@id\":\"https:\/\/www.nexoinformativo.mx\/#\/schema\/person\/7749d380ba08c8ca00d7bc76fd907b7d\",\"name\":\"Nexo Informativo\",\"image\":{\"@type\":\"ImageObject\",\"inLanguage\":\"es\",\"@id\":\"https:\/\/www.nexoinformativo.mx\/#\/schema\/person\/image\/\",\"url\":\"https:\/\/secure.gravatar.com\/avatar\/dde2928154642a13d95f87ddf1ea9718fe2b46760a005c53e41ff5ad610704e6?s=96&d=mm&r=g\",\"contentUrl\":\"https:\/\/secure.gravatar.com\/avatar\/dde2928154642a13d95f87ddf1ea9718fe2b46760a005c53e41ff5ad610704e6?s=96&d=mm&r=g\",\"caption\":\"Nexo Informativo\"},\"url\":\"https:\/\/www.nexoinformativo.mx\/index.php\/author\/edicion\/\"}]}<\/script>\n<!-- \/ Yoast SEO plugin. -->","yoast_head_json":{"title":"Sector restaurantero de Quer\u00e9taro espera derrama econ\u00f3mica de 70 MDP en fiestas Patrias | Nexo Informativo Santiago de Quer\u00e9taro","description":"Sector restaurantero de Quer\u00e9taro espera derrama econ\u00f3mica de 70 MDP en fiestas Patrias","robots":{"index":"index","follow":"follow","max-snippet":"max-snippet:-1","max-image-preview":"max-image-preview:large","max-video-preview":"max-video-preview:-1"},"canonical":"https:\/\/www.nexoinformativo.mx\/index.php\/2024\/09\/02\/sector-restaurantero-de-queretaro-espera-derrama-economica-de-70-mdp-en-fiestas-patrias\/","og_locale":"es_MX","og_type":"article","og_title":"Sector restaurantero de Quer\u00e9taro espera derrama econ\u00f3mica de 70 MDP en fiestas Patrias | Nexo Informativo Santiago de Quer\u00e9taro","og_description":"Sector restaurantero de Quer\u00e9taro espera derrama econ\u00f3mica de 70 MDP en fiestas Patrias","og_url":"https:\/\/www.nexoinformativo.mx\/index.php\/2024\/09\/02\/sector-restaurantero-de-queretaro-espera-derrama-economica-de-70-mdp-en-fiestas-patrias\/","og_site_name":"Nexo Informativo Santiago de Quer\u00e9taro","article_publisher":"https:\/\/www.facebook.com\/people\/Nexo-Informativo\/61564066885511\/","article_published_time":"2024-09-02T15:00:16+00:00","article_modified_time":"2024-09-02T19:23:38+00:00","og_image":[{"width":727,"height":947,"url":"https:\/\/www.nexoinformativo.mx\/wp-content\/uploads\/2024\/09\/PHOTO-2024-09-02-11-20-14.jpg","type":"image\/jpeg"}],"author":"Nexo Informativo","twitter_card":"summary_large_image","twitter_misc":{"Escrito por":"Nexo Informativo","Tiempo de lectura":"2 minutos"},"schema":{"@context":"https:\/\/schema.org","@graph":[{"@type":"Article","@id":"https:\/\/www.nexoinformativo.mx\/index.php\/2024\/09\/02\/sector-restaurantero-de-queretaro-espera-derrama-economica-de-70-mdp-en-fiestas-patrias\/#article","isPartOf":{"@id":"https:\/\/www.nexoinformativo.mx\/index.php\/2024\/09\/02\/sector-restaurantero-de-queretaro-espera-derrama-economica-de-70-mdp-en-fiestas-patrias\/"},"author":{"name":"Nexo Informativo","@id":"https:\/\/www.nexoinformativo.mx\/#\/schema\/person\/7749d380ba08c8ca00d7bc76fd907b7d"},"headline":"Sector restaurantero de Quer\u00e9taro espera derrama econ\u00f3mica de 70 MDP en fiestas Patrias","datePublished":"2024-09-02T15:00:16+00:00","dateModified":"2024-09-02T19:23:38+00:00","mainEntityOfPage":{"@id":"https:\/\/www.nexoinformativo.mx\/index.php\/2024\/09\/02\/sector-restaurantero-de-queretaro-espera-derrama-economica-de-70-mdp-en-fiestas-patrias\/"},"wordCount":353,"commentCount":0,"publisher":{"@id":"https:\/\/www.nexoinformativo.mx\/#organization"},"image":{"@id":"https:\/\/www.nexoinformativo.mx\/index.php\/2024\/09\/02\/sector-restaurantero-de-queretaro-espera-derrama-economica-de-70-mdp-en-fiestas-patrias\/#primaryimage"},"thumbnailUrl":"https:\/\/www.nexoinformativo.mx\/wp-content\/uploads\/2024\/09\/PHOTO-2024-09-02-11-20-14.jpg","keywords":["CelebrandoEnQuer\u00e9taro","DerramaEcon\u00f3mica2024","FiestasPatriasQuer\u00e9taro","Gastronom\u00edaMexicana","RestaurantesQro"],"articleSection":["Estado"],"inLanguage":"es","potentialAction":[{"@type":"CommentAction","name":"Comment","target":["https:\/\/www.nexoinformativo.mx\/index.php\/2024\/09\/02\/sector-restaurantero-de-queretaro-espera-derrama-economica-de-70-mdp-en-fiestas-patrias\/#respond"]}]},{"@type":"WebPage","@id":"https:\/\/www.nexoinformativo.mx\/index.php\/2024\/09\/02\/sector-restaurantero-de-queretaro-espera-derrama-economica-de-70-mdp-en-fiestas-patrias\/","url":"https:\/\/www.nexoinformativo.mx\/index.php\/2024\/09\/02\/sector-restaurantero-de-queretaro-espera-derrama-economica-de-70-mdp-en-fiestas-patrias\/","name":"Sector restaurantero de Quer\u00e9taro espera derrama econ\u00f3mica de 70 MDP en fiestas Patrias | Nexo Informativo Santiago de Quer\u00e9taro","isPartOf":{"@id":"https:\/\/www.nexoinformativo.mx\/#website"},"primaryImageOfPage":{"@id":"https:\/\/www.nexoinformativo.mx\/index.php\/2024\/09\/02\/sector-restaurantero-de-queretaro-espera-derrama-economica-de-70-mdp-en-fiestas-patrias\/#primaryimage"},"image":{"@id":"https:\/\/www.nexoinformativo.mx\/index.php\/2024\/09\/02\/sector-restaurantero-de-queretaro-espera-derrama-economica-de-70-mdp-en-fiestas-patrias\/#primaryimage"},"thumbnailUrl":"https:\/\/www.nexoinformativo.mx\/wp-content\/uploads\/2024\/09\/PHOTO-2024-09-02-11-20-14.jpg","datePublished":"2024-09-02T15:00:16+00:00","dateModified":"2024-09-02T19:23:38+00:00","description":"Sector restaurantero de Quer\u00e9taro espera derrama econ\u00f3mica de 70 MDP en fiestas Patrias","breadcrumb":{"@id":"https:\/\/www.nexoinformativo.mx\/index.php\/2024\/09\/02\/sector-restaurantero-de-queretaro-espera-derrama-economica-de-70-mdp-en-fiestas-patrias\/#breadcrumb"},"inLanguage":"es","potentialAction":[{"@type":"ReadAction","target":["https:\/\/www.nexoinformativo.mx\/index.php\/2024\/09\/02\/sector-restaurantero-de-queretaro-espera-derrama-economica-de-70-mdp-en-fiestas-patrias\/"]}]},{"@type":"ImageObject","inLanguage":"es","@id":"https:\/\/www.nexoinformativo.mx\/index.php\/2024\/09\/02\/sector-restaurantero-de-queretaro-espera-derrama-economica-de-70-mdp-en-fiestas-patrias\/#primaryimage","url":"https:\/\/www.nexoinformativo.mx\/wp-content\/uploads\/2024\/09\/PHOTO-2024-09-02-11-20-14.jpg","contentUrl":"https:\/\/www.nexoinformativo.mx\/wp-content\/uploads\/2024\/09\/PHOTO-2024-09-02-11-20-14.jpg","width":727,"height":947},{"@type":"BreadcrumbList","@id":"https:\/\/www.nexoinformativo.mx\/index.php\/2024\/09\/02\/sector-restaurantero-de-queretaro-espera-derrama-economica-de-70-mdp-en-fiestas-patrias\/#breadcrumb","itemListElement":[{"@type":"ListItem","position":1,"name":"Inicio","item":"https:\/\/www.nexoinformativo.mx\/"},{"@type":"ListItem","position":2,"name":"Sector restaurantero de Quer\u00e9taro espera derrama econ\u00f3mica de 70 MDP en fiestas Patrias"}]},{"@type":"WebSite","@id":"https:\/\/www.nexoinformativo.mx\/#website","url":"https:\/\/www.nexoinformativo.mx\/","name":"Nexo Informativo Santiago de Quer\u00e9taro","description":"Explora NexoInformativo y convi\u00e9rtete en parte de una comunidad que valora el conocimiento y la verdad. Tu nexoinformativo es tu puente hacia una comprensi\u00f3n m\u00e1s profunda del mundo que te rodea.","publisher":{"@id":"https:\/\/www.nexoinformativo.mx\/#organization"},"potentialAction":[{"@type":"SearchAction","target":{"@type":"EntryPoint","urlTemplate":"https:\/\/www.nexoinformativo.mx\/?s={search_term_string}"},"query-input":{"@type":"PropertyValueSpecification","valueRequired":true,"valueName":"search_term_string"}}],"inLanguage":"es"},{"@type":"Organization","@id":"https:\/\/www.nexoinformativo.mx\/#organization","name":"Nexo Informativo Santiago de Quer\u00e9taro","url":"https:\/\/www.nexoinformativo.mx\/","logo":{"@type":"ImageObject","inLanguage":"es","@id":"https:\/\/www.nexoinformativo.mx\/#\/schema\/logo\/image\/","url":"https:\/\/www.nexoinformativo.mx\/wp-content\/uploads\/2024\/07\/nexoi-trasparente-2.png","contentUrl":"https:\/\/www.nexoinformativo.mx\/wp-content\/uploads\/2024\/07\/nexoi-trasparente-2.png","width":816,"height":339,"caption":"Nexo Informativo Santiago de Quer\u00e9taro"},"image":{"@id":"https:\/\/www.nexoinformativo.mx\/#\/schema\/logo\/image\/"},"sameAs":["https:\/\/www.facebook.com\/people\/Nexo-Informativo\/61564066885511\/"]},{"@type":"Person","@id":"https:\/\/www.nexoinformativo.mx\/#\/schema\/person\/7749d380ba08c8ca00d7bc76fd907b7d","name":"Nexo Informativo","image":{"@type":"ImageObject","inLanguage":"es","@id":"https:\/\/www.nexoinformativo.mx\/#\/schema\/person\/image\/","url":"https:\/\/secure.gravatar.com\/avatar\/dde2928154642a13d95f87ddf1ea9718fe2b46760a005c53e41ff5ad610704e6?s=96&d=mm&r=g","contentUrl":"https:\/\/secure.gravatar.com\/avatar\/dde2928154642a13d95f87ddf1ea9718fe2b46760a005c53e41ff5ad610704e6?s=96&d=mm&r=g","caption":"Nexo Informativo"},"url":"https:\/\/www.nexoinformativo.mx\/index.php\/author\/edicion\/"}]}},"_links":{"self":[{"href":"https:\/\/www.nexoinformativo.mx\/index.php\/wp-json\/wp\/v2\/posts\/1421","targetHints":{"allow":["GET"]}}],"collection":[{"href":"https:\/\/www.nexoinformativo.mx\/index.php\/wp-json\/wp\/v2\/posts"}],"about":[{"href":"https:\/\/www.nexoinformativo.mx\/index.php\/wp-json\/wp\/v2\/types\/post"}],"author":[{"embeddable":true,"href":"https:\/\/www.nexoinformativo.mx\/index.php\/wp-json\/wp\/v2\/users\/3"}],"replies":[{"embeddable":true,"href":"https:\/\/www.nexoinformativo.mx\/index.php\/wp-json\/wp\/v2\/comments?post=1421"}],"version-history":[{"count":3,"href":"https:\/\/www.nexoinformativo.mx\/index.php\/wp-json\/wp\/v2\/posts\/1421\/revisions"}],"predecessor-version":[{"id":1438,"href":"https:\/\/www.nexoinformativo.mx\/index.php\/wp-json\/wp\/v2\/posts\/1421\/revisions\/1438"}],"wp:featuredmedia":[{"embeddable":true,"href":"https:\/\/www.nexoinformativo.mx\/index.php\/wp-json\/wp\/v2\/media\/1424"}],"wp:attachment":[{"href":"https:\/\/www.nexoinformativo.mx\/index.php\/wp-json\/wp\/v2\/media?parent=1421"}],"wp:term":[{"taxonomy":"category","embeddable":true,"href":"https:\/\/www.nexoinformativo.mx\/index.php\/wp-json\/wp\/v2\/categories?post=1421"},{"taxonomy":"post_tag","embeddable":true,"href":"https:\/\/www.nexoinformativo.mx\/index.php\/wp-json\/wp\/v2\/tags?post=1421"}],"curies":[{"name":"wp","href":"https:\/\/api.w.org\/{rel}","templated":true}]}}