{"id":14211,"date":"2025-04-16T08:00:02","date_gmt":"2025-04-16T14:00:02","guid":{"rendered":"https:\/\/www.nexoinformativo.mx\/?p=14211"},"modified":"2025-04-16T12:22:12","modified_gmt":"2025-04-16T18:22:12","slug":"vacaciones-con-arte-mario-delgado-te-invita-descubre-el-legado-de-diego-rivera-en-el-museo-vivo-del-muralismo","status":"publish","type":"post","link":"https:\/\/www.nexoinformativo.mx\/index.php\/2025\/04\/16\/vacaciones-con-arte-mario-delgado-te-invita-descubre-el-legado-de-diego-rivera-en-el-museo-vivo-del-muralismo\/","title":{"rendered":"Vacaciones con arte Mario Delgado te invita a descubrir el legado de Diego Rivera en el Museo Vivo del Muralismo"},"content":{"rendered":"<p style=\"text-align: justify;\" data-sourcepos=\"11:1-11:412\">El secretario de Educaci\u00f3n P\u00fablica, Mario Delgado, extendi\u00f3 una invitaci\u00f3n a familias, ni\u00f1os y estudiantes a explorar el invaluable legado est\u00e9tico del renombrado pintor mexicano Diego Rivera durante el actual receso escolar, visitando el <strong>Museo Vivo del Muralismo<\/strong>, ubicado en el coraz\u00f3n del Centro Hist\u00f3rico de la Ciudad de M\u00e9xico, en la calle de Argentina n\u00famero 28.<\/p>\n<p>&nbsp;<\/p>\n<p style=\"text-align: justify;\" data-sourcepos=\"13:1-13:308\">Este espacio cultural resguarda una de las colecciones m\u00e1s extensas de la obra de Rivera, un universo pict\u00f3rico que abarca m\u00e1s de 200 tableros, sobrepuertas, grisallas y transcripciones de poemas y corridos revolucionarios, distribuidos a lo largo de sus impresionantes 3 mil 139 metros cuadrados de murales.<\/p>\n<p>&nbsp;<\/p>\n<p style=\"text-align: justify;\" data-sourcepos=\"15:1-15:378\">Delgado destac\u00f3 la visi\u00f3n de Jos\u00e9 Vasconcelos, quien en 1922 invit\u00f3 a Diego Rivera a plasmar su arte en los muros de la entonces reci\u00e9n inaugurada sede de la Secretar\u00eda de Educaci\u00f3n P\u00fablica (SEP).<\/p>\n<p>&nbsp;<\/p>\n<p style=\"text-align: justify;\" data-sourcepos=\"17:1-17:404\">El Museo Vivo del Muralismo se erige como un espacio fundamental para la construcci\u00f3n de una Rep\u00fablica cultural y lectora, un objetivo clave dentro de los 100 compromisos del Segundo Piso de la Transformaci\u00f3n impulsados por la Presidenta Claudia Sheinbaum.<\/p>\n<p>&nbsp;<\/p>\n<p style=\"text-align: justify;\" data-sourcepos=\"17:1-17:404\">El museo fomenta la educaci\u00f3n cultural, art\u00edstica, comunitaria y de lectura, contribuyendo a la recuperaci\u00f3n de la memoria hist\u00f3rica de M\u00e9xico.<\/p>\n<p>&nbsp;<\/p>\n<p style=\"text-align: justify;\" data-sourcepos=\"19:1-19:318\">En estos imponentes murales, los visitantes pueden admirar representaciones de festividades tradicionales como el D\u00eda de Muertos y la fiesta del ma\u00edz, danzas, oficios, y la poderosa representaci\u00f3n de la educaci\u00f3n del pueblo y sus luchas sociales, acompa\u00f1adas de frases, fragmentos de corridos revolucionarios y poemas.<\/p>\n<p>&nbsp;<\/p>\n<p style=\"text-align: justify;\" data-sourcepos=\"23:1-23:414\">Expertos han rescatado numerosas historias detr\u00e1s de estos frescos, como el pago de ocho pesos por metro cuadrado que recibi\u00f3 Rivera. La directora del MVM, Gloria Ang\u00e9lica, subraya la capacidad de la obra de Rivera para generar experiencias de arte colectivo.<\/p>\n<p>&nbsp;<\/p>\n<p style=\"text-align: justify;\" data-sourcepos=\"25:1-25:282\">El MVM estar\u00e1 abierto durante el receso escolar los d\u00edas lunes 14 y mi\u00e9rcoles 16 de abril, de 10:00 a 18:00 horas. Permanecer\u00e1 cerrado los d\u00edas martes 15, jueves 17 y viernes 18, retomando su horario normal los d\u00edas s\u00e1bado 19 y domingo 20 de abril, y a partir del lunes 21 de abril.<\/p>\n<p>&nbsp;<\/p>\n<p style=\"text-align: center;\" data-sourcepos=\"25:1-25:282\"><em><strong>\u00a1Informaci\u00f3n que transforma!<\/strong><\/em><\/p>\n","protected":false},"excerpt":{"rendered":"<p>El secretario de Educaci\u00f3n P\u00fablica, Mario Delgado, extendi\u00f3 una invitaci\u00f3n a familias, ni\u00f1os y estudiantes a explorar el invaluable legado est\u00e9tico del renombrado pintor mexicano Diego Rivera durante el actual receso escolar, visitando el Museo Vivo del Muralismo, ubicado en el coraz\u00f3n del Centro Hist\u00f3rico de la Ciudad de M\u00e9xico, en la calle de Argentina n\u00famero 28.<\/p>\n","protected":false},"author":3,"featured_media":14212,"comment_status":"open","ping_status":"open","sticky":false,"template":"","format":"standard","meta":{"footnotes":""},"categories":[88,58],"tags":[1754,4168,4167,4169],"class_list":["post-14211","post","type-post","status-publish","format-standard","has-post-thumbnail","hentry","category-nacional","category-ultima-hora","tag-artemexicano","tag-diegorivera","tag-museovivomuralismo","tag-vacacionesculturales"],"yoast_head":"<!-- This site is optimized with the Yoast SEO plugin v25.0 - https:\/\/yoast.com\/wordpress\/plugins\/seo\/ -->\n<title>Vacaciones con arte Mario Delgado te invita a descubrir el legado de Diego Rivera en el Museo Vivo del Muralismo | Nexo Informativo Santiago de Quer\u00e9taro<\/title>\n<meta name=\"description\" content=\"Vacaciones con arte Mario Delgado te invita a descubrir el legado de Diego Rivera en el Museo Vivo del Muralismo\" \/>\n<meta name=\"robots\" content=\"index, follow, max-snippet:-1, max-image-preview:large, max-video-preview:-1\" \/>\n<link rel=\"canonical\" href=\"https:\/\/www.nexoinformativo.mx\/index.php\/2025\/04\/16\/vacaciones-con-arte-mario-delgado-te-invita-descubre-el-legado-de-diego-rivera-en-el-museo-vivo-del-muralismo\/\" \/>\n<meta property=\"og:locale\" content=\"es_MX\" \/>\n<meta property=\"og:type\" content=\"article\" \/>\n<meta property=\"og:title\" content=\"Vacaciones con arte Mario Delgado te invita a descubrir el legado de Diego Rivera en el Museo Vivo del Muralismo | Nexo Informativo Santiago de Quer\u00e9taro\" \/>\n<meta property=\"og:description\" content=\"Vacaciones con arte Mario Delgado te invita a descubrir el legado de Diego Rivera en el Museo Vivo del Muralismo\" \/>\n<meta property=\"og:url\" content=\"https:\/\/www.nexoinformativo.mx\/index.php\/2025\/04\/16\/vacaciones-con-arte-mario-delgado-te-invita-descubre-el-legado-de-diego-rivera-en-el-museo-vivo-del-muralismo\/\" \/>\n<meta property=\"og:site_name\" content=\"Nexo Informativo Santiago de Quer\u00e9taro\" \/>\n<meta property=\"article:publisher\" content=\"https:\/\/www.facebook.com\/people\/Nexo-Informativo\/61564066885511\/\" \/>\n<meta property=\"article:published_time\" content=\"2025-04-16T14:00:02+00:00\" \/>\n<meta property=\"article:modified_time\" content=\"2025-04-16T18:22:12+00:00\" \/>\n<meta property=\"og:image\" content=\"https:\/\/www.nexoinformativo.mx\/wp-content\/uploads\/2025\/04\/IMG_2279.jpg\" \/>\n\t<meta property=\"og:image:width\" content=\"650\" \/>\n\t<meta property=\"og:image:height\" content=\"380\" \/>\n\t<meta property=\"og:image:type\" content=\"image\/jpeg\" \/>\n<meta name=\"author\" content=\"Nexo Informativo\" \/>\n<meta name=\"twitter:card\" content=\"summary_large_image\" \/>\n<meta name=\"twitter:label1\" content=\"Escrito por\" \/>\n\t<meta name=\"twitter:data1\" content=\"Nexo Informativo\" \/>\n\t<meta name=\"twitter:label2\" content=\"Tiempo de lectura\" \/>\n\t<meta name=\"twitter:data2\" content=\"2 minutos\" \/>\n<script type=\"application\/ld+json\" class=\"yoast-schema-graph\">{\"@context\":\"https:\/\/schema.org\",\"@graph\":[{\"@type\":\"Article\",\"@id\":\"https:\/\/www.nexoinformativo.mx\/index.php\/2025\/04\/16\/vacaciones-con-arte-mario-delgado-te-invita-descubre-el-legado-de-diego-rivera-en-el-museo-vivo-del-muralismo\/#article\",\"isPartOf\":{\"@id\":\"https:\/\/www.nexoinformativo.mx\/index.php\/2025\/04\/16\/vacaciones-con-arte-mario-delgado-te-invita-descubre-el-legado-de-diego-rivera-en-el-museo-vivo-del-muralismo\/\"},\"author\":{\"name\":\"Nexo Informativo\",\"@id\":\"https:\/\/www.nexoinformativo.mx\/#\/schema\/person\/7749d380ba08c8ca00d7bc76fd907b7d\"},\"headline\":\"Vacaciones con arte Mario Delgado te invita a descubrir el legado de Diego Rivera en el Museo Vivo del Muralismo\",\"datePublished\":\"2025-04-16T14:00:02+00:00\",\"dateModified\":\"2025-04-16T18:22:12+00:00\",\"mainEntityOfPage\":{\"@id\":\"https:\/\/www.nexoinformativo.mx\/index.php\/2025\/04\/16\/vacaciones-con-arte-mario-delgado-te-invita-descubre-el-legado-de-diego-rivera-en-el-museo-vivo-del-muralismo\/\"},\"wordCount\":393,\"commentCount\":0,\"publisher\":{\"@id\":\"https:\/\/www.nexoinformativo.mx\/#organization\"},\"image\":{\"@id\":\"https:\/\/www.nexoinformativo.mx\/index.php\/2025\/04\/16\/vacaciones-con-arte-mario-delgado-te-invita-descubre-el-legado-de-diego-rivera-en-el-museo-vivo-del-muralismo\/#primaryimage\"},\"thumbnailUrl\":\"https:\/\/www.nexoinformativo.mx\/wp-content\/uploads\/2025\/04\/IMG_2279.jpg\",\"keywords\":[\"ArteMexicano\",\"DiegoRivera\",\"MuseoVivoMuralismo\",\"VacacionesCulturales\"],\"articleSection\":[\"Nacional\",\"\u00daltima Hora\"],\"inLanguage\":\"es\",\"potentialAction\":[{\"@type\":\"CommentAction\",\"name\":\"Comment\",\"target\":[\"https:\/\/www.nexoinformativo.mx\/index.php\/2025\/04\/16\/vacaciones-con-arte-mario-delgado-te-invita-descubre-el-legado-de-diego-rivera-en-el-museo-vivo-del-muralismo\/#respond\"]}]},{\"@type\":\"WebPage\",\"@id\":\"https:\/\/www.nexoinformativo.mx\/index.php\/2025\/04\/16\/vacaciones-con-arte-mario-delgado-te-invita-descubre-el-legado-de-diego-rivera-en-el-museo-vivo-del-muralismo\/\",\"url\":\"https:\/\/www.nexoinformativo.mx\/index.php\/2025\/04\/16\/vacaciones-con-arte-mario-delgado-te-invita-descubre-el-legado-de-diego-rivera-en-el-museo-vivo-del-muralismo\/\",\"name\":\"Vacaciones con arte Mario Delgado te invita a descubrir el legado de Diego Rivera en el Museo Vivo del Muralismo | Nexo Informativo Santiago de Quer\u00e9taro\",\"isPartOf\":{\"@id\":\"https:\/\/www.nexoinformativo.mx\/#website\"},\"primaryImageOfPage\":{\"@id\":\"https:\/\/www.nexoinformativo.mx\/index.php\/2025\/04\/16\/vacaciones-con-arte-mario-delgado-te-invita-descubre-el-legado-de-diego-rivera-en-el-museo-vivo-del-muralismo\/#primaryimage\"},\"image\":{\"@id\":\"https:\/\/www.nexoinformativo.mx\/index.php\/2025\/04\/16\/vacaciones-con-arte-mario-delgado-te-invita-descubre-el-legado-de-diego-rivera-en-el-museo-vivo-del-muralismo\/#primaryimage\"},\"thumbnailUrl\":\"https:\/\/www.nexoinformativo.mx\/wp-content\/uploads\/2025\/04\/IMG_2279.jpg\",\"datePublished\":\"2025-04-16T14:00:02+00:00\",\"dateModified\":\"2025-04-16T18:22:12+00:00\",\"description\":\"Vacaciones con arte Mario Delgado te invita a descubrir el legado de Diego Rivera en el Museo Vivo del Muralismo\",\"breadcrumb\":{\"@id\":\"https:\/\/www.nexoinformativo.mx\/index.php\/2025\/04\/16\/vacaciones-con-arte-mario-delgado-te-invita-descubre-el-legado-de-diego-rivera-en-el-museo-vivo-del-muralismo\/#breadcrumb\"},\"inLanguage\":\"es\",\"potentialAction\":[{\"@type\":\"ReadAction\",\"target\":[\"https:\/\/www.nexoinformativo.mx\/index.php\/2025\/04\/16\/vacaciones-con-arte-mario-delgado-te-invita-descubre-el-legado-de-diego-rivera-en-el-museo-vivo-del-muralismo\/\"]}]},{\"@type\":\"ImageObject\",\"inLanguage\":\"es\",\"@id\":\"https:\/\/www.nexoinformativo.mx\/index.php\/2025\/04\/16\/vacaciones-con-arte-mario-delgado-te-invita-descubre-el-legado-de-diego-rivera-en-el-museo-vivo-del-muralismo\/#primaryimage\",\"url\":\"https:\/\/www.nexoinformativo.mx\/wp-content\/uploads\/2025\/04\/IMG_2279.jpg\",\"contentUrl\":\"https:\/\/www.nexoinformativo.mx\/wp-content\/uploads\/2025\/04\/IMG_2279.jpg\",\"width\":650,\"height\":380},{\"@type\":\"BreadcrumbList\",\"@id\":\"https:\/\/www.nexoinformativo.mx\/index.php\/2025\/04\/16\/vacaciones-con-arte-mario-delgado-te-invita-descubre-el-legado-de-diego-rivera-en-el-museo-vivo-del-muralismo\/#breadcrumb\",\"itemListElement\":[{\"@type\":\"ListItem\",\"position\":1,\"name\":\"Inicio\",\"item\":\"https:\/\/www.nexoinformativo.mx\/\"},{\"@type\":\"ListItem\",\"position\":2,\"name\":\"Vacaciones con arte Mario Delgado te invita a descubrir el legado de Diego Rivera en el Museo Vivo del Muralismo\"}]},{\"@type\":\"WebSite\",\"@id\":\"https:\/\/www.nexoinformativo.mx\/#website\",\"url\":\"https:\/\/www.nexoinformativo.mx\/\",\"name\":\"Nexo Informativo Santiago de Quer\u00e9taro\",\"description\":\"Explora NexoInformativo y convi\u00e9rtete en parte de una comunidad que valora el conocimiento y la verdad. Tu nexoinformativo es tu puente hacia una comprensi\u00f3n m\u00e1s profunda del mundo que te rodea.\",\"publisher\":{\"@id\":\"https:\/\/www.nexoinformativo.mx\/#organization\"},\"potentialAction\":[{\"@type\":\"SearchAction\",\"target\":{\"@type\":\"EntryPoint\",\"urlTemplate\":\"https:\/\/www.nexoinformativo.mx\/?s={search_term_string}\"},\"query-input\":{\"@type\":\"PropertyValueSpecification\",\"valueRequired\":true,\"valueName\":\"search_term_string\"}}],\"inLanguage\":\"es\"},{\"@type\":\"Organization\",\"@id\":\"https:\/\/www.nexoinformativo.mx\/#organization\",\"name\":\"Nexo Informativo Santiago de Quer\u00e9taro\",\"url\":\"https:\/\/www.nexoinformativo.mx\/\",\"logo\":{\"@type\":\"ImageObject\",\"inLanguage\":\"es\",\"@id\":\"https:\/\/www.nexoinformativo.mx\/#\/schema\/logo\/image\/\",\"url\":\"https:\/\/www.nexoinformativo.mx\/wp-content\/uploads\/2024\/07\/nexoi-trasparente-2.png\",\"contentUrl\":\"https:\/\/www.nexoinformativo.mx\/wp-content\/uploads\/2024\/07\/nexoi-trasparente-2.png\",\"width\":816,\"height\":339,\"caption\":\"Nexo Informativo Santiago de Quer\u00e9taro\"},\"image\":{\"@id\":\"https:\/\/www.nexoinformativo.mx\/#\/schema\/logo\/image\/\"},\"sameAs\":[\"https:\/\/www.facebook.com\/people\/Nexo-Informativo\/61564066885511\/\"]},{\"@type\":\"Person\",\"@id\":\"https:\/\/www.nexoinformativo.mx\/#\/schema\/person\/7749d380ba08c8ca00d7bc76fd907b7d\",\"name\":\"Nexo Informativo\",\"image\":{\"@type\":\"ImageObject\",\"inLanguage\":\"es\",\"@id\":\"https:\/\/www.nexoinformativo.mx\/#\/schema\/person\/image\/\",\"url\":\"https:\/\/secure.gravatar.com\/avatar\/dde2928154642a13d95f87ddf1ea9718fe2b46760a005c53e41ff5ad610704e6?s=96&d=mm&r=g\",\"contentUrl\":\"https:\/\/secure.gravatar.com\/avatar\/dde2928154642a13d95f87ddf1ea9718fe2b46760a005c53e41ff5ad610704e6?s=96&d=mm&r=g\",\"caption\":\"Nexo Informativo\"},\"url\":\"https:\/\/www.nexoinformativo.mx\/index.php\/author\/edicion\/\"}]}<\/script>\n<!-- \/ Yoast SEO plugin. -->","yoast_head_json":{"title":"Vacaciones con arte Mario Delgado te invita a descubrir el legado de Diego Rivera en el Museo Vivo del Muralismo | Nexo Informativo Santiago de Quer\u00e9taro","description":"Vacaciones con arte Mario Delgado te invita a descubrir el legado de Diego Rivera en el Museo Vivo del Muralismo","robots":{"index":"index","follow":"follow","max-snippet":"max-snippet:-1","max-image-preview":"max-image-preview:large","max-video-preview":"max-video-preview:-1"},"canonical":"https:\/\/www.nexoinformativo.mx\/index.php\/2025\/04\/16\/vacaciones-con-arte-mario-delgado-te-invita-descubre-el-legado-de-diego-rivera-en-el-museo-vivo-del-muralismo\/","og_locale":"es_MX","og_type":"article","og_title":"Vacaciones con arte Mario Delgado te invita a descubrir el legado de Diego Rivera en el Museo Vivo del Muralismo | Nexo Informativo Santiago de Quer\u00e9taro","og_description":"Vacaciones con arte Mario Delgado te invita a descubrir el legado de Diego Rivera en el Museo Vivo del Muralismo","og_url":"https:\/\/www.nexoinformativo.mx\/index.php\/2025\/04\/16\/vacaciones-con-arte-mario-delgado-te-invita-descubre-el-legado-de-diego-rivera-en-el-museo-vivo-del-muralismo\/","og_site_name":"Nexo Informativo Santiago de Quer\u00e9taro","article_publisher":"https:\/\/www.facebook.com\/people\/Nexo-Informativo\/61564066885511\/","article_published_time":"2025-04-16T14:00:02+00:00","article_modified_time":"2025-04-16T18:22:12+00:00","og_image":[{"width":650,"height":380,"url":"https:\/\/www.nexoinformativo.mx\/wp-content\/uploads\/2025\/04\/IMG_2279.jpg","type":"image\/jpeg"}],"author":"Nexo Informativo","twitter_card":"summary_large_image","twitter_misc":{"Escrito por":"Nexo Informativo","Tiempo de lectura":"2 minutos"},"schema":{"@context":"https:\/\/schema.org","@graph":[{"@type":"Article","@id":"https:\/\/www.nexoinformativo.mx\/index.php\/2025\/04\/16\/vacaciones-con-arte-mario-delgado-te-invita-descubre-el-legado-de-diego-rivera-en-el-museo-vivo-del-muralismo\/#article","isPartOf":{"@id":"https:\/\/www.nexoinformativo.mx\/index.php\/2025\/04\/16\/vacaciones-con-arte-mario-delgado-te-invita-descubre-el-legado-de-diego-rivera-en-el-museo-vivo-del-muralismo\/"},"author":{"name":"Nexo Informativo","@id":"https:\/\/www.nexoinformativo.mx\/#\/schema\/person\/7749d380ba08c8ca00d7bc76fd907b7d"},"headline":"Vacaciones con arte Mario Delgado te invita a descubrir el legado de Diego Rivera en el Museo Vivo del Muralismo","datePublished":"2025-04-16T14:00:02+00:00","dateModified":"2025-04-16T18:22:12+00:00","mainEntityOfPage":{"@id":"https:\/\/www.nexoinformativo.mx\/index.php\/2025\/04\/16\/vacaciones-con-arte-mario-delgado-te-invita-descubre-el-legado-de-diego-rivera-en-el-museo-vivo-del-muralismo\/"},"wordCount":393,"commentCount":0,"publisher":{"@id":"https:\/\/www.nexoinformativo.mx\/#organization"},"image":{"@id":"https:\/\/www.nexoinformativo.mx\/index.php\/2025\/04\/16\/vacaciones-con-arte-mario-delgado-te-invita-descubre-el-legado-de-diego-rivera-en-el-museo-vivo-del-muralismo\/#primaryimage"},"thumbnailUrl":"https:\/\/www.nexoinformativo.mx\/wp-content\/uploads\/2025\/04\/IMG_2279.jpg","keywords":["ArteMexicano","DiegoRivera","MuseoVivoMuralismo","VacacionesCulturales"],"articleSection":["Nacional","\u00daltima Hora"],"inLanguage":"es","potentialAction":[{"@type":"CommentAction","name":"Comment","target":["https:\/\/www.nexoinformativo.mx\/index.php\/2025\/04\/16\/vacaciones-con-arte-mario-delgado-te-invita-descubre-el-legado-de-diego-rivera-en-el-museo-vivo-del-muralismo\/#respond"]}]},{"@type":"WebPage","@id":"https:\/\/www.nexoinformativo.mx\/index.php\/2025\/04\/16\/vacaciones-con-arte-mario-delgado-te-invita-descubre-el-legado-de-diego-rivera-en-el-museo-vivo-del-muralismo\/","url":"https:\/\/www.nexoinformativo.mx\/index.php\/2025\/04\/16\/vacaciones-con-arte-mario-delgado-te-invita-descubre-el-legado-de-diego-rivera-en-el-museo-vivo-del-muralismo\/","name":"Vacaciones con arte Mario Delgado te invita a descubrir el legado de Diego Rivera en el Museo Vivo del Muralismo | Nexo Informativo Santiago de Quer\u00e9taro","isPartOf":{"@id":"https:\/\/www.nexoinformativo.mx\/#website"},"primaryImageOfPage":{"@id":"https:\/\/www.nexoinformativo.mx\/index.php\/2025\/04\/16\/vacaciones-con-arte-mario-delgado-te-invita-descubre-el-legado-de-diego-rivera-en-el-museo-vivo-del-muralismo\/#primaryimage"},"image":{"@id":"https:\/\/www.nexoinformativo.mx\/index.php\/2025\/04\/16\/vacaciones-con-arte-mario-delgado-te-invita-descubre-el-legado-de-diego-rivera-en-el-museo-vivo-del-muralismo\/#primaryimage"},"thumbnailUrl":"https:\/\/www.nexoinformativo.mx\/wp-content\/uploads\/2025\/04\/IMG_2279.jpg","datePublished":"2025-04-16T14:00:02+00:00","dateModified":"2025-04-16T18:22:12+00:00","description":"Vacaciones con arte Mario Delgado te invita a descubrir el legado de Diego Rivera en el Museo Vivo del Muralismo","breadcrumb":{"@id":"https:\/\/www.nexoinformativo.mx\/index.php\/2025\/04\/16\/vacaciones-con-arte-mario-delgado-te-invita-descubre-el-legado-de-diego-rivera-en-el-museo-vivo-del-muralismo\/#breadcrumb"},"inLanguage":"es","potentialAction":[{"@type":"ReadAction","target":["https:\/\/www.nexoinformativo.mx\/index.php\/2025\/04\/16\/vacaciones-con-arte-mario-delgado-te-invita-descubre-el-legado-de-diego-rivera-en-el-museo-vivo-del-muralismo\/"]}]},{"@type":"ImageObject","inLanguage":"es","@id":"https:\/\/www.nexoinformativo.mx\/index.php\/2025\/04\/16\/vacaciones-con-arte-mario-delgado-te-invita-descubre-el-legado-de-diego-rivera-en-el-museo-vivo-del-muralismo\/#primaryimage","url":"https:\/\/www.nexoinformativo.mx\/wp-content\/uploads\/2025\/04\/IMG_2279.jpg","contentUrl":"https:\/\/www.nexoinformativo.mx\/wp-content\/uploads\/2025\/04\/IMG_2279.jpg","width":650,"height":380},{"@type":"BreadcrumbList","@id":"https:\/\/www.nexoinformativo.mx\/index.php\/2025\/04\/16\/vacaciones-con-arte-mario-delgado-te-invita-descubre-el-legado-de-diego-rivera-en-el-museo-vivo-del-muralismo\/#breadcrumb","itemListElement":[{"@type":"ListItem","position":1,"name":"Inicio","item":"https:\/\/www.nexoinformativo.mx\/"},{"@type":"ListItem","position":2,"name":"Vacaciones con arte Mario Delgado te invita a descubrir el legado de Diego Rivera en el Museo Vivo del Muralismo"}]},{"@type":"WebSite","@id":"https:\/\/www.nexoinformativo.mx\/#website","url":"https:\/\/www.nexoinformativo.mx\/","name":"Nexo Informativo Santiago de Quer\u00e9taro","description":"Explora NexoInformativo y convi\u00e9rtete en parte de una comunidad que valora el conocimiento y la verdad. Tu nexoinformativo es tu puente hacia una comprensi\u00f3n m\u00e1s profunda del mundo que te rodea.","publisher":{"@id":"https:\/\/www.nexoinformativo.mx\/#organization"},"potentialAction":[{"@type":"SearchAction","target":{"@type":"EntryPoint","urlTemplate":"https:\/\/www.nexoinformativo.mx\/?s={search_term_string}"},"query-input":{"@type":"PropertyValueSpecification","valueRequired":true,"valueName":"search_term_string"}}],"inLanguage":"es"},{"@type":"Organization","@id":"https:\/\/www.nexoinformativo.mx\/#organization","name":"Nexo Informativo Santiago de Quer\u00e9taro","url":"https:\/\/www.nexoinformativo.mx\/","logo":{"@type":"ImageObject","inLanguage":"es","@id":"https:\/\/www.nexoinformativo.mx\/#\/schema\/logo\/image\/","url":"https:\/\/www.nexoinformativo.mx\/wp-content\/uploads\/2024\/07\/nexoi-trasparente-2.png","contentUrl":"https:\/\/www.nexoinformativo.mx\/wp-content\/uploads\/2024\/07\/nexoi-trasparente-2.png","width":816,"height":339,"caption":"Nexo Informativo Santiago de Quer\u00e9taro"},"image":{"@id":"https:\/\/www.nexoinformativo.mx\/#\/schema\/logo\/image\/"},"sameAs":["https:\/\/www.facebook.com\/people\/Nexo-Informativo\/61564066885511\/"]},{"@type":"Person","@id":"https:\/\/www.nexoinformativo.mx\/#\/schema\/person\/7749d380ba08c8ca00d7bc76fd907b7d","name":"Nexo Informativo","image":{"@type":"ImageObject","inLanguage":"es","@id":"https:\/\/www.nexoinformativo.mx\/#\/schema\/person\/image\/","url":"https:\/\/secure.gravatar.com\/avatar\/dde2928154642a13d95f87ddf1ea9718fe2b46760a005c53e41ff5ad610704e6?s=96&d=mm&r=g","contentUrl":"https:\/\/secure.gravatar.com\/avatar\/dde2928154642a13d95f87ddf1ea9718fe2b46760a005c53e41ff5ad610704e6?s=96&d=mm&r=g","caption":"Nexo Informativo"},"url":"https:\/\/www.nexoinformativo.mx\/index.php\/author\/edicion\/"}]}},"_links":{"self":[{"href":"https:\/\/www.nexoinformativo.mx\/index.php\/wp-json\/wp\/v2\/posts\/14211","targetHints":{"allow":["GET"]}}],"collection":[{"href":"https:\/\/www.nexoinformativo.mx\/index.php\/wp-json\/wp\/v2\/posts"}],"about":[{"href":"https:\/\/www.nexoinformativo.mx\/index.php\/wp-json\/wp\/v2\/types\/post"}],"author":[{"embeddable":true,"href":"https:\/\/www.nexoinformativo.mx\/index.php\/wp-json\/wp\/v2\/users\/3"}],"replies":[{"embeddable":true,"href":"https:\/\/www.nexoinformativo.mx\/index.php\/wp-json\/wp\/v2\/comments?post=14211"}],"version-history":[{"count":4,"href":"https:\/\/www.nexoinformativo.mx\/index.php\/wp-json\/wp\/v2\/posts\/14211\/revisions"}],"predecessor-version":[{"id":14224,"href":"https:\/\/www.nexoinformativo.mx\/index.php\/wp-json\/wp\/v2\/posts\/14211\/revisions\/14224"}],"wp:featuredmedia":[{"embeddable":true,"href":"https:\/\/www.nexoinformativo.mx\/index.php\/wp-json\/wp\/v2\/media\/14212"}],"wp:attachment":[{"href":"https:\/\/www.nexoinformativo.mx\/index.php\/wp-json\/wp\/v2\/media?parent=14211"}],"wp:term":[{"taxonomy":"category","embeddable":true,"href":"https:\/\/www.nexoinformativo.mx\/index.php\/wp-json\/wp\/v2\/categories?post=14211"},{"taxonomy":"post_tag","embeddable":true,"href":"https:\/\/www.nexoinformativo.mx\/index.php\/wp-json\/wp\/v2\/tags?post=14211"}],"curies":[{"name":"wp","href":"https:\/\/api.w.org\/{rel}","templated":true}]}}