{"id":14231,"date":"2025-04-16T11:00:31","date_gmt":"2025-04-16T17:00:31","guid":{"rendered":"https:\/\/www.nexoinformativo.mx\/?p=14231"},"modified":"2025-04-16T12:43:57","modified_gmt":"2025-04-16T18:43:57","slug":"universo-de-arte-contemporaneo-el-macq-sorprende-con-esculturas-luminicas-y-cultivos-geomorficos","status":"publish","type":"post","link":"https:\/\/www.nexoinformativo.mx\/index.php\/2025\/04\/16\/universo-de-arte-contemporaneo-el-macq-sorprende-con-esculturas-luminicas-y-cultivos-geomorficos\/","title":{"rendered":"Universo de arte Contempor\u00e1neo El MACQ sorprende con esculturas lum\u00ednicas y &#8220;Cultivos Geom\u00f3rficos&#8221;"},"content":{"rendered":"<p style=\"text-align: justify;\" data-sourcepos=\"11:1-11:396\">El Museo de Arte Contempor\u00e1neo Quer\u00e9taro (MACQ) inaugura las fascinantes exposiciones <strong>\u201cLa Luz Que No Vemos\u201d<\/strong>, del artista espa\u00f1ol Pablo Armesto, y \u201c<strong>Cultivos Geom\u00f3rficos\u201d<\/strong>, de la mexicana Renata Gerlero, ofreciendo al p\u00fablico una experiencia inmersiva en esculturas e instalaciones llenas de energ\u00eda lum\u00ednica y est\u00e9tica geol\u00f3gica desde un lenguaje escult\u00f3rico innovador.<\/p>\n<p>&nbsp;<\/p>\n<p style=\"text-align: justify;\" data-sourcepos=\"13:1-13:868\">En \u201cLa Luz Que No Vemos\u201d, Pablo Armesto presenta una instalaci\u00f3n creada espec\u00edficamente para el espacio del MACQ, junto con una veintena de esculturas provenientes de Espa\u00f1a, Estados Unidos, Panam\u00e1 y M\u00e9xico.<\/p>\n<p>&nbsp;<\/p>\n<p style=\"text-align: justify;\" data-sourcepos=\"13:1-13:868\">Sus obras exaltan composiciones de prismas que aluden a formas concretas como esferas, astros y constelaciones, as\u00ed como a procesos ef\u00edmeros de la naturaleza como la sinapsis, la implosi\u00f3n y la explosi\u00f3n.<\/p>\n<p>&nbsp;<\/p>\n<p style=\"text-align: justify;\" data-sourcepos=\"13:1-13:868\">Para Armesto, estas esculturas conforman una constelaci\u00f3n espacial, una geometr\u00eda invisible que se hace presente, habitando el vac\u00edo como un espacio de posibilidad donde la luz trasciende el fen\u00f3meno f\u00edsico para convertirse en una pregunta vibrante en lo no visible.<\/p>\n<p>&nbsp;<\/p>\n<p style=\"text-align: justify;\" data-sourcepos=\"15:1-15:722\">Por otro lado, la muestra <strong>\u201cCultivos Geom\u00f3rficos\u201d<\/strong>, curada por Ana Elena Gonz\u00e1lez, exhibe una instalaci\u00f3n y quince esculturas de Renata Gerlero. La artista trabaja en una b\u00fasqueda constante de los principios creativos de la naturaleza, integrando investigaci\u00f3n y experimentaci\u00f3n cient\u00edfica en su proceso.<\/p>\n<p>&nbsp;<\/p>\n<p style=\"text-align: justify;\" data-sourcepos=\"15:1-15:722\">Sus piezas remiten a formaciones geol\u00f3gicas, abordando la est\u00e9tica y la creaci\u00f3n a trav\u00e9s de diversas disciplinas pl\u00e1sticas. Gerlero no busca imitar la naturaleza, sino exaltar los procesos de transformaci\u00f3n de los materiales terrestres, &#8220;cultivando&#8221; esculturas mediante procesos f\u00edsico-qu\u00edmicos.<\/p>\n<p>&nbsp;<\/p>\n<p style=\"text-align: justify;\" data-sourcepos=\"17:1-17:313\">La exposici\u00f3n de Pablo Armesto estar\u00e1 abierta al p\u00fablico hasta el 29 de junio, mientras que \u201cCultivos Geom\u00f3rficos\u201d de Renata Gerlero podr\u00e1 visitarse hasta el 22 de junio. La entrada al MACQ, ubicado en la esquina de Manuel Acu\u00f1a y Reforma Oriente, en el Barrio de La Cruz, Centro Hist\u00f3rico de Quer\u00e9taro, es libre.<\/p>\n<p>&nbsp;<\/p>\n<p style=\"text-align: center;\" data-sourcepos=\"17:1-17:313\">\u00a1<em><strong>Informaci\u00f3n que transforma!<\/strong><\/em><\/p>\n","protected":false},"excerpt":{"rendered":"<p>El Museo de Arte Contempor\u00e1neo Quer\u00e9taro (MACQ) inaugura las fascinantes exposiciones \u201cLa Luz Que No Vemos\u201d, del artista espa\u00f1ol Pablo Armesto, y \u201cCultivos Geom\u00f3rficos\u201d, de la mexicana Renata Gerlero, ofreciendo al p\u00fablico una experiencia inmersiva en esculturas e instalaciones llenas de energ\u00eda lum\u00ednica y est\u00e9tica geol\u00f3gica desde un lenguaje escult\u00f3rico innovador.<\/p>\n","protected":false},"author":3,"featured_media":14232,"comment_status":"open","ping_status":"open","sticky":false,"template":"","format":"standard","meta":{"footnotes":""},"categories":[50,42,58],"tags":[4176,2480,4177,4178],"class_list":["post-14231","post","type-post","status-publish","format-standard","has-post-thumbnail","hentry","category-espectaculos","category-estado","category-ultima-hora","tag-artecontemporaneoqro","tag-macq","tag-pabloarmesto","tag-renatagerlero"],"yoast_head":"<!-- This site is optimized with the Yoast SEO plugin v25.0 - https:\/\/yoast.com\/wordpress\/plugins\/seo\/ -->\n<title>Universo de arte Contempor\u00e1neo El MACQ sorprende con esculturas lum\u00ednicas y &quot;Cultivos Geom\u00f3rficos&quot; | Nexo Informativo Santiago de Quer\u00e9taro<\/title>\n<meta name=\"description\" content=\"Universo de arte Contempor\u00e1neo El MACQ sorprende con esculturas lum\u00ednicas y &quot;Cultivos Geom\u00f3rficos&quot;\" \/>\n<meta name=\"robots\" content=\"index, follow, max-snippet:-1, max-image-preview:large, max-video-preview:-1\" \/>\n<link rel=\"canonical\" href=\"https:\/\/www.nexoinformativo.mx\/index.php\/2025\/04\/16\/universo-de-arte-contemporaneo-el-macq-sorprende-con-esculturas-luminicas-y-cultivos-geomorficos\/\" \/>\n<meta property=\"og:locale\" content=\"es_MX\" \/>\n<meta property=\"og:type\" content=\"article\" \/>\n<meta property=\"og:title\" content=\"Universo de arte Contempor\u00e1neo El MACQ sorprende con esculturas lum\u00ednicas y &quot;Cultivos Geom\u00f3rficos&quot; | Nexo Informativo Santiago de Quer\u00e9taro\" \/>\n<meta property=\"og:description\" content=\"Universo de arte Contempor\u00e1neo El MACQ sorprende con esculturas lum\u00ednicas y &quot;Cultivos Geom\u00f3rficos&quot;\" \/>\n<meta property=\"og:url\" content=\"https:\/\/www.nexoinformativo.mx\/index.php\/2025\/04\/16\/universo-de-arte-contemporaneo-el-macq-sorprende-con-esculturas-luminicas-y-cultivos-geomorficos\/\" \/>\n<meta property=\"og:site_name\" content=\"Nexo Informativo Santiago de Quer\u00e9taro\" \/>\n<meta property=\"article:publisher\" content=\"https:\/\/www.facebook.com\/people\/Nexo-Informativo\/61564066885511\/\" \/>\n<meta property=\"article:published_time\" content=\"2025-04-16T17:00:31+00:00\" \/>\n<meta property=\"article:modified_time\" content=\"2025-04-16T18:43:57+00:00\" \/>\n<meta property=\"og:image\" content=\"https:\/\/www.nexoinformativo.mx\/wp-content\/uploads\/2025\/04\/PHOTO-2025-04-16-11-14-00-e1744828951542.jpg\" \/>\n\t<meta property=\"og:image:width\" content=\"800\" \/>\n\t<meta property=\"og:image:height\" content=\"533\" \/>\n\t<meta property=\"og:image:type\" content=\"image\/jpeg\" \/>\n<meta name=\"author\" content=\"Nexo Informativo\" \/>\n<meta name=\"twitter:card\" content=\"summary_large_image\" \/>\n<meta name=\"twitter:label1\" content=\"Escrito por\" \/>\n\t<meta name=\"twitter:data1\" content=\"Nexo Informativo\" \/>\n\t<meta name=\"twitter:label2\" content=\"Tiempo de lectura\" \/>\n\t<meta name=\"twitter:data2\" content=\"2 minutos\" \/>\n<script type=\"application\/ld+json\" class=\"yoast-schema-graph\">{\"@context\":\"https:\/\/schema.org\",\"@graph\":[{\"@type\":\"Article\",\"@id\":\"https:\/\/www.nexoinformativo.mx\/index.php\/2025\/04\/16\/universo-de-arte-contemporaneo-el-macq-sorprende-con-esculturas-luminicas-y-cultivos-geomorficos\/#article\",\"isPartOf\":{\"@id\":\"https:\/\/www.nexoinformativo.mx\/index.php\/2025\/04\/16\/universo-de-arte-contemporaneo-el-macq-sorprende-con-esculturas-luminicas-y-cultivos-geomorficos\/\"},\"author\":{\"name\":\"Nexo Informativo\",\"@id\":\"https:\/\/www.nexoinformativo.mx\/#\/schema\/person\/7749d380ba08c8ca00d7bc76fd907b7d\"},\"headline\":\"Universo de arte Contempor\u00e1neo El MACQ sorprende con esculturas lum\u00ednicas y &#8220;Cultivos Geom\u00f3rficos&#8221;\",\"datePublished\":\"2025-04-16T17:00:31+00:00\",\"dateModified\":\"2025-04-16T18:43:57+00:00\",\"mainEntityOfPage\":{\"@id\":\"https:\/\/www.nexoinformativo.mx\/index.php\/2025\/04\/16\/universo-de-arte-contemporaneo-el-macq-sorprende-con-esculturas-luminicas-y-cultivos-geomorficos\/\"},\"wordCount\":359,\"commentCount\":0,\"publisher\":{\"@id\":\"https:\/\/www.nexoinformativo.mx\/#organization\"},\"image\":{\"@id\":\"https:\/\/www.nexoinformativo.mx\/index.php\/2025\/04\/16\/universo-de-arte-contemporaneo-el-macq-sorprende-con-esculturas-luminicas-y-cultivos-geomorficos\/#primaryimage\"},\"thumbnailUrl\":\"https:\/\/www.nexoinformativo.mx\/wp-content\/uploads\/2025\/04\/PHOTO-2025-04-16-11-14-00-e1744828951542.jpg\",\"keywords\":[\"ArteContempor\u00e1neoQro\",\"MACQ\",\"PabloArmesto\",\"RenataGerlero\"],\"articleSection\":[\"Espect\u00e1culos\",\"Estado\",\"\u00daltima Hora\"],\"inLanguage\":\"es\",\"potentialAction\":[{\"@type\":\"CommentAction\",\"name\":\"Comment\",\"target\":[\"https:\/\/www.nexoinformativo.mx\/index.php\/2025\/04\/16\/universo-de-arte-contemporaneo-el-macq-sorprende-con-esculturas-luminicas-y-cultivos-geomorficos\/#respond\"]}]},{\"@type\":\"WebPage\",\"@id\":\"https:\/\/www.nexoinformativo.mx\/index.php\/2025\/04\/16\/universo-de-arte-contemporaneo-el-macq-sorprende-con-esculturas-luminicas-y-cultivos-geomorficos\/\",\"url\":\"https:\/\/www.nexoinformativo.mx\/index.php\/2025\/04\/16\/universo-de-arte-contemporaneo-el-macq-sorprende-con-esculturas-luminicas-y-cultivos-geomorficos\/\",\"name\":\"Universo de arte Contempor\u00e1neo El MACQ sorprende con esculturas lum\u00ednicas y \\\"Cultivos Geom\u00f3rficos\\\" | Nexo Informativo Santiago de Quer\u00e9taro\",\"isPartOf\":{\"@id\":\"https:\/\/www.nexoinformativo.mx\/#website\"},\"primaryImageOfPage\":{\"@id\":\"https:\/\/www.nexoinformativo.mx\/index.php\/2025\/04\/16\/universo-de-arte-contemporaneo-el-macq-sorprende-con-esculturas-luminicas-y-cultivos-geomorficos\/#primaryimage\"},\"image\":{\"@id\":\"https:\/\/www.nexoinformativo.mx\/index.php\/2025\/04\/16\/universo-de-arte-contemporaneo-el-macq-sorprende-con-esculturas-luminicas-y-cultivos-geomorficos\/#primaryimage\"},\"thumbnailUrl\":\"https:\/\/www.nexoinformativo.mx\/wp-content\/uploads\/2025\/04\/PHOTO-2025-04-16-11-14-00-e1744828951542.jpg\",\"datePublished\":\"2025-04-16T17:00:31+00:00\",\"dateModified\":\"2025-04-16T18:43:57+00:00\",\"description\":\"Universo de arte Contempor\u00e1neo El MACQ sorprende con esculturas lum\u00ednicas y \\\"Cultivos Geom\u00f3rficos\\\"\",\"breadcrumb\":{\"@id\":\"https:\/\/www.nexoinformativo.mx\/index.php\/2025\/04\/16\/universo-de-arte-contemporaneo-el-macq-sorprende-con-esculturas-luminicas-y-cultivos-geomorficos\/#breadcrumb\"},\"inLanguage\":\"es\",\"potentialAction\":[{\"@type\":\"ReadAction\",\"target\":[\"https:\/\/www.nexoinformativo.mx\/index.php\/2025\/04\/16\/universo-de-arte-contemporaneo-el-macq-sorprende-con-esculturas-luminicas-y-cultivos-geomorficos\/\"]}]},{\"@type\":\"ImageObject\",\"inLanguage\":\"es\",\"@id\":\"https:\/\/www.nexoinformativo.mx\/index.php\/2025\/04\/16\/universo-de-arte-contemporaneo-el-macq-sorprende-con-esculturas-luminicas-y-cultivos-geomorficos\/#primaryimage\",\"url\":\"https:\/\/www.nexoinformativo.mx\/wp-content\/uploads\/2025\/04\/PHOTO-2025-04-16-11-14-00-e1744828951542.jpg\",\"contentUrl\":\"https:\/\/www.nexoinformativo.mx\/wp-content\/uploads\/2025\/04\/PHOTO-2025-04-16-11-14-00-e1744828951542.jpg\",\"width\":800,\"height\":533},{\"@type\":\"BreadcrumbList\",\"@id\":\"https:\/\/www.nexoinformativo.mx\/index.php\/2025\/04\/16\/universo-de-arte-contemporaneo-el-macq-sorprende-con-esculturas-luminicas-y-cultivos-geomorficos\/#breadcrumb\",\"itemListElement\":[{\"@type\":\"ListItem\",\"position\":1,\"name\":\"Inicio\",\"item\":\"https:\/\/www.nexoinformativo.mx\/\"},{\"@type\":\"ListItem\",\"position\":2,\"name\":\"Universo de arte Contempor\u00e1neo El MACQ sorprende con esculturas lum\u00ednicas y &#8220;Cultivos Geom\u00f3rficos&#8221;\"}]},{\"@type\":\"WebSite\",\"@id\":\"https:\/\/www.nexoinformativo.mx\/#website\",\"url\":\"https:\/\/www.nexoinformativo.mx\/\",\"name\":\"Nexo Informativo Santiago de Quer\u00e9taro\",\"description\":\"Explora NexoInformativo y convi\u00e9rtete en parte de una comunidad que valora el conocimiento y la verdad. Tu nexoinformativo es tu puente hacia una comprensi\u00f3n m\u00e1s profunda del mundo que te rodea.\",\"publisher\":{\"@id\":\"https:\/\/www.nexoinformativo.mx\/#organization\"},\"potentialAction\":[{\"@type\":\"SearchAction\",\"target\":{\"@type\":\"EntryPoint\",\"urlTemplate\":\"https:\/\/www.nexoinformativo.mx\/?s={search_term_string}\"},\"query-input\":{\"@type\":\"PropertyValueSpecification\",\"valueRequired\":true,\"valueName\":\"search_term_string\"}}],\"inLanguage\":\"es\"},{\"@type\":\"Organization\",\"@id\":\"https:\/\/www.nexoinformativo.mx\/#organization\",\"name\":\"Nexo Informativo Santiago de Quer\u00e9taro\",\"url\":\"https:\/\/www.nexoinformativo.mx\/\",\"logo\":{\"@type\":\"ImageObject\",\"inLanguage\":\"es\",\"@id\":\"https:\/\/www.nexoinformativo.mx\/#\/schema\/logo\/image\/\",\"url\":\"https:\/\/www.nexoinformativo.mx\/wp-content\/uploads\/2024\/07\/nexoi-trasparente-2.png\",\"contentUrl\":\"https:\/\/www.nexoinformativo.mx\/wp-content\/uploads\/2024\/07\/nexoi-trasparente-2.png\",\"width\":816,\"height\":339,\"caption\":\"Nexo Informativo Santiago de Quer\u00e9taro\"},\"image\":{\"@id\":\"https:\/\/www.nexoinformativo.mx\/#\/schema\/logo\/image\/\"},\"sameAs\":[\"https:\/\/www.facebook.com\/people\/Nexo-Informativo\/61564066885511\/\"]},{\"@type\":\"Person\",\"@id\":\"https:\/\/www.nexoinformativo.mx\/#\/schema\/person\/7749d380ba08c8ca00d7bc76fd907b7d\",\"name\":\"Nexo Informativo\",\"image\":{\"@type\":\"ImageObject\",\"inLanguage\":\"es\",\"@id\":\"https:\/\/www.nexoinformativo.mx\/#\/schema\/person\/image\/\",\"url\":\"https:\/\/secure.gravatar.com\/avatar\/dde2928154642a13d95f87ddf1ea9718fe2b46760a005c53e41ff5ad610704e6?s=96&d=mm&r=g\",\"contentUrl\":\"https:\/\/secure.gravatar.com\/avatar\/dde2928154642a13d95f87ddf1ea9718fe2b46760a005c53e41ff5ad610704e6?s=96&d=mm&r=g\",\"caption\":\"Nexo Informativo\"},\"url\":\"https:\/\/www.nexoinformativo.mx\/index.php\/author\/edicion\/\"}]}<\/script>\n<!-- \/ Yoast SEO plugin. -->","yoast_head_json":{"title":"Universo de arte Contempor\u00e1neo El MACQ sorprende con esculturas lum\u00ednicas y \"Cultivos Geom\u00f3rficos\" | Nexo Informativo Santiago de Quer\u00e9taro","description":"Universo de arte Contempor\u00e1neo El MACQ sorprende con esculturas lum\u00ednicas y \"Cultivos Geom\u00f3rficos\"","robots":{"index":"index","follow":"follow","max-snippet":"max-snippet:-1","max-image-preview":"max-image-preview:large","max-video-preview":"max-video-preview:-1"},"canonical":"https:\/\/www.nexoinformativo.mx\/index.php\/2025\/04\/16\/universo-de-arte-contemporaneo-el-macq-sorprende-con-esculturas-luminicas-y-cultivos-geomorficos\/","og_locale":"es_MX","og_type":"article","og_title":"Universo de arte Contempor\u00e1neo El MACQ sorprende con esculturas lum\u00ednicas y \"Cultivos Geom\u00f3rficos\" | Nexo Informativo Santiago de Quer\u00e9taro","og_description":"Universo de arte Contempor\u00e1neo El MACQ sorprende con esculturas lum\u00ednicas y \"Cultivos Geom\u00f3rficos\"","og_url":"https:\/\/www.nexoinformativo.mx\/index.php\/2025\/04\/16\/universo-de-arte-contemporaneo-el-macq-sorprende-con-esculturas-luminicas-y-cultivos-geomorficos\/","og_site_name":"Nexo Informativo Santiago de Quer\u00e9taro","article_publisher":"https:\/\/www.facebook.com\/people\/Nexo-Informativo\/61564066885511\/","article_published_time":"2025-04-16T17:00:31+00:00","article_modified_time":"2025-04-16T18:43:57+00:00","og_image":[{"width":800,"height":533,"url":"https:\/\/www.nexoinformativo.mx\/wp-content\/uploads\/2025\/04\/PHOTO-2025-04-16-11-14-00-e1744828951542.jpg","type":"image\/jpeg"}],"author":"Nexo Informativo","twitter_card":"summary_large_image","twitter_misc":{"Escrito por":"Nexo Informativo","Tiempo de lectura":"2 minutos"},"schema":{"@context":"https:\/\/schema.org","@graph":[{"@type":"Article","@id":"https:\/\/www.nexoinformativo.mx\/index.php\/2025\/04\/16\/universo-de-arte-contemporaneo-el-macq-sorprende-con-esculturas-luminicas-y-cultivos-geomorficos\/#article","isPartOf":{"@id":"https:\/\/www.nexoinformativo.mx\/index.php\/2025\/04\/16\/universo-de-arte-contemporaneo-el-macq-sorprende-con-esculturas-luminicas-y-cultivos-geomorficos\/"},"author":{"name":"Nexo Informativo","@id":"https:\/\/www.nexoinformativo.mx\/#\/schema\/person\/7749d380ba08c8ca00d7bc76fd907b7d"},"headline":"Universo de arte Contempor\u00e1neo El MACQ sorprende con esculturas lum\u00ednicas y &#8220;Cultivos Geom\u00f3rficos&#8221;","datePublished":"2025-04-16T17:00:31+00:00","dateModified":"2025-04-16T18:43:57+00:00","mainEntityOfPage":{"@id":"https:\/\/www.nexoinformativo.mx\/index.php\/2025\/04\/16\/universo-de-arte-contemporaneo-el-macq-sorprende-con-esculturas-luminicas-y-cultivos-geomorficos\/"},"wordCount":359,"commentCount":0,"publisher":{"@id":"https:\/\/www.nexoinformativo.mx\/#organization"},"image":{"@id":"https:\/\/www.nexoinformativo.mx\/index.php\/2025\/04\/16\/universo-de-arte-contemporaneo-el-macq-sorprende-con-esculturas-luminicas-y-cultivos-geomorficos\/#primaryimage"},"thumbnailUrl":"https:\/\/www.nexoinformativo.mx\/wp-content\/uploads\/2025\/04\/PHOTO-2025-04-16-11-14-00-e1744828951542.jpg","keywords":["ArteContempor\u00e1neoQro","MACQ","PabloArmesto","RenataGerlero"],"articleSection":["Espect\u00e1culos","Estado","\u00daltima Hora"],"inLanguage":"es","potentialAction":[{"@type":"CommentAction","name":"Comment","target":["https:\/\/www.nexoinformativo.mx\/index.php\/2025\/04\/16\/universo-de-arte-contemporaneo-el-macq-sorprende-con-esculturas-luminicas-y-cultivos-geomorficos\/#respond"]}]},{"@type":"WebPage","@id":"https:\/\/www.nexoinformativo.mx\/index.php\/2025\/04\/16\/universo-de-arte-contemporaneo-el-macq-sorprende-con-esculturas-luminicas-y-cultivos-geomorficos\/","url":"https:\/\/www.nexoinformativo.mx\/index.php\/2025\/04\/16\/universo-de-arte-contemporaneo-el-macq-sorprende-con-esculturas-luminicas-y-cultivos-geomorficos\/","name":"Universo de arte Contempor\u00e1neo El MACQ sorprende con esculturas lum\u00ednicas y \"Cultivos Geom\u00f3rficos\" | Nexo Informativo Santiago de Quer\u00e9taro","isPartOf":{"@id":"https:\/\/www.nexoinformativo.mx\/#website"},"primaryImageOfPage":{"@id":"https:\/\/www.nexoinformativo.mx\/index.php\/2025\/04\/16\/universo-de-arte-contemporaneo-el-macq-sorprende-con-esculturas-luminicas-y-cultivos-geomorficos\/#primaryimage"},"image":{"@id":"https:\/\/www.nexoinformativo.mx\/index.php\/2025\/04\/16\/universo-de-arte-contemporaneo-el-macq-sorprende-con-esculturas-luminicas-y-cultivos-geomorficos\/#primaryimage"},"thumbnailUrl":"https:\/\/www.nexoinformativo.mx\/wp-content\/uploads\/2025\/04\/PHOTO-2025-04-16-11-14-00-e1744828951542.jpg","datePublished":"2025-04-16T17:00:31+00:00","dateModified":"2025-04-16T18:43:57+00:00","description":"Universo de arte Contempor\u00e1neo El MACQ sorprende con esculturas lum\u00ednicas y \"Cultivos Geom\u00f3rficos\"","breadcrumb":{"@id":"https:\/\/www.nexoinformativo.mx\/index.php\/2025\/04\/16\/universo-de-arte-contemporaneo-el-macq-sorprende-con-esculturas-luminicas-y-cultivos-geomorficos\/#breadcrumb"},"inLanguage":"es","potentialAction":[{"@type":"ReadAction","target":["https:\/\/www.nexoinformativo.mx\/index.php\/2025\/04\/16\/universo-de-arte-contemporaneo-el-macq-sorprende-con-esculturas-luminicas-y-cultivos-geomorficos\/"]}]},{"@type":"ImageObject","inLanguage":"es","@id":"https:\/\/www.nexoinformativo.mx\/index.php\/2025\/04\/16\/universo-de-arte-contemporaneo-el-macq-sorprende-con-esculturas-luminicas-y-cultivos-geomorficos\/#primaryimage","url":"https:\/\/www.nexoinformativo.mx\/wp-content\/uploads\/2025\/04\/PHOTO-2025-04-16-11-14-00-e1744828951542.jpg","contentUrl":"https:\/\/www.nexoinformativo.mx\/wp-content\/uploads\/2025\/04\/PHOTO-2025-04-16-11-14-00-e1744828951542.jpg","width":800,"height":533},{"@type":"BreadcrumbList","@id":"https:\/\/www.nexoinformativo.mx\/index.php\/2025\/04\/16\/universo-de-arte-contemporaneo-el-macq-sorprende-con-esculturas-luminicas-y-cultivos-geomorficos\/#breadcrumb","itemListElement":[{"@type":"ListItem","position":1,"name":"Inicio","item":"https:\/\/www.nexoinformativo.mx\/"},{"@type":"ListItem","position":2,"name":"Universo de arte Contempor\u00e1neo El MACQ sorprende con esculturas lum\u00ednicas y &#8220;Cultivos Geom\u00f3rficos&#8221;"}]},{"@type":"WebSite","@id":"https:\/\/www.nexoinformativo.mx\/#website","url":"https:\/\/www.nexoinformativo.mx\/","name":"Nexo Informativo Santiago de Quer\u00e9taro","description":"Explora NexoInformativo y convi\u00e9rtete en parte de una comunidad que valora el conocimiento y la verdad. Tu nexoinformativo es tu puente hacia una comprensi\u00f3n m\u00e1s profunda del mundo que te rodea.","publisher":{"@id":"https:\/\/www.nexoinformativo.mx\/#organization"},"potentialAction":[{"@type":"SearchAction","target":{"@type":"EntryPoint","urlTemplate":"https:\/\/www.nexoinformativo.mx\/?s={search_term_string}"},"query-input":{"@type":"PropertyValueSpecification","valueRequired":true,"valueName":"search_term_string"}}],"inLanguage":"es"},{"@type":"Organization","@id":"https:\/\/www.nexoinformativo.mx\/#organization","name":"Nexo Informativo Santiago de Quer\u00e9taro","url":"https:\/\/www.nexoinformativo.mx\/","logo":{"@type":"ImageObject","inLanguage":"es","@id":"https:\/\/www.nexoinformativo.mx\/#\/schema\/logo\/image\/","url":"https:\/\/www.nexoinformativo.mx\/wp-content\/uploads\/2024\/07\/nexoi-trasparente-2.png","contentUrl":"https:\/\/www.nexoinformativo.mx\/wp-content\/uploads\/2024\/07\/nexoi-trasparente-2.png","width":816,"height":339,"caption":"Nexo Informativo Santiago de Quer\u00e9taro"},"image":{"@id":"https:\/\/www.nexoinformativo.mx\/#\/schema\/logo\/image\/"},"sameAs":["https:\/\/www.facebook.com\/people\/Nexo-Informativo\/61564066885511\/"]},{"@type":"Person","@id":"https:\/\/www.nexoinformativo.mx\/#\/schema\/person\/7749d380ba08c8ca00d7bc76fd907b7d","name":"Nexo Informativo","image":{"@type":"ImageObject","inLanguage":"es","@id":"https:\/\/www.nexoinformativo.mx\/#\/schema\/person\/image\/","url":"https:\/\/secure.gravatar.com\/avatar\/dde2928154642a13d95f87ddf1ea9718fe2b46760a005c53e41ff5ad610704e6?s=96&d=mm&r=g","contentUrl":"https:\/\/secure.gravatar.com\/avatar\/dde2928154642a13d95f87ddf1ea9718fe2b46760a005c53e41ff5ad610704e6?s=96&d=mm&r=g","caption":"Nexo Informativo"},"url":"https:\/\/www.nexoinformativo.mx\/index.php\/author\/edicion\/"}]}},"_links":{"self":[{"href":"https:\/\/www.nexoinformativo.mx\/index.php\/wp-json\/wp\/v2\/posts\/14231","targetHints":{"allow":["GET"]}}],"collection":[{"href":"https:\/\/www.nexoinformativo.mx\/index.php\/wp-json\/wp\/v2\/posts"}],"about":[{"href":"https:\/\/www.nexoinformativo.mx\/index.php\/wp-json\/wp\/v2\/types\/post"}],"author":[{"embeddable":true,"href":"https:\/\/www.nexoinformativo.mx\/index.php\/wp-json\/wp\/v2\/users\/3"}],"replies":[{"embeddable":true,"href":"https:\/\/www.nexoinformativo.mx\/index.php\/wp-json\/wp\/v2\/comments?post=14231"}],"version-history":[{"count":4,"href":"https:\/\/www.nexoinformativo.mx\/index.php\/wp-json\/wp\/v2\/posts\/14231\/revisions"}],"predecessor-version":[{"id":14235,"href":"https:\/\/www.nexoinformativo.mx\/index.php\/wp-json\/wp\/v2\/posts\/14231\/revisions\/14235"}],"wp:featuredmedia":[{"embeddable":true,"href":"https:\/\/www.nexoinformativo.mx\/index.php\/wp-json\/wp\/v2\/media\/14232"}],"wp:attachment":[{"href":"https:\/\/www.nexoinformativo.mx\/index.php\/wp-json\/wp\/v2\/media?parent=14231"}],"wp:term":[{"taxonomy":"category","embeddable":true,"href":"https:\/\/www.nexoinformativo.mx\/index.php\/wp-json\/wp\/v2\/categories?post=14231"},{"taxonomy":"post_tag","embeddable":true,"href":"https:\/\/www.nexoinformativo.mx\/index.php\/wp-json\/wp\/v2\/tags?post=14231"}],"curies":[{"name":"wp","href":"https:\/\/api.w.org\/{rel}","templated":true}]}}