{"id":14242,"date":"2025-04-17T07:00:17","date_gmt":"2025-04-17T13:00:17","guid":{"rendered":"https:\/\/www.nexoinformativo.mx\/?p=14242"},"modified":"2025-04-17T11:25:23","modified_gmt":"2025-04-17T17:25:23","slug":"el-pueblo-decide-sheinbaum-destaca-eleccion-judicial-como-parteaguas-y-pide-participacion-masiva","status":"publish","type":"post","link":"https:\/\/www.nexoinformativo.mx\/index.php\/2025\/04\/17\/el-pueblo-decide-sheinbaum-destaca-eleccion-judicial-como-parteaguas-y-pide-participacion-masiva\/","title":{"rendered":"El pueblo decide Sheinbaum destaca elecci\u00f3n judicial como &#8220;parteaguas&#8221; y pide participaci\u00f3n masiva"},"content":{"rendered":"<p style=\"text-align: justify;\" data-sourcepos=\"11:1-11:298\">La Presidenta Claudia Sheinbaum enfatiz\u00f3 la trascendencia de la elecci\u00f3n del 1\u00b0 de junio, donde los mexicanos elegir\u00e1n a sus jueces, magistrados y ministros, calific\u00e1ndola como un evento hist\u00f3rico que posiciona a M\u00e9xico como un l\u00edder democr\u00e1tico a nivel mundial.<\/p>\n<p>&nbsp;<\/p>\n<p style=\"text-align: justify;\" data-sourcepos=\"13:1-13:644\">&#8220;Es una elecci\u00f3n hist\u00f3rica, es la primera vez que en M\u00e9xico se va a elegir al Poder Judicial y tambi\u00e9n es un ejemplo al mundo. Pero el que el pueblo decida qui\u00e9nes van a ser sus jueces es algo que as\u00ed, a este nivel de participaci\u00f3n y de apertura, creo que no hay ning\u00fan lugar en el mundo&#8221;.<\/p>\n<p>&nbsp;<\/p>\n<p style=\"text-align: justify;\" data-sourcepos=\"13:1-13:644\">Entonces, es un parteaguas en la historia de M\u00e9xico y un ejemplo al mundo de que M\u00e9xico es el pa\u00eds m\u00e1s democr\u00e1tico de todos, por una raz\u00f3n: porque en M\u00e9xico quien decide es el pueblo. Entonces es muy importante que todos participemos, todos, sin excepci\u00f3n, todos y todas salgamos a votar el 1\u00ba de junio&#8221;, subray\u00f3 durante su conferencia matutina.<\/p>\n<p>&nbsp;<\/p>\n<p style=\"text-align: justify;\" data-sourcepos=\"15:1-15:394\">La secretaria de Gobernaci\u00f3n, Rosa Icela Rodr\u00edguez, detall\u00f3 que el Tribunal Electoral del Poder Judicial de la Federaci\u00f3n (TEPJF) ha permitido a los Poderes de la Uni\u00f3n, los poderes estatales (para elecciones judiciales locales), los Organismos P\u00fablicos Locales Electorales (OPLEs) y a los servidores p\u00fablicos promover el voto, siempre y cuando no se aluda a candidaturas espec\u00edficas.<\/p>\n<p>&nbsp;<\/p>\n<p style=\"text-align: justify;\" data-sourcepos=\"17:1-17:444\">Rodr\u00edguez \u00a0explic\u00f3 el proceso de votaci\u00f3n, indicando que los ciudadanos recibir\u00e1n seis boletas de diferentes colores para elegir a ministros, magistrados y jueces federales. Las boletas estar\u00e1n divididas por g\u00e9nero, con los nombres de los candidatos ordenados alfab\u00e9ticamente y numerados.<\/p>\n<p>&nbsp;<\/p>\n<p style=\"text-align: justify;\" data-sourcepos=\"19:1-19:431\">La secretaria de Gobernaci\u00f3n invit\u00f3 a los ciudadanos a consultar el micrositio <strong>&#8220;Con\u00f3celes, Pr\u00e1ctica y Ubica&#8221;<\/strong> en la p\u00e1gina del INE, donde encontrar\u00e1n informaci\u00f3n detallada sobre los candidatos.<\/p>\n<p>&nbsp;<\/p>\n<p style=\"text-align: justify;\" data-sourcepos=\"19:1-19:431\">Asimismo, record\u00f3 que est\u00e1 permitido promover el voto y la participaci\u00f3n ciudadana, pero sin aludir a ninguna candidatura en espec\u00edfico, y que se pueden realizar campa\u00f1as de comunicaci\u00f3n social sin sesgo o apoyo a determinada candidatura.<\/p>\n<p>&nbsp;<\/p>\n<p style=\"text-align: center;\" data-sourcepos=\"19:1-19:431\"><em><strong>\u00a1Informaci\u00f3n que transforma!<\/strong><\/em><\/p>\n","protected":false},"excerpt":{"rendered":"<p>La Presidenta Claudia Sheinbaum enfatiz\u00f3 la trascendencia de la elecci\u00f3n del 1\u00b0 de junio, donde los mexicanos elegir\u00e1n a sus jueces, magistrados y ministros, calific\u00e1ndola como un evento hist\u00f3rico que posiciona a M\u00e9xico como un l\u00edder democr\u00e1tico a nivel mundial.<\/p>\n","protected":false},"author":3,"featured_media":14247,"comment_status":"open","ping_status":"open","sticky":false,"template":"","format":"standard","meta":{"footnotes":""},"categories":[88,21,58],"tags":[4181,1668,534,4180],"class_list":["post-14242","post","type-post","status-publish","format-standard","has-post-thumbnail","hentry","category-nacional","category-politica","category-ultima-hora","tag-democraciamexico","tag-eleccionjudicial","tag-poderjudicial","tag-vota1junio"],"yoast_head":"<!-- This site is optimized with the Yoast SEO plugin v25.0 - https:\/\/yoast.com\/wordpress\/plugins\/seo\/ -->\n<title>El pueblo decide Sheinbaum destaca elecci\u00f3n judicial como &quot;parteaguas&quot; y pide participaci\u00f3n masiva | Nexo Informativo Santiago de Quer\u00e9taro<\/title>\n<meta name=\"description\" content=\"El pueblo decide Sheinbaum destaca elecci\u00f3n judicial como &quot;parteaguas&quot; y pide participaci\u00f3n masiva\" \/>\n<meta name=\"robots\" content=\"index, follow, max-snippet:-1, max-image-preview:large, max-video-preview:-1\" \/>\n<link rel=\"canonical\" href=\"https:\/\/www.nexoinformativo.mx\/index.php\/2025\/04\/17\/el-pueblo-decide-sheinbaum-destaca-eleccion-judicial-como-parteaguas-y-pide-participacion-masiva\/\" \/>\n<meta property=\"og:locale\" content=\"es_MX\" \/>\n<meta property=\"og:type\" content=\"article\" \/>\n<meta property=\"og:title\" content=\"El pueblo decide Sheinbaum destaca elecci\u00f3n judicial como &quot;parteaguas&quot; y pide participaci\u00f3n masiva | Nexo Informativo Santiago de Quer\u00e9taro\" \/>\n<meta property=\"og:description\" content=\"El pueblo decide Sheinbaum destaca elecci\u00f3n judicial como &quot;parteaguas&quot; y pide participaci\u00f3n masiva\" \/>\n<meta property=\"og:url\" content=\"https:\/\/www.nexoinformativo.mx\/index.php\/2025\/04\/17\/el-pueblo-decide-sheinbaum-destaca-eleccion-judicial-como-parteaguas-y-pide-participacion-masiva\/\" \/>\n<meta property=\"og:site_name\" content=\"Nexo Informativo Santiago de Quer\u00e9taro\" \/>\n<meta property=\"article:publisher\" content=\"https:\/\/www.facebook.com\/people\/Nexo-Informativo\/61564066885511\/\" \/>\n<meta property=\"article:published_time\" content=\"2025-04-17T13:00:17+00:00\" \/>\n<meta property=\"article:modified_time\" content=\"2025-04-17T17:25:23+00:00\" \/>\n<meta property=\"og:image\" content=\"https:\/\/www.nexoinformativo.mx\/wp-content\/uploads\/2025\/04\/IMG_2292.jpg\" \/>\n\t<meta property=\"og:image:width\" content=\"650\" \/>\n\t<meta property=\"og:image:height\" content=\"380\" \/>\n\t<meta property=\"og:image:type\" content=\"image\/jpeg\" \/>\n<meta name=\"author\" content=\"Nexo Informativo\" \/>\n<meta name=\"twitter:card\" content=\"summary_large_image\" \/>\n<meta name=\"twitter:label1\" content=\"Escrito por\" \/>\n\t<meta name=\"twitter:data1\" content=\"Nexo Informativo\" \/>\n\t<meta name=\"twitter:label2\" content=\"Tiempo de lectura\" \/>\n\t<meta name=\"twitter:data2\" content=\"2 minutos\" \/>\n<script type=\"application\/ld+json\" class=\"yoast-schema-graph\">{\"@context\":\"https:\/\/schema.org\",\"@graph\":[{\"@type\":\"Article\",\"@id\":\"https:\/\/www.nexoinformativo.mx\/index.php\/2025\/04\/17\/el-pueblo-decide-sheinbaum-destaca-eleccion-judicial-como-parteaguas-y-pide-participacion-masiva\/#article\",\"isPartOf\":{\"@id\":\"https:\/\/www.nexoinformativo.mx\/index.php\/2025\/04\/17\/el-pueblo-decide-sheinbaum-destaca-eleccion-judicial-como-parteaguas-y-pide-participacion-masiva\/\"},\"author\":{\"name\":\"Nexo Informativo\",\"@id\":\"https:\/\/www.nexoinformativo.mx\/#\/schema\/person\/7749d380ba08c8ca00d7bc76fd907b7d\"},\"headline\":\"El pueblo decide Sheinbaum destaca elecci\u00f3n judicial como &#8220;parteaguas&#8221; y pide participaci\u00f3n masiva\",\"datePublished\":\"2025-04-17T13:00:17+00:00\",\"dateModified\":\"2025-04-17T17:25:23+00:00\",\"mainEntityOfPage\":{\"@id\":\"https:\/\/www.nexoinformativo.mx\/index.php\/2025\/04\/17\/el-pueblo-decide-sheinbaum-destaca-eleccion-judicial-como-parteaguas-y-pide-participacion-masiva\/\"},\"wordCount\":388,\"commentCount\":0,\"publisher\":{\"@id\":\"https:\/\/www.nexoinformativo.mx\/#organization\"},\"image\":{\"@id\":\"https:\/\/www.nexoinformativo.mx\/index.php\/2025\/04\/17\/el-pueblo-decide-sheinbaum-destaca-eleccion-judicial-como-parteaguas-y-pide-participacion-masiva\/#primaryimage\"},\"thumbnailUrl\":\"https:\/\/www.nexoinformativo.mx\/wp-content\/uploads\/2025\/04\/IMG_2292.jpg\",\"keywords\":[\"DemocraciaM\u00e9xico\",\"Elecci\u00f3nJudicial\",\"PoderJudicial\",\"Vota1Junio\"],\"articleSection\":[\"Nacional\",\"Pol\u00edtica\",\"\u00daltima Hora\"],\"inLanguage\":\"es\",\"potentialAction\":[{\"@type\":\"CommentAction\",\"name\":\"Comment\",\"target\":[\"https:\/\/www.nexoinformativo.mx\/index.php\/2025\/04\/17\/el-pueblo-decide-sheinbaum-destaca-eleccion-judicial-como-parteaguas-y-pide-participacion-masiva\/#respond\"]}]},{\"@type\":\"WebPage\",\"@id\":\"https:\/\/www.nexoinformativo.mx\/index.php\/2025\/04\/17\/el-pueblo-decide-sheinbaum-destaca-eleccion-judicial-como-parteaguas-y-pide-participacion-masiva\/\",\"url\":\"https:\/\/www.nexoinformativo.mx\/index.php\/2025\/04\/17\/el-pueblo-decide-sheinbaum-destaca-eleccion-judicial-como-parteaguas-y-pide-participacion-masiva\/\",\"name\":\"El pueblo decide Sheinbaum destaca elecci\u00f3n judicial como \\\"parteaguas\\\" y pide participaci\u00f3n masiva | Nexo Informativo Santiago de Quer\u00e9taro\",\"isPartOf\":{\"@id\":\"https:\/\/www.nexoinformativo.mx\/#website\"},\"primaryImageOfPage\":{\"@id\":\"https:\/\/www.nexoinformativo.mx\/index.php\/2025\/04\/17\/el-pueblo-decide-sheinbaum-destaca-eleccion-judicial-como-parteaguas-y-pide-participacion-masiva\/#primaryimage\"},\"image\":{\"@id\":\"https:\/\/www.nexoinformativo.mx\/index.php\/2025\/04\/17\/el-pueblo-decide-sheinbaum-destaca-eleccion-judicial-como-parteaguas-y-pide-participacion-masiva\/#primaryimage\"},\"thumbnailUrl\":\"https:\/\/www.nexoinformativo.mx\/wp-content\/uploads\/2025\/04\/IMG_2292.jpg\",\"datePublished\":\"2025-04-17T13:00:17+00:00\",\"dateModified\":\"2025-04-17T17:25:23+00:00\",\"description\":\"El pueblo decide Sheinbaum destaca elecci\u00f3n judicial como \\\"parteaguas\\\" y pide participaci\u00f3n masiva\",\"breadcrumb\":{\"@id\":\"https:\/\/www.nexoinformativo.mx\/index.php\/2025\/04\/17\/el-pueblo-decide-sheinbaum-destaca-eleccion-judicial-como-parteaguas-y-pide-participacion-masiva\/#breadcrumb\"},\"inLanguage\":\"es\",\"potentialAction\":[{\"@type\":\"ReadAction\",\"target\":[\"https:\/\/www.nexoinformativo.mx\/index.php\/2025\/04\/17\/el-pueblo-decide-sheinbaum-destaca-eleccion-judicial-como-parteaguas-y-pide-participacion-masiva\/\"]}]},{\"@type\":\"ImageObject\",\"inLanguage\":\"es\",\"@id\":\"https:\/\/www.nexoinformativo.mx\/index.php\/2025\/04\/17\/el-pueblo-decide-sheinbaum-destaca-eleccion-judicial-como-parteaguas-y-pide-participacion-masiva\/#primaryimage\",\"url\":\"https:\/\/www.nexoinformativo.mx\/wp-content\/uploads\/2025\/04\/IMG_2292.jpg\",\"contentUrl\":\"https:\/\/www.nexoinformativo.mx\/wp-content\/uploads\/2025\/04\/IMG_2292.jpg\",\"width\":650,\"height\":380,\"caption\":\"Cuauht\u00e9moc, Ciudad de M\u00e9xico, M\u00e9xico, 16 de abril de 2025. La doctora Claudia Sheinbaum Pardo, presidenta Constitucional de los Estados Unidos Mexicanos en conferencia de prensa matutina \u201cLas ma\u00f1aneras del pueblo\u201d, en el Sal\u00f3n Tesorer\u00eda de Palacio Nacional. La acompa\u00f1an Rosa Icela Rodr\u00edguez Vel\u00e1zquez, secretaria de Gobernaci\u00f3n; F\u00e9lix Arturo Medina Padilla, subsecretario de Derechos Humanos, Poblaci\u00f3n y Migraci\u00f3n de la Secretar\u00eda de Gobernaci\u00f3n (Segob) y Miguel Elorza, coordinador de Infodemia. Foto: Presidencia\"},{\"@type\":\"BreadcrumbList\",\"@id\":\"https:\/\/www.nexoinformativo.mx\/index.php\/2025\/04\/17\/el-pueblo-decide-sheinbaum-destaca-eleccion-judicial-como-parteaguas-y-pide-participacion-masiva\/#breadcrumb\",\"itemListElement\":[{\"@type\":\"ListItem\",\"position\":1,\"name\":\"Inicio\",\"item\":\"https:\/\/www.nexoinformativo.mx\/\"},{\"@type\":\"ListItem\",\"position\":2,\"name\":\"El pueblo decide Sheinbaum destaca elecci\u00f3n judicial como &#8220;parteaguas&#8221; y pide participaci\u00f3n masiva\"}]},{\"@type\":\"WebSite\",\"@id\":\"https:\/\/www.nexoinformativo.mx\/#website\",\"url\":\"https:\/\/www.nexoinformativo.mx\/\",\"name\":\"Nexo Informativo Santiago de Quer\u00e9taro\",\"description\":\"Explora NexoInformativo y convi\u00e9rtete en parte de una comunidad que valora el conocimiento y la verdad. Tu nexoinformativo es tu puente hacia una comprensi\u00f3n m\u00e1s profunda del mundo que te rodea.\",\"publisher\":{\"@id\":\"https:\/\/www.nexoinformativo.mx\/#organization\"},\"potentialAction\":[{\"@type\":\"SearchAction\",\"target\":{\"@type\":\"EntryPoint\",\"urlTemplate\":\"https:\/\/www.nexoinformativo.mx\/?s={search_term_string}\"},\"query-input\":{\"@type\":\"PropertyValueSpecification\",\"valueRequired\":true,\"valueName\":\"search_term_string\"}}],\"inLanguage\":\"es\"},{\"@type\":\"Organization\",\"@id\":\"https:\/\/www.nexoinformativo.mx\/#organization\",\"name\":\"Nexo Informativo Santiago de Quer\u00e9taro\",\"url\":\"https:\/\/www.nexoinformativo.mx\/\",\"logo\":{\"@type\":\"ImageObject\",\"inLanguage\":\"es\",\"@id\":\"https:\/\/www.nexoinformativo.mx\/#\/schema\/logo\/image\/\",\"url\":\"https:\/\/www.nexoinformativo.mx\/wp-content\/uploads\/2024\/07\/nexoi-trasparente-2.png\",\"contentUrl\":\"https:\/\/www.nexoinformativo.mx\/wp-content\/uploads\/2024\/07\/nexoi-trasparente-2.png\",\"width\":816,\"height\":339,\"caption\":\"Nexo Informativo Santiago de Quer\u00e9taro\"},\"image\":{\"@id\":\"https:\/\/www.nexoinformativo.mx\/#\/schema\/logo\/image\/\"},\"sameAs\":[\"https:\/\/www.facebook.com\/people\/Nexo-Informativo\/61564066885511\/\"]},{\"@type\":\"Person\",\"@id\":\"https:\/\/www.nexoinformativo.mx\/#\/schema\/person\/7749d380ba08c8ca00d7bc76fd907b7d\",\"name\":\"Nexo Informativo\",\"image\":{\"@type\":\"ImageObject\",\"inLanguage\":\"es\",\"@id\":\"https:\/\/www.nexoinformativo.mx\/#\/schema\/person\/image\/\",\"url\":\"https:\/\/secure.gravatar.com\/avatar\/dde2928154642a13d95f87ddf1ea9718fe2b46760a005c53e41ff5ad610704e6?s=96&d=mm&r=g\",\"contentUrl\":\"https:\/\/secure.gravatar.com\/avatar\/dde2928154642a13d95f87ddf1ea9718fe2b46760a005c53e41ff5ad610704e6?s=96&d=mm&r=g\",\"caption\":\"Nexo Informativo\"},\"url\":\"https:\/\/www.nexoinformativo.mx\/index.php\/author\/edicion\/\"}]}<\/script>\n<!-- \/ Yoast SEO plugin. -->","yoast_head_json":{"title":"El pueblo decide Sheinbaum destaca elecci\u00f3n judicial como \"parteaguas\" y pide participaci\u00f3n masiva | Nexo Informativo Santiago de Quer\u00e9taro","description":"El pueblo decide Sheinbaum destaca elecci\u00f3n judicial como \"parteaguas\" y pide participaci\u00f3n masiva","robots":{"index":"index","follow":"follow","max-snippet":"max-snippet:-1","max-image-preview":"max-image-preview:large","max-video-preview":"max-video-preview:-1"},"canonical":"https:\/\/www.nexoinformativo.mx\/index.php\/2025\/04\/17\/el-pueblo-decide-sheinbaum-destaca-eleccion-judicial-como-parteaguas-y-pide-participacion-masiva\/","og_locale":"es_MX","og_type":"article","og_title":"El pueblo decide Sheinbaum destaca elecci\u00f3n judicial como \"parteaguas\" y pide participaci\u00f3n masiva | Nexo Informativo Santiago de Quer\u00e9taro","og_description":"El pueblo decide Sheinbaum destaca elecci\u00f3n judicial como \"parteaguas\" y pide participaci\u00f3n masiva","og_url":"https:\/\/www.nexoinformativo.mx\/index.php\/2025\/04\/17\/el-pueblo-decide-sheinbaum-destaca-eleccion-judicial-como-parteaguas-y-pide-participacion-masiva\/","og_site_name":"Nexo Informativo Santiago de Quer\u00e9taro","article_publisher":"https:\/\/www.facebook.com\/people\/Nexo-Informativo\/61564066885511\/","article_published_time":"2025-04-17T13:00:17+00:00","article_modified_time":"2025-04-17T17:25:23+00:00","og_image":[{"width":650,"height":380,"url":"https:\/\/www.nexoinformativo.mx\/wp-content\/uploads\/2025\/04\/IMG_2292.jpg","type":"image\/jpeg"}],"author":"Nexo Informativo","twitter_card":"summary_large_image","twitter_misc":{"Escrito por":"Nexo Informativo","Tiempo de lectura":"2 minutos"},"schema":{"@context":"https:\/\/schema.org","@graph":[{"@type":"Article","@id":"https:\/\/www.nexoinformativo.mx\/index.php\/2025\/04\/17\/el-pueblo-decide-sheinbaum-destaca-eleccion-judicial-como-parteaguas-y-pide-participacion-masiva\/#article","isPartOf":{"@id":"https:\/\/www.nexoinformativo.mx\/index.php\/2025\/04\/17\/el-pueblo-decide-sheinbaum-destaca-eleccion-judicial-como-parteaguas-y-pide-participacion-masiva\/"},"author":{"name":"Nexo Informativo","@id":"https:\/\/www.nexoinformativo.mx\/#\/schema\/person\/7749d380ba08c8ca00d7bc76fd907b7d"},"headline":"El pueblo decide Sheinbaum destaca elecci\u00f3n judicial como &#8220;parteaguas&#8221; y pide participaci\u00f3n masiva","datePublished":"2025-04-17T13:00:17+00:00","dateModified":"2025-04-17T17:25:23+00:00","mainEntityOfPage":{"@id":"https:\/\/www.nexoinformativo.mx\/index.php\/2025\/04\/17\/el-pueblo-decide-sheinbaum-destaca-eleccion-judicial-como-parteaguas-y-pide-participacion-masiva\/"},"wordCount":388,"commentCount":0,"publisher":{"@id":"https:\/\/www.nexoinformativo.mx\/#organization"},"image":{"@id":"https:\/\/www.nexoinformativo.mx\/index.php\/2025\/04\/17\/el-pueblo-decide-sheinbaum-destaca-eleccion-judicial-como-parteaguas-y-pide-participacion-masiva\/#primaryimage"},"thumbnailUrl":"https:\/\/www.nexoinformativo.mx\/wp-content\/uploads\/2025\/04\/IMG_2292.jpg","keywords":["DemocraciaM\u00e9xico","Elecci\u00f3nJudicial","PoderJudicial","Vota1Junio"],"articleSection":["Nacional","Pol\u00edtica","\u00daltima Hora"],"inLanguage":"es","potentialAction":[{"@type":"CommentAction","name":"Comment","target":["https:\/\/www.nexoinformativo.mx\/index.php\/2025\/04\/17\/el-pueblo-decide-sheinbaum-destaca-eleccion-judicial-como-parteaguas-y-pide-participacion-masiva\/#respond"]}]},{"@type":"WebPage","@id":"https:\/\/www.nexoinformativo.mx\/index.php\/2025\/04\/17\/el-pueblo-decide-sheinbaum-destaca-eleccion-judicial-como-parteaguas-y-pide-participacion-masiva\/","url":"https:\/\/www.nexoinformativo.mx\/index.php\/2025\/04\/17\/el-pueblo-decide-sheinbaum-destaca-eleccion-judicial-como-parteaguas-y-pide-participacion-masiva\/","name":"El pueblo decide Sheinbaum destaca elecci\u00f3n judicial como \"parteaguas\" y pide participaci\u00f3n masiva | Nexo Informativo Santiago de Quer\u00e9taro","isPartOf":{"@id":"https:\/\/www.nexoinformativo.mx\/#website"},"primaryImageOfPage":{"@id":"https:\/\/www.nexoinformativo.mx\/index.php\/2025\/04\/17\/el-pueblo-decide-sheinbaum-destaca-eleccion-judicial-como-parteaguas-y-pide-participacion-masiva\/#primaryimage"},"image":{"@id":"https:\/\/www.nexoinformativo.mx\/index.php\/2025\/04\/17\/el-pueblo-decide-sheinbaum-destaca-eleccion-judicial-como-parteaguas-y-pide-participacion-masiva\/#primaryimage"},"thumbnailUrl":"https:\/\/www.nexoinformativo.mx\/wp-content\/uploads\/2025\/04\/IMG_2292.jpg","datePublished":"2025-04-17T13:00:17+00:00","dateModified":"2025-04-17T17:25:23+00:00","description":"El pueblo decide Sheinbaum destaca elecci\u00f3n judicial como \"parteaguas\" y pide participaci\u00f3n masiva","breadcrumb":{"@id":"https:\/\/www.nexoinformativo.mx\/index.php\/2025\/04\/17\/el-pueblo-decide-sheinbaum-destaca-eleccion-judicial-como-parteaguas-y-pide-participacion-masiva\/#breadcrumb"},"inLanguage":"es","potentialAction":[{"@type":"ReadAction","target":["https:\/\/www.nexoinformativo.mx\/index.php\/2025\/04\/17\/el-pueblo-decide-sheinbaum-destaca-eleccion-judicial-como-parteaguas-y-pide-participacion-masiva\/"]}]},{"@type":"ImageObject","inLanguage":"es","@id":"https:\/\/www.nexoinformativo.mx\/index.php\/2025\/04\/17\/el-pueblo-decide-sheinbaum-destaca-eleccion-judicial-como-parteaguas-y-pide-participacion-masiva\/#primaryimage","url":"https:\/\/www.nexoinformativo.mx\/wp-content\/uploads\/2025\/04\/IMG_2292.jpg","contentUrl":"https:\/\/www.nexoinformativo.mx\/wp-content\/uploads\/2025\/04\/IMG_2292.jpg","width":650,"height":380,"caption":"Cuauht\u00e9moc, Ciudad de M\u00e9xico, M\u00e9xico, 16 de abril de 2025. La doctora Claudia Sheinbaum Pardo, presidenta Constitucional de los Estados Unidos Mexicanos en conferencia de prensa matutina \u201cLas ma\u00f1aneras del pueblo\u201d, en el Sal\u00f3n Tesorer\u00eda de Palacio Nacional. La acompa\u00f1an Rosa Icela Rodr\u00edguez Vel\u00e1zquez, secretaria de Gobernaci\u00f3n; F\u00e9lix Arturo Medina Padilla, subsecretario de Derechos Humanos, Poblaci\u00f3n y Migraci\u00f3n de la Secretar\u00eda de Gobernaci\u00f3n (Segob) y Miguel Elorza, coordinador de Infodemia. Foto: Presidencia"},{"@type":"BreadcrumbList","@id":"https:\/\/www.nexoinformativo.mx\/index.php\/2025\/04\/17\/el-pueblo-decide-sheinbaum-destaca-eleccion-judicial-como-parteaguas-y-pide-participacion-masiva\/#breadcrumb","itemListElement":[{"@type":"ListItem","position":1,"name":"Inicio","item":"https:\/\/www.nexoinformativo.mx\/"},{"@type":"ListItem","position":2,"name":"El pueblo decide Sheinbaum destaca elecci\u00f3n judicial como &#8220;parteaguas&#8221; y pide participaci\u00f3n masiva"}]},{"@type":"WebSite","@id":"https:\/\/www.nexoinformativo.mx\/#website","url":"https:\/\/www.nexoinformativo.mx\/","name":"Nexo Informativo Santiago de Quer\u00e9taro","description":"Explora NexoInformativo y convi\u00e9rtete en parte de una comunidad que valora el conocimiento y la verdad. Tu nexoinformativo es tu puente hacia una comprensi\u00f3n m\u00e1s profunda del mundo que te rodea.","publisher":{"@id":"https:\/\/www.nexoinformativo.mx\/#organization"},"potentialAction":[{"@type":"SearchAction","target":{"@type":"EntryPoint","urlTemplate":"https:\/\/www.nexoinformativo.mx\/?s={search_term_string}"},"query-input":{"@type":"PropertyValueSpecification","valueRequired":true,"valueName":"search_term_string"}}],"inLanguage":"es"},{"@type":"Organization","@id":"https:\/\/www.nexoinformativo.mx\/#organization","name":"Nexo Informativo Santiago de Quer\u00e9taro","url":"https:\/\/www.nexoinformativo.mx\/","logo":{"@type":"ImageObject","inLanguage":"es","@id":"https:\/\/www.nexoinformativo.mx\/#\/schema\/logo\/image\/","url":"https:\/\/www.nexoinformativo.mx\/wp-content\/uploads\/2024\/07\/nexoi-trasparente-2.png","contentUrl":"https:\/\/www.nexoinformativo.mx\/wp-content\/uploads\/2024\/07\/nexoi-trasparente-2.png","width":816,"height":339,"caption":"Nexo Informativo Santiago de Quer\u00e9taro"},"image":{"@id":"https:\/\/www.nexoinformativo.mx\/#\/schema\/logo\/image\/"},"sameAs":["https:\/\/www.facebook.com\/people\/Nexo-Informativo\/61564066885511\/"]},{"@type":"Person","@id":"https:\/\/www.nexoinformativo.mx\/#\/schema\/person\/7749d380ba08c8ca00d7bc76fd907b7d","name":"Nexo Informativo","image":{"@type":"ImageObject","inLanguage":"es","@id":"https:\/\/www.nexoinformativo.mx\/#\/schema\/person\/image\/","url":"https:\/\/secure.gravatar.com\/avatar\/dde2928154642a13d95f87ddf1ea9718fe2b46760a005c53e41ff5ad610704e6?s=96&d=mm&r=g","contentUrl":"https:\/\/secure.gravatar.com\/avatar\/dde2928154642a13d95f87ddf1ea9718fe2b46760a005c53e41ff5ad610704e6?s=96&d=mm&r=g","caption":"Nexo Informativo"},"url":"https:\/\/www.nexoinformativo.mx\/index.php\/author\/edicion\/"}]}},"_links":{"self":[{"href":"https:\/\/www.nexoinformativo.mx\/index.php\/wp-json\/wp\/v2\/posts\/14242","targetHints":{"allow":["GET"]}}],"collection":[{"href":"https:\/\/www.nexoinformativo.mx\/index.php\/wp-json\/wp\/v2\/posts"}],"about":[{"href":"https:\/\/www.nexoinformativo.mx\/index.php\/wp-json\/wp\/v2\/types\/post"}],"author":[{"embeddable":true,"href":"https:\/\/www.nexoinformativo.mx\/index.php\/wp-json\/wp\/v2\/users\/3"}],"replies":[{"embeddable":true,"href":"https:\/\/www.nexoinformativo.mx\/index.php\/wp-json\/wp\/v2\/comments?post=14242"}],"version-history":[{"count":3,"href":"https:\/\/www.nexoinformativo.mx\/index.php\/wp-json\/wp\/v2\/posts\/14242\/revisions"}],"predecessor-version":[{"id":14246,"href":"https:\/\/www.nexoinformativo.mx\/index.php\/wp-json\/wp\/v2\/posts\/14242\/revisions\/14246"}],"wp:featuredmedia":[{"embeddable":true,"href":"https:\/\/www.nexoinformativo.mx\/index.php\/wp-json\/wp\/v2\/media\/14247"}],"wp:attachment":[{"href":"https:\/\/www.nexoinformativo.mx\/index.php\/wp-json\/wp\/v2\/media?parent=14242"}],"wp:term":[{"taxonomy":"category","embeddable":true,"href":"https:\/\/www.nexoinformativo.mx\/index.php\/wp-json\/wp\/v2\/categories?post=14242"},{"taxonomy":"post_tag","embeddable":true,"href":"https:\/\/www.nexoinformativo.mx\/index.php\/wp-json\/wp\/v2\/tags?post=14242"}],"curies":[{"name":"wp","href":"https:\/\/api.w.org\/{rel}","templated":true}]}}