{"id":14254,"date":"2025-04-17T09:00:50","date_gmt":"2025-04-17T15:00:50","guid":{"rendered":"https:\/\/www.nexoinformativo.mx\/?p=14254"},"modified":"2025-04-17T11:49:05","modified_gmt":"2025-04-17T17:49:05","slug":"viaja-seguro-sict-despliega-brigadas-de-auxilio-vial-en-carreteras-por-semana-santa","status":"publish","type":"post","link":"https:\/\/www.nexoinformativo.mx\/index.php\/2025\/04\/17\/viaja-seguro-sict-despliega-brigadas-de-auxilio-vial-en-carreteras-por-semana-santa\/","title":{"rendered":"Viaja seguro SICT despliega brigadas de auxilio vial en carreteras por Semana Santa"},"content":{"rendered":"<p style=\"text-align: justify;\" data-sourcepos=\"11:1-11:342\">Para garantizar un viaje seguro y sin contratiempos durante el periodo vacacional de Semana Santa 2025 (del 11 al 27 de abril), la Secretar\u00eda de Infraestructura, Comunicaciones y Transportes (SICT) ha desplegado 70 brigadas de Auxilio Vial en las principales carreteras federales libres de peaje de todo el pa\u00eds.<\/p>\n<p>&nbsp;<\/p>\n<p style=\"text-align: justify;\" data-sourcepos=\"13:1-13:360\">En coordinaci\u00f3n con los 31 Centros SICT, estas brigadas estar\u00e1n listas para brindar apoyo a los usuarios que presenten problemas mec\u00e1nicos con sus veh\u00edculos, como ponchaduras de llantas o falta de combustible o agua.<\/p>\n<p>&nbsp;<\/p>\n<p style=\"text-align: justify;\" data-sourcepos=\"13:1-13:360\">Adem\u00e1s, facilitar\u00e1n informaci\u00f3n sobre la ubicaci\u00f3n de sitios de inter\u00e9s en la red carretera y proporcionar\u00e1n n\u00fameros telef\u00f3nicos de emergencia.<\/p>\n<p>&nbsp;<\/p>\n<p style=\"text-align: justify;\" data-sourcepos=\"15:1-15:304\">El personal de las brigadas cuenta con conocimientos b\u00e1sicos de mec\u00e1nica automotriz, est\u00e1 debidamente uniformado e identificado, y los veh\u00edculos est\u00e1n equipados con botiqu\u00edn de Primeros Auxilios, cables pasa corriente y herramientas b\u00e1sicas, adem\u00e1s de estar se\u00f1alizados con una manta alusiva al programa.<\/p>\n<p>&nbsp;<\/p>\n<p style=\"text-align: justify;\" data-sourcepos=\"17:1-17:417\">Para una atenci\u00f3n integral, la SICT mantiene coordinaci\u00f3n con la Guardia Nacional, Protecci\u00f3n Civil y los gobiernos estatales.<\/p>\n<p>&nbsp;<\/p>\n<p style=\"text-align: justify;\" data-sourcepos=\"17:1-17:417\">La dependencia recomienda a los viajeros verificar el estado mec\u00e1nico de sus veh\u00edculos antes de salir a carretera, revisando llantas y niveles de l\u00edquidos, as\u00ed como evitar el uso del celular al conducir, respetar los l\u00edmites de velocidad y no manejar cansado o bajo los efectos del alcohol.<\/p>\n<p>&nbsp;<\/p>\n<p style=\"text-align: justify;\" data-sourcepos=\"19:1-19:372\">Por otro lado, la Direcci\u00f3n General de Autotransporte Federal de la SICT ha implementado operativos de revisi\u00f3n y supervisi\u00f3n en los 44 mil 600 kil\u00f3metros de carreteras federales libres de peaje.<\/p>\n<p>&nbsp;<\/p>\n<p style=\"text-align: justify;\" data-sourcepos=\"21:1-21:382\">Adicionalmente, se recomienda a los usuarios de los aeropuertos del pa\u00eds utilizar exclusivamente taxis y autobuses debidamente autorizados.<\/p>\n<p>&nbsp;<\/p>\n<p style=\"text-align: justify;\" data-sourcepos=\"21:1-21:382\">La SICT pone a disposici\u00f3n de los vacacionistas los siguientes n\u00fameros de emergencia: 911, CAPUFE (074), Cruz Roja (55 53 95 11 11), Guardia Nacional (088), Denuncia An\u00f3nima (089), Locatel (55 56 58 11 11) y Protecci\u00f3n Civil (55 51 28 00 00).<\/p>\n<p>&nbsp;<\/p>\n<p style=\"text-align: center;\" data-sourcepos=\"21:1-21:382\"><em><strong>\u00a1Informaci\u00f3n que transforma!<\/strong><\/em><\/p>\n","protected":false},"excerpt":{"rendered":"<p>Para garantizar un viaje seguro y sin contratiempos durante el periodo vacacional de Semana Santa 2025 (del 11 al 27 de abril), la Secretar\u00eda de Infraestructura, Comunicaciones y Transportes (SICT) ha desplegado 70 brigadas de Auxilio Vial en las principales carreteras federales libres de peaje de todo el pa\u00eds.<\/p>\n","protected":false},"author":3,"featured_media":14255,"comment_status":"open","ping_status":"open","sticky":false,"template":"","format":"standard","meta":{"footnotes":""},"categories":[88,58],"tags":[4185,4052,4186,3289],"class_list":["post-14254","post","type-post","status-publish","format-standard","has-post-thumbnail","hentry","category-nacional","category-ultima-hora","tag-auxiliovialsict","tag-semanasantasegura","tag-sictcontigo","tag-viajapormexico"],"yoast_head":"<!-- This site is optimized with the Yoast SEO plugin v25.0 - https:\/\/yoast.com\/wordpress\/plugins\/seo\/ -->\n<title>Viaja seguro SICT despliega brigadas de auxilio vial en carreteras por Semana Santa | Nexo Informativo Santiago de Quer\u00e9taro<\/title>\n<meta name=\"description\" content=\"Viaja seguro SICT despliega brigadas de auxilio vial en carreteras por Semana Santa\" \/>\n<meta name=\"robots\" content=\"index, follow, max-snippet:-1, max-image-preview:large, max-video-preview:-1\" \/>\n<link rel=\"canonical\" href=\"https:\/\/www.nexoinformativo.mx\/index.php\/2025\/04\/17\/viaja-seguro-sict-despliega-brigadas-de-auxilio-vial-en-carreteras-por-semana-santa\/\" \/>\n<meta property=\"og:locale\" content=\"es_MX\" \/>\n<meta property=\"og:type\" content=\"article\" \/>\n<meta property=\"og:title\" content=\"Viaja seguro SICT despliega brigadas de auxilio vial en carreteras por Semana Santa | Nexo Informativo Santiago de Quer\u00e9taro\" \/>\n<meta property=\"og:description\" content=\"Viaja seguro SICT despliega brigadas de auxilio vial en carreteras por Semana Santa\" \/>\n<meta property=\"og:url\" content=\"https:\/\/www.nexoinformativo.mx\/index.php\/2025\/04\/17\/viaja-seguro-sict-despliega-brigadas-de-auxilio-vial-en-carreteras-por-semana-santa\/\" \/>\n<meta property=\"og:site_name\" content=\"Nexo Informativo Santiago de Quer\u00e9taro\" \/>\n<meta property=\"article:publisher\" content=\"https:\/\/www.facebook.com\/people\/Nexo-Informativo\/61564066885511\/\" \/>\n<meta property=\"article:published_time\" content=\"2025-04-17T15:00:50+00:00\" \/>\n<meta property=\"article:modified_time\" content=\"2025-04-17T17:49:05+00:00\" \/>\n<meta property=\"og:image\" content=\"https:\/\/www.nexoinformativo.mx\/wp-content\/uploads\/2025\/04\/IMG_2294.jpg\" \/>\n\t<meta property=\"og:image:width\" content=\"650\" \/>\n\t<meta property=\"og:image:height\" content=\"380\" \/>\n\t<meta property=\"og:image:type\" content=\"image\/jpeg\" \/>\n<meta name=\"author\" content=\"Nexo Informativo\" \/>\n<meta name=\"twitter:card\" content=\"summary_large_image\" \/>\n<meta name=\"twitter:label1\" content=\"Escrito por\" \/>\n\t<meta name=\"twitter:data1\" content=\"Nexo Informativo\" \/>\n\t<meta name=\"twitter:label2\" content=\"Tiempo de lectura\" \/>\n\t<meta name=\"twitter:data2\" content=\"2 minutos\" \/>\n<script type=\"application\/ld+json\" class=\"yoast-schema-graph\">{\"@context\":\"https:\/\/schema.org\",\"@graph\":[{\"@type\":\"Article\",\"@id\":\"https:\/\/www.nexoinformativo.mx\/index.php\/2025\/04\/17\/viaja-seguro-sict-despliega-brigadas-de-auxilio-vial-en-carreteras-por-semana-santa\/#article\",\"isPartOf\":{\"@id\":\"https:\/\/www.nexoinformativo.mx\/index.php\/2025\/04\/17\/viaja-seguro-sict-despliega-brigadas-de-auxilio-vial-en-carreteras-por-semana-santa\/\"},\"author\":{\"name\":\"Nexo Informativo\",\"@id\":\"https:\/\/www.nexoinformativo.mx\/#\/schema\/person\/7749d380ba08c8ca00d7bc76fd907b7d\"},\"headline\":\"Viaja seguro SICT despliega brigadas de auxilio vial en carreteras por Semana Santa\",\"datePublished\":\"2025-04-17T15:00:50+00:00\",\"dateModified\":\"2025-04-17T17:49:05+00:00\",\"mainEntityOfPage\":{\"@id\":\"https:\/\/www.nexoinformativo.mx\/index.php\/2025\/04\/17\/viaja-seguro-sict-despliega-brigadas-de-auxilio-vial-en-carreteras-por-semana-santa\/\"},\"wordCount\":342,\"commentCount\":0,\"publisher\":{\"@id\":\"https:\/\/www.nexoinformativo.mx\/#organization\"},\"image\":{\"@id\":\"https:\/\/www.nexoinformativo.mx\/index.php\/2025\/04\/17\/viaja-seguro-sict-despliega-brigadas-de-auxilio-vial-en-carreteras-por-semana-santa\/#primaryimage\"},\"thumbnailUrl\":\"https:\/\/www.nexoinformativo.mx\/wp-content\/uploads\/2025\/04\/IMG_2294.jpg\",\"keywords\":[\"AuxilioVialSICT\",\"SemanaSantaSegura\",\"SICTContigo\",\"ViajaPorM\u00e9xico\"],\"articleSection\":[\"Nacional\",\"\u00daltima Hora\"],\"inLanguage\":\"es\",\"potentialAction\":[{\"@type\":\"CommentAction\",\"name\":\"Comment\",\"target\":[\"https:\/\/www.nexoinformativo.mx\/index.php\/2025\/04\/17\/viaja-seguro-sict-despliega-brigadas-de-auxilio-vial-en-carreteras-por-semana-santa\/#respond\"]}]},{\"@type\":\"WebPage\",\"@id\":\"https:\/\/www.nexoinformativo.mx\/index.php\/2025\/04\/17\/viaja-seguro-sict-despliega-brigadas-de-auxilio-vial-en-carreteras-por-semana-santa\/\",\"url\":\"https:\/\/www.nexoinformativo.mx\/index.php\/2025\/04\/17\/viaja-seguro-sict-despliega-brigadas-de-auxilio-vial-en-carreteras-por-semana-santa\/\",\"name\":\"Viaja seguro SICT despliega brigadas de auxilio vial en carreteras por Semana Santa | Nexo Informativo Santiago de Quer\u00e9taro\",\"isPartOf\":{\"@id\":\"https:\/\/www.nexoinformativo.mx\/#website\"},\"primaryImageOfPage\":{\"@id\":\"https:\/\/www.nexoinformativo.mx\/index.php\/2025\/04\/17\/viaja-seguro-sict-despliega-brigadas-de-auxilio-vial-en-carreteras-por-semana-santa\/#primaryimage\"},\"image\":{\"@id\":\"https:\/\/www.nexoinformativo.mx\/index.php\/2025\/04\/17\/viaja-seguro-sict-despliega-brigadas-de-auxilio-vial-en-carreteras-por-semana-santa\/#primaryimage\"},\"thumbnailUrl\":\"https:\/\/www.nexoinformativo.mx\/wp-content\/uploads\/2025\/04\/IMG_2294.jpg\",\"datePublished\":\"2025-04-17T15:00:50+00:00\",\"dateModified\":\"2025-04-17T17:49:05+00:00\",\"description\":\"Viaja seguro SICT despliega brigadas de auxilio vial en carreteras por Semana Santa\",\"breadcrumb\":{\"@id\":\"https:\/\/www.nexoinformativo.mx\/index.php\/2025\/04\/17\/viaja-seguro-sict-despliega-brigadas-de-auxilio-vial-en-carreteras-por-semana-santa\/#breadcrumb\"},\"inLanguage\":\"es\",\"potentialAction\":[{\"@type\":\"ReadAction\",\"target\":[\"https:\/\/www.nexoinformativo.mx\/index.php\/2025\/04\/17\/viaja-seguro-sict-despliega-brigadas-de-auxilio-vial-en-carreteras-por-semana-santa\/\"]}]},{\"@type\":\"ImageObject\",\"inLanguage\":\"es\",\"@id\":\"https:\/\/www.nexoinformativo.mx\/index.php\/2025\/04\/17\/viaja-seguro-sict-despliega-brigadas-de-auxilio-vial-en-carreteras-por-semana-santa\/#primaryimage\",\"url\":\"https:\/\/www.nexoinformativo.mx\/wp-content\/uploads\/2025\/04\/IMG_2294.jpg\",\"contentUrl\":\"https:\/\/www.nexoinformativo.mx\/wp-content\/uploads\/2025\/04\/IMG_2294.jpg\",\"width\":650,\"height\":380},{\"@type\":\"BreadcrumbList\",\"@id\":\"https:\/\/www.nexoinformativo.mx\/index.php\/2025\/04\/17\/viaja-seguro-sict-despliega-brigadas-de-auxilio-vial-en-carreteras-por-semana-santa\/#breadcrumb\",\"itemListElement\":[{\"@type\":\"ListItem\",\"position\":1,\"name\":\"Inicio\",\"item\":\"https:\/\/www.nexoinformativo.mx\/\"},{\"@type\":\"ListItem\",\"position\":2,\"name\":\"Viaja seguro SICT despliega brigadas de auxilio vial en carreteras por Semana Santa\"}]},{\"@type\":\"WebSite\",\"@id\":\"https:\/\/www.nexoinformativo.mx\/#website\",\"url\":\"https:\/\/www.nexoinformativo.mx\/\",\"name\":\"Nexo Informativo Santiago de Quer\u00e9taro\",\"description\":\"Explora NexoInformativo y convi\u00e9rtete en parte de una comunidad que valora el conocimiento y la verdad. Tu nexoinformativo es tu puente hacia una comprensi\u00f3n m\u00e1s profunda del mundo que te rodea.\",\"publisher\":{\"@id\":\"https:\/\/www.nexoinformativo.mx\/#organization\"},\"potentialAction\":[{\"@type\":\"SearchAction\",\"target\":{\"@type\":\"EntryPoint\",\"urlTemplate\":\"https:\/\/www.nexoinformativo.mx\/?s={search_term_string}\"},\"query-input\":{\"@type\":\"PropertyValueSpecification\",\"valueRequired\":true,\"valueName\":\"search_term_string\"}}],\"inLanguage\":\"es\"},{\"@type\":\"Organization\",\"@id\":\"https:\/\/www.nexoinformativo.mx\/#organization\",\"name\":\"Nexo Informativo Santiago de Quer\u00e9taro\",\"url\":\"https:\/\/www.nexoinformativo.mx\/\",\"logo\":{\"@type\":\"ImageObject\",\"inLanguage\":\"es\",\"@id\":\"https:\/\/www.nexoinformativo.mx\/#\/schema\/logo\/image\/\",\"url\":\"https:\/\/www.nexoinformativo.mx\/wp-content\/uploads\/2024\/07\/nexoi-trasparente-2.png\",\"contentUrl\":\"https:\/\/www.nexoinformativo.mx\/wp-content\/uploads\/2024\/07\/nexoi-trasparente-2.png\",\"width\":816,\"height\":339,\"caption\":\"Nexo Informativo Santiago de Quer\u00e9taro\"},\"image\":{\"@id\":\"https:\/\/www.nexoinformativo.mx\/#\/schema\/logo\/image\/\"},\"sameAs\":[\"https:\/\/www.facebook.com\/people\/Nexo-Informativo\/61564066885511\/\"]},{\"@type\":\"Person\",\"@id\":\"https:\/\/www.nexoinformativo.mx\/#\/schema\/person\/7749d380ba08c8ca00d7bc76fd907b7d\",\"name\":\"Nexo Informativo\",\"image\":{\"@type\":\"ImageObject\",\"inLanguage\":\"es\",\"@id\":\"https:\/\/www.nexoinformativo.mx\/#\/schema\/person\/image\/\",\"url\":\"https:\/\/secure.gravatar.com\/avatar\/dde2928154642a13d95f87ddf1ea9718fe2b46760a005c53e41ff5ad610704e6?s=96&d=mm&r=g\",\"contentUrl\":\"https:\/\/secure.gravatar.com\/avatar\/dde2928154642a13d95f87ddf1ea9718fe2b46760a005c53e41ff5ad610704e6?s=96&d=mm&r=g\",\"caption\":\"Nexo Informativo\"},\"url\":\"https:\/\/www.nexoinformativo.mx\/index.php\/author\/edicion\/\"}]}<\/script>\n<!-- \/ Yoast SEO plugin. -->","yoast_head_json":{"title":"Viaja seguro SICT despliega brigadas de auxilio vial en carreteras por Semana Santa | Nexo Informativo Santiago de Quer\u00e9taro","description":"Viaja seguro SICT despliega brigadas de auxilio vial en carreteras por Semana Santa","robots":{"index":"index","follow":"follow","max-snippet":"max-snippet:-1","max-image-preview":"max-image-preview:large","max-video-preview":"max-video-preview:-1"},"canonical":"https:\/\/www.nexoinformativo.mx\/index.php\/2025\/04\/17\/viaja-seguro-sict-despliega-brigadas-de-auxilio-vial-en-carreteras-por-semana-santa\/","og_locale":"es_MX","og_type":"article","og_title":"Viaja seguro SICT despliega brigadas de auxilio vial en carreteras por Semana Santa | Nexo Informativo Santiago de Quer\u00e9taro","og_description":"Viaja seguro SICT despliega brigadas de auxilio vial en carreteras por Semana Santa","og_url":"https:\/\/www.nexoinformativo.mx\/index.php\/2025\/04\/17\/viaja-seguro-sict-despliega-brigadas-de-auxilio-vial-en-carreteras-por-semana-santa\/","og_site_name":"Nexo Informativo Santiago de Quer\u00e9taro","article_publisher":"https:\/\/www.facebook.com\/people\/Nexo-Informativo\/61564066885511\/","article_published_time":"2025-04-17T15:00:50+00:00","article_modified_time":"2025-04-17T17:49:05+00:00","og_image":[{"width":650,"height":380,"url":"https:\/\/www.nexoinformativo.mx\/wp-content\/uploads\/2025\/04\/IMG_2294.jpg","type":"image\/jpeg"}],"author":"Nexo Informativo","twitter_card":"summary_large_image","twitter_misc":{"Escrito por":"Nexo Informativo","Tiempo de lectura":"2 minutos"},"schema":{"@context":"https:\/\/schema.org","@graph":[{"@type":"Article","@id":"https:\/\/www.nexoinformativo.mx\/index.php\/2025\/04\/17\/viaja-seguro-sict-despliega-brigadas-de-auxilio-vial-en-carreteras-por-semana-santa\/#article","isPartOf":{"@id":"https:\/\/www.nexoinformativo.mx\/index.php\/2025\/04\/17\/viaja-seguro-sict-despliega-brigadas-de-auxilio-vial-en-carreteras-por-semana-santa\/"},"author":{"name":"Nexo Informativo","@id":"https:\/\/www.nexoinformativo.mx\/#\/schema\/person\/7749d380ba08c8ca00d7bc76fd907b7d"},"headline":"Viaja seguro SICT despliega brigadas de auxilio vial en carreteras por Semana Santa","datePublished":"2025-04-17T15:00:50+00:00","dateModified":"2025-04-17T17:49:05+00:00","mainEntityOfPage":{"@id":"https:\/\/www.nexoinformativo.mx\/index.php\/2025\/04\/17\/viaja-seguro-sict-despliega-brigadas-de-auxilio-vial-en-carreteras-por-semana-santa\/"},"wordCount":342,"commentCount":0,"publisher":{"@id":"https:\/\/www.nexoinformativo.mx\/#organization"},"image":{"@id":"https:\/\/www.nexoinformativo.mx\/index.php\/2025\/04\/17\/viaja-seguro-sict-despliega-brigadas-de-auxilio-vial-en-carreteras-por-semana-santa\/#primaryimage"},"thumbnailUrl":"https:\/\/www.nexoinformativo.mx\/wp-content\/uploads\/2025\/04\/IMG_2294.jpg","keywords":["AuxilioVialSICT","SemanaSantaSegura","SICTContigo","ViajaPorM\u00e9xico"],"articleSection":["Nacional","\u00daltima Hora"],"inLanguage":"es","potentialAction":[{"@type":"CommentAction","name":"Comment","target":["https:\/\/www.nexoinformativo.mx\/index.php\/2025\/04\/17\/viaja-seguro-sict-despliega-brigadas-de-auxilio-vial-en-carreteras-por-semana-santa\/#respond"]}]},{"@type":"WebPage","@id":"https:\/\/www.nexoinformativo.mx\/index.php\/2025\/04\/17\/viaja-seguro-sict-despliega-brigadas-de-auxilio-vial-en-carreteras-por-semana-santa\/","url":"https:\/\/www.nexoinformativo.mx\/index.php\/2025\/04\/17\/viaja-seguro-sict-despliega-brigadas-de-auxilio-vial-en-carreteras-por-semana-santa\/","name":"Viaja seguro SICT despliega brigadas de auxilio vial en carreteras por Semana Santa | Nexo Informativo Santiago de Quer\u00e9taro","isPartOf":{"@id":"https:\/\/www.nexoinformativo.mx\/#website"},"primaryImageOfPage":{"@id":"https:\/\/www.nexoinformativo.mx\/index.php\/2025\/04\/17\/viaja-seguro-sict-despliega-brigadas-de-auxilio-vial-en-carreteras-por-semana-santa\/#primaryimage"},"image":{"@id":"https:\/\/www.nexoinformativo.mx\/index.php\/2025\/04\/17\/viaja-seguro-sict-despliega-brigadas-de-auxilio-vial-en-carreteras-por-semana-santa\/#primaryimage"},"thumbnailUrl":"https:\/\/www.nexoinformativo.mx\/wp-content\/uploads\/2025\/04\/IMG_2294.jpg","datePublished":"2025-04-17T15:00:50+00:00","dateModified":"2025-04-17T17:49:05+00:00","description":"Viaja seguro SICT despliega brigadas de auxilio vial en carreteras por Semana Santa","breadcrumb":{"@id":"https:\/\/www.nexoinformativo.mx\/index.php\/2025\/04\/17\/viaja-seguro-sict-despliega-brigadas-de-auxilio-vial-en-carreteras-por-semana-santa\/#breadcrumb"},"inLanguage":"es","potentialAction":[{"@type":"ReadAction","target":["https:\/\/www.nexoinformativo.mx\/index.php\/2025\/04\/17\/viaja-seguro-sict-despliega-brigadas-de-auxilio-vial-en-carreteras-por-semana-santa\/"]}]},{"@type":"ImageObject","inLanguage":"es","@id":"https:\/\/www.nexoinformativo.mx\/index.php\/2025\/04\/17\/viaja-seguro-sict-despliega-brigadas-de-auxilio-vial-en-carreteras-por-semana-santa\/#primaryimage","url":"https:\/\/www.nexoinformativo.mx\/wp-content\/uploads\/2025\/04\/IMG_2294.jpg","contentUrl":"https:\/\/www.nexoinformativo.mx\/wp-content\/uploads\/2025\/04\/IMG_2294.jpg","width":650,"height":380},{"@type":"BreadcrumbList","@id":"https:\/\/www.nexoinformativo.mx\/index.php\/2025\/04\/17\/viaja-seguro-sict-despliega-brigadas-de-auxilio-vial-en-carreteras-por-semana-santa\/#breadcrumb","itemListElement":[{"@type":"ListItem","position":1,"name":"Inicio","item":"https:\/\/www.nexoinformativo.mx\/"},{"@type":"ListItem","position":2,"name":"Viaja seguro SICT despliega brigadas de auxilio vial en carreteras por Semana Santa"}]},{"@type":"WebSite","@id":"https:\/\/www.nexoinformativo.mx\/#website","url":"https:\/\/www.nexoinformativo.mx\/","name":"Nexo Informativo Santiago de Quer\u00e9taro","description":"Explora NexoInformativo y convi\u00e9rtete en parte de una comunidad que valora el conocimiento y la verdad. Tu nexoinformativo es tu puente hacia una comprensi\u00f3n m\u00e1s profunda del mundo que te rodea.","publisher":{"@id":"https:\/\/www.nexoinformativo.mx\/#organization"},"potentialAction":[{"@type":"SearchAction","target":{"@type":"EntryPoint","urlTemplate":"https:\/\/www.nexoinformativo.mx\/?s={search_term_string}"},"query-input":{"@type":"PropertyValueSpecification","valueRequired":true,"valueName":"search_term_string"}}],"inLanguage":"es"},{"@type":"Organization","@id":"https:\/\/www.nexoinformativo.mx\/#organization","name":"Nexo Informativo Santiago de Quer\u00e9taro","url":"https:\/\/www.nexoinformativo.mx\/","logo":{"@type":"ImageObject","inLanguage":"es","@id":"https:\/\/www.nexoinformativo.mx\/#\/schema\/logo\/image\/","url":"https:\/\/www.nexoinformativo.mx\/wp-content\/uploads\/2024\/07\/nexoi-trasparente-2.png","contentUrl":"https:\/\/www.nexoinformativo.mx\/wp-content\/uploads\/2024\/07\/nexoi-trasparente-2.png","width":816,"height":339,"caption":"Nexo Informativo Santiago de Quer\u00e9taro"},"image":{"@id":"https:\/\/www.nexoinformativo.mx\/#\/schema\/logo\/image\/"},"sameAs":["https:\/\/www.facebook.com\/people\/Nexo-Informativo\/61564066885511\/"]},{"@type":"Person","@id":"https:\/\/www.nexoinformativo.mx\/#\/schema\/person\/7749d380ba08c8ca00d7bc76fd907b7d","name":"Nexo Informativo","image":{"@type":"ImageObject","inLanguage":"es","@id":"https:\/\/www.nexoinformativo.mx\/#\/schema\/person\/image\/","url":"https:\/\/secure.gravatar.com\/avatar\/dde2928154642a13d95f87ddf1ea9718fe2b46760a005c53e41ff5ad610704e6?s=96&d=mm&r=g","contentUrl":"https:\/\/secure.gravatar.com\/avatar\/dde2928154642a13d95f87ddf1ea9718fe2b46760a005c53e41ff5ad610704e6?s=96&d=mm&r=g","caption":"Nexo Informativo"},"url":"https:\/\/www.nexoinformativo.mx\/index.php\/author\/edicion\/"}]}},"_links":{"self":[{"href":"https:\/\/www.nexoinformativo.mx\/index.php\/wp-json\/wp\/v2\/posts\/14254","targetHints":{"allow":["GET"]}}],"collection":[{"href":"https:\/\/www.nexoinformativo.mx\/index.php\/wp-json\/wp\/v2\/posts"}],"about":[{"href":"https:\/\/www.nexoinformativo.mx\/index.php\/wp-json\/wp\/v2\/types\/post"}],"author":[{"embeddable":true,"href":"https:\/\/www.nexoinformativo.mx\/index.php\/wp-json\/wp\/v2\/users\/3"}],"replies":[{"embeddable":true,"href":"https:\/\/www.nexoinformativo.mx\/index.php\/wp-json\/wp\/v2\/comments?post=14254"}],"version-history":[{"count":4,"href":"https:\/\/www.nexoinformativo.mx\/index.php\/wp-json\/wp\/v2\/posts\/14254\/revisions"}],"predecessor-version":[{"id":14259,"href":"https:\/\/www.nexoinformativo.mx\/index.php\/wp-json\/wp\/v2\/posts\/14254\/revisions\/14259"}],"wp:featuredmedia":[{"embeddable":true,"href":"https:\/\/www.nexoinformativo.mx\/index.php\/wp-json\/wp\/v2\/media\/14255"}],"wp:attachment":[{"href":"https:\/\/www.nexoinformativo.mx\/index.php\/wp-json\/wp\/v2\/media?parent=14254"}],"wp:term":[{"taxonomy":"category","embeddable":true,"href":"https:\/\/www.nexoinformativo.mx\/index.php\/wp-json\/wp\/v2\/categories?post=14254"},{"taxonomy":"post_tag","embeddable":true,"href":"https:\/\/www.nexoinformativo.mx\/index.php\/wp-json\/wp\/v2\/tags?post=14254"}],"curies":[{"name":"wp","href":"https:\/\/api.w.org\/{rel}","templated":true}]}}