{"id":1426,"date":"2024-09-02T09:00:31","date_gmt":"2024-09-02T15:00:31","guid":{"rendered":"https:\/\/www.nexoinformativo.mx\/?p=1426"},"modified":"2024-09-02T13:33:42","modified_gmt":"2024-09-02T19:33:42","slug":"inicia-la-campana-septiembre-mes-del-testamento-en-queretaro-seguridad-juridica-y-paz-para-las-familias","status":"publish","type":"post","link":"https:\/\/www.nexoinformativo.mx\/index.php\/2024\/09\/02\/inicia-la-campana-septiembre-mes-del-testamento-en-queretaro-seguridad-juridica-y-paz-para-las-familias\/","title":{"rendered":"Inicia la campa\u00f1a &#8220;Septiembre Mes del Testamento&#8221; en Quer\u00e9taro"},"content":{"rendered":"<p style=\"text-align: justify;\">La campa\u00f1a &#8220;Septiembre, Mes del Testamento&#8221; ha comenzado en Quer\u00e9taro, una iniciativa que busca dar certeza jur\u00eddica a las familias sobre su patrimonio. Federico de los Cobos y Vega, subsecretario de Gobierno, encabez\u00f3 el arranque de esta campa\u00f1a, destacando que \u201cel mejor acto de amor y tranquilidad que puedes dejarle a tu familia es tu testamento\u201d. Este programa, de alcance nacional, cobra especial relevancia en Quer\u00e9taro gracias a la calidad del servicio ofrecido por el Consejo de Notarios del Estado, presidido por Carlos Altamirano Alcocer.<\/p>\n<p>&nbsp;<\/p>\n<h3><strong>Participaci\u00f3n del notariado Queretano: Garantes de la voluntad del testador<\/strong><\/h3>\n<p>&nbsp;<\/p>\n<p style=\"text-align: justify;\">Federico de los Cobos subray\u00f3 la importancia de la colaboraci\u00f3n del notariado queretano en esta campa\u00f1a. Los notarios, como garantes de la voluntad del testador, son fundamentales no solo para proteger los bienes de las personas, sino tambi\u00e9n su legado y la paz familiar. Adem\u00e1s, su papel incluye brindar una atenci\u00f3n cercana y explicar detalladamente todos los alcances jur\u00eddicos del testamento para que los ciudadanos tomen decisiones informadas.<\/p>\n<p style=\"text-align: justify;\">Carlos Altamirano Alcocer, presidente del Consejo de Notarios del Estado de Quer\u00e9taro, se\u00f1al\u00f3 que esta campa\u00f1a es una tradici\u00f3n impulsada por la Secretar\u00eda de Gobernaci\u00f3n en coordinaci\u00f3n con el Gobierno del Estado. En este sentido, destac\u00f3 que la administraci\u00f3n del gobernador Mauricio Kuri Gonz\u00e1lez ha creado las condiciones necesarias para que los notarios sigan promoviendo la cultura del testamento, brindando seguridad jur\u00eddica a las familias queretanas.<\/p>\n<p>&nbsp;<\/p>\n<h3><strong>Beneficios y descuentos para la elaboraci\u00f3n de testamentos<\/strong><\/h3>\n<p>&nbsp;<\/p>\n<p style=\"text-align: justify;\">Durante la campa\u00f1a &#8220;Septiembre, Mes del Testamento&#8221;, las 115 notar\u00edas de Quer\u00e9taro ofrecer\u00e1n un 50% de descuento en los honorarios notariales, adem\u00e1s de la condonaci\u00f3n del pago de derechos por la inscripci\u00f3n del aviso de testamento en el Archivo General de Notar\u00edas. Esto significa que el costo total del tr\u00e1mite ser\u00e1 de solo 2,500 pesos, incluido el IVA. Adem\u00e1s, todas las notar\u00edas ofrecer\u00e1n asesor\u00edas gratuitas a quienes deseen inscribir su testamento, y algunas incluso operar\u00e1n los s\u00e1bados y domingos para mayor comodidad de los ciudadanos.<\/p>\n<p>&nbsp;<\/p>\n<h3><strong>El Testamento: Un acto de madurez y responsabilidad<\/strong><\/h3>\n<p>&nbsp;<\/p>\n<p style=\"text-align: justify;\">Altamirano Alcocer destac\u00f3 que el testamento es un acto personal, revocable y libre, mediante el cual una persona dispone de sus bienes y derechos, adem\u00e1s de cumplir deberes. <strong>&#8220;El testamento es un acto de congruencia y responsabilidad; es una forma de perpetuar el afecto y el cari\u00f1o a la familia, lo m\u00e1s importante que tenemos, basado en la cultura de la previsi\u00f3n&#8221;<\/strong>, coment\u00f3.<\/p>\n<p>&nbsp;<\/p>\n<p style=\"text-align: justify;\">Esta campa\u00f1a busca fomentar una cultura de previsi\u00f3n en la que el titular de un patrimonio decida de manera informada el destino de sus bienes, asegurando una transmisi\u00f3n ordenada y pac\u00edfica.<\/p>\n","protected":false},"excerpt":{"rendered":"<p>La campa\u00f1a &#8220;Septiembre, Mes del Testamento&#8221; ha comenzado en Quer\u00e9taro, una iniciativa que busca dar certeza jur\u00eddica a las familias sobre su patrimonio. Federico de los Cobos y Vega, subsecretario de Gobierno, encabez\u00f3 el arranque de esta campa\u00f1a, destacando que \u201cel mejor acto de amor y tranquilidad que puedes dejarle a tu familia es tu testamento\u201d. Este programa, de alcance nacional, cobra especial relevancia en Quer\u00e9taro gracias a la calidad del servicio ofrecido por el Consejo de Notarios del Estado, presidido por Carlos Altamirano Alcocer.<\/p>\n","protected":false},"author":3,"featured_media":1429,"comment_status":"open","ping_status":"open","sticky":false,"template":"","format":"standard","meta":{"footnotes":""},"categories":[42,58],"tags":[426,429,428,242,427],"class_list":["post-1426","post","type-post","status-publish","format-standard","has-post-thumbnail","hentry","category-estado","category-ultima-hora","tag-mesdeltestamento","tag-patrimoniofamiliar","tag-protegetulegado","tag-queretaroseguro","tag-testamento2024"],"yoast_head":"<!-- This site is optimized with the Yoast SEO plugin v25.0 - https:\/\/yoast.com\/wordpress\/plugins\/seo\/ -->\n<title>Inicia la campa\u00f1a &quot;Septiembre Mes del Testamento&quot; en Quer\u00e9taro | Nexo Informativo Santiago de Quer\u00e9taro<\/title>\n<meta name=\"description\" content=\"Inicia la campa\u00f1a &quot;Septiembre Mes del Testamento&quot; en Quer\u00e9taro\" \/>\n<meta name=\"robots\" content=\"index, follow, max-snippet:-1, max-image-preview:large, max-video-preview:-1\" \/>\n<link rel=\"canonical\" href=\"https:\/\/www.nexoinformativo.mx\/index.php\/2024\/09\/02\/inicia-la-campana-septiembre-mes-del-testamento-en-queretaro-seguridad-juridica-y-paz-para-las-familias\/\" \/>\n<meta property=\"og:locale\" content=\"es_MX\" \/>\n<meta property=\"og:type\" content=\"article\" \/>\n<meta property=\"og:title\" content=\"Inicia la campa\u00f1a &quot;Septiembre Mes del Testamento&quot; en Quer\u00e9taro | Nexo Informativo Santiago de Quer\u00e9taro\" \/>\n<meta property=\"og:description\" content=\"Inicia la campa\u00f1a &quot;Septiembre Mes del Testamento&quot; en Quer\u00e9taro\" \/>\n<meta property=\"og:url\" content=\"https:\/\/www.nexoinformativo.mx\/index.php\/2024\/09\/02\/inicia-la-campana-septiembre-mes-del-testamento-en-queretaro-seguridad-juridica-y-paz-para-las-familias\/\" \/>\n<meta property=\"og:site_name\" content=\"Nexo Informativo Santiago de Quer\u00e9taro\" \/>\n<meta property=\"article:publisher\" content=\"https:\/\/www.facebook.com\/people\/Nexo-Informativo\/61564066885511\/\" \/>\n<meta property=\"article:published_time\" content=\"2024-09-02T15:00:31+00:00\" \/>\n<meta property=\"article:modified_time\" content=\"2024-09-02T19:33:42+00:00\" \/>\n<meta property=\"og:image\" content=\"https:\/\/www.nexoinformativo.mx\/wp-content\/uploads\/2024\/09\/PHOTO-2024-09-02-11-20-26-e1725300185893.jpg\" \/>\n\t<meta property=\"og:image:width\" content=\"800\" \/>\n\t<meta property=\"og:image:height\" content=\"533\" \/>\n\t<meta property=\"og:image:type\" content=\"image\/jpeg\" \/>\n<meta name=\"author\" content=\"Nexo Informativo\" \/>\n<meta name=\"twitter:card\" content=\"summary_large_image\" \/>\n<meta name=\"twitter:label1\" content=\"Escrito por\" \/>\n\t<meta name=\"twitter:data1\" content=\"Nexo Informativo\" \/>\n\t<meta name=\"twitter:label2\" content=\"Tiempo de lectura\" \/>\n\t<meta name=\"twitter:data2\" content=\"3 minutos\" \/>\n<script type=\"application\/ld+json\" class=\"yoast-schema-graph\">{\"@context\":\"https:\/\/schema.org\",\"@graph\":[{\"@type\":\"Article\",\"@id\":\"https:\/\/www.nexoinformativo.mx\/index.php\/2024\/09\/02\/inicia-la-campana-septiembre-mes-del-testamento-en-queretaro-seguridad-juridica-y-paz-para-las-familias\/#article\",\"isPartOf\":{\"@id\":\"https:\/\/www.nexoinformativo.mx\/index.php\/2024\/09\/02\/inicia-la-campana-septiembre-mes-del-testamento-en-queretaro-seguridad-juridica-y-paz-para-las-familias\/\"},\"author\":{\"name\":\"Nexo Informativo\",\"@id\":\"https:\/\/www.nexoinformativo.mx\/#\/schema\/person\/7749d380ba08c8ca00d7bc76fd907b7d\"},\"headline\":\"Inicia la campa\u00f1a &#8220;Septiembre Mes del Testamento&#8221; en Quer\u00e9taro\",\"datePublished\":\"2024-09-02T15:00:31+00:00\",\"dateModified\":\"2024-09-02T19:33:42+00:00\",\"mainEntityOfPage\":{\"@id\":\"https:\/\/www.nexoinformativo.mx\/index.php\/2024\/09\/02\/inicia-la-campana-septiembre-mes-del-testamento-en-queretaro-seguridad-juridica-y-paz-para-las-familias\/\"},\"wordCount\":485,\"commentCount\":0,\"publisher\":{\"@id\":\"https:\/\/www.nexoinformativo.mx\/#organization\"},\"image\":{\"@id\":\"https:\/\/www.nexoinformativo.mx\/index.php\/2024\/09\/02\/inicia-la-campana-septiembre-mes-del-testamento-en-queretaro-seguridad-juridica-y-paz-para-las-familias\/#primaryimage\"},\"thumbnailUrl\":\"https:\/\/www.nexoinformativo.mx\/wp-content\/uploads\/2024\/09\/PHOTO-2024-09-02-11-20-26-e1725300185893.jpg\",\"keywords\":[\"MesDelTestamento\",\"PatrimonioFamiliar\",\"ProtegeTuLegado\",\"QueretaroSeguro\",\"Testamento2024\"],\"articleSection\":[\"Estado\",\"\u00daltima Hora\"],\"inLanguage\":\"es\",\"potentialAction\":[{\"@type\":\"CommentAction\",\"name\":\"Comment\",\"target\":[\"https:\/\/www.nexoinformativo.mx\/index.php\/2024\/09\/02\/inicia-la-campana-septiembre-mes-del-testamento-en-queretaro-seguridad-juridica-y-paz-para-las-familias\/#respond\"]}]},{\"@type\":\"WebPage\",\"@id\":\"https:\/\/www.nexoinformativo.mx\/index.php\/2024\/09\/02\/inicia-la-campana-septiembre-mes-del-testamento-en-queretaro-seguridad-juridica-y-paz-para-las-familias\/\",\"url\":\"https:\/\/www.nexoinformativo.mx\/index.php\/2024\/09\/02\/inicia-la-campana-septiembre-mes-del-testamento-en-queretaro-seguridad-juridica-y-paz-para-las-familias\/\",\"name\":\"Inicia la campa\u00f1a \\\"Septiembre Mes del Testamento\\\" en Quer\u00e9taro | Nexo Informativo Santiago de Quer\u00e9taro\",\"isPartOf\":{\"@id\":\"https:\/\/www.nexoinformativo.mx\/#website\"},\"primaryImageOfPage\":{\"@id\":\"https:\/\/www.nexoinformativo.mx\/index.php\/2024\/09\/02\/inicia-la-campana-septiembre-mes-del-testamento-en-queretaro-seguridad-juridica-y-paz-para-las-familias\/#primaryimage\"},\"image\":{\"@id\":\"https:\/\/www.nexoinformativo.mx\/index.php\/2024\/09\/02\/inicia-la-campana-septiembre-mes-del-testamento-en-queretaro-seguridad-juridica-y-paz-para-las-familias\/#primaryimage\"},\"thumbnailUrl\":\"https:\/\/www.nexoinformativo.mx\/wp-content\/uploads\/2024\/09\/PHOTO-2024-09-02-11-20-26-e1725300185893.jpg\",\"datePublished\":\"2024-09-02T15:00:31+00:00\",\"dateModified\":\"2024-09-02T19:33:42+00:00\",\"description\":\"Inicia la campa\u00f1a \\\"Septiembre Mes del Testamento\\\" en Quer\u00e9taro\",\"breadcrumb\":{\"@id\":\"https:\/\/www.nexoinformativo.mx\/index.php\/2024\/09\/02\/inicia-la-campana-septiembre-mes-del-testamento-en-queretaro-seguridad-juridica-y-paz-para-las-familias\/#breadcrumb\"},\"inLanguage\":\"es\",\"potentialAction\":[{\"@type\":\"ReadAction\",\"target\":[\"https:\/\/www.nexoinformativo.mx\/index.php\/2024\/09\/02\/inicia-la-campana-septiembre-mes-del-testamento-en-queretaro-seguridad-juridica-y-paz-para-las-familias\/\"]}]},{\"@type\":\"ImageObject\",\"inLanguage\":\"es\",\"@id\":\"https:\/\/www.nexoinformativo.mx\/index.php\/2024\/09\/02\/inicia-la-campana-septiembre-mes-del-testamento-en-queretaro-seguridad-juridica-y-paz-para-las-familias\/#primaryimage\",\"url\":\"https:\/\/www.nexoinformativo.mx\/wp-content\/uploads\/2024\/09\/PHOTO-2024-09-02-11-20-26-e1725300185893.jpg\",\"contentUrl\":\"https:\/\/www.nexoinformativo.mx\/wp-content\/uploads\/2024\/09\/PHOTO-2024-09-02-11-20-26-e1725300185893.jpg\",\"width\":800,\"height\":533},{\"@type\":\"BreadcrumbList\",\"@id\":\"https:\/\/www.nexoinformativo.mx\/index.php\/2024\/09\/02\/inicia-la-campana-septiembre-mes-del-testamento-en-queretaro-seguridad-juridica-y-paz-para-las-familias\/#breadcrumb\",\"itemListElement\":[{\"@type\":\"ListItem\",\"position\":1,\"name\":\"Inicio\",\"item\":\"https:\/\/www.nexoinformativo.mx\/\"},{\"@type\":\"ListItem\",\"position\":2,\"name\":\"Inicia la campa\u00f1a &#8220;Septiembre Mes del Testamento&#8221; en Quer\u00e9taro\"}]},{\"@type\":\"WebSite\",\"@id\":\"https:\/\/www.nexoinformativo.mx\/#website\",\"url\":\"https:\/\/www.nexoinformativo.mx\/\",\"name\":\"Nexo Informativo Santiago de Quer\u00e9taro\",\"description\":\"Explora NexoInformativo y convi\u00e9rtete en parte de una comunidad que valora el conocimiento y la verdad. Tu nexoinformativo es tu puente hacia una comprensi\u00f3n m\u00e1s profunda del mundo que te rodea.\",\"publisher\":{\"@id\":\"https:\/\/www.nexoinformativo.mx\/#organization\"},\"potentialAction\":[{\"@type\":\"SearchAction\",\"target\":{\"@type\":\"EntryPoint\",\"urlTemplate\":\"https:\/\/www.nexoinformativo.mx\/?s={search_term_string}\"},\"query-input\":{\"@type\":\"PropertyValueSpecification\",\"valueRequired\":true,\"valueName\":\"search_term_string\"}}],\"inLanguage\":\"es\"},{\"@type\":\"Organization\",\"@id\":\"https:\/\/www.nexoinformativo.mx\/#organization\",\"name\":\"Nexo Informativo Santiago de Quer\u00e9taro\",\"url\":\"https:\/\/www.nexoinformativo.mx\/\",\"logo\":{\"@type\":\"ImageObject\",\"inLanguage\":\"es\",\"@id\":\"https:\/\/www.nexoinformativo.mx\/#\/schema\/logo\/image\/\",\"url\":\"https:\/\/www.nexoinformativo.mx\/wp-content\/uploads\/2024\/07\/nexoi-trasparente-2.png\",\"contentUrl\":\"https:\/\/www.nexoinformativo.mx\/wp-content\/uploads\/2024\/07\/nexoi-trasparente-2.png\",\"width\":816,\"height\":339,\"caption\":\"Nexo Informativo Santiago de Quer\u00e9taro\"},\"image\":{\"@id\":\"https:\/\/www.nexoinformativo.mx\/#\/schema\/logo\/image\/\"},\"sameAs\":[\"https:\/\/www.facebook.com\/people\/Nexo-Informativo\/61564066885511\/\"]},{\"@type\":\"Person\",\"@id\":\"https:\/\/www.nexoinformativo.mx\/#\/schema\/person\/7749d380ba08c8ca00d7bc76fd907b7d\",\"name\":\"Nexo Informativo\",\"image\":{\"@type\":\"ImageObject\",\"inLanguage\":\"es\",\"@id\":\"https:\/\/www.nexoinformativo.mx\/#\/schema\/person\/image\/\",\"url\":\"https:\/\/secure.gravatar.com\/avatar\/dde2928154642a13d95f87ddf1ea9718fe2b46760a005c53e41ff5ad610704e6?s=96&d=mm&r=g\",\"contentUrl\":\"https:\/\/secure.gravatar.com\/avatar\/dde2928154642a13d95f87ddf1ea9718fe2b46760a005c53e41ff5ad610704e6?s=96&d=mm&r=g\",\"caption\":\"Nexo Informativo\"},\"url\":\"https:\/\/www.nexoinformativo.mx\/index.php\/author\/edicion\/\"}]}<\/script>\n<!-- \/ Yoast SEO plugin. -->","yoast_head_json":{"title":"Inicia la campa\u00f1a \"Septiembre Mes del Testamento\" en Quer\u00e9taro | Nexo Informativo Santiago de Quer\u00e9taro","description":"Inicia la campa\u00f1a \"Septiembre Mes del Testamento\" en Quer\u00e9taro","robots":{"index":"index","follow":"follow","max-snippet":"max-snippet:-1","max-image-preview":"max-image-preview:large","max-video-preview":"max-video-preview:-1"},"canonical":"https:\/\/www.nexoinformativo.mx\/index.php\/2024\/09\/02\/inicia-la-campana-septiembre-mes-del-testamento-en-queretaro-seguridad-juridica-y-paz-para-las-familias\/","og_locale":"es_MX","og_type":"article","og_title":"Inicia la campa\u00f1a \"Septiembre Mes del Testamento\" en Quer\u00e9taro | Nexo Informativo Santiago de Quer\u00e9taro","og_description":"Inicia la campa\u00f1a \"Septiembre Mes del Testamento\" en Quer\u00e9taro","og_url":"https:\/\/www.nexoinformativo.mx\/index.php\/2024\/09\/02\/inicia-la-campana-septiembre-mes-del-testamento-en-queretaro-seguridad-juridica-y-paz-para-las-familias\/","og_site_name":"Nexo Informativo Santiago de Quer\u00e9taro","article_publisher":"https:\/\/www.facebook.com\/people\/Nexo-Informativo\/61564066885511\/","article_published_time":"2024-09-02T15:00:31+00:00","article_modified_time":"2024-09-02T19:33:42+00:00","og_image":[{"width":800,"height":533,"url":"https:\/\/www.nexoinformativo.mx\/wp-content\/uploads\/2024\/09\/PHOTO-2024-09-02-11-20-26-e1725300185893.jpg","type":"image\/jpeg"}],"author":"Nexo Informativo","twitter_card":"summary_large_image","twitter_misc":{"Escrito por":"Nexo Informativo","Tiempo de lectura":"3 minutos"},"schema":{"@context":"https:\/\/schema.org","@graph":[{"@type":"Article","@id":"https:\/\/www.nexoinformativo.mx\/index.php\/2024\/09\/02\/inicia-la-campana-septiembre-mes-del-testamento-en-queretaro-seguridad-juridica-y-paz-para-las-familias\/#article","isPartOf":{"@id":"https:\/\/www.nexoinformativo.mx\/index.php\/2024\/09\/02\/inicia-la-campana-septiembre-mes-del-testamento-en-queretaro-seguridad-juridica-y-paz-para-las-familias\/"},"author":{"name":"Nexo Informativo","@id":"https:\/\/www.nexoinformativo.mx\/#\/schema\/person\/7749d380ba08c8ca00d7bc76fd907b7d"},"headline":"Inicia la campa\u00f1a &#8220;Septiembre Mes del Testamento&#8221; en Quer\u00e9taro","datePublished":"2024-09-02T15:00:31+00:00","dateModified":"2024-09-02T19:33:42+00:00","mainEntityOfPage":{"@id":"https:\/\/www.nexoinformativo.mx\/index.php\/2024\/09\/02\/inicia-la-campana-septiembre-mes-del-testamento-en-queretaro-seguridad-juridica-y-paz-para-las-familias\/"},"wordCount":485,"commentCount":0,"publisher":{"@id":"https:\/\/www.nexoinformativo.mx\/#organization"},"image":{"@id":"https:\/\/www.nexoinformativo.mx\/index.php\/2024\/09\/02\/inicia-la-campana-septiembre-mes-del-testamento-en-queretaro-seguridad-juridica-y-paz-para-las-familias\/#primaryimage"},"thumbnailUrl":"https:\/\/www.nexoinformativo.mx\/wp-content\/uploads\/2024\/09\/PHOTO-2024-09-02-11-20-26-e1725300185893.jpg","keywords":["MesDelTestamento","PatrimonioFamiliar","ProtegeTuLegado","QueretaroSeguro","Testamento2024"],"articleSection":["Estado","\u00daltima Hora"],"inLanguage":"es","potentialAction":[{"@type":"CommentAction","name":"Comment","target":["https:\/\/www.nexoinformativo.mx\/index.php\/2024\/09\/02\/inicia-la-campana-septiembre-mes-del-testamento-en-queretaro-seguridad-juridica-y-paz-para-las-familias\/#respond"]}]},{"@type":"WebPage","@id":"https:\/\/www.nexoinformativo.mx\/index.php\/2024\/09\/02\/inicia-la-campana-septiembre-mes-del-testamento-en-queretaro-seguridad-juridica-y-paz-para-las-familias\/","url":"https:\/\/www.nexoinformativo.mx\/index.php\/2024\/09\/02\/inicia-la-campana-septiembre-mes-del-testamento-en-queretaro-seguridad-juridica-y-paz-para-las-familias\/","name":"Inicia la campa\u00f1a \"Septiembre Mes del Testamento\" en Quer\u00e9taro | Nexo Informativo Santiago de Quer\u00e9taro","isPartOf":{"@id":"https:\/\/www.nexoinformativo.mx\/#website"},"primaryImageOfPage":{"@id":"https:\/\/www.nexoinformativo.mx\/index.php\/2024\/09\/02\/inicia-la-campana-septiembre-mes-del-testamento-en-queretaro-seguridad-juridica-y-paz-para-las-familias\/#primaryimage"},"image":{"@id":"https:\/\/www.nexoinformativo.mx\/index.php\/2024\/09\/02\/inicia-la-campana-septiembre-mes-del-testamento-en-queretaro-seguridad-juridica-y-paz-para-las-familias\/#primaryimage"},"thumbnailUrl":"https:\/\/www.nexoinformativo.mx\/wp-content\/uploads\/2024\/09\/PHOTO-2024-09-02-11-20-26-e1725300185893.jpg","datePublished":"2024-09-02T15:00:31+00:00","dateModified":"2024-09-02T19:33:42+00:00","description":"Inicia la campa\u00f1a \"Septiembre Mes del Testamento\" en Quer\u00e9taro","breadcrumb":{"@id":"https:\/\/www.nexoinformativo.mx\/index.php\/2024\/09\/02\/inicia-la-campana-septiembre-mes-del-testamento-en-queretaro-seguridad-juridica-y-paz-para-las-familias\/#breadcrumb"},"inLanguage":"es","potentialAction":[{"@type":"ReadAction","target":["https:\/\/www.nexoinformativo.mx\/index.php\/2024\/09\/02\/inicia-la-campana-septiembre-mes-del-testamento-en-queretaro-seguridad-juridica-y-paz-para-las-familias\/"]}]},{"@type":"ImageObject","inLanguage":"es","@id":"https:\/\/www.nexoinformativo.mx\/index.php\/2024\/09\/02\/inicia-la-campana-septiembre-mes-del-testamento-en-queretaro-seguridad-juridica-y-paz-para-las-familias\/#primaryimage","url":"https:\/\/www.nexoinformativo.mx\/wp-content\/uploads\/2024\/09\/PHOTO-2024-09-02-11-20-26-e1725300185893.jpg","contentUrl":"https:\/\/www.nexoinformativo.mx\/wp-content\/uploads\/2024\/09\/PHOTO-2024-09-02-11-20-26-e1725300185893.jpg","width":800,"height":533},{"@type":"BreadcrumbList","@id":"https:\/\/www.nexoinformativo.mx\/index.php\/2024\/09\/02\/inicia-la-campana-septiembre-mes-del-testamento-en-queretaro-seguridad-juridica-y-paz-para-las-familias\/#breadcrumb","itemListElement":[{"@type":"ListItem","position":1,"name":"Inicio","item":"https:\/\/www.nexoinformativo.mx\/"},{"@type":"ListItem","position":2,"name":"Inicia la campa\u00f1a &#8220;Septiembre Mes del Testamento&#8221; en Quer\u00e9taro"}]},{"@type":"WebSite","@id":"https:\/\/www.nexoinformativo.mx\/#website","url":"https:\/\/www.nexoinformativo.mx\/","name":"Nexo Informativo Santiago de Quer\u00e9taro","description":"Explora NexoInformativo y convi\u00e9rtete en parte de una comunidad que valora el conocimiento y la verdad. Tu nexoinformativo es tu puente hacia una comprensi\u00f3n m\u00e1s profunda del mundo que te rodea.","publisher":{"@id":"https:\/\/www.nexoinformativo.mx\/#organization"},"potentialAction":[{"@type":"SearchAction","target":{"@type":"EntryPoint","urlTemplate":"https:\/\/www.nexoinformativo.mx\/?s={search_term_string}"},"query-input":{"@type":"PropertyValueSpecification","valueRequired":true,"valueName":"search_term_string"}}],"inLanguage":"es"},{"@type":"Organization","@id":"https:\/\/www.nexoinformativo.mx\/#organization","name":"Nexo Informativo Santiago de Quer\u00e9taro","url":"https:\/\/www.nexoinformativo.mx\/","logo":{"@type":"ImageObject","inLanguage":"es","@id":"https:\/\/www.nexoinformativo.mx\/#\/schema\/logo\/image\/","url":"https:\/\/www.nexoinformativo.mx\/wp-content\/uploads\/2024\/07\/nexoi-trasparente-2.png","contentUrl":"https:\/\/www.nexoinformativo.mx\/wp-content\/uploads\/2024\/07\/nexoi-trasparente-2.png","width":816,"height":339,"caption":"Nexo Informativo Santiago de Quer\u00e9taro"},"image":{"@id":"https:\/\/www.nexoinformativo.mx\/#\/schema\/logo\/image\/"},"sameAs":["https:\/\/www.facebook.com\/people\/Nexo-Informativo\/61564066885511\/"]},{"@type":"Person","@id":"https:\/\/www.nexoinformativo.mx\/#\/schema\/person\/7749d380ba08c8ca00d7bc76fd907b7d","name":"Nexo Informativo","image":{"@type":"ImageObject","inLanguage":"es","@id":"https:\/\/www.nexoinformativo.mx\/#\/schema\/person\/image\/","url":"https:\/\/secure.gravatar.com\/avatar\/dde2928154642a13d95f87ddf1ea9718fe2b46760a005c53e41ff5ad610704e6?s=96&d=mm&r=g","contentUrl":"https:\/\/secure.gravatar.com\/avatar\/dde2928154642a13d95f87ddf1ea9718fe2b46760a005c53e41ff5ad610704e6?s=96&d=mm&r=g","caption":"Nexo Informativo"},"url":"https:\/\/www.nexoinformativo.mx\/index.php\/author\/edicion\/"}]}},"_links":{"self":[{"href":"https:\/\/www.nexoinformativo.mx\/index.php\/wp-json\/wp\/v2\/posts\/1426","targetHints":{"allow":["GET"]}}],"collection":[{"href":"https:\/\/www.nexoinformativo.mx\/index.php\/wp-json\/wp\/v2\/posts"}],"about":[{"href":"https:\/\/www.nexoinformativo.mx\/index.php\/wp-json\/wp\/v2\/types\/post"}],"author":[{"embeddable":true,"href":"https:\/\/www.nexoinformativo.mx\/index.php\/wp-json\/wp\/v2\/users\/3"}],"replies":[{"embeddable":true,"href":"https:\/\/www.nexoinformativo.mx\/index.php\/wp-json\/wp\/v2\/comments?post=1426"}],"version-history":[{"count":5,"href":"https:\/\/www.nexoinformativo.mx\/index.php\/wp-json\/wp\/v2\/posts\/1426\/revisions"}],"predecessor-version":[{"id":1439,"href":"https:\/\/www.nexoinformativo.mx\/index.php\/wp-json\/wp\/v2\/posts\/1426\/revisions\/1439"}],"wp:featuredmedia":[{"embeddable":true,"href":"https:\/\/www.nexoinformativo.mx\/index.php\/wp-json\/wp\/v2\/media\/1429"}],"wp:attachment":[{"href":"https:\/\/www.nexoinformativo.mx\/index.php\/wp-json\/wp\/v2\/media?parent=1426"}],"wp:term":[{"taxonomy":"category","embeddable":true,"href":"https:\/\/www.nexoinformativo.mx\/index.php\/wp-json\/wp\/v2\/categories?post=1426"},{"taxonomy":"post_tag","embeddable":true,"href":"https:\/\/www.nexoinformativo.mx\/index.php\/wp-json\/wp\/v2\/tags?post=1426"}],"curies":[{"name":"wp","href":"https:\/\/api.w.org\/{rel}","templated":true}]}}