{"id":14260,"date":"2025-04-17T10:00:22","date_gmt":"2025-04-17T16:00:22","guid":{"rendered":"https:\/\/www.nexoinformativo.mx\/?p=14260"},"modified":"2025-04-17T11:55:41","modified_gmt":"2025-04-17T17:55:41","slug":"fentanilo-a-la-baja-mexico-y-ee-uu-destacan-logros-en-seguridad-fronteriza-y-combate-al-narcotrafico","status":"publish","type":"post","link":"https:\/\/www.nexoinformativo.mx\/index.php\/2025\/04\/17\/fentanilo-a-la-baja-mexico-y-ee-uu-destacan-logros-en-seguridad-fronteriza-y-combate-al-narcotrafico\/","title":{"rendered":"Fentanilo a la baja M\u00e9xico y EE.UU. destacan logros en seguridad fronteriza y combate al narcotr\u00e1fico"},"content":{"rendered":"<p style=\"text-align: justify;\" data-sourcepos=\"11:1-11:388\">El General Ricardo Trevilla Trejo, Secretario de la Defensa Nacional de M\u00e9xico, sostuvo una videollamada con el General Gregory M. Guillot, Comandante del Comando Norte de los Estados Unidos de Am\u00e9rica, para fortalecer la cooperaci\u00f3n bilateral en materia de seguridad y evaluar los recientes resultados en la lucha contra el crimen organizado en la frontera.<\/p>\n<\/p>\n<p>&nbsp;<\/p>\n<p style=\"text-align: justify;\" data-sourcepos=\"13:1-13:617\">Durante la conversaci\u00f3n, el General Trevilla reconoci\u00f3 el esfuerzo conjunto de las fuerzas armadas de ambos pa\u00edses, destacando los datos proporcionados por el Departamento de Seguridad Interna (DHS) de los EE.UU. que reflejan un descenso del 97% en los cruces ilegales de la frontera y un aumento del 59% en las incautaciones de municiones y piezas de armas, en comparaci\u00f3n con el a\u00f1o anterior.<\/p>\n<\/p>\n<p>&nbsp;<\/p>\n<p style=\"text-align: justify;\" data-sourcepos=\"13:1-13:617\">Adem\u00e1s, se resalt\u00f3 una disminuci\u00f3n del 70% en el aseguramiento de fentanilo, con un total de 20,000 libras de fentanilo, hero\u00edna y metanfetamina incautadas en los \u00faltimos 90 d\u00edas, lo que representa una disminuci\u00f3n del 45%.<\/p>\n<\/p>\n<p>&nbsp;<\/p>\n<p style=\"text-align: justify;\" data-sourcepos=\"15:1-15:271\">Los generales tambi\u00e9n discutieron el fortalecimiento del adiestramiento militar y el intercambio acad\u00e9mico, mecanismos de cooperaci\u00f3n que datan desde 2016, y que promueven el intercambio de experiencias y procedimientos, siempre respetando la soberan\u00eda de ambas naciones.<\/p>\n<\/p>\n<p>&nbsp;<\/p>\n<p style=\"text-align: justify;\" data-sourcepos=\"17:1-17:209\">La videollamada reafirm\u00f3 la comunicaci\u00f3n abierta, directa y respetuosa entre M\u00e9xico y Estados Unidos, subrayando el compromiso de ambas partes para trabajar de manera coordinada en beneficio de sus sociedades.<\/p>\n<\/p>\n<p>&nbsp;<\/p>\n<p style=\"text-align: center;\" data-sourcepos=\"17:1-17:209\"><em><strong>\u00a1Informaci\u00f3n que transforma!<\/strong><\/em><\/p>\n","protected":false},"excerpt":{"rendered":"<p>El General Ricardo Trevilla Trejo, Secretario de la Defensa Nacional de M\u00e9xico, sostuvo una videollamada con el General Gregory M. Guillot, Comandante del Comando Norte de los Estados Unidos de Am\u00e9rica, para fortalecer la cooperaci\u00f3n bilateral en materia de seguridad y evaluar los recientes resultados en la lucha contra el crimen organizado en la frontera.<\/p>\n","protected":false},"author":3,"featured_media":14261,"comment_status":"open","ping_status":"open","sticky":false,"template":"","format":"standard","meta":{"footnotes":""},"categories":[88,58],"tags":[912,4187,3379,2419],"class_list":["post-14260","post","type-post","status-publish","format-standard","has-post-thumbnail","hentry","category-nacional","category-ultima-hora","tag-combatealnarcotrafico","tag-cooperacionmxeu","tag-defensanacional","tag-seguridadfronteriza"],"yoast_head":"<!-- This site is optimized with the Yoast SEO plugin v25.0 - https:\/\/yoast.com\/wordpress\/plugins\/seo\/ -->\n<title>Fentanilo a la baja M\u00e9xico y EE.UU. destacan logros en seguridad fronteriza y combate al narcotr\u00e1fico | Nexo Informativo Santiago de Quer\u00e9taro<\/title>\n<meta name=\"description\" content=\"Fentanilo a la baja M\u00e9xico y EE.UU. destacan logros en seguridad fronteriza y combate al narcotr\u00e1fico\" \/>\n<meta name=\"robots\" content=\"index, follow, max-snippet:-1, max-image-preview:large, max-video-preview:-1\" \/>\n<link rel=\"canonical\" href=\"https:\/\/www.nexoinformativo.mx\/index.php\/2025\/04\/17\/fentanilo-a-la-baja-mexico-y-ee-uu-destacan-logros-en-seguridad-fronteriza-y-combate-al-narcotrafico\/\" \/>\n<meta property=\"og:locale\" content=\"es_MX\" \/>\n<meta property=\"og:type\" content=\"article\" \/>\n<meta property=\"og:title\" content=\"Fentanilo a la baja M\u00e9xico y EE.UU. destacan logros en seguridad fronteriza y combate al narcotr\u00e1fico | Nexo Informativo Santiago de Quer\u00e9taro\" \/>\n<meta property=\"og:description\" content=\"Fentanilo a la baja M\u00e9xico y EE.UU. destacan logros en seguridad fronteriza y combate al narcotr\u00e1fico\" \/>\n<meta property=\"og:url\" content=\"https:\/\/www.nexoinformativo.mx\/index.php\/2025\/04\/17\/fentanilo-a-la-baja-mexico-y-ee-uu-destacan-logros-en-seguridad-fronteriza-y-combate-al-narcotrafico\/\" \/>\n<meta property=\"og:site_name\" content=\"Nexo Informativo Santiago de Quer\u00e9taro\" \/>\n<meta property=\"article:publisher\" content=\"https:\/\/www.facebook.com\/people\/Nexo-Informativo\/61564066885511\/\" \/>\n<meta property=\"article:published_time\" content=\"2025-04-17T16:00:22+00:00\" \/>\n<meta property=\"article:modified_time\" content=\"2025-04-17T17:55:41+00:00\" \/>\n<meta property=\"og:image\" content=\"https:\/\/www.nexoinformativo.mx\/wp-content\/uploads\/2025\/04\/IMG_2296-e1744912496924.jpg\" \/>\n\t<meta property=\"og:image:width\" content=\"800\" \/>\n\t<meta property=\"og:image:height\" content=\"533\" \/>\n\t<meta property=\"og:image:type\" content=\"image\/jpeg\" \/>\n<meta name=\"author\" content=\"Nexo Informativo\" \/>\n<meta name=\"twitter:card\" content=\"summary_large_image\" \/>\n<meta name=\"twitter:label1\" content=\"Escrito por\" \/>\n\t<meta name=\"twitter:data1\" content=\"Nexo Informativo\" \/>\n\t<meta name=\"twitter:label2\" content=\"Tiempo de lectura\" \/>\n\t<meta name=\"twitter:data2\" content=\"2 minutos\" \/>\n<script type=\"application\/ld+json\" class=\"yoast-schema-graph\">{\"@context\":\"https:\/\/schema.org\",\"@graph\":[{\"@type\":\"Article\",\"@id\":\"https:\/\/www.nexoinformativo.mx\/index.php\/2025\/04\/17\/fentanilo-a-la-baja-mexico-y-ee-uu-destacan-logros-en-seguridad-fronteriza-y-combate-al-narcotrafico\/#article\",\"isPartOf\":{\"@id\":\"https:\/\/www.nexoinformativo.mx\/index.php\/2025\/04\/17\/fentanilo-a-la-baja-mexico-y-ee-uu-destacan-logros-en-seguridad-fronteriza-y-combate-al-narcotrafico\/\"},\"author\":{\"name\":\"Nexo Informativo\",\"@id\":\"https:\/\/www.nexoinformativo.mx\/#\/schema\/person\/7749d380ba08c8ca00d7bc76fd907b7d\"},\"headline\":\"Fentanilo a la baja M\u00e9xico y EE.UU. destacan logros en seguridad fronteriza y combate al narcotr\u00e1fico\",\"datePublished\":\"2025-04-17T16:00:22+00:00\",\"dateModified\":\"2025-04-17T17:55:41+00:00\",\"mainEntityOfPage\":{\"@id\":\"https:\/\/www.nexoinformativo.mx\/index.php\/2025\/04\/17\/fentanilo-a-la-baja-mexico-y-ee-uu-destacan-logros-en-seguridad-fronteriza-y-combate-al-narcotrafico\/\"},\"wordCount\":261,\"commentCount\":0,\"publisher\":{\"@id\":\"https:\/\/www.nexoinformativo.mx\/#organization\"},\"image\":{\"@id\":\"https:\/\/www.nexoinformativo.mx\/index.php\/2025\/04\/17\/fentanilo-a-la-baja-mexico-y-ee-uu-destacan-logros-en-seguridad-fronteriza-y-combate-al-narcotrafico\/#primaryimage\"},\"thumbnailUrl\":\"https:\/\/www.nexoinformativo.mx\/wp-content\/uploads\/2025\/04\/IMG_2296-e1744912496924.jpg\",\"keywords\":[\"CombateAlNarcotr\u00e1fico\",\"Cooperaci\u00f3nMxEU\",\"DefensaNacional\",\"SeguridadFronteriza\"],\"articleSection\":[\"Nacional\",\"\u00daltima Hora\"],\"inLanguage\":\"es\",\"potentialAction\":[{\"@type\":\"CommentAction\",\"name\":\"Comment\",\"target\":[\"https:\/\/www.nexoinformativo.mx\/index.php\/2025\/04\/17\/fentanilo-a-la-baja-mexico-y-ee-uu-destacan-logros-en-seguridad-fronteriza-y-combate-al-narcotrafico\/#respond\"]}]},{\"@type\":\"WebPage\",\"@id\":\"https:\/\/www.nexoinformativo.mx\/index.php\/2025\/04\/17\/fentanilo-a-la-baja-mexico-y-ee-uu-destacan-logros-en-seguridad-fronteriza-y-combate-al-narcotrafico\/\",\"url\":\"https:\/\/www.nexoinformativo.mx\/index.php\/2025\/04\/17\/fentanilo-a-la-baja-mexico-y-ee-uu-destacan-logros-en-seguridad-fronteriza-y-combate-al-narcotrafico\/\",\"name\":\"Fentanilo a la baja M\u00e9xico y EE.UU. destacan logros en seguridad fronteriza y combate al narcotr\u00e1fico | Nexo Informativo Santiago de Quer\u00e9taro\",\"isPartOf\":{\"@id\":\"https:\/\/www.nexoinformativo.mx\/#website\"},\"primaryImageOfPage\":{\"@id\":\"https:\/\/www.nexoinformativo.mx\/index.php\/2025\/04\/17\/fentanilo-a-la-baja-mexico-y-ee-uu-destacan-logros-en-seguridad-fronteriza-y-combate-al-narcotrafico\/#primaryimage\"},\"image\":{\"@id\":\"https:\/\/www.nexoinformativo.mx\/index.php\/2025\/04\/17\/fentanilo-a-la-baja-mexico-y-ee-uu-destacan-logros-en-seguridad-fronteriza-y-combate-al-narcotrafico\/#primaryimage\"},\"thumbnailUrl\":\"https:\/\/www.nexoinformativo.mx\/wp-content\/uploads\/2025\/04\/IMG_2296-e1744912496924.jpg\",\"datePublished\":\"2025-04-17T16:00:22+00:00\",\"dateModified\":\"2025-04-17T17:55:41+00:00\",\"description\":\"Fentanilo a la baja M\u00e9xico y EE.UU. destacan logros en seguridad fronteriza y combate al narcotr\u00e1fico\",\"breadcrumb\":{\"@id\":\"https:\/\/www.nexoinformativo.mx\/index.php\/2025\/04\/17\/fentanilo-a-la-baja-mexico-y-ee-uu-destacan-logros-en-seguridad-fronteriza-y-combate-al-narcotrafico\/#breadcrumb\"},\"inLanguage\":\"es\",\"potentialAction\":[{\"@type\":\"ReadAction\",\"target\":[\"https:\/\/www.nexoinformativo.mx\/index.php\/2025\/04\/17\/fentanilo-a-la-baja-mexico-y-ee-uu-destacan-logros-en-seguridad-fronteriza-y-combate-al-narcotrafico\/\"]}]},{\"@type\":\"ImageObject\",\"inLanguage\":\"es\",\"@id\":\"https:\/\/www.nexoinformativo.mx\/index.php\/2025\/04\/17\/fentanilo-a-la-baja-mexico-y-ee-uu-destacan-logros-en-seguridad-fronteriza-y-combate-al-narcotrafico\/#primaryimage\",\"url\":\"https:\/\/www.nexoinformativo.mx\/wp-content\/uploads\/2025\/04\/IMG_2296-e1744912496924.jpg\",\"contentUrl\":\"https:\/\/www.nexoinformativo.mx\/wp-content\/uploads\/2025\/04\/IMG_2296-e1744912496924.jpg\",\"width\":800,\"height\":533},{\"@type\":\"BreadcrumbList\",\"@id\":\"https:\/\/www.nexoinformativo.mx\/index.php\/2025\/04\/17\/fentanilo-a-la-baja-mexico-y-ee-uu-destacan-logros-en-seguridad-fronteriza-y-combate-al-narcotrafico\/#breadcrumb\",\"itemListElement\":[{\"@type\":\"ListItem\",\"position\":1,\"name\":\"Inicio\",\"item\":\"https:\/\/www.nexoinformativo.mx\/\"},{\"@type\":\"ListItem\",\"position\":2,\"name\":\"Fentanilo a la baja M\u00e9xico y EE.UU. destacan logros en seguridad fronteriza y combate al narcotr\u00e1fico\"}]},{\"@type\":\"WebSite\",\"@id\":\"https:\/\/www.nexoinformativo.mx\/#website\",\"url\":\"https:\/\/www.nexoinformativo.mx\/\",\"name\":\"Nexo Informativo Santiago de Quer\u00e9taro\",\"description\":\"Explora NexoInformativo y convi\u00e9rtete en parte de una comunidad que valora el conocimiento y la verdad. Tu nexoinformativo es tu puente hacia una comprensi\u00f3n m\u00e1s profunda del mundo que te rodea.\",\"publisher\":{\"@id\":\"https:\/\/www.nexoinformativo.mx\/#organization\"},\"potentialAction\":[{\"@type\":\"SearchAction\",\"target\":{\"@type\":\"EntryPoint\",\"urlTemplate\":\"https:\/\/www.nexoinformativo.mx\/?s={search_term_string}\"},\"query-input\":{\"@type\":\"PropertyValueSpecification\",\"valueRequired\":true,\"valueName\":\"search_term_string\"}}],\"inLanguage\":\"es\"},{\"@type\":\"Organization\",\"@id\":\"https:\/\/www.nexoinformativo.mx\/#organization\",\"name\":\"Nexo Informativo Santiago de Quer\u00e9taro\",\"url\":\"https:\/\/www.nexoinformativo.mx\/\",\"logo\":{\"@type\":\"ImageObject\",\"inLanguage\":\"es\",\"@id\":\"https:\/\/www.nexoinformativo.mx\/#\/schema\/logo\/image\/\",\"url\":\"https:\/\/www.nexoinformativo.mx\/wp-content\/uploads\/2024\/07\/nexoi-trasparente-2.png\",\"contentUrl\":\"https:\/\/www.nexoinformativo.mx\/wp-content\/uploads\/2024\/07\/nexoi-trasparente-2.png\",\"width\":816,\"height\":339,\"caption\":\"Nexo Informativo Santiago de Quer\u00e9taro\"},\"image\":{\"@id\":\"https:\/\/www.nexoinformativo.mx\/#\/schema\/logo\/image\/\"},\"sameAs\":[\"https:\/\/www.facebook.com\/people\/Nexo-Informativo\/61564066885511\/\"]},{\"@type\":\"Person\",\"@id\":\"https:\/\/www.nexoinformativo.mx\/#\/schema\/person\/7749d380ba08c8ca00d7bc76fd907b7d\",\"name\":\"Nexo Informativo\",\"image\":{\"@type\":\"ImageObject\",\"inLanguage\":\"es\",\"@id\":\"https:\/\/www.nexoinformativo.mx\/#\/schema\/person\/image\/\",\"url\":\"https:\/\/secure.gravatar.com\/avatar\/dde2928154642a13d95f87ddf1ea9718fe2b46760a005c53e41ff5ad610704e6?s=96&d=mm&r=g\",\"contentUrl\":\"https:\/\/secure.gravatar.com\/avatar\/dde2928154642a13d95f87ddf1ea9718fe2b46760a005c53e41ff5ad610704e6?s=96&d=mm&r=g\",\"caption\":\"Nexo Informativo\"},\"url\":\"https:\/\/www.nexoinformativo.mx\/index.php\/author\/edicion\/\"}]}<\/script>\n<!-- \/ Yoast SEO plugin. -->","yoast_head_json":{"title":"Fentanilo a la baja M\u00e9xico y EE.UU. destacan logros en seguridad fronteriza y combate al narcotr\u00e1fico | Nexo Informativo Santiago de Quer\u00e9taro","description":"Fentanilo a la baja M\u00e9xico y EE.UU. destacan logros en seguridad fronteriza y combate al narcotr\u00e1fico","robots":{"index":"index","follow":"follow","max-snippet":"max-snippet:-1","max-image-preview":"max-image-preview:large","max-video-preview":"max-video-preview:-1"},"canonical":"https:\/\/www.nexoinformativo.mx\/index.php\/2025\/04\/17\/fentanilo-a-la-baja-mexico-y-ee-uu-destacan-logros-en-seguridad-fronteriza-y-combate-al-narcotrafico\/","og_locale":"es_MX","og_type":"article","og_title":"Fentanilo a la baja M\u00e9xico y EE.UU. destacan logros en seguridad fronteriza y combate al narcotr\u00e1fico | Nexo Informativo Santiago de Quer\u00e9taro","og_description":"Fentanilo a la baja M\u00e9xico y EE.UU. destacan logros en seguridad fronteriza y combate al narcotr\u00e1fico","og_url":"https:\/\/www.nexoinformativo.mx\/index.php\/2025\/04\/17\/fentanilo-a-la-baja-mexico-y-ee-uu-destacan-logros-en-seguridad-fronteriza-y-combate-al-narcotrafico\/","og_site_name":"Nexo Informativo Santiago de Quer\u00e9taro","article_publisher":"https:\/\/www.facebook.com\/people\/Nexo-Informativo\/61564066885511\/","article_published_time":"2025-04-17T16:00:22+00:00","article_modified_time":"2025-04-17T17:55:41+00:00","og_image":[{"width":800,"height":533,"url":"https:\/\/www.nexoinformativo.mx\/wp-content\/uploads\/2025\/04\/IMG_2296-e1744912496924.jpg","type":"image\/jpeg"}],"author":"Nexo Informativo","twitter_card":"summary_large_image","twitter_misc":{"Escrito por":"Nexo Informativo","Tiempo de lectura":"2 minutos"},"schema":{"@context":"https:\/\/schema.org","@graph":[{"@type":"Article","@id":"https:\/\/www.nexoinformativo.mx\/index.php\/2025\/04\/17\/fentanilo-a-la-baja-mexico-y-ee-uu-destacan-logros-en-seguridad-fronteriza-y-combate-al-narcotrafico\/#article","isPartOf":{"@id":"https:\/\/www.nexoinformativo.mx\/index.php\/2025\/04\/17\/fentanilo-a-la-baja-mexico-y-ee-uu-destacan-logros-en-seguridad-fronteriza-y-combate-al-narcotrafico\/"},"author":{"name":"Nexo Informativo","@id":"https:\/\/www.nexoinformativo.mx\/#\/schema\/person\/7749d380ba08c8ca00d7bc76fd907b7d"},"headline":"Fentanilo a la baja M\u00e9xico y EE.UU. destacan logros en seguridad fronteriza y combate al narcotr\u00e1fico","datePublished":"2025-04-17T16:00:22+00:00","dateModified":"2025-04-17T17:55:41+00:00","mainEntityOfPage":{"@id":"https:\/\/www.nexoinformativo.mx\/index.php\/2025\/04\/17\/fentanilo-a-la-baja-mexico-y-ee-uu-destacan-logros-en-seguridad-fronteriza-y-combate-al-narcotrafico\/"},"wordCount":261,"commentCount":0,"publisher":{"@id":"https:\/\/www.nexoinformativo.mx\/#organization"},"image":{"@id":"https:\/\/www.nexoinformativo.mx\/index.php\/2025\/04\/17\/fentanilo-a-la-baja-mexico-y-ee-uu-destacan-logros-en-seguridad-fronteriza-y-combate-al-narcotrafico\/#primaryimage"},"thumbnailUrl":"https:\/\/www.nexoinformativo.mx\/wp-content\/uploads\/2025\/04\/IMG_2296-e1744912496924.jpg","keywords":["CombateAlNarcotr\u00e1fico","Cooperaci\u00f3nMxEU","DefensaNacional","SeguridadFronteriza"],"articleSection":["Nacional","\u00daltima Hora"],"inLanguage":"es","potentialAction":[{"@type":"CommentAction","name":"Comment","target":["https:\/\/www.nexoinformativo.mx\/index.php\/2025\/04\/17\/fentanilo-a-la-baja-mexico-y-ee-uu-destacan-logros-en-seguridad-fronteriza-y-combate-al-narcotrafico\/#respond"]}]},{"@type":"WebPage","@id":"https:\/\/www.nexoinformativo.mx\/index.php\/2025\/04\/17\/fentanilo-a-la-baja-mexico-y-ee-uu-destacan-logros-en-seguridad-fronteriza-y-combate-al-narcotrafico\/","url":"https:\/\/www.nexoinformativo.mx\/index.php\/2025\/04\/17\/fentanilo-a-la-baja-mexico-y-ee-uu-destacan-logros-en-seguridad-fronteriza-y-combate-al-narcotrafico\/","name":"Fentanilo a la baja M\u00e9xico y EE.UU. destacan logros en seguridad fronteriza y combate al narcotr\u00e1fico | Nexo Informativo Santiago de Quer\u00e9taro","isPartOf":{"@id":"https:\/\/www.nexoinformativo.mx\/#website"},"primaryImageOfPage":{"@id":"https:\/\/www.nexoinformativo.mx\/index.php\/2025\/04\/17\/fentanilo-a-la-baja-mexico-y-ee-uu-destacan-logros-en-seguridad-fronteriza-y-combate-al-narcotrafico\/#primaryimage"},"image":{"@id":"https:\/\/www.nexoinformativo.mx\/index.php\/2025\/04\/17\/fentanilo-a-la-baja-mexico-y-ee-uu-destacan-logros-en-seguridad-fronteriza-y-combate-al-narcotrafico\/#primaryimage"},"thumbnailUrl":"https:\/\/www.nexoinformativo.mx\/wp-content\/uploads\/2025\/04\/IMG_2296-e1744912496924.jpg","datePublished":"2025-04-17T16:00:22+00:00","dateModified":"2025-04-17T17:55:41+00:00","description":"Fentanilo a la baja M\u00e9xico y EE.UU. destacan logros en seguridad fronteriza y combate al narcotr\u00e1fico","breadcrumb":{"@id":"https:\/\/www.nexoinformativo.mx\/index.php\/2025\/04\/17\/fentanilo-a-la-baja-mexico-y-ee-uu-destacan-logros-en-seguridad-fronteriza-y-combate-al-narcotrafico\/#breadcrumb"},"inLanguage":"es","potentialAction":[{"@type":"ReadAction","target":["https:\/\/www.nexoinformativo.mx\/index.php\/2025\/04\/17\/fentanilo-a-la-baja-mexico-y-ee-uu-destacan-logros-en-seguridad-fronteriza-y-combate-al-narcotrafico\/"]}]},{"@type":"ImageObject","inLanguage":"es","@id":"https:\/\/www.nexoinformativo.mx\/index.php\/2025\/04\/17\/fentanilo-a-la-baja-mexico-y-ee-uu-destacan-logros-en-seguridad-fronteriza-y-combate-al-narcotrafico\/#primaryimage","url":"https:\/\/www.nexoinformativo.mx\/wp-content\/uploads\/2025\/04\/IMG_2296-e1744912496924.jpg","contentUrl":"https:\/\/www.nexoinformativo.mx\/wp-content\/uploads\/2025\/04\/IMG_2296-e1744912496924.jpg","width":800,"height":533},{"@type":"BreadcrumbList","@id":"https:\/\/www.nexoinformativo.mx\/index.php\/2025\/04\/17\/fentanilo-a-la-baja-mexico-y-ee-uu-destacan-logros-en-seguridad-fronteriza-y-combate-al-narcotrafico\/#breadcrumb","itemListElement":[{"@type":"ListItem","position":1,"name":"Inicio","item":"https:\/\/www.nexoinformativo.mx\/"},{"@type":"ListItem","position":2,"name":"Fentanilo a la baja M\u00e9xico y EE.UU. destacan logros en seguridad fronteriza y combate al narcotr\u00e1fico"}]},{"@type":"WebSite","@id":"https:\/\/www.nexoinformativo.mx\/#website","url":"https:\/\/www.nexoinformativo.mx\/","name":"Nexo Informativo Santiago de Quer\u00e9taro","description":"Explora NexoInformativo y convi\u00e9rtete en parte de una comunidad que valora el conocimiento y la verdad. Tu nexoinformativo es tu puente hacia una comprensi\u00f3n m\u00e1s profunda del mundo que te rodea.","publisher":{"@id":"https:\/\/www.nexoinformativo.mx\/#organization"},"potentialAction":[{"@type":"SearchAction","target":{"@type":"EntryPoint","urlTemplate":"https:\/\/www.nexoinformativo.mx\/?s={search_term_string}"},"query-input":{"@type":"PropertyValueSpecification","valueRequired":true,"valueName":"search_term_string"}}],"inLanguage":"es"},{"@type":"Organization","@id":"https:\/\/www.nexoinformativo.mx\/#organization","name":"Nexo Informativo Santiago de Quer\u00e9taro","url":"https:\/\/www.nexoinformativo.mx\/","logo":{"@type":"ImageObject","inLanguage":"es","@id":"https:\/\/www.nexoinformativo.mx\/#\/schema\/logo\/image\/","url":"https:\/\/www.nexoinformativo.mx\/wp-content\/uploads\/2024\/07\/nexoi-trasparente-2.png","contentUrl":"https:\/\/www.nexoinformativo.mx\/wp-content\/uploads\/2024\/07\/nexoi-trasparente-2.png","width":816,"height":339,"caption":"Nexo Informativo Santiago de Quer\u00e9taro"},"image":{"@id":"https:\/\/www.nexoinformativo.mx\/#\/schema\/logo\/image\/"},"sameAs":["https:\/\/www.facebook.com\/people\/Nexo-Informativo\/61564066885511\/"]},{"@type":"Person","@id":"https:\/\/www.nexoinformativo.mx\/#\/schema\/person\/7749d380ba08c8ca00d7bc76fd907b7d","name":"Nexo Informativo","image":{"@type":"ImageObject","inLanguage":"es","@id":"https:\/\/www.nexoinformativo.mx\/#\/schema\/person\/image\/","url":"https:\/\/secure.gravatar.com\/avatar\/dde2928154642a13d95f87ddf1ea9718fe2b46760a005c53e41ff5ad610704e6?s=96&d=mm&r=g","contentUrl":"https:\/\/secure.gravatar.com\/avatar\/dde2928154642a13d95f87ddf1ea9718fe2b46760a005c53e41ff5ad610704e6?s=96&d=mm&r=g","caption":"Nexo Informativo"},"url":"https:\/\/www.nexoinformativo.mx\/index.php\/author\/edicion\/"}]}},"_links":{"self":[{"href":"https:\/\/www.nexoinformativo.mx\/index.php\/wp-json\/wp\/v2\/posts\/14260","targetHints":{"allow":["GET"]}}],"collection":[{"href":"https:\/\/www.nexoinformativo.mx\/index.php\/wp-json\/wp\/v2\/posts"}],"about":[{"href":"https:\/\/www.nexoinformativo.mx\/index.php\/wp-json\/wp\/v2\/types\/post"}],"author":[{"embeddable":true,"href":"https:\/\/www.nexoinformativo.mx\/index.php\/wp-json\/wp\/v2\/users\/3"}],"replies":[{"embeddable":true,"href":"https:\/\/www.nexoinformativo.mx\/index.php\/wp-json\/wp\/v2\/comments?post=14260"}],"version-history":[{"count":3,"href":"https:\/\/www.nexoinformativo.mx\/index.php\/wp-json\/wp\/v2\/posts\/14260\/revisions"}],"predecessor-version":[{"id":14264,"href":"https:\/\/www.nexoinformativo.mx\/index.php\/wp-json\/wp\/v2\/posts\/14260\/revisions\/14264"}],"wp:featuredmedia":[{"embeddable":true,"href":"https:\/\/www.nexoinformativo.mx\/index.php\/wp-json\/wp\/v2\/media\/14261"}],"wp:attachment":[{"href":"https:\/\/www.nexoinformativo.mx\/index.php\/wp-json\/wp\/v2\/media?parent=14260"}],"wp:term":[{"taxonomy":"category","embeddable":true,"href":"https:\/\/www.nexoinformativo.mx\/index.php\/wp-json\/wp\/v2\/categories?post=14260"},{"taxonomy":"post_tag","embeddable":true,"href":"https:\/\/www.nexoinformativo.mx\/index.php\/wp-json\/wp\/v2\/tags?post=14260"}],"curies":[{"name":"wp","href":"https:\/\/api.w.org\/{rel}","templated":true}]}}