{"id":14271,"date":"2025-04-17T11:30:05","date_gmt":"2025-04-17T17:30:05","guid":{"rendered":"https:\/\/www.nexoinformativo.mx\/?p=14271"},"modified":"2025-04-17T12:14:51","modified_gmt":"2025-04-17T18:14:51","slug":"protegete-del-sol-salud-alerta-sobre-horarios-peligrosos-y-da-claves-para-cuidar-tu-piel-y-ojos","status":"publish","type":"post","link":"https:\/\/www.nexoinformativo.mx\/index.php\/2025\/04\/17\/protegete-del-sol-salud-alerta-sobre-horarios-peligrosos-y-da-claves-para-cuidar-tu-piel-y-ojos\/","title":{"rendered":"Prot\u00e9gete del sol Salud alerta sobre horarios peligrosos y da claves para cuidar tu piel y ojos"},"content":{"rendered":"<p style=\"text-align: justify;\" data-sourcepos=\"11:1-11:272\">Ante el aumento de las temperaturas, la Secretar\u00eda de Salud emite una serie de recomendaciones cruciales para evitar da\u00f1os a la salud por la exposici\u00f3n solar, especialmente durante las horas de mayor intensidad de los rayos ultravioleta (UV).<\/p>\n<\/p>\n<p>&nbsp;<\/p>\n<p style=\"text-align: justify;\" data-sourcepos=\"13:1-13:238\">La dependencia federal exhorta a la poblaci\u00f3n a evitar la exposici\u00f3n prolongada al sol entre las 12:00 y las 16:00 horas, lapso en el que la radiaci\u00f3n UV alcanza su punto m\u00e1ximo y puede causar da\u00f1os leves o cr\u00f3nicos en la piel y los ojos.<\/p>\n<\/p>\n<p>&nbsp;<\/p>\n<p style=\"text-align: justify;\" data-sourcepos=\"15:1-15:406\">En caso de tener que salir durante este horario, se aconseja enf\u00e1ticamente utilizar sombrilla o un sombrero de ala ancha que brinde sombra al rostro, cuello y hombros. Vestir ropa de manga larga, preferentemente de colores claros, tambi\u00e9n es una medida protectora importante.<\/p>\n<\/p>\n<p>&nbsp;<\/p>\n<p style=\"text-align: justify;\" data-sourcepos=\"15:1-15:406\">Asimismo, se recomienda el uso de lentes con filtro UV, ya que los lentes oscuros sin esta protecci\u00f3n no previenen el da\u00f1o ocular.<\/p>\n<\/p>\n<p>&nbsp;<\/p>\n<p style=\"text-align: justify;\" data-sourcepos=\"17:1-17:282\">El uso de protector solar con un factor de protecci\u00f3n (FPS) de 30 o superior es indispensable en esta temporada. Debe aplicarse al menos 30 minutos antes de la exposici\u00f3n solar y reaplicarse cada tres o cuatro horas para prevenir enrojecimiento, inflamaci\u00f3n y quemaduras en la piel.<\/p>\n<\/p>\n<p>&nbsp;<\/p>\n<p style=\"text-align: justify;\" data-sourcepos=\"19:1-19:217\">Mantener una hidrataci\u00f3n adecuada bebiendo abundante agua simple potable es fundamental, prestando especial atenci\u00f3n a ni\u00f1os y adultos mayores, quienes son m\u00e1s vulnerables a los efectos del calor y la radiaci\u00f3n solar.<\/p>\n<\/p>\n<p>&nbsp;<\/p>\n<p style=\"text-align: justify;\" data-sourcepos=\"21:1-21:513\">La exposici\u00f3n prolongada al sol puede desencadenar diversos problemas de salud, incluyendo quemaduras solares, dermatitis solar hipocromiante (manchas blancas), manchas marrones en la piel (especialmente en el rostro) y queilitis (sequedad y agrietamiento labial).<\/p>\n<\/p>\n<p>&nbsp;<\/p>\n<p style=\"text-align: justify;\" data-sourcepos=\"21:1-21:513\">En casos m\u00e1s graves, aumenta el riesgo de desarrollar c\u00e1ncer de piel. Tambi\u00e9n pueden presentarse afectaciones oculares como conjuntivitis infecciosa, ojo rojo, lagrimeo y picaz\u00f3n, por lo que se recomienda acudir al m\u00e9dico en lugar de automedicarse.<\/p>\n<\/p>\n<p>&nbsp;<\/p>\n<p style=\"text-align: justify;\" data-sourcepos=\"23:1-23:331\">Tras la exposici\u00f3n solar, se sugiere beber mucha agua y aplicar crema hidratante con aloe vera. En caso de quemaduras, es crucial buscar atenci\u00f3n m\u00e9dica, preferentemente con un dermat\u00f3logo.<\/p>\n<\/p>\n<p>&nbsp;<\/p>\n<p style=\"text-align: justify;\" data-sourcepos=\"23:1-23:331\">La Secretar\u00eda de Salud reitera su llamado a la poblaci\u00f3n a tomar estas precauciones para proteger su bienestar durante la temporada de calor.<\/p>\n<\/p>\n<p>&nbsp;<\/p>\n<p style=\"text-align: center;\" data-sourcepos=\"23:1-23:331\"><em><strong>\u00a1Informaci\u00f3n que transforma!<\/strong><\/em><\/p>\n","protected":false},"excerpt":{"rendered":"<p>Ante el aumento de las temperaturas, la Secretar\u00eda de Salud emite una serie de recomendaciones cruciales para evitar da\u00f1os a la salud por la exposici\u00f3n solar, especialmente durante las horas de mayor intensidad de los rayos ultravioleta (UV).<\/p>\n","protected":false},"author":3,"featured_media":14273,"comment_status":"open","ping_status":"open","sticky":false,"template":"","format":"standard","meta":{"footnotes":""},"categories":[88,58],"tags":[461,4189,4191,4190],"class_list":["post-14271","post","type-post","status-publish","format-standard","has-post-thumbnail","hentry","category-nacional","category-ultima-hora","tag-prevencionsalud","tag-proteccionsolar","tag-rayosuv","tag-saludverano"],"yoast_head":"<!-- This site is optimized with the Yoast SEO plugin v25.0 - https:\/\/yoast.com\/wordpress\/plugins\/seo\/ -->\n<title>Prot\u00e9gete del sol Salud alerta sobre horarios peligrosos y da claves para cuidar tu piel y ojos | Nexo Informativo Santiago de Quer\u00e9taro<\/title>\n<meta name=\"description\" content=\"Prot\u00e9gete del sol Salud alerta sobre horarios peligrosos y da claves para cuidar tu piel y ojos\" \/>\n<meta name=\"robots\" content=\"index, follow, max-snippet:-1, max-image-preview:large, max-video-preview:-1\" \/>\n<link rel=\"canonical\" href=\"https:\/\/www.nexoinformativo.mx\/index.php\/2025\/04\/17\/protegete-del-sol-salud-alerta-sobre-horarios-peligrosos-y-da-claves-para-cuidar-tu-piel-y-ojos\/\" \/>\n<meta property=\"og:locale\" content=\"es_MX\" \/>\n<meta property=\"og:type\" content=\"article\" \/>\n<meta property=\"og:title\" content=\"Prot\u00e9gete del sol Salud alerta sobre horarios peligrosos y da claves para cuidar tu piel y ojos | Nexo Informativo Santiago de Quer\u00e9taro\" \/>\n<meta property=\"og:description\" content=\"Prot\u00e9gete del sol Salud alerta sobre horarios peligrosos y da claves para cuidar tu piel y ojos\" \/>\n<meta property=\"og:url\" content=\"https:\/\/www.nexoinformativo.mx\/index.php\/2025\/04\/17\/protegete-del-sol-salud-alerta-sobre-horarios-peligrosos-y-da-claves-para-cuidar-tu-piel-y-ojos\/\" \/>\n<meta property=\"og:site_name\" content=\"Nexo Informativo Santiago de Quer\u00e9taro\" \/>\n<meta property=\"article:publisher\" content=\"https:\/\/www.facebook.com\/people\/Nexo-Informativo\/61564066885511\/\" \/>\n<meta property=\"article:published_time\" content=\"2025-04-17T17:30:05+00:00\" \/>\n<meta property=\"article:modified_time\" content=\"2025-04-17T18:14:51+00:00\" \/>\n<meta property=\"og:image\" content=\"https:\/\/www.nexoinformativo.mx\/wp-content\/uploads\/2025\/04\/pexels-mikhail-nilov-8157145-e1744913683907.jpeg\" \/>\n\t<meta property=\"og:image:width\" content=\"800\" \/>\n\t<meta property=\"og:image:height\" content=\"533\" \/>\n\t<meta property=\"og:image:type\" content=\"image\/jpeg\" \/>\n<meta name=\"author\" content=\"Nexo Informativo\" \/>\n<meta name=\"twitter:card\" content=\"summary_large_image\" \/>\n<meta name=\"twitter:label1\" content=\"Escrito por\" \/>\n\t<meta name=\"twitter:data1\" content=\"Nexo Informativo\" \/>\n\t<meta name=\"twitter:label2\" content=\"Tiempo de lectura\" \/>\n\t<meta name=\"twitter:data2\" content=\"2 minutos\" \/>\n<script type=\"application\/ld+json\" class=\"yoast-schema-graph\">{\"@context\":\"https:\/\/schema.org\",\"@graph\":[{\"@type\":\"Article\",\"@id\":\"https:\/\/www.nexoinformativo.mx\/index.php\/2025\/04\/17\/protegete-del-sol-salud-alerta-sobre-horarios-peligrosos-y-da-claves-para-cuidar-tu-piel-y-ojos\/#article\",\"isPartOf\":{\"@id\":\"https:\/\/www.nexoinformativo.mx\/index.php\/2025\/04\/17\/protegete-del-sol-salud-alerta-sobre-horarios-peligrosos-y-da-claves-para-cuidar-tu-piel-y-ojos\/\"},\"author\":{\"name\":\"Nexo Informativo\",\"@id\":\"https:\/\/www.nexoinformativo.mx\/#\/schema\/person\/7749d380ba08c8ca00d7bc76fd907b7d\"},\"headline\":\"Prot\u00e9gete del sol Salud alerta sobre horarios peligrosos y da claves para cuidar tu piel y ojos\",\"datePublished\":\"2025-04-17T17:30:05+00:00\",\"dateModified\":\"2025-04-17T18:14:51+00:00\",\"mainEntityOfPage\":{\"@id\":\"https:\/\/www.nexoinformativo.mx\/index.php\/2025\/04\/17\/protegete-del-sol-salud-alerta-sobre-horarios-peligrosos-y-da-claves-para-cuidar-tu-piel-y-ojos\/\"},\"wordCount\":412,\"commentCount\":0,\"publisher\":{\"@id\":\"https:\/\/www.nexoinformativo.mx\/#organization\"},\"image\":{\"@id\":\"https:\/\/www.nexoinformativo.mx\/index.php\/2025\/04\/17\/protegete-del-sol-salud-alerta-sobre-horarios-peligrosos-y-da-claves-para-cuidar-tu-piel-y-ojos\/#primaryimage\"},\"thumbnailUrl\":\"https:\/\/www.nexoinformativo.mx\/wp-content\/uploads\/2025\/04\/pexels-mikhail-nilov-8157145-e1744913683907.jpeg\",\"keywords\":[\"Prevenci\u00f3nSalud\",\"Protecci\u00f3nSolar\",\"RayosUV\",\"SaludVerano\"],\"articleSection\":[\"Nacional\",\"\u00daltima Hora\"],\"inLanguage\":\"es\",\"potentialAction\":[{\"@type\":\"CommentAction\",\"name\":\"Comment\",\"target\":[\"https:\/\/www.nexoinformativo.mx\/index.php\/2025\/04\/17\/protegete-del-sol-salud-alerta-sobre-horarios-peligrosos-y-da-claves-para-cuidar-tu-piel-y-ojos\/#respond\"]}]},{\"@type\":\"WebPage\",\"@id\":\"https:\/\/www.nexoinformativo.mx\/index.php\/2025\/04\/17\/protegete-del-sol-salud-alerta-sobre-horarios-peligrosos-y-da-claves-para-cuidar-tu-piel-y-ojos\/\",\"url\":\"https:\/\/www.nexoinformativo.mx\/index.php\/2025\/04\/17\/protegete-del-sol-salud-alerta-sobre-horarios-peligrosos-y-da-claves-para-cuidar-tu-piel-y-ojos\/\",\"name\":\"Prot\u00e9gete del sol Salud alerta sobre horarios peligrosos y da claves para cuidar tu piel y ojos | Nexo Informativo Santiago de Quer\u00e9taro\",\"isPartOf\":{\"@id\":\"https:\/\/www.nexoinformativo.mx\/#website\"},\"primaryImageOfPage\":{\"@id\":\"https:\/\/www.nexoinformativo.mx\/index.php\/2025\/04\/17\/protegete-del-sol-salud-alerta-sobre-horarios-peligrosos-y-da-claves-para-cuidar-tu-piel-y-ojos\/#primaryimage\"},\"image\":{\"@id\":\"https:\/\/www.nexoinformativo.mx\/index.php\/2025\/04\/17\/protegete-del-sol-salud-alerta-sobre-horarios-peligrosos-y-da-claves-para-cuidar-tu-piel-y-ojos\/#primaryimage\"},\"thumbnailUrl\":\"https:\/\/www.nexoinformativo.mx\/wp-content\/uploads\/2025\/04\/pexels-mikhail-nilov-8157145-e1744913683907.jpeg\",\"datePublished\":\"2025-04-17T17:30:05+00:00\",\"dateModified\":\"2025-04-17T18:14:51+00:00\",\"description\":\"Prot\u00e9gete del sol Salud alerta sobre horarios peligrosos y da claves para cuidar tu piel y ojos\",\"breadcrumb\":{\"@id\":\"https:\/\/www.nexoinformativo.mx\/index.php\/2025\/04\/17\/protegete-del-sol-salud-alerta-sobre-horarios-peligrosos-y-da-claves-para-cuidar-tu-piel-y-ojos\/#breadcrumb\"},\"inLanguage\":\"es\",\"potentialAction\":[{\"@type\":\"ReadAction\",\"target\":[\"https:\/\/www.nexoinformativo.mx\/index.php\/2025\/04\/17\/protegete-del-sol-salud-alerta-sobre-horarios-peligrosos-y-da-claves-para-cuidar-tu-piel-y-ojos\/\"]}]},{\"@type\":\"ImageObject\",\"inLanguage\":\"es\",\"@id\":\"https:\/\/www.nexoinformativo.mx\/index.php\/2025\/04\/17\/protegete-del-sol-salud-alerta-sobre-horarios-peligrosos-y-da-claves-para-cuidar-tu-piel-y-ojos\/#primaryimage\",\"url\":\"https:\/\/www.nexoinformativo.mx\/wp-content\/uploads\/2025\/04\/pexels-mikhail-nilov-8157145-e1744913683907.jpeg\",\"contentUrl\":\"https:\/\/www.nexoinformativo.mx\/wp-content\/uploads\/2025\/04\/pexels-mikhail-nilov-8157145-e1744913683907.jpeg\",\"width\":800,\"height\":533},{\"@type\":\"BreadcrumbList\",\"@id\":\"https:\/\/www.nexoinformativo.mx\/index.php\/2025\/04\/17\/protegete-del-sol-salud-alerta-sobre-horarios-peligrosos-y-da-claves-para-cuidar-tu-piel-y-ojos\/#breadcrumb\",\"itemListElement\":[{\"@type\":\"ListItem\",\"position\":1,\"name\":\"Inicio\",\"item\":\"https:\/\/www.nexoinformativo.mx\/\"},{\"@type\":\"ListItem\",\"position\":2,\"name\":\"Prot\u00e9gete del sol Salud alerta sobre horarios peligrosos y da claves para cuidar tu piel y ojos\"}]},{\"@type\":\"WebSite\",\"@id\":\"https:\/\/www.nexoinformativo.mx\/#website\",\"url\":\"https:\/\/www.nexoinformativo.mx\/\",\"name\":\"Nexo Informativo Santiago de Quer\u00e9taro\",\"description\":\"Explora NexoInformativo y convi\u00e9rtete en parte de una comunidad que valora el conocimiento y la verdad. Tu nexoinformativo es tu puente hacia una comprensi\u00f3n m\u00e1s profunda del mundo que te rodea.\",\"publisher\":{\"@id\":\"https:\/\/www.nexoinformativo.mx\/#organization\"},\"potentialAction\":[{\"@type\":\"SearchAction\",\"target\":{\"@type\":\"EntryPoint\",\"urlTemplate\":\"https:\/\/www.nexoinformativo.mx\/?s={search_term_string}\"},\"query-input\":{\"@type\":\"PropertyValueSpecification\",\"valueRequired\":true,\"valueName\":\"search_term_string\"}}],\"inLanguage\":\"es\"},{\"@type\":\"Organization\",\"@id\":\"https:\/\/www.nexoinformativo.mx\/#organization\",\"name\":\"Nexo Informativo Santiago de Quer\u00e9taro\",\"url\":\"https:\/\/www.nexoinformativo.mx\/\",\"logo\":{\"@type\":\"ImageObject\",\"inLanguage\":\"es\",\"@id\":\"https:\/\/www.nexoinformativo.mx\/#\/schema\/logo\/image\/\",\"url\":\"https:\/\/www.nexoinformativo.mx\/wp-content\/uploads\/2024\/07\/nexoi-trasparente-2.png\",\"contentUrl\":\"https:\/\/www.nexoinformativo.mx\/wp-content\/uploads\/2024\/07\/nexoi-trasparente-2.png\",\"width\":816,\"height\":339,\"caption\":\"Nexo Informativo Santiago de Quer\u00e9taro\"},\"image\":{\"@id\":\"https:\/\/www.nexoinformativo.mx\/#\/schema\/logo\/image\/\"},\"sameAs\":[\"https:\/\/www.facebook.com\/people\/Nexo-Informativo\/61564066885511\/\"]},{\"@type\":\"Person\",\"@id\":\"https:\/\/www.nexoinformativo.mx\/#\/schema\/person\/7749d380ba08c8ca00d7bc76fd907b7d\",\"name\":\"Nexo Informativo\",\"image\":{\"@type\":\"ImageObject\",\"inLanguage\":\"es\",\"@id\":\"https:\/\/www.nexoinformativo.mx\/#\/schema\/person\/image\/\",\"url\":\"https:\/\/secure.gravatar.com\/avatar\/dde2928154642a13d95f87ddf1ea9718fe2b46760a005c53e41ff5ad610704e6?s=96&d=mm&r=g\",\"contentUrl\":\"https:\/\/secure.gravatar.com\/avatar\/dde2928154642a13d95f87ddf1ea9718fe2b46760a005c53e41ff5ad610704e6?s=96&d=mm&r=g\",\"caption\":\"Nexo Informativo\"},\"url\":\"https:\/\/www.nexoinformativo.mx\/index.php\/author\/edicion\/\"}]}<\/script>\n<!-- \/ Yoast SEO plugin. -->","yoast_head_json":{"title":"Prot\u00e9gete del sol Salud alerta sobre horarios peligrosos y da claves para cuidar tu piel y ojos | Nexo Informativo Santiago de Quer\u00e9taro","description":"Prot\u00e9gete del sol Salud alerta sobre horarios peligrosos y da claves para cuidar tu piel y ojos","robots":{"index":"index","follow":"follow","max-snippet":"max-snippet:-1","max-image-preview":"max-image-preview:large","max-video-preview":"max-video-preview:-1"},"canonical":"https:\/\/www.nexoinformativo.mx\/index.php\/2025\/04\/17\/protegete-del-sol-salud-alerta-sobre-horarios-peligrosos-y-da-claves-para-cuidar-tu-piel-y-ojos\/","og_locale":"es_MX","og_type":"article","og_title":"Prot\u00e9gete del sol Salud alerta sobre horarios peligrosos y da claves para cuidar tu piel y ojos | Nexo Informativo Santiago de Quer\u00e9taro","og_description":"Prot\u00e9gete del sol Salud alerta sobre horarios peligrosos y da claves para cuidar tu piel y ojos","og_url":"https:\/\/www.nexoinformativo.mx\/index.php\/2025\/04\/17\/protegete-del-sol-salud-alerta-sobre-horarios-peligrosos-y-da-claves-para-cuidar-tu-piel-y-ojos\/","og_site_name":"Nexo Informativo Santiago de Quer\u00e9taro","article_publisher":"https:\/\/www.facebook.com\/people\/Nexo-Informativo\/61564066885511\/","article_published_time":"2025-04-17T17:30:05+00:00","article_modified_time":"2025-04-17T18:14:51+00:00","og_image":[{"width":800,"height":533,"url":"https:\/\/www.nexoinformativo.mx\/wp-content\/uploads\/2025\/04\/pexels-mikhail-nilov-8157145-e1744913683907.jpeg","type":"image\/jpeg"}],"author":"Nexo Informativo","twitter_card":"summary_large_image","twitter_misc":{"Escrito por":"Nexo Informativo","Tiempo de lectura":"2 minutos"},"schema":{"@context":"https:\/\/schema.org","@graph":[{"@type":"Article","@id":"https:\/\/www.nexoinformativo.mx\/index.php\/2025\/04\/17\/protegete-del-sol-salud-alerta-sobre-horarios-peligrosos-y-da-claves-para-cuidar-tu-piel-y-ojos\/#article","isPartOf":{"@id":"https:\/\/www.nexoinformativo.mx\/index.php\/2025\/04\/17\/protegete-del-sol-salud-alerta-sobre-horarios-peligrosos-y-da-claves-para-cuidar-tu-piel-y-ojos\/"},"author":{"name":"Nexo Informativo","@id":"https:\/\/www.nexoinformativo.mx\/#\/schema\/person\/7749d380ba08c8ca00d7bc76fd907b7d"},"headline":"Prot\u00e9gete del sol Salud alerta sobre horarios peligrosos y da claves para cuidar tu piel y ojos","datePublished":"2025-04-17T17:30:05+00:00","dateModified":"2025-04-17T18:14:51+00:00","mainEntityOfPage":{"@id":"https:\/\/www.nexoinformativo.mx\/index.php\/2025\/04\/17\/protegete-del-sol-salud-alerta-sobre-horarios-peligrosos-y-da-claves-para-cuidar-tu-piel-y-ojos\/"},"wordCount":412,"commentCount":0,"publisher":{"@id":"https:\/\/www.nexoinformativo.mx\/#organization"},"image":{"@id":"https:\/\/www.nexoinformativo.mx\/index.php\/2025\/04\/17\/protegete-del-sol-salud-alerta-sobre-horarios-peligrosos-y-da-claves-para-cuidar-tu-piel-y-ojos\/#primaryimage"},"thumbnailUrl":"https:\/\/www.nexoinformativo.mx\/wp-content\/uploads\/2025\/04\/pexels-mikhail-nilov-8157145-e1744913683907.jpeg","keywords":["Prevenci\u00f3nSalud","Protecci\u00f3nSolar","RayosUV","SaludVerano"],"articleSection":["Nacional","\u00daltima Hora"],"inLanguage":"es","potentialAction":[{"@type":"CommentAction","name":"Comment","target":["https:\/\/www.nexoinformativo.mx\/index.php\/2025\/04\/17\/protegete-del-sol-salud-alerta-sobre-horarios-peligrosos-y-da-claves-para-cuidar-tu-piel-y-ojos\/#respond"]}]},{"@type":"WebPage","@id":"https:\/\/www.nexoinformativo.mx\/index.php\/2025\/04\/17\/protegete-del-sol-salud-alerta-sobre-horarios-peligrosos-y-da-claves-para-cuidar-tu-piel-y-ojos\/","url":"https:\/\/www.nexoinformativo.mx\/index.php\/2025\/04\/17\/protegete-del-sol-salud-alerta-sobre-horarios-peligrosos-y-da-claves-para-cuidar-tu-piel-y-ojos\/","name":"Prot\u00e9gete del sol Salud alerta sobre horarios peligrosos y da claves para cuidar tu piel y ojos | Nexo Informativo Santiago de Quer\u00e9taro","isPartOf":{"@id":"https:\/\/www.nexoinformativo.mx\/#website"},"primaryImageOfPage":{"@id":"https:\/\/www.nexoinformativo.mx\/index.php\/2025\/04\/17\/protegete-del-sol-salud-alerta-sobre-horarios-peligrosos-y-da-claves-para-cuidar-tu-piel-y-ojos\/#primaryimage"},"image":{"@id":"https:\/\/www.nexoinformativo.mx\/index.php\/2025\/04\/17\/protegete-del-sol-salud-alerta-sobre-horarios-peligrosos-y-da-claves-para-cuidar-tu-piel-y-ojos\/#primaryimage"},"thumbnailUrl":"https:\/\/www.nexoinformativo.mx\/wp-content\/uploads\/2025\/04\/pexels-mikhail-nilov-8157145-e1744913683907.jpeg","datePublished":"2025-04-17T17:30:05+00:00","dateModified":"2025-04-17T18:14:51+00:00","description":"Prot\u00e9gete del sol Salud alerta sobre horarios peligrosos y da claves para cuidar tu piel y ojos","breadcrumb":{"@id":"https:\/\/www.nexoinformativo.mx\/index.php\/2025\/04\/17\/protegete-del-sol-salud-alerta-sobre-horarios-peligrosos-y-da-claves-para-cuidar-tu-piel-y-ojos\/#breadcrumb"},"inLanguage":"es","potentialAction":[{"@type":"ReadAction","target":["https:\/\/www.nexoinformativo.mx\/index.php\/2025\/04\/17\/protegete-del-sol-salud-alerta-sobre-horarios-peligrosos-y-da-claves-para-cuidar-tu-piel-y-ojos\/"]}]},{"@type":"ImageObject","inLanguage":"es","@id":"https:\/\/www.nexoinformativo.mx\/index.php\/2025\/04\/17\/protegete-del-sol-salud-alerta-sobre-horarios-peligrosos-y-da-claves-para-cuidar-tu-piel-y-ojos\/#primaryimage","url":"https:\/\/www.nexoinformativo.mx\/wp-content\/uploads\/2025\/04\/pexels-mikhail-nilov-8157145-e1744913683907.jpeg","contentUrl":"https:\/\/www.nexoinformativo.mx\/wp-content\/uploads\/2025\/04\/pexels-mikhail-nilov-8157145-e1744913683907.jpeg","width":800,"height":533},{"@type":"BreadcrumbList","@id":"https:\/\/www.nexoinformativo.mx\/index.php\/2025\/04\/17\/protegete-del-sol-salud-alerta-sobre-horarios-peligrosos-y-da-claves-para-cuidar-tu-piel-y-ojos\/#breadcrumb","itemListElement":[{"@type":"ListItem","position":1,"name":"Inicio","item":"https:\/\/www.nexoinformativo.mx\/"},{"@type":"ListItem","position":2,"name":"Prot\u00e9gete del sol Salud alerta sobre horarios peligrosos y da claves para cuidar tu piel y ojos"}]},{"@type":"WebSite","@id":"https:\/\/www.nexoinformativo.mx\/#website","url":"https:\/\/www.nexoinformativo.mx\/","name":"Nexo Informativo Santiago de Quer\u00e9taro","description":"Explora NexoInformativo y convi\u00e9rtete en parte de una comunidad que valora el conocimiento y la verdad. Tu nexoinformativo es tu puente hacia una comprensi\u00f3n m\u00e1s profunda del mundo que te rodea.","publisher":{"@id":"https:\/\/www.nexoinformativo.mx\/#organization"},"potentialAction":[{"@type":"SearchAction","target":{"@type":"EntryPoint","urlTemplate":"https:\/\/www.nexoinformativo.mx\/?s={search_term_string}"},"query-input":{"@type":"PropertyValueSpecification","valueRequired":true,"valueName":"search_term_string"}}],"inLanguage":"es"},{"@type":"Organization","@id":"https:\/\/www.nexoinformativo.mx\/#organization","name":"Nexo Informativo Santiago de Quer\u00e9taro","url":"https:\/\/www.nexoinformativo.mx\/","logo":{"@type":"ImageObject","inLanguage":"es","@id":"https:\/\/www.nexoinformativo.mx\/#\/schema\/logo\/image\/","url":"https:\/\/www.nexoinformativo.mx\/wp-content\/uploads\/2024\/07\/nexoi-trasparente-2.png","contentUrl":"https:\/\/www.nexoinformativo.mx\/wp-content\/uploads\/2024\/07\/nexoi-trasparente-2.png","width":816,"height":339,"caption":"Nexo Informativo Santiago de Quer\u00e9taro"},"image":{"@id":"https:\/\/www.nexoinformativo.mx\/#\/schema\/logo\/image\/"},"sameAs":["https:\/\/www.facebook.com\/people\/Nexo-Informativo\/61564066885511\/"]},{"@type":"Person","@id":"https:\/\/www.nexoinformativo.mx\/#\/schema\/person\/7749d380ba08c8ca00d7bc76fd907b7d","name":"Nexo Informativo","image":{"@type":"ImageObject","inLanguage":"es","@id":"https:\/\/www.nexoinformativo.mx\/#\/schema\/person\/image\/","url":"https:\/\/secure.gravatar.com\/avatar\/dde2928154642a13d95f87ddf1ea9718fe2b46760a005c53e41ff5ad610704e6?s=96&d=mm&r=g","contentUrl":"https:\/\/secure.gravatar.com\/avatar\/dde2928154642a13d95f87ddf1ea9718fe2b46760a005c53e41ff5ad610704e6?s=96&d=mm&r=g","caption":"Nexo Informativo"},"url":"https:\/\/www.nexoinformativo.mx\/index.php\/author\/edicion\/"}]}},"_links":{"self":[{"href":"https:\/\/www.nexoinformativo.mx\/index.php\/wp-json\/wp\/v2\/posts\/14271","targetHints":{"allow":["GET"]}}],"collection":[{"href":"https:\/\/www.nexoinformativo.mx\/index.php\/wp-json\/wp\/v2\/posts"}],"about":[{"href":"https:\/\/www.nexoinformativo.mx\/index.php\/wp-json\/wp\/v2\/types\/post"}],"author":[{"embeddable":true,"href":"https:\/\/www.nexoinformativo.mx\/index.php\/wp-json\/wp\/v2\/users\/3"}],"replies":[{"embeddable":true,"href":"https:\/\/www.nexoinformativo.mx\/index.php\/wp-json\/wp\/v2\/comments?post=14271"}],"version-history":[{"count":3,"href":"https:\/\/www.nexoinformativo.mx\/index.php\/wp-json\/wp\/v2\/posts\/14271\/revisions"}],"predecessor-version":[{"id":14275,"href":"https:\/\/www.nexoinformativo.mx\/index.php\/wp-json\/wp\/v2\/posts\/14271\/revisions\/14275"}],"wp:featuredmedia":[{"embeddable":true,"href":"https:\/\/www.nexoinformativo.mx\/index.php\/wp-json\/wp\/v2\/media\/14273"}],"wp:attachment":[{"href":"https:\/\/www.nexoinformativo.mx\/index.php\/wp-json\/wp\/v2\/media?parent=14271"}],"wp:term":[{"taxonomy":"category","embeddable":true,"href":"https:\/\/www.nexoinformativo.mx\/index.php\/wp-json\/wp\/v2\/categories?post=14271"},{"taxonomy":"post_tag","embeddable":true,"href":"https:\/\/www.nexoinformativo.mx\/index.php\/wp-json\/wp\/v2\/tags?post=14271"}],"curies":[{"name":"wp","href":"https:\/\/api.w.org\/{rel}","templated":true}]}}