{"id":14276,"date":"2025-04-17T12:00:20","date_gmt":"2025-04-17T18:00:20","guid":{"rendered":"https:\/\/www.nexoinformativo.mx\/?p=14276"},"modified":"2025-04-17T12:24:43","modified_gmt":"2025-04-17T18:24:43","slug":"del-campo-a-tu-mesa-profeco-monitorea-los-precios-del-limon-el-ingrediente-estrella-esta-temporada","status":"publish","type":"post","link":"https:\/\/www.nexoinformativo.mx\/index.php\/2025\/04\/17\/del-campo-a-tu-mesa-profeco-monitorea-los-precios-del-limon-el-ingrediente-estrella-esta-temporada\/","title":{"rendered":"Del campo a tu mesa Profeco monitorea los precios del lim\u00f3n el ingrediente estrella esta temporada"},"content":{"rendered":"<p style=\"text-align: justify;\" data-sourcepos=\"11:1-11:434\">El lim\u00f3n, un ingrediente esencial en la gastronom\u00eda de la Cuaresma por su alta demanda en esta temporada, est\u00e1 siendo monitoreado de cerca por la <strong>Procuradur\u00eda Federal del Consumidor<\/strong> (Profeco) para evitar incrementos injustificados en su precio.<\/p>\n<p>&nbsp;<\/p>\n<p style=\"text-align: justify;\" data-sourcepos=\"11:1-11:434\">A trav\u00e9s de su programa<strong> Qui\u00e9n es Qui\u00e9n en los Precios<\/strong>, Profeco informa que el precio promedio del c\u00edtrico oscila entre los $33.00 y $36.90 pesos por kilogramo.<\/p>\n<p>&nbsp;<\/p>\n<p style=\"text-align: justify;\" data-sourcepos=\"13:1-13:492\">En cuanto al lim\u00f3n agrio con semilla o lim\u00f3n Colima, Profeco identific\u00f3 los precios m\u00e1s bajos en la Central de Abasto de la Ciudad de M\u00e9xico y en el mercado p\u00fablico ubicado en Reforma 405-A, en San Luis Potos\u00ed, ambos a $20.00 pesos el kilo, seguidos por la Central de Abasto de Durango a $22.00 pesos el kilo.<\/p>\n<p>&nbsp;<\/p>\n<p style=\"text-align: justify;\" data-sourcepos=\"13:1-13:492\">Los precios m\u00e1s altos para esta variedad se encontraron en el mercado p\u00fablico de Cuernavaca y en Chedraui Belisario Dom\u00ednguez en Tuxtla Guti\u00e9rrez, ambos a $50.00 pesos por kilogramo.<\/p>\n<p>&nbsp;<\/p>\n<p style=\"text-align: justify;\" data-sourcepos=\"15:1-15:630\">Para el lim\u00f3n sin semilla, tambi\u00e9n conocido como lim\u00f3n Persa, los precios m\u00e1s econ\u00f3micos se registraron en la Central de Abasto de la Ciudad de M\u00e9xico y en el Mercado Municipal de Tampico, ambos a $25.00 pesos el kilo, y en Chedraui Madero en La Paz, Baja California, a $25.87 pesos el kilo.<\/p>\n<p>&nbsp;<\/p>\n<p style=\"text-align: justify;\" data-sourcepos=\"15:1-15:630\">En presentaci\u00f3n de bolsa de malla de 1 kg, el precio m\u00e1s bajo para el lim\u00f3n sin semilla se ubic\u00f3 en $29.90 pesos en ciudades como Tijuana, Campeche, Tuxtla Guti\u00e9rrez, Hermosillo y M\u00e9rida. En contraste, los precios m\u00e1s elevados para el lim\u00f3n sin semilla se hallaron en Culiac\u00e1n, Durango y La Paz, alcanzando los $69.90 pesos por kilogramo.<\/p>\n<p>&nbsp;<\/p>\n<p style=\"text-align: justify;\" data-sourcepos=\"17:1-17:269\">La Profeco invita a los consumidores a consultar su plataforma en l\u00ednea <a href=\"https:\/\/qqp.profeco.gob.mx\/\" target=\"_blank\" rel=\"noopener\">https:\/\/qqp.profeco.gob.mx\/<\/a> para tomar decisiones de compra informadas y encontrar los mejores precios del lim\u00f3n y otros productos durante esta temporada.<\/p>\n<p>&nbsp;<\/p>\n<p style=\"text-align: center;\" data-sourcepos=\"17:1-17:269\"><em><strong>\u00a1Informaci\u00f3n que transforma!<\/strong><\/em><\/p>\n","protected":false},"excerpt":{"rendered":"<p>El lim\u00f3n, un ingrediente esencial en la gastronom\u00eda de la Cuaresma por su alta demanda en esta temporada, est\u00e1 siendo monitoreado de cerca por la Procuradur\u00eda Federal del Consumidor (Profeco) para evitar incrementos injustificados en su precio.<\/p>\n","protected":false},"author":3,"featured_media":14277,"comment_status":"open","ping_status":"open","sticky":false,"template":"","format":"standard","meta":{"footnotes":""},"categories":[5,88,58],"tags":[4195,4192,4193,4194],"class_list":["post-14276","post","type-post","status-publish","format-standard","has-post-thumbnail","hentry","category-economia","category-nacional","category-ultima-hora","tag-cuaresmagourmet","tag-preciolimon","tag-profecocuidatubolsillo","tag-quienesquienenlosprecios"],"yoast_head":"<!-- This site is optimized with the Yoast SEO plugin v25.0 - https:\/\/yoast.com\/wordpress\/plugins\/seo\/ -->\n<title>Del campo a tu mesa Profeco monitorea los precios del lim\u00f3n el ingrediente estrella esta temporada | Nexo Informativo Santiago de Quer\u00e9taro<\/title>\n<meta name=\"description\" content=\"Del campo a tu mesa Profeco monitorea los precios del lim\u00f3n el ingrediente estrella esta temporada\" \/>\n<meta name=\"robots\" content=\"index, follow, max-snippet:-1, max-image-preview:large, max-video-preview:-1\" \/>\n<link rel=\"canonical\" href=\"https:\/\/www.nexoinformativo.mx\/index.php\/2025\/04\/17\/del-campo-a-tu-mesa-profeco-monitorea-los-precios-del-limon-el-ingrediente-estrella-esta-temporada\/\" \/>\n<meta property=\"og:locale\" content=\"es_MX\" \/>\n<meta property=\"og:type\" content=\"article\" \/>\n<meta property=\"og:title\" content=\"Del campo a tu mesa Profeco monitorea los precios del lim\u00f3n el ingrediente estrella esta temporada | Nexo Informativo Santiago de Quer\u00e9taro\" \/>\n<meta property=\"og:description\" content=\"Del campo a tu mesa Profeco monitorea los precios del lim\u00f3n el ingrediente estrella esta temporada\" \/>\n<meta property=\"og:url\" content=\"https:\/\/www.nexoinformativo.mx\/index.php\/2025\/04\/17\/del-campo-a-tu-mesa-profeco-monitorea-los-precios-del-limon-el-ingrediente-estrella-esta-temporada\/\" \/>\n<meta property=\"og:site_name\" content=\"Nexo Informativo Santiago de Quer\u00e9taro\" \/>\n<meta property=\"article:publisher\" content=\"https:\/\/www.facebook.com\/people\/Nexo-Informativo\/61564066885511\/\" \/>\n<meta property=\"article:published_time\" content=\"2025-04-17T18:00:20+00:00\" \/>\n<meta property=\"article:modified_time\" content=\"2025-04-17T18:24:43+00:00\" \/>\n<meta property=\"og:image\" content=\"https:\/\/www.nexoinformativo.mx\/wp-content\/uploads\/2025\/04\/pexels-skylar-kang-6431954-e1744914225140.jpg\" \/>\n\t<meta property=\"og:image:width\" content=\"800\" \/>\n\t<meta property=\"og:image:height\" content=\"530\" \/>\n\t<meta property=\"og:image:type\" content=\"image\/jpeg\" \/>\n<meta name=\"author\" content=\"Nexo Informativo\" \/>\n<meta name=\"twitter:card\" content=\"summary_large_image\" \/>\n<meta name=\"twitter:label1\" content=\"Escrito por\" \/>\n\t<meta name=\"twitter:data1\" content=\"Nexo Informativo\" \/>\n\t<meta name=\"twitter:label2\" content=\"Tiempo de lectura\" \/>\n\t<meta name=\"twitter:data2\" content=\"2 minutos\" \/>\n<script type=\"application\/ld+json\" class=\"yoast-schema-graph\">{\"@context\":\"https:\/\/schema.org\",\"@graph\":[{\"@type\":\"Article\",\"@id\":\"https:\/\/www.nexoinformativo.mx\/index.php\/2025\/04\/17\/del-campo-a-tu-mesa-profeco-monitorea-los-precios-del-limon-el-ingrediente-estrella-esta-temporada\/#article\",\"isPartOf\":{\"@id\":\"https:\/\/www.nexoinformativo.mx\/index.php\/2025\/04\/17\/del-campo-a-tu-mesa-profeco-monitorea-los-precios-del-limon-el-ingrediente-estrella-esta-temporada\/\"},\"author\":{\"name\":\"Nexo Informativo\",\"@id\":\"https:\/\/www.nexoinformativo.mx\/#\/schema\/person\/7749d380ba08c8ca00d7bc76fd907b7d\"},\"headline\":\"Del campo a tu mesa Profeco monitorea los precios del lim\u00f3n el ingrediente estrella esta temporada\",\"datePublished\":\"2025-04-17T18:00:20+00:00\",\"dateModified\":\"2025-04-17T18:24:43+00:00\",\"mainEntityOfPage\":{\"@id\":\"https:\/\/www.nexoinformativo.mx\/index.php\/2025\/04\/17\/del-campo-a-tu-mesa-profeco-monitorea-los-precios-del-limon-el-ingrediente-estrella-esta-temporada\/\"},\"wordCount\":349,\"commentCount\":0,\"publisher\":{\"@id\":\"https:\/\/www.nexoinformativo.mx\/#organization\"},\"image\":{\"@id\":\"https:\/\/www.nexoinformativo.mx\/index.php\/2025\/04\/17\/del-campo-a-tu-mesa-profeco-monitorea-los-precios-del-limon-el-ingrediente-estrella-esta-temporada\/#primaryimage\"},\"thumbnailUrl\":\"https:\/\/www.nexoinformativo.mx\/wp-content\/uploads\/2025\/04\/pexels-skylar-kang-6431954-e1744914225140.jpg\",\"keywords\":[\"CuaresmaGourmet\",\"PrecioLim\u00f3n\",\"ProfecoCuidaTuBolsillo\",\"Qui\u00e9nEsQui\u00e9nEnLosPrecios\"],\"articleSection\":[\"Econom\u00eda\",\"Nacional\",\"\u00daltima Hora\"],\"inLanguage\":\"es\",\"potentialAction\":[{\"@type\":\"CommentAction\",\"name\":\"Comment\",\"target\":[\"https:\/\/www.nexoinformativo.mx\/index.php\/2025\/04\/17\/del-campo-a-tu-mesa-profeco-monitorea-los-precios-del-limon-el-ingrediente-estrella-esta-temporada\/#respond\"]}]},{\"@type\":\"WebPage\",\"@id\":\"https:\/\/www.nexoinformativo.mx\/index.php\/2025\/04\/17\/del-campo-a-tu-mesa-profeco-monitorea-los-precios-del-limon-el-ingrediente-estrella-esta-temporada\/\",\"url\":\"https:\/\/www.nexoinformativo.mx\/index.php\/2025\/04\/17\/del-campo-a-tu-mesa-profeco-monitorea-los-precios-del-limon-el-ingrediente-estrella-esta-temporada\/\",\"name\":\"Del campo a tu mesa Profeco monitorea los precios del lim\u00f3n el ingrediente estrella esta temporada | Nexo Informativo Santiago de Quer\u00e9taro\",\"isPartOf\":{\"@id\":\"https:\/\/www.nexoinformativo.mx\/#website\"},\"primaryImageOfPage\":{\"@id\":\"https:\/\/www.nexoinformativo.mx\/index.php\/2025\/04\/17\/del-campo-a-tu-mesa-profeco-monitorea-los-precios-del-limon-el-ingrediente-estrella-esta-temporada\/#primaryimage\"},\"image\":{\"@id\":\"https:\/\/www.nexoinformativo.mx\/index.php\/2025\/04\/17\/del-campo-a-tu-mesa-profeco-monitorea-los-precios-del-limon-el-ingrediente-estrella-esta-temporada\/#primaryimage\"},\"thumbnailUrl\":\"https:\/\/www.nexoinformativo.mx\/wp-content\/uploads\/2025\/04\/pexels-skylar-kang-6431954-e1744914225140.jpg\",\"datePublished\":\"2025-04-17T18:00:20+00:00\",\"dateModified\":\"2025-04-17T18:24:43+00:00\",\"description\":\"Del campo a tu mesa Profeco monitorea los precios del lim\u00f3n el ingrediente estrella esta temporada\",\"breadcrumb\":{\"@id\":\"https:\/\/www.nexoinformativo.mx\/index.php\/2025\/04\/17\/del-campo-a-tu-mesa-profeco-monitorea-los-precios-del-limon-el-ingrediente-estrella-esta-temporada\/#breadcrumb\"},\"inLanguage\":\"es\",\"potentialAction\":[{\"@type\":\"ReadAction\",\"target\":[\"https:\/\/www.nexoinformativo.mx\/index.php\/2025\/04\/17\/del-campo-a-tu-mesa-profeco-monitorea-los-precios-del-limon-el-ingrediente-estrella-esta-temporada\/\"]}]},{\"@type\":\"ImageObject\",\"inLanguage\":\"es\",\"@id\":\"https:\/\/www.nexoinformativo.mx\/index.php\/2025\/04\/17\/del-campo-a-tu-mesa-profeco-monitorea-los-precios-del-limon-el-ingrediente-estrella-esta-temporada\/#primaryimage\",\"url\":\"https:\/\/www.nexoinformativo.mx\/wp-content\/uploads\/2025\/04\/pexels-skylar-kang-6431954-e1744914225140.jpg\",\"contentUrl\":\"https:\/\/www.nexoinformativo.mx\/wp-content\/uploads\/2025\/04\/pexels-skylar-kang-6431954-e1744914225140.jpg\",\"width\":800,\"height\":530},{\"@type\":\"BreadcrumbList\",\"@id\":\"https:\/\/www.nexoinformativo.mx\/index.php\/2025\/04\/17\/del-campo-a-tu-mesa-profeco-monitorea-los-precios-del-limon-el-ingrediente-estrella-esta-temporada\/#breadcrumb\",\"itemListElement\":[{\"@type\":\"ListItem\",\"position\":1,\"name\":\"Inicio\",\"item\":\"https:\/\/www.nexoinformativo.mx\/\"},{\"@type\":\"ListItem\",\"position\":2,\"name\":\"Del campo a tu mesa Profeco monitorea los precios del lim\u00f3n el ingrediente estrella esta temporada\"}]},{\"@type\":\"WebSite\",\"@id\":\"https:\/\/www.nexoinformativo.mx\/#website\",\"url\":\"https:\/\/www.nexoinformativo.mx\/\",\"name\":\"Nexo Informativo Santiago de Quer\u00e9taro\",\"description\":\"Explora NexoInformativo y convi\u00e9rtete en parte de una comunidad que valora el conocimiento y la verdad. Tu nexoinformativo es tu puente hacia una comprensi\u00f3n m\u00e1s profunda del mundo que te rodea.\",\"publisher\":{\"@id\":\"https:\/\/www.nexoinformativo.mx\/#organization\"},\"potentialAction\":[{\"@type\":\"SearchAction\",\"target\":{\"@type\":\"EntryPoint\",\"urlTemplate\":\"https:\/\/www.nexoinformativo.mx\/?s={search_term_string}\"},\"query-input\":{\"@type\":\"PropertyValueSpecification\",\"valueRequired\":true,\"valueName\":\"search_term_string\"}}],\"inLanguage\":\"es\"},{\"@type\":\"Organization\",\"@id\":\"https:\/\/www.nexoinformativo.mx\/#organization\",\"name\":\"Nexo Informativo Santiago de Quer\u00e9taro\",\"url\":\"https:\/\/www.nexoinformativo.mx\/\",\"logo\":{\"@type\":\"ImageObject\",\"inLanguage\":\"es\",\"@id\":\"https:\/\/www.nexoinformativo.mx\/#\/schema\/logo\/image\/\",\"url\":\"https:\/\/www.nexoinformativo.mx\/wp-content\/uploads\/2024\/07\/nexoi-trasparente-2.png\",\"contentUrl\":\"https:\/\/www.nexoinformativo.mx\/wp-content\/uploads\/2024\/07\/nexoi-trasparente-2.png\",\"width\":816,\"height\":339,\"caption\":\"Nexo Informativo Santiago de Quer\u00e9taro\"},\"image\":{\"@id\":\"https:\/\/www.nexoinformativo.mx\/#\/schema\/logo\/image\/\"},\"sameAs\":[\"https:\/\/www.facebook.com\/people\/Nexo-Informativo\/61564066885511\/\"]},{\"@type\":\"Person\",\"@id\":\"https:\/\/www.nexoinformativo.mx\/#\/schema\/person\/7749d380ba08c8ca00d7bc76fd907b7d\",\"name\":\"Nexo Informativo\",\"image\":{\"@type\":\"ImageObject\",\"inLanguage\":\"es\",\"@id\":\"https:\/\/www.nexoinformativo.mx\/#\/schema\/person\/image\/\",\"url\":\"https:\/\/secure.gravatar.com\/avatar\/dde2928154642a13d95f87ddf1ea9718fe2b46760a005c53e41ff5ad610704e6?s=96&d=mm&r=g\",\"contentUrl\":\"https:\/\/secure.gravatar.com\/avatar\/dde2928154642a13d95f87ddf1ea9718fe2b46760a005c53e41ff5ad610704e6?s=96&d=mm&r=g\",\"caption\":\"Nexo Informativo\"},\"url\":\"https:\/\/www.nexoinformativo.mx\/index.php\/author\/edicion\/\"}]}<\/script>\n<!-- \/ Yoast SEO plugin. -->","yoast_head_json":{"title":"Del campo a tu mesa Profeco monitorea los precios del lim\u00f3n el ingrediente estrella esta temporada | Nexo Informativo Santiago de Quer\u00e9taro","description":"Del campo a tu mesa Profeco monitorea los precios del lim\u00f3n el ingrediente estrella esta temporada","robots":{"index":"index","follow":"follow","max-snippet":"max-snippet:-1","max-image-preview":"max-image-preview:large","max-video-preview":"max-video-preview:-1"},"canonical":"https:\/\/www.nexoinformativo.mx\/index.php\/2025\/04\/17\/del-campo-a-tu-mesa-profeco-monitorea-los-precios-del-limon-el-ingrediente-estrella-esta-temporada\/","og_locale":"es_MX","og_type":"article","og_title":"Del campo a tu mesa Profeco monitorea los precios del lim\u00f3n el ingrediente estrella esta temporada | Nexo Informativo Santiago de Quer\u00e9taro","og_description":"Del campo a tu mesa Profeco monitorea los precios del lim\u00f3n el ingrediente estrella esta temporada","og_url":"https:\/\/www.nexoinformativo.mx\/index.php\/2025\/04\/17\/del-campo-a-tu-mesa-profeco-monitorea-los-precios-del-limon-el-ingrediente-estrella-esta-temporada\/","og_site_name":"Nexo Informativo Santiago de Quer\u00e9taro","article_publisher":"https:\/\/www.facebook.com\/people\/Nexo-Informativo\/61564066885511\/","article_published_time":"2025-04-17T18:00:20+00:00","article_modified_time":"2025-04-17T18:24:43+00:00","og_image":[{"width":800,"height":530,"url":"https:\/\/www.nexoinformativo.mx\/wp-content\/uploads\/2025\/04\/pexels-skylar-kang-6431954-e1744914225140.jpg","type":"image\/jpeg"}],"author":"Nexo Informativo","twitter_card":"summary_large_image","twitter_misc":{"Escrito por":"Nexo Informativo","Tiempo de lectura":"2 minutos"},"schema":{"@context":"https:\/\/schema.org","@graph":[{"@type":"Article","@id":"https:\/\/www.nexoinformativo.mx\/index.php\/2025\/04\/17\/del-campo-a-tu-mesa-profeco-monitorea-los-precios-del-limon-el-ingrediente-estrella-esta-temporada\/#article","isPartOf":{"@id":"https:\/\/www.nexoinformativo.mx\/index.php\/2025\/04\/17\/del-campo-a-tu-mesa-profeco-monitorea-los-precios-del-limon-el-ingrediente-estrella-esta-temporada\/"},"author":{"name":"Nexo Informativo","@id":"https:\/\/www.nexoinformativo.mx\/#\/schema\/person\/7749d380ba08c8ca00d7bc76fd907b7d"},"headline":"Del campo a tu mesa Profeco monitorea los precios del lim\u00f3n el ingrediente estrella esta temporada","datePublished":"2025-04-17T18:00:20+00:00","dateModified":"2025-04-17T18:24:43+00:00","mainEntityOfPage":{"@id":"https:\/\/www.nexoinformativo.mx\/index.php\/2025\/04\/17\/del-campo-a-tu-mesa-profeco-monitorea-los-precios-del-limon-el-ingrediente-estrella-esta-temporada\/"},"wordCount":349,"commentCount":0,"publisher":{"@id":"https:\/\/www.nexoinformativo.mx\/#organization"},"image":{"@id":"https:\/\/www.nexoinformativo.mx\/index.php\/2025\/04\/17\/del-campo-a-tu-mesa-profeco-monitorea-los-precios-del-limon-el-ingrediente-estrella-esta-temporada\/#primaryimage"},"thumbnailUrl":"https:\/\/www.nexoinformativo.mx\/wp-content\/uploads\/2025\/04\/pexels-skylar-kang-6431954-e1744914225140.jpg","keywords":["CuaresmaGourmet","PrecioLim\u00f3n","ProfecoCuidaTuBolsillo","Qui\u00e9nEsQui\u00e9nEnLosPrecios"],"articleSection":["Econom\u00eda","Nacional","\u00daltima Hora"],"inLanguage":"es","potentialAction":[{"@type":"CommentAction","name":"Comment","target":["https:\/\/www.nexoinformativo.mx\/index.php\/2025\/04\/17\/del-campo-a-tu-mesa-profeco-monitorea-los-precios-del-limon-el-ingrediente-estrella-esta-temporada\/#respond"]}]},{"@type":"WebPage","@id":"https:\/\/www.nexoinformativo.mx\/index.php\/2025\/04\/17\/del-campo-a-tu-mesa-profeco-monitorea-los-precios-del-limon-el-ingrediente-estrella-esta-temporada\/","url":"https:\/\/www.nexoinformativo.mx\/index.php\/2025\/04\/17\/del-campo-a-tu-mesa-profeco-monitorea-los-precios-del-limon-el-ingrediente-estrella-esta-temporada\/","name":"Del campo a tu mesa Profeco monitorea los precios del lim\u00f3n el ingrediente estrella esta temporada | Nexo Informativo Santiago de Quer\u00e9taro","isPartOf":{"@id":"https:\/\/www.nexoinformativo.mx\/#website"},"primaryImageOfPage":{"@id":"https:\/\/www.nexoinformativo.mx\/index.php\/2025\/04\/17\/del-campo-a-tu-mesa-profeco-monitorea-los-precios-del-limon-el-ingrediente-estrella-esta-temporada\/#primaryimage"},"image":{"@id":"https:\/\/www.nexoinformativo.mx\/index.php\/2025\/04\/17\/del-campo-a-tu-mesa-profeco-monitorea-los-precios-del-limon-el-ingrediente-estrella-esta-temporada\/#primaryimage"},"thumbnailUrl":"https:\/\/www.nexoinformativo.mx\/wp-content\/uploads\/2025\/04\/pexels-skylar-kang-6431954-e1744914225140.jpg","datePublished":"2025-04-17T18:00:20+00:00","dateModified":"2025-04-17T18:24:43+00:00","description":"Del campo a tu mesa Profeco monitorea los precios del lim\u00f3n el ingrediente estrella esta temporada","breadcrumb":{"@id":"https:\/\/www.nexoinformativo.mx\/index.php\/2025\/04\/17\/del-campo-a-tu-mesa-profeco-monitorea-los-precios-del-limon-el-ingrediente-estrella-esta-temporada\/#breadcrumb"},"inLanguage":"es","potentialAction":[{"@type":"ReadAction","target":["https:\/\/www.nexoinformativo.mx\/index.php\/2025\/04\/17\/del-campo-a-tu-mesa-profeco-monitorea-los-precios-del-limon-el-ingrediente-estrella-esta-temporada\/"]}]},{"@type":"ImageObject","inLanguage":"es","@id":"https:\/\/www.nexoinformativo.mx\/index.php\/2025\/04\/17\/del-campo-a-tu-mesa-profeco-monitorea-los-precios-del-limon-el-ingrediente-estrella-esta-temporada\/#primaryimage","url":"https:\/\/www.nexoinformativo.mx\/wp-content\/uploads\/2025\/04\/pexels-skylar-kang-6431954-e1744914225140.jpg","contentUrl":"https:\/\/www.nexoinformativo.mx\/wp-content\/uploads\/2025\/04\/pexels-skylar-kang-6431954-e1744914225140.jpg","width":800,"height":530},{"@type":"BreadcrumbList","@id":"https:\/\/www.nexoinformativo.mx\/index.php\/2025\/04\/17\/del-campo-a-tu-mesa-profeco-monitorea-los-precios-del-limon-el-ingrediente-estrella-esta-temporada\/#breadcrumb","itemListElement":[{"@type":"ListItem","position":1,"name":"Inicio","item":"https:\/\/www.nexoinformativo.mx\/"},{"@type":"ListItem","position":2,"name":"Del campo a tu mesa Profeco monitorea los precios del lim\u00f3n el ingrediente estrella esta temporada"}]},{"@type":"WebSite","@id":"https:\/\/www.nexoinformativo.mx\/#website","url":"https:\/\/www.nexoinformativo.mx\/","name":"Nexo Informativo Santiago de Quer\u00e9taro","description":"Explora NexoInformativo y convi\u00e9rtete en parte de una comunidad que valora el conocimiento y la verdad. Tu nexoinformativo es tu puente hacia una comprensi\u00f3n m\u00e1s profunda del mundo que te rodea.","publisher":{"@id":"https:\/\/www.nexoinformativo.mx\/#organization"},"potentialAction":[{"@type":"SearchAction","target":{"@type":"EntryPoint","urlTemplate":"https:\/\/www.nexoinformativo.mx\/?s={search_term_string}"},"query-input":{"@type":"PropertyValueSpecification","valueRequired":true,"valueName":"search_term_string"}}],"inLanguage":"es"},{"@type":"Organization","@id":"https:\/\/www.nexoinformativo.mx\/#organization","name":"Nexo Informativo Santiago de Quer\u00e9taro","url":"https:\/\/www.nexoinformativo.mx\/","logo":{"@type":"ImageObject","inLanguage":"es","@id":"https:\/\/www.nexoinformativo.mx\/#\/schema\/logo\/image\/","url":"https:\/\/www.nexoinformativo.mx\/wp-content\/uploads\/2024\/07\/nexoi-trasparente-2.png","contentUrl":"https:\/\/www.nexoinformativo.mx\/wp-content\/uploads\/2024\/07\/nexoi-trasparente-2.png","width":816,"height":339,"caption":"Nexo Informativo Santiago de Quer\u00e9taro"},"image":{"@id":"https:\/\/www.nexoinformativo.mx\/#\/schema\/logo\/image\/"},"sameAs":["https:\/\/www.facebook.com\/people\/Nexo-Informativo\/61564066885511\/"]},{"@type":"Person","@id":"https:\/\/www.nexoinformativo.mx\/#\/schema\/person\/7749d380ba08c8ca00d7bc76fd907b7d","name":"Nexo Informativo","image":{"@type":"ImageObject","inLanguage":"es","@id":"https:\/\/www.nexoinformativo.mx\/#\/schema\/person\/image\/","url":"https:\/\/secure.gravatar.com\/avatar\/dde2928154642a13d95f87ddf1ea9718fe2b46760a005c53e41ff5ad610704e6?s=96&d=mm&r=g","contentUrl":"https:\/\/secure.gravatar.com\/avatar\/dde2928154642a13d95f87ddf1ea9718fe2b46760a005c53e41ff5ad610704e6?s=96&d=mm&r=g","caption":"Nexo Informativo"},"url":"https:\/\/www.nexoinformativo.mx\/index.php\/author\/edicion\/"}]}},"_links":{"self":[{"href":"https:\/\/www.nexoinformativo.mx\/index.php\/wp-json\/wp\/v2\/posts\/14276","targetHints":{"allow":["GET"]}}],"collection":[{"href":"https:\/\/www.nexoinformativo.mx\/index.php\/wp-json\/wp\/v2\/posts"}],"about":[{"href":"https:\/\/www.nexoinformativo.mx\/index.php\/wp-json\/wp\/v2\/types\/post"}],"author":[{"embeddable":true,"href":"https:\/\/www.nexoinformativo.mx\/index.php\/wp-json\/wp\/v2\/users\/3"}],"replies":[{"embeddable":true,"href":"https:\/\/www.nexoinformativo.mx\/index.php\/wp-json\/wp\/v2\/comments?post=14276"}],"version-history":[{"count":3,"href":"https:\/\/www.nexoinformativo.mx\/index.php\/wp-json\/wp\/v2\/posts\/14276\/revisions"}],"predecessor-version":[{"id":14280,"href":"https:\/\/www.nexoinformativo.mx\/index.php\/wp-json\/wp\/v2\/posts\/14276\/revisions\/14280"}],"wp:featuredmedia":[{"embeddable":true,"href":"https:\/\/www.nexoinformativo.mx\/index.php\/wp-json\/wp\/v2\/media\/14277"}],"wp:attachment":[{"href":"https:\/\/www.nexoinformativo.mx\/index.php\/wp-json\/wp\/v2\/media?parent=14276"}],"wp:term":[{"taxonomy":"category","embeddable":true,"href":"https:\/\/www.nexoinformativo.mx\/index.php\/wp-json\/wp\/v2\/categories?post=14276"},{"taxonomy":"post_tag","embeddable":true,"href":"https:\/\/www.nexoinformativo.mx\/index.php\/wp-json\/wp\/v2\/tags?post=14276"}],"curies":[{"name":"wp","href":"https:\/\/api.w.org\/{rel}","templated":true}]}}