{"id":14286,"date":"2025-04-19T09:00:15","date_gmt":"2025-04-19T15:00:15","guid":{"rendered":"https:\/\/www.nexoinformativo.mx\/?p=14286"},"modified":"2025-04-19T17:49:55","modified_gmt":"2025-04-19T23:49:55","slug":"semana-santa-sin-riesgos-sict-pide-precaucion-y-recuerda-numeros-de-emergencia-en-carreteras","status":"publish","type":"post","link":"https:\/\/www.nexoinformativo.mx\/index.php\/2025\/04\/19\/semana-santa-sin-riesgos-sict-pide-precaucion-y-recuerda-numeros-de-emergencia-en-carreteras\/","title":{"rendered":"Semana Santa sin riesgos SICT pide precauci\u00f3n y recuerda n\u00fameros de emergencia en carreteras"},"content":{"rendered":"<p style=\"text-align: justify;\" data-sourcepos=\"11:1-11:553\">Con el inicio del periodo vacacional de Semana Santa 2025, la Secretar\u00eda de Infraestructura, Comunicaciones y Transportes (SICT), liderada por Jes\u00fas Antonio Esteva, hace un llamado en\u00e9rgico a todos los conductores a priorizar la seguridad durante sus viajes por las carreteras federales del pa\u00eds.<\/p>\n<p>&nbsp;<\/p>\n<p style=\"text-align: justify;\" data-sourcepos=\"11:1-11:553\">A trav\u00e9s de su campa\u00f1a \u201c\u00a1S\u00e9 listo! Y ten todo listo\u201d, la dependencia busca fomentar la prevenci\u00f3n y concientizar sobre medidas b\u00e1sicas que pueden marcar la diferencia entre un viaje placentero y un incidente lamentable.<\/p>\n<p>&nbsp;<\/p>\n<p style=\"text-align: justify;\" data-sourcepos=\"13:1-13:325\">La SICT enfatiza la importancia de revisar minuciosamente las condiciones mec\u00e1nicas del veh\u00edculo antes de emprender cualquier viaje, incluyendo el estado de llantas, frenos, niveles de fluidos y funcionamiento de luces. Asimismo, el uso constante del cintur\u00f3n de seguridad es primordial para todos los ocupantes del veh\u00edculo.<\/p>\n<p>&nbsp;<\/p>\n<p style=\"text-align: justify;\" data-sourcepos=\"15:1-15:370\">La dependencia tambi\u00e9n exhorta a evitar distracciones al volante, como el uso del tel\u00e9fono celular u otros dispositivos electr\u00f3nicos, y a no consumir bebidas alcoh\u00f3licas ni sustancias t\u00f3xicas bajo ninguna circunstancia. Respetar los l\u00edmites de velocidad y la se\u00f1alizaci\u00f3n vial.<\/p>\n<p>&nbsp;<\/p>\n<p style=\"text-align: justify;\" data-sourcepos=\"17:1-17:237\">Para cualquier eventualidad, la SICT recuerda a los viajeros tener a la mano los n\u00fameros telef\u00f3nicos de emergencia: 911, CAPUFE (074), Cruz Roja (55 53 95 11 11), Guardia Nacional (088), Denuncia An\u00f3nima (089) y Locatel (55 56 58 11 11).<\/p>\n<p>&nbsp;<\/p>\n<p style=\"text-align: justify;\" data-sourcepos=\"19:1-19:282\">Adicionalmente, la SICT informa que ha intensificado las labores de conservaci\u00f3n, mantenimiento y actualizaci\u00f3n de se\u00f1alamientos en puntos estrat\u00e9gicos de la red carretera nacional, con el objetivo de ofrecer condiciones de tr\u00e1nsito m\u00e1s seguras durante estos d\u00edas de alta movilidad.<\/p>\n<p>&nbsp;<\/p>\n<p style=\"text-align: justify;\" data-sourcepos=\"21:1-21:367\">La Secretar\u00eda reitera su compromiso con la seguridad de las familias mexicanas, promoviendo h\u00e1bitos de conducci\u00f3n responsables. En estas vacaciones de Semana Santa, el objetivo principal es llegar a salvo al destino, por lo que insiste en la importancia de planificar la ruta y conducir con precauci\u00f3n, recordando el lema de la campa\u00f1a: \u201c\u00a1S\u00e9 listo! Y ten todo listo\u201d.<\/p>\n<p>&nbsp;<\/p>\n<p style=\"text-align: center;\" data-sourcepos=\"21:1-21:367\"><em><strong>\u00a1Informaci\u00f3n que transforma!<\/strong><\/em><\/p>\n","protected":false},"excerpt":{"rendered":"<p>Con el inicio del periodo vacacional de Semana Santa 2025, la Secretar\u00eda de Infraestructura, Comunicaciones y Transportes (SICT), liderada por Jes\u00fas Antonio Esteva, hace un llamado en\u00e9rgico a todos los conductores a priorizar la seguridad durante sus viajes por las carreteras federales del pa\u00eds.<\/p>\n","protected":false},"author":3,"featured_media":14287,"comment_status":"open","ping_status":"open","sticky":false,"template":"","format":"standard","meta":{"footnotes":""},"categories":[88,58],"tags":[151,4052,1608,4200],"class_list":["post-14286","post","type-post","status-publish","format-standard","has-post-thumbnail","hentry","category-nacional","category-ultima-hora","tag-seguridadvial","tag-semanasantasegura","tag-sict","tag-viajeresponsable"],"yoast_head":"<!-- This site is optimized with the Yoast SEO plugin v25.0 - https:\/\/yoast.com\/wordpress\/plugins\/seo\/ -->\n<title>Semana Santa sin riesgos SICT pide precauci\u00f3n y recuerda n\u00fameros de emergencia en carreteras | Nexo Informativo Santiago de Quer\u00e9taro<\/title>\n<meta name=\"description\" content=\"Semana Santa sin riesgos SICT pide precauci\u00f3n y recuerda n\u00fameros de emergencia en carreteras\" \/>\n<meta name=\"robots\" content=\"index, follow, max-snippet:-1, max-image-preview:large, max-video-preview:-1\" \/>\n<link rel=\"canonical\" href=\"https:\/\/www.nexoinformativo.mx\/index.php\/2025\/04\/19\/semana-santa-sin-riesgos-sict-pide-precaucion-y-recuerda-numeros-de-emergencia-en-carreteras\/\" \/>\n<meta property=\"og:locale\" content=\"es_MX\" \/>\n<meta property=\"og:type\" content=\"article\" \/>\n<meta property=\"og:title\" content=\"Semana Santa sin riesgos SICT pide precauci\u00f3n y recuerda n\u00fameros de emergencia en carreteras | Nexo Informativo Santiago de Quer\u00e9taro\" \/>\n<meta property=\"og:description\" content=\"Semana Santa sin riesgos SICT pide precauci\u00f3n y recuerda n\u00fameros de emergencia en carreteras\" \/>\n<meta property=\"og:url\" content=\"https:\/\/www.nexoinformativo.mx\/index.php\/2025\/04\/19\/semana-santa-sin-riesgos-sict-pide-precaucion-y-recuerda-numeros-de-emergencia-en-carreteras\/\" \/>\n<meta property=\"og:site_name\" content=\"Nexo Informativo Santiago de Quer\u00e9taro\" \/>\n<meta property=\"article:publisher\" content=\"https:\/\/www.facebook.com\/people\/Nexo-Informativo\/61564066885511\/\" \/>\n<meta property=\"article:published_time\" content=\"2025-04-19T15:00:15+00:00\" \/>\n<meta property=\"article:modified_time\" content=\"2025-04-19T23:49:55+00:00\" \/>\n<meta property=\"og:image\" content=\"https:\/\/www.nexoinformativo.mx\/wp-content\/uploads\/2025\/04\/IMG_2328.jpg\" \/>\n\t<meta property=\"og:image:width\" content=\"547\" \/>\n\t<meta property=\"og:image:height\" content=\"364\" \/>\n\t<meta property=\"og:image:type\" content=\"image\/jpeg\" \/>\n<meta name=\"author\" content=\"Nexo Informativo\" \/>\n<meta name=\"twitter:card\" content=\"summary_large_image\" \/>\n<meta name=\"twitter:label1\" content=\"Escrito por\" \/>\n\t<meta name=\"twitter:data1\" content=\"Nexo Informativo\" \/>\n\t<meta name=\"twitter:label2\" content=\"Tiempo de lectura\" \/>\n\t<meta name=\"twitter:data2\" content=\"2 minutos\" \/>\n<script type=\"application\/ld+json\" class=\"yoast-schema-graph\">{\"@context\":\"https:\/\/schema.org\",\"@graph\":[{\"@type\":\"Article\",\"@id\":\"https:\/\/www.nexoinformativo.mx\/index.php\/2025\/04\/19\/semana-santa-sin-riesgos-sict-pide-precaucion-y-recuerda-numeros-de-emergencia-en-carreteras\/#article\",\"isPartOf\":{\"@id\":\"https:\/\/www.nexoinformativo.mx\/index.php\/2025\/04\/19\/semana-santa-sin-riesgos-sict-pide-precaucion-y-recuerda-numeros-de-emergencia-en-carreteras\/\"},\"author\":{\"name\":\"Nexo Informativo\",\"@id\":\"https:\/\/www.nexoinformativo.mx\/#\/schema\/person\/7749d380ba08c8ca00d7bc76fd907b7d\"},\"headline\":\"Semana Santa sin riesgos SICT pide precauci\u00f3n y recuerda n\u00fameros de emergencia en carreteras\",\"datePublished\":\"2025-04-19T15:00:15+00:00\",\"dateModified\":\"2025-04-19T23:49:55+00:00\",\"mainEntityOfPage\":{\"@id\":\"https:\/\/www.nexoinformativo.mx\/index.php\/2025\/04\/19\/semana-santa-sin-riesgos-sict-pide-precaucion-y-recuerda-numeros-de-emergencia-en-carreteras\/\"},\"wordCount\":353,\"commentCount\":0,\"publisher\":{\"@id\":\"https:\/\/www.nexoinformativo.mx\/#organization\"},\"image\":{\"@id\":\"https:\/\/www.nexoinformativo.mx\/index.php\/2025\/04\/19\/semana-santa-sin-riesgos-sict-pide-precaucion-y-recuerda-numeros-de-emergencia-en-carreteras\/#primaryimage\"},\"thumbnailUrl\":\"https:\/\/www.nexoinformativo.mx\/wp-content\/uploads\/2025\/04\/IMG_2328.jpg\",\"keywords\":[\"seguridadvial\",\"SemanaSantaSegura\",\"SICT\",\"ViajeResponsable\"],\"articleSection\":[\"Nacional\",\"\u00daltima Hora\"],\"inLanguage\":\"es\",\"potentialAction\":[{\"@type\":\"CommentAction\",\"name\":\"Comment\",\"target\":[\"https:\/\/www.nexoinformativo.mx\/index.php\/2025\/04\/19\/semana-santa-sin-riesgos-sict-pide-precaucion-y-recuerda-numeros-de-emergencia-en-carreteras\/#respond\"]}]},{\"@type\":\"WebPage\",\"@id\":\"https:\/\/www.nexoinformativo.mx\/index.php\/2025\/04\/19\/semana-santa-sin-riesgos-sict-pide-precaucion-y-recuerda-numeros-de-emergencia-en-carreteras\/\",\"url\":\"https:\/\/www.nexoinformativo.mx\/index.php\/2025\/04\/19\/semana-santa-sin-riesgos-sict-pide-precaucion-y-recuerda-numeros-de-emergencia-en-carreteras\/\",\"name\":\"Semana Santa sin riesgos SICT pide precauci\u00f3n y recuerda n\u00fameros de emergencia en carreteras | Nexo Informativo Santiago de Quer\u00e9taro\",\"isPartOf\":{\"@id\":\"https:\/\/www.nexoinformativo.mx\/#website\"},\"primaryImageOfPage\":{\"@id\":\"https:\/\/www.nexoinformativo.mx\/index.php\/2025\/04\/19\/semana-santa-sin-riesgos-sict-pide-precaucion-y-recuerda-numeros-de-emergencia-en-carreteras\/#primaryimage\"},\"image\":{\"@id\":\"https:\/\/www.nexoinformativo.mx\/index.php\/2025\/04\/19\/semana-santa-sin-riesgos-sict-pide-precaucion-y-recuerda-numeros-de-emergencia-en-carreteras\/#primaryimage\"},\"thumbnailUrl\":\"https:\/\/www.nexoinformativo.mx\/wp-content\/uploads\/2025\/04\/IMG_2328.jpg\",\"datePublished\":\"2025-04-19T15:00:15+00:00\",\"dateModified\":\"2025-04-19T23:49:55+00:00\",\"description\":\"Semana Santa sin riesgos SICT pide precauci\u00f3n y recuerda n\u00fameros de emergencia en carreteras\",\"breadcrumb\":{\"@id\":\"https:\/\/www.nexoinformativo.mx\/index.php\/2025\/04\/19\/semana-santa-sin-riesgos-sict-pide-precaucion-y-recuerda-numeros-de-emergencia-en-carreteras\/#breadcrumb\"},\"inLanguage\":\"es\",\"potentialAction\":[{\"@type\":\"ReadAction\",\"target\":[\"https:\/\/www.nexoinformativo.mx\/index.php\/2025\/04\/19\/semana-santa-sin-riesgos-sict-pide-precaucion-y-recuerda-numeros-de-emergencia-en-carreteras\/\"]}]},{\"@type\":\"ImageObject\",\"inLanguage\":\"es\",\"@id\":\"https:\/\/www.nexoinformativo.mx\/index.php\/2025\/04\/19\/semana-santa-sin-riesgos-sict-pide-precaucion-y-recuerda-numeros-de-emergencia-en-carreteras\/#primaryimage\",\"url\":\"https:\/\/www.nexoinformativo.mx\/wp-content\/uploads\/2025\/04\/IMG_2328.jpg\",\"contentUrl\":\"https:\/\/www.nexoinformativo.mx\/wp-content\/uploads\/2025\/04\/IMG_2328.jpg\",\"width\":547,\"height\":364},{\"@type\":\"BreadcrumbList\",\"@id\":\"https:\/\/www.nexoinformativo.mx\/index.php\/2025\/04\/19\/semana-santa-sin-riesgos-sict-pide-precaucion-y-recuerda-numeros-de-emergencia-en-carreteras\/#breadcrumb\",\"itemListElement\":[{\"@type\":\"ListItem\",\"position\":1,\"name\":\"Inicio\",\"item\":\"https:\/\/www.nexoinformativo.mx\/\"},{\"@type\":\"ListItem\",\"position\":2,\"name\":\"Semana Santa sin riesgos SICT pide precauci\u00f3n y recuerda n\u00fameros de emergencia en carreteras\"}]},{\"@type\":\"WebSite\",\"@id\":\"https:\/\/www.nexoinformativo.mx\/#website\",\"url\":\"https:\/\/www.nexoinformativo.mx\/\",\"name\":\"Nexo Informativo Santiago de Quer\u00e9taro\",\"description\":\"Explora NexoInformativo y convi\u00e9rtete en parte de una comunidad que valora el conocimiento y la verdad. Tu nexoinformativo es tu puente hacia una comprensi\u00f3n m\u00e1s profunda del mundo que te rodea.\",\"publisher\":{\"@id\":\"https:\/\/www.nexoinformativo.mx\/#organization\"},\"potentialAction\":[{\"@type\":\"SearchAction\",\"target\":{\"@type\":\"EntryPoint\",\"urlTemplate\":\"https:\/\/www.nexoinformativo.mx\/?s={search_term_string}\"},\"query-input\":{\"@type\":\"PropertyValueSpecification\",\"valueRequired\":true,\"valueName\":\"search_term_string\"}}],\"inLanguage\":\"es\"},{\"@type\":\"Organization\",\"@id\":\"https:\/\/www.nexoinformativo.mx\/#organization\",\"name\":\"Nexo Informativo Santiago de Quer\u00e9taro\",\"url\":\"https:\/\/www.nexoinformativo.mx\/\",\"logo\":{\"@type\":\"ImageObject\",\"inLanguage\":\"es\",\"@id\":\"https:\/\/www.nexoinformativo.mx\/#\/schema\/logo\/image\/\",\"url\":\"https:\/\/www.nexoinformativo.mx\/wp-content\/uploads\/2024\/07\/nexoi-trasparente-2.png\",\"contentUrl\":\"https:\/\/www.nexoinformativo.mx\/wp-content\/uploads\/2024\/07\/nexoi-trasparente-2.png\",\"width\":816,\"height\":339,\"caption\":\"Nexo Informativo Santiago de Quer\u00e9taro\"},\"image\":{\"@id\":\"https:\/\/www.nexoinformativo.mx\/#\/schema\/logo\/image\/\"},\"sameAs\":[\"https:\/\/www.facebook.com\/people\/Nexo-Informativo\/61564066885511\/\"]},{\"@type\":\"Person\",\"@id\":\"https:\/\/www.nexoinformativo.mx\/#\/schema\/person\/7749d380ba08c8ca00d7bc76fd907b7d\",\"name\":\"Nexo Informativo\",\"image\":{\"@type\":\"ImageObject\",\"inLanguage\":\"es\",\"@id\":\"https:\/\/www.nexoinformativo.mx\/#\/schema\/person\/image\/\",\"url\":\"https:\/\/secure.gravatar.com\/avatar\/dde2928154642a13d95f87ddf1ea9718fe2b46760a005c53e41ff5ad610704e6?s=96&d=mm&r=g\",\"contentUrl\":\"https:\/\/secure.gravatar.com\/avatar\/dde2928154642a13d95f87ddf1ea9718fe2b46760a005c53e41ff5ad610704e6?s=96&d=mm&r=g\",\"caption\":\"Nexo Informativo\"},\"url\":\"https:\/\/www.nexoinformativo.mx\/index.php\/author\/edicion\/\"}]}<\/script>\n<!-- \/ Yoast SEO plugin. -->","yoast_head_json":{"title":"Semana Santa sin riesgos SICT pide precauci\u00f3n y recuerda n\u00fameros de emergencia en carreteras | Nexo Informativo Santiago de Quer\u00e9taro","description":"Semana Santa sin riesgos SICT pide precauci\u00f3n y recuerda n\u00fameros de emergencia en carreteras","robots":{"index":"index","follow":"follow","max-snippet":"max-snippet:-1","max-image-preview":"max-image-preview:large","max-video-preview":"max-video-preview:-1"},"canonical":"https:\/\/www.nexoinformativo.mx\/index.php\/2025\/04\/19\/semana-santa-sin-riesgos-sict-pide-precaucion-y-recuerda-numeros-de-emergencia-en-carreteras\/","og_locale":"es_MX","og_type":"article","og_title":"Semana Santa sin riesgos SICT pide precauci\u00f3n y recuerda n\u00fameros de emergencia en carreteras | Nexo Informativo Santiago de Quer\u00e9taro","og_description":"Semana Santa sin riesgos SICT pide precauci\u00f3n y recuerda n\u00fameros de emergencia en carreteras","og_url":"https:\/\/www.nexoinformativo.mx\/index.php\/2025\/04\/19\/semana-santa-sin-riesgos-sict-pide-precaucion-y-recuerda-numeros-de-emergencia-en-carreteras\/","og_site_name":"Nexo Informativo Santiago de Quer\u00e9taro","article_publisher":"https:\/\/www.facebook.com\/people\/Nexo-Informativo\/61564066885511\/","article_published_time":"2025-04-19T15:00:15+00:00","article_modified_time":"2025-04-19T23:49:55+00:00","og_image":[{"width":547,"height":364,"url":"https:\/\/www.nexoinformativo.mx\/wp-content\/uploads\/2025\/04\/IMG_2328.jpg","type":"image\/jpeg"}],"author":"Nexo Informativo","twitter_card":"summary_large_image","twitter_misc":{"Escrito por":"Nexo Informativo","Tiempo de lectura":"2 minutos"},"schema":{"@context":"https:\/\/schema.org","@graph":[{"@type":"Article","@id":"https:\/\/www.nexoinformativo.mx\/index.php\/2025\/04\/19\/semana-santa-sin-riesgos-sict-pide-precaucion-y-recuerda-numeros-de-emergencia-en-carreteras\/#article","isPartOf":{"@id":"https:\/\/www.nexoinformativo.mx\/index.php\/2025\/04\/19\/semana-santa-sin-riesgos-sict-pide-precaucion-y-recuerda-numeros-de-emergencia-en-carreteras\/"},"author":{"name":"Nexo Informativo","@id":"https:\/\/www.nexoinformativo.mx\/#\/schema\/person\/7749d380ba08c8ca00d7bc76fd907b7d"},"headline":"Semana Santa sin riesgos SICT pide precauci\u00f3n y recuerda n\u00fameros de emergencia en carreteras","datePublished":"2025-04-19T15:00:15+00:00","dateModified":"2025-04-19T23:49:55+00:00","mainEntityOfPage":{"@id":"https:\/\/www.nexoinformativo.mx\/index.php\/2025\/04\/19\/semana-santa-sin-riesgos-sict-pide-precaucion-y-recuerda-numeros-de-emergencia-en-carreteras\/"},"wordCount":353,"commentCount":0,"publisher":{"@id":"https:\/\/www.nexoinformativo.mx\/#organization"},"image":{"@id":"https:\/\/www.nexoinformativo.mx\/index.php\/2025\/04\/19\/semana-santa-sin-riesgos-sict-pide-precaucion-y-recuerda-numeros-de-emergencia-en-carreteras\/#primaryimage"},"thumbnailUrl":"https:\/\/www.nexoinformativo.mx\/wp-content\/uploads\/2025\/04\/IMG_2328.jpg","keywords":["seguridadvial","SemanaSantaSegura","SICT","ViajeResponsable"],"articleSection":["Nacional","\u00daltima Hora"],"inLanguage":"es","potentialAction":[{"@type":"CommentAction","name":"Comment","target":["https:\/\/www.nexoinformativo.mx\/index.php\/2025\/04\/19\/semana-santa-sin-riesgos-sict-pide-precaucion-y-recuerda-numeros-de-emergencia-en-carreteras\/#respond"]}]},{"@type":"WebPage","@id":"https:\/\/www.nexoinformativo.mx\/index.php\/2025\/04\/19\/semana-santa-sin-riesgos-sict-pide-precaucion-y-recuerda-numeros-de-emergencia-en-carreteras\/","url":"https:\/\/www.nexoinformativo.mx\/index.php\/2025\/04\/19\/semana-santa-sin-riesgos-sict-pide-precaucion-y-recuerda-numeros-de-emergencia-en-carreteras\/","name":"Semana Santa sin riesgos SICT pide precauci\u00f3n y recuerda n\u00fameros de emergencia en carreteras | Nexo Informativo Santiago de Quer\u00e9taro","isPartOf":{"@id":"https:\/\/www.nexoinformativo.mx\/#website"},"primaryImageOfPage":{"@id":"https:\/\/www.nexoinformativo.mx\/index.php\/2025\/04\/19\/semana-santa-sin-riesgos-sict-pide-precaucion-y-recuerda-numeros-de-emergencia-en-carreteras\/#primaryimage"},"image":{"@id":"https:\/\/www.nexoinformativo.mx\/index.php\/2025\/04\/19\/semana-santa-sin-riesgos-sict-pide-precaucion-y-recuerda-numeros-de-emergencia-en-carreteras\/#primaryimage"},"thumbnailUrl":"https:\/\/www.nexoinformativo.mx\/wp-content\/uploads\/2025\/04\/IMG_2328.jpg","datePublished":"2025-04-19T15:00:15+00:00","dateModified":"2025-04-19T23:49:55+00:00","description":"Semana Santa sin riesgos SICT pide precauci\u00f3n y recuerda n\u00fameros de emergencia en carreteras","breadcrumb":{"@id":"https:\/\/www.nexoinformativo.mx\/index.php\/2025\/04\/19\/semana-santa-sin-riesgos-sict-pide-precaucion-y-recuerda-numeros-de-emergencia-en-carreteras\/#breadcrumb"},"inLanguage":"es","potentialAction":[{"@type":"ReadAction","target":["https:\/\/www.nexoinformativo.mx\/index.php\/2025\/04\/19\/semana-santa-sin-riesgos-sict-pide-precaucion-y-recuerda-numeros-de-emergencia-en-carreteras\/"]}]},{"@type":"ImageObject","inLanguage":"es","@id":"https:\/\/www.nexoinformativo.mx\/index.php\/2025\/04\/19\/semana-santa-sin-riesgos-sict-pide-precaucion-y-recuerda-numeros-de-emergencia-en-carreteras\/#primaryimage","url":"https:\/\/www.nexoinformativo.mx\/wp-content\/uploads\/2025\/04\/IMG_2328.jpg","contentUrl":"https:\/\/www.nexoinformativo.mx\/wp-content\/uploads\/2025\/04\/IMG_2328.jpg","width":547,"height":364},{"@type":"BreadcrumbList","@id":"https:\/\/www.nexoinformativo.mx\/index.php\/2025\/04\/19\/semana-santa-sin-riesgos-sict-pide-precaucion-y-recuerda-numeros-de-emergencia-en-carreteras\/#breadcrumb","itemListElement":[{"@type":"ListItem","position":1,"name":"Inicio","item":"https:\/\/www.nexoinformativo.mx\/"},{"@type":"ListItem","position":2,"name":"Semana Santa sin riesgos SICT pide precauci\u00f3n y recuerda n\u00fameros de emergencia en carreteras"}]},{"@type":"WebSite","@id":"https:\/\/www.nexoinformativo.mx\/#website","url":"https:\/\/www.nexoinformativo.mx\/","name":"Nexo Informativo Santiago de Quer\u00e9taro","description":"Explora NexoInformativo y convi\u00e9rtete en parte de una comunidad que valora el conocimiento y la verdad. Tu nexoinformativo es tu puente hacia una comprensi\u00f3n m\u00e1s profunda del mundo que te rodea.","publisher":{"@id":"https:\/\/www.nexoinformativo.mx\/#organization"},"potentialAction":[{"@type":"SearchAction","target":{"@type":"EntryPoint","urlTemplate":"https:\/\/www.nexoinformativo.mx\/?s={search_term_string}"},"query-input":{"@type":"PropertyValueSpecification","valueRequired":true,"valueName":"search_term_string"}}],"inLanguage":"es"},{"@type":"Organization","@id":"https:\/\/www.nexoinformativo.mx\/#organization","name":"Nexo Informativo Santiago de Quer\u00e9taro","url":"https:\/\/www.nexoinformativo.mx\/","logo":{"@type":"ImageObject","inLanguage":"es","@id":"https:\/\/www.nexoinformativo.mx\/#\/schema\/logo\/image\/","url":"https:\/\/www.nexoinformativo.mx\/wp-content\/uploads\/2024\/07\/nexoi-trasparente-2.png","contentUrl":"https:\/\/www.nexoinformativo.mx\/wp-content\/uploads\/2024\/07\/nexoi-trasparente-2.png","width":816,"height":339,"caption":"Nexo Informativo Santiago de Quer\u00e9taro"},"image":{"@id":"https:\/\/www.nexoinformativo.mx\/#\/schema\/logo\/image\/"},"sameAs":["https:\/\/www.facebook.com\/people\/Nexo-Informativo\/61564066885511\/"]},{"@type":"Person","@id":"https:\/\/www.nexoinformativo.mx\/#\/schema\/person\/7749d380ba08c8ca00d7bc76fd907b7d","name":"Nexo Informativo","image":{"@type":"ImageObject","inLanguage":"es","@id":"https:\/\/www.nexoinformativo.mx\/#\/schema\/person\/image\/","url":"https:\/\/secure.gravatar.com\/avatar\/dde2928154642a13d95f87ddf1ea9718fe2b46760a005c53e41ff5ad610704e6?s=96&d=mm&r=g","contentUrl":"https:\/\/secure.gravatar.com\/avatar\/dde2928154642a13d95f87ddf1ea9718fe2b46760a005c53e41ff5ad610704e6?s=96&d=mm&r=g","caption":"Nexo Informativo"},"url":"https:\/\/www.nexoinformativo.mx\/index.php\/author\/edicion\/"}]}},"_links":{"self":[{"href":"https:\/\/www.nexoinformativo.mx\/index.php\/wp-json\/wp\/v2\/posts\/14286","targetHints":{"allow":["GET"]}}],"collection":[{"href":"https:\/\/www.nexoinformativo.mx\/index.php\/wp-json\/wp\/v2\/posts"}],"about":[{"href":"https:\/\/www.nexoinformativo.mx\/index.php\/wp-json\/wp\/v2\/types\/post"}],"author":[{"embeddable":true,"href":"https:\/\/www.nexoinformativo.mx\/index.php\/wp-json\/wp\/v2\/users\/3"}],"replies":[{"embeddable":true,"href":"https:\/\/www.nexoinformativo.mx\/index.php\/wp-json\/wp\/v2\/comments?post=14286"}],"version-history":[{"count":4,"href":"https:\/\/www.nexoinformativo.mx\/index.php\/wp-json\/wp\/v2\/posts\/14286\/revisions"}],"predecessor-version":[{"id":14290,"href":"https:\/\/www.nexoinformativo.mx\/index.php\/wp-json\/wp\/v2\/posts\/14286\/revisions\/14290"}],"wp:featuredmedia":[{"embeddable":true,"href":"https:\/\/www.nexoinformativo.mx\/index.php\/wp-json\/wp\/v2\/media\/14287"}],"wp:attachment":[{"href":"https:\/\/www.nexoinformativo.mx\/index.php\/wp-json\/wp\/v2\/media?parent=14286"}],"wp:term":[{"taxonomy":"category","embeddable":true,"href":"https:\/\/www.nexoinformativo.mx\/index.php\/wp-json\/wp\/v2\/categories?post=14286"},{"taxonomy":"post_tag","embeddable":true,"href":"https:\/\/www.nexoinformativo.mx\/index.php\/wp-json\/wp\/v2\/tags?post=14286"}],"curies":[{"name":"wp","href":"https:\/\/api.w.org\/{rel}","templated":true}]}}