{"id":14298,"date":"2025-04-19T13:00:58","date_gmt":"2025-04-19T19:00:58","guid":{"rendered":"https:\/\/www.nexoinformativo.mx\/?p=14298"},"modified":"2025-04-19T18:05:53","modified_gmt":"2025-04-20T00:05:53","slug":"brigada-de-salud-en-accion-sesa-vela-por-el-bienestar-de-los-turistas-en-arroyo-seco-por-semana-santa","status":"publish","type":"post","link":"https:\/\/www.nexoinformativo.mx\/index.php\/2025\/04\/19\/brigada-de-salud-en-accion-sesa-vela-por-el-bienestar-de-los-turistas-en-arroyo-seco-por-semana-santa\/","title":{"rendered":"Brigada de salud en acci\u00f3n SESA vela por el bienestar de los turistas en Arroyo Seco por Semana Santa"},"content":{"rendered":"<p style=\"text-align: justify;\" data-sourcepos=\"11:1-11:309\"><strong>La Secretar\u00eda de Salud<\/strong> (SESA) del estado de Quer\u00e9taro ha implementado un operativo de vigilancia epidemiol\u00f3gica y sanitaria en el paraje de las Adjuntas, en Ayutla, municipio de Arroyo Seco, con el objetivo de proteger la salud de los visitantes durante este periodo vacacional.<\/p>\n<\/p>\n<p>&nbsp;<\/p>\n<p style=\"text-align: justify;\" data-sourcepos=\"13:1-13:275\">Profesionales de la Jurisdicci\u00f3n Sanitaria n\u00famero 4 de la SESA, coordinados por el director de la Jurisdicci\u00f3n, Antonio Hern\u00e1ndez Garc\u00eda, y el epidemi\u00f3logo Jurisdiccional, Julio Omar Pozas Melgar, est\u00e1n llevando a cabo diversas acciones preventivas y de monitoreo en la zona.<\/p>\n<\/p>\n<p>&nbsp;<\/p>\n<p style=\"text-align: justify;\" data-sourcepos=\"15:1-15:416\">Durante el operativo, se censaron un total de 111 casas de campa\u00f1a, registrando la presencia de mil 369 visitantes. Adem\u00e1s, se instal\u00f3 un m\u00f3dulo de atenci\u00f3n m\u00e9dica que, hasta el momento, no ha reportado consultas.<\/p>\n<\/p>\n<p>&nbsp;<\/p>\n<p style=\"text-align: justify;\" data-sourcepos=\"15:1-15:416\">Como medida preventiva, se han distribuido sobres de Vida Suero Oral y se han ofrecido pl\u00e1ticas informativas sobre enfermedades transmitidas por vector, enfermedades diarreicas y febriles exantem\u00e1ticas.<\/p>\n<\/p>\n<p>&nbsp;<\/p>\n<p style=\"text-align: justify;\" data-sourcepos=\"17:1-17:249\">Este despliegue de la SESA busca garantizar la salud y el bienestar de los turistas que disfrutan de los atractivos naturales de Ayutla, Arroyo Seco, durante esta Semana Santa, proporcionando informaci\u00f3n y atenci\u00f3n oportuna en caso de ser necesario.<\/p>\n<\/p>\n<p>&nbsp;<\/p>\n<p style=\"text-align: center;\" data-sourcepos=\"17:1-17:249\"><em><strong>\u00a1Informaci\u00f3n que transforma!<\/strong><\/em><\/p>\n","protected":false},"excerpt":{"rendered":"<p>La Secretar\u00eda de Salud (SESA) del estado de Quer\u00e9taro ha implementado un operativo de vigilancia epidemiol\u00f3gica y sanitaria en el paraje de las Adjuntas, en Ayutla, municipio de Arroyo Seco, con el objetivo de proteger la salud de los visitantes durante este periodo vacacional.<\/p>\n","protected":false},"author":3,"featured_media":14299,"comment_status":"open","ping_status":"open","sticky":false,"template":"","format":"standard","meta":{"footnotes":""},"categories":[42,58],"tags":[4207,4205,4206,2294],"class_list":["post-14298","post","type-post","status-publish","format-standard","has-post-thumbnail","hentry","category-estado","category-ultima-hora","tag-arroyosecosaludable","tag-saludenvacaciones","tag-sesacontigo","tag-vigilanciaepidemiologica"],"yoast_head":"<!-- This site is optimized with the Yoast SEO plugin v25.0 - https:\/\/yoast.com\/wordpress\/plugins\/seo\/ -->\n<title>Brigada de salud en acci\u00f3n SESA vela por el bienestar de los turistas en Arroyo Seco por Semana Santa | Nexo Informativo Santiago de Quer\u00e9taro<\/title>\n<meta name=\"description\" content=\"Brigada de salud en acci\u00f3n SESA vela por el bienestar de los turistas en Arroyo Seco por Semana Santa\" \/>\n<meta name=\"robots\" content=\"index, follow, max-snippet:-1, max-image-preview:large, max-video-preview:-1\" \/>\n<link rel=\"canonical\" href=\"https:\/\/www.nexoinformativo.mx\/index.php\/2025\/04\/19\/brigada-de-salud-en-accion-sesa-vela-por-el-bienestar-de-los-turistas-en-arroyo-seco-por-semana-santa\/\" \/>\n<meta property=\"og:locale\" content=\"es_MX\" \/>\n<meta property=\"og:type\" content=\"article\" \/>\n<meta property=\"og:title\" content=\"Brigada de salud en acci\u00f3n SESA vela por el bienestar de los turistas en Arroyo Seco por Semana Santa | Nexo Informativo Santiago de Quer\u00e9taro\" \/>\n<meta property=\"og:description\" content=\"Brigada de salud en acci\u00f3n SESA vela por el bienestar de los turistas en Arroyo Seco por Semana Santa\" \/>\n<meta property=\"og:url\" content=\"https:\/\/www.nexoinformativo.mx\/index.php\/2025\/04\/19\/brigada-de-salud-en-accion-sesa-vela-por-el-bienestar-de-los-turistas-en-arroyo-seco-por-semana-santa\/\" \/>\n<meta property=\"og:site_name\" content=\"Nexo Informativo Santiago de Quer\u00e9taro\" \/>\n<meta property=\"article:publisher\" content=\"https:\/\/www.facebook.com\/people\/Nexo-Informativo\/61564066885511\/\" \/>\n<meta property=\"article:published_time\" content=\"2025-04-19T19:00:58+00:00\" \/>\n<meta property=\"article:modified_time\" content=\"2025-04-20T00:05:53+00:00\" \/>\n<meta property=\"og:image\" content=\"https:\/\/www.nexoinformativo.mx\/wp-content\/uploads\/2025\/04\/PHOTO-2025-04-19-17-58-54-e1745107504792.jpg\" \/>\n\t<meta property=\"og:image:width\" content=\"750\" \/>\n\t<meta property=\"og:image:height\" content=\"779\" \/>\n\t<meta property=\"og:image:type\" content=\"image\/jpeg\" \/>\n<meta name=\"author\" content=\"Nexo Informativo\" \/>\n<meta name=\"twitter:card\" content=\"summary_large_image\" \/>\n<meta name=\"twitter:label1\" content=\"Escrito por\" \/>\n\t<meta name=\"twitter:data1\" content=\"Nexo Informativo\" \/>\n\t<meta name=\"twitter:label2\" content=\"Tiempo de lectura\" \/>\n\t<meta name=\"twitter:data2\" content=\"2 minutos\" \/>\n<script type=\"application\/ld+json\" class=\"yoast-schema-graph\">{\"@context\":\"https:\/\/schema.org\",\"@graph\":[{\"@type\":\"Article\",\"@id\":\"https:\/\/www.nexoinformativo.mx\/index.php\/2025\/04\/19\/brigada-de-salud-en-accion-sesa-vela-por-el-bienestar-de-los-turistas-en-arroyo-seco-por-semana-santa\/#article\",\"isPartOf\":{\"@id\":\"https:\/\/www.nexoinformativo.mx\/index.php\/2025\/04\/19\/brigada-de-salud-en-accion-sesa-vela-por-el-bienestar-de-los-turistas-en-arroyo-seco-por-semana-santa\/\"},\"author\":{\"name\":\"Nexo Informativo\",\"@id\":\"https:\/\/www.nexoinformativo.mx\/#\/schema\/person\/7749d380ba08c8ca00d7bc76fd907b7d\"},\"headline\":\"Brigada de salud en acci\u00f3n SESA vela por el bienestar de los turistas en Arroyo Seco por Semana Santa\",\"datePublished\":\"2025-04-19T19:00:58+00:00\",\"dateModified\":\"2025-04-20T00:05:53+00:00\",\"mainEntityOfPage\":{\"@id\":\"https:\/\/www.nexoinformativo.mx\/index.php\/2025\/04\/19\/brigada-de-salud-en-accion-sesa-vela-por-el-bienestar-de-los-turistas-en-arroyo-seco-por-semana-santa\/\"},\"wordCount\":231,\"commentCount\":0,\"publisher\":{\"@id\":\"https:\/\/www.nexoinformativo.mx\/#organization\"},\"image\":{\"@id\":\"https:\/\/www.nexoinformativo.mx\/index.php\/2025\/04\/19\/brigada-de-salud-en-accion-sesa-vela-por-el-bienestar-de-los-turistas-en-arroyo-seco-por-semana-santa\/#primaryimage\"},\"thumbnailUrl\":\"https:\/\/www.nexoinformativo.mx\/wp-content\/uploads\/2025\/04\/PHOTO-2025-04-19-17-58-54-e1745107504792.jpg\",\"keywords\":[\"ArroyoSecoSaludable\",\"SaludEnVacaciones\",\"SESAContigo\",\"VigilanciaEpidemiol\u00f3gica\"],\"articleSection\":[\"Estado\",\"\u00daltima Hora\"],\"inLanguage\":\"es\",\"potentialAction\":[{\"@type\":\"CommentAction\",\"name\":\"Comment\",\"target\":[\"https:\/\/www.nexoinformativo.mx\/index.php\/2025\/04\/19\/brigada-de-salud-en-accion-sesa-vela-por-el-bienestar-de-los-turistas-en-arroyo-seco-por-semana-santa\/#respond\"]}]},{\"@type\":\"WebPage\",\"@id\":\"https:\/\/www.nexoinformativo.mx\/index.php\/2025\/04\/19\/brigada-de-salud-en-accion-sesa-vela-por-el-bienestar-de-los-turistas-en-arroyo-seco-por-semana-santa\/\",\"url\":\"https:\/\/www.nexoinformativo.mx\/index.php\/2025\/04\/19\/brigada-de-salud-en-accion-sesa-vela-por-el-bienestar-de-los-turistas-en-arroyo-seco-por-semana-santa\/\",\"name\":\"Brigada de salud en acci\u00f3n SESA vela por el bienestar de los turistas en Arroyo Seco por Semana Santa | Nexo Informativo Santiago de Quer\u00e9taro\",\"isPartOf\":{\"@id\":\"https:\/\/www.nexoinformativo.mx\/#website\"},\"primaryImageOfPage\":{\"@id\":\"https:\/\/www.nexoinformativo.mx\/index.php\/2025\/04\/19\/brigada-de-salud-en-accion-sesa-vela-por-el-bienestar-de-los-turistas-en-arroyo-seco-por-semana-santa\/#primaryimage\"},\"image\":{\"@id\":\"https:\/\/www.nexoinformativo.mx\/index.php\/2025\/04\/19\/brigada-de-salud-en-accion-sesa-vela-por-el-bienestar-de-los-turistas-en-arroyo-seco-por-semana-santa\/#primaryimage\"},\"thumbnailUrl\":\"https:\/\/www.nexoinformativo.mx\/wp-content\/uploads\/2025\/04\/PHOTO-2025-04-19-17-58-54-e1745107504792.jpg\",\"datePublished\":\"2025-04-19T19:00:58+00:00\",\"dateModified\":\"2025-04-20T00:05:53+00:00\",\"description\":\"Brigada de salud en acci\u00f3n SESA vela por el bienestar de los turistas en Arroyo Seco por Semana Santa\",\"breadcrumb\":{\"@id\":\"https:\/\/www.nexoinformativo.mx\/index.php\/2025\/04\/19\/brigada-de-salud-en-accion-sesa-vela-por-el-bienestar-de-los-turistas-en-arroyo-seco-por-semana-santa\/#breadcrumb\"},\"inLanguage\":\"es\",\"potentialAction\":[{\"@type\":\"ReadAction\",\"target\":[\"https:\/\/www.nexoinformativo.mx\/index.php\/2025\/04\/19\/brigada-de-salud-en-accion-sesa-vela-por-el-bienestar-de-los-turistas-en-arroyo-seco-por-semana-santa\/\"]}]},{\"@type\":\"ImageObject\",\"inLanguage\":\"es\",\"@id\":\"https:\/\/www.nexoinformativo.mx\/index.php\/2025\/04\/19\/brigada-de-salud-en-accion-sesa-vela-por-el-bienestar-de-los-turistas-en-arroyo-seco-por-semana-santa\/#primaryimage\",\"url\":\"https:\/\/www.nexoinformativo.mx\/wp-content\/uploads\/2025\/04\/PHOTO-2025-04-19-17-58-54-e1745107504792.jpg\",\"contentUrl\":\"https:\/\/www.nexoinformativo.mx\/wp-content\/uploads\/2025\/04\/PHOTO-2025-04-19-17-58-54-e1745107504792.jpg\",\"width\":750,\"height\":779},{\"@type\":\"BreadcrumbList\",\"@id\":\"https:\/\/www.nexoinformativo.mx\/index.php\/2025\/04\/19\/brigada-de-salud-en-accion-sesa-vela-por-el-bienestar-de-los-turistas-en-arroyo-seco-por-semana-santa\/#breadcrumb\",\"itemListElement\":[{\"@type\":\"ListItem\",\"position\":1,\"name\":\"Inicio\",\"item\":\"https:\/\/www.nexoinformativo.mx\/\"},{\"@type\":\"ListItem\",\"position\":2,\"name\":\"Brigada de salud en acci\u00f3n SESA vela por el bienestar de los turistas en Arroyo Seco por Semana Santa\"}]},{\"@type\":\"WebSite\",\"@id\":\"https:\/\/www.nexoinformativo.mx\/#website\",\"url\":\"https:\/\/www.nexoinformativo.mx\/\",\"name\":\"Nexo Informativo Santiago de Quer\u00e9taro\",\"description\":\"Explora NexoInformativo y convi\u00e9rtete en parte de una comunidad que valora el conocimiento y la verdad. Tu nexoinformativo es tu puente hacia una comprensi\u00f3n m\u00e1s profunda del mundo que te rodea.\",\"publisher\":{\"@id\":\"https:\/\/www.nexoinformativo.mx\/#organization\"},\"potentialAction\":[{\"@type\":\"SearchAction\",\"target\":{\"@type\":\"EntryPoint\",\"urlTemplate\":\"https:\/\/www.nexoinformativo.mx\/?s={search_term_string}\"},\"query-input\":{\"@type\":\"PropertyValueSpecification\",\"valueRequired\":true,\"valueName\":\"search_term_string\"}}],\"inLanguage\":\"es\"},{\"@type\":\"Organization\",\"@id\":\"https:\/\/www.nexoinformativo.mx\/#organization\",\"name\":\"Nexo Informativo Santiago de Quer\u00e9taro\",\"url\":\"https:\/\/www.nexoinformativo.mx\/\",\"logo\":{\"@type\":\"ImageObject\",\"inLanguage\":\"es\",\"@id\":\"https:\/\/www.nexoinformativo.mx\/#\/schema\/logo\/image\/\",\"url\":\"https:\/\/www.nexoinformativo.mx\/wp-content\/uploads\/2024\/07\/nexoi-trasparente-2.png\",\"contentUrl\":\"https:\/\/www.nexoinformativo.mx\/wp-content\/uploads\/2024\/07\/nexoi-trasparente-2.png\",\"width\":816,\"height\":339,\"caption\":\"Nexo Informativo Santiago de Quer\u00e9taro\"},\"image\":{\"@id\":\"https:\/\/www.nexoinformativo.mx\/#\/schema\/logo\/image\/\"},\"sameAs\":[\"https:\/\/www.facebook.com\/people\/Nexo-Informativo\/61564066885511\/\"]},{\"@type\":\"Person\",\"@id\":\"https:\/\/www.nexoinformativo.mx\/#\/schema\/person\/7749d380ba08c8ca00d7bc76fd907b7d\",\"name\":\"Nexo Informativo\",\"image\":{\"@type\":\"ImageObject\",\"inLanguage\":\"es\",\"@id\":\"https:\/\/www.nexoinformativo.mx\/#\/schema\/person\/image\/\",\"url\":\"https:\/\/secure.gravatar.com\/avatar\/dde2928154642a13d95f87ddf1ea9718fe2b46760a005c53e41ff5ad610704e6?s=96&d=mm&r=g\",\"contentUrl\":\"https:\/\/secure.gravatar.com\/avatar\/dde2928154642a13d95f87ddf1ea9718fe2b46760a005c53e41ff5ad610704e6?s=96&d=mm&r=g\",\"caption\":\"Nexo Informativo\"},\"url\":\"https:\/\/www.nexoinformativo.mx\/index.php\/author\/edicion\/\"}]}<\/script>\n<!-- \/ Yoast SEO plugin. -->","yoast_head_json":{"title":"Brigada de salud en acci\u00f3n SESA vela por el bienestar de los turistas en Arroyo Seco por Semana Santa | Nexo Informativo Santiago de Quer\u00e9taro","description":"Brigada de salud en acci\u00f3n SESA vela por el bienestar de los turistas en Arroyo Seco por Semana Santa","robots":{"index":"index","follow":"follow","max-snippet":"max-snippet:-1","max-image-preview":"max-image-preview:large","max-video-preview":"max-video-preview:-1"},"canonical":"https:\/\/www.nexoinformativo.mx\/index.php\/2025\/04\/19\/brigada-de-salud-en-accion-sesa-vela-por-el-bienestar-de-los-turistas-en-arroyo-seco-por-semana-santa\/","og_locale":"es_MX","og_type":"article","og_title":"Brigada de salud en acci\u00f3n SESA vela por el bienestar de los turistas en Arroyo Seco por Semana Santa | Nexo Informativo Santiago de Quer\u00e9taro","og_description":"Brigada de salud en acci\u00f3n SESA vela por el bienestar de los turistas en Arroyo Seco por Semana Santa","og_url":"https:\/\/www.nexoinformativo.mx\/index.php\/2025\/04\/19\/brigada-de-salud-en-accion-sesa-vela-por-el-bienestar-de-los-turistas-en-arroyo-seco-por-semana-santa\/","og_site_name":"Nexo Informativo Santiago de Quer\u00e9taro","article_publisher":"https:\/\/www.facebook.com\/people\/Nexo-Informativo\/61564066885511\/","article_published_time":"2025-04-19T19:00:58+00:00","article_modified_time":"2025-04-20T00:05:53+00:00","og_image":[{"width":750,"height":779,"url":"https:\/\/www.nexoinformativo.mx\/wp-content\/uploads\/2025\/04\/PHOTO-2025-04-19-17-58-54-e1745107504792.jpg","type":"image\/jpeg"}],"author":"Nexo Informativo","twitter_card":"summary_large_image","twitter_misc":{"Escrito por":"Nexo Informativo","Tiempo de lectura":"2 minutos"},"schema":{"@context":"https:\/\/schema.org","@graph":[{"@type":"Article","@id":"https:\/\/www.nexoinformativo.mx\/index.php\/2025\/04\/19\/brigada-de-salud-en-accion-sesa-vela-por-el-bienestar-de-los-turistas-en-arroyo-seco-por-semana-santa\/#article","isPartOf":{"@id":"https:\/\/www.nexoinformativo.mx\/index.php\/2025\/04\/19\/brigada-de-salud-en-accion-sesa-vela-por-el-bienestar-de-los-turistas-en-arroyo-seco-por-semana-santa\/"},"author":{"name":"Nexo Informativo","@id":"https:\/\/www.nexoinformativo.mx\/#\/schema\/person\/7749d380ba08c8ca00d7bc76fd907b7d"},"headline":"Brigada de salud en acci\u00f3n SESA vela por el bienestar de los turistas en Arroyo Seco por Semana Santa","datePublished":"2025-04-19T19:00:58+00:00","dateModified":"2025-04-20T00:05:53+00:00","mainEntityOfPage":{"@id":"https:\/\/www.nexoinformativo.mx\/index.php\/2025\/04\/19\/brigada-de-salud-en-accion-sesa-vela-por-el-bienestar-de-los-turistas-en-arroyo-seco-por-semana-santa\/"},"wordCount":231,"commentCount":0,"publisher":{"@id":"https:\/\/www.nexoinformativo.mx\/#organization"},"image":{"@id":"https:\/\/www.nexoinformativo.mx\/index.php\/2025\/04\/19\/brigada-de-salud-en-accion-sesa-vela-por-el-bienestar-de-los-turistas-en-arroyo-seco-por-semana-santa\/#primaryimage"},"thumbnailUrl":"https:\/\/www.nexoinformativo.mx\/wp-content\/uploads\/2025\/04\/PHOTO-2025-04-19-17-58-54-e1745107504792.jpg","keywords":["ArroyoSecoSaludable","SaludEnVacaciones","SESAContigo","VigilanciaEpidemiol\u00f3gica"],"articleSection":["Estado","\u00daltima Hora"],"inLanguage":"es","potentialAction":[{"@type":"CommentAction","name":"Comment","target":["https:\/\/www.nexoinformativo.mx\/index.php\/2025\/04\/19\/brigada-de-salud-en-accion-sesa-vela-por-el-bienestar-de-los-turistas-en-arroyo-seco-por-semana-santa\/#respond"]}]},{"@type":"WebPage","@id":"https:\/\/www.nexoinformativo.mx\/index.php\/2025\/04\/19\/brigada-de-salud-en-accion-sesa-vela-por-el-bienestar-de-los-turistas-en-arroyo-seco-por-semana-santa\/","url":"https:\/\/www.nexoinformativo.mx\/index.php\/2025\/04\/19\/brigada-de-salud-en-accion-sesa-vela-por-el-bienestar-de-los-turistas-en-arroyo-seco-por-semana-santa\/","name":"Brigada de salud en acci\u00f3n SESA vela por el bienestar de los turistas en Arroyo Seco por Semana Santa | Nexo Informativo Santiago de Quer\u00e9taro","isPartOf":{"@id":"https:\/\/www.nexoinformativo.mx\/#website"},"primaryImageOfPage":{"@id":"https:\/\/www.nexoinformativo.mx\/index.php\/2025\/04\/19\/brigada-de-salud-en-accion-sesa-vela-por-el-bienestar-de-los-turistas-en-arroyo-seco-por-semana-santa\/#primaryimage"},"image":{"@id":"https:\/\/www.nexoinformativo.mx\/index.php\/2025\/04\/19\/brigada-de-salud-en-accion-sesa-vela-por-el-bienestar-de-los-turistas-en-arroyo-seco-por-semana-santa\/#primaryimage"},"thumbnailUrl":"https:\/\/www.nexoinformativo.mx\/wp-content\/uploads\/2025\/04\/PHOTO-2025-04-19-17-58-54-e1745107504792.jpg","datePublished":"2025-04-19T19:00:58+00:00","dateModified":"2025-04-20T00:05:53+00:00","description":"Brigada de salud en acci\u00f3n SESA vela por el bienestar de los turistas en Arroyo Seco por Semana Santa","breadcrumb":{"@id":"https:\/\/www.nexoinformativo.mx\/index.php\/2025\/04\/19\/brigada-de-salud-en-accion-sesa-vela-por-el-bienestar-de-los-turistas-en-arroyo-seco-por-semana-santa\/#breadcrumb"},"inLanguage":"es","potentialAction":[{"@type":"ReadAction","target":["https:\/\/www.nexoinformativo.mx\/index.php\/2025\/04\/19\/brigada-de-salud-en-accion-sesa-vela-por-el-bienestar-de-los-turistas-en-arroyo-seco-por-semana-santa\/"]}]},{"@type":"ImageObject","inLanguage":"es","@id":"https:\/\/www.nexoinformativo.mx\/index.php\/2025\/04\/19\/brigada-de-salud-en-accion-sesa-vela-por-el-bienestar-de-los-turistas-en-arroyo-seco-por-semana-santa\/#primaryimage","url":"https:\/\/www.nexoinformativo.mx\/wp-content\/uploads\/2025\/04\/PHOTO-2025-04-19-17-58-54-e1745107504792.jpg","contentUrl":"https:\/\/www.nexoinformativo.mx\/wp-content\/uploads\/2025\/04\/PHOTO-2025-04-19-17-58-54-e1745107504792.jpg","width":750,"height":779},{"@type":"BreadcrumbList","@id":"https:\/\/www.nexoinformativo.mx\/index.php\/2025\/04\/19\/brigada-de-salud-en-accion-sesa-vela-por-el-bienestar-de-los-turistas-en-arroyo-seco-por-semana-santa\/#breadcrumb","itemListElement":[{"@type":"ListItem","position":1,"name":"Inicio","item":"https:\/\/www.nexoinformativo.mx\/"},{"@type":"ListItem","position":2,"name":"Brigada de salud en acci\u00f3n SESA vela por el bienestar de los turistas en Arroyo Seco por Semana Santa"}]},{"@type":"WebSite","@id":"https:\/\/www.nexoinformativo.mx\/#website","url":"https:\/\/www.nexoinformativo.mx\/","name":"Nexo Informativo Santiago de Quer\u00e9taro","description":"Explora NexoInformativo y convi\u00e9rtete en parte de una comunidad que valora el conocimiento y la verdad. Tu nexoinformativo es tu puente hacia una comprensi\u00f3n m\u00e1s profunda del mundo que te rodea.","publisher":{"@id":"https:\/\/www.nexoinformativo.mx\/#organization"},"potentialAction":[{"@type":"SearchAction","target":{"@type":"EntryPoint","urlTemplate":"https:\/\/www.nexoinformativo.mx\/?s={search_term_string}"},"query-input":{"@type":"PropertyValueSpecification","valueRequired":true,"valueName":"search_term_string"}}],"inLanguage":"es"},{"@type":"Organization","@id":"https:\/\/www.nexoinformativo.mx\/#organization","name":"Nexo Informativo Santiago de Quer\u00e9taro","url":"https:\/\/www.nexoinformativo.mx\/","logo":{"@type":"ImageObject","inLanguage":"es","@id":"https:\/\/www.nexoinformativo.mx\/#\/schema\/logo\/image\/","url":"https:\/\/www.nexoinformativo.mx\/wp-content\/uploads\/2024\/07\/nexoi-trasparente-2.png","contentUrl":"https:\/\/www.nexoinformativo.mx\/wp-content\/uploads\/2024\/07\/nexoi-trasparente-2.png","width":816,"height":339,"caption":"Nexo Informativo Santiago de Quer\u00e9taro"},"image":{"@id":"https:\/\/www.nexoinformativo.mx\/#\/schema\/logo\/image\/"},"sameAs":["https:\/\/www.facebook.com\/people\/Nexo-Informativo\/61564066885511\/"]},{"@type":"Person","@id":"https:\/\/www.nexoinformativo.mx\/#\/schema\/person\/7749d380ba08c8ca00d7bc76fd907b7d","name":"Nexo Informativo","image":{"@type":"ImageObject","inLanguage":"es","@id":"https:\/\/www.nexoinformativo.mx\/#\/schema\/person\/image\/","url":"https:\/\/secure.gravatar.com\/avatar\/dde2928154642a13d95f87ddf1ea9718fe2b46760a005c53e41ff5ad610704e6?s=96&d=mm&r=g","contentUrl":"https:\/\/secure.gravatar.com\/avatar\/dde2928154642a13d95f87ddf1ea9718fe2b46760a005c53e41ff5ad610704e6?s=96&d=mm&r=g","caption":"Nexo Informativo"},"url":"https:\/\/www.nexoinformativo.mx\/index.php\/author\/edicion\/"}]}},"_links":{"self":[{"href":"https:\/\/www.nexoinformativo.mx\/index.php\/wp-json\/wp\/v2\/posts\/14298","targetHints":{"allow":["GET"]}}],"collection":[{"href":"https:\/\/www.nexoinformativo.mx\/index.php\/wp-json\/wp\/v2\/posts"}],"about":[{"href":"https:\/\/www.nexoinformativo.mx\/index.php\/wp-json\/wp\/v2\/types\/post"}],"author":[{"embeddable":true,"href":"https:\/\/www.nexoinformativo.mx\/index.php\/wp-json\/wp\/v2\/users\/3"}],"replies":[{"embeddable":true,"href":"https:\/\/www.nexoinformativo.mx\/index.php\/wp-json\/wp\/v2\/comments?post=14298"}],"version-history":[{"count":3,"href":"https:\/\/www.nexoinformativo.mx\/index.php\/wp-json\/wp\/v2\/posts\/14298\/revisions"}],"predecessor-version":[{"id":14302,"href":"https:\/\/www.nexoinformativo.mx\/index.php\/wp-json\/wp\/v2\/posts\/14298\/revisions\/14302"}],"wp:featuredmedia":[{"embeddable":true,"href":"https:\/\/www.nexoinformativo.mx\/index.php\/wp-json\/wp\/v2\/media\/14299"}],"wp:attachment":[{"href":"https:\/\/www.nexoinformativo.mx\/index.php\/wp-json\/wp\/v2\/media?parent=14298"}],"wp:term":[{"taxonomy":"category","embeddable":true,"href":"https:\/\/www.nexoinformativo.mx\/index.php\/wp-json\/wp\/v2\/categories?post=14298"},{"taxonomy":"post_tag","embeddable":true,"href":"https:\/\/www.nexoinformativo.mx\/index.php\/wp-json\/wp\/v2\/tags?post=14298"}],"curies":[{"name":"wp","href":"https:\/\/api.w.org\/{rel}","templated":true}]}}