{"id":14309,"date":"2025-04-20T09:00:29","date_gmt":"2025-04-20T15:00:29","guid":{"rendered":"https:\/\/www.nexoinformativo.mx\/?p=14309"},"modified":"2025-04-20T22:37:13","modified_gmt":"2025-04-21T04:37:13","slug":"por-escuelas-seguras-sep-impulsa-cultura-de-paz-en-primer-foro-metropolitano-para-bachilleres","status":"publish","type":"post","link":"https:\/\/www.nexoinformativo.mx\/index.php\/2025\/04\/20\/por-escuelas-seguras-sep-impulsa-cultura-de-paz-en-primer-foro-metropolitano-para-bachilleres\/","title":{"rendered":"Por escuelas seguras SEP impulsa cultura de paz en primer Foro Metropolitano para Bachilleres"},"content":{"rendered":"<p style=\"text-align: justify;\" data-sourcepos=\"11:1-11:445\">En un esfuerzo por construir entornos escolares seguros y promover una cultura de paz, la Secretar\u00eda de Educaci\u00f3n P\u00fablica (SEP), a trav\u00e9s de la Subsecretar\u00eda de Educaci\u00f3n Media Superior (SEMS).<\/p>\n<p>&nbsp;<\/p>\n<p style=\"text-align: justify;\" data-sourcepos=\"11:1-11:445\">Llev\u00f3 a cabo del 7 al 11 de abril el primer Foro Metropolitano, con la participaci\u00f3n activa de la comunidad escolar de 20 planteles del Colegio de Bachilleres (Cobach) en la Zona Metropolitana del Valle de M\u00e9xico (ZMVM).<\/p>\n<p>&nbsp;<\/p>\n<p style=\"text-align: justify;\" data-sourcepos=\"13:1-13:329\">La subsecretaria de Educaci\u00f3n Media Superior, Tania Rodr\u00edguez, encabez\u00f3 los trabajos y destac\u00f3 que este foro se enmarca en un diagn\u00f3stico general sobre las diversas formas de violencia presentes en los planteles y las acciones que los subsistemas de Educaci\u00f3n Media Superior est\u00e1n implementando para erradicarlas en la ZMVM.<\/p>\n<p>&nbsp;<\/p>\n<p style=\"text-align: justify;\" data-sourcepos=\"15:1-15:320\">Rodr\u00edguez Mora record\u00f3 el llamado del secretario de Educaci\u00f3n P\u00fablica, Mario Delgado, a los estudiantes a involucrarse en las estrategias impulsadas por las instituciones de Educaci\u00f3n Media Superior, como Atenci\u00f3n a la Comunidad, J\u00f3venes por la Paz y las Jornadas Nacionales de Ciencia, Arte, Cultura y Deporte.<\/p>\n<p>&nbsp;<\/p>\n<p style=\"text-align: justify;\" data-sourcepos=\"17:1-17:560\">Durante el foro, que tuvo lugar en las instalaciones del Colbach n\u00famero 2 \u201cElisa Acu\u00f1a Rossetti\u201d, directivos, docentes y estudiantes de los 20 planteles participantes realizaron diversas actividades clave, incluyendo la identificaci\u00f3n de violencias en sus escuelas, la promoci\u00f3n de la creaci\u00f3n de Comit\u00e9s de Paz en cada plantel, la valoraci\u00f3n de acciones existentes en torno a la cultura de paz y la resoluci\u00f3n de conflictos.<\/p>\n<p>&nbsp;<\/p>\n<p style=\"text-align: justify;\" data-sourcepos=\"19:1-19:291\">La Subsecretar\u00eda de Educaci\u00f3n Media Superior tiene previsto llevar a cabo foros similares en otros subsistemas de la ZMVM, como la DGETI, el Conalep y el IEMS, con el objetivo de establecer un Comit\u00e9 de Paz en cada plantel como \u00f3rgano central para abordar las causas de la violencia escolar.<\/p>\n<p>&nbsp;<\/p>\n<p style=\"text-align: justify;\" data-sourcepos=\"21:1-21:321\">El foro cont\u00f3 con la participaci\u00f3n de representantes del INJUVE, la CNDH, la CDHCM y el IAPA, as\u00ed como de la organizaci\u00f3n Alternativas de Divulgaci\u00f3n A.C., buscando establecer un trabajo interinstitucional para atender de manera integral las causas de la violencia en los planteles de Educaci\u00f3n Media Superior de la ZMVM.<\/p>\n<p>&nbsp;<\/p>\n<p style=\"text-align: center;\" data-sourcepos=\"21:1-21:321\"><em><strong>\u00a1Informaci\u00f3n que transforma!<\/strong><\/em><\/p>\n","protected":false},"excerpt":{"rendered":"<p>En un esfuerzo por construir entornos escolares seguros y promover una cultura de paz, la Secretar\u00eda de Educaci\u00f3n P\u00fablica (SEP), a trav\u00e9s de la Subsecretar\u00eda de Educaci\u00f3n Media Superior (SEMS).<\/p>\n","protected":false},"author":3,"featured_media":14310,"comment_status":"open","ping_status":"open","sticky":false,"template":"","format":"standard","meta":{"footnotes":""},"categories":[88,58],"tags":[4212,4213,4214,4215],"class_list":["post-14309","post","type-post","status-publish","format-standard","has-post-thumbnail","hentry","category-nacional","category-ultima-hora","tag-culturadepazsep","tag-escuelassinviolencia","tag-forometropolitano","tag-jovenesporlapaz"],"yoast_head":"<!-- This site is optimized with the Yoast SEO plugin v25.0 - https:\/\/yoast.com\/wordpress\/plugins\/seo\/ -->\n<title>Por escuelas seguras SEP impulsa cultura de paz en primer Foro Metropolitano para Bachilleres | Nexo Informativo Santiago de Quer\u00e9taro<\/title>\n<meta name=\"description\" content=\"Por escuelas seguras SEP impulsa cultura de paz en primer Foro Metropolitano para Bachilleres\" \/>\n<meta name=\"robots\" content=\"index, follow, max-snippet:-1, max-image-preview:large, max-video-preview:-1\" \/>\n<link rel=\"canonical\" href=\"https:\/\/www.nexoinformativo.mx\/index.php\/2025\/04\/20\/por-escuelas-seguras-sep-impulsa-cultura-de-paz-en-primer-foro-metropolitano-para-bachilleres\/\" \/>\n<meta property=\"og:locale\" content=\"es_MX\" \/>\n<meta property=\"og:type\" content=\"article\" \/>\n<meta property=\"og:title\" content=\"Por escuelas seguras SEP impulsa cultura de paz en primer Foro Metropolitano para Bachilleres | Nexo Informativo Santiago de Quer\u00e9taro\" \/>\n<meta property=\"og:description\" content=\"Por escuelas seguras SEP impulsa cultura de paz en primer Foro Metropolitano para Bachilleres\" \/>\n<meta property=\"og:url\" content=\"https:\/\/www.nexoinformativo.mx\/index.php\/2025\/04\/20\/por-escuelas-seguras-sep-impulsa-cultura-de-paz-en-primer-foro-metropolitano-para-bachilleres\/\" \/>\n<meta property=\"og:site_name\" content=\"Nexo Informativo Santiago de Quer\u00e9taro\" \/>\n<meta property=\"article:publisher\" content=\"https:\/\/www.facebook.com\/people\/Nexo-Informativo\/61564066885511\/\" \/>\n<meta property=\"article:published_time\" content=\"2025-04-20T15:00:29+00:00\" \/>\n<meta property=\"article:modified_time\" content=\"2025-04-21T04:37:13+00:00\" \/>\n<meta property=\"og:image\" content=\"https:\/\/www.nexoinformativo.mx\/wp-content\/uploads\/2025\/04\/IMG_2354.jpg\" \/>\n\t<meta property=\"og:image:width\" content=\"650\" \/>\n\t<meta property=\"og:image:height\" content=\"380\" \/>\n\t<meta property=\"og:image:type\" content=\"image\/jpeg\" \/>\n<meta name=\"author\" content=\"Nexo Informativo\" \/>\n<meta name=\"twitter:card\" content=\"summary_large_image\" \/>\n<meta name=\"twitter:label1\" content=\"Escrito por\" \/>\n\t<meta name=\"twitter:data1\" content=\"Nexo Informativo\" \/>\n\t<meta name=\"twitter:label2\" content=\"Tiempo de lectura\" \/>\n\t<meta name=\"twitter:data2\" content=\"2 minutos\" \/>\n<script type=\"application\/ld+json\" class=\"yoast-schema-graph\">{\"@context\":\"https:\/\/schema.org\",\"@graph\":[{\"@type\":\"Article\",\"@id\":\"https:\/\/www.nexoinformativo.mx\/index.php\/2025\/04\/20\/por-escuelas-seguras-sep-impulsa-cultura-de-paz-en-primer-foro-metropolitano-para-bachilleres\/#article\",\"isPartOf\":{\"@id\":\"https:\/\/www.nexoinformativo.mx\/index.php\/2025\/04\/20\/por-escuelas-seguras-sep-impulsa-cultura-de-paz-en-primer-foro-metropolitano-para-bachilleres\/\"},\"author\":{\"name\":\"Nexo Informativo\",\"@id\":\"https:\/\/www.nexoinformativo.mx\/#\/schema\/person\/7749d380ba08c8ca00d7bc76fd907b7d\"},\"headline\":\"Por escuelas seguras SEP impulsa cultura de paz en primer Foro Metropolitano para Bachilleres\",\"datePublished\":\"2025-04-20T15:00:29+00:00\",\"dateModified\":\"2025-04-21T04:37:13+00:00\",\"mainEntityOfPage\":{\"@id\":\"https:\/\/www.nexoinformativo.mx\/index.php\/2025\/04\/20\/por-escuelas-seguras-sep-impulsa-cultura-de-paz-en-primer-foro-metropolitano-para-bachilleres\/\"},\"wordCount\":385,\"commentCount\":0,\"publisher\":{\"@id\":\"https:\/\/www.nexoinformativo.mx\/#organization\"},\"image\":{\"@id\":\"https:\/\/www.nexoinformativo.mx\/index.php\/2025\/04\/20\/por-escuelas-seguras-sep-impulsa-cultura-de-paz-en-primer-foro-metropolitano-para-bachilleres\/#primaryimage\"},\"thumbnailUrl\":\"https:\/\/www.nexoinformativo.mx\/wp-content\/uploads\/2025\/04\/IMG_2354.jpg\",\"keywords\":[\"CulturaDePazSEP\",\"EscuelasSinViolencia\",\"ForoMetropolitano\",\"J\u00f3venesPorLaPaz\"],\"articleSection\":[\"Nacional\",\"\u00daltima Hora\"],\"inLanguage\":\"es\",\"potentialAction\":[{\"@type\":\"CommentAction\",\"name\":\"Comment\",\"target\":[\"https:\/\/www.nexoinformativo.mx\/index.php\/2025\/04\/20\/por-escuelas-seguras-sep-impulsa-cultura-de-paz-en-primer-foro-metropolitano-para-bachilleres\/#respond\"]}]},{\"@type\":\"WebPage\",\"@id\":\"https:\/\/www.nexoinformativo.mx\/index.php\/2025\/04\/20\/por-escuelas-seguras-sep-impulsa-cultura-de-paz-en-primer-foro-metropolitano-para-bachilleres\/\",\"url\":\"https:\/\/www.nexoinformativo.mx\/index.php\/2025\/04\/20\/por-escuelas-seguras-sep-impulsa-cultura-de-paz-en-primer-foro-metropolitano-para-bachilleres\/\",\"name\":\"Por escuelas seguras SEP impulsa cultura de paz en primer Foro Metropolitano para Bachilleres | Nexo Informativo Santiago de Quer\u00e9taro\",\"isPartOf\":{\"@id\":\"https:\/\/www.nexoinformativo.mx\/#website\"},\"primaryImageOfPage\":{\"@id\":\"https:\/\/www.nexoinformativo.mx\/index.php\/2025\/04\/20\/por-escuelas-seguras-sep-impulsa-cultura-de-paz-en-primer-foro-metropolitano-para-bachilleres\/#primaryimage\"},\"image\":{\"@id\":\"https:\/\/www.nexoinformativo.mx\/index.php\/2025\/04\/20\/por-escuelas-seguras-sep-impulsa-cultura-de-paz-en-primer-foro-metropolitano-para-bachilleres\/#primaryimage\"},\"thumbnailUrl\":\"https:\/\/www.nexoinformativo.mx\/wp-content\/uploads\/2025\/04\/IMG_2354.jpg\",\"datePublished\":\"2025-04-20T15:00:29+00:00\",\"dateModified\":\"2025-04-21T04:37:13+00:00\",\"description\":\"Por escuelas seguras SEP impulsa cultura de paz en primer Foro Metropolitano para Bachilleres\",\"breadcrumb\":{\"@id\":\"https:\/\/www.nexoinformativo.mx\/index.php\/2025\/04\/20\/por-escuelas-seguras-sep-impulsa-cultura-de-paz-en-primer-foro-metropolitano-para-bachilleres\/#breadcrumb\"},\"inLanguage\":\"es\",\"potentialAction\":[{\"@type\":\"ReadAction\",\"target\":[\"https:\/\/www.nexoinformativo.mx\/index.php\/2025\/04\/20\/por-escuelas-seguras-sep-impulsa-cultura-de-paz-en-primer-foro-metropolitano-para-bachilleres\/\"]}]},{\"@type\":\"ImageObject\",\"inLanguage\":\"es\",\"@id\":\"https:\/\/www.nexoinformativo.mx\/index.php\/2025\/04\/20\/por-escuelas-seguras-sep-impulsa-cultura-de-paz-en-primer-foro-metropolitano-para-bachilleres\/#primaryimage\",\"url\":\"https:\/\/www.nexoinformativo.mx\/wp-content\/uploads\/2025\/04\/IMG_2354.jpg\",\"contentUrl\":\"https:\/\/www.nexoinformativo.mx\/wp-content\/uploads\/2025\/04\/IMG_2354.jpg\",\"width\":650,\"height\":380},{\"@type\":\"BreadcrumbList\",\"@id\":\"https:\/\/www.nexoinformativo.mx\/index.php\/2025\/04\/20\/por-escuelas-seguras-sep-impulsa-cultura-de-paz-en-primer-foro-metropolitano-para-bachilleres\/#breadcrumb\",\"itemListElement\":[{\"@type\":\"ListItem\",\"position\":1,\"name\":\"Inicio\",\"item\":\"https:\/\/www.nexoinformativo.mx\/\"},{\"@type\":\"ListItem\",\"position\":2,\"name\":\"Por escuelas seguras SEP impulsa cultura de paz en primer Foro Metropolitano para Bachilleres\"}]},{\"@type\":\"WebSite\",\"@id\":\"https:\/\/www.nexoinformativo.mx\/#website\",\"url\":\"https:\/\/www.nexoinformativo.mx\/\",\"name\":\"Nexo Informativo Santiago de Quer\u00e9taro\",\"description\":\"Explora NexoInformativo y convi\u00e9rtete en parte de una comunidad que valora el conocimiento y la verdad. Tu nexoinformativo es tu puente hacia una comprensi\u00f3n m\u00e1s profunda del mundo que te rodea.\",\"publisher\":{\"@id\":\"https:\/\/www.nexoinformativo.mx\/#organization\"},\"potentialAction\":[{\"@type\":\"SearchAction\",\"target\":{\"@type\":\"EntryPoint\",\"urlTemplate\":\"https:\/\/www.nexoinformativo.mx\/?s={search_term_string}\"},\"query-input\":{\"@type\":\"PropertyValueSpecification\",\"valueRequired\":true,\"valueName\":\"search_term_string\"}}],\"inLanguage\":\"es\"},{\"@type\":\"Organization\",\"@id\":\"https:\/\/www.nexoinformativo.mx\/#organization\",\"name\":\"Nexo Informativo Santiago de Quer\u00e9taro\",\"url\":\"https:\/\/www.nexoinformativo.mx\/\",\"logo\":{\"@type\":\"ImageObject\",\"inLanguage\":\"es\",\"@id\":\"https:\/\/www.nexoinformativo.mx\/#\/schema\/logo\/image\/\",\"url\":\"https:\/\/www.nexoinformativo.mx\/wp-content\/uploads\/2024\/07\/nexoi-trasparente-2.png\",\"contentUrl\":\"https:\/\/www.nexoinformativo.mx\/wp-content\/uploads\/2024\/07\/nexoi-trasparente-2.png\",\"width\":816,\"height\":339,\"caption\":\"Nexo Informativo Santiago de Quer\u00e9taro\"},\"image\":{\"@id\":\"https:\/\/www.nexoinformativo.mx\/#\/schema\/logo\/image\/\"},\"sameAs\":[\"https:\/\/www.facebook.com\/people\/Nexo-Informativo\/61564066885511\/\"]},{\"@type\":\"Person\",\"@id\":\"https:\/\/www.nexoinformativo.mx\/#\/schema\/person\/7749d380ba08c8ca00d7bc76fd907b7d\",\"name\":\"Nexo Informativo\",\"image\":{\"@type\":\"ImageObject\",\"inLanguage\":\"es\",\"@id\":\"https:\/\/www.nexoinformativo.mx\/#\/schema\/person\/image\/\",\"url\":\"https:\/\/secure.gravatar.com\/avatar\/dde2928154642a13d95f87ddf1ea9718fe2b46760a005c53e41ff5ad610704e6?s=96&d=mm&r=g\",\"contentUrl\":\"https:\/\/secure.gravatar.com\/avatar\/dde2928154642a13d95f87ddf1ea9718fe2b46760a005c53e41ff5ad610704e6?s=96&d=mm&r=g\",\"caption\":\"Nexo Informativo\"},\"url\":\"https:\/\/www.nexoinformativo.mx\/index.php\/author\/edicion\/\"}]}<\/script>\n<!-- \/ Yoast SEO plugin. -->","yoast_head_json":{"title":"Por escuelas seguras SEP impulsa cultura de paz en primer Foro Metropolitano para Bachilleres | Nexo Informativo Santiago de Quer\u00e9taro","description":"Por escuelas seguras SEP impulsa cultura de paz en primer Foro Metropolitano para Bachilleres","robots":{"index":"index","follow":"follow","max-snippet":"max-snippet:-1","max-image-preview":"max-image-preview:large","max-video-preview":"max-video-preview:-1"},"canonical":"https:\/\/www.nexoinformativo.mx\/index.php\/2025\/04\/20\/por-escuelas-seguras-sep-impulsa-cultura-de-paz-en-primer-foro-metropolitano-para-bachilleres\/","og_locale":"es_MX","og_type":"article","og_title":"Por escuelas seguras SEP impulsa cultura de paz en primer Foro Metropolitano para Bachilleres | Nexo Informativo Santiago de Quer\u00e9taro","og_description":"Por escuelas seguras SEP impulsa cultura de paz en primer Foro Metropolitano para Bachilleres","og_url":"https:\/\/www.nexoinformativo.mx\/index.php\/2025\/04\/20\/por-escuelas-seguras-sep-impulsa-cultura-de-paz-en-primer-foro-metropolitano-para-bachilleres\/","og_site_name":"Nexo Informativo Santiago de Quer\u00e9taro","article_publisher":"https:\/\/www.facebook.com\/people\/Nexo-Informativo\/61564066885511\/","article_published_time":"2025-04-20T15:00:29+00:00","article_modified_time":"2025-04-21T04:37:13+00:00","og_image":[{"width":650,"height":380,"url":"https:\/\/www.nexoinformativo.mx\/wp-content\/uploads\/2025\/04\/IMG_2354.jpg","type":"image\/jpeg"}],"author":"Nexo Informativo","twitter_card":"summary_large_image","twitter_misc":{"Escrito por":"Nexo Informativo","Tiempo de lectura":"2 minutos"},"schema":{"@context":"https:\/\/schema.org","@graph":[{"@type":"Article","@id":"https:\/\/www.nexoinformativo.mx\/index.php\/2025\/04\/20\/por-escuelas-seguras-sep-impulsa-cultura-de-paz-en-primer-foro-metropolitano-para-bachilleres\/#article","isPartOf":{"@id":"https:\/\/www.nexoinformativo.mx\/index.php\/2025\/04\/20\/por-escuelas-seguras-sep-impulsa-cultura-de-paz-en-primer-foro-metropolitano-para-bachilleres\/"},"author":{"name":"Nexo Informativo","@id":"https:\/\/www.nexoinformativo.mx\/#\/schema\/person\/7749d380ba08c8ca00d7bc76fd907b7d"},"headline":"Por escuelas seguras SEP impulsa cultura de paz en primer Foro Metropolitano para Bachilleres","datePublished":"2025-04-20T15:00:29+00:00","dateModified":"2025-04-21T04:37:13+00:00","mainEntityOfPage":{"@id":"https:\/\/www.nexoinformativo.mx\/index.php\/2025\/04\/20\/por-escuelas-seguras-sep-impulsa-cultura-de-paz-en-primer-foro-metropolitano-para-bachilleres\/"},"wordCount":385,"commentCount":0,"publisher":{"@id":"https:\/\/www.nexoinformativo.mx\/#organization"},"image":{"@id":"https:\/\/www.nexoinformativo.mx\/index.php\/2025\/04\/20\/por-escuelas-seguras-sep-impulsa-cultura-de-paz-en-primer-foro-metropolitano-para-bachilleres\/#primaryimage"},"thumbnailUrl":"https:\/\/www.nexoinformativo.mx\/wp-content\/uploads\/2025\/04\/IMG_2354.jpg","keywords":["CulturaDePazSEP","EscuelasSinViolencia","ForoMetropolitano","J\u00f3venesPorLaPaz"],"articleSection":["Nacional","\u00daltima Hora"],"inLanguage":"es","potentialAction":[{"@type":"CommentAction","name":"Comment","target":["https:\/\/www.nexoinformativo.mx\/index.php\/2025\/04\/20\/por-escuelas-seguras-sep-impulsa-cultura-de-paz-en-primer-foro-metropolitano-para-bachilleres\/#respond"]}]},{"@type":"WebPage","@id":"https:\/\/www.nexoinformativo.mx\/index.php\/2025\/04\/20\/por-escuelas-seguras-sep-impulsa-cultura-de-paz-en-primer-foro-metropolitano-para-bachilleres\/","url":"https:\/\/www.nexoinformativo.mx\/index.php\/2025\/04\/20\/por-escuelas-seguras-sep-impulsa-cultura-de-paz-en-primer-foro-metropolitano-para-bachilleres\/","name":"Por escuelas seguras SEP impulsa cultura de paz en primer Foro Metropolitano para Bachilleres | Nexo Informativo Santiago de Quer\u00e9taro","isPartOf":{"@id":"https:\/\/www.nexoinformativo.mx\/#website"},"primaryImageOfPage":{"@id":"https:\/\/www.nexoinformativo.mx\/index.php\/2025\/04\/20\/por-escuelas-seguras-sep-impulsa-cultura-de-paz-en-primer-foro-metropolitano-para-bachilleres\/#primaryimage"},"image":{"@id":"https:\/\/www.nexoinformativo.mx\/index.php\/2025\/04\/20\/por-escuelas-seguras-sep-impulsa-cultura-de-paz-en-primer-foro-metropolitano-para-bachilleres\/#primaryimage"},"thumbnailUrl":"https:\/\/www.nexoinformativo.mx\/wp-content\/uploads\/2025\/04\/IMG_2354.jpg","datePublished":"2025-04-20T15:00:29+00:00","dateModified":"2025-04-21T04:37:13+00:00","description":"Por escuelas seguras SEP impulsa cultura de paz en primer Foro Metropolitano para Bachilleres","breadcrumb":{"@id":"https:\/\/www.nexoinformativo.mx\/index.php\/2025\/04\/20\/por-escuelas-seguras-sep-impulsa-cultura-de-paz-en-primer-foro-metropolitano-para-bachilleres\/#breadcrumb"},"inLanguage":"es","potentialAction":[{"@type":"ReadAction","target":["https:\/\/www.nexoinformativo.mx\/index.php\/2025\/04\/20\/por-escuelas-seguras-sep-impulsa-cultura-de-paz-en-primer-foro-metropolitano-para-bachilleres\/"]}]},{"@type":"ImageObject","inLanguage":"es","@id":"https:\/\/www.nexoinformativo.mx\/index.php\/2025\/04\/20\/por-escuelas-seguras-sep-impulsa-cultura-de-paz-en-primer-foro-metropolitano-para-bachilleres\/#primaryimage","url":"https:\/\/www.nexoinformativo.mx\/wp-content\/uploads\/2025\/04\/IMG_2354.jpg","contentUrl":"https:\/\/www.nexoinformativo.mx\/wp-content\/uploads\/2025\/04\/IMG_2354.jpg","width":650,"height":380},{"@type":"BreadcrumbList","@id":"https:\/\/www.nexoinformativo.mx\/index.php\/2025\/04\/20\/por-escuelas-seguras-sep-impulsa-cultura-de-paz-en-primer-foro-metropolitano-para-bachilleres\/#breadcrumb","itemListElement":[{"@type":"ListItem","position":1,"name":"Inicio","item":"https:\/\/www.nexoinformativo.mx\/"},{"@type":"ListItem","position":2,"name":"Por escuelas seguras SEP impulsa cultura de paz en primer Foro Metropolitano para Bachilleres"}]},{"@type":"WebSite","@id":"https:\/\/www.nexoinformativo.mx\/#website","url":"https:\/\/www.nexoinformativo.mx\/","name":"Nexo Informativo Santiago de Quer\u00e9taro","description":"Explora NexoInformativo y convi\u00e9rtete en parte de una comunidad que valora el conocimiento y la verdad. Tu nexoinformativo es tu puente hacia una comprensi\u00f3n m\u00e1s profunda del mundo que te rodea.","publisher":{"@id":"https:\/\/www.nexoinformativo.mx\/#organization"},"potentialAction":[{"@type":"SearchAction","target":{"@type":"EntryPoint","urlTemplate":"https:\/\/www.nexoinformativo.mx\/?s={search_term_string}"},"query-input":{"@type":"PropertyValueSpecification","valueRequired":true,"valueName":"search_term_string"}}],"inLanguage":"es"},{"@type":"Organization","@id":"https:\/\/www.nexoinformativo.mx\/#organization","name":"Nexo Informativo Santiago de Quer\u00e9taro","url":"https:\/\/www.nexoinformativo.mx\/","logo":{"@type":"ImageObject","inLanguage":"es","@id":"https:\/\/www.nexoinformativo.mx\/#\/schema\/logo\/image\/","url":"https:\/\/www.nexoinformativo.mx\/wp-content\/uploads\/2024\/07\/nexoi-trasparente-2.png","contentUrl":"https:\/\/www.nexoinformativo.mx\/wp-content\/uploads\/2024\/07\/nexoi-trasparente-2.png","width":816,"height":339,"caption":"Nexo Informativo Santiago de Quer\u00e9taro"},"image":{"@id":"https:\/\/www.nexoinformativo.mx\/#\/schema\/logo\/image\/"},"sameAs":["https:\/\/www.facebook.com\/people\/Nexo-Informativo\/61564066885511\/"]},{"@type":"Person","@id":"https:\/\/www.nexoinformativo.mx\/#\/schema\/person\/7749d380ba08c8ca00d7bc76fd907b7d","name":"Nexo Informativo","image":{"@type":"ImageObject","inLanguage":"es","@id":"https:\/\/www.nexoinformativo.mx\/#\/schema\/person\/image\/","url":"https:\/\/secure.gravatar.com\/avatar\/dde2928154642a13d95f87ddf1ea9718fe2b46760a005c53e41ff5ad610704e6?s=96&d=mm&r=g","contentUrl":"https:\/\/secure.gravatar.com\/avatar\/dde2928154642a13d95f87ddf1ea9718fe2b46760a005c53e41ff5ad610704e6?s=96&d=mm&r=g","caption":"Nexo Informativo"},"url":"https:\/\/www.nexoinformativo.mx\/index.php\/author\/edicion\/"}]}},"_links":{"self":[{"href":"https:\/\/www.nexoinformativo.mx\/index.php\/wp-json\/wp\/v2\/posts\/14309","targetHints":{"allow":["GET"]}}],"collection":[{"href":"https:\/\/www.nexoinformativo.mx\/index.php\/wp-json\/wp\/v2\/posts"}],"about":[{"href":"https:\/\/www.nexoinformativo.mx\/index.php\/wp-json\/wp\/v2\/types\/post"}],"author":[{"embeddable":true,"href":"https:\/\/www.nexoinformativo.mx\/index.php\/wp-json\/wp\/v2\/users\/3"}],"replies":[{"embeddable":true,"href":"https:\/\/www.nexoinformativo.mx\/index.php\/wp-json\/wp\/v2\/comments?post=14309"}],"version-history":[{"count":4,"href":"https:\/\/www.nexoinformativo.mx\/index.php\/wp-json\/wp\/v2\/posts\/14309\/revisions"}],"predecessor-version":[{"id":14334,"href":"https:\/\/www.nexoinformativo.mx\/index.php\/wp-json\/wp\/v2\/posts\/14309\/revisions\/14334"}],"wp:featuredmedia":[{"embeddable":true,"href":"https:\/\/www.nexoinformativo.mx\/index.php\/wp-json\/wp\/v2\/media\/14310"}],"wp:attachment":[{"href":"https:\/\/www.nexoinformativo.mx\/index.php\/wp-json\/wp\/v2\/media?parent=14309"}],"wp:term":[{"taxonomy":"category","embeddable":true,"href":"https:\/\/www.nexoinformativo.mx\/index.php\/wp-json\/wp\/v2\/categories?post=14309"},{"taxonomy":"post_tag","embeddable":true,"href":"https:\/\/www.nexoinformativo.mx\/index.php\/wp-json\/wp\/v2\/tags?post=14309"}],"curies":[{"name":"wp","href":"https:\/\/api.w.org\/{rel}","templated":true}]}}