{"id":14322,"date":"2025-04-20T11:00:34","date_gmt":"2025-04-20T17:00:34","guid":{"rendered":"https:\/\/www.nexoinformativo.mx\/?p=14322"},"modified":"2025-04-20T15:50:22","modified_gmt":"2025-04-20T21:50:22","slug":"tu-higado-es-vida-sesa-queretaro-se-suma-al-dia-mundial-con-un-mensaje-crucial-la-comida-es-medicina","status":"publish","type":"post","link":"https:\/\/www.nexoinformativo.mx\/index.php\/2025\/04\/20\/tu-higado-es-vida-sesa-queretaro-se-suma-al-dia-mundial-con-un-mensaje-crucial-la-comida-es-medicina\/","title":{"rendered":"Tu h\u00edgado es vida SESA Quer\u00e9taro se suma al D\u00eda Mundial con un mensaje crucial la comida es medicina"},"content":{"rendered":"<p style=\"text-align: justify;\" data-sourcepos=\"11:1-11:410\">La Secretar\u00eda de Salud (SESA) del estado de Quer\u00e9taro se une a la conmemoraci\u00f3n del D\u00eda Mundial del H\u00edgado, que se celebra cada 19 de abril, con el lema para este 2025: \u201cLa comida es medicina.\u201d<\/p>\n<\/p>\n<p>&nbsp;<\/p>\n<p style=\"text-align: justify;\" data-sourcepos=\"11:1-11:410\">La dependencia estatal busca concientizar a la poblaci\u00f3n sobre la importancia de este \u00f3rgano vital en todas las etapas de la vida e invitar a marcar la diferencia en su cuidado desde hoy.<\/p>\n<\/p>\n<p>&nbsp;<\/p>\n<p style=\"text-align: justify;\" data-sourcepos=\"13:1-13:248\">El h\u00edgado desempe\u00f1a funciones esenciales en el organismo, ayudando a digerir los alimentos, almacenar energ\u00eda y eliminar toxinas. Un h\u00edgado sano es la base de una vida plena, y cada alimento y bebida que consumimos influye directamente en su salud.<\/p>\n<\/p>\n<p>&nbsp;<\/p>\n<p style=\"text-align: justify;\" data-sourcepos=\"15:1-15:341\">Responsable de m\u00e1s de 500 funciones vitales, desde la desintoxicaci\u00f3n hasta la descomposici\u00f3n de nutrientes, el h\u00edgado act\u00faa como un filtro crucial para todo el cuerpo. Cuando este \u00f3rgano se ve afectado, las toxinas se acumulan, la absorci\u00f3n de nutrientes se dificulta y el metabolismo se debilita, impactando negativamente la salud general.<\/p>\n<\/p>\n<p>&nbsp;<\/p>\n<p style=\"text-align: justify;\" data-sourcepos=\"17:1-17:534\">La SESA enfatiza que una dieta equilibrada, rica en alimentos integrales como frutas, verduras, cereales integrales y prote\u00ednas magras, es fundamental para prevenir enfermedades y apoyar la funci\u00f3n hep\u00e1tica.<\/p>\n<\/p>\n<p>&nbsp;<\/p>\n<p style=\"text-align: justify;\" data-sourcepos=\"17:1-17:534\">Se recomienda priorizar comidas preparadas con alimentos frescos y sin procesar, reduciendo el consumo de az\u00facares y grasas no saludables. Para obtener m\u00e1s informaci\u00f3n y orientaci\u00f3n sobre el cuidado del h\u00edgado a trav\u00e9s de la alimentaci\u00f3n, la Secretar\u00eda de Salud invita a la poblaci\u00f3n a acudir a su centro de salud m\u00e1s cercano.<\/p>\n<\/p>\n<p>&nbsp;<\/p>\n<p style=\"text-align: center;\" data-sourcepos=\"17:1-17:534\"><em><strong>\u00a1Informaci\u00f3n que transforma!<\/strong><\/em><\/p>\n","protected":false},"excerpt":{"rendered":"<p>La Secretar\u00eda de Salud (SESA) del estado de Quer\u00e9taro se une a la conmemoraci\u00f3n del D\u00eda Mundial del H\u00edgado, que se celebra cada 19 de abril, con el lema para este 2025: \u201cLa comida es medicina.\u201d<\/p>\n","protected":false},"author":3,"featured_media":14323,"comment_status":"open","ping_status":"open","sticky":false,"template":"","format":"standard","meta":{"footnotes":""},"categories":[42,58],"tags":[4219,4220,4221,4206],"class_list":["post-14322","post","type-post","status-publish","format-standard","has-post-thumbnail","hentry","category-estado","category-ultima-hora","tag-diamundialdelhigado","tag-lacomidaesmedicina","tag-saludhepatica","tag-sesacontigo"],"yoast_head":"<!-- This site is optimized with the Yoast SEO plugin v25.0 - https:\/\/yoast.com\/wordpress\/plugins\/seo\/ -->\n<title>Tu h\u00edgado es vida SESA Quer\u00e9taro se suma al D\u00eda Mundial con un mensaje crucial la comida es medicina | Nexo Informativo Santiago de Quer\u00e9taro<\/title>\n<meta name=\"description\" content=\"Tu h\u00edgado es vida SESA Quer\u00e9taro se suma al D\u00eda Mundial con un mensaje crucial la comida es medicina\" \/>\n<meta name=\"robots\" content=\"index, follow, max-snippet:-1, max-image-preview:large, max-video-preview:-1\" \/>\n<link rel=\"canonical\" href=\"https:\/\/www.nexoinformativo.mx\/index.php\/2025\/04\/20\/tu-higado-es-vida-sesa-queretaro-se-suma-al-dia-mundial-con-un-mensaje-crucial-la-comida-es-medicina\/\" \/>\n<meta property=\"og:locale\" content=\"es_MX\" \/>\n<meta property=\"og:type\" content=\"article\" \/>\n<meta property=\"og:title\" content=\"Tu h\u00edgado es vida SESA Quer\u00e9taro se suma al D\u00eda Mundial con un mensaje crucial la comida es medicina | Nexo Informativo Santiago de Quer\u00e9taro\" \/>\n<meta property=\"og:description\" content=\"Tu h\u00edgado es vida SESA Quer\u00e9taro se suma al D\u00eda Mundial con un mensaje crucial la comida es medicina\" \/>\n<meta property=\"og:url\" content=\"https:\/\/www.nexoinformativo.mx\/index.php\/2025\/04\/20\/tu-higado-es-vida-sesa-queretaro-se-suma-al-dia-mundial-con-un-mensaje-crucial-la-comida-es-medicina\/\" \/>\n<meta property=\"og:site_name\" content=\"Nexo Informativo Santiago de Quer\u00e9taro\" \/>\n<meta property=\"article:publisher\" content=\"https:\/\/www.facebook.com\/people\/Nexo-Informativo\/61564066885511\/\" \/>\n<meta property=\"article:published_time\" content=\"2025-04-20T17:00:34+00:00\" \/>\n<meta property=\"article:modified_time\" content=\"2025-04-20T21:50:22+00:00\" \/>\n<meta property=\"og:image\" content=\"https:\/\/www.nexoinformativo.mx\/wp-content\/uploads\/2025\/04\/71_273_47669_1928298725_IMG_0674.jpg\" \/>\n\t<meta property=\"og:image:width\" content=\"715\" \/>\n\t<meta property=\"og:image:height\" content=\"645\" \/>\n\t<meta property=\"og:image:type\" content=\"image\/jpeg\" \/>\n<meta name=\"author\" content=\"Nexo Informativo\" \/>\n<meta name=\"twitter:card\" content=\"summary_large_image\" \/>\n<meta name=\"twitter:label1\" content=\"Escrito por\" \/>\n\t<meta name=\"twitter:data1\" content=\"Nexo Informativo\" \/>\n\t<meta name=\"twitter:label2\" content=\"Tiempo de lectura\" \/>\n\t<meta name=\"twitter:data2\" content=\"2 minutos\" \/>\n<script type=\"application\/ld+json\" class=\"yoast-schema-graph\">{\"@context\":\"https:\/\/schema.org\",\"@graph\":[{\"@type\":\"Article\",\"@id\":\"https:\/\/www.nexoinformativo.mx\/index.php\/2025\/04\/20\/tu-higado-es-vida-sesa-queretaro-se-suma-al-dia-mundial-con-un-mensaje-crucial-la-comida-es-medicina\/#article\",\"isPartOf\":{\"@id\":\"https:\/\/www.nexoinformativo.mx\/index.php\/2025\/04\/20\/tu-higado-es-vida-sesa-queretaro-se-suma-al-dia-mundial-con-un-mensaje-crucial-la-comida-es-medicina\/\"},\"author\":{\"name\":\"Nexo Informativo\",\"@id\":\"https:\/\/www.nexoinformativo.mx\/#\/schema\/person\/7749d380ba08c8ca00d7bc76fd907b7d\"},\"headline\":\"Tu h\u00edgado es vida SESA Quer\u00e9taro se suma al D\u00eda Mundial con un mensaje crucial la comida es medicina\",\"datePublished\":\"2025-04-20T17:00:34+00:00\",\"dateModified\":\"2025-04-20T21:50:22+00:00\",\"mainEntityOfPage\":{\"@id\":\"https:\/\/www.nexoinformativo.mx\/index.php\/2025\/04\/20\/tu-higado-es-vida-sesa-queretaro-se-suma-al-dia-mundial-con-un-mensaje-crucial-la-comida-es-medicina\/\"},\"wordCount\":301,\"commentCount\":0,\"publisher\":{\"@id\":\"https:\/\/www.nexoinformativo.mx\/#organization\"},\"image\":{\"@id\":\"https:\/\/www.nexoinformativo.mx\/index.php\/2025\/04\/20\/tu-higado-es-vida-sesa-queretaro-se-suma-al-dia-mundial-con-un-mensaje-crucial-la-comida-es-medicina\/#primaryimage\"},\"thumbnailUrl\":\"https:\/\/www.nexoinformativo.mx\/wp-content\/uploads\/2025\/04\/71_273_47669_1928298725_IMG_0674.jpg\",\"keywords\":[\"D\u00edaMundialDelH\u00edgado\",\"LaComidaEsMedicina\",\"SaludHep\u00e1tica\",\"SESAContigo\"],\"articleSection\":[\"Estado\",\"\u00daltima Hora\"],\"inLanguage\":\"es\",\"potentialAction\":[{\"@type\":\"CommentAction\",\"name\":\"Comment\",\"target\":[\"https:\/\/www.nexoinformativo.mx\/index.php\/2025\/04\/20\/tu-higado-es-vida-sesa-queretaro-se-suma-al-dia-mundial-con-un-mensaje-crucial-la-comida-es-medicina\/#respond\"]}]},{\"@type\":\"WebPage\",\"@id\":\"https:\/\/www.nexoinformativo.mx\/index.php\/2025\/04\/20\/tu-higado-es-vida-sesa-queretaro-se-suma-al-dia-mundial-con-un-mensaje-crucial-la-comida-es-medicina\/\",\"url\":\"https:\/\/www.nexoinformativo.mx\/index.php\/2025\/04\/20\/tu-higado-es-vida-sesa-queretaro-se-suma-al-dia-mundial-con-un-mensaje-crucial-la-comida-es-medicina\/\",\"name\":\"Tu h\u00edgado es vida SESA Quer\u00e9taro se suma al D\u00eda Mundial con un mensaje crucial la comida es medicina | Nexo Informativo Santiago de Quer\u00e9taro\",\"isPartOf\":{\"@id\":\"https:\/\/www.nexoinformativo.mx\/#website\"},\"primaryImageOfPage\":{\"@id\":\"https:\/\/www.nexoinformativo.mx\/index.php\/2025\/04\/20\/tu-higado-es-vida-sesa-queretaro-se-suma-al-dia-mundial-con-un-mensaje-crucial-la-comida-es-medicina\/#primaryimage\"},\"image\":{\"@id\":\"https:\/\/www.nexoinformativo.mx\/index.php\/2025\/04\/20\/tu-higado-es-vida-sesa-queretaro-se-suma-al-dia-mundial-con-un-mensaje-crucial-la-comida-es-medicina\/#primaryimage\"},\"thumbnailUrl\":\"https:\/\/www.nexoinformativo.mx\/wp-content\/uploads\/2025\/04\/71_273_47669_1928298725_IMG_0674.jpg\",\"datePublished\":\"2025-04-20T17:00:34+00:00\",\"dateModified\":\"2025-04-20T21:50:22+00:00\",\"description\":\"Tu h\u00edgado es vida SESA Quer\u00e9taro se suma al D\u00eda Mundial con un mensaje crucial la comida es medicina\",\"breadcrumb\":{\"@id\":\"https:\/\/www.nexoinformativo.mx\/index.php\/2025\/04\/20\/tu-higado-es-vida-sesa-queretaro-se-suma-al-dia-mundial-con-un-mensaje-crucial-la-comida-es-medicina\/#breadcrumb\"},\"inLanguage\":\"es\",\"potentialAction\":[{\"@type\":\"ReadAction\",\"target\":[\"https:\/\/www.nexoinformativo.mx\/index.php\/2025\/04\/20\/tu-higado-es-vida-sesa-queretaro-se-suma-al-dia-mundial-con-un-mensaje-crucial-la-comida-es-medicina\/\"]}]},{\"@type\":\"ImageObject\",\"inLanguage\":\"es\",\"@id\":\"https:\/\/www.nexoinformativo.mx\/index.php\/2025\/04\/20\/tu-higado-es-vida-sesa-queretaro-se-suma-al-dia-mundial-con-un-mensaje-crucial-la-comida-es-medicina\/#primaryimage\",\"url\":\"https:\/\/www.nexoinformativo.mx\/wp-content\/uploads\/2025\/04\/71_273_47669_1928298725_IMG_0674.jpg\",\"contentUrl\":\"https:\/\/www.nexoinformativo.mx\/wp-content\/uploads\/2025\/04\/71_273_47669_1928298725_IMG_0674.jpg\",\"width\":715,\"height\":645},{\"@type\":\"BreadcrumbList\",\"@id\":\"https:\/\/www.nexoinformativo.mx\/index.php\/2025\/04\/20\/tu-higado-es-vida-sesa-queretaro-se-suma-al-dia-mundial-con-un-mensaje-crucial-la-comida-es-medicina\/#breadcrumb\",\"itemListElement\":[{\"@type\":\"ListItem\",\"position\":1,\"name\":\"Inicio\",\"item\":\"https:\/\/www.nexoinformativo.mx\/\"},{\"@type\":\"ListItem\",\"position\":2,\"name\":\"Tu h\u00edgado es vida SESA Quer\u00e9taro se suma al D\u00eda Mundial con un mensaje crucial la comida es medicina\"}]},{\"@type\":\"WebSite\",\"@id\":\"https:\/\/www.nexoinformativo.mx\/#website\",\"url\":\"https:\/\/www.nexoinformativo.mx\/\",\"name\":\"Nexo Informativo Santiago de Quer\u00e9taro\",\"description\":\"Explora NexoInformativo y convi\u00e9rtete en parte de una comunidad que valora el conocimiento y la verdad. Tu nexoinformativo es tu puente hacia una comprensi\u00f3n m\u00e1s profunda del mundo que te rodea.\",\"publisher\":{\"@id\":\"https:\/\/www.nexoinformativo.mx\/#organization\"},\"potentialAction\":[{\"@type\":\"SearchAction\",\"target\":{\"@type\":\"EntryPoint\",\"urlTemplate\":\"https:\/\/www.nexoinformativo.mx\/?s={search_term_string}\"},\"query-input\":{\"@type\":\"PropertyValueSpecification\",\"valueRequired\":true,\"valueName\":\"search_term_string\"}}],\"inLanguage\":\"es\"},{\"@type\":\"Organization\",\"@id\":\"https:\/\/www.nexoinformativo.mx\/#organization\",\"name\":\"Nexo Informativo Santiago de Quer\u00e9taro\",\"url\":\"https:\/\/www.nexoinformativo.mx\/\",\"logo\":{\"@type\":\"ImageObject\",\"inLanguage\":\"es\",\"@id\":\"https:\/\/www.nexoinformativo.mx\/#\/schema\/logo\/image\/\",\"url\":\"https:\/\/www.nexoinformativo.mx\/wp-content\/uploads\/2024\/07\/nexoi-trasparente-2.png\",\"contentUrl\":\"https:\/\/www.nexoinformativo.mx\/wp-content\/uploads\/2024\/07\/nexoi-trasparente-2.png\",\"width\":816,\"height\":339,\"caption\":\"Nexo Informativo Santiago de Quer\u00e9taro\"},\"image\":{\"@id\":\"https:\/\/www.nexoinformativo.mx\/#\/schema\/logo\/image\/\"},\"sameAs\":[\"https:\/\/www.facebook.com\/people\/Nexo-Informativo\/61564066885511\/\"]},{\"@type\":\"Person\",\"@id\":\"https:\/\/www.nexoinformativo.mx\/#\/schema\/person\/7749d380ba08c8ca00d7bc76fd907b7d\",\"name\":\"Nexo Informativo\",\"image\":{\"@type\":\"ImageObject\",\"inLanguage\":\"es\",\"@id\":\"https:\/\/www.nexoinformativo.mx\/#\/schema\/person\/image\/\",\"url\":\"https:\/\/secure.gravatar.com\/avatar\/dde2928154642a13d95f87ddf1ea9718fe2b46760a005c53e41ff5ad610704e6?s=96&d=mm&r=g\",\"contentUrl\":\"https:\/\/secure.gravatar.com\/avatar\/dde2928154642a13d95f87ddf1ea9718fe2b46760a005c53e41ff5ad610704e6?s=96&d=mm&r=g\",\"caption\":\"Nexo Informativo\"},\"url\":\"https:\/\/www.nexoinformativo.mx\/index.php\/author\/edicion\/\"}]}<\/script>\n<!-- \/ Yoast SEO plugin. -->","yoast_head_json":{"title":"Tu h\u00edgado es vida SESA Quer\u00e9taro se suma al D\u00eda Mundial con un mensaje crucial la comida es medicina | Nexo Informativo Santiago de Quer\u00e9taro","description":"Tu h\u00edgado es vida SESA Quer\u00e9taro se suma al D\u00eda Mundial con un mensaje crucial la comida es medicina","robots":{"index":"index","follow":"follow","max-snippet":"max-snippet:-1","max-image-preview":"max-image-preview:large","max-video-preview":"max-video-preview:-1"},"canonical":"https:\/\/www.nexoinformativo.mx\/index.php\/2025\/04\/20\/tu-higado-es-vida-sesa-queretaro-se-suma-al-dia-mundial-con-un-mensaje-crucial-la-comida-es-medicina\/","og_locale":"es_MX","og_type":"article","og_title":"Tu h\u00edgado es vida SESA Quer\u00e9taro se suma al D\u00eda Mundial con un mensaje crucial la comida es medicina | Nexo Informativo Santiago de Quer\u00e9taro","og_description":"Tu h\u00edgado es vida SESA Quer\u00e9taro se suma al D\u00eda Mundial con un mensaje crucial la comida es medicina","og_url":"https:\/\/www.nexoinformativo.mx\/index.php\/2025\/04\/20\/tu-higado-es-vida-sesa-queretaro-se-suma-al-dia-mundial-con-un-mensaje-crucial-la-comida-es-medicina\/","og_site_name":"Nexo Informativo Santiago de Quer\u00e9taro","article_publisher":"https:\/\/www.facebook.com\/people\/Nexo-Informativo\/61564066885511\/","article_published_time":"2025-04-20T17:00:34+00:00","article_modified_time":"2025-04-20T21:50:22+00:00","og_image":[{"width":715,"height":645,"url":"https:\/\/www.nexoinformativo.mx\/wp-content\/uploads\/2025\/04\/71_273_47669_1928298725_IMG_0674.jpg","type":"image\/jpeg"}],"author":"Nexo Informativo","twitter_card":"summary_large_image","twitter_misc":{"Escrito por":"Nexo Informativo","Tiempo de lectura":"2 minutos"},"schema":{"@context":"https:\/\/schema.org","@graph":[{"@type":"Article","@id":"https:\/\/www.nexoinformativo.mx\/index.php\/2025\/04\/20\/tu-higado-es-vida-sesa-queretaro-se-suma-al-dia-mundial-con-un-mensaje-crucial-la-comida-es-medicina\/#article","isPartOf":{"@id":"https:\/\/www.nexoinformativo.mx\/index.php\/2025\/04\/20\/tu-higado-es-vida-sesa-queretaro-se-suma-al-dia-mundial-con-un-mensaje-crucial-la-comida-es-medicina\/"},"author":{"name":"Nexo Informativo","@id":"https:\/\/www.nexoinformativo.mx\/#\/schema\/person\/7749d380ba08c8ca00d7bc76fd907b7d"},"headline":"Tu h\u00edgado es vida SESA Quer\u00e9taro se suma al D\u00eda Mundial con un mensaje crucial la comida es medicina","datePublished":"2025-04-20T17:00:34+00:00","dateModified":"2025-04-20T21:50:22+00:00","mainEntityOfPage":{"@id":"https:\/\/www.nexoinformativo.mx\/index.php\/2025\/04\/20\/tu-higado-es-vida-sesa-queretaro-se-suma-al-dia-mundial-con-un-mensaje-crucial-la-comida-es-medicina\/"},"wordCount":301,"commentCount":0,"publisher":{"@id":"https:\/\/www.nexoinformativo.mx\/#organization"},"image":{"@id":"https:\/\/www.nexoinformativo.mx\/index.php\/2025\/04\/20\/tu-higado-es-vida-sesa-queretaro-se-suma-al-dia-mundial-con-un-mensaje-crucial-la-comida-es-medicina\/#primaryimage"},"thumbnailUrl":"https:\/\/www.nexoinformativo.mx\/wp-content\/uploads\/2025\/04\/71_273_47669_1928298725_IMG_0674.jpg","keywords":["D\u00edaMundialDelH\u00edgado","LaComidaEsMedicina","SaludHep\u00e1tica","SESAContigo"],"articleSection":["Estado","\u00daltima Hora"],"inLanguage":"es","potentialAction":[{"@type":"CommentAction","name":"Comment","target":["https:\/\/www.nexoinformativo.mx\/index.php\/2025\/04\/20\/tu-higado-es-vida-sesa-queretaro-se-suma-al-dia-mundial-con-un-mensaje-crucial-la-comida-es-medicina\/#respond"]}]},{"@type":"WebPage","@id":"https:\/\/www.nexoinformativo.mx\/index.php\/2025\/04\/20\/tu-higado-es-vida-sesa-queretaro-se-suma-al-dia-mundial-con-un-mensaje-crucial-la-comida-es-medicina\/","url":"https:\/\/www.nexoinformativo.mx\/index.php\/2025\/04\/20\/tu-higado-es-vida-sesa-queretaro-se-suma-al-dia-mundial-con-un-mensaje-crucial-la-comida-es-medicina\/","name":"Tu h\u00edgado es vida SESA Quer\u00e9taro se suma al D\u00eda Mundial con un mensaje crucial la comida es medicina | Nexo Informativo Santiago de Quer\u00e9taro","isPartOf":{"@id":"https:\/\/www.nexoinformativo.mx\/#website"},"primaryImageOfPage":{"@id":"https:\/\/www.nexoinformativo.mx\/index.php\/2025\/04\/20\/tu-higado-es-vida-sesa-queretaro-se-suma-al-dia-mundial-con-un-mensaje-crucial-la-comida-es-medicina\/#primaryimage"},"image":{"@id":"https:\/\/www.nexoinformativo.mx\/index.php\/2025\/04\/20\/tu-higado-es-vida-sesa-queretaro-se-suma-al-dia-mundial-con-un-mensaje-crucial-la-comida-es-medicina\/#primaryimage"},"thumbnailUrl":"https:\/\/www.nexoinformativo.mx\/wp-content\/uploads\/2025\/04\/71_273_47669_1928298725_IMG_0674.jpg","datePublished":"2025-04-20T17:00:34+00:00","dateModified":"2025-04-20T21:50:22+00:00","description":"Tu h\u00edgado es vida SESA Quer\u00e9taro se suma al D\u00eda Mundial con un mensaje crucial la comida es medicina","breadcrumb":{"@id":"https:\/\/www.nexoinformativo.mx\/index.php\/2025\/04\/20\/tu-higado-es-vida-sesa-queretaro-se-suma-al-dia-mundial-con-un-mensaje-crucial-la-comida-es-medicina\/#breadcrumb"},"inLanguage":"es","potentialAction":[{"@type":"ReadAction","target":["https:\/\/www.nexoinformativo.mx\/index.php\/2025\/04\/20\/tu-higado-es-vida-sesa-queretaro-se-suma-al-dia-mundial-con-un-mensaje-crucial-la-comida-es-medicina\/"]}]},{"@type":"ImageObject","inLanguage":"es","@id":"https:\/\/www.nexoinformativo.mx\/index.php\/2025\/04\/20\/tu-higado-es-vida-sesa-queretaro-se-suma-al-dia-mundial-con-un-mensaje-crucial-la-comida-es-medicina\/#primaryimage","url":"https:\/\/www.nexoinformativo.mx\/wp-content\/uploads\/2025\/04\/71_273_47669_1928298725_IMG_0674.jpg","contentUrl":"https:\/\/www.nexoinformativo.mx\/wp-content\/uploads\/2025\/04\/71_273_47669_1928298725_IMG_0674.jpg","width":715,"height":645},{"@type":"BreadcrumbList","@id":"https:\/\/www.nexoinformativo.mx\/index.php\/2025\/04\/20\/tu-higado-es-vida-sesa-queretaro-se-suma-al-dia-mundial-con-un-mensaje-crucial-la-comida-es-medicina\/#breadcrumb","itemListElement":[{"@type":"ListItem","position":1,"name":"Inicio","item":"https:\/\/www.nexoinformativo.mx\/"},{"@type":"ListItem","position":2,"name":"Tu h\u00edgado es vida SESA Quer\u00e9taro se suma al D\u00eda Mundial con un mensaje crucial la comida es medicina"}]},{"@type":"WebSite","@id":"https:\/\/www.nexoinformativo.mx\/#website","url":"https:\/\/www.nexoinformativo.mx\/","name":"Nexo Informativo Santiago de Quer\u00e9taro","description":"Explora NexoInformativo y convi\u00e9rtete en parte de una comunidad que valora el conocimiento y la verdad. Tu nexoinformativo es tu puente hacia una comprensi\u00f3n m\u00e1s profunda del mundo que te rodea.","publisher":{"@id":"https:\/\/www.nexoinformativo.mx\/#organization"},"potentialAction":[{"@type":"SearchAction","target":{"@type":"EntryPoint","urlTemplate":"https:\/\/www.nexoinformativo.mx\/?s={search_term_string}"},"query-input":{"@type":"PropertyValueSpecification","valueRequired":true,"valueName":"search_term_string"}}],"inLanguage":"es"},{"@type":"Organization","@id":"https:\/\/www.nexoinformativo.mx\/#organization","name":"Nexo Informativo Santiago de Quer\u00e9taro","url":"https:\/\/www.nexoinformativo.mx\/","logo":{"@type":"ImageObject","inLanguage":"es","@id":"https:\/\/www.nexoinformativo.mx\/#\/schema\/logo\/image\/","url":"https:\/\/www.nexoinformativo.mx\/wp-content\/uploads\/2024\/07\/nexoi-trasparente-2.png","contentUrl":"https:\/\/www.nexoinformativo.mx\/wp-content\/uploads\/2024\/07\/nexoi-trasparente-2.png","width":816,"height":339,"caption":"Nexo Informativo Santiago de Quer\u00e9taro"},"image":{"@id":"https:\/\/www.nexoinformativo.mx\/#\/schema\/logo\/image\/"},"sameAs":["https:\/\/www.facebook.com\/people\/Nexo-Informativo\/61564066885511\/"]},{"@type":"Person","@id":"https:\/\/www.nexoinformativo.mx\/#\/schema\/person\/7749d380ba08c8ca00d7bc76fd907b7d","name":"Nexo Informativo","image":{"@type":"ImageObject","inLanguage":"es","@id":"https:\/\/www.nexoinformativo.mx\/#\/schema\/person\/image\/","url":"https:\/\/secure.gravatar.com\/avatar\/dde2928154642a13d95f87ddf1ea9718fe2b46760a005c53e41ff5ad610704e6?s=96&d=mm&r=g","contentUrl":"https:\/\/secure.gravatar.com\/avatar\/dde2928154642a13d95f87ddf1ea9718fe2b46760a005c53e41ff5ad610704e6?s=96&d=mm&r=g","caption":"Nexo Informativo"},"url":"https:\/\/www.nexoinformativo.mx\/index.php\/author\/edicion\/"}]}},"_links":{"self":[{"href":"https:\/\/www.nexoinformativo.mx\/index.php\/wp-json\/wp\/v2\/posts\/14322","targetHints":{"allow":["GET"]}}],"collection":[{"href":"https:\/\/www.nexoinformativo.mx\/index.php\/wp-json\/wp\/v2\/posts"}],"about":[{"href":"https:\/\/www.nexoinformativo.mx\/index.php\/wp-json\/wp\/v2\/types\/post"}],"author":[{"embeddable":true,"href":"https:\/\/www.nexoinformativo.mx\/index.php\/wp-json\/wp\/v2\/users\/3"}],"replies":[{"embeddable":true,"href":"https:\/\/www.nexoinformativo.mx\/index.php\/wp-json\/wp\/v2\/comments?post=14322"}],"version-history":[{"count":3,"href":"https:\/\/www.nexoinformativo.mx\/index.php\/wp-json\/wp\/v2\/posts\/14322\/revisions"}],"predecessor-version":[{"id":14326,"href":"https:\/\/www.nexoinformativo.mx\/index.php\/wp-json\/wp\/v2\/posts\/14322\/revisions\/14326"}],"wp:featuredmedia":[{"embeddable":true,"href":"https:\/\/www.nexoinformativo.mx\/index.php\/wp-json\/wp\/v2\/media\/14323"}],"wp:attachment":[{"href":"https:\/\/www.nexoinformativo.mx\/index.php\/wp-json\/wp\/v2\/media?parent=14322"}],"wp:term":[{"taxonomy":"category","embeddable":true,"href":"https:\/\/www.nexoinformativo.mx\/index.php\/wp-json\/wp\/v2\/categories?post=14322"},{"taxonomy":"post_tag","embeddable":true,"href":"https:\/\/www.nexoinformativo.mx\/index.php\/wp-json\/wp\/v2\/tags?post=14322"}],"curies":[{"name":"wp","href":"https:\/\/api.w.org\/{rel}","templated":true}]}}