{"id":14327,"date":"2025-04-20T12:00:36","date_gmt":"2025-04-20T18:00:36","guid":{"rendered":"https:\/\/www.nexoinformativo.mx\/?p=14327"},"modified":"2025-04-20T15:58:12","modified_gmt":"2025-04-20T21:58:12","slug":"queretaro-se-protege-mas-de-medio-millon-de-dosis-de-vacuna-contra-la-influenza-aplicadas-por-sesa","status":"publish","type":"post","link":"https:\/\/www.nexoinformativo.mx\/index.php\/2025\/04\/20\/queretaro-se-protege-mas-de-medio-millon-de-dosis-de-vacuna-contra-la-influenza-aplicadas-por-sesa\/","title":{"rendered":"Quer\u00e9taro se protege m\u00e1s de medio mill\u00f3n de dosis de vacuna contra la influenza aplicadas por SESA"},"content":{"rendered":"<p style=\"text-align: justify;\" data-sourcepos=\"11:1-11:283\">La Secretar\u00eda de Salud (SESA) del estado de Quer\u00e9taro informa que se han aplicado exitosamente 547 mil 264 dosis de la vacuna contra la influenza, alcanzando un avance significativo del 88.34 por ciento de la meta estatal programada de 619 mil 499 dosis.<\/p>\n<p>&nbsp;<\/p>\n<p style=\"text-align: justify;\" data-sourcepos=\"13:1-13:541\">Hasta el 17 de abril, la entidad ha registrado 920 casos positivos de influenza estacional, afectando a 530 mujeres y 390 hombres en un rango de edad de un mes a 96 a\u00f1os.<\/p>\n<p>&nbsp;<\/p>\n<p style=\"text-align: justify;\" data-sourcepos=\"17:1-17:436\">Ante el incremento del riesgo de infecciones respiratorias agudas durante la temporada de fr\u00edo, la SESA hace un llamado urgente a los grupos vulnerables \u2013ni\u00f1os de seis a 59 meses, adultos mayores de 60 a\u00f1os, mujeres embarazadas, personal de salud y personas con enfermedades cr\u00f3nicas como diabetes, cardiopat\u00edas, c\u00e1ncer, asma, 1 EPOC, VIH y obesidad m\u00f3rbida\u2013 a vacunarse contra la influenza para evitar complicaciones graves.<\/p>\n<p>&nbsp;<\/p>\n<p style=\"text-align: justify;\" data-sourcepos=\"19:1-19:275\">El Consejo Estatal de Vacunaci\u00f3n (COEVA) ha determinado que la vacuna contra la influenza est\u00e1 disponible para toda la poblaci\u00f3n a partir de los seis meses de edad en las unidades de salud del IMSS Ordinario, ISSSTE y Centros de Salud, en sus horarios de atenci\u00f3n habituales.<\/p>\n<p>&nbsp;<\/p>\n<p style=\"text-align: justify;\" data-sourcepos=\"21:1-21:439\">La influenza estacional se manifiesta con fiebre alta repentina, tos (generalmente seca), dolores musculares, articulares, de cabeza y garganta, malestar intenso y secreci\u00f3n nasal abundante. La mayor\u00eda de los s\u00edntomas desaparecen en una semana, en personas con enfermedades cr\u00f3nicas la influenza puede ser grave e incluso fatal. El periodo de incubaci\u00f3n es de aproximadamente dos d\u00edas.<\/p>\n<p>&nbsp;<\/p>\n<p style=\"text-align: justify;\" data-sourcepos=\"23:1-23:489\">La SESA emite las siguientes recomendaciones para prevenir la influenza: vacunarse (especialmente en grupos de riesgo), usar cubreboca si se est\u00e1 enfermo, evitar cambios bruscos de temperatura, abrigarse, lavarse las manos frecuentemente, ventilar habitaciones, desinfectar superficies, cubrirse al toser o estornudar, aumentar el consumo de vitaminas A y C, incrementar la ingesta de l\u00edquidos, evitar exponerse al fr\u00edo extremo y acudir al m\u00e9dico ante s\u00edntomas, evitando la automedicaci\u00f3n.<\/p>\n<p>&nbsp;<\/p>\n<p style=\"text-align: center;\" data-sourcepos=\"23:1-23:489\"><em><strong>\u00a1Informaci\u00f3n que transforma!<\/strong><\/em><\/p>\n","protected":false},"excerpt":{"rendered":"<p>La Secretar\u00eda de Salud (SESA) del estado de Quer\u00e9taro informa que se han aplicado exitosamente 547 mil 264 dosis de la vacuna contra la influenza, alcanzando un avance significativo del 88.34 por ciento de la meta estatal programada de 619 mil 499 dosis.<\/p>\n","protected":false},"author":3,"featured_media":14328,"comment_status":"open","ping_status":"open","sticky":false,"template":"","format":"standard","meta":{"footnotes":""},"categories":[42,58],"tags":[1994,4223,2104,4222],"class_list":["post-14327","post","type-post","status-publish","format-standard","has-post-thumbnail","hentry","category-estado","category-ultima-hora","tag-prevencioninfluenza","tag-saludinvierno","tag-sesaqueretaro","tag-vacunainfluenzaqro"],"yoast_head":"<!-- This site is optimized with the Yoast SEO plugin v25.0 - https:\/\/yoast.com\/wordpress\/plugins\/seo\/ -->\n<title>Quer\u00e9taro se protege m\u00e1s de medio mill\u00f3n de dosis de vacuna contra la influenza aplicadas por SESA | Nexo Informativo Santiago de Quer\u00e9taro<\/title>\n<meta name=\"description\" content=\"Quer\u00e9taro se protege m\u00e1s de medio mill\u00f3n de dosis de vacuna contra la influenza aplicadas por SESA\" \/>\n<meta name=\"robots\" content=\"index, follow, max-snippet:-1, max-image-preview:large, max-video-preview:-1\" \/>\n<link rel=\"canonical\" href=\"https:\/\/www.nexoinformativo.mx\/index.php\/2025\/04\/20\/queretaro-se-protege-mas-de-medio-millon-de-dosis-de-vacuna-contra-la-influenza-aplicadas-por-sesa\/\" \/>\n<meta property=\"og:locale\" content=\"es_MX\" \/>\n<meta property=\"og:type\" content=\"article\" \/>\n<meta property=\"og:title\" content=\"Quer\u00e9taro se protege m\u00e1s de medio mill\u00f3n de dosis de vacuna contra la influenza aplicadas por SESA | Nexo Informativo Santiago de Quer\u00e9taro\" \/>\n<meta property=\"og:description\" content=\"Quer\u00e9taro se protege m\u00e1s de medio mill\u00f3n de dosis de vacuna contra la influenza aplicadas por SESA\" \/>\n<meta property=\"og:url\" content=\"https:\/\/www.nexoinformativo.mx\/index.php\/2025\/04\/20\/queretaro-se-protege-mas-de-medio-millon-de-dosis-de-vacuna-contra-la-influenza-aplicadas-por-sesa\/\" \/>\n<meta property=\"og:site_name\" content=\"Nexo Informativo Santiago de Quer\u00e9taro\" \/>\n<meta property=\"article:publisher\" content=\"https:\/\/www.facebook.com\/people\/Nexo-Informativo\/61564066885511\/\" \/>\n<meta property=\"article:published_time\" content=\"2025-04-20T18:00:36+00:00\" \/>\n<meta property=\"article:modified_time\" content=\"2025-04-20T21:58:12+00:00\" \/>\n<meta property=\"og:image\" content=\"https:\/\/www.nexoinformativo.mx\/wp-content\/uploads\/2025\/04\/71_273_47671_327728167_IMG_0677.jpg\" \/>\n\t<meta property=\"og:image:width\" content=\"458\" \/>\n\t<meta property=\"og:image:height\" content=\"638\" \/>\n\t<meta property=\"og:image:type\" content=\"image\/jpeg\" \/>\n<meta name=\"author\" content=\"Nexo Informativo\" \/>\n<meta name=\"twitter:card\" content=\"summary_large_image\" \/>\n<meta name=\"twitter:label1\" content=\"Escrito por\" \/>\n\t<meta name=\"twitter:data1\" content=\"Nexo Informativo\" \/>\n\t<meta name=\"twitter:label2\" content=\"Tiempo de lectura\" \/>\n\t<meta name=\"twitter:data2\" content=\"2 minutos\" \/>\n<script type=\"application\/ld+json\" class=\"yoast-schema-graph\">{\"@context\":\"https:\/\/schema.org\",\"@graph\":[{\"@type\":\"Article\",\"@id\":\"https:\/\/www.nexoinformativo.mx\/index.php\/2025\/04\/20\/queretaro-se-protege-mas-de-medio-millon-de-dosis-de-vacuna-contra-la-influenza-aplicadas-por-sesa\/#article\",\"isPartOf\":{\"@id\":\"https:\/\/www.nexoinformativo.mx\/index.php\/2025\/04\/20\/queretaro-se-protege-mas-de-medio-millon-de-dosis-de-vacuna-contra-la-influenza-aplicadas-por-sesa\/\"},\"author\":{\"name\":\"Nexo Informativo\",\"@id\":\"https:\/\/www.nexoinformativo.mx\/#\/schema\/person\/7749d380ba08c8ca00d7bc76fd907b7d\"},\"headline\":\"Quer\u00e9taro se protege m\u00e1s de medio mill\u00f3n de dosis de vacuna contra la influenza aplicadas por SESA\",\"datePublished\":\"2025-04-20T18:00:36+00:00\",\"dateModified\":\"2025-04-20T21:58:12+00:00\",\"mainEntityOfPage\":{\"@id\":\"https:\/\/www.nexoinformativo.mx\/index.php\/2025\/04\/20\/queretaro-se-protege-mas-de-medio-millon-de-dosis-de-vacuna-contra-la-influenza-aplicadas-por-sesa\/\"},\"wordCount\":353,\"commentCount\":0,\"publisher\":{\"@id\":\"https:\/\/www.nexoinformativo.mx\/#organization\"},\"image\":{\"@id\":\"https:\/\/www.nexoinformativo.mx\/index.php\/2025\/04\/20\/queretaro-se-protege-mas-de-medio-millon-de-dosis-de-vacuna-contra-la-influenza-aplicadas-por-sesa\/#primaryimage\"},\"thumbnailUrl\":\"https:\/\/www.nexoinformativo.mx\/wp-content\/uploads\/2025\/04\/71_273_47671_327728167_IMG_0677.jpg\",\"keywords\":[\"Prevenci\u00f3nInfluenza\",\"SaludInvierno\",\"SESAQuer\u00e9taro\",\"VacunaInfluenzaQro\"],\"articleSection\":[\"Estado\",\"\u00daltima Hora\"],\"inLanguage\":\"es\",\"potentialAction\":[{\"@type\":\"CommentAction\",\"name\":\"Comment\",\"target\":[\"https:\/\/www.nexoinformativo.mx\/index.php\/2025\/04\/20\/queretaro-se-protege-mas-de-medio-millon-de-dosis-de-vacuna-contra-la-influenza-aplicadas-por-sesa\/#respond\"]}]},{\"@type\":\"WebPage\",\"@id\":\"https:\/\/www.nexoinformativo.mx\/index.php\/2025\/04\/20\/queretaro-se-protege-mas-de-medio-millon-de-dosis-de-vacuna-contra-la-influenza-aplicadas-por-sesa\/\",\"url\":\"https:\/\/www.nexoinformativo.mx\/index.php\/2025\/04\/20\/queretaro-se-protege-mas-de-medio-millon-de-dosis-de-vacuna-contra-la-influenza-aplicadas-por-sesa\/\",\"name\":\"Quer\u00e9taro se protege m\u00e1s de medio mill\u00f3n de dosis de vacuna contra la influenza aplicadas por SESA | Nexo Informativo Santiago de Quer\u00e9taro\",\"isPartOf\":{\"@id\":\"https:\/\/www.nexoinformativo.mx\/#website\"},\"primaryImageOfPage\":{\"@id\":\"https:\/\/www.nexoinformativo.mx\/index.php\/2025\/04\/20\/queretaro-se-protege-mas-de-medio-millon-de-dosis-de-vacuna-contra-la-influenza-aplicadas-por-sesa\/#primaryimage\"},\"image\":{\"@id\":\"https:\/\/www.nexoinformativo.mx\/index.php\/2025\/04\/20\/queretaro-se-protege-mas-de-medio-millon-de-dosis-de-vacuna-contra-la-influenza-aplicadas-por-sesa\/#primaryimage\"},\"thumbnailUrl\":\"https:\/\/www.nexoinformativo.mx\/wp-content\/uploads\/2025\/04\/71_273_47671_327728167_IMG_0677.jpg\",\"datePublished\":\"2025-04-20T18:00:36+00:00\",\"dateModified\":\"2025-04-20T21:58:12+00:00\",\"description\":\"Quer\u00e9taro se protege m\u00e1s de medio mill\u00f3n de dosis de vacuna contra la influenza aplicadas por SESA\",\"breadcrumb\":{\"@id\":\"https:\/\/www.nexoinformativo.mx\/index.php\/2025\/04\/20\/queretaro-se-protege-mas-de-medio-millon-de-dosis-de-vacuna-contra-la-influenza-aplicadas-por-sesa\/#breadcrumb\"},\"inLanguage\":\"es\",\"potentialAction\":[{\"@type\":\"ReadAction\",\"target\":[\"https:\/\/www.nexoinformativo.mx\/index.php\/2025\/04\/20\/queretaro-se-protege-mas-de-medio-millon-de-dosis-de-vacuna-contra-la-influenza-aplicadas-por-sesa\/\"]}]},{\"@type\":\"ImageObject\",\"inLanguage\":\"es\",\"@id\":\"https:\/\/www.nexoinformativo.mx\/index.php\/2025\/04\/20\/queretaro-se-protege-mas-de-medio-millon-de-dosis-de-vacuna-contra-la-influenza-aplicadas-por-sesa\/#primaryimage\",\"url\":\"https:\/\/www.nexoinformativo.mx\/wp-content\/uploads\/2025\/04\/71_273_47671_327728167_IMG_0677.jpg\",\"contentUrl\":\"https:\/\/www.nexoinformativo.mx\/wp-content\/uploads\/2025\/04\/71_273_47671_327728167_IMG_0677.jpg\",\"width\":458,\"height\":638},{\"@type\":\"BreadcrumbList\",\"@id\":\"https:\/\/www.nexoinformativo.mx\/index.php\/2025\/04\/20\/queretaro-se-protege-mas-de-medio-millon-de-dosis-de-vacuna-contra-la-influenza-aplicadas-por-sesa\/#breadcrumb\",\"itemListElement\":[{\"@type\":\"ListItem\",\"position\":1,\"name\":\"Inicio\",\"item\":\"https:\/\/www.nexoinformativo.mx\/\"},{\"@type\":\"ListItem\",\"position\":2,\"name\":\"Quer\u00e9taro se protege m\u00e1s de medio mill\u00f3n de dosis de vacuna contra la influenza aplicadas por SESA\"}]},{\"@type\":\"WebSite\",\"@id\":\"https:\/\/www.nexoinformativo.mx\/#website\",\"url\":\"https:\/\/www.nexoinformativo.mx\/\",\"name\":\"Nexo Informativo Santiago de Quer\u00e9taro\",\"description\":\"Explora NexoInformativo y convi\u00e9rtete en parte de una comunidad que valora el conocimiento y la verdad. Tu nexoinformativo es tu puente hacia una comprensi\u00f3n m\u00e1s profunda del mundo que te rodea.\",\"publisher\":{\"@id\":\"https:\/\/www.nexoinformativo.mx\/#organization\"},\"potentialAction\":[{\"@type\":\"SearchAction\",\"target\":{\"@type\":\"EntryPoint\",\"urlTemplate\":\"https:\/\/www.nexoinformativo.mx\/?s={search_term_string}\"},\"query-input\":{\"@type\":\"PropertyValueSpecification\",\"valueRequired\":true,\"valueName\":\"search_term_string\"}}],\"inLanguage\":\"es\"},{\"@type\":\"Organization\",\"@id\":\"https:\/\/www.nexoinformativo.mx\/#organization\",\"name\":\"Nexo Informativo Santiago de Quer\u00e9taro\",\"url\":\"https:\/\/www.nexoinformativo.mx\/\",\"logo\":{\"@type\":\"ImageObject\",\"inLanguage\":\"es\",\"@id\":\"https:\/\/www.nexoinformativo.mx\/#\/schema\/logo\/image\/\",\"url\":\"https:\/\/www.nexoinformativo.mx\/wp-content\/uploads\/2024\/07\/nexoi-trasparente-2.png\",\"contentUrl\":\"https:\/\/www.nexoinformativo.mx\/wp-content\/uploads\/2024\/07\/nexoi-trasparente-2.png\",\"width\":816,\"height\":339,\"caption\":\"Nexo Informativo Santiago de Quer\u00e9taro\"},\"image\":{\"@id\":\"https:\/\/www.nexoinformativo.mx\/#\/schema\/logo\/image\/\"},\"sameAs\":[\"https:\/\/www.facebook.com\/people\/Nexo-Informativo\/61564066885511\/\"]},{\"@type\":\"Person\",\"@id\":\"https:\/\/www.nexoinformativo.mx\/#\/schema\/person\/7749d380ba08c8ca00d7bc76fd907b7d\",\"name\":\"Nexo Informativo\",\"image\":{\"@type\":\"ImageObject\",\"inLanguage\":\"es\",\"@id\":\"https:\/\/www.nexoinformativo.mx\/#\/schema\/person\/image\/\",\"url\":\"https:\/\/secure.gravatar.com\/avatar\/dde2928154642a13d95f87ddf1ea9718fe2b46760a005c53e41ff5ad610704e6?s=96&d=mm&r=g\",\"contentUrl\":\"https:\/\/secure.gravatar.com\/avatar\/dde2928154642a13d95f87ddf1ea9718fe2b46760a005c53e41ff5ad610704e6?s=96&d=mm&r=g\",\"caption\":\"Nexo Informativo\"},\"url\":\"https:\/\/www.nexoinformativo.mx\/index.php\/author\/edicion\/\"}]}<\/script>\n<!-- \/ Yoast SEO plugin. -->","yoast_head_json":{"title":"Quer\u00e9taro se protege m\u00e1s de medio mill\u00f3n de dosis de vacuna contra la influenza aplicadas por SESA | Nexo Informativo Santiago de Quer\u00e9taro","description":"Quer\u00e9taro se protege m\u00e1s de medio mill\u00f3n de dosis de vacuna contra la influenza aplicadas por SESA","robots":{"index":"index","follow":"follow","max-snippet":"max-snippet:-1","max-image-preview":"max-image-preview:large","max-video-preview":"max-video-preview:-1"},"canonical":"https:\/\/www.nexoinformativo.mx\/index.php\/2025\/04\/20\/queretaro-se-protege-mas-de-medio-millon-de-dosis-de-vacuna-contra-la-influenza-aplicadas-por-sesa\/","og_locale":"es_MX","og_type":"article","og_title":"Quer\u00e9taro se protege m\u00e1s de medio mill\u00f3n de dosis de vacuna contra la influenza aplicadas por SESA | Nexo Informativo Santiago de Quer\u00e9taro","og_description":"Quer\u00e9taro se protege m\u00e1s de medio mill\u00f3n de dosis de vacuna contra la influenza aplicadas por SESA","og_url":"https:\/\/www.nexoinformativo.mx\/index.php\/2025\/04\/20\/queretaro-se-protege-mas-de-medio-millon-de-dosis-de-vacuna-contra-la-influenza-aplicadas-por-sesa\/","og_site_name":"Nexo Informativo Santiago de Quer\u00e9taro","article_publisher":"https:\/\/www.facebook.com\/people\/Nexo-Informativo\/61564066885511\/","article_published_time":"2025-04-20T18:00:36+00:00","article_modified_time":"2025-04-20T21:58:12+00:00","og_image":[{"width":458,"height":638,"url":"https:\/\/www.nexoinformativo.mx\/wp-content\/uploads\/2025\/04\/71_273_47671_327728167_IMG_0677.jpg","type":"image\/jpeg"}],"author":"Nexo Informativo","twitter_card":"summary_large_image","twitter_misc":{"Escrito por":"Nexo Informativo","Tiempo de lectura":"2 minutos"},"schema":{"@context":"https:\/\/schema.org","@graph":[{"@type":"Article","@id":"https:\/\/www.nexoinformativo.mx\/index.php\/2025\/04\/20\/queretaro-se-protege-mas-de-medio-millon-de-dosis-de-vacuna-contra-la-influenza-aplicadas-por-sesa\/#article","isPartOf":{"@id":"https:\/\/www.nexoinformativo.mx\/index.php\/2025\/04\/20\/queretaro-se-protege-mas-de-medio-millon-de-dosis-de-vacuna-contra-la-influenza-aplicadas-por-sesa\/"},"author":{"name":"Nexo Informativo","@id":"https:\/\/www.nexoinformativo.mx\/#\/schema\/person\/7749d380ba08c8ca00d7bc76fd907b7d"},"headline":"Quer\u00e9taro se protege m\u00e1s de medio mill\u00f3n de dosis de vacuna contra la influenza aplicadas por SESA","datePublished":"2025-04-20T18:00:36+00:00","dateModified":"2025-04-20T21:58:12+00:00","mainEntityOfPage":{"@id":"https:\/\/www.nexoinformativo.mx\/index.php\/2025\/04\/20\/queretaro-se-protege-mas-de-medio-millon-de-dosis-de-vacuna-contra-la-influenza-aplicadas-por-sesa\/"},"wordCount":353,"commentCount":0,"publisher":{"@id":"https:\/\/www.nexoinformativo.mx\/#organization"},"image":{"@id":"https:\/\/www.nexoinformativo.mx\/index.php\/2025\/04\/20\/queretaro-se-protege-mas-de-medio-millon-de-dosis-de-vacuna-contra-la-influenza-aplicadas-por-sesa\/#primaryimage"},"thumbnailUrl":"https:\/\/www.nexoinformativo.mx\/wp-content\/uploads\/2025\/04\/71_273_47671_327728167_IMG_0677.jpg","keywords":["Prevenci\u00f3nInfluenza","SaludInvierno","SESAQuer\u00e9taro","VacunaInfluenzaQro"],"articleSection":["Estado","\u00daltima Hora"],"inLanguage":"es","potentialAction":[{"@type":"CommentAction","name":"Comment","target":["https:\/\/www.nexoinformativo.mx\/index.php\/2025\/04\/20\/queretaro-se-protege-mas-de-medio-millon-de-dosis-de-vacuna-contra-la-influenza-aplicadas-por-sesa\/#respond"]}]},{"@type":"WebPage","@id":"https:\/\/www.nexoinformativo.mx\/index.php\/2025\/04\/20\/queretaro-se-protege-mas-de-medio-millon-de-dosis-de-vacuna-contra-la-influenza-aplicadas-por-sesa\/","url":"https:\/\/www.nexoinformativo.mx\/index.php\/2025\/04\/20\/queretaro-se-protege-mas-de-medio-millon-de-dosis-de-vacuna-contra-la-influenza-aplicadas-por-sesa\/","name":"Quer\u00e9taro se protege m\u00e1s de medio mill\u00f3n de dosis de vacuna contra la influenza aplicadas por SESA | Nexo Informativo Santiago de Quer\u00e9taro","isPartOf":{"@id":"https:\/\/www.nexoinformativo.mx\/#website"},"primaryImageOfPage":{"@id":"https:\/\/www.nexoinformativo.mx\/index.php\/2025\/04\/20\/queretaro-se-protege-mas-de-medio-millon-de-dosis-de-vacuna-contra-la-influenza-aplicadas-por-sesa\/#primaryimage"},"image":{"@id":"https:\/\/www.nexoinformativo.mx\/index.php\/2025\/04\/20\/queretaro-se-protege-mas-de-medio-millon-de-dosis-de-vacuna-contra-la-influenza-aplicadas-por-sesa\/#primaryimage"},"thumbnailUrl":"https:\/\/www.nexoinformativo.mx\/wp-content\/uploads\/2025\/04\/71_273_47671_327728167_IMG_0677.jpg","datePublished":"2025-04-20T18:00:36+00:00","dateModified":"2025-04-20T21:58:12+00:00","description":"Quer\u00e9taro se protege m\u00e1s de medio mill\u00f3n de dosis de vacuna contra la influenza aplicadas por SESA","breadcrumb":{"@id":"https:\/\/www.nexoinformativo.mx\/index.php\/2025\/04\/20\/queretaro-se-protege-mas-de-medio-millon-de-dosis-de-vacuna-contra-la-influenza-aplicadas-por-sesa\/#breadcrumb"},"inLanguage":"es","potentialAction":[{"@type":"ReadAction","target":["https:\/\/www.nexoinformativo.mx\/index.php\/2025\/04\/20\/queretaro-se-protege-mas-de-medio-millon-de-dosis-de-vacuna-contra-la-influenza-aplicadas-por-sesa\/"]}]},{"@type":"ImageObject","inLanguage":"es","@id":"https:\/\/www.nexoinformativo.mx\/index.php\/2025\/04\/20\/queretaro-se-protege-mas-de-medio-millon-de-dosis-de-vacuna-contra-la-influenza-aplicadas-por-sesa\/#primaryimage","url":"https:\/\/www.nexoinformativo.mx\/wp-content\/uploads\/2025\/04\/71_273_47671_327728167_IMG_0677.jpg","contentUrl":"https:\/\/www.nexoinformativo.mx\/wp-content\/uploads\/2025\/04\/71_273_47671_327728167_IMG_0677.jpg","width":458,"height":638},{"@type":"BreadcrumbList","@id":"https:\/\/www.nexoinformativo.mx\/index.php\/2025\/04\/20\/queretaro-se-protege-mas-de-medio-millon-de-dosis-de-vacuna-contra-la-influenza-aplicadas-por-sesa\/#breadcrumb","itemListElement":[{"@type":"ListItem","position":1,"name":"Inicio","item":"https:\/\/www.nexoinformativo.mx\/"},{"@type":"ListItem","position":2,"name":"Quer\u00e9taro se protege m\u00e1s de medio mill\u00f3n de dosis de vacuna contra la influenza aplicadas por SESA"}]},{"@type":"WebSite","@id":"https:\/\/www.nexoinformativo.mx\/#website","url":"https:\/\/www.nexoinformativo.mx\/","name":"Nexo Informativo Santiago de Quer\u00e9taro","description":"Explora NexoInformativo y convi\u00e9rtete en parte de una comunidad que valora el conocimiento y la verdad. Tu nexoinformativo es tu puente hacia una comprensi\u00f3n m\u00e1s profunda del mundo que te rodea.","publisher":{"@id":"https:\/\/www.nexoinformativo.mx\/#organization"},"potentialAction":[{"@type":"SearchAction","target":{"@type":"EntryPoint","urlTemplate":"https:\/\/www.nexoinformativo.mx\/?s={search_term_string}"},"query-input":{"@type":"PropertyValueSpecification","valueRequired":true,"valueName":"search_term_string"}}],"inLanguage":"es"},{"@type":"Organization","@id":"https:\/\/www.nexoinformativo.mx\/#organization","name":"Nexo Informativo Santiago de Quer\u00e9taro","url":"https:\/\/www.nexoinformativo.mx\/","logo":{"@type":"ImageObject","inLanguage":"es","@id":"https:\/\/www.nexoinformativo.mx\/#\/schema\/logo\/image\/","url":"https:\/\/www.nexoinformativo.mx\/wp-content\/uploads\/2024\/07\/nexoi-trasparente-2.png","contentUrl":"https:\/\/www.nexoinformativo.mx\/wp-content\/uploads\/2024\/07\/nexoi-trasparente-2.png","width":816,"height":339,"caption":"Nexo Informativo Santiago de Quer\u00e9taro"},"image":{"@id":"https:\/\/www.nexoinformativo.mx\/#\/schema\/logo\/image\/"},"sameAs":["https:\/\/www.facebook.com\/people\/Nexo-Informativo\/61564066885511\/"]},{"@type":"Person","@id":"https:\/\/www.nexoinformativo.mx\/#\/schema\/person\/7749d380ba08c8ca00d7bc76fd907b7d","name":"Nexo Informativo","image":{"@type":"ImageObject","inLanguage":"es","@id":"https:\/\/www.nexoinformativo.mx\/#\/schema\/person\/image\/","url":"https:\/\/secure.gravatar.com\/avatar\/dde2928154642a13d95f87ddf1ea9718fe2b46760a005c53e41ff5ad610704e6?s=96&d=mm&r=g","contentUrl":"https:\/\/secure.gravatar.com\/avatar\/dde2928154642a13d95f87ddf1ea9718fe2b46760a005c53e41ff5ad610704e6?s=96&d=mm&r=g","caption":"Nexo Informativo"},"url":"https:\/\/www.nexoinformativo.mx\/index.php\/author\/edicion\/"}]}},"_links":{"self":[{"href":"https:\/\/www.nexoinformativo.mx\/index.php\/wp-json\/wp\/v2\/posts\/14327","targetHints":{"allow":["GET"]}}],"collection":[{"href":"https:\/\/www.nexoinformativo.mx\/index.php\/wp-json\/wp\/v2\/posts"}],"about":[{"href":"https:\/\/www.nexoinformativo.mx\/index.php\/wp-json\/wp\/v2\/types\/post"}],"author":[{"embeddable":true,"href":"https:\/\/www.nexoinformativo.mx\/index.php\/wp-json\/wp\/v2\/users\/3"}],"replies":[{"embeddable":true,"href":"https:\/\/www.nexoinformativo.mx\/index.php\/wp-json\/wp\/v2\/comments?post=14327"}],"version-history":[{"count":5,"href":"https:\/\/www.nexoinformativo.mx\/index.php\/wp-json\/wp\/v2\/posts\/14327\/revisions"}],"predecessor-version":[{"id":14331,"href":"https:\/\/www.nexoinformativo.mx\/index.php\/wp-json\/wp\/v2\/posts\/14327\/revisions\/14331"}],"wp:featuredmedia":[{"embeddable":true,"href":"https:\/\/www.nexoinformativo.mx\/index.php\/wp-json\/wp\/v2\/media\/14328"}],"wp:attachment":[{"href":"https:\/\/www.nexoinformativo.mx\/index.php\/wp-json\/wp\/v2\/media?parent=14327"}],"wp:term":[{"taxonomy":"category","embeddable":true,"href":"https:\/\/www.nexoinformativo.mx\/index.php\/wp-json\/wp\/v2\/categories?post=14327"},{"taxonomy":"post_tag","embeddable":true,"href":"https:\/\/www.nexoinformativo.mx\/index.php\/wp-json\/wp\/v2\/tags?post=14327"}],"curies":[{"name":"wp","href":"https:\/\/api.w.org\/{rel}","templated":true}]}}