{"id":14341,"date":"2025-04-21T10:00:58","date_gmt":"2025-04-21T16:00:58","guid":{"rendered":"https:\/\/www.nexoinformativo.mx\/?p=14341"},"modified":"2025-04-21T12:43:32","modified_gmt":"2025-04-21T18:43:32","slug":"golpe-a-la-economia-local-aranceles-de-eu-generan-incertidumbre-y-posponen-proyectos-en-queretaro","status":"publish","type":"post","link":"https:\/\/www.nexoinformativo.mx\/index.php\/2025\/04\/21\/golpe-a-la-economia-local-aranceles-de-eu-generan-incertidumbre-y-posponen-proyectos-en-queretaro\/","title":{"rendered":"Golpe a la econom\u00eda local aranceles de EU generan incertidumbre y posponen proyectos en Quer\u00e9taro"},"content":{"rendered":"<p style=\"text-align: justify;\" data-sourcepos=\"11:1-11:453\">La imposici\u00f3n de posibles aranceles por parte de EU a productos importados desde M\u00e9xico est\u00e1 generando una ola de incertidumbre que ya impacta en la industria de Quer\u00e9taro.<\/p>\n<\/p>\n<p>&nbsp;<\/p>\n<p style=\"text-align: justify;\" data-sourcepos=\"11:1-11:453\">Lorena Mu\u00f1oz, presidenta de la C\u00e1mara de Comercio en la entidad, advirti\u00f3 que empresas del sector industrial han comenzado a posponer proyectos, lo que a su vez afecta a compa\u00f1\u00edas de comercio y servicios que participar\u00edan como proveedoras.<\/p>\n<\/p>\n<p>&nbsp;<\/p>\n<p style=\"text-align: justify;\" data-sourcepos=\"13:1-13:446\">Mu\u00f1oz se\u00f1al\u00f3 que las industrias automotriz y aeron\u00e1utica, pilares de la econom\u00eda queretana, est\u00e1n disminuyendo los presupuestos destinados a proyectos previamente establecidos para 2025.<\/p>\n<\/p>\n<p>&nbsp;<\/p>\n<p style=\"text-align: justify;\" data-sourcepos=\"13:1-13:446\">Esta reducci\u00f3n tiene un efecto directo en las empresas del sector comercio, que esperaban participar como proveedoras de diversos servicios e insumos. &#8220;Vemos que se est\u00e1n protegiendo en t\u00e9rminos presupuestales&#8221;, explic\u00f3 la presidenta de la C\u00e1mara de Comercio.<\/p>\n<\/p>\n<p>&nbsp;<\/p>\n<p style=\"text-align: justify;\" data-sourcepos=\"15:1-15:368\">La situaci\u00f3n se agrava al constatar que las empresas industriales tambi\u00e9n est\u00e1n aplazando proyectos que se ten\u00edan contemplados desde el a\u00f1o 2024.<\/p>\n<\/p>\n<p>&nbsp;<\/p>\n<p style=\"text-align: justify;\" data-sourcepos=\"17:1-17:364\">Esta desaceleraci\u00f3n en la industria local inevitablemente repercute en las empresas proveedoras de insumos, materia prima y servicios.<\/p>\n<\/p>\n<p>&nbsp;<\/p>\n<p style=\"text-align: justify;\" data-sourcepos=\"17:1-17:364\">En este sentido, Lorena Mu\u00f1oz advirti\u00f3 que si la tendencia de aplazamiento de proyectos contin\u00faa, se dificultar\u00e1 la capacidad de las empresas proveedoras para suministrar los insumos que demanda la industria de la transformaci\u00f3n.<\/p>\n<\/p>\n<p>&nbsp;<\/p>\n<p style=\"text-align: justify;\" data-sourcepos=\"19:1-19:320\">Finalmente, la presidenta de la C\u00e1mara de Comercio revel\u00f3 que las empresas del sector comercio ya han comenzado a detectar un aplazamiento en los pagos de facturas por parte de las compa\u00f1\u00edas industriales a las cuales ofrecen sus productos y servicios, lo que a\u00f1ade una preocupaci\u00f3n adicional al panorama econ\u00f3mico local.<\/p>\n<\/p>\n<p>&nbsp;<\/p>\n<p style=\"text-align: center;\" data-sourcepos=\"19:1-19:320\"><em><strong>\u00a1Informaci\u00f3n que transforma!<\/strong><\/em><\/p>\n","protected":false},"excerpt":{"rendered":"<p>La imposici\u00f3n de posibles aranceles por parte de EU a productos importados desde M\u00e9xico est\u00e1 generando una ola de incertidumbre que ya impacta en la industria de Quer\u00e9taro.<\/p>\n","protected":false},"author":3,"featured_media":14342,"comment_status":"open","ping_status":"open","sticky":false,"template":"","format":"standard","meta":{"footnotes":""},"categories":[5,42,58],"tags":[4228,2671,4229,1376],"class_list":["post-14341","post","type-post","status-publish","format-standard","has-post-thumbnail","hentry","category-economia","category-estado","category-ultima-hora","tag-aranceleseu","tag-economialocal","tag-incertidumbrecomercial","tag-industriaqueretaro"],"yoast_head":"<!-- This site is optimized with the Yoast SEO plugin v25.0 - https:\/\/yoast.com\/wordpress\/plugins\/seo\/ -->\n<title>Golpe a la econom\u00eda local aranceles de EU generan incertidumbre y posponen proyectos en Quer\u00e9taro | Nexo Informativo Santiago de Quer\u00e9taro<\/title>\n<meta name=\"description\" content=\"Golpe a la econom\u00eda local aranceles de EU generan incertidumbre y posponen proyectos en Quer\u00e9taro\" \/>\n<meta name=\"robots\" content=\"index, follow, max-snippet:-1, max-image-preview:large, max-video-preview:-1\" \/>\n<link rel=\"canonical\" href=\"https:\/\/www.nexoinformativo.mx\/index.php\/2025\/04\/21\/golpe-a-la-economia-local-aranceles-de-eu-generan-incertidumbre-y-posponen-proyectos-en-queretaro\/\" \/>\n<meta property=\"og:locale\" content=\"es_MX\" \/>\n<meta property=\"og:type\" content=\"article\" \/>\n<meta property=\"og:title\" content=\"Golpe a la econom\u00eda local aranceles de EU generan incertidumbre y posponen proyectos en Quer\u00e9taro | Nexo Informativo Santiago de Quer\u00e9taro\" \/>\n<meta property=\"og:description\" content=\"Golpe a la econom\u00eda local aranceles de EU generan incertidumbre y posponen proyectos en Quer\u00e9taro\" \/>\n<meta property=\"og:url\" content=\"https:\/\/www.nexoinformativo.mx\/index.php\/2025\/04\/21\/golpe-a-la-economia-local-aranceles-de-eu-generan-incertidumbre-y-posponen-proyectos-en-queretaro\/\" \/>\n<meta property=\"og:site_name\" content=\"Nexo Informativo Santiago de Quer\u00e9taro\" \/>\n<meta property=\"article:publisher\" content=\"https:\/\/www.facebook.com\/people\/Nexo-Informativo\/61564066885511\/\" \/>\n<meta property=\"article:published_time\" content=\"2025-04-21T16:00:58+00:00\" \/>\n<meta property=\"article:modified_time\" content=\"2025-04-21T18:43:32+00:00\" \/>\n<meta property=\"og:image\" content=\"https:\/\/www.nexoinformativo.mx\/wp-content\/uploads\/2025\/04\/0dbc726b-6c4d-45b2-9b09-80ea9fb6cb54-e1745260960432.jpg\" \/>\n\t<meta property=\"og:image:width\" content=\"800\" \/>\n\t<meta property=\"og:image:height\" content=\"533\" \/>\n\t<meta property=\"og:image:type\" content=\"image\/jpeg\" \/>\n<meta name=\"author\" content=\"Nexo Informativo\" \/>\n<meta name=\"twitter:card\" content=\"summary_large_image\" \/>\n<meta name=\"twitter:label1\" content=\"Escrito por\" \/>\n\t<meta name=\"twitter:data1\" content=\"Nexo Informativo\" \/>\n\t<meta name=\"twitter:label2\" content=\"Tiempo de lectura\" \/>\n\t<meta name=\"twitter:data2\" content=\"2 minutos\" \/>\n<script type=\"application\/ld+json\" class=\"yoast-schema-graph\">{\"@context\":\"https:\/\/schema.org\",\"@graph\":[{\"@type\":\"Article\",\"@id\":\"https:\/\/www.nexoinformativo.mx\/index.php\/2025\/04\/21\/golpe-a-la-economia-local-aranceles-de-eu-generan-incertidumbre-y-posponen-proyectos-en-queretaro\/#article\",\"isPartOf\":{\"@id\":\"https:\/\/www.nexoinformativo.mx\/index.php\/2025\/04\/21\/golpe-a-la-economia-local-aranceles-de-eu-generan-incertidumbre-y-posponen-proyectos-en-queretaro\/\"},\"author\":{\"name\":\"Nexo Informativo\",\"@id\":\"https:\/\/www.nexoinformativo.mx\/#\/schema\/person\/7749d380ba08c8ca00d7bc76fd907b7d\"},\"headline\":\"Golpe a la econom\u00eda local aranceles de EU generan incertidumbre y posponen proyectos en Quer\u00e9taro\",\"datePublished\":\"2025-04-21T16:00:58+00:00\",\"dateModified\":\"2025-04-21T18:43:32+00:00\",\"mainEntityOfPage\":{\"@id\":\"https:\/\/www.nexoinformativo.mx\/index.php\/2025\/04\/21\/golpe-a-la-economia-local-aranceles-de-eu-generan-incertidumbre-y-posponen-proyectos-en-queretaro\/\"},\"wordCount\":310,\"commentCount\":0,\"publisher\":{\"@id\":\"https:\/\/www.nexoinformativo.mx\/#organization\"},\"image\":{\"@id\":\"https:\/\/www.nexoinformativo.mx\/index.php\/2025\/04\/21\/golpe-a-la-economia-local-aranceles-de-eu-generan-incertidumbre-y-posponen-proyectos-en-queretaro\/#primaryimage\"},\"thumbnailUrl\":\"https:\/\/www.nexoinformativo.mx\/wp-content\/uploads\/2025\/04\/0dbc726b-6c4d-45b2-9b09-80ea9fb6cb54-e1745260960432.jpg\",\"keywords\":[\"ArancelesEU\",\"Econom\u00edaLocal\",\"IncertidumbreComercial\",\"IndustriaQuer\u00e9taro\"],\"articleSection\":[\"Econom\u00eda\",\"Estado\",\"\u00daltima Hora\"],\"inLanguage\":\"es\",\"potentialAction\":[{\"@type\":\"CommentAction\",\"name\":\"Comment\",\"target\":[\"https:\/\/www.nexoinformativo.mx\/index.php\/2025\/04\/21\/golpe-a-la-economia-local-aranceles-de-eu-generan-incertidumbre-y-posponen-proyectos-en-queretaro\/#respond\"]}]},{\"@type\":\"WebPage\",\"@id\":\"https:\/\/www.nexoinformativo.mx\/index.php\/2025\/04\/21\/golpe-a-la-economia-local-aranceles-de-eu-generan-incertidumbre-y-posponen-proyectos-en-queretaro\/\",\"url\":\"https:\/\/www.nexoinformativo.mx\/index.php\/2025\/04\/21\/golpe-a-la-economia-local-aranceles-de-eu-generan-incertidumbre-y-posponen-proyectos-en-queretaro\/\",\"name\":\"Golpe a la econom\u00eda local aranceles de EU generan incertidumbre y posponen proyectos en Quer\u00e9taro | Nexo Informativo Santiago de Quer\u00e9taro\",\"isPartOf\":{\"@id\":\"https:\/\/www.nexoinformativo.mx\/#website\"},\"primaryImageOfPage\":{\"@id\":\"https:\/\/www.nexoinformativo.mx\/index.php\/2025\/04\/21\/golpe-a-la-economia-local-aranceles-de-eu-generan-incertidumbre-y-posponen-proyectos-en-queretaro\/#primaryimage\"},\"image\":{\"@id\":\"https:\/\/www.nexoinformativo.mx\/index.php\/2025\/04\/21\/golpe-a-la-economia-local-aranceles-de-eu-generan-incertidumbre-y-posponen-proyectos-en-queretaro\/#primaryimage\"},\"thumbnailUrl\":\"https:\/\/www.nexoinformativo.mx\/wp-content\/uploads\/2025\/04\/0dbc726b-6c4d-45b2-9b09-80ea9fb6cb54-e1745260960432.jpg\",\"datePublished\":\"2025-04-21T16:00:58+00:00\",\"dateModified\":\"2025-04-21T18:43:32+00:00\",\"description\":\"Golpe a la econom\u00eda local aranceles de EU generan incertidumbre y posponen proyectos en Quer\u00e9taro\",\"breadcrumb\":{\"@id\":\"https:\/\/www.nexoinformativo.mx\/index.php\/2025\/04\/21\/golpe-a-la-economia-local-aranceles-de-eu-generan-incertidumbre-y-posponen-proyectos-en-queretaro\/#breadcrumb\"},\"inLanguage\":\"es\",\"potentialAction\":[{\"@type\":\"ReadAction\",\"target\":[\"https:\/\/www.nexoinformativo.mx\/index.php\/2025\/04\/21\/golpe-a-la-economia-local-aranceles-de-eu-generan-incertidumbre-y-posponen-proyectos-en-queretaro\/\"]}]},{\"@type\":\"ImageObject\",\"inLanguage\":\"es\",\"@id\":\"https:\/\/www.nexoinformativo.mx\/index.php\/2025\/04\/21\/golpe-a-la-economia-local-aranceles-de-eu-generan-incertidumbre-y-posponen-proyectos-en-queretaro\/#primaryimage\",\"url\":\"https:\/\/www.nexoinformativo.mx\/wp-content\/uploads\/2025\/04\/0dbc726b-6c4d-45b2-9b09-80ea9fb6cb54-e1745260960432.jpg\",\"contentUrl\":\"https:\/\/www.nexoinformativo.mx\/wp-content\/uploads\/2025\/04\/0dbc726b-6c4d-45b2-9b09-80ea9fb6cb54-e1745260960432.jpg\",\"width\":800,\"height\":533},{\"@type\":\"BreadcrumbList\",\"@id\":\"https:\/\/www.nexoinformativo.mx\/index.php\/2025\/04\/21\/golpe-a-la-economia-local-aranceles-de-eu-generan-incertidumbre-y-posponen-proyectos-en-queretaro\/#breadcrumb\",\"itemListElement\":[{\"@type\":\"ListItem\",\"position\":1,\"name\":\"Inicio\",\"item\":\"https:\/\/www.nexoinformativo.mx\/\"},{\"@type\":\"ListItem\",\"position\":2,\"name\":\"Golpe a la econom\u00eda local aranceles de EU generan incertidumbre y posponen proyectos en Quer\u00e9taro\"}]},{\"@type\":\"WebSite\",\"@id\":\"https:\/\/www.nexoinformativo.mx\/#website\",\"url\":\"https:\/\/www.nexoinformativo.mx\/\",\"name\":\"Nexo Informativo Santiago de Quer\u00e9taro\",\"description\":\"Explora NexoInformativo y convi\u00e9rtete en parte de una comunidad que valora el conocimiento y la verdad. Tu nexoinformativo es tu puente hacia una comprensi\u00f3n m\u00e1s profunda del mundo que te rodea.\",\"publisher\":{\"@id\":\"https:\/\/www.nexoinformativo.mx\/#organization\"},\"potentialAction\":[{\"@type\":\"SearchAction\",\"target\":{\"@type\":\"EntryPoint\",\"urlTemplate\":\"https:\/\/www.nexoinformativo.mx\/?s={search_term_string}\"},\"query-input\":{\"@type\":\"PropertyValueSpecification\",\"valueRequired\":true,\"valueName\":\"search_term_string\"}}],\"inLanguage\":\"es\"},{\"@type\":\"Organization\",\"@id\":\"https:\/\/www.nexoinformativo.mx\/#organization\",\"name\":\"Nexo Informativo Santiago de Quer\u00e9taro\",\"url\":\"https:\/\/www.nexoinformativo.mx\/\",\"logo\":{\"@type\":\"ImageObject\",\"inLanguage\":\"es\",\"@id\":\"https:\/\/www.nexoinformativo.mx\/#\/schema\/logo\/image\/\",\"url\":\"https:\/\/www.nexoinformativo.mx\/wp-content\/uploads\/2024\/07\/nexoi-trasparente-2.png\",\"contentUrl\":\"https:\/\/www.nexoinformativo.mx\/wp-content\/uploads\/2024\/07\/nexoi-trasparente-2.png\",\"width\":816,\"height\":339,\"caption\":\"Nexo Informativo Santiago de Quer\u00e9taro\"},\"image\":{\"@id\":\"https:\/\/www.nexoinformativo.mx\/#\/schema\/logo\/image\/\"},\"sameAs\":[\"https:\/\/www.facebook.com\/people\/Nexo-Informativo\/61564066885511\/\"]},{\"@type\":\"Person\",\"@id\":\"https:\/\/www.nexoinformativo.mx\/#\/schema\/person\/7749d380ba08c8ca00d7bc76fd907b7d\",\"name\":\"Nexo Informativo\",\"image\":{\"@type\":\"ImageObject\",\"inLanguage\":\"es\",\"@id\":\"https:\/\/www.nexoinformativo.mx\/#\/schema\/person\/image\/\",\"url\":\"https:\/\/secure.gravatar.com\/avatar\/dde2928154642a13d95f87ddf1ea9718fe2b46760a005c53e41ff5ad610704e6?s=96&d=mm&r=g\",\"contentUrl\":\"https:\/\/secure.gravatar.com\/avatar\/dde2928154642a13d95f87ddf1ea9718fe2b46760a005c53e41ff5ad610704e6?s=96&d=mm&r=g\",\"caption\":\"Nexo Informativo\"},\"url\":\"https:\/\/www.nexoinformativo.mx\/index.php\/author\/edicion\/\"}]}<\/script>\n<!-- \/ Yoast SEO plugin. -->","yoast_head_json":{"title":"Golpe a la econom\u00eda local aranceles de EU generan incertidumbre y posponen proyectos en Quer\u00e9taro | Nexo Informativo Santiago de Quer\u00e9taro","description":"Golpe a la econom\u00eda local aranceles de EU generan incertidumbre y posponen proyectos en Quer\u00e9taro","robots":{"index":"index","follow":"follow","max-snippet":"max-snippet:-1","max-image-preview":"max-image-preview:large","max-video-preview":"max-video-preview:-1"},"canonical":"https:\/\/www.nexoinformativo.mx\/index.php\/2025\/04\/21\/golpe-a-la-economia-local-aranceles-de-eu-generan-incertidumbre-y-posponen-proyectos-en-queretaro\/","og_locale":"es_MX","og_type":"article","og_title":"Golpe a la econom\u00eda local aranceles de EU generan incertidumbre y posponen proyectos en Quer\u00e9taro | Nexo Informativo Santiago de Quer\u00e9taro","og_description":"Golpe a la econom\u00eda local aranceles de EU generan incertidumbre y posponen proyectos en Quer\u00e9taro","og_url":"https:\/\/www.nexoinformativo.mx\/index.php\/2025\/04\/21\/golpe-a-la-economia-local-aranceles-de-eu-generan-incertidumbre-y-posponen-proyectos-en-queretaro\/","og_site_name":"Nexo Informativo Santiago de Quer\u00e9taro","article_publisher":"https:\/\/www.facebook.com\/people\/Nexo-Informativo\/61564066885511\/","article_published_time":"2025-04-21T16:00:58+00:00","article_modified_time":"2025-04-21T18:43:32+00:00","og_image":[{"width":800,"height":533,"url":"https:\/\/www.nexoinformativo.mx\/wp-content\/uploads\/2025\/04\/0dbc726b-6c4d-45b2-9b09-80ea9fb6cb54-e1745260960432.jpg","type":"image\/jpeg"}],"author":"Nexo Informativo","twitter_card":"summary_large_image","twitter_misc":{"Escrito por":"Nexo Informativo","Tiempo de lectura":"2 minutos"},"schema":{"@context":"https:\/\/schema.org","@graph":[{"@type":"Article","@id":"https:\/\/www.nexoinformativo.mx\/index.php\/2025\/04\/21\/golpe-a-la-economia-local-aranceles-de-eu-generan-incertidumbre-y-posponen-proyectos-en-queretaro\/#article","isPartOf":{"@id":"https:\/\/www.nexoinformativo.mx\/index.php\/2025\/04\/21\/golpe-a-la-economia-local-aranceles-de-eu-generan-incertidumbre-y-posponen-proyectos-en-queretaro\/"},"author":{"name":"Nexo Informativo","@id":"https:\/\/www.nexoinformativo.mx\/#\/schema\/person\/7749d380ba08c8ca00d7bc76fd907b7d"},"headline":"Golpe a la econom\u00eda local aranceles de EU generan incertidumbre y posponen proyectos en Quer\u00e9taro","datePublished":"2025-04-21T16:00:58+00:00","dateModified":"2025-04-21T18:43:32+00:00","mainEntityOfPage":{"@id":"https:\/\/www.nexoinformativo.mx\/index.php\/2025\/04\/21\/golpe-a-la-economia-local-aranceles-de-eu-generan-incertidumbre-y-posponen-proyectos-en-queretaro\/"},"wordCount":310,"commentCount":0,"publisher":{"@id":"https:\/\/www.nexoinformativo.mx\/#organization"},"image":{"@id":"https:\/\/www.nexoinformativo.mx\/index.php\/2025\/04\/21\/golpe-a-la-economia-local-aranceles-de-eu-generan-incertidumbre-y-posponen-proyectos-en-queretaro\/#primaryimage"},"thumbnailUrl":"https:\/\/www.nexoinformativo.mx\/wp-content\/uploads\/2025\/04\/0dbc726b-6c4d-45b2-9b09-80ea9fb6cb54-e1745260960432.jpg","keywords":["ArancelesEU","Econom\u00edaLocal","IncertidumbreComercial","IndustriaQuer\u00e9taro"],"articleSection":["Econom\u00eda","Estado","\u00daltima Hora"],"inLanguage":"es","potentialAction":[{"@type":"CommentAction","name":"Comment","target":["https:\/\/www.nexoinformativo.mx\/index.php\/2025\/04\/21\/golpe-a-la-economia-local-aranceles-de-eu-generan-incertidumbre-y-posponen-proyectos-en-queretaro\/#respond"]}]},{"@type":"WebPage","@id":"https:\/\/www.nexoinformativo.mx\/index.php\/2025\/04\/21\/golpe-a-la-economia-local-aranceles-de-eu-generan-incertidumbre-y-posponen-proyectos-en-queretaro\/","url":"https:\/\/www.nexoinformativo.mx\/index.php\/2025\/04\/21\/golpe-a-la-economia-local-aranceles-de-eu-generan-incertidumbre-y-posponen-proyectos-en-queretaro\/","name":"Golpe a la econom\u00eda local aranceles de EU generan incertidumbre y posponen proyectos en Quer\u00e9taro | Nexo Informativo Santiago de Quer\u00e9taro","isPartOf":{"@id":"https:\/\/www.nexoinformativo.mx\/#website"},"primaryImageOfPage":{"@id":"https:\/\/www.nexoinformativo.mx\/index.php\/2025\/04\/21\/golpe-a-la-economia-local-aranceles-de-eu-generan-incertidumbre-y-posponen-proyectos-en-queretaro\/#primaryimage"},"image":{"@id":"https:\/\/www.nexoinformativo.mx\/index.php\/2025\/04\/21\/golpe-a-la-economia-local-aranceles-de-eu-generan-incertidumbre-y-posponen-proyectos-en-queretaro\/#primaryimage"},"thumbnailUrl":"https:\/\/www.nexoinformativo.mx\/wp-content\/uploads\/2025\/04\/0dbc726b-6c4d-45b2-9b09-80ea9fb6cb54-e1745260960432.jpg","datePublished":"2025-04-21T16:00:58+00:00","dateModified":"2025-04-21T18:43:32+00:00","description":"Golpe a la econom\u00eda local aranceles de EU generan incertidumbre y posponen proyectos en Quer\u00e9taro","breadcrumb":{"@id":"https:\/\/www.nexoinformativo.mx\/index.php\/2025\/04\/21\/golpe-a-la-economia-local-aranceles-de-eu-generan-incertidumbre-y-posponen-proyectos-en-queretaro\/#breadcrumb"},"inLanguage":"es","potentialAction":[{"@type":"ReadAction","target":["https:\/\/www.nexoinformativo.mx\/index.php\/2025\/04\/21\/golpe-a-la-economia-local-aranceles-de-eu-generan-incertidumbre-y-posponen-proyectos-en-queretaro\/"]}]},{"@type":"ImageObject","inLanguage":"es","@id":"https:\/\/www.nexoinformativo.mx\/index.php\/2025\/04\/21\/golpe-a-la-economia-local-aranceles-de-eu-generan-incertidumbre-y-posponen-proyectos-en-queretaro\/#primaryimage","url":"https:\/\/www.nexoinformativo.mx\/wp-content\/uploads\/2025\/04\/0dbc726b-6c4d-45b2-9b09-80ea9fb6cb54-e1745260960432.jpg","contentUrl":"https:\/\/www.nexoinformativo.mx\/wp-content\/uploads\/2025\/04\/0dbc726b-6c4d-45b2-9b09-80ea9fb6cb54-e1745260960432.jpg","width":800,"height":533},{"@type":"BreadcrumbList","@id":"https:\/\/www.nexoinformativo.mx\/index.php\/2025\/04\/21\/golpe-a-la-economia-local-aranceles-de-eu-generan-incertidumbre-y-posponen-proyectos-en-queretaro\/#breadcrumb","itemListElement":[{"@type":"ListItem","position":1,"name":"Inicio","item":"https:\/\/www.nexoinformativo.mx\/"},{"@type":"ListItem","position":2,"name":"Golpe a la econom\u00eda local aranceles de EU generan incertidumbre y posponen proyectos en Quer\u00e9taro"}]},{"@type":"WebSite","@id":"https:\/\/www.nexoinformativo.mx\/#website","url":"https:\/\/www.nexoinformativo.mx\/","name":"Nexo Informativo Santiago de Quer\u00e9taro","description":"Explora NexoInformativo y convi\u00e9rtete en parte de una comunidad que valora el conocimiento y la verdad. Tu nexoinformativo es tu puente hacia una comprensi\u00f3n m\u00e1s profunda del mundo que te rodea.","publisher":{"@id":"https:\/\/www.nexoinformativo.mx\/#organization"},"potentialAction":[{"@type":"SearchAction","target":{"@type":"EntryPoint","urlTemplate":"https:\/\/www.nexoinformativo.mx\/?s={search_term_string}"},"query-input":{"@type":"PropertyValueSpecification","valueRequired":true,"valueName":"search_term_string"}}],"inLanguage":"es"},{"@type":"Organization","@id":"https:\/\/www.nexoinformativo.mx\/#organization","name":"Nexo Informativo Santiago de Quer\u00e9taro","url":"https:\/\/www.nexoinformativo.mx\/","logo":{"@type":"ImageObject","inLanguage":"es","@id":"https:\/\/www.nexoinformativo.mx\/#\/schema\/logo\/image\/","url":"https:\/\/www.nexoinformativo.mx\/wp-content\/uploads\/2024\/07\/nexoi-trasparente-2.png","contentUrl":"https:\/\/www.nexoinformativo.mx\/wp-content\/uploads\/2024\/07\/nexoi-trasparente-2.png","width":816,"height":339,"caption":"Nexo Informativo Santiago de Quer\u00e9taro"},"image":{"@id":"https:\/\/www.nexoinformativo.mx\/#\/schema\/logo\/image\/"},"sameAs":["https:\/\/www.facebook.com\/people\/Nexo-Informativo\/61564066885511\/"]},{"@type":"Person","@id":"https:\/\/www.nexoinformativo.mx\/#\/schema\/person\/7749d380ba08c8ca00d7bc76fd907b7d","name":"Nexo Informativo","image":{"@type":"ImageObject","inLanguage":"es","@id":"https:\/\/www.nexoinformativo.mx\/#\/schema\/person\/image\/","url":"https:\/\/secure.gravatar.com\/avatar\/dde2928154642a13d95f87ddf1ea9718fe2b46760a005c53e41ff5ad610704e6?s=96&d=mm&r=g","contentUrl":"https:\/\/secure.gravatar.com\/avatar\/dde2928154642a13d95f87ddf1ea9718fe2b46760a005c53e41ff5ad610704e6?s=96&d=mm&r=g","caption":"Nexo Informativo"},"url":"https:\/\/www.nexoinformativo.mx\/index.php\/author\/edicion\/"}]}},"_links":{"self":[{"href":"https:\/\/www.nexoinformativo.mx\/index.php\/wp-json\/wp\/v2\/posts\/14341","targetHints":{"allow":["GET"]}}],"collection":[{"href":"https:\/\/www.nexoinformativo.mx\/index.php\/wp-json\/wp\/v2\/posts"}],"about":[{"href":"https:\/\/www.nexoinformativo.mx\/index.php\/wp-json\/wp\/v2\/types\/post"}],"author":[{"embeddable":true,"href":"https:\/\/www.nexoinformativo.mx\/index.php\/wp-json\/wp\/v2\/users\/3"}],"replies":[{"embeddable":true,"href":"https:\/\/www.nexoinformativo.mx\/index.php\/wp-json\/wp\/v2\/comments?post=14341"}],"version-history":[{"count":3,"href":"https:\/\/www.nexoinformativo.mx\/index.php\/wp-json\/wp\/v2\/posts\/14341\/revisions"}],"predecessor-version":[{"id":14345,"href":"https:\/\/www.nexoinformativo.mx\/index.php\/wp-json\/wp\/v2\/posts\/14341\/revisions\/14345"}],"wp:featuredmedia":[{"embeddable":true,"href":"https:\/\/www.nexoinformativo.mx\/index.php\/wp-json\/wp\/v2\/media\/14342"}],"wp:attachment":[{"href":"https:\/\/www.nexoinformativo.mx\/index.php\/wp-json\/wp\/v2\/media?parent=14341"}],"wp:term":[{"taxonomy":"category","embeddable":true,"href":"https:\/\/www.nexoinformativo.mx\/index.php\/wp-json\/wp\/v2\/categories?post=14341"},{"taxonomy":"post_tag","embeddable":true,"href":"https:\/\/www.nexoinformativo.mx\/index.php\/wp-json\/wp\/v2\/tags?post=14341"}],"curies":[{"name":"wp","href":"https:\/\/api.w.org\/{rel}","templated":true}]}}