{"id":14354,"date":"2025-04-21T12:00:19","date_gmt":"2025-04-21T18:00:19","guid":{"rendered":"https:\/\/www.nexoinformativo.mx\/?p=14354"},"modified":"2025-04-21T19:57:58","modified_gmt":"2025-04-22T01:57:58","slug":"mexico-soberano-presidenta-sheinbaum-conmemora-gesta-heroica-de-veracruz-y-reafirma-independencia-ante-eu","status":"publish","type":"post","link":"https:\/\/www.nexoinformativo.mx\/index.php\/2025\/04\/21\/mexico-soberano-presidenta-sheinbaum-conmemora-gesta-heroica-de-veracruz-y-reafirma-independencia-ante-eu\/","title":{"rendered":"M\u00e9xico soberano Presidenta Sheinbaum conmemora gesta heroica de Veracruz y reafirma independencia ante EU"},"content":{"rendered":"<p style=\"text-align: justify;\" data-sourcepos=\"11:1-11:341\">En el marco del 111 Aniversario de la Gesta Heroica del Puerto de Veracruz, la Presidenta Claudia Sheinbaum enfatiz\u00f3 con firmeza que M\u00e9xico es una naci\u00f3n libre, soberana e independiente que no es protectorado ni colonia de ning\u00fan pa\u00eds extranjero, en clara alusi\u00f3n a la relaci\u00f3n bilateral con Estados Unidos.<\/p>\n<\/p>\n<p>&nbsp;<\/p>\n<p style=\"text-align: justify;\" data-sourcepos=\"13:1-13:537\">Durante la Ceremonia de Jura de Bandera de 418 Cadetes de Primer A\u00f1o de la Heroica Escuela Naval Militar y del Centro de Estudios Navales en Ciencias de la Salud, en Ant\u00f3n Lizardo, Veracruz, la Presidenta recalc\u00f3 que la actuaci\u00f3n de M\u00e9xico se rige por los principios de soberan\u00eda y el inter\u00e9s supremo del pueblo y la naci\u00f3n.<\/p>\n<\/p>\n<p>&nbsp;<\/p>\n<p style=\"text-align: justify;\" data-sourcepos=\"13:1-13:537\">&#8220;Como lo pensaban y como lucharon nuestros pr\u00f3ceres, es menester siempre decirlo: \u2018No somos protectorado ni colonia de ning\u00fan pa\u00eds extranjero. \u00a1Somos un pa\u00eds libre, independiente y soberano!\u2019&#8221;, asever\u00f3.<\/p>\n<\/p>\n<p>&nbsp;<\/p>\n<p style=\"text-align: justify;\" data-sourcepos=\"15:1-15:476\">Sheinbaum destac\u00f3 que, a diferencia de la invasi\u00f3n estadounidense de 1914, M\u00e9xico vive hoy una relaci\u00f3n especial y distinta con Estados Unidos, basada en el di\u00e1logo para fortalecer a ambas naciones y garantizar mejores condiciones para los mexicanos, incluyendo los que residen en territorio estadounidense.<\/p>\n<\/p>\n<p>&nbsp;<\/p>\n<p style=\"text-align: justify;\" data-sourcepos=\"17:1-17:464\">La Presidenta resalt\u00f3 la importancia de preservar la alianza econ\u00f3mica en Norteam\u00e9rica, siendo M\u00e9xico el principal socio comercial de EU, para competir con otras regiones del mundo, siempre con respeto a la soberan\u00eda de cada naci\u00f3n.<\/p>\n<\/p>\n<p>&nbsp;<\/p>\n<p style=\"text-align: justify;\" data-sourcepos=\"17:1-17:464\">En materia de seguridad, antepuso la colaboraci\u00f3n sin subordinaci\u00f3n en el combate al tr\u00e1fico de drogas, particularmente el fentanilo, pero insisti\u00f3 en la necesidad de atender las causas de las adicciones y la violencia.<\/p>\n<\/p>\n<p>&nbsp;<\/p>\n<p style=\"text-align: justify;\" data-sourcepos=\"21:1-21:463\">Durante la ceremonia conmemorativa, la Presidenta realiz\u00f3 el pase de lista de h\u00e9roes de la Heroica Escuela Naval Militar y el Colegio Militar, presenci\u00f3 el Toque de Silencio y una salva de fusiler\u00eda en memoria de los h\u00e9roes de 1914 y 1847, y tom\u00f3 protesta a los nuevos cadetes.<\/p>\n<\/p>\n<p>&nbsp;<\/p>\n<p style=\"text-align: justify;\" data-sourcepos=\"21:1-21:463\">El secretario de Marina, almirante Raymundo Pedro Morales \u00c1ngeles, tambi\u00e9n rindi\u00f3 homenaje a la Gesta Heroica de Veracruz y al papel de la Armada en la defensa de la soberan\u00eda nacional.<\/p>\n<\/p>\n<p>&nbsp;<\/p>\n<p style=\"text-align: center;\" data-sourcepos=\"21:1-21:463\"><em><strong>\u00a1Informaci\u00f3n que transforma!<\/strong><\/em><\/p>\n","protected":false},"excerpt":{"rendered":"<p>En el marco del 111 Aniversario de la Gesta Heroica del Puerto de Veracruz, la Presidenta Claudia Sheinbaum enfatiz\u00f3 con firmeza que M\u00e9xico es una naci\u00f3n libre, soberana e independiente que no es protectorado ni colonia de ning\u00fan pa\u00eds extranjero, en clara alusi\u00f3n a la relaci\u00f3n bilateral con Estados Unidos.<\/p>\n","protected":false},"author":3,"featured_media":14355,"comment_status":"open","ping_status":"open","sticky":false,"template":"","format":"standard","meta":{"footnotes":""},"categories":[88,58],"tags":[4232,4231,4233,984],"class_list":["post-14354","post","type-post","status-publish","format-standard","has-post-thumbnail","hentry","category-nacional","category-ultima-hora","tag-gestaheroicaveracruz","tag-mexicosoberano","tag-relacionesmxeu","tag-sheinbaumpresidenta"],"yoast_head":"<!-- This site is optimized with the Yoast SEO plugin v25.0 - https:\/\/yoast.com\/wordpress\/plugins\/seo\/ -->\n<title>M\u00e9xico soberano Presidenta Sheinbaum conmemora gesta heroica de Veracruz y reafirma independencia ante EU | Nexo Informativo Santiago de Quer\u00e9taro<\/title>\n<meta name=\"description\" content=\"M\u00e9xico soberano Presidenta Sheinbaum conmemora gesta heroica de Veracruz y reafirma independencia ante EU\" \/>\n<meta name=\"robots\" content=\"index, follow, max-snippet:-1, max-image-preview:large, max-video-preview:-1\" \/>\n<link rel=\"canonical\" href=\"https:\/\/www.nexoinformativo.mx\/index.php\/2025\/04\/21\/mexico-soberano-presidenta-sheinbaum-conmemora-gesta-heroica-de-veracruz-y-reafirma-independencia-ante-eu\/\" \/>\n<meta property=\"og:locale\" content=\"es_MX\" \/>\n<meta property=\"og:type\" content=\"article\" \/>\n<meta property=\"og:title\" content=\"M\u00e9xico soberano Presidenta Sheinbaum conmemora gesta heroica de Veracruz y reafirma independencia ante EU | Nexo Informativo Santiago de Quer\u00e9taro\" \/>\n<meta property=\"og:description\" content=\"M\u00e9xico soberano Presidenta Sheinbaum conmemora gesta heroica de Veracruz y reafirma independencia ante EU\" \/>\n<meta property=\"og:url\" content=\"https:\/\/www.nexoinformativo.mx\/index.php\/2025\/04\/21\/mexico-soberano-presidenta-sheinbaum-conmemora-gesta-heroica-de-veracruz-y-reafirma-independencia-ante-eu\/\" \/>\n<meta property=\"og:site_name\" content=\"Nexo Informativo Santiago de Quer\u00e9taro\" \/>\n<meta property=\"article:publisher\" content=\"https:\/\/www.facebook.com\/people\/Nexo-Informativo\/61564066885511\/\" \/>\n<meta property=\"article:published_time\" content=\"2025-04-21T18:00:19+00:00\" \/>\n<meta property=\"article:modified_time\" content=\"2025-04-22T01:57:58+00:00\" \/>\n<meta property=\"og:image\" content=\"https:\/\/www.nexoinformativo.mx\/wp-content\/uploads\/2025\/04\/IMG_2387.jpg\" \/>\n\t<meta property=\"og:image:width\" content=\"650\" \/>\n\t<meta property=\"og:image:height\" content=\"380\" \/>\n\t<meta property=\"og:image:type\" content=\"image\/jpeg\" \/>\n<meta name=\"author\" content=\"Nexo Informativo\" \/>\n<meta name=\"twitter:card\" content=\"summary_large_image\" \/>\n<meta name=\"twitter:label1\" content=\"Escrito por\" \/>\n\t<meta name=\"twitter:data1\" content=\"Nexo Informativo\" \/>\n\t<meta name=\"twitter:label2\" content=\"Tiempo de lectura\" \/>\n\t<meta name=\"twitter:data2\" content=\"2 minutos\" \/>\n<script type=\"application\/ld+json\" class=\"yoast-schema-graph\">{\"@context\":\"https:\/\/schema.org\",\"@graph\":[{\"@type\":\"Article\",\"@id\":\"https:\/\/www.nexoinformativo.mx\/index.php\/2025\/04\/21\/mexico-soberano-presidenta-sheinbaum-conmemora-gesta-heroica-de-veracruz-y-reafirma-independencia-ante-eu\/#article\",\"isPartOf\":{\"@id\":\"https:\/\/www.nexoinformativo.mx\/index.php\/2025\/04\/21\/mexico-soberano-presidenta-sheinbaum-conmemora-gesta-heroica-de-veracruz-y-reafirma-independencia-ante-eu\/\"},\"author\":{\"name\":\"Nexo Informativo\",\"@id\":\"https:\/\/www.nexoinformativo.mx\/#\/schema\/person\/7749d380ba08c8ca00d7bc76fd907b7d\"},\"headline\":\"M\u00e9xico soberano Presidenta Sheinbaum conmemora gesta heroica de Veracruz y reafirma independencia ante EU\",\"datePublished\":\"2025-04-21T18:00:19+00:00\",\"dateModified\":\"2025-04-22T01:57:58+00:00\",\"mainEntityOfPage\":{\"@id\":\"https:\/\/www.nexoinformativo.mx\/index.php\/2025\/04\/21\/mexico-soberano-presidenta-sheinbaum-conmemora-gesta-heroica-de-veracruz-y-reafirma-independencia-ante-eu\/\"},\"wordCount\":388,\"commentCount\":0,\"publisher\":{\"@id\":\"https:\/\/www.nexoinformativo.mx\/#organization\"},\"image\":{\"@id\":\"https:\/\/www.nexoinformativo.mx\/index.php\/2025\/04\/21\/mexico-soberano-presidenta-sheinbaum-conmemora-gesta-heroica-de-veracruz-y-reafirma-independencia-ante-eu\/#primaryimage\"},\"thumbnailUrl\":\"https:\/\/www.nexoinformativo.mx\/wp-content\/uploads\/2025\/04\/IMG_2387.jpg\",\"keywords\":[\"GestaHeroicaVeracruz\",\"M\u00e9xicoSoberano\",\"RelacionesMxEU\",\"SheinbaumPresidenta\"],\"articleSection\":[\"Nacional\",\"\u00daltima Hora\"],\"inLanguage\":\"es\",\"potentialAction\":[{\"@type\":\"CommentAction\",\"name\":\"Comment\",\"target\":[\"https:\/\/www.nexoinformativo.mx\/index.php\/2025\/04\/21\/mexico-soberano-presidenta-sheinbaum-conmemora-gesta-heroica-de-veracruz-y-reafirma-independencia-ante-eu\/#respond\"]}]},{\"@type\":\"WebPage\",\"@id\":\"https:\/\/www.nexoinformativo.mx\/index.php\/2025\/04\/21\/mexico-soberano-presidenta-sheinbaum-conmemora-gesta-heroica-de-veracruz-y-reafirma-independencia-ante-eu\/\",\"url\":\"https:\/\/www.nexoinformativo.mx\/index.php\/2025\/04\/21\/mexico-soberano-presidenta-sheinbaum-conmemora-gesta-heroica-de-veracruz-y-reafirma-independencia-ante-eu\/\",\"name\":\"M\u00e9xico soberano Presidenta Sheinbaum conmemora gesta heroica de Veracruz y reafirma independencia ante EU | Nexo Informativo Santiago de Quer\u00e9taro\",\"isPartOf\":{\"@id\":\"https:\/\/www.nexoinformativo.mx\/#website\"},\"primaryImageOfPage\":{\"@id\":\"https:\/\/www.nexoinformativo.mx\/index.php\/2025\/04\/21\/mexico-soberano-presidenta-sheinbaum-conmemora-gesta-heroica-de-veracruz-y-reafirma-independencia-ante-eu\/#primaryimage\"},\"image\":{\"@id\":\"https:\/\/www.nexoinformativo.mx\/index.php\/2025\/04\/21\/mexico-soberano-presidenta-sheinbaum-conmemora-gesta-heroica-de-veracruz-y-reafirma-independencia-ante-eu\/#primaryimage\"},\"thumbnailUrl\":\"https:\/\/www.nexoinformativo.mx\/wp-content\/uploads\/2025\/04\/IMG_2387.jpg\",\"datePublished\":\"2025-04-21T18:00:19+00:00\",\"dateModified\":\"2025-04-22T01:57:58+00:00\",\"description\":\"M\u00e9xico soberano Presidenta Sheinbaum conmemora gesta heroica de Veracruz y reafirma independencia ante EU\",\"breadcrumb\":{\"@id\":\"https:\/\/www.nexoinformativo.mx\/index.php\/2025\/04\/21\/mexico-soberano-presidenta-sheinbaum-conmemora-gesta-heroica-de-veracruz-y-reafirma-independencia-ante-eu\/#breadcrumb\"},\"inLanguage\":\"es\",\"potentialAction\":[{\"@type\":\"ReadAction\",\"target\":[\"https:\/\/www.nexoinformativo.mx\/index.php\/2025\/04\/21\/mexico-soberano-presidenta-sheinbaum-conmemora-gesta-heroica-de-veracruz-y-reafirma-independencia-ante-eu\/\"]}]},{\"@type\":\"ImageObject\",\"inLanguage\":\"es\",\"@id\":\"https:\/\/www.nexoinformativo.mx\/index.php\/2025\/04\/21\/mexico-soberano-presidenta-sheinbaum-conmemora-gesta-heroica-de-veracruz-y-reafirma-independencia-ante-eu\/#primaryimage\",\"url\":\"https:\/\/www.nexoinformativo.mx\/wp-content\/uploads\/2025\/04\/IMG_2387.jpg\",\"contentUrl\":\"https:\/\/www.nexoinformativo.mx\/wp-content\/uploads\/2025\/04\/IMG_2387.jpg\",\"width\":650,\"height\":380},{\"@type\":\"BreadcrumbList\",\"@id\":\"https:\/\/www.nexoinformativo.mx\/index.php\/2025\/04\/21\/mexico-soberano-presidenta-sheinbaum-conmemora-gesta-heroica-de-veracruz-y-reafirma-independencia-ante-eu\/#breadcrumb\",\"itemListElement\":[{\"@type\":\"ListItem\",\"position\":1,\"name\":\"Inicio\",\"item\":\"https:\/\/www.nexoinformativo.mx\/\"},{\"@type\":\"ListItem\",\"position\":2,\"name\":\"M\u00e9xico soberano Presidenta Sheinbaum conmemora gesta heroica de Veracruz y reafirma independencia ante EU\"}]},{\"@type\":\"WebSite\",\"@id\":\"https:\/\/www.nexoinformativo.mx\/#website\",\"url\":\"https:\/\/www.nexoinformativo.mx\/\",\"name\":\"Nexo Informativo Santiago de Quer\u00e9taro\",\"description\":\"Explora NexoInformativo y convi\u00e9rtete en parte de una comunidad que valora el conocimiento y la verdad. Tu nexoinformativo es tu puente hacia una comprensi\u00f3n m\u00e1s profunda del mundo que te rodea.\",\"publisher\":{\"@id\":\"https:\/\/www.nexoinformativo.mx\/#organization\"},\"potentialAction\":[{\"@type\":\"SearchAction\",\"target\":{\"@type\":\"EntryPoint\",\"urlTemplate\":\"https:\/\/www.nexoinformativo.mx\/?s={search_term_string}\"},\"query-input\":{\"@type\":\"PropertyValueSpecification\",\"valueRequired\":true,\"valueName\":\"search_term_string\"}}],\"inLanguage\":\"es\"},{\"@type\":\"Organization\",\"@id\":\"https:\/\/www.nexoinformativo.mx\/#organization\",\"name\":\"Nexo Informativo Santiago de Quer\u00e9taro\",\"url\":\"https:\/\/www.nexoinformativo.mx\/\",\"logo\":{\"@type\":\"ImageObject\",\"inLanguage\":\"es\",\"@id\":\"https:\/\/www.nexoinformativo.mx\/#\/schema\/logo\/image\/\",\"url\":\"https:\/\/www.nexoinformativo.mx\/wp-content\/uploads\/2024\/07\/nexoi-trasparente-2.png\",\"contentUrl\":\"https:\/\/www.nexoinformativo.mx\/wp-content\/uploads\/2024\/07\/nexoi-trasparente-2.png\",\"width\":816,\"height\":339,\"caption\":\"Nexo Informativo Santiago de Quer\u00e9taro\"},\"image\":{\"@id\":\"https:\/\/www.nexoinformativo.mx\/#\/schema\/logo\/image\/\"},\"sameAs\":[\"https:\/\/www.facebook.com\/people\/Nexo-Informativo\/61564066885511\/\"]},{\"@type\":\"Person\",\"@id\":\"https:\/\/www.nexoinformativo.mx\/#\/schema\/person\/7749d380ba08c8ca00d7bc76fd907b7d\",\"name\":\"Nexo Informativo\",\"image\":{\"@type\":\"ImageObject\",\"inLanguage\":\"es\",\"@id\":\"https:\/\/www.nexoinformativo.mx\/#\/schema\/person\/image\/\",\"url\":\"https:\/\/secure.gravatar.com\/avatar\/dde2928154642a13d95f87ddf1ea9718fe2b46760a005c53e41ff5ad610704e6?s=96&d=mm&r=g\",\"contentUrl\":\"https:\/\/secure.gravatar.com\/avatar\/dde2928154642a13d95f87ddf1ea9718fe2b46760a005c53e41ff5ad610704e6?s=96&d=mm&r=g\",\"caption\":\"Nexo Informativo\"},\"url\":\"https:\/\/www.nexoinformativo.mx\/index.php\/author\/edicion\/\"}]}<\/script>\n<!-- \/ Yoast SEO plugin. -->","yoast_head_json":{"title":"M\u00e9xico soberano Presidenta Sheinbaum conmemora gesta heroica de Veracruz y reafirma independencia ante EU | Nexo Informativo Santiago de Quer\u00e9taro","description":"M\u00e9xico soberano Presidenta Sheinbaum conmemora gesta heroica de Veracruz y reafirma independencia ante EU","robots":{"index":"index","follow":"follow","max-snippet":"max-snippet:-1","max-image-preview":"max-image-preview:large","max-video-preview":"max-video-preview:-1"},"canonical":"https:\/\/www.nexoinformativo.mx\/index.php\/2025\/04\/21\/mexico-soberano-presidenta-sheinbaum-conmemora-gesta-heroica-de-veracruz-y-reafirma-independencia-ante-eu\/","og_locale":"es_MX","og_type":"article","og_title":"M\u00e9xico soberano Presidenta Sheinbaum conmemora gesta heroica de Veracruz y reafirma independencia ante EU | Nexo Informativo Santiago de Quer\u00e9taro","og_description":"M\u00e9xico soberano Presidenta Sheinbaum conmemora gesta heroica de Veracruz y reafirma independencia ante EU","og_url":"https:\/\/www.nexoinformativo.mx\/index.php\/2025\/04\/21\/mexico-soberano-presidenta-sheinbaum-conmemora-gesta-heroica-de-veracruz-y-reafirma-independencia-ante-eu\/","og_site_name":"Nexo Informativo Santiago de Quer\u00e9taro","article_publisher":"https:\/\/www.facebook.com\/people\/Nexo-Informativo\/61564066885511\/","article_published_time":"2025-04-21T18:00:19+00:00","article_modified_time":"2025-04-22T01:57:58+00:00","og_image":[{"width":650,"height":380,"url":"https:\/\/www.nexoinformativo.mx\/wp-content\/uploads\/2025\/04\/IMG_2387.jpg","type":"image\/jpeg"}],"author":"Nexo Informativo","twitter_card":"summary_large_image","twitter_misc":{"Escrito por":"Nexo Informativo","Tiempo de lectura":"2 minutos"},"schema":{"@context":"https:\/\/schema.org","@graph":[{"@type":"Article","@id":"https:\/\/www.nexoinformativo.mx\/index.php\/2025\/04\/21\/mexico-soberano-presidenta-sheinbaum-conmemora-gesta-heroica-de-veracruz-y-reafirma-independencia-ante-eu\/#article","isPartOf":{"@id":"https:\/\/www.nexoinformativo.mx\/index.php\/2025\/04\/21\/mexico-soberano-presidenta-sheinbaum-conmemora-gesta-heroica-de-veracruz-y-reafirma-independencia-ante-eu\/"},"author":{"name":"Nexo Informativo","@id":"https:\/\/www.nexoinformativo.mx\/#\/schema\/person\/7749d380ba08c8ca00d7bc76fd907b7d"},"headline":"M\u00e9xico soberano Presidenta Sheinbaum conmemora gesta heroica de Veracruz y reafirma independencia ante EU","datePublished":"2025-04-21T18:00:19+00:00","dateModified":"2025-04-22T01:57:58+00:00","mainEntityOfPage":{"@id":"https:\/\/www.nexoinformativo.mx\/index.php\/2025\/04\/21\/mexico-soberano-presidenta-sheinbaum-conmemora-gesta-heroica-de-veracruz-y-reafirma-independencia-ante-eu\/"},"wordCount":388,"commentCount":0,"publisher":{"@id":"https:\/\/www.nexoinformativo.mx\/#organization"},"image":{"@id":"https:\/\/www.nexoinformativo.mx\/index.php\/2025\/04\/21\/mexico-soberano-presidenta-sheinbaum-conmemora-gesta-heroica-de-veracruz-y-reafirma-independencia-ante-eu\/#primaryimage"},"thumbnailUrl":"https:\/\/www.nexoinformativo.mx\/wp-content\/uploads\/2025\/04\/IMG_2387.jpg","keywords":["GestaHeroicaVeracruz","M\u00e9xicoSoberano","RelacionesMxEU","SheinbaumPresidenta"],"articleSection":["Nacional","\u00daltima Hora"],"inLanguage":"es","potentialAction":[{"@type":"CommentAction","name":"Comment","target":["https:\/\/www.nexoinformativo.mx\/index.php\/2025\/04\/21\/mexico-soberano-presidenta-sheinbaum-conmemora-gesta-heroica-de-veracruz-y-reafirma-independencia-ante-eu\/#respond"]}]},{"@type":"WebPage","@id":"https:\/\/www.nexoinformativo.mx\/index.php\/2025\/04\/21\/mexico-soberano-presidenta-sheinbaum-conmemora-gesta-heroica-de-veracruz-y-reafirma-independencia-ante-eu\/","url":"https:\/\/www.nexoinformativo.mx\/index.php\/2025\/04\/21\/mexico-soberano-presidenta-sheinbaum-conmemora-gesta-heroica-de-veracruz-y-reafirma-independencia-ante-eu\/","name":"M\u00e9xico soberano Presidenta Sheinbaum conmemora gesta heroica de Veracruz y reafirma independencia ante EU | Nexo Informativo Santiago de Quer\u00e9taro","isPartOf":{"@id":"https:\/\/www.nexoinformativo.mx\/#website"},"primaryImageOfPage":{"@id":"https:\/\/www.nexoinformativo.mx\/index.php\/2025\/04\/21\/mexico-soberano-presidenta-sheinbaum-conmemora-gesta-heroica-de-veracruz-y-reafirma-independencia-ante-eu\/#primaryimage"},"image":{"@id":"https:\/\/www.nexoinformativo.mx\/index.php\/2025\/04\/21\/mexico-soberano-presidenta-sheinbaum-conmemora-gesta-heroica-de-veracruz-y-reafirma-independencia-ante-eu\/#primaryimage"},"thumbnailUrl":"https:\/\/www.nexoinformativo.mx\/wp-content\/uploads\/2025\/04\/IMG_2387.jpg","datePublished":"2025-04-21T18:00:19+00:00","dateModified":"2025-04-22T01:57:58+00:00","description":"M\u00e9xico soberano Presidenta Sheinbaum conmemora gesta heroica de Veracruz y reafirma independencia ante EU","breadcrumb":{"@id":"https:\/\/www.nexoinformativo.mx\/index.php\/2025\/04\/21\/mexico-soberano-presidenta-sheinbaum-conmemora-gesta-heroica-de-veracruz-y-reafirma-independencia-ante-eu\/#breadcrumb"},"inLanguage":"es","potentialAction":[{"@type":"ReadAction","target":["https:\/\/www.nexoinformativo.mx\/index.php\/2025\/04\/21\/mexico-soberano-presidenta-sheinbaum-conmemora-gesta-heroica-de-veracruz-y-reafirma-independencia-ante-eu\/"]}]},{"@type":"ImageObject","inLanguage":"es","@id":"https:\/\/www.nexoinformativo.mx\/index.php\/2025\/04\/21\/mexico-soberano-presidenta-sheinbaum-conmemora-gesta-heroica-de-veracruz-y-reafirma-independencia-ante-eu\/#primaryimage","url":"https:\/\/www.nexoinformativo.mx\/wp-content\/uploads\/2025\/04\/IMG_2387.jpg","contentUrl":"https:\/\/www.nexoinformativo.mx\/wp-content\/uploads\/2025\/04\/IMG_2387.jpg","width":650,"height":380},{"@type":"BreadcrumbList","@id":"https:\/\/www.nexoinformativo.mx\/index.php\/2025\/04\/21\/mexico-soberano-presidenta-sheinbaum-conmemora-gesta-heroica-de-veracruz-y-reafirma-independencia-ante-eu\/#breadcrumb","itemListElement":[{"@type":"ListItem","position":1,"name":"Inicio","item":"https:\/\/www.nexoinformativo.mx\/"},{"@type":"ListItem","position":2,"name":"M\u00e9xico soberano Presidenta Sheinbaum conmemora gesta heroica de Veracruz y reafirma independencia ante EU"}]},{"@type":"WebSite","@id":"https:\/\/www.nexoinformativo.mx\/#website","url":"https:\/\/www.nexoinformativo.mx\/","name":"Nexo Informativo Santiago de Quer\u00e9taro","description":"Explora NexoInformativo y convi\u00e9rtete en parte de una comunidad que valora el conocimiento y la verdad. Tu nexoinformativo es tu puente hacia una comprensi\u00f3n m\u00e1s profunda del mundo que te rodea.","publisher":{"@id":"https:\/\/www.nexoinformativo.mx\/#organization"},"potentialAction":[{"@type":"SearchAction","target":{"@type":"EntryPoint","urlTemplate":"https:\/\/www.nexoinformativo.mx\/?s={search_term_string}"},"query-input":{"@type":"PropertyValueSpecification","valueRequired":true,"valueName":"search_term_string"}}],"inLanguage":"es"},{"@type":"Organization","@id":"https:\/\/www.nexoinformativo.mx\/#organization","name":"Nexo Informativo Santiago de Quer\u00e9taro","url":"https:\/\/www.nexoinformativo.mx\/","logo":{"@type":"ImageObject","inLanguage":"es","@id":"https:\/\/www.nexoinformativo.mx\/#\/schema\/logo\/image\/","url":"https:\/\/www.nexoinformativo.mx\/wp-content\/uploads\/2024\/07\/nexoi-trasparente-2.png","contentUrl":"https:\/\/www.nexoinformativo.mx\/wp-content\/uploads\/2024\/07\/nexoi-trasparente-2.png","width":816,"height":339,"caption":"Nexo Informativo Santiago de Quer\u00e9taro"},"image":{"@id":"https:\/\/www.nexoinformativo.mx\/#\/schema\/logo\/image\/"},"sameAs":["https:\/\/www.facebook.com\/people\/Nexo-Informativo\/61564066885511\/"]},{"@type":"Person","@id":"https:\/\/www.nexoinformativo.mx\/#\/schema\/person\/7749d380ba08c8ca00d7bc76fd907b7d","name":"Nexo Informativo","image":{"@type":"ImageObject","inLanguage":"es","@id":"https:\/\/www.nexoinformativo.mx\/#\/schema\/person\/image\/","url":"https:\/\/secure.gravatar.com\/avatar\/dde2928154642a13d95f87ddf1ea9718fe2b46760a005c53e41ff5ad610704e6?s=96&d=mm&r=g","contentUrl":"https:\/\/secure.gravatar.com\/avatar\/dde2928154642a13d95f87ddf1ea9718fe2b46760a005c53e41ff5ad610704e6?s=96&d=mm&r=g","caption":"Nexo Informativo"},"url":"https:\/\/www.nexoinformativo.mx\/index.php\/author\/edicion\/"}]}},"_links":{"self":[{"href":"https:\/\/www.nexoinformativo.mx\/index.php\/wp-json\/wp\/v2\/posts\/14354","targetHints":{"allow":["GET"]}}],"collection":[{"href":"https:\/\/www.nexoinformativo.mx\/index.php\/wp-json\/wp\/v2\/posts"}],"about":[{"href":"https:\/\/www.nexoinformativo.mx\/index.php\/wp-json\/wp\/v2\/types\/post"}],"author":[{"embeddable":true,"href":"https:\/\/www.nexoinformativo.mx\/index.php\/wp-json\/wp\/v2\/users\/3"}],"replies":[{"embeddable":true,"href":"https:\/\/www.nexoinformativo.mx\/index.php\/wp-json\/wp\/v2\/comments?post=14354"}],"version-history":[{"count":4,"href":"https:\/\/www.nexoinformativo.mx\/index.php\/wp-json\/wp\/v2\/posts\/14354\/revisions"}],"predecessor-version":[{"id":14359,"href":"https:\/\/www.nexoinformativo.mx\/index.php\/wp-json\/wp\/v2\/posts\/14354\/revisions\/14359"}],"wp:featuredmedia":[{"embeddable":true,"href":"https:\/\/www.nexoinformativo.mx\/index.php\/wp-json\/wp\/v2\/media\/14355"}],"wp:attachment":[{"href":"https:\/\/www.nexoinformativo.mx\/index.php\/wp-json\/wp\/v2\/media?parent=14354"}],"wp:term":[{"taxonomy":"category","embeddable":true,"href":"https:\/\/www.nexoinformativo.mx\/index.php\/wp-json\/wp\/v2\/categories?post=14354"},{"taxonomy":"post_tag","embeddable":true,"href":"https:\/\/www.nexoinformativo.mx\/index.php\/wp-json\/wp\/v2\/tags?post=14354"}],"curies":[{"name":"wp","href":"https:\/\/api.w.org\/{rel}","templated":true}]}}