{"id":14366,"date":"2025-04-21T14:00:46","date_gmt":"2025-04-21T20:00:46","guid":{"rendered":"https:\/\/www.nexoinformativo.mx\/?p=14366"},"modified":"2025-04-21T21:59:50","modified_gmt":"2025-04-22T03:59:50","slug":"la-salud-primero-sep-avanza-en-la-prohibicion-de-comida-chatarra-y-refrescos-en-planteles-del-pais","status":"publish","type":"post","link":"https:\/\/www.nexoinformativo.mx\/index.php\/2025\/04\/21\/la-salud-primero-sep-avanza-en-la-prohibicion-de-comida-chatarra-y-refrescos-en-planteles-del-pais\/","title":{"rendered":"La salud primero SEP avanza en la prohibici\u00f3n de comida chatarra y refrescos en planteles del Pa\u00eds"},"content":{"rendered":"<p style=\"text-align: justify;\" data-sourcepos=\"11:1-11:517\">El secretario de Educaci\u00f3n P\u00fablica, Mario Delgado, reafirm\u00f3 la postura inquebrantable de la SEP en la erradicaci\u00f3n de la comida chatarra al interior de las escuelas del pa\u00eds.<\/p>\n<\/p>\n<p>&nbsp;<\/p>\n<p style=\"text-align: justify;\" data-sourcepos=\"11:1-11:517\">Asegur\u00f3 que no habr\u00e1<strong> &#8220;ni un paso atr\u00e1s&#8221;<\/strong> en estas acciones, respaldado por la Ley General de Educaci\u00f3n y los lineamientos establecidos conjuntamente con la Secretar\u00eda de Salud el pasado 30 de septiembre, que proh\u00edben la venta de productos ultraprocesados, refrescos y bebidas azucaradas en los planteles.<\/p>\n<\/p>\n<p>&nbsp;<\/p>\n<p style=\"text-align: justify;\" data-sourcepos=\"13:1-13:553\">Adem\u00e1s, destac\u00f3 que la Nueva Escuela Mexicana (NEM), a trav\u00e9s de su eje articulador Vida saludable, tiene como objetivo fundamental formar una nueva cultura alimenticia entre ni\u00f1os, j\u00f3venes y adolescentes, apostando por la educaci\u00f3n para crear una generaci\u00f3n de mexicanos m\u00e1s fuerte, saludable y feliz. En esta tarea, el secretario reconoci\u00f3 el papel clave de maestros, directores y padres de familia como aliados fundamentales.<\/p>\n<\/p>\n<p>&nbsp;<\/p>\n<p style=\"text-align: justify;\" data-sourcepos=\"15:1-15:510\">El titular de la SEP inform\u00f3 que, durante el mes de abril, cerca de un mill\u00f3n de personas se han capacitado sobre qu\u00e9 alimentos se pueden y no se pueden vender en las escuelas a trav\u00e9s de talleres presenciales y en l\u00ednea, impartidos por la Direcci\u00f3n General @prende.mx de la SEP.<\/p>\n<\/p>\n<p>&nbsp;<\/p>\n<p style=\"text-align: justify;\" data-sourcepos=\"15:1-15:510\">&#8220;Vamos a llegar en breve a un mill\u00f3n de capacitaciones, lo cual revela que hay un genuino inter\u00e9s de todo el sistema educativo por fortalecer la estrategia de vida saludable del gobierno de M\u00e9xico&#8221;, expres\u00f3 Mario Delgado Carrillo.<\/p>\n<\/p>\n<p>&nbsp;<\/p>\n<p style=\"text-align: justify;\" data-sourcepos=\"17:1-17:310\">El secretario subray\u00f3 que el objetivo es consolidar una nueva cultura de alimentaci\u00f3n saludable a partir de la educaci\u00f3n, asegurando que, a diferencia de intentos anteriores, esta vez la erradicaci\u00f3n de la comida chatarra de las escuelas ser\u00e1 definitiva, priorizando la salud y el bienestar de los estudiantes.<\/p>\n<\/p>\n<p>&nbsp;<\/p>\n<p style=\"text-align: center;\" data-sourcepos=\"17:1-17:310\"><em><strong>\u00a1Informaci\u00f3n que transforma!<\/strong><\/em><\/p>\n","protected":false},"excerpt":{"rendered":"<p>El secretario de Educaci\u00f3n P\u00fablica, Mario Delgado, reafirm\u00f3 la postura inquebrantable de la SEP en la erradicaci\u00f3n de la comida chatarra al interior de las escuelas del pa\u00eds.<\/p>\n","protected":false},"author":3,"featured_media":14367,"comment_status":"open","ping_status":"open","sticky":false,"template":"","format":"standard","meta":{"footnotes":""},"categories":[88,58],"tags":[2536,4234,1567,4114],"class_list":["post-14366","post","type-post","status-publish","format-standard","has-post-thumbnail","hentry","category-nacional","category-ultima-hora","tag-escuelassaludables","tag-nocomidachatarra","tag-nuevaescuelamexicana","tag-vidasaludablesep"],"yoast_head":"<!-- This site is optimized with the Yoast SEO plugin v25.0 - https:\/\/yoast.com\/wordpress\/plugins\/seo\/ -->\n<title>La salud primero SEP avanza en la prohibici\u00f3n de comida chatarra y refrescos en planteles del Pa\u00eds | Nexo Informativo Santiago de Quer\u00e9taro<\/title>\n<meta name=\"robots\" content=\"index, follow, max-snippet:-1, max-image-preview:large, max-video-preview:-1\" \/>\n<link rel=\"canonical\" href=\"https:\/\/www.nexoinformativo.mx\/index.php\/2025\/04\/21\/la-salud-primero-sep-avanza-en-la-prohibicion-de-comida-chatarra-y-refrescos-en-planteles-del-pais\/\" \/>\n<meta property=\"og:locale\" content=\"es_MX\" \/>\n<meta property=\"og:type\" content=\"article\" \/>\n<meta property=\"og:title\" content=\"La salud primero SEP avanza en la prohibici\u00f3n de comida chatarra y refrescos en planteles del Pa\u00eds | Nexo Informativo Santiago de Quer\u00e9taro\" \/>\n<meta property=\"og:description\" content=\"El secretario de Educaci\u00f3n P\u00fablica, Mario Delgado, reafirm\u00f3 la postura inquebrantable de la SEP en la erradicaci\u00f3n de la comida chatarra al interior de las escuelas del pa\u00eds.\" \/>\n<meta property=\"og:url\" content=\"https:\/\/www.nexoinformativo.mx\/index.php\/2025\/04\/21\/la-salud-primero-sep-avanza-en-la-prohibicion-de-comida-chatarra-y-refrescos-en-planteles-del-pais\/\" \/>\n<meta property=\"og:site_name\" content=\"Nexo Informativo Santiago de Quer\u00e9taro\" \/>\n<meta property=\"article:publisher\" content=\"https:\/\/www.facebook.com\/people\/Nexo-Informativo\/61564066885511\/\" \/>\n<meta property=\"article:published_time\" content=\"2025-04-21T20:00:46+00:00\" \/>\n<meta property=\"article:modified_time\" content=\"2025-04-22T03:59:50+00:00\" \/>\n<meta property=\"og:image\" content=\"https:\/\/www.nexoinformativo.mx\/wp-content\/uploads\/2025\/04\/IMG_2389.jpg\" \/>\n\t<meta property=\"og:image:width\" content=\"650\" \/>\n\t<meta property=\"og:image:height\" content=\"380\" \/>\n\t<meta property=\"og:image:type\" content=\"image\/jpeg\" \/>\n<meta name=\"author\" content=\"Nexo Informativo\" \/>\n<meta name=\"twitter:card\" content=\"summary_large_image\" \/>\n<meta name=\"twitter:label1\" content=\"Escrito por\" \/>\n\t<meta name=\"twitter:data1\" content=\"Nexo Informativo\" \/>\n\t<meta name=\"twitter:label2\" content=\"Tiempo de lectura\" \/>\n\t<meta name=\"twitter:data2\" content=\"2 minutos\" \/>\n<script type=\"application\/ld+json\" class=\"yoast-schema-graph\">{\"@context\":\"https:\/\/schema.org\",\"@graph\":[{\"@type\":\"Article\",\"@id\":\"https:\/\/www.nexoinformativo.mx\/index.php\/2025\/04\/21\/la-salud-primero-sep-avanza-en-la-prohibicion-de-comida-chatarra-y-refrescos-en-planteles-del-pais\/#article\",\"isPartOf\":{\"@id\":\"https:\/\/www.nexoinformativo.mx\/index.php\/2025\/04\/21\/la-salud-primero-sep-avanza-en-la-prohibicion-de-comida-chatarra-y-refrescos-en-planteles-del-pais\/\"},\"author\":{\"name\":\"Nexo Informativo\",\"@id\":\"https:\/\/www.nexoinformativo.mx\/#\/schema\/person\/7749d380ba08c8ca00d7bc76fd907b7d\"},\"headline\":\"La salud primero SEP avanza en la prohibici\u00f3n de comida chatarra y refrescos en planteles del Pa\u00eds\",\"datePublished\":\"2025-04-21T20:00:46+00:00\",\"dateModified\":\"2025-04-22T03:59:50+00:00\",\"mainEntityOfPage\":{\"@id\":\"https:\/\/www.nexoinformativo.mx\/index.php\/2025\/04\/21\/la-salud-primero-sep-avanza-en-la-prohibicion-de-comida-chatarra-y-refrescos-en-planteles-del-pais\/\"},\"wordCount\":330,\"commentCount\":0,\"publisher\":{\"@id\":\"https:\/\/www.nexoinformativo.mx\/#organization\"},\"image\":{\"@id\":\"https:\/\/www.nexoinformativo.mx\/index.php\/2025\/04\/21\/la-salud-primero-sep-avanza-en-la-prohibicion-de-comida-chatarra-y-refrescos-en-planteles-del-pais\/#primaryimage\"},\"thumbnailUrl\":\"https:\/\/www.nexoinformativo.mx\/wp-content\/uploads\/2025\/04\/IMG_2389.jpg\",\"keywords\":[\"EscuelasSaludables\",\"NoComidaChatarra\",\"NuevaEscuelaMexicana\",\"VidaSaludableSEP\"],\"articleSection\":[\"Nacional\",\"\u00daltima Hora\"],\"inLanguage\":\"es\",\"potentialAction\":[{\"@type\":\"CommentAction\",\"name\":\"Comment\",\"target\":[\"https:\/\/www.nexoinformativo.mx\/index.php\/2025\/04\/21\/la-salud-primero-sep-avanza-en-la-prohibicion-de-comida-chatarra-y-refrescos-en-planteles-del-pais\/#respond\"]}]},{\"@type\":\"WebPage\",\"@id\":\"https:\/\/www.nexoinformativo.mx\/index.php\/2025\/04\/21\/la-salud-primero-sep-avanza-en-la-prohibicion-de-comida-chatarra-y-refrescos-en-planteles-del-pais\/\",\"url\":\"https:\/\/www.nexoinformativo.mx\/index.php\/2025\/04\/21\/la-salud-primero-sep-avanza-en-la-prohibicion-de-comida-chatarra-y-refrescos-en-planteles-del-pais\/\",\"name\":\"La salud primero SEP avanza en la prohibici\u00f3n de comida chatarra y refrescos en planteles del Pa\u00eds | Nexo Informativo Santiago de Quer\u00e9taro\",\"isPartOf\":{\"@id\":\"https:\/\/www.nexoinformativo.mx\/#website\"},\"primaryImageOfPage\":{\"@id\":\"https:\/\/www.nexoinformativo.mx\/index.php\/2025\/04\/21\/la-salud-primero-sep-avanza-en-la-prohibicion-de-comida-chatarra-y-refrescos-en-planteles-del-pais\/#primaryimage\"},\"image\":{\"@id\":\"https:\/\/www.nexoinformativo.mx\/index.php\/2025\/04\/21\/la-salud-primero-sep-avanza-en-la-prohibicion-de-comida-chatarra-y-refrescos-en-planteles-del-pais\/#primaryimage\"},\"thumbnailUrl\":\"https:\/\/www.nexoinformativo.mx\/wp-content\/uploads\/2025\/04\/IMG_2389.jpg\",\"datePublished\":\"2025-04-21T20:00:46+00:00\",\"dateModified\":\"2025-04-22T03:59:50+00:00\",\"breadcrumb\":{\"@id\":\"https:\/\/www.nexoinformativo.mx\/index.php\/2025\/04\/21\/la-salud-primero-sep-avanza-en-la-prohibicion-de-comida-chatarra-y-refrescos-en-planteles-del-pais\/#breadcrumb\"},\"inLanguage\":\"es\",\"potentialAction\":[{\"@type\":\"ReadAction\",\"target\":[\"https:\/\/www.nexoinformativo.mx\/index.php\/2025\/04\/21\/la-salud-primero-sep-avanza-en-la-prohibicion-de-comida-chatarra-y-refrescos-en-planteles-del-pais\/\"]}]},{\"@type\":\"ImageObject\",\"inLanguage\":\"es\",\"@id\":\"https:\/\/www.nexoinformativo.mx\/index.php\/2025\/04\/21\/la-salud-primero-sep-avanza-en-la-prohibicion-de-comida-chatarra-y-refrescos-en-planteles-del-pais\/#primaryimage\",\"url\":\"https:\/\/www.nexoinformativo.mx\/wp-content\/uploads\/2025\/04\/IMG_2389.jpg\",\"contentUrl\":\"https:\/\/www.nexoinformativo.mx\/wp-content\/uploads\/2025\/04\/IMG_2389.jpg\",\"width\":650,\"height\":380},{\"@type\":\"BreadcrumbList\",\"@id\":\"https:\/\/www.nexoinformativo.mx\/index.php\/2025\/04\/21\/la-salud-primero-sep-avanza-en-la-prohibicion-de-comida-chatarra-y-refrescos-en-planteles-del-pais\/#breadcrumb\",\"itemListElement\":[{\"@type\":\"ListItem\",\"position\":1,\"name\":\"Inicio\",\"item\":\"https:\/\/www.nexoinformativo.mx\/\"},{\"@type\":\"ListItem\",\"position\":2,\"name\":\"La salud primero SEP avanza en la prohibici\u00f3n de comida chatarra y refrescos en planteles del Pa\u00eds\"}]},{\"@type\":\"WebSite\",\"@id\":\"https:\/\/www.nexoinformativo.mx\/#website\",\"url\":\"https:\/\/www.nexoinformativo.mx\/\",\"name\":\"Nexo Informativo Santiago de Quer\u00e9taro\",\"description\":\"Explora NexoInformativo y convi\u00e9rtete en parte de una comunidad que valora el conocimiento y la verdad. Tu nexoinformativo es tu puente hacia una comprensi\u00f3n m\u00e1s profunda del mundo que te rodea.\",\"publisher\":{\"@id\":\"https:\/\/www.nexoinformativo.mx\/#organization\"},\"potentialAction\":[{\"@type\":\"SearchAction\",\"target\":{\"@type\":\"EntryPoint\",\"urlTemplate\":\"https:\/\/www.nexoinformativo.mx\/?s={search_term_string}\"},\"query-input\":{\"@type\":\"PropertyValueSpecification\",\"valueRequired\":true,\"valueName\":\"search_term_string\"}}],\"inLanguage\":\"es\"},{\"@type\":\"Organization\",\"@id\":\"https:\/\/www.nexoinformativo.mx\/#organization\",\"name\":\"Nexo Informativo Santiago de Quer\u00e9taro\",\"url\":\"https:\/\/www.nexoinformativo.mx\/\",\"logo\":{\"@type\":\"ImageObject\",\"inLanguage\":\"es\",\"@id\":\"https:\/\/www.nexoinformativo.mx\/#\/schema\/logo\/image\/\",\"url\":\"https:\/\/www.nexoinformativo.mx\/wp-content\/uploads\/2024\/07\/nexoi-trasparente-2.png\",\"contentUrl\":\"https:\/\/www.nexoinformativo.mx\/wp-content\/uploads\/2024\/07\/nexoi-trasparente-2.png\",\"width\":816,\"height\":339,\"caption\":\"Nexo Informativo Santiago de Quer\u00e9taro\"},\"image\":{\"@id\":\"https:\/\/www.nexoinformativo.mx\/#\/schema\/logo\/image\/\"},\"sameAs\":[\"https:\/\/www.facebook.com\/people\/Nexo-Informativo\/61564066885511\/\"]},{\"@type\":\"Person\",\"@id\":\"https:\/\/www.nexoinformativo.mx\/#\/schema\/person\/7749d380ba08c8ca00d7bc76fd907b7d\",\"name\":\"Nexo Informativo\",\"image\":{\"@type\":\"ImageObject\",\"inLanguage\":\"es\",\"@id\":\"https:\/\/www.nexoinformativo.mx\/#\/schema\/person\/image\/\",\"url\":\"https:\/\/secure.gravatar.com\/avatar\/dde2928154642a13d95f87ddf1ea9718fe2b46760a005c53e41ff5ad610704e6?s=96&d=mm&r=g\",\"contentUrl\":\"https:\/\/secure.gravatar.com\/avatar\/dde2928154642a13d95f87ddf1ea9718fe2b46760a005c53e41ff5ad610704e6?s=96&d=mm&r=g\",\"caption\":\"Nexo Informativo\"},\"url\":\"https:\/\/www.nexoinformativo.mx\/index.php\/author\/edicion\/\"}]}<\/script>\n<!-- \/ Yoast SEO plugin. -->","yoast_head_json":{"title":"La salud primero SEP avanza en la prohibici\u00f3n de comida chatarra y refrescos en planteles del Pa\u00eds | Nexo Informativo Santiago de Quer\u00e9taro","robots":{"index":"index","follow":"follow","max-snippet":"max-snippet:-1","max-image-preview":"max-image-preview:large","max-video-preview":"max-video-preview:-1"},"canonical":"https:\/\/www.nexoinformativo.mx\/index.php\/2025\/04\/21\/la-salud-primero-sep-avanza-en-la-prohibicion-de-comida-chatarra-y-refrescos-en-planteles-del-pais\/","og_locale":"es_MX","og_type":"article","og_title":"La salud primero SEP avanza en la prohibici\u00f3n de comida chatarra y refrescos en planteles del Pa\u00eds | Nexo Informativo Santiago de Quer\u00e9taro","og_description":"El secretario de Educaci\u00f3n P\u00fablica, Mario Delgado, reafirm\u00f3 la postura inquebrantable de la SEP en la erradicaci\u00f3n de la comida chatarra al interior de las escuelas del pa\u00eds.","og_url":"https:\/\/www.nexoinformativo.mx\/index.php\/2025\/04\/21\/la-salud-primero-sep-avanza-en-la-prohibicion-de-comida-chatarra-y-refrescos-en-planteles-del-pais\/","og_site_name":"Nexo Informativo Santiago de Quer\u00e9taro","article_publisher":"https:\/\/www.facebook.com\/people\/Nexo-Informativo\/61564066885511\/","article_published_time":"2025-04-21T20:00:46+00:00","article_modified_time":"2025-04-22T03:59:50+00:00","og_image":[{"width":650,"height":380,"url":"https:\/\/www.nexoinformativo.mx\/wp-content\/uploads\/2025\/04\/IMG_2389.jpg","type":"image\/jpeg"}],"author":"Nexo Informativo","twitter_card":"summary_large_image","twitter_misc":{"Escrito por":"Nexo Informativo","Tiempo de lectura":"2 minutos"},"schema":{"@context":"https:\/\/schema.org","@graph":[{"@type":"Article","@id":"https:\/\/www.nexoinformativo.mx\/index.php\/2025\/04\/21\/la-salud-primero-sep-avanza-en-la-prohibicion-de-comida-chatarra-y-refrescos-en-planteles-del-pais\/#article","isPartOf":{"@id":"https:\/\/www.nexoinformativo.mx\/index.php\/2025\/04\/21\/la-salud-primero-sep-avanza-en-la-prohibicion-de-comida-chatarra-y-refrescos-en-planteles-del-pais\/"},"author":{"name":"Nexo Informativo","@id":"https:\/\/www.nexoinformativo.mx\/#\/schema\/person\/7749d380ba08c8ca00d7bc76fd907b7d"},"headline":"La salud primero SEP avanza en la prohibici\u00f3n de comida chatarra y refrescos en planteles del Pa\u00eds","datePublished":"2025-04-21T20:00:46+00:00","dateModified":"2025-04-22T03:59:50+00:00","mainEntityOfPage":{"@id":"https:\/\/www.nexoinformativo.mx\/index.php\/2025\/04\/21\/la-salud-primero-sep-avanza-en-la-prohibicion-de-comida-chatarra-y-refrescos-en-planteles-del-pais\/"},"wordCount":330,"commentCount":0,"publisher":{"@id":"https:\/\/www.nexoinformativo.mx\/#organization"},"image":{"@id":"https:\/\/www.nexoinformativo.mx\/index.php\/2025\/04\/21\/la-salud-primero-sep-avanza-en-la-prohibicion-de-comida-chatarra-y-refrescos-en-planteles-del-pais\/#primaryimage"},"thumbnailUrl":"https:\/\/www.nexoinformativo.mx\/wp-content\/uploads\/2025\/04\/IMG_2389.jpg","keywords":["EscuelasSaludables","NoComidaChatarra","NuevaEscuelaMexicana","VidaSaludableSEP"],"articleSection":["Nacional","\u00daltima Hora"],"inLanguage":"es","potentialAction":[{"@type":"CommentAction","name":"Comment","target":["https:\/\/www.nexoinformativo.mx\/index.php\/2025\/04\/21\/la-salud-primero-sep-avanza-en-la-prohibicion-de-comida-chatarra-y-refrescos-en-planteles-del-pais\/#respond"]}]},{"@type":"WebPage","@id":"https:\/\/www.nexoinformativo.mx\/index.php\/2025\/04\/21\/la-salud-primero-sep-avanza-en-la-prohibicion-de-comida-chatarra-y-refrescos-en-planteles-del-pais\/","url":"https:\/\/www.nexoinformativo.mx\/index.php\/2025\/04\/21\/la-salud-primero-sep-avanza-en-la-prohibicion-de-comida-chatarra-y-refrescos-en-planteles-del-pais\/","name":"La salud primero SEP avanza en la prohibici\u00f3n de comida chatarra y refrescos en planteles del Pa\u00eds | Nexo Informativo Santiago de Quer\u00e9taro","isPartOf":{"@id":"https:\/\/www.nexoinformativo.mx\/#website"},"primaryImageOfPage":{"@id":"https:\/\/www.nexoinformativo.mx\/index.php\/2025\/04\/21\/la-salud-primero-sep-avanza-en-la-prohibicion-de-comida-chatarra-y-refrescos-en-planteles-del-pais\/#primaryimage"},"image":{"@id":"https:\/\/www.nexoinformativo.mx\/index.php\/2025\/04\/21\/la-salud-primero-sep-avanza-en-la-prohibicion-de-comida-chatarra-y-refrescos-en-planteles-del-pais\/#primaryimage"},"thumbnailUrl":"https:\/\/www.nexoinformativo.mx\/wp-content\/uploads\/2025\/04\/IMG_2389.jpg","datePublished":"2025-04-21T20:00:46+00:00","dateModified":"2025-04-22T03:59:50+00:00","breadcrumb":{"@id":"https:\/\/www.nexoinformativo.mx\/index.php\/2025\/04\/21\/la-salud-primero-sep-avanza-en-la-prohibicion-de-comida-chatarra-y-refrescos-en-planteles-del-pais\/#breadcrumb"},"inLanguage":"es","potentialAction":[{"@type":"ReadAction","target":["https:\/\/www.nexoinformativo.mx\/index.php\/2025\/04\/21\/la-salud-primero-sep-avanza-en-la-prohibicion-de-comida-chatarra-y-refrescos-en-planteles-del-pais\/"]}]},{"@type":"ImageObject","inLanguage":"es","@id":"https:\/\/www.nexoinformativo.mx\/index.php\/2025\/04\/21\/la-salud-primero-sep-avanza-en-la-prohibicion-de-comida-chatarra-y-refrescos-en-planteles-del-pais\/#primaryimage","url":"https:\/\/www.nexoinformativo.mx\/wp-content\/uploads\/2025\/04\/IMG_2389.jpg","contentUrl":"https:\/\/www.nexoinformativo.mx\/wp-content\/uploads\/2025\/04\/IMG_2389.jpg","width":650,"height":380},{"@type":"BreadcrumbList","@id":"https:\/\/www.nexoinformativo.mx\/index.php\/2025\/04\/21\/la-salud-primero-sep-avanza-en-la-prohibicion-de-comida-chatarra-y-refrescos-en-planteles-del-pais\/#breadcrumb","itemListElement":[{"@type":"ListItem","position":1,"name":"Inicio","item":"https:\/\/www.nexoinformativo.mx\/"},{"@type":"ListItem","position":2,"name":"La salud primero SEP avanza en la prohibici\u00f3n de comida chatarra y refrescos en planteles del Pa\u00eds"}]},{"@type":"WebSite","@id":"https:\/\/www.nexoinformativo.mx\/#website","url":"https:\/\/www.nexoinformativo.mx\/","name":"Nexo Informativo Santiago de Quer\u00e9taro","description":"Explora NexoInformativo y convi\u00e9rtete en parte de una comunidad que valora el conocimiento y la verdad. Tu nexoinformativo es tu puente hacia una comprensi\u00f3n m\u00e1s profunda del mundo que te rodea.","publisher":{"@id":"https:\/\/www.nexoinformativo.mx\/#organization"},"potentialAction":[{"@type":"SearchAction","target":{"@type":"EntryPoint","urlTemplate":"https:\/\/www.nexoinformativo.mx\/?s={search_term_string}"},"query-input":{"@type":"PropertyValueSpecification","valueRequired":true,"valueName":"search_term_string"}}],"inLanguage":"es"},{"@type":"Organization","@id":"https:\/\/www.nexoinformativo.mx\/#organization","name":"Nexo Informativo Santiago de Quer\u00e9taro","url":"https:\/\/www.nexoinformativo.mx\/","logo":{"@type":"ImageObject","inLanguage":"es","@id":"https:\/\/www.nexoinformativo.mx\/#\/schema\/logo\/image\/","url":"https:\/\/www.nexoinformativo.mx\/wp-content\/uploads\/2024\/07\/nexoi-trasparente-2.png","contentUrl":"https:\/\/www.nexoinformativo.mx\/wp-content\/uploads\/2024\/07\/nexoi-trasparente-2.png","width":816,"height":339,"caption":"Nexo Informativo Santiago de Quer\u00e9taro"},"image":{"@id":"https:\/\/www.nexoinformativo.mx\/#\/schema\/logo\/image\/"},"sameAs":["https:\/\/www.facebook.com\/people\/Nexo-Informativo\/61564066885511\/"]},{"@type":"Person","@id":"https:\/\/www.nexoinformativo.mx\/#\/schema\/person\/7749d380ba08c8ca00d7bc76fd907b7d","name":"Nexo Informativo","image":{"@type":"ImageObject","inLanguage":"es","@id":"https:\/\/www.nexoinformativo.mx\/#\/schema\/person\/image\/","url":"https:\/\/secure.gravatar.com\/avatar\/dde2928154642a13d95f87ddf1ea9718fe2b46760a005c53e41ff5ad610704e6?s=96&d=mm&r=g","contentUrl":"https:\/\/secure.gravatar.com\/avatar\/dde2928154642a13d95f87ddf1ea9718fe2b46760a005c53e41ff5ad610704e6?s=96&d=mm&r=g","caption":"Nexo Informativo"},"url":"https:\/\/www.nexoinformativo.mx\/index.php\/author\/edicion\/"}]}},"_links":{"self":[{"href":"https:\/\/www.nexoinformativo.mx\/index.php\/wp-json\/wp\/v2\/posts\/14366","targetHints":{"allow":["GET"]}}],"collection":[{"href":"https:\/\/www.nexoinformativo.mx\/index.php\/wp-json\/wp\/v2\/posts"}],"about":[{"href":"https:\/\/www.nexoinformativo.mx\/index.php\/wp-json\/wp\/v2\/types\/post"}],"author":[{"embeddable":true,"href":"https:\/\/www.nexoinformativo.mx\/index.php\/wp-json\/wp\/v2\/users\/3"}],"replies":[{"embeddable":true,"href":"https:\/\/www.nexoinformativo.mx\/index.php\/wp-json\/wp\/v2\/comments?post=14366"}],"version-history":[{"count":3,"href":"https:\/\/www.nexoinformativo.mx\/index.php\/wp-json\/wp\/v2\/posts\/14366\/revisions"}],"predecessor-version":[{"id":14370,"href":"https:\/\/www.nexoinformativo.mx\/index.php\/wp-json\/wp\/v2\/posts\/14366\/revisions\/14370"}],"wp:featuredmedia":[{"embeddable":true,"href":"https:\/\/www.nexoinformativo.mx\/index.php\/wp-json\/wp\/v2\/media\/14367"}],"wp:attachment":[{"href":"https:\/\/www.nexoinformativo.mx\/index.php\/wp-json\/wp\/v2\/media?parent=14366"}],"wp:term":[{"taxonomy":"category","embeddable":true,"href":"https:\/\/www.nexoinformativo.mx\/index.php\/wp-json\/wp\/v2\/categories?post=14366"},{"taxonomy":"post_tag","embeddable":true,"href":"https:\/\/www.nexoinformativo.mx\/index.php\/wp-json\/wp\/v2\/tags?post=14366"}],"curies":[{"name":"wp","href":"https:\/\/api.w.org\/{rel}","templated":true}]}}