{"id":14371,"date":"2025-04-21T15:00:13","date_gmt":"2025-04-21T21:00:13","guid":{"rendered":"https:\/\/www.nexoinformativo.mx\/?p=14371"},"modified":"2025-04-21T22:05:58","modified_gmt":"2025-04-22T04:05:58","slug":"infraestructura-al-servicio-de-la-justicia-firman-convenio-sduop-y-poder-judicial-en-queretaro","status":"publish","type":"post","link":"https:\/\/www.nexoinformativo.mx\/index.php\/2025\/04\/21\/infraestructura-al-servicio-de-la-justicia-firman-convenio-sduop-y-poder-judicial-en-queretaro\/","title":{"rendered":"Infraestructura al servicio de la justicia firman convenio SDUOP y Poder Judicial en Quer\u00e9taro"},"content":{"rendered":"<p style=\"text-align: justify;\" data-sourcepos=\"11:1-11:473\">La Secretar\u00eda de Desarrollo Urbano y Obras P\u00fablicas (SDUOP) y el Poder Judicial del Estado de Quer\u00e9taro formalizaron un acuerdo de colaboraci\u00f3n para impulsar el desarrollo, ejecuci\u00f3n y supervisi\u00f3n de obras y servicios destinados a fortalecer la infraestructura judicial en la entidad.<\/p>\n<\/p>\n<p>&nbsp;<\/p>\n<p style=\"text-align: justify;\" data-sourcepos=\"11:1-11:473\">El convenio fue firmado por el titular de la SDUOP, Jos\u00e9 P\u00edo X Salgado Tovar, y el magistrado presidente del Poder Judicial del Estado, Braulio Guerra Urbiola.<\/p>\n<\/p>\n<p>&nbsp;<\/p>\n<p style=\"text-align: justify;\" data-sourcepos=\"13:1-13:293\">Durante la firma del convenio, P\u00edo X Salgado resalt\u00f3 el compromiso del Gobierno del Estado para proporcionar infraestructura que eleve la calidad de los servicios de justicia para todas las familias queretanas, reafirmando as\u00ed la colaboraci\u00f3n existente entre los diferentes poderes del estado.<\/p>\n<\/p>\n<p>&nbsp;<\/p>\n<p style=\"text-align: justify;\" data-sourcepos=\"15:1-15:458\">Por su parte, Braulio Guerra Urbiola subray\u00f3 la importancia de la infraestructura como un pilar fundamental para garantizar el acceso a la justicia.<\/p>\n<\/p>\n<p>&nbsp;<\/p>\n<p style=\"text-align: justify;\" data-sourcepos=\"15:1-15:458\">Destac\u00f3 que el Poder Judicial cuenta con una planificaci\u00f3n que incluye proyectos prioritarios como la construcci\u00f3n de salas de audiencia oral para la implementaci\u00f3n del sistema civil y familiar, as\u00ed como la mejora de espacios dedicados a las convivencias de ni\u00f1as, ni\u00f1os y adolescentes en la Sierra queretana.<\/p>\n<\/p>\n<p>&nbsp;<\/p>\n<p style=\"text-align: justify;\" data-sourcepos=\"17:1-17:295\">Este acuerdo estrat\u00e9gico fortalece el compromiso tanto del Poder Ejecutivo como del Poder Judicial estatales para desarrollar una infraestructura moderna y funcional que beneficie directamente a la ciudadan\u00eda queretana y contribuya al fortalecimiento de la impartici\u00f3n de justicia en la entidad.<\/p>\n<\/p>\n<p>&nbsp;<\/p>\n<p style=\"text-align: center;\" data-sourcepos=\"17:1-17:295\"><em><strong>\u00a1Informaci\u00f3n que transforma!<\/strong><\/em><\/p>\n","protected":false},"excerpt":{"rendered":"<p>La Secretar\u00eda de Desarrollo Urbano y Obras P\u00fablicas (SDUOP) y el Poder Judicial del Estado de Quer\u00e9taro formalizaron un acuerdo de colaboraci\u00f3n para impulsar el desarrollo, ejecuci\u00f3n y supervisi\u00f3n de obras y servicios destinados a fortalecer la infraestructura judicial en la entidad.<\/p>\n","protected":false},"author":3,"featured_media":14372,"comment_status":"open","ping_status":"open","sticky":false,"template":"","format":"standard","meta":{"footnotes":""},"categories":[42,58],"tags":[4235,243,4237,4236],"class_list":["post-14371","post","type-post","status-publish","format-standard","has-post-thumbnail","hentry","category-estado","category-ultima-hora","tag-infraestructurajudicialqro","tag-justiciaqueretaro","tag-poderjudicialqro","tag-sduopqueretaro"],"yoast_head":"<!-- This site is optimized with the Yoast SEO plugin v25.0 - https:\/\/yoast.com\/wordpress\/plugins\/seo\/ -->\n<title>Infraestructura al servicio de la justicia firman convenio SDUOP y Poder Judicial en Quer\u00e9taro | Nexo Informativo Santiago de Quer\u00e9taro<\/title>\n<meta name=\"robots\" content=\"index, follow, max-snippet:-1, max-image-preview:large, max-video-preview:-1\" \/>\n<link rel=\"canonical\" href=\"https:\/\/www.nexoinformativo.mx\/index.php\/2025\/04\/21\/infraestructura-al-servicio-de-la-justicia-firman-convenio-sduop-y-poder-judicial-en-queretaro\/\" \/>\n<meta property=\"og:locale\" content=\"es_MX\" \/>\n<meta property=\"og:type\" content=\"article\" \/>\n<meta property=\"og:title\" content=\"Infraestructura al servicio de la justicia firman convenio SDUOP y Poder Judicial en Quer\u00e9taro | Nexo Informativo Santiago de Quer\u00e9taro\" \/>\n<meta property=\"og:description\" content=\"La Secretar\u00eda de Desarrollo Urbano y Obras P\u00fablicas (SDUOP) y el Poder Judicial del Estado de Quer\u00e9taro formalizaron un acuerdo de colaboraci\u00f3n para impulsar el desarrollo, ejecuci\u00f3n y supervisi\u00f3n de obras y servicios destinados a fortalecer la infraestructura judicial en la entidad.\" \/>\n<meta property=\"og:url\" content=\"https:\/\/www.nexoinformativo.mx\/index.php\/2025\/04\/21\/infraestructura-al-servicio-de-la-justicia-firman-convenio-sduop-y-poder-judicial-en-queretaro\/\" \/>\n<meta property=\"og:site_name\" content=\"Nexo Informativo Santiago de Quer\u00e9taro\" \/>\n<meta property=\"article:publisher\" content=\"https:\/\/www.facebook.com\/people\/Nexo-Informativo\/61564066885511\/\" \/>\n<meta property=\"article:published_time\" content=\"2025-04-21T21:00:13+00:00\" \/>\n<meta property=\"article:modified_time\" content=\"2025-04-22T04:05:58+00:00\" \/>\n<meta property=\"og:image\" content=\"https:\/\/www.nexoinformativo.mx\/wp-content\/uploads\/2025\/04\/PHOTO-2025-04-21-19-42-53-e1745294711229.jpg\" \/>\n\t<meta property=\"og:image:width\" content=\"800\" \/>\n\t<meta property=\"og:image:height\" content=\"533\" \/>\n\t<meta property=\"og:image:type\" content=\"image\/jpeg\" \/>\n<meta name=\"author\" content=\"Nexo Informativo\" \/>\n<meta name=\"twitter:card\" content=\"summary_large_image\" \/>\n<meta name=\"twitter:label1\" content=\"Escrito por\" \/>\n\t<meta name=\"twitter:data1\" content=\"Nexo Informativo\" \/>\n\t<meta name=\"twitter:label2\" content=\"Tiempo de lectura\" \/>\n\t<meta name=\"twitter:data2\" content=\"2 minutos\" \/>\n<script type=\"application\/ld+json\" class=\"yoast-schema-graph\">{\"@context\":\"https:\/\/schema.org\",\"@graph\":[{\"@type\":\"Article\",\"@id\":\"https:\/\/www.nexoinformativo.mx\/index.php\/2025\/04\/21\/infraestructura-al-servicio-de-la-justicia-firman-convenio-sduop-y-poder-judicial-en-queretaro\/#article\",\"isPartOf\":{\"@id\":\"https:\/\/www.nexoinformativo.mx\/index.php\/2025\/04\/21\/infraestructura-al-servicio-de-la-justicia-firman-convenio-sduop-y-poder-judicial-en-queretaro\/\"},\"author\":{\"name\":\"Nexo Informativo\",\"@id\":\"https:\/\/www.nexoinformativo.mx\/#\/schema\/person\/7749d380ba08c8ca00d7bc76fd907b7d\"},\"headline\":\"Infraestructura al servicio de la justicia firman convenio SDUOP y Poder Judicial en Quer\u00e9taro\",\"datePublished\":\"2025-04-21T21:00:13+00:00\",\"dateModified\":\"2025-04-22T04:05:58+00:00\",\"mainEntityOfPage\":{\"@id\":\"https:\/\/www.nexoinformativo.mx\/index.php\/2025\/04\/21\/infraestructura-al-servicio-de-la-justicia-firman-convenio-sduop-y-poder-judicial-en-queretaro\/\"},\"wordCount\":266,\"commentCount\":0,\"publisher\":{\"@id\":\"https:\/\/www.nexoinformativo.mx\/#organization\"},\"image\":{\"@id\":\"https:\/\/www.nexoinformativo.mx\/index.php\/2025\/04\/21\/infraestructura-al-servicio-de-la-justicia-firman-convenio-sduop-y-poder-judicial-en-queretaro\/#primaryimage\"},\"thumbnailUrl\":\"https:\/\/www.nexoinformativo.mx\/wp-content\/uploads\/2025\/04\/PHOTO-2025-04-21-19-42-53-e1745294711229.jpg\",\"keywords\":[\"InfraestructuraJudicialQro\",\"JusticiaQueretaro\",\"PoderJudicialQro\",\"SDUOPQuer\u00e9taro\"],\"articleSection\":[\"Estado\",\"\u00daltima Hora\"],\"inLanguage\":\"es\",\"potentialAction\":[{\"@type\":\"CommentAction\",\"name\":\"Comment\",\"target\":[\"https:\/\/www.nexoinformativo.mx\/index.php\/2025\/04\/21\/infraestructura-al-servicio-de-la-justicia-firman-convenio-sduop-y-poder-judicial-en-queretaro\/#respond\"]}]},{\"@type\":\"WebPage\",\"@id\":\"https:\/\/www.nexoinformativo.mx\/index.php\/2025\/04\/21\/infraestructura-al-servicio-de-la-justicia-firman-convenio-sduop-y-poder-judicial-en-queretaro\/\",\"url\":\"https:\/\/www.nexoinformativo.mx\/index.php\/2025\/04\/21\/infraestructura-al-servicio-de-la-justicia-firman-convenio-sduop-y-poder-judicial-en-queretaro\/\",\"name\":\"Infraestructura al servicio de la justicia firman convenio SDUOP y Poder Judicial en Quer\u00e9taro | Nexo Informativo Santiago de Quer\u00e9taro\",\"isPartOf\":{\"@id\":\"https:\/\/www.nexoinformativo.mx\/#website\"},\"primaryImageOfPage\":{\"@id\":\"https:\/\/www.nexoinformativo.mx\/index.php\/2025\/04\/21\/infraestructura-al-servicio-de-la-justicia-firman-convenio-sduop-y-poder-judicial-en-queretaro\/#primaryimage\"},\"image\":{\"@id\":\"https:\/\/www.nexoinformativo.mx\/index.php\/2025\/04\/21\/infraestructura-al-servicio-de-la-justicia-firman-convenio-sduop-y-poder-judicial-en-queretaro\/#primaryimage\"},\"thumbnailUrl\":\"https:\/\/www.nexoinformativo.mx\/wp-content\/uploads\/2025\/04\/PHOTO-2025-04-21-19-42-53-e1745294711229.jpg\",\"datePublished\":\"2025-04-21T21:00:13+00:00\",\"dateModified\":\"2025-04-22T04:05:58+00:00\",\"breadcrumb\":{\"@id\":\"https:\/\/www.nexoinformativo.mx\/index.php\/2025\/04\/21\/infraestructura-al-servicio-de-la-justicia-firman-convenio-sduop-y-poder-judicial-en-queretaro\/#breadcrumb\"},\"inLanguage\":\"es\",\"potentialAction\":[{\"@type\":\"ReadAction\",\"target\":[\"https:\/\/www.nexoinformativo.mx\/index.php\/2025\/04\/21\/infraestructura-al-servicio-de-la-justicia-firman-convenio-sduop-y-poder-judicial-en-queretaro\/\"]}]},{\"@type\":\"ImageObject\",\"inLanguage\":\"es\",\"@id\":\"https:\/\/www.nexoinformativo.mx\/index.php\/2025\/04\/21\/infraestructura-al-servicio-de-la-justicia-firman-convenio-sduop-y-poder-judicial-en-queretaro\/#primaryimage\",\"url\":\"https:\/\/www.nexoinformativo.mx\/wp-content\/uploads\/2025\/04\/PHOTO-2025-04-21-19-42-53-e1745294711229.jpg\",\"contentUrl\":\"https:\/\/www.nexoinformativo.mx\/wp-content\/uploads\/2025\/04\/PHOTO-2025-04-21-19-42-53-e1745294711229.jpg\",\"width\":800,\"height\":533},{\"@type\":\"BreadcrumbList\",\"@id\":\"https:\/\/www.nexoinformativo.mx\/index.php\/2025\/04\/21\/infraestructura-al-servicio-de-la-justicia-firman-convenio-sduop-y-poder-judicial-en-queretaro\/#breadcrumb\",\"itemListElement\":[{\"@type\":\"ListItem\",\"position\":1,\"name\":\"Inicio\",\"item\":\"https:\/\/www.nexoinformativo.mx\/\"},{\"@type\":\"ListItem\",\"position\":2,\"name\":\"Infraestructura al servicio de la justicia firman convenio SDUOP y Poder Judicial en Quer\u00e9taro\"}]},{\"@type\":\"WebSite\",\"@id\":\"https:\/\/www.nexoinformativo.mx\/#website\",\"url\":\"https:\/\/www.nexoinformativo.mx\/\",\"name\":\"Nexo Informativo Santiago de Quer\u00e9taro\",\"description\":\"Explora NexoInformativo y convi\u00e9rtete en parte de una comunidad que valora el conocimiento y la verdad. Tu nexoinformativo es tu puente hacia una comprensi\u00f3n m\u00e1s profunda del mundo que te rodea.\",\"publisher\":{\"@id\":\"https:\/\/www.nexoinformativo.mx\/#organization\"},\"potentialAction\":[{\"@type\":\"SearchAction\",\"target\":{\"@type\":\"EntryPoint\",\"urlTemplate\":\"https:\/\/www.nexoinformativo.mx\/?s={search_term_string}\"},\"query-input\":{\"@type\":\"PropertyValueSpecification\",\"valueRequired\":true,\"valueName\":\"search_term_string\"}}],\"inLanguage\":\"es\"},{\"@type\":\"Organization\",\"@id\":\"https:\/\/www.nexoinformativo.mx\/#organization\",\"name\":\"Nexo Informativo Santiago de Quer\u00e9taro\",\"url\":\"https:\/\/www.nexoinformativo.mx\/\",\"logo\":{\"@type\":\"ImageObject\",\"inLanguage\":\"es\",\"@id\":\"https:\/\/www.nexoinformativo.mx\/#\/schema\/logo\/image\/\",\"url\":\"https:\/\/www.nexoinformativo.mx\/wp-content\/uploads\/2024\/07\/nexoi-trasparente-2.png\",\"contentUrl\":\"https:\/\/www.nexoinformativo.mx\/wp-content\/uploads\/2024\/07\/nexoi-trasparente-2.png\",\"width\":816,\"height\":339,\"caption\":\"Nexo Informativo Santiago de Quer\u00e9taro\"},\"image\":{\"@id\":\"https:\/\/www.nexoinformativo.mx\/#\/schema\/logo\/image\/\"},\"sameAs\":[\"https:\/\/www.facebook.com\/people\/Nexo-Informativo\/61564066885511\/\"]},{\"@type\":\"Person\",\"@id\":\"https:\/\/www.nexoinformativo.mx\/#\/schema\/person\/7749d380ba08c8ca00d7bc76fd907b7d\",\"name\":\"Nexo Informativo\",\"image\":{\"@type\":\"ImageObject\",\"inLanguage\":\"es\",\"@id\":\"https:\/\/www.nexoinformativo.mx\/#\/schema\/person\/image\/\",\"url\":\"https:\/\/secure.gravatar.com\/avatar\/dde2928154642a13d95f87ddf1ea9718fe2b46760a005c53e41ff5ad610704e6?s=96&d=mm&r=g\",\"contentUrl\":\"https:\/\/secure.gravatar.com\/avatar\/dde2928154642a13d95f87ddf1ea9718fe2b46760a005c53e41ff5ad610704e6?s=96&d=mm&r=g\",\"caption\":\"Nexo Informativo\"},\"url\":\"https:\/\/www.nexoinformativo.mx\/index.php\/author\/edicion\/\"}]}<\/script>\n<!-- \/ Yoast SEO plugin. -->","yoast_head_json":{"title":"Infraestructura al servicio de la justicia firman convenio SDUOP y Poder Judicial en Quer\u00e9taro | Nexo Informativo Santiago de Quer\u00e9taro","robots":{"index":"index","follow":"follow","max-snippet":"max-snippet:-1","max-image-preview":"max-image-preview:large","max-video-preview":"max-video-preview:-1"},"canonical":"https:\/\/www.nexoinformativo.mx\/index.php\/2025\/04\/21\/infraestructura-al-servicio-de-la-justicia-firman-convenio-sduop-y-poder-judicial-en-queretaro\/","og_locale":"es_MX","og_type":"article","og_title":"Infraestructura al servicio de la justicia firman convenio SDUOP y Poder Judicial en Quer\u00e9taro | Nexo Informativo Santiago de Quer\u00e9taro","og_description":"La Secretar\u00eda de Desarrollo Urbano y Obras P\u00fablicas (SDUOP) y el Poder Judicial del Estado de Quer\u00e9taro formalizaron un acuerdo de colaboraci\u00f3n para impulsar el desarrollo, ejecuci\u00f3n y supervisi\u00f3n de obras y servicios destinados a fortalecer la infraestructura judicial en la entidad.","og_url":"https:\/\/www.nexoinformativo.mx\/index.php\/2025\/04\/21\/infraestructura-al-servicio-de-la-justicia-firman-convenio-sduop-y-poder-judicial-en-queretaro\/","og_site_name":"Nexo Informativo Santiago de Quer\u00e9taro","article_publisher":"https:\/\/www.facebook.com\/people\/Nexo-Informativo\/61564066885511\/","article_published_time":"2025-04-21T21:00:13+00:00","article_modified_time":"2025-04-22T04:05:58+00:00","og_image":[{"width":800,"height":533,"url":"https:\/\/www.nexoinformativo.mx\/wp-content\/uploads\/2025\/04\/PHOTO-2025-04-21-19-42-53-e1745294711229.jpg","type":"image\/jpeg"}],"author":"Nexo Informativo","twitter_card":"summary_large_image","twitter_misc":{"Escrito por":"Nexo Informativo","Tiempo de lectura":"2 minutos"},"schema":{"@context":"https:\/\/schema.org","@graph":[{"@type":"Article","@id":"https:\/\/www.nexoinformativo.mx\/index.php\/2025\/04\/21\/infraestructura-al-servicio-de-la-justicia-firman-convenio-sduop-y-poder-judicial-en-queretaro\/#article","isPartOf":{"@id":"https:\/\/www.nexoinformativo.mx\/index.php\/2025\/04\/21\/infraestructura-al-servicio-de-la-justicia-firman-convenio-sduop-y-poder-judicial-en-queretaro\/"},"author":{"name":"Nexo Informativo","@id":"https:\/\/www.nexoinformativo.mx\/#\/schema\/person\/7749d380ba08c8ca00d7bc76fd907b7d"},"headline":"Infraestructura al servicio de la justicia firman convenio SDUOP y Poder Judicial en Quer\u00e9taro","datePublished":"2025-04-21T21:00:13+00:00","dateModified":"2025-04-22T04:05:58+00:00","mainEntityOfPage":{"@id":"https:\/\/www.nexoinformativo.mx\/index.php\/2025\/04\/21\/infraestructura-al-servicio-de-la-justicia-firman-convenio-sduop-y-poder-judicial-en-queretaro\/"},"wordCount":266,"commentCount":0,"publisher":{"@id":"https:\/\/www.nexoinformativo.mx\/#organization"},"image":{"@id":"https:\/\/www.nexoinformativo.mx\/index.php\/2025\/04\/21\/infraestructura-al-servicio-de-la-justicia-firman-convenio-sduop-y-poder-judicial-en-queretaro\/#primaryimage"},"thumbnailUrl":"https:\/\/www.nexoinformativo.mx\/wp-content\/uploads\/2025\/04\/PHOTO-2025-04-21-19-42-53-e1745294711229.jpg","keywords":["InfraestructuraJudicialQro","JusticiaQueretaro","PoderJudicialQro","SDUOPQuer\u00e9taro"],"articleSection":["Estado","\u00daltima Hora"],"inLanguage":"es","potentialAction":[{"@type":"CommentAction","name":"Comment","target":["https:\/\/www.nexoinformativo.mx\/index.php\/2025\/04\/21\/infraestructura-al-servicio-de-la-justicia-firman-convenio-sduop-y-poder-judicial-en-queretaro\/#respond"]}]},{"@type":"WebPage","@id":"https:\/\/www.nexoinformativo.mx\/index.php\/2025\/04\/21\/infraestructura-al-servicio-de-la-justicia-firman-convenio-sduop-y-poder-judicial-en-queretaro\/","url":"https:\/\/www.nexoinformativo.mx\/index.php\/2025\/04\/21\/infraestructura-al-servicio-de-la-justicia-firman-convenio-sduop-y-poder-judicial-en-queretaro\/","name":"Infraestructura al servicio de la justicia firman convenio SDUOP y Poder Judicial en Quer\u00e9taro | Nexo Informativo Santiago de Quer\u00e9taro","isPartOf":{"@id":"https:\/\/www.nexoinformativo.mx\/#website"},"primaryImageOfPage":{"@id":"https:\/\/www.nexoinformativo.mx\/index.php\/2025\/04\/21\/infraestructura-al-servicio-de-la-justicia-firman-convenio-sduop-y-poder-judicial-en-queretaro\/#primaryimage"},"image":{"@id":"https:\/\/www.nexoinformativo.mx\/index.php\/2025\/04\/21\/infraestructura-al-servicio-de-la-justicia-firman-convenio-sduop-y-poder-judicial-en-queretaro\/#primaryimage"},"thumbnailUrl":"https:\/\/www.nexoinformativo.mx\/wp-content\/uploads\/2025\/04\/PHOTO-2025-04-21-19-42-53-e1745294711229.jpg","datePublished":"2025-04-21T21:00:13+00:00","dateModified":"2025-04-22T04:05:58+00:00","breadcrumb":{"@id":"https:\/\/www.nexoinformativo.mx\/index.php\/2025\/04\/21\/infraestructura-al-servicio-de-la-justicia-firman-convenio-sduop-y-poder-judicial-en-queretaro\/#breadcrumb"},"inLanguage":"es","potentialAction":[{"@type":"ReadAction","target":["https:\/\/www.nexoinformativo.mx\/index.php\/2025\/04\/21\/infraestructura-al-servicio-de-la-justicia-firman-convenio-sduop-y-poder-judicial-en-queretaro\/"]}]},{"@type":"ImageObject","inLanguage":"es","@id":"https:\/\/www.nexoinformativo.mx\/index.php\/2025\/04\/21\/infraestructura-al-servicio-de-la-justicia-firman-convenio-sduop-y-poder-judicial-en-queretaro\/#primaryimage","url":"https:\/\/www.nexoinformativo.mx\/wp-content\/uploads\/2025\/04\/PHOTO-2025-04-21-19-42-53-e1745294711229.jpg","contentUrl":"https:\/\/www.nexoinformativo.mx\/wp-content\/uploads\/2025\/04\/PHOTO-2025-04-21-19-42-53-e1745294711229.jpg","width":800,"height":533},{"@type":"BreadcrumbList","@id":"https:\/\/www.nexoinformativo.mx\/index.php\/2025\/04\/21\/infraestructura-al-servicio-de-la-justicia-firman-convenio-sduop-y-poder-judicial-en-queretaro\/#breadcrumb","itemListElement":[{"@type":"ListItem","position":1,"name":"Inicio","item":"https:\/\/www.nexoinformativo.mx\/"},{"@type":"ListItem","position":2,"name":"Infraestructura al servicio de la justicia firman convenio SDUOP y Poder Judicial en Quer\u00e9taro"}]},{"@type":"WebSite","@id":"https:\/\/www.nexoinformativo.mx\/#website","url":"https:\/\/www.nexoinformativo.mx\/","name":"Nexo Informativo Santiago de Quer\u00e9taro","description":"Explora NexoInformativo y convi\u00e9rtete en parte de una comunidad que valora el conocimiento y la verdad. Tu nexoinformativo es tu puente hacia una comprensi\u00f3n m\u00e1s profunda del mundo que te rodea.","publisher":{"@id":"https:\/\/www.nexoinformativo.mx\/#organization"},"potentialAction":[{"@type":"SearchAction","target":{"@type":"EntryPoint","urlTemplate":"https:\/\/www.nexoinformativo.mx\/?s={search_term_string}"},"query-input":{"@type":"PropertyValueSpecification","valueRequired":true,"valueName":"search_term_string"}}],"inLanguage":"es"},{"@type":"Organization","@id":"https:\/\/www.nexoinformativo.mx\/#organization","name":"Nexo Informativo Santiago de Quer\u00e9taro","url":"https:\/\/www.nexoinformativo.mx\/","logo":{"@type":"ImageObject","inLanguage":"es","@id":"https:\/\/www.nexoinformativo.mx\/#\/schema\/logo\/image\/","url":"https:\/\/www.nexoinformativo.mx\/wp-content\/uploads\/2024\/07\/nexoi-trasparente-2.png","contentUrl":"https:\/\/www.nexoinformativo.mx\/wp-content\/uploads\/2024\/07\/nexoi-trasparente-2.png","width":816,"height":339,"caption":"Nexo Informativo Santiago de Quer\u00e9taro"},"image":{"@id":"https:\/\/www.nexoinformativo.mx\/#\/schema\/logo\/image\/"},"sameAs":["https:\/\/www.facebook.com\/people\/Nexo-Informativo\/61564066885511\/"]},{"@type":"Person","@id":"https:\/\/www.nexoinformativo.mx\/#\/schema\/person\/7749d380ba08c8ca00d7bc76fd907b7d","name":"Nexo Informativo","image":{"@type":"ImageObject","inLanguage":"es","@id":"https:\/\/www.nexoinformativo.mx\/#\/schema\/person\/image\/","url":"https:\/\/secure.gravatar.com\/avatar\/dde2928154642a13d95f87ddf1ea9718fe2b46760a005c53e41ff5ad610704e6?s=96&d=mm&r=g","contentUrl":"https:\/\/secure.gravatar.com\/avatar\/dde2928154642a13d95f87ddf1ea9718fe2b46760a005c53e41ff5ad610704e6?s=96&d=mm&r=g","caption":"Nexo Informativo"},"url":"https:\/\/www.nexoinformativo.mx\/index.php\/author\/edicion\/"}]}},"_links":{"self":[{"href":"https:\/\/www.nexoinformativo.mx\/index.php\/wp-json\/wp\/v2\/posts\/14371","targetHints":{"allow":["GET"]}}],"collection":[{"href":"https:\/\/www.nexoinformativo.mx\/index.php\/wp-json\/wp\/v2\/posts"}],"about":[{"href":"https:\/\/www.nexoinformativo.mx\/index.php\/wp-json\/wp\/v2\/types\/post"}],"author":[{"embeddable":true,"href":"https:\/\/www.nexoinformativo.mx\/index.php\/wp-json\/wp\/v2\/users\/3"}],"replies":[{"embeddable":true,"href":"https:\/\/www.nexoinformativo.mx\/index.php\/wp-json\/wp\/v2\/comments?post=14371"}],"version-history":[{"count":3,"href":"https:\/\/www.nexoinformativo.mx\/index.php\/wp-json\/wp\/v2\/posts\/14371\/revisions"}],"predecessor-version":[{"id":14375,"href":"https:\/\/www.nexoinformativo.mx\/index.php\/wp-json\/wp\/v2\/posts\/14371\/revisions\/14375"}],"wp:featuredmedia":[{"embeddable":true,"href":"https:\/\/www.nexoinformativo.mx\/index.php\/wp-json\/wp\/v2\/media\/14372"}],"wp:attachment":[{"href":"https:\/\/www.nexoinformativo.mx\/index.php\/wp-json\/wp\/v2\/media?parent=14371"}],"wp:term":[{"taxonomy":"category","embeddable":true,"href":"https:\/\/www.nexoinformativo.mx\/index.php\/wp-json\/wp\/v2\/categories?post=14371"},{"taxonomy":"post_tag","embeddable":true,"href":"https:\/\/www.nexoinformativo.mx\/index.php\/wp-json\/wp\/v2\/tags?post=14371"}],"curies":[{"name":"wp","href":"https:\/\/api.w.org\/{rel}","templated":true}]}}