{"id":14381,"date":"2025-04-21T18:00:54","date_gmt":"2025-04-22T00:00:54","guid":{"rendered":"https:\/\/www.nexoinformativo.mx\/?p=14381"},"modified":"2025-04-21T22:21:39","modified_gmt":"2025-04-22T04:21:39","slug":"semana-santa-con-moderacion-no-tan-exitosa-23-al-torito-y-vaquita-por-conducir-ebrios-en-queretaro","status":"publish","type":"post","link":"https:\/\/www.nexoinformativo.mx\/index.php\/2025\/04\/21\/semana-santa-con-moderacion-no-tan-exitosa-23-al-torito-y-vaquita-por-conducir-ebrios-en-queretaro\/","title":{"rendered":"Semana Santa con moderaci\u00f3n no tan exitosa 23 al &#8220;torito&#8221; y &#8220;vaquita&#8221; por conducir ebrios en Quer\u00e9taro"},"content":{"rendered":"<p style=\"text-align: justify;\" data-sourcepos=\"11:1-11:396\">A pesar de los llamados a la responsabilidad, 23 personas fueron remitidas al Centro de Sanciones Administrativas Municipales (&#8220;Torito&#8221; y &#8220;Vaquita&#8221;) en Quer\u00e9taro durante el periodo vacacional de Semana Santa por conducir veh\u00edculos motorizados excediendo los niveles de alcohol permitidos, confirm\u00f3 C\u00e9sar Antonio Zavala D\u00edaz, director de Justicia C\u00edvica del municipio.<\/p>\n<p>&nbsp;<\/p>\n<p style=\"text-align: justify;\" data-sourcepos=\"13:1-13:273\">De estas 23 personas, 21 fueron hombres y dos mujeres. Un dato preocupante es que siete de ellas enfrentaron un arresto inconmutable al superar el 0.64% de alcohol por litro de aire expirado. Adem\u00e1s, los veh\u00edculos de las 23 personas infractoras fueron enviados al corral\u00f3n.<\/p>\n<p>&nbsp;<\/p>\n<p style=\"text-align: justify;\" data-sourcepos=\"15:1-15:389\">Zavala D\u00edaz inform\u00f3 que solo dos de los infractores optaron por pagar la multa correspondiente, recaud\u00e1ndose poco m\u00e1s de 18 mil pesos. En cuanto al nivel educativo de quienes cometieron esta falta administrativa, la mayor\u00eda (42.3%) cuenta con estudios de nivel medio superior. Un 34% tiene educaci\u00f3n media, mientras que solo el 3.85% tiene educaci\u00f3n b\u00e1sica, y el resto, educaci\u00f3n superior.<\/p>\n<p>&nbsp;<\/p>\n<p style=\"text-align: justify;\" data-sourcepos=\"17:1-17:332\">En lo que va de la actual administraci\u00f3n municipal, un total de 632 personas han sido sancionadas por conducir bajo los efectos del alcohol. De este total, el 44.77% ha enfrentado arrestos inconmutables, mientras que solo el 15.5% ha pagado la multa. La gran mayor\u00eda de los infractores (81.80%) son hombres, siendo el resto mujeres.<\/p>\n<p>&nbsp;<\/p>\n<p style=\"text-align: center;\" data-sourcepos=\"17:1-17:332\"><em><strong>\u00a1Informaci\u00f3n que transforma!<\/strong><\/em><\/p>\n","protected":false},"excerpt":{"rendered":"<p>A pesar de los llamados a la responsabilidad, 23 personas fueron remitidas al Centro de Sanciones Administrativas Municipales (&#8220;Torito&#8221; y &#8220;Vaquita&#8221;) en Quer\u00e9taro durante el periodo vacacional de Semana Santa por conducir veh\u00edculos motorizados excediendo los niveles de alcohol permitidos, confirm\u00f3 C\u00e9sar Antonio Zavala D\u00edaz, director de Justicia C\u00edvica del municipio.<\/p>\n","protected":false},"author":3,"featured_media":14382,"comment_status":"open","ping_status":"open","sticky":false,"template":"","format":"standard","meta":{"footnotes":""},"categories":[42,137,58],"tags":[4241,4242,4085,4240],"class_list":["post-14381","post","type-post","status-publish","format-standard","has-post-thumbnail","hentry","category-estado","category-sucesos","category-ultima-hora","tag-alcoholalvolante","tag-justiciacivicaqro","tag-semanasantaqro","tag-toritoyvaquita"],"yoast_head":"<!-- This site is optimized with the Yoast SEO plugin v25.0 - https:\/\/yoast.com\/wordpress\/plugins\/seo\/ -->\n<title>Semana Santa con moderaci\u00f3n no tan exitosa 23 al &quot;torito&quot; y &quot;vaquita&quot; por conducir ebrios en Quer\u00e9taro | Nexo Informativo Santiago de Quer\u00e9taro<\/title>\n<meta name=\"robots\" content=\"index, follow, max-snippet:-1, max-image-preview:large, max-video-preview:-1\" \/>\n<link rel=\"canonical\" href=\"https:\/\/www.nexoinformativo.mx\/index.php\/2025\/04\/21\/semana-santa-con-moderacion-no-tan-exitosa-23-al-torito-y-vaquita-por-conducir-ebrios-en-queretaro\/\" \/>\n<meta property=\"og:locale\" content=\"es_MX\" \/>\n<meta property=\"og:type\" content=\"article\" \/>\n<meta property=\"og:title\" content=\"Semana Santa con moderaci\u00f3n no tan exitosa 23 al &quot;torito&quot; y &quot;vaquita&quot; por conducir ebrios en Quer\u00e9taro | Nexo Informativo Santiago de Quer\u00e9taro\" \/>\n<meta property=\"og:description\" content=\"A pesar de los llamados a la responsabilidad, 23 personas fueron remitidas al Centro de Sanciones Administrativas Municipales (&quot;Torito&quot; y &quot;Vaquita&quot;) en Quer\u00e9taro durante el periodo vacacional de Semana Santa por conducir veh\u00edculos motorizados excediendo los niveles de alcohol permitidos, confirm\u00f3 C\u00e9sar Antonio Zavala D\u00edaz, director de Justicia C\u00edvica del municipio.\" \/>\n<meta property=\"og:url\" content=\"https:\/\/www.nexoinformativo.mx\/index.php\/2025\/04\/21\/semana-santa-con-moderacion-no-tan-exitosa-23-al-torito-y-vaquita-por-conducir-ebrios-en-queretaro\/\" \/>\n<meta property=\"og:site_name\" content=\"Nexo Informativo Santiago de Quer\u00e9taro\" \/>\n<meta property=\"article:publisher\" content=\"https:\/\/www.facebook.com\/people\/Nexo-Informativo\/61564066885511\/\" \/>\n<meta property=\"article:published_time\" content=\"2025-04-22T00:00:54+00:00\" \/>\n<meta property=\"article:modified_time\" content=\"2025-04-22T04:21:39+00:00\" \/>\n<meta property=\"og:image\" content=\"https:\/\/www.nexoinformativo.mx\/wp-content\/uploads\/2025\/04\/81b0aee5-ad0c-4f02-be9d-efbce937b89f-e1745295595337.jpg\" \/>\n\t<meta property=\"og:image:width\" content=\"800\" \/>\n\t<meta property=\"og:image:height\" content=\"533\" \/>\n\t<meta property=\"og:image:type\" content=\"image\/jpeg\" \/>\n<meta name=\"author\" content=\"Nexo Informativo\" \/>\n<meta name=\"twitter:card\" content=\"summary_large_image\" \/>\n<meta name=\"twitter:label1\" content=\"Escrito por\" \/>\n\t<meta name=\"twitter:data1\" content=\"Nexo Informativo\" \/>\n\t<meta name=\"twitter:label2\" content=\"Tiempo de lectura\" \/>\n\t<meta name=\"twitter:data2\" content=\"2 minutos\" \/>\n<script type=\"application\/ld+json\" class=\"yoast-schema-graph\">{\"@context\":\"https:\/\/schema.org\",\"@graph\":[{\"@type\":\"Article\",\"@id\":\"https:\/\/www.nexoinformativo.mx\/index.php\/2025\/04\/21\/semana-santa-con-moderacion-no-tan-exitosa-23-al-torito-y-vaquita-por-conducir-ebrios-en-queretaro\/#article\",\"isPartOf\":{\"@id\":\"https:\/\/www.nexoinformativo.mx\/index.php\/2025\/04\/21\/semana-santa-con-moderacion-no-tan-exitosa-23-al-torito-y-vaquita-por-conducir-ebrios-en-queretaro\/\"},\"author\":{\"name\":\"Nexo Informativo\",\"@id\":\"https:\/\/www.nexoinformativo.mx\/#\/schema\/person\/7749d380ba08c8ca00d7bc76fd907b7d\"},\"headline\":\"Semana Santa con moderaci\u00f3n no tan exitosa 23 al &#8220;torito&#8221; y &#8220;vaquita&#8221; por conducir ebrios en Quer\u00e9taro\",\"datePublished\":\"2025-04-22T00:00:54+00:00\",\"dateModified\":\"2025-04-22T04:21:39+00:00\",\"mainEntityOfPage\":{\"@id\":\"https:\/\/www.nexoinformativo.mx\/index.php\/2025\/04\/21\/semana-santa-con-moderacion-no-tan-exitosa-23-al-torito-y-vaquita-por-conducir-ebrios-en-queretaro\/\"},\"wordCount\":243,\"commentCount\":0,\"publisher\":{\"@id\":\"https:\/\/www.nexoinformativo.mx\/#organization\"},\"image\":{\"@id\":\"https:\/\/www.nexoinformativo.mx\/index.php\/2025\/04\/21\/semana-santa-con-moderacion-no-tan-exitosa-23-al-torito-y-vaquita-por-conducir-ebrios-en-queretaro\/#primaryimage\"},\"thumbnailUrl\":\"https:\/\/www.nexoinformativo.mx\/wp-content\/uploads\/2025\/04\/81b0aee5-ad0c-4f02-be9d-efbce937b89f-e1745295595337.jpg\",\"keywords\":[\"AlcoholAlVolante\",\"JusticiaC\u00edvicaQro\",\"SemanaSantaQro\",\"ToritoYVaquita\"],\"articleSection\":[\"Estado\",\"Sucesos\",\"\u00daltima Hora\"],\"inLanguage\":\"es\",\"potentialAction\":[{\"@type\":\"CommentAction\",\"name\":\"Comment\",\"target\":[\"https:\/\/www.nexoinformativo.mx\/index.php\/2025\/04\/21\/semana-santa-con-moderacion-no-tan-exitosa-23-al-torito-y-vaquita-por-conducir-ebrios-en-queretaro\/#respond\"]}]},{\"@type\":\"WebPage\",\"@id\":\"https:\/\/www.nexoinformativo.mx\/index.php\/2025\/04\/21\/semana-santa-con-moderacion-no-tan-exitosa-23-al-torito-y-vaquita-por-conducir-ebrios-en-queretaro\/\",\"url\":\"https:\/\/www.nexoinformativo.mx\/index.php\/2025\/04\/21\/semana-santa-con-moderacion-no-tan-exitosa-23-al-torito-y-vaquita-por-conducir-ebrios-en-queretaro\/\",\"name\":\"Semana Santa con moderaci\u00f3n no tan exitosa 23 al \\\"torito\\\" y \\\"vaquita\\\" por conducir ebrios en Quer\u00e9taro | Nexo Informativo Santiago de Quer\u00e9taro\",\"isPartOf\":{\"@id\":\"https:\/\/www.nexoinformativo.mx\/#website\"},\"primaryImageOfPage\":{\"@id\":\"https:\/\/www.nexoinformativo.mx\/index.php\/2025\/04\/21\/semana-santa-con-moderacion-no-tan-exitosa-23-al-torito-y-vaquita-por-conducir-ebrios-en-queretaro\/#primaryimage\"},\"image\":{\"@id\":\"https:\/\/www.nexoinformativo.mx\/index.php\/2025\/04\/21\/semana-santa-con-moderacion-no-tan-exitosa-23-al-torito-y-vaquita-por-conducir-ebrios-en-queretaro\/#primaryimage\"},\"thumbnailUrl\":\"https:\/\/www.nexoinformativo.mx\/wp-content\/uploads\/2025\/04\/81b0aee5-ad0c-4f02-be9d-efbce937b89f-e1745295595337.jpg\",\"datePublished\":\"2025-04-22T00:00:54+00:00\",\"dateModified\":\"2025-04-22T04:21:39+00:00\",\"breadcrumb\":{\"@id\":\"https:\/\/www.nexoinformativo.mx\/index.php\/2025\/04\/21\/semana-santa-con-moderacion-no-tan-exitosa-23-al-torito-y-vaquita-por-conducir-ebrios-en-queretaro\/#breadcrumb\"},\"inLanguage\":\"es\",\"potentialAction\":[{\"@type\":\"ReadAction\",\"target\":[\"https:\/\/www.nexoinformativo.mx\/index.php\/2025\/04\/21\/semana-santa-con-moderacion-no-tan-exitosa-23-al-torito-y-vaquita-por-conducir-ebrios-en-queretaro\/\"]}]},{\"@type\":\"ImageObject\",\"inLanguage\":\"es\",\"@id\":\"https:\/\/www.nexoinformativo.mx\/index.php\/2025\/04\/21\/semana-santa-con-moderacion-no-tan-exitosa-23-al-torito-y-vaquita-por-conducir-ebrios-en-queretaro\/#primaryimage\",\"url\":\"https:\/\/www.nexoinformativo.mx\/wp-content\/uploads\/2025\/04\/81b0aee5-ad0c-4f02-be9d-efbce937b89f-e1745295595337.jpg\",\"contentUrl\":\"https:\/\/www.nexoinformativo.mx\/wp-content\/uploads\/2025\/04\/81b0aee5-ad0c-4f02-be9d-efbce937b89f-e1745295595337.jpg\",\"width\":800,\"height\":533},{\"@type\":\"BreadcrumbList\",\"@id\":\"https:\/\/www.nexoinformativo.mx\/index.php\/2025\/04\/21\/semana-santa-con-moderacion-no-tan-exitosa-23-al-torito-y-vaquita-por-conducir-ebrios-en-queretaro\/#breadcrumb\",\"itemListElement\":[{\"@type\":\"ListItem\",\"position\":1,\"name\":\"Inicio\",\"item\":\"https:\/\/www.nexoinformativo.mx\/\"},{\"@type\":\"ListItem\",\"position\":2,\"name\":\"Semana Santa con moderaci\u00f3n no tan exitosa 23 al &#8220;torito&#8221; y &#8220;vaquita&#8221; por conducir ebrios en Quer\u00e9taro\"}]},{\"@type\":\"WebSite\",\"@id\":\"https:\/\/www.nexoinformativo.mx\/#website\",\"url\":\"https:\/\/www.nexoinformativo.mx\/\",\"name\":\"Nexo Informativo Santiago de Quer\u00e9taro\",\"description\":\"Explora NexoInformativo y convi\u00e9rtete en parte de una comunidad que valora el conocimiento y la verdad. Tu nexoinformativo es tu puente hacia una comprensi\u00f3n m\u00e1s profunda del mundo que te rodea.\",\"publisher\":{\"@id\":\"https:\/\/www.nexoinformativo.mx\/#organization\"},\"potentialAction\":[{\"@type\":\"SearchAction\",\"target\":{\"@type\":\"EntryPoint\",\"urlTemplate\":\"https:\/\/www.nexoinformativo.mx\/?s={search_term_string}\"},\"query-input\":{\"@type\":\"PropertyValueSpecification\",\"valueRequired\":true,\"valueName\":\"search_term_string\"}}],\"inLanguage\":\"es\"},{\"@type\":\"Organization\",\"@id\":\"https:\/\/www.nexoinformativo.mx\/#organization\",\"name\":\"Nexo Informativo Santiago de Quer\u00e9taro\",\"url\":\"https:\/\/www.nexoinformativo.mx\/\",\"logo\":{\"@type\":\"ImageObject\",\"inLanguage\":\"es\",\"@id\":\"https:\/\/www.nexoinformativo.mx\/#\/schema\/logo\/image\/\",\"url\":\"https:\/\/www.nexoinformativo.mx\/wp-content\/uploads\/2024\/07\/nexoi-trasparente-2.png\",\"contentUrl\":\"https:\/\/www.nexoinformativo.mx\/wp-content\/uploads\/2024\/07\/nexoi-trasparente-2.png\",\"width\":816,\"height\":339,\"caption\":\"Nexo Informativo Santiago de Quer\u00e9taro\"},\"image\":{\"@id\":\"https:\/\/www.nexoinformativo.mx\/#\/schema\/logo\/image\/\"},\"sameAs\":[\"https:\/\/www.facebook.com\/people\/Nexo-Informativo\/61564066885511\/\"]},{\"@type\":\"Person\",\"@id\":\"https:\/\/www.nexoinformativo.mx\/#\/schema\/person\/7749d380ba08c8ca00d7bc76fd907b7d\",\"name\":\"Nexo Informativo\",\"image\":{\"@type\":\"ImageObject\",\"inLanguage\":\"es\",\"@id\":\"https:\/\/www.nexoinformativo.mx\/#\/schema\/person\/image\/\",\"url\":\"https:\/\/secure.gravatar.com\/avatar\/dde2928154642a13d95f87ddf1ea9718fe2b46760a005c53e41ff5ad610704e6?s=96&d=mm&r=g\",\"contentUrl\":\"https:\/\/secure.gravatar.com\/avatar\/dde2928154642a13d95f87ddf1ea9718fe2b46760a005c53e41ff5ad610704e6?s=96&d=mm&r=g\",\"caption\":\"Nexo Informativo\"},\"url\":\"https:\/\/www.nexoinformativo.mx\/index.php\/author\/edicion\/\"}]}<\/script>\n<!-- \/ Yoast SEO plugin. -->","yoast_head_json":{"title":"Semana Santa con moderaci\u00f3n no tan exitosa 23 al \"torito\" y \"vaquita\" por conducir ebrios en Quer\u00e9taro | Nexo Informativo Santiago de Quer\u00e9taro","robots":{"index":"index","follow":"follow","max-snippet":"max-snippet:-1","max-image-preview":"max-image-preview:large","max-video-preview":"max-video-preview:-1"},"canonical":"https:\/\/www.nexoinformativo.mx\/index.php\/2025\/04\/21\/semana-santa-con-moderacion-no-tan-exitosa-23-al-torito-y-vaquita-por-conducir-ebrios-en-queretaro\/","og_locale":"es_MX","og_type":"article","og_title":"Semana Santa con moderaci\u00f3n no tan exitosa 23 al \"torito\" y \"vaquita\" por conducir ebrios en Quer\u00e9taro | Nexo Informativo Santiago de Quer\u00e9taro","og_description":"A pesar de los llamados a la responsabilidad, 23 personas fueron remitidas al Centro de Sanciones Administrativas Municipales (\"Torito\" y \"Vaquita\") en Quer\u00e9taro durante el periodo vacacional de Semana Santa por conducir veh\u00edculos motorizados excediendo los niveles de alcohol permitidos, confirm\u00f3 C\u00e9sar Antonio Zavala D\u00edaz, director de Justicia C\u00edvica del municipio.","og_url":"https:\/\/www.nexoinformativo.mx\/index.php\/2025\/04\/21\/semana-santa-con-moderacion-no-tan-exitosa-23-al-torito-y-vaquita-por-conducir-ebrios-en-queretaro\/","og_site_name":"Nexo Informativo Santiago de Quer\u00e9taro","article_publisher":"https:\/\/www.facebook.com\/people\/Nexo-Informativo\/61564066885511\/","article_published_time":"2025-04-22T00:00:54+00:00","article_modified_time":"2025-04-22T04:21:39+00:00","og_image":[{"width":800,"height":533,"url":"https:\/\/www.nexoinformativo.mx\/wp-content\/uploads\/2025\/04\/81b0aee5-ad0c-4f02-be9d-efbce937b89f-e1745295595337.jpg","type":"image\/jpeg"}],"author":"Nexo Informativo","twitter_card":"summary_large_image","twitter_misc":{"Escrito por":"Nexo Informativo","Tiempo de lectura":"2 minutos"},"schema":{"@context":"https:\/\/schema.org","@graph":[{"@type":"Article","@id":"https:\/\/www.nexoinformativo.mx\/index.php\/2025\/04\/21\/semana-santa-con-moderacion-no-tan-exitosa-23-al-torito-y-vaquita-por-conducir-ebrios-en-queretaro\/#article","isPartOf":{"@id":"https:\/\/www.nexoinformativo.mx\/index.php\/2025\/04\/21\/semana-santa-con-moderacion-no-tan-exitosa-23-al-torito-y-vaquita-por-conducir-ebrios-en-queretaro\/"},"author":{"name":"Nexo Informativo","@id":"https:\/\/www.nexoinformativo.mx\/#\/schema\/person\/7749d380ba08c8ca00d7bc76fd907b7d"},"headline":"Semana Santa con moderaci\u00f3n no tan exitosa 23 al &#8220;torito&#8221; y &#8220;vaquita&#8221; por conducir ebrios en Quer\u00e9taro","datePublished":"2025-04-22T00:00:54+00:00","dateModified":"2025-04-22T04:21:39+00:00","mainEntityOfPage":{"@id":"https:\/\/www.nexoinformativo.mx\/index.php\/2025\/04\/21\/semana-santa-con-moderacion-no-tan-exitosa-23-al-torito-y-vaquita-por-conducir-ebrios-en-queretaro\/"},"wordCount":243,"commentCount":0,"publisher":{"@id":"https:\/\/www.nexoinformativo.mx\/#organization"},"image":{"@id":"https:\/\/www.nexoinformativo.mx\/index.php\/2025\/04\/21\/semana-santa-con-moderacion-no-tan-exitosa-23-al-torito-y-vaquita-por-conducir-ebrios-en-queretaro\/#primaryimage"},"thumbnailUrl":"https:\/\/www.nexoinformativo.mx\/wp-content\/uploads\/2025\/04\/81b0aee5-ad0c-4f02-be9d-efbce937b89f-e1745295595337.jpg","keywords":["AlcoholAlVolante","JusticiaC\u00edvicaQro","SemanaSantaQro","ToritoYVaquita"],"articleSection":["Estado","Sucesos","\u00daltima Hora"],"inLanguage":"es","potentialAction":[{"@type":"CommentAction","name":"Comment","target":["https:\/\/www.nexoinformativo.mx\/index.php\/2025\/04\/21\/semana-santa-con-moderacion-no-tan-exitosa-23-al-torito-y-vaquita-por-conducir-ebrios-en-queretaro\/#respond"]}]},{"@type":"WebPage","@id":"https:\/\/www.nexoinformativo.mx\/index.php\/2025\/04\/21\/semana-santa-con-moderacion-no-tan-exitosa-23-al-torito-y-vaquita-por-conducir-ebrios-en-queretaro\/","url":"https:\/\/www.nexoinformativo.mx\/index.php\/2025\/04\/21\/semana-santa-con-moderacion-no-tan-exitosa-23-al-torito-y-vaquita-por-conducir-ebrios-en-queretaro\/","name":"Semana Santa con moderaci\u00f3n no tan exitosa 23 al \"torito\" y \"vaquita\" por conducir ebrios en Quer\u00e9taro | Nexo Informativo Santiago de Quer\u00e9taro","isPartOf":{"@id":"https:\/\/www.nexoinformativo.mx\/#website"},"primaryImageOfPage":{"@id":"https:\/\/www.nexoinformativo.mx\/index.php\/2025\/04\/21\/semana-santa-con-moderacion-no-tan-exitosa-23-al-torito-y-vaquita-por-conducir-ebrios-en-queretaro\/#primaryimage"},"image":{"@id":"https:\/\/www.nexoinformativo.mx\/index.php\/2025\/04\/21\/semana-santa-con-moderacion-no-tan-exitosa-23-al-torito-y-vaquita-por-conducir-ebrios-en-queretaro\/#primaryimage"},"thumbnailUrl":"https:\/\/www.nexoinformativo.mx\/wp-content\/uploads\/2025\/04\/81b0aee5-ad0c-4f02-be9d-efbce937b89f-e1745295595337.jpg","datePublished":"2025-04-22T00:00:54+00:00","dateModified":"2025-04-22T04:21:39+00:00","breadcrumb":{"@id":"https:\/\/www.nexoinformativo.mx\/index.php\/2025\/04\/21\/semana-santa-con-moderacion-no-tan-exitosa-23-al-torito-y-vaquita-por-conducir-ebrios-en-queretaro\/#breadcrumb"},"inLanguage":"es","potentialAction":[{"@type":"ReadAction","target":["https:\/\/www.nexoinformativo.mx\/index.php\/2025\/04\/21\/semana-santa-con-moderacion-no-tan-exitosa-23-al-torito-y-vaquita-por-conducir-ebrios-en-queretaro\/"]}]},{"@type":"ImageObject","inLanguage":"es","@id":"https:\/\/www.nexoinformativo.mx\/index.php\/2025\/04\/21\/semana-santa-con-moderacion-no-tan-exitosa-23-al-torito-y-vaquita-por-conducir-ebrios-en-queretaro\/#primaryimage","url":"https:\/\/www.nexoinformativo.mx\/wp-content\/uploads\/2025\/04\/81b0aee5-ad0c-4f02-be9d-efbce937b89f-e1745295595337.jpg","contentUrl":"https:\/\/www.nexoinformativo.mx\/wp-content\/uploads\/2025\/04\/81b0aee5-ad0c-4f02-be9d-efbce937b89f-e1745295595337.jpg","width":800,"height":533},{"@type":"BreadcrumbList","@id":"https:\/\/www.nexoinformativo.mx\/index.php\/2025\/04\/21\/semana-santa-con-moderacion-no-tan-exitosa-23-al-torito-y-vaquita-por-conducir-ebrios-en-queretaro\/#breadcrumb","itemListElement":[{"@type":"ListItem","position":1,"name":"Inicio","item":"https:\/\/www.nexoinformativo.mx\/"},{"@type":"ListItem","position":2,"name":"Semana Santa con moderaci\u00f3n no tan exitosa 23 al &#8220;torito&#8221; y &#8220;vaquita&#8221; por conducir ebrios en Quer\u00e9taro"}]},{"@type":"WebSite","@id":"https:\/\/www.nexoinformativo.mx\/#website","url":"https:\/\/www.nexoinformativo.mx\/","name":"Nexo Informativo Santiago de Quer\u00e9taro","description":"Explora NexoInformativo y convi\u00e9rtete en parte de una comunidad que valora el conocimiento y la verdad. Tu nexoinformativo es tu puente hacia una comprensi\u00f3n m\u00e1s profunda del mundo que te rodea.","publisher":{"@id":"https:\/\/www.nexoinformativo.mx\/#organization"},"potentialAction":[{"@type":"SearchAction","target":{"@type":"EntryPoint","urlTemplate":"https:\/\/www.nexoinformativo.mx\/?s={search_term_string}"},"query-input":{"@type":"PropertyValueSpecification","valueRequired":true,"valueName":"search_term_string"}}],"inLanguage":"es"},{"@type":"Organization","@id":"https:\/\/www.nexoinformativo.mx\/#organization","name":"Nexo Informativo Santiago de Quer\u00e9taro","url":"https:\/\/www.nexoinformativo.mx\/","logo":{"@type":"ImageObject","inLanguage":"es","@id":"https:\/\/www.nexoinformativo.mx\/#\/schema\/logo\/image\/","url":"https:\/\/www.nexoinformativo.mx\/wp-content\/uploads\/2024\/07\/nexoi-trasparente-2.png","contentUrl":"https:\/\/www.nexoinformativo.mx\/wp-content\/uploads\/2024\/07\/nexoi-trasparente-2.png","width":816,"height":339,"caption":"Nexo Informativo Santiago de Quer\u00e9taro"},"image":{"@id":"https:\/\/www.nexoinformativo.mx\/#\/schema\/logo\/image\/"},"sameAs":["https:\/\/www.facebook.com\/people\/Nexo-Informativo\/61564066885511\/"]},{"@type":"Person","@id":"https:\/\/www.nexoinformativo.mx\/#\/schema\/person\/7749d380ba08c8ca00d7bc76fd907b7d","name":"Nexo Informativo","image":{"@type":"ImageObject","inLanguage":"es","@id":"https:\/\/www.nexoinformativo.mx\/#\/schema\/person\/image\/","url":"https:\/\/secure.gravatar.com\/avatar\/dde2928154642a13d95f87ddf1ea9718fe2b46760a005c53e41ff5ad610704e6?s=96&d=mm&r=g","contentUrl":"https:\/\/secure.gravatar.com\/avatar\/dde2928154642a13d95f87ddf1ea9718fe2b46760a005c53e41ff5ad610704e6?s=96&d=mm&r=g","caption":"Nexo Informativo"},"url":"https:\/\/www.nexoinformativo.mx\/index.php\/author\/edicion\/"}]}},"_links":{"self":[{"href":"https:\/\/www.nexoinformativo.mx\/index.php\/wp-json\/wp\/v2\/posts\/14381","targetHints":{"allow":["GET"]}}],"collection":[{"href":"https:\/\/www.nexoinformativo.mx\/index.php\/wp-json\/wp\/v2\/posts"}],"about":[{"href":"https:\/\/www.nexoinformativo.mx\/index.php\/wp-json\/wp\/v2\/types\/post"}],"author":[{"embeddable":true,"href":"https:\/\/www.nexoinformativo.mx\/index.php\/wp-json\/wp\/v2\/users\/3"}],"replies":[{"embeddable":true,"href":"https:\/\/www.nexoinformativo.mx\/index.php\/wp-json\/wp\/v2\/comments?post=14381"}],"version-history":[{"count":4,"href":"https:\/\/www.nexoinformativo.mx\/index.php\/wp-json\/wp\/v2\/posts\/14381\/revisions"}],"predecessor-version":[{"id":14386,"href":"https:\/\/www.nexoinformativo.mx\/index.php\/wp-json\/wp\/v2\/posts\/14381\/revisions\/14386"}],"wp:featuredmedia":[{"embeddable":true,"href":"https:\/\/www.nexoinformativo.mx\/index.php\/wp-json\/wp\/v2\/media\/14382"}],"wp:attachment":[{"href":"https:\/\/www.nexoinformativo.mx\/index.php\/wp-json\/wp\/v2\/media?parent=14381"}],"wp:term":[{"taxonomy":"category","embeddable":true,"href":"https:\/\/www.nexoinformativo.mx\/index.php\/wp-json\/wp\/v2\/categories?post=14381"},{"taxonomy":"post_tag","embeddable":true,"href":"https:\/\/www.nexoinformativo.mx\/index.php\/wp-json\/wp\/v2\/tags?post=14381"}],"curies":[{"name":"wp","href":"https:\/\/api.w.org\/{rel}","templated":true}]}}