{"id":14387,"date":"2025-04-22T07:00:00","date_gmt":"2025-04-22T13:00:00","guid":{"rendered":"https:\/\/www.nexoinformativo.mx\/?p=14387"},"modified":"2025-04-22T13:24:50","modified_gmt":"2025-04-22T19:24:50","slug":"historico-encuentro-en-san-diego-mexico-y-eu-refuerzan-compromiso-para-tratar-aguas-residuales-del-rio-tijuana","status":"publish","type":"post","link":"https:\/\/www.nexoinformativo.mx\/index.php\/2025\/04\/22\/historico-encuentro-en-san-diego-mexico-y-eu-refuerzan-compromiso-para-tratar-aguas-residuales-del-rio-tijuana\/","title":{"rendered":"Hist\u00f3rico encuentro en San Diego M\u00e9xico y EU refuerzan compromiso para tratar aguas residuales del R\u00edo Tijuana"},"content":{"rendered":"<p style=\"text-align: justify;\" data-sourcepos=\"11:1-11:348\">La secretaria de Medio Ambiente y Recursos Naturales de M\u00e9xico, B\u00e1rcena, anunci\u00f3 avances significativos tras una reuni\u00f3n con el administrador de la Agencia de Protecci\u00f3n Ambiental de Estados Unidos (EPA), Lee Zeldin, para abordar el problema de las aguas residuales de Tijuana que afectan las costas de San Diego.<\/p>\n<p>&nbsp;<\/p>\n<p style=\"text-align: justify;\" data-sourcepos=\"13:1-13:308\">La reuni\u00f3n, celebrada en el Consulado de M\u00e9xico en San Diego, cont\u00f3 con la participaci\u00f3n de representantes de la Comisi\u00f3n Nacional del Agua (Conagua), el gobierno del estado de Baja California, la Comisi\u00f3n Internacional de L\u00edmites y Aguas (CILA) y el futuro comisionado estadounidense de CILA, Chad McIntosh.<\/p>\n<p>&nbsp;<\/p>\n<p style=\"text-align: justify;\" data-sourcepos=\"15:1-15:344\">B\u00e1rcena destac\u00f3 la <strong>&#8220;reuni\u00f3n muy positiva&#8221;<\/strong> y la disposici\u00f3n de ambas partes para encontrar soluciones concretas. Se reconoci\u00f3 el esfuerzo de M\u00e9xico, que recientemente concluy\u00f3 la Planta de San Antonio de Los Buenos con una inversi\u00f3n de 38 millones de d\u00f3lares, capaz de tratar 800 litros por segundo.<\/p>\n<p>&nbsp;<\/p>\n<p style=\"text-align: justify;\" data-sourcepos=\"17:1-17:369\">Uno de los compromisos clave es que Estados Unidos complete la Planta Internacional de Tratamiento en San Ysidro, que aliviar\u00eda significativamente la carga de aguas residuales provenientes del r\u00edo Tijuana. Se realiz\u00f3 una revisi\u00f3n exhaustiva de los 16 proyectos concretos acordados en el Acta 328, firmada en julio de 2022, para evaluar su estado y los avances logrados.<\/p>\n<p>&nbsp;<\/p>\n<p style=\"text-align: justify;\" data-sourcepos=\"19:1-19:224\">&#8220;Creo que, sobre todo, encontramos una muy buena disposici\u00f3n de la parte de la Agencia de Protecci\u00f3n Ambiental, de Lee Zeldin, su administrador, y de todo su equipo, de seguir trabajando juntos en este tema&#8221;, afirm\u00f3 B\u00e1rcena.<\/p>\n<\/p>\n<p>&nbsp;<\/p>\n<p style=\"text-align: justify;\" data-sourcepos=\"21:1-21:207\">La secretaria enfatiz\u00f3 el &#8220;total compromiso&#8221; de la Presidenta Sheinbaum por avanzar en acuerdos de cooperaci\u00f3n entre M\u00e9xico y Estados Unidos para resolver este problema que se ha abordado desde 1985.<\/p>\n<p>&nbsp;<\/p>\n<p style=\"text-align: center;\" data-sourcepos=\"21:1-21:207\"><em><strong>\u00a1Informaci\u00f3n que transforma!<\/strong><\/em><\/p>\n","protected":false},"excerpt":{"rendered":"<p>La secretaria de Medio Ambiente y Recursos Naturales de M\u00e9xico, B\u00e1rcena, anunci\u00f3 avances significativos tras una reuni\u00f3n con el administrador de la Agencia de Protecci\u00f3n Ambiental de Estados Unidos (EPA), Lee Zeldin, para abordar el problema de las aguas residuales de Tijuana que afectan las costas de San Diego.<\/p>\n","protected":false},"author":3,"featured_media":14388,"comment_status":"open","ping_status":"open","sticky":false,"template":"","format":"standard","meta":{"footnotes":""},"categories":[88,58],"tags":[4243,656,3429,4244],"class_list":["post-14387","post","type-post","status-publish","format-standard","has-post-thumbnail","hentry","category-nacional","category-ultima-hora","tag-aguasresiduales","tag-medioambiente","tag-mexicoeu","tag-riotijuana"],"yoast_head":"<!-- This site is optimized with the Yoast SEO plugin v25.0 - https:\/\/yoast.com\/wordpress\/plugins\/seo\/ -->\n<title>Hist\u00f3rico encuentro en San Diego M\u00e9xico y EU refuerzan compromiso para tratar aguas residuales del R\u00edo Tijuana | Nexo Informativo Santiago de Quer\u00e9taro<\/title>\n<meta name=\"description\" content=\"Hist\u00f3rico encuentro en San Diego M\u00e9xico y EU refuerzan compromiso para tratar aguas residuales del R\u00edo Tijuana\" \/>\n<meta name=\"robots\" content=\"index, follow, max-snippet:-1, max-image-preview:large, max-video-preview:-1\" \/>\n<link rel=\"canonical\" href=\"https:\/\/www.nexoinformativo.mx\/index.php\/2025\/04\/22\/historico-encuentro-en-san-diego-mexico-y-eu-refuerzan-compromiso-para-tratar-aguas-residuales-del-rio-tijuana\/\" \/>\n<meta property=\"og:locale\" content=\"es_MX\" \/>\n<meta property=\"og:type\" content=\"article\" \/>\n<meta property=\"og:title\" content=\"Hist\u00f3rico encuentro en San Diego M\u00e9xico y EU refuerzan compromiso para tratar aguas residuales del R\u00edo Tijuana | Nexo Informativo Santiago de Quer\u00e9taro\" \/>\n<meta property=\"og:description\" content=\"Hist\u00f3rico encuentro en San Diego M\u00e9xico y EU refuerzan compromiso para tratar aguas residuales del R\u00edo Tijuana\" \/>\n<meta property=\"og:url\" content=\"https:\/\/www.nexoinformativo.mx\/index.php\/2025\/04\/22\/historico-encuentro-en-san-diego-mexico-y-eu-refuerzan-compromiso-para-tratar-aguas-residuales-del-rio-tijuana\/\" \/>\n<meta property=\"og:site_name\" content=\"Nexo Informativo Santiago de Quer\u00e9taro\" \/>\n<meta property=\"article:publisher\" content=\"https:\/\/www.facebook.com\/people\/Nexo-Informativo\/61564066885511\/\" \/>\n<meta property=\"article:published_time\" content=\"2025-04-22T13:00:00+00:00\" \/>\n<meta property=\"article:modified_time\" content=\"2025-04-22T19:24:50+00:00\" \/>\n<meta property=\"og:image\" content=\"https:\/\/www.nexoinformativo.mx\/wp-content\/uploads\/2025\/04\/IMG_2397-e1745349605625.jpg\" \/>\n\t<meta property=\"og:image:width\" content=\"800\" \/>\n\t<meta property=\"og:image:height\" content=\"486\" \/>\n\t<meta property=\"og:image:type\" content=\"image\/jpeg\" \/>\n<meta name=\"author\" content=\"Nexo Informativo\" \/>\n<meta name=\"twitter:card\" content=\"summary_large_image\" \/>\n<meta name=\"twitter:label1\" content=\"Escrito por\" \/>\n\t<meta name=\"twitter:data1\" content=\"Nexo Informativo\" \/>\n\t<meta name=\"twitter:label2\" content=\"Tiempo de lectura\" \/>\n\t<meta name=\"twitter:data2\" content=\"2 minutos\" \/>\n<script type=\"application\/ld+json\" class=\"yoast-schema-graph\">{\"@context\":\"https:\/\/schema.org\",\"@graph\":[{\"@type\":\"Article\",\"@id\":\"https:\/\/www.nexoinformativo.mx\/index.php\/2025\/04\/22\/historico-encuentro-en-san-diego-mexico-y-eu-refuerzan-compromiso-para-tratar-aguas-residuales-del-rio-tijuana\/#article\",\"isPartOf\":{\"@id\":\"https:\/\/www.nexoinformativo.mx\/index.php\/2025\/04\/22\/historico-encuentro-en-san-diego-mexico-y-eu-refuerzan-compromiso-para-tratar-aguas-residuales-del-rio-tijuana\/\"},\"author\":{\"name\":\"Nexo Informativo\",\"@id\":\"https:\/\/www.nexoinformativo.mx\/#\/schema\/person\/7749d380ba08c8ca00d7bc76fd907b7d\"},\"headline\":\"Hist\u00f3rico encuentro en San Diego M\u00e9xico y EU refuerzan compromiso para tratar aguas residuales del R\u00edo Tijuana\",\"datePublished\":\"2025-04-22T13:00:00+00:00\",\"dateModified\":\"2025-04-22T19:24:50+00:00\",\"mainEntityOfPage\":{\"@id\":\"https:\/\/www.nexoinformativo.mx\/index.php\/2025\/04\/22\/historico-encuentro-en-san-diego-mexico-y-eu-refuerzan-compromiso-para-tratar-aguas-residuales-del-rio-tijuana\/\"},\"wordCount\":319,\"commentCount\":0,\"publisher\":{\"@id\":\"https:\/\/www.nexoinformativo.mx\/#organization\"},\"image\":{\"@id\":\"https:\/\/www.nexoinformativo.mx\/index.php\/2025\/04\/22\/historico-encuentro-en-san-diego-mexico-y-eu-refuerzan-compromiso-para-tratar-aguas-residuales-del-rio-tijuana\/#primaryimage\"},\"thumbnailUrl\":\"https:\/\/www.nexoinformativo.mx\/wp-content\/uploads\/2025\/04\/IMG_2397-e1745349605625.jpg\",\"keywords\":[\"AguasResiduales\",\"MedioAmbiente\",\"M\u00e9xicoEU\",\"R\u00edoTijuana\"],\"articleSection\":[\"Nacional\",\"\u00daltima Hora\"],\"inLanguage\":\"es\",\"potentialAction\":[{\"@type\":\"CommentAction\",\"name\":\"Comment\",\"target\":[\"https:\/\/www.nexoinformativo.mx\/index.php\/2025\/04\/22\/historico-encuentro-en-san-diego-mexico-y-eu-refuerzan-compromiso-para-tratar-aguas-residuales-del-rio-tijuana\/#respond\"]}]},{\"@type\":\"WebPage\",\"@id\":\"https:\/\/www.nexoinformativo.mx\/index.php\/2025\/04\/22\/historico-encuentro-en-san-diego-mexico-y-eu-refuerzan-compromiso-para-tratar-aguas-residuales-del-rio-tijuana\/\",\"url\":\"https:\/\/www.nexoinformativo.mx\/index.php\/2025\/04\/22\/historico-encuentro-en-san-diego-mexico-y-eu-refuerzan-compromiso-para-tratar-aguas-residuales-del-rio-tijuana\/\",\"name\":\"Hist\u00f3rico encuentro en San Diego M\u00e9xico y EU refuerzan compromiso para tratar aguas residuales del R\u00edo Tijuana | Nexo Informativo Santiago de Quer\u00e9taro\",\"isPartOf\":{\"@id\":\"https:\/\/www.nexoinformativo.mx\/#website\"},\"primaryImageOfPage\":{\"@id\":\"https:\/\/www.nexoinformativo.mx\/index.php\/2025\/04\/22\/historico-encuentro-en-san-diego-mexico-y-eu-refuerzan-compromiso-para-tratar-aguas-residuales-del-rio-tijuana\/#primaryimage\"},\"image\":{\"@id\":\"https:\/\/www.nexoinformativo.mx\/index.php\/2025\/04\/22\/historico-encuentro-en-san-diego-mexico-y-eu-refuerzan-compromiso-para-tratar-aguas-residuales-del-rio-tijuana\/#primaryimage\"},\"thumbnailUrl\":\"https:\/\/www.nexoinformativo.mx\/wp-content\/uploads\/2025\/04\/IMG_2397-e1745349605625.jpg\",\"datePublished\":\"2025-04-22T13:00:00+00:00\",\"dateModified\":\"2025-04-22T19:24:50+00:00\",\"description\":\"Hist\u00f3rico encuentro en San Diego M\u00e9xico y EU refuerzan compromiso para tratar aguas residuales del R\u00edo Tijuana\",\"breadcrumb\":{\"@id\":\"https:\/\/www.nexoinformativo.mx\/index.php\/2025\/04\/22\/historico-encuentro-en-san-diego-mexico-y-eu-refuerzan-compromiso-para-tratar-aguas-residuales-del-rio-tijuana\/#breadcrumb\"},\"inLanguage\":\"es\",\"potentialAction\":[{\"@type\":\"ReadAction\",\"target\":[\"https:\/\/www.nexoinformativo.mx\/index.php\/2025\/04\/22\/historico-encuentro-en-san-diego-mexico-y-eu-refuerzan-compromiso-para-tratar-aguas-residuales-del-rio-tijuana\/\"]}]},{\"@type\":\"ImageObject\",\"inLanguage\":\"es\",\"@id\":\"https:\/\/www.nexoinformativo.mx\/index.php\/2025\/04\/22\/historico-encuentro-en-san-diego-mexico-y-eu-refuerzan-compromiso-para-tratar-aguas-residuales-del-rio-tijuana\/#primaryimage\",\"url\":\"https:\/\/www.nexoinformativo.mx\/wp-content\/uploads\/2025\/04\/IMG_2397-e1745349605625.jpg\",\"contentUrl\":\"https:\/\/www.nexoinformativo.mx\/wp-content\/uploads\/2025\/04\/IMG_2397-e1745349605625.jpg\",\"width\":800,\"height\":486},{\"@type\":\"BreadcrumbList\",\"@id\":\"https:\/\/www.nexoinformativo.mx\/index.php\/2025\/04\/22\/historico-encuentro-en-san-diego-mexico-y-eu-refuerzan-compromiso-para-tratar-aguas-residuales-del-rio-tijuana\/#breadcrumb\",\"itemListElement\":[{\"@type\":\"ListItem\",\"position\":1,\"name\":\"Inicio\",\"item\":\"https:\/\/www.nexoinformativo.mx\/\"},{\"@type\":\"ListItem\",\"position\":2,\"name\":\"Hist\u00f3rico encuentro en San Diego M\u00e9xico y EU refuerzan compromiso para tratar aguas residuales del R\u00edo Tijuana\"}]},{\"@type\":\"WebSite\",\"@id\":\"https:\/\/www.nexoinformativo.mx\/#website\",\"url\":\"https:\/\/www.nexoinformativo.mx\/\",\"name\":\"Nexo Informativo Santiago de Quer\u00e9taro\",\"description\":\"Explora NexoInformativo y convi\u00e9rtete en parte de una comunidad que valora el conocimiento y la verdad. Tu nexoinformativo es tu puente hacia una comprensi\u00f3n m\u00e1s profunda del mundo que te rodea.\",\"publisher\":{\"@id\":\"https:\/\/www.nexoinformativo.mx\/#organization\"},\"potentialAction\":[{\"@type\":\"SearchAction\",\"target\":{\"@type\":\"EntryPoint\",\"urlTemplate\":\"https:\/\/www.nexoinformativo.mx\/?s={search_term_string}\"},\"query-input\":{\"@type\":\"PropertyValueSpecification\",\"valueRequired\":true,\"valueName\":\"search_term_string\"}}],\"inLanguage\":\"es\"},{\"@type\":\"Organization\",\"@id\":\"https:\/\/www.nexoinformativo.mx\/#organization\",\"name\":\"Nexo Informativo Santiago de Quer\u00e9taro\",\"url\":\"https:\/\/www.nexoinformativo.mx\/\",\"logo\":{\"@type\":\"ImageObject\",\"inLanguage\":\"es\",\"@id\":\"https:\/\/www.nexoinformativo.mx\/#\/schema\/logo\/image\/\",\"url\":\"https:\/\/www.nexoinformativo.mx\/wp-content\/uploads\/2024\/07\/nexoi-trasparente-2.png\",\"contentUrl\":\"https:\/\/www.nexoinformativo.mx\/wp-content\/uploads\/2024\/07\/nexoi-trasparente-2.png\",\"width\":816,\"height\":339,\"caption\":\"Nexo Informativo Santiago de Quer\u00e9taro\"},\"image\":{\"@id\":\"https:\/\/www.nexoinformativo.mx\/#\/schema\/logo\/image\/\"},\"sameAs\":[\"https:\/\/www.facebook.com\/people\/Nexo-Informativo\/61564066885511\/\"]},{\"@type\":\"Person\",\"@id\":\"https:\/\/www.nexoinformativo.mx\/#\/schema\/person\/7749d380ba08c8ca00d7bc76fd907b7d\",\"name\":\"Nexo Informativo\",\"image\":{\"@type\":\"ImageObject\",\"inLanguage\":\"es\",\"@id\":\"https:\/\/www.nexoinformativo.mx\/#\/schema\/person\/image\/\",\"url\":\"https:\/\/secure.gravatar.com\/avatar\/dde2928154642a13d95f87ddf1ea9718fe2b46760a005c53e41ff5ad610704e6?s=96&d=mm&r=g\",\"contentUrl\":\"https:\/\/secure.gravatar.com\/avatar\/dde2928154642a13d95f87ddf1ea9718fe2b46760a005c53e41ff5ad610704e6?s=96&d=mm&r=g\",\"caption\":\"Nexo Informativo\"},\"url\":\"https:\/\/www.nexoinformativo.mx\/index.php\/author\/edicion\/\"}]}<\/script>\n<!-- \/ Yoast SEO plugin. -->","yoast_head_json":{"title":"Hist\u00f3rico encuentro en San Diego M\u00e9xico y EU refuerzan compromiso para tratar aguas residuales del R\u00edo Tijuana | Nexo Informativo Santiago de Quer\u00e9taro","description":"Hist\u00f3rico encuentro en San Diego M\u00e9xico y EU refuerzan compromiso para tratar aguas residuales del R\u00edo Tijuana","robots":{"index":"index","follow":"follow","max-snippet":"max-snippet:-1","max-image-preview":"max-image-preview:large","max-video-preview":"max-video-preview:-1"},"canonical":"https:\/\/www.nexoinformativo.mx\/index.php\/2025\/04\/22\/historico-encuentro-en-san-diego-mexico-y-eu-refuerzan-compromiso-para-tratar-aguas-residuales-del-rio-tijuana\/","og_locale":"es_MX","og_type":"article","og_title":"Hist\u00f3rico encuentro en San Diego M\u00e9xico y EU refuerzan compromiso para tratar aguas residuales del R\u00edo Tijuana | Nexo Informativo Santiago de Quer\u00e9taro","og_description":"Hist\u00f3rico encuentro en San Diego M\u00e9xico y EU refuerzan compromiso para tratar aguas residuales del R\u00edo Tijuana","og_url":"https:\/\/www.nexoinformativo.mx\/index.php\/2025\/04\/22\/historico-encuentro-en-san-diego-mexico-y-eu-refuerzan-compromiso-para-tratar-aguas-residuales-del-rio-tijuana\/","og_site_name":"Nexo Informativo Santiago de Quer\u00e9taro","article_publisher":"https:\/\/www.facebook.com\/people\/Nexo-Informativo\/61564066885511\/","article_published_time":"2025-04-22T13:00:00+00:00","article_modified_time":"2025-04-22T19:24:50+00:00","og_image":[{"width":800,"height":486,"url":"https:\/\/www.nexoinformativo.mx\/wp-content\/uploads\/2025\/04\/IMG_2397-e1745349605625.jpg","type":"image\/jpeg"}],"author":"Nexo Informativo","twitter_card":"summary_large_image","twitter_misc":{"Escrito por":"Nexo Informativo","Tiempo de lectura":"2 minutos"},"schema":{"@context":"https:\/\/schema.org","@graph":[{"@type":"Article","@id":"https:\/\/www.nexoinformativo.mx\/index.php\/2025\/04\/22\/historico-encuentro-en-san-diego-mexico-y-eu-refuerzan-compromiso-para-tratar-aguas-residuales-del-rio-tijuana\/#article","isPartOf":{"@id":"https:\/\/www.nexoinformativo.mx\/index.php\/2025\/04\/22\/historico-encuentro-en-san-diego-mexico-y-eu-refuerzan-compromiso-para-tratar-aguas-residuales-del-rio-tijuana\/"},"author":{"name":"Nexo Informativo","@id":"https:\/\/www.nexoinformativo.mx\/#\/schema\/person\/7749d380ba08c8ca00d7bc76fd907b7d"},"headline":"Hist\u00f3rico encuentro en San Diego M\u00e9xico y EU refuerzan compromiso para tratar aguas residuales del R\u00edo Tijuana","datePublished":"2025-04-22T13:00:00+00:00","dateModified":"2025-04-22T19:24:50+00:00","mainEntityOfPage":{"@id":"https:\/\/www.nexoinformativo.mx\/index.php\/2025\/04\/22\/historico-encuentro-en-san-diego-mexico-y-eu-refuerzan-compromiso-para-tratar-aguas-residuales-del-rio-tijuana\/"},"wordCount":319,"commentCount":0,"publisher":{"@id":"https:\/\/www.nexoinformativo.mx\/#organization"},"image":{"@id":"https:\/\/www.nexoinformativo.mx\/index.php\/2025\/04\/22\/historico-encuentro-en-san-diego-mexico-y-eu-refuerzan-compromiso-para-tratar-aguas-residuales-del-rio-tijuana\/#primaryimage"},"thumbnailUrl":"https:\/\/www.nexoinformativo.mx\/wp-content\/uploads\/2025\/04\/IMG_2397-e1745349605625.jpg","keywords":["AguasResiduales","MedioAmbiente","M\u00e9xicoEU","R\u00edoTijuana"],"articleSection":["Nacional","\u00daltima Hora"],"inLanguage":"es","potentialAction":[{"@type":"CommentAction","name":"Comment","target":["https:\/\/www.nexoinformativo.mx\/index.php\/2025\/04\/22\/historico-encuentro-en-san-diego-mexico-y-eu-refuerzan-compromiso-para-tratar-aguas-residuales-del-rio-tijuana\/#respond"]}]},{"@type":"WebPage","@id":"https:\/\/www.nexoinformativo.mx\/index.php\/2025\/04\/22\/historico-encuentro-en-san-diego-mexico-y-eu-refuerzan-compromiso-para-tratar-aguas-residuales-del-rio-tijuana\/","url":"https:\/\/www.nexoinformativo.mx\/index.php\/2025\/04\/22\/historico-encuentro-en-san-diego-mexico-y-eu-refuerzan-compromiso-para-tratar-aguas-residuales-del-rio-tijuana\/","name":"Hist\u00f3rico encuentro en San Diego M\u00e9xico y EU refuerzan compromiso para tratar aguas residuales del R\u00edo Tijuana | Nexo Informativo Santiago de Quer\u00e9taro","isPartOf":{"@id":"https:\/\/www.nexoinformativo.mx\/#website"},"primaryImageOfPage":{"@id":"https:\/\/www.nexoinformativo.mx\/index.php\/2025\/04\/22\/historico-encuentro-en-san-diego-mexico-y-eu-refuerzan-compromiso-para-tratar-aguas-residuales-del-rio-tijuana\/#primaryimage"},"image":{"@id":"https:\/\/www.nexoinformativo.mx\/index.php\/2025\/04\/22\/historico-encuentro-en-san-diego-mexico-y-eu-refuerzan-compromiso-para-tratar-aguas-residuales-del-rio-tijuana\/#primaryimage"},"thumbnailUrl":"https:\/\/www.nexoinformativo.mx\/wp-content\/uploads\/2025\/04\/IMG_2397-e1745349605625.jpg","datePublished":"2025-04-22T13:00:00+00:00","dateModified":"2025-04-22T19:24:50+00:00","description":"Hist\u00f3rico encuentro en San Diego M\u00e9xico y EU refuerzan compromiso para tratar aguas residuales del R\u00edo Tijuana","breadcrumb":{"@id":"https:\/\/www.nexoinformativo.mx\/index.php\/2025\/04\/22\/historico-encuentro-en-san-diego-mexico-y-eu-refuerzan-compromiso-para-tratar-aguas-residuales-del-rio-tijuana\/#breadcrumb"},"inLanguage":"es","potentialAction":[{"@type":"ReadAction","target":["https:\/\/www.nexoinformativo.mx\/index.php\/2025\/04\/22\/historico-encuentro-en-san-diego-mexico-y-eu-refuerzan-compromiso-para-tratar-aguas-residuales-del-rio-tijuana\/"]}]},{"@type":"ImageObject","inLanguage":"es","@id":"https:\/\/www.nexoinformativo.mx\/index.php\/2025\/04\/22\/historico-encuentro-en-san-diego-mexico-y-eu-refuerzan-compromiso-para-tratar-aguas-residuales-del-rio-tijuana\/#primaryimage","url":"https:\/\/www.nexoinformativo.mx\/wp-content\/uploads\/2025\/04\/IMG_2397-e1745349605625.jpg","contentUrl":"https:\/\/www.nexoinformativo.mx\/wp-content\/uploads\/2025\/04\/IMG_2397-e1745349605625.jpg","width":800,"height":486},{"@type":"BreadcrumbList","@id":"https:\/\/www.nexoinformativo.mx\/index.php\/2025\/04\/22\/historico-encuentro-en-san-diego-mexico-y-eu-refuerzan-compromiso-para-tratar-aguas-residuales-del-rio-tijuana\/#breadcrumb","itemListElement":[{"@type":"ListItem","position":1,"name":"Inicio","item":"https:\/\/www.nexoinformativo.mx\/"},{"@type":"ListItem","position":2,"name":"Hist\u00f3rico encuentro en San Diego M\u00e9xico y EU refuerzan compromiso para tratar aguas residuales del R\u00edo Tijuana"}]},{"@type":"WebSite","@id":"https:\/\/www.nexoinformativo.mx\/#website","url":"https:\/\/www.nexoinformativo.mx\/","name":"Nexo Informativo Santiago de Quer\u00e9taro","description":"Explora NexoInformativo y convi\u00e9rtete en parte de una comunidad que valora el conocimiento y la verdad. Tu nexoinformativo es tu puente hacia una comprensi\u00f3n m\u00e1s profunda del mundo que te rodea.","publisher":{"@id":"https:\/\/www.nexoinformativo.mx\/#organization"},"potentialAction":[{"@type":"SearchAction","target":{"@type":"EntryPoint","urlTemplate":"https:\/\/www.nexoinformativo.mx\/?s={search_term_string}"},"query-input":{"@type":"PropertyValueSpecification","valueRequired":true,"valueName":"search_term_string"}}],"inLanguage":"es"},{"@type":"Organization","@id":"https:\/\/www.nexoinformativo.mx\/#organization","name":"Nexo Informativo Santiago de Quer\u00e9taro","url":"https:\/\/www.nexoinformativo.mx\/","logo":{"@type":"ImageObject","inLanguage":"es","@id":"https:\/\/www.nexoinformativo.mx\/#\/schema\/logo\/image\/","url":"https:\/\/www.nexoinformativo.mx\/wp-content\/uploads\/2024\/07\/nexoi-trasparente-2.png","contentUrl":"https:\/\/www.nexoinformativo.mx\/wp-content\/uploads\/2024\/07\/nexoi-trasparente-2.png","width":816,"height":339,"caption":"Nexo Informativo Santiago de Quer\u00e9taro"},"image":{"@id":"https:\/\/www.nexoinformativo.mx\/#\/schema\/logo\/image\/"},"sameAs":["https:\/\/www.facebook.com\/people\/Nexo-Informativo\/61564066885511\/"]},{"@type":"Person","@id":"https:\/\/www.nexoinformativo.mx\/#\/schema\/person\/7749d380ba08c8ca00d7bc76fd907b7d","name":"Nexo Informativo","image":{"@type":"ImageObject","inLanguage":"es","@id":"https:\/\/www.nexoinformativo.mx\/#\/schema\/person\/image\/","url":"https:\/\/secure.gravatar.com\/avatar\/dde2928154642a13d95f87ddf1ea9718fe2b46760a005c53e41ff5ad610704e6?s=96&d=mm&r=g","contentUrl":"https:\/\/secure.gravatar.com\/avatar\/dde2928154642a13d95f87ddf1ea9718fe2b46760a005c53e41ff5ad610704e6?s=96&d=mm&r=g","caption":"Nexo Informativo"},"url":"https:\/\/www.nexoinformativo.mx\/index.php\/author\/edicion\/"}]}},"_links":{"self":[{"href":"https:\/\/www.nexoinformativo.mx\/index.php\/wp-json\/wp\/v2\/posts\/14387","targetHints":{"allow":["GET"]}}],"collection":[{"href":"https:\/\/www.nexoinformativo.mx\/index.php\/wp-json\/wp\/v2\/posts"}],"about":[{"href":"https:\/\/www.nexoinformativo.mx\/index.php\/wp-json\/wp\/v2\/types\/post"}],"author":[{"embeddable":true,"href":"https:\/\/www.nexoinformativo.mx\/index.php\/wp-json\/wp\/v2\/users\/3"}],"replies":[{"embeddable":true,"href":"https:\/\/www.nexoinformativo.mx\/index.php\/wp-json\/wp\/v2\/comments?post=14387"}],"version-history":[{"count":4,"href":"https:\/\/www.nexoinformativo.mx\/index.php\/wp-json\/wp\/v2\/posts\/14387\/revisions"}],"predecessor-version":[{"id":14391,"href":"https:\/\/www.nexoinformativo.mx\/index.php\/wp-json\/wp\/v2\/posts\/14387\/revisions\/14391"}],"wp:featuredmedia":[{"embeddable":true,"href":"https:\/\/www.nexoinformativo.mx\/index.php\/wp-json\/wp\/v2\/media\/14388"}],"wp:attachment":[{"href":"https:\/\/www.nexoinformativo.mx\/index.php\/wp-json\/wp\/v2\/media?parent=14387"}],"wp:term":[{"taxonomy":"category","embeddable":true,"href":"https:\/\/www.nexoinformativo.mx\/index.php\/wp-json\/wp\/v2\/categories?post=14387"},{"taxonomy":"post_tag","embeddable":true,"href":"https:\/\/www.nexoinformativo.mx\/index.php\/wp-json\/wp\/v2\/tags?post=14387"}],"curies":[{"name":"wp","href":"https:\/\/api.w.org\/{rel}","templated":true}]}}