{"id":14393,"date":"2025-04-22T08:00:18","date_gmt":"2025-04-22T14:00:18","guid":{"rendered":"https:\/\/www.nexoinformativo.mx\/?p=14393"},"modified":"2025-04-22T13:35:03","modified_gmt":"2025-04-22T19:35:03","slug":"tesoros-regresan-a-casa-mexico-recupera-mas-de-2000-piezas-de-patrimonio-cultural-en-el-extranjero","status":"publish","type":"post","link":"https:\/\/www.nexoinformativo.mx\/index.php\/2025\/04\/22\/tesoros-regresan-a-casa-mexico-recupera-mas-de-2000-piezas-de-patrimonio-cultural-en-el-extranjero\/","title":{"rendered":"Tesoros regresan a casa M\u00e9xico recupera m\u00e1s de 2,000 Piezas de patrimonio cultural en el extranjero"},"content":{"rendered":"<p style=\"text-align: justify;\" data-sourcepos=\"11:1-11:552\">En un esfuerzo coordinado por la Secretar\u00eda de Relaciones Exteriores (SRE) y la Secretar\u00eda de Cultura, a trav\u00e9s del Instituto Nacional de Antropolog\u00eda e Historia (INAH), M\u00e9xico ha logrado recuperar la impresionante cifra de 2,042 piezas de su patrimonio cultural que se encontraban en el extranjero.<\/p>\n<p>&nbsp;<\/p>\n<p style=\"text-align: justify;\" data-sourcepos=\"11:1-11:552\">Este logro subraya el compromiso del gobierno en la lucha contra el tr\u00e1fico il\u00edcito de bienes culturales y la restituci\u00f3n del legado hist\u00f3rico y arqueol\u00f3gico del pa\u00eds.<\/p>\n<p>&nbsp;<\/p>\n<p style=\"text-align: justify;\" data-sourcepos=\"13:1-13:637\">La magnitud de este esfuerzo qued\u00f3 patente hoy con la entrega de una pieza olmeca de gran valor hist\u00f3rico y arqueol\u00f3gico, recuperada por el Consulado General de M\u00e9xico en Los \u00c1ngeles.<\/p>\n<p>&nbsp;<\/p>\n<p style=\"text-align: justify;\" data-sourcepos=\"13:1-13:637\">En un acto celebrado en el Museo Nacional de Antropolog\u00eda, el canciller Juan Ram\u00f3n de la Fuente y el director general del INAH, Diego Prieto, se congratularon por la restituci\u00f3n de esta figura de barro prehisp\u00e1nica, elaborada entre los a\u00f1os 800 y 400 a.C. en el Altiplano Central (Puebla-Morelos).<\/p>\n<p>&nbsp;<\/p>\n<p style=\"text-align: justify;\" data-sourcepos=\"13:1-13:637\">La pieza representa a un personaje masculino sedente con deformaci\u00f3n craneal, torso desnudo y taparrabo, mostrando rasgos distintivos de la cultura olmeca.<\/p>\n<p>&nbsp;<\/p>\n<p style=\"text-align: justify;\" data-sourcepos=\"15:1-15:474\">El canciller De la Fuente destac\u00f3 que la recuperaci\u00f3n de estas 2,042 piezas arqueol\u00f3gicas en tan corto tiempo demuestra el potencial de M\u00e9xico para seguir repatriando bienes que forman parte del patrimonio nacional y que nunca debieron salir del pa\u00eds.<\/p>\n<p>&nbsp;<\/p>\n<p style=\"text-align: justify;\" data-sourcepos=\"15:1-15:474\">Subray\u00f3 el compromiso de la presidenta Claudia Sheinbaum con estas acciones y su instrucci\u00f3n de fortalecer y ampliar este programa con la participaci\u00f3n de la red consular y las representaciones diplom\u00e1ticas en el exterior.<\/p>\n<p>&nbsp;<\/p>\n<p style=\"text-align: justify;\" data-sourcepos=\"17:1-17:472\">Actualmente, la SRE tiene bajo su resguardo otras 417 piezas listas para ser entregadas al INAH, as\u00ed como 96 piezas m\u00e1s que han sido recuperadas por diversas representaciones mexicanas en el extranjero y est\u00e1n en proceso de ser enviadas a M\u00e9xico.<\/p>\n<p>&nbsp;<\/p>\n<p style=\"text-align: justify;\" data-sourcepos=\"17:1-17:472\">Sobre la pieza olmeca restituida, el antrop\u00f3logo explic\u00f3 que corresponde a la cultura tlatilca y evidencia la presencia del mundo simb\u00f3lico olmeca en el Altiplano mexicano, presentando un estilo de figuras humanas con un cierto realismo y rasgos faciales que buscan acercarse a los del jaguar.<\/p>\n<p>&nbsp;<\/p>\n<p style=\"text-align: justify;\" data-sourcepos=\"21:1-21:431\">Este logro es resultado del trabajo coordinado de diversas autoridades federales y de las gestiones diplom\u00e1ticas de las embajadas y consulados de M\u00e9xico en todo el mundo.<\/p>\n<p>&nbsp;<\/p>\n<p style=\"text-align: center;\" data-sourcepos=\"21:1-21:431\"><em><strong>\u00a1Informaci\u00f3n que transforma!<\/strong><\/em><\/p>\n","protected":false},"excerpt":{"rendered":"<p>En un esfuerzo coordinado por la Secretar\u00eda de Relaciones Exteriores (SRE) y la Secretar\u00eda de Cultura, a trav\u00e9s del Instituto Nacional de Antropolog\u00eda e Historia (INAH), M\u00e9xico ha logrado recuperar la impresionante cifra de 2,042 piezas de su patrimonio cultural que se encontraban en el extranjero durante los primeros meses de la actual administraci\u00f3n.<\/p>\n","protected":false},"author":3,"featured_media":14394,"comment_status":"open","ping_status":"open","sticky":false,"template":"","format":"standard","meta":{"footnotes":""},"categories":[88,58],"tags":[1885,4246,4245,2552],"class_list":["post-14393","post","type-post","status-publish","format-standard","has-post-thumbnail","hentry","category-nacional","category-ultima-hora","tag-inah","tag-mexicorecupera","tag-patrimonioculturalmx","tag-sre"],"yoast_head":"<!-- This site is optimized with the Yoast SEO plugin v25.0 - https:\/\/yoast.com\/wordpress\/plugins\/seo\/ -->\n<title>Tesoros regresan a casa M\u00e9xico recupera m\u00e1s de 2,000 Piezas de patrimonio cultural en el extranjero | Nexo Informativo Santiago de Quer\u00e9taro<\/title>\n<meta name=\"description\" content=\"Tesoros regresan a casa M\u00e9xico recupera m\u00e1s de 2,000 Piezas de patrimonio cultural en el extranjero\" \/>\n<meta name=\"robots\" content=\"index, follow, max-snippet:-1, max-image-preview:large, max-video-preview:-1\" \/>\n<link rel=\"canonical\" href=\"https:\/\/www.nexoinformativo.mx\/index.php\/2025\/04\/22\/tesoros-regresan-a-casa-mexico-recupera-mas-de-2000-piezas-de-patrimonio-cultural-en-el-extranjero\/\" \/>\n<meta property=\"og:locale\" content=\"es_MX\" \/>\n<meta property=\"og:type\" content=\"article\" \/>\n<meta property=\"og:title\" content=\"Tesoros regresan a casa M\u00e9xico recupera m\u00e1s de 2,000 Piezas de patrimonio cultural en el extranjero | Nexo Informativo Santiago de Quer\u00e9taro\" \/>\n<meta property=\"og:description\" content=\"Tesoros regresan a casa M\u00e9xico recupera m\u00e1s de 2,000 Piezas de patrimonio cultural en el extranjero\" \/>\n<meta property=\"og:url\" content=\"https:\/\/www.nexoinformativo.mx\/index.php\/2025\/04\/22\/tesoros-regresan-a-casa-mexico-recupera-mas-de-2000-piezas-de-patrimonio-cultural-en-el-extranjero\/\" \/>\n<meta property=\"og:site_name\" content=\"Nexo Informativo Santiago de Quer\u00e9taro\" \/>\n<meta property=\"article:publisher\" content=\"https:\/\/www.facebook.com\/people\/Nexo-Informativo\/61564066885511\/\" \/>\n<meta property=\"article:published_time\" content=\"2025-04-22T14:00:18+00:00\" \/>\n<meta property=\"article:modified_time\" content=\"2025-04-22T19:35:03+00:00\" \/>\n<meta property=\"og:image\" content=\"https:\/\/www.nexoinformativo.mx\/wp-content\/uploads\/2025\/04\/IMG_2398.jpg\" \/>\n\t<meta property=\"og:image:width\" content=\"518\" \/>\n\t<meta property=\"og:image:height\" content=\"369\" \/>\n\t<meta property=\"og:image:type\" content=\"image\/jpeg\" \/>\n<meta name=\"author\" content=\"Nexo Informativo\" \/>\n<meta name=\"twitter:card\" content=\"summary_large_image\" \/>\n<meta name=\"twitter:label1\" content=\"Escrito por\" \/>\n\t<meta name=\"twitter:data1\" content=\"Nexo Informativo\" \/>\n\t<meta name=\"twitter:label2\" content=\"Tiempo de lectura\" \/>\n\t<meta name=\"twitter:data2\" content=\"2 minutos\" \/>\n<script type=\"application\/ld+json\" class=\"yoast-schema-graph\">{\"@context\":\"https:\/\/schema.org\",\"@graph\":[{\"@type\":\"Article\",\"@id\":\"https:\/\/www.nexoinformativo.mx\/index.php\/2025\/04\/22\/tesoros-regresan-a-casa-mexico-recupera-mas-de-2000-piezas-de-patrimonio-cultural-en-el-extranjero\/#article\",\"isPartOf\":{\"@id\":\"https:\/\/www.nexoinformativo.mx\/index.php\/2025\/04\/22\/tesoros-regresan-a-casa-mexico-recupera-mas-de-2000-piezas-de-patrimonio-cultural-en-el-extranjero\/\"},\"author\":{\"name\":\"Nexo Informativo\",\"@id\":\"https:\/\/www.nexoinformativo.mx\/#\/schema\/person\/7749d380ba08c8ca00d7bc76fd907b7d\"},\"headline\":\"Tesoros regresan a casa M\u00e9xico recupera m\u00e1s de 2,000 Piezas de patrimonio cultural en el extranjero\",\"datePublished\":\"2025-04-22T14:00:18+00:00\",\"dateModified\":\"2025-04-22T19:35:03+00:00\",\"mainEntityOfPage\":{\"@id\":\"https:\/\/www.nexoinformativo.mx\/index.php\/2025\/04\/22\/tesoros-regresan-a-casa-mexico-recupera-mas-de-2000-piezas-de-patrimonio-cultural-en-el-extranjero\/\"},\"wordCount\":423,\"commentCount\":0,\"publisher\":{\"@id\":\"https:\/\/www.nexoinformativo.mx\/#organization\"},\"image\":{\"@id\":\"https:\/\/www.nexoinformativo.mx\/index.php\/2025\/04\/22\/tesoros-regresan-a-casa-mexico-recupera-mas-de-2000-piezas-de-patrimonio-cultural-en-el-extranjero\/#primaryimage\"},\"thumbnailUrl\":\"https:\/\/www.nexoinformativo.mx\/wp-content\/uploads\/2025\/04\/IMG_2398.jpg\",\"keywords\":[\"INAH\",\"M\u00e9xicoRecupera\",\"PatrimonioCulturalMx\",\"SRE\"],\"articleSection\":[\"Nacional\",\"\u00daltima Hora\"],\"inLanguage\":\"es\",\"potentialAction\":[{\"@type\":\"CommentAction\",\"name\":\"Comment\",\"target\":[\"https:\/\/www.nexoinformativo.mx\/index.php\/2025\/04\/22\/tesoros-regresan-a-casa-mexico-recupera-mas-de-2000-piezas-de-patrimonio-cultural-en-el-extranjero\/#respond\"]}]},{\"@type\":\"WebPage\",\"@id\":\"https:\/\/www.nexoinformativo.mx\/index.php\/2025\/04\/22\/tesoros-regresan-a-casa-mexico-recupera-mas-de-2000-piezas-de-patrimonio-cultural-en-el-extranjero\/\",\"url\":\"https:\/\/www.nexoinformativo.mx\/index.php\/2025\/04\/22\/tesoros-regresan-a-casa-mexico-recupera-mas-de-2000-piezas-de-patrimonio-cultural-en-el-extranjero\/\",\"name\":\"Tesoros regresan a casa M\u00e9xico recupera m\u00e1s de 2,000 Piezas de patrimonio cultural en el extranjero | Nexo Informativo Santiago de Quer\u00e9taro\",\"isPartOf\":{\"@id\":\"https:\/\/www.nexoinformativo.mx\/#website\"},\"primaryImageOfPage\":{\"@id\":\"https:\/\/www.nexoinformativo.mx\/index.php\/2025\/04\/22\/tesoros-regresan-a-casa-mexico-recupera-mas-de-2000-piezas-de-patrimonio-cultural-en-el-extranjero\/#primaryimage\"},\"image\":{\"@id\":\"https:\/\/www.nexoinformativo.mx\/index.php\/2025\/04\/22\/tesoros-regresan-a-casa-mexico-recupera-mas-de-2000-piezas-de-patrimonio-cultural-en-el-extranjero\/#primaryimage\"},\"thumbnailUrl\":\"https:\/\/www.nexoinformativo.mx\/wp-content\/uploads\/2025\/04\/IMG_2398.jpg\",\"datePublished\":\"2025-04-22T14:00:18+00:00\",\"dateModified\":\"2025-04-22T19:35:03+00:00\",\"description\":\"Tesoros regresan a casa M\u00e9xico recupera m\u00e1s de 2,000 Piezas de patrimonio cultural en el extranjero\",\"breadcrumb\":{\"@id\":\"https:\/\/www.nexoinformativo.mx\/index.php\/2025\/04\/22\/tesoros-regresan-a-casa-mexico-recupera-mas-de-2000-piezas-de-patrimonio-cultural-en-el-extranjero\/#breadcrumb\"},\"inLanguage\":\"es\",\"potentialAction\":[{\"@type\":\"ReadAction\",\"target\":[\"https:\/\/www.nexoinformativo.mx\/index.php\/2025\/04\/22\/tesoros-regresan-a-casa-mexico-recupera-mas-de-2000-piezas-de-patrimonio-cultural-en-el-extranjero\/\"]}]},{\"@type\":\"ImageObject\",\"inLanguage\":\"es\",\"@id\":\"https:\/\/www.nexoinformativo.mx\/index.php\/2025\/04\/22\/tesoros-regresan-a-casa-mexico-recupera-mas-de-2000-piezas-de-patrimonio-cultural-en-el-extranjero\/#primaryimage\",\"url\":\"https:\/\/www.nexoinformativo.mx\/wp-content\/uploads\/2025\/04\/IMG_2398.jpg\",\"contentUrl\":\"https:\/\/www.nexoinformativo.mx\/wp-content\/uploads\/2025\/04\/IMG_2398.jpg\",\"width\":518,\"height\":369},{\"@type\":\"BreadcrumbList\",\"@id\":\"https:\/\/www.nexoinformativo.mx\/index.php\/2025\/04\/22\/tesoros-regresan-a-casa-mexico-recupera-mas-de-2000-piezas-de-patrimonio-cultural-en-el-extranjero\/#breadcrumb\",\"itemListElement\":[{\"@type\":\"ListItem\",\"position\":1,\"name\":\"Inicio\",\"item\":\"https:\/\/www.nexoinformativo.mx\/\"},{\"@type\":\"ListItem\",\"position\":2,\"name\":\"Tesoros regresan a casa M\u00e9xico recupera m\u00e1s de 2,000 Piezas de patrimonio cultural en el extranjero\"}]},{\"@type\":\"WebSite\",\"@id\":\"https:\/\/www.nexoinformativo.mx\/#website\",\"url\":\"https:\/\/www.nexoinformativo.mx\/\",\"name\":\"Nexo Informativo Santiago de Quer\u00e9taro\",\"description\":\"Explora NexoInformativo y convi\u00e9rtete en parte de una comunidad que valora el conocimiento y la verdad. Tu nexoinformativo es tu puente hacia una comprensi\u00f3n m\u00e1s profunda del mundo que te rodea.\",\"publisher\":{\"@id\":\"https:\/\/www.nexoinformativo.mx\/#organization\"},\"potentialAction\":[{\"@type\":\"SearchAction\",\"target\":{\"@type\":\"EntryPoint\",\"urlTemplate\":\"https:\/\/www.nexoinformativo.mx\/?s={search_term_string}\"},\"query-input\":{\"@type\":\"PropertyValueSpecification\",\"valueRequired\":true,\"valueName\":\"search_term_string\"}}],\"inLanguage\":\"es\"},{\"@type\":\"Organization\",\"@id\":\"https:\/\/www.nexoinformativo.mx\/#organization\",\"name\":\"Nexo Informativo Santiago de Quer\u00e9taro\",\"url\":\"https:\/\/www.nexoinformativo.mx\/\",\"logo\":{\"@type\":\"ImageObject\",\"inLanguage\":\"es\",\"@id\":\"https:\/\/www.nexoinformativo.mx\/#\/schema\/logo\/image\/\",\"url\":\"https:\/\/www.nexoinformativo.mx\/wp-content\/uploads\/2024\/07\/nexoi-trasparente-2.png\",\"contentUrl\":\"https:\/\/www.nexoinformativo.mx\/wp-content\/uploads\/2024\/07\/nexoi-trasparente-2.png\",\"width\":816,\"height\":339,\"caption\":\"Nexo Informativo Santiago de Quer\u00e9taro\"},\"image\":{\"@id\":\"https:\/\/www.nexoinformativo.mx\/#\/schema\/logo\/image\/\"},\"sameAs\":[\"https:\/\/www.facebook.com\/people\/Nexo-Informativo\/61564066885511\/\"]},{\"@type\":\"Person\",\"@id\":\"https:\/\/www.nexoinformativo.mx\/#\/schema\/person\/7749d380ba08c8ca00d7bc76fd907b7d\",\"name\":\"Nexo Informativo\",\"image\":{\"@type\":\"ImageObject\",\"inLanguage\":\"es\",\"@id\":\"https:\/\/www.nexoinformativo.mx\/#\/schema\/person\/image\/\",\"url\":\"https:\/\/secure.gravatar.com\/avatar\/dde2928154642a13d95f87ddf1ea9718fe2b46760a005c53e41ff5ad610704e6?s=96&d=mm&r=g\",\"contentUrl\":\"https:\/\/secure.gravatar.com\/avatar\/dde2928154642a13d95f87ddf1ea9718fe2b46760a005c53e41ff5ad610704e6?s=96&d=mm&r=g\",\"caption\":\"Nexo Informativo\"},\"url\":\"https:\/\/www.nexoinformativo.mx\/index.php\/author\/edicion\/\"}]}<\/script>\n<!-- \/ Yoast SEO plugin. -->","yoast_head_json":{"title":"Tesoros regresan a casa M\u00e9xico recupera m\u00e1s de 2,000 Piezas de patrimonio cultural en el extranjero | Nexo Informativo Santiago de Quer\u00e9taro","description":"Tesoros regresan a casa M\u00e9xico recupera m\u00e1s de 2,000 Piezas de patrimonio cultural en el extranjero","robots":{"index":"index","follow":"follow","max-snippet":"max-snippet:-1","max-image-preview":"max-image-preview:large","max-video-preview":"max-video-preview:-1"},"canonical":"https:\/\/www.nexoinformativo.mx\/index.php\/2025\/04\/22\/tesoros-regresan-a-casa-mexico-recupera-mas-de-2000-piezas-de-patrimonio-cultural-en-el-extranjero\/","og_locale":"es_MX","og_type":"article","og_title":"Tesoros regresan a casa M\u00e9xico recupera m\u00e1s de 2,000 Piezas de patrimonio cultural en el extranjero | Nexo Informativo Santiago de Quer\u00e9taro","og_description":"Tesoros regresan a casa M\u00e9xico recupera m\u00e1s de 2,000 Piezas de patrimonio cultural en el extranjero","og_url":"https:\/\/www.nexoinformativo.mx\/index.php\/2025\/04\/22\/tesoros-regresan-a-casa-mexico-recupera-mas-de-2000-piezas-de-patrimonio-cultural-en-el-extranjero\/","og_site_name":"Nexo Informativo Santiago de Quer\u00e9taro","article_publisher":"https:\/\/www.facebook.com\/people\/Nexo-Informativo\/61564066885511\/","article_published_time":"2025-04-22T14:00:18+00:00","article_modified_time":"2025-04-22T19:35:03+00:00","og_image":[{"width":518,"height":369,"url":"https:\/\/www.nexoinformativo.mx\/wp-content\/uploads\/2025\/04\/IMG_2398.jpg","type":"image\/jpeg"}],"author":"Nexo Informativo","twitter_card":"summary_large_image","twitter_misc":{"Escrito por":"Nexo Informativo","Tiempo de lectura":"2 minutos"},"schema":{"@context":"https:\/\/schema.org","@graph":[{"@type":"Article","@id":"https:\/\/www.nexoinformativo.mx\/index.php\/2025\/04\/22\/tesoros-regresan-a-casa-mexico-recupera-mas-de-2000-piezas-de-patrimonio-cultural-en-el-extranjero\/#article","isPartOf":{"@id":"https:\/\/www.nexoinformativo.mx\/index.php\/2025\/04\/22\/tesoros-regresan-a-casa-mexico-recupera-mas-de-2000-piezas-de-patrimonio-cultural-en-el-extranjero\/"},"author":{"name":"Nexo Informativo","@id":"https:\/\/www.nexoinformativo.mx\/#\/schema\/person\/7749d380ba08c8ca00d7bc76fd907b7d"},"headline":"Tesoros regresan a casa M\u00e9xico recupera m\u00e1s de 2,000 Piezas de patrimonio cultural en el extranjero","datePublished":"2025-04-22T14:00:18+00:00","dateModified":"2025-04-22T19:35:03+00:00","mainEntityOfPage":{"@id":"https:\/\/www.nexoinformativo.mx\/index.php\/2025\/04\/22\/tesoros-regresan-a-casa-mexico-recupera-mas-de-2000-piezas-de-patrimonio-cultural-en-el-extranjero\/"},"wordCount":423,"commentCount":0,"publisher":{"@id":"https:\/\/www.nexoinformativo.mx\/#organization"},"image":{"@id":"https:\/\/www.nexoinformativo.mx\/index.php\/2025\/04\/22\/tesoros-regresan-a-casa-mexico-recupera-mas-de-2000-piezas-de-patrimonio-cultural-en-el-extranjero\/#primaryimage"},"thumbnailUrl":"https:\/\/www.nexoinformativo.mx\/wp-content\/uploads\/2025\/04\/IMG_2398.jpg","keywords":["INAH","M\u00e9xicoRecupera","PatrimonioCulturalMx","SRE"],"articleSection":["Nacional","\u00daltima Hora"],"inLanguage":"es","potentialAction":[{"@type":"CommentAction","name":"Comment","target":["https:\/\/www.nexoinformativo.mx\/index.php\/2025\/04\/22\/tesoros-regresan-a-casa-mexico-recupera-mas-de-2000-piezas-de-patrimonio-cultural-en-el-extranjero\/#respond"]}]},{"@type":"WebPage","@id":"https:\/\/www.nexoinformativo.mx\/index.php\/2025\/04\/22\/tesoros-regresan-a-casa-mexico-recupera-mas-de-2000-piezas-de-patrimonio-cultural-en-el-extranjero\/","url":"https:\/\/www.nexoinformativo.mx\/index.php\/2025\/04\/22\/tesoros-regresan-a-casa-mexico-recupera-mas-de-2000-piezas-de-patrimonio-cultural-en-el-extranjero\/","name":"Tesoros regresan a casa M\u00e9xico recupera m\u00e1s de 2,000 Piezas de patrimonio cultural en el extranjero | Nexo Informativo Santiago de Quer\u00e9taro","isPartOf":{"@id":"https:\/\/www.nexoinformativo.mx\/#website"},"primaryImageOfPage":{"@id":"https:\/\/www.nexoinformativo.mx\/index.php\/2025\/04\/22\/tesoros-regresan-a-casa-mexico-recupera-mas-de-2000-piezas-de-patrimonio-cultural-en-el-extranjero\/#primaryimage"},"image":{"@id":"https:\/\/www.nexoinformativo.mx\/index.php\/2025\/04\/22\/tesoros-regresan-a-casa-mexico-recupera-mas-de-2000-piezas-de-patrimonio-cultural-en-el-extranjero\/#primaryimage"},"thumbnailUrl":"https:\/\/www.nexoinformativo.mx\/wp-content\/uploads\/2025\/04\/IMG_2398.jpg","datePublished":"2025-04-22T14:00:18+00:00","dateModified":"2025-04-22T19:35:03+00:00","description":"Tesoros regresan a casa M\u00e9xico recupera m\u00e1s de 2,000 Piezas de patrimonio cultural en el extranjero","breadcrumb":{"@id":"https:\/\/www.nexoinformativo.mx\/index.php\/2025\/04\/22\/tesoros-regresan-a-casa-mexico-recupera-mas-de-2000-piezas-de-patrimonio-cultural-en-el-extranjero\/#breadcrumb"},"inLanguage":"es","potentialAction":[{"@type":"ReadAction","target":["https:\/\/www.nexoinformativo.mx\/index.php\/2025\/04\/22\/tesoros-regresan-a-casa-mexico-recupera-mas-de-2000-piezas-de-patrimonio-cultural-en-el-extranjero\/"]}]},{"@type":"ImageObject","inLanguage":"es","@id":"https:\/\/www.nexoinformativo.mx\/index.php\/2025\/04\/22\/tesoros-regresan-a-casa-mexico-recupera-mas-de-2000-piezas-de-patrimonio-cultural-en-el-extranjero\/#primaryimage","url":"https:\/\/www.nexoinformativo.mx\/wp-content\/uploads\/2025\/04\/IMG_2398.jpg","contentUrl":"https:\/\/www.nexoinformativo.mx\/wp-content\/uploads\/2025\/04\/IMG_2398.jpg","width":518,"height":369},{"@type":"BreadcrumbList","@id":"https:\/\/www.nexoinformativo.mx\/index.php\/2025\/04\/22\/tesoros-regresan-a-casa-mexico-recupera-mas-de-2000-piezas-de-patrimonio-cultural-en-el-extranjero\/#breadcrumb","itemListElement":[{"@type":"ListItem","position":1,"name":"Inicio","item":"https:\/\/www.nexoinformativo.mx\/"},{"@type":"ListItem","position":2,"name":"Tesoros regresan a casa M\u00e9xico recupera m\u00e1s de 2,000 Piezas de patrimonio cultural en el extranjero"}]},{"@type":"WebSite","@id":"https:\/\/www.nexoinformativo.mx\/#website","url":"https:\/\/www.nexoinformativo.mx\/","name":"Nexo Informativo Santiago de Quer\u00e9taro","description":"Explora NexoInformativo y convi\u00e9rtete en parte de una comunidad que valora el conocimiento y la verdad. Tu nexoinformativo es tu puente hacia una comprensi\u00f3n m\u00e1s profunda del mundo que te rodea.","publisher":{"@id":"https:\/\/www.nexoinformativo.mx\/#organization"},"potentialAction":[{"@type":"SearchAction","target":{"@type":"EntryPoint","urlTemplate":"https:\/\/www.nexoinformativo.mx\/?s={search_term_string}"},"query-input":{"@type":"PropertyValueSpecification","valueRequired":true,"valueName":"search_term_string"}}],"inLanguage":"es"},{"@type":"Organization","@id":"https:\/\/www.nexoinformativo.mx\/#organization","name":"Nexo Informativo Santiago de Quer\u00e9taro","url":"https:\/\/www.nexoinformativo.mx\/","logo":{"@type":"ImageObject","inLanguage":"es","@id":"https:\/\/www.nexoinformativo.mx\/#\/schema\/logo\/image\/","url":"https:\/\/www.nexoinformativo.mx\/wp-content\/uploads\/2024\/07\/nexoi-trasparente-2.png","contentUrl":"https:\/\/www.nexoinformativo.mx\/wp-content\/uploads\/2024\/07\/nexoi-trasparente-2.png","width":816,"height":339,"caption":"Nexo Informativo Santiago de Quer\u00e9taro"},"image":{"@id":"https:\/\/www.nexoinformativo.mx\/#\/schema\/logo\/image\/"},"sameAs":["https:\/\/www.facebook.com\/people\/Nexo-Informativo\/61564066885511\/"]},{"@type":"Person","@id":"https:\/\/www.nexoinformativo.mx\/#\/schema\/person\/7749d380ba08c8ca00d7bc76fd907b7d","name":"Nexo Informativo","image":{"@type":"ImageObject","inLanguage":"es","@id":"https:\/\/www.nexoinformativo.mx\/#\/schema\/person\/image\/","url":"https:\/\/secure.gravatar.com\/avatar\/dde2928154642a13d95f87ddf1ea9718fe2b46760a005c53e41ff5ad610704e6?s=96&d=mm&r=g","contentUrl":"https:\/\/secure.gravatar.com\/avatar\/dde2928154642a13d95f87ddf1ea9718fe2b46760a005c53e41ff5ad610704e6?s=96&d=mm&r=g","caption":"Nexo Informativo"},"url":"https:\/\/www.nexoinformativo.mx\/index.php\/author\/edicion\/"}]}},"_links":{"self":[{"href":"https:\/\/www.nexoinformativo.mx\/index.php\/wp-json\/wp\/v2\/posts\/14393","targetHints":{"allow":["GET"]}}],"collection":[{"href":"https:\/\/www.nexoinformativo.mx\/index.php\/wp-json\/wp\/v2\/posts"}],"about":[{"href":"https:\/\/www.nexoinformativo.mx\/index.php\/wp-json\/wp\/v2\/types\/post"}],"author":[{"embeddable":true,"href":"https:\/\/www.nexoinformativo.mx\/index.php\/wp-json\/wp\/v2\/users\/3"}],"replies":[{"embeddable":true,"href":"https:\/\/www.nexoinformativo.mx\/index.php\/wp-json\/wp\/v2\/comments?post=14393"}],"version-history":[{"count":4,"href":"https:\/\/www.nexoinformativo.mx\/index.php\/wp-json\/wp\/v2\/posts\/14393\/revisions"}],"predecessor-version":[{"id":14398,"href":"https:\/\/www.nexoinformativo.mx\/index.php\/wp-json\/wp\/v2\/posts\/14393\/revisions\/14398"}],"wp:featuredmedia":[{"embeddable":true,"href":"https:\/\/www.nexoinformativo.mx\/index.php\/wp-json\/wp\/v2\/media\/14394"}],"wp:attachment":[{"href":"https:\/\/www.nexoinformativo.mx\/index.php\/wp-json\/wp\/v2\/media?parent=14393"}],"wp:term":[{"taxonomy":"category","embeddable":true,"href":"https:\/\/www.nexoinformativo.mx\/index.php\/wp-json\/wp\/v2\/categories?post=14393"},{"taxonomy":"post_tag","embeddable":true,"href":"https:\/\/www.nexoinformativo.mx\/index.php\/wp-json\/wp\/v2\/tags?post=14393"}],"curies":[{"name":"wp","href":"https:\/\/api.w.org\/{rel}","templated":true}]}}