{"id":14404,"date":"2025-04-22T10:00:20","date_gmt":"2025-04-22T16:00:20","guid":{"rendered":"https:\/\/www.nexoinformativo.mx\/?p=14404"},"modified":"2025-04-22T13:47:18","modified_gmt":"2025-04-22T19:47:18","slug":"el-arancel-de-eu-a-latas-de-cerveza-golpea-principalmente-a-mexico","status":"publish","type":"post","link":"https:\/\/www.nexoinformativo.mx\/index.php\/2025\/04\/22\/el-arancel-de-eu-a-latas-de-cerveza-golpea-principalmente-a-mexico\/","title":{"rendered":"El arancel de EU a latas de cerveza golpea principalmente a M\u00e9xico"},"content":{"rendered":"<p style=\"text-align: justify;\" data-sourcepos=\"11:1-11:476\">M\u00e9xico se perfila como el pa\u00eds m\u00e1s afectado por la reciente imposici\u00f3n de un arancel del 25% por parte de Estados Unidos a las latas de cerveza importadas.<\/p>\n<\/p>\n<p>&nbsp;<\/p>\n<p style=\"text-align: justify;\" data-sourcepos=\"11:1-11:476\">Si bien el Departamento de Comercio estadounidense aclar\u00f3 que el impuesto punitivo solo se aplica al valor del aluminio del envase y no a la bebida en s\u00ed, la posici\u00f3n de M\u00e9xico como principal exportador de cerveza y de latas vac\u00edas al vecino del norte lo coloca en una situaci\u00f3n vulnerable.<\/p>\n<\/p>\n<p>&nbsp;<\/p>\n<p style=\"text-align: justify;\" data-sourcepos=\"13:1-13:570\">La aclaraci\u00f3n del Departamento de Comercio detalla que el arancel a las importaciones de cerveza se limita al valor del contenido de aluminio de la lata. Sin embargo, las importaciones estadounidenses de latas de aluminio vac\u00edas s\u00ed pagar\u00e1n el arancel del 25% sobre su valor total.<\/p>\n<\/p>\n<p>&nbsp;<\/p>\n<p style=\"text-align: justify;\" data-sourcepos=\"13:1-13:570\">La Oficina de Aduanas y Protecci\u00f3n Fronteriza (CBP) confirm\u00f3 que la cerveza elaborada a partir de malta en recipientes de vidrio de hasta cuatro litros no est\u00e1 sujeta a estos aranceles, impuestos bajo la Secci\u00f3n 232, una medida que Estados Unidos utiliza por motivos de seguridad nacional.<\/p>\n<\/p>\n<p>&nbsp;<\/p>\n<p style=\"text-align: justify;\" data-sourcepos=\"15:1-15:465\">En 2024, las importaciones estadounidenses de cerveza alcanzaron los 7,741 millones de d\u00f3lares, siendo M\u00e9xico el proveedor dominante con un 82.5% del mercado.<\/p>\n<\/p>\n<p>&nbsp;<\/p>\n<p style=\"text-align: justify;\" data-sourcepos=\"17:1-17:300\">En cuanto a las latas vac\u00edas, M\u00e9xico tambi\u00e9n lider\u00f3 las exportaciones a Estados Unidos en 2024, con un valor de 135 millones de d\u00f3lares de un total de 268 millones. Sorprendentemente, la imposici\u00f3n de estos aranceles no contempla exenciones para M\u00e9xico y Canad\u00e1, socios de Estados Unidos en el T-MEC.<\/p>\n<\/p>\n<p>&nbsp;<\/p>\n<p style=\"text-align: justify;\" data-sourcepos=\"19:1-19:368\">M\u00e9xico goza de un super\u00e1vit comercial considerable en el sector cervecero con Estados Unidos, exportando 6,277 millones de d\u00f3lares e importando solo 2 millones.<\/p>\n<\/p>\n<p>&nbsp;<\/p>\n<p style=\"text-align: justify;\" data-sourcepos=\"19:1-19:368\">El mayor impacto de estas tarifas se prev\u00e9 en empresas como Constellation Brands, que importa toda su cerveza (incluyendo la familia de marcas Corona) desde M\u00e9xico para su venta en el mercado estadounidense.<\/p>\n<\/p>\n<p>&nbsp;<\/p>\n<p style=\"text-align: center;\" data-sourcepos=\"19:1-19:368\"><em><strong>\u00a1Informaci\u00f3n que transforma!<\/strong><\/em><\/p>\n","protected":false},"excerpt":{"rendered":"<p>M\u00e9xico se perfila como el pa\u00eds m\u00e1s afectado por la reciente imposici\u00f3n de un arancel del 25% por parte de Estados Unidos a las latas de cerveza importadas.<\/p>\n","protected":false},"author":3,"featured_media":14405,"comment_status":"open","ping_status":"open","sticky":false,"template":"","format":"standard","meta":{"footnotes":""},"categories":[5,88,58],"tags":[4250,1491,951,3429],"class_list":["post-14404","post","type-post","status-publish","format-standard","has-post-thumbnail","hentry","category-economia","category-nacional","category-ultima-hora","tag-arancelcerveza","tag-comerciointernacional","tag-economiamexicana","tag-mexicoeu"],"yoast_head":"<!-- This site is optimized with the Yoast SEO plugin v25.0 - https:\/\/yoast.com\/wordpress\/plugins\/seo\/ -->\n<title>El arancel de EU a latas de cerveza golpea principalmente a M\u00e9xico | Nexo Informativo Santiago de Quer\u00e9taro<\/title>\n<meta name=\"description\" content=\"El arancel de EU a latas de cerveza golpea principalmente a M\u00e9xico\" \/>\n<meta name=\"robots\" content=\"index, follow, max-snippet:-1, max-image-preview:large, max-video-preview:-1\" \/>\n<link rel=\"canonical\" href=\"https:\/\/www.nexoinformativo.mx\/index.php\/2025\/04\/22\/el-arancel-de-eu-a-latas-de-cerveza-golpea-principalmente-a-mexico\/\" \/>\n<meta property=\"og:locale\" content=\"es_MX\" \/>\n<meta property=\"og:type\" content=\"article\" \/>\n<meta property=\"og:title\" content=\"El arancel de EU a latas de cerveza golpea principalmente a M\u00e9xico | Nexo Informativo Santiago de Quer\u00e9taro\" \/>\n<meta property=\"og:description\" content=\"El arancel de EU a latas de cerveza golpea principalmente a M\u00e9xico\" \/>\n<meta property=\"og:url\" content=\"https:\/\/www.nexoinformativo.mx\/index.php\/2025\/04\/22\/el-arancel-de-eu-a-latas-de-cerveza-golpea-principalmente-a-mexico\/\" \/>\n<meta property=\"og:site_name\" content=\"Nexo Informativo Santiago de Quer\u00e9taro\" \/>\n<meta property=\"article:publisher\" content=\"https:\/\/www.facebook.com\/people\/Nexo-Informativo\/61564066885511\/\" \/>\n<meta property=\"article:published_time\" content=\"2025-04-22T16:00:20+00:00\" \/>\n<meta property=\"article:modified_time\" content=\"2025-04-22T19:47:18+00:00\" \/>\n<meta property=\"og:image\" content=\"https:\/\/www.nexoinformativo.mx\/wp-content\/uploads\/2025\/04\/pexels-cottonbro-5532674-e1745351165386.jpg\" \/>\n\t<meta property=\"og:image:width\" content=\"800\" \/>\n\t<meta property=\"og:image:height\" content=\"645\" \/>\n\t<meta property=\"og:image:type\" content=\"image\/jpeg\" \/>\n<meta name=\"author\" content=\"Nexo Informativo\" \/>\n<meta name=\"twitter:card\" content=\"summary_large_image\" \/>\n<meta name=\"twitter:label1\" content=\"Escrito por\" \/>\n\t<meta name=\"twitter:data1\" content=\"Nexo Informativo\" \/>\n\t<meta name=\"twitter:label2\" content=\"Tiempo de lectura\" \/>\n\t<meta name=\"twitter:data2\" content=\"2 minutos\" \/>\n<script type=\"application\/ld+json\" class=\"yoast-schema-graph\">{\"@context\":\"https:\/\/schema.org\",\"@graph\":[{\"@type\":\"Article\",\"@id\":\"https:\/\/www.nexoinformativo.mx\/index.php\/2025\/04\/22\/el-arancel-de-eu-a-latas-de-cerveza-golpea-principalmente-a-mexico\/#article\",\"isPartOf\":{\"@id\":\"https:\/\/www.nexoinformativo.mx\/index.php\/2025\/04\/22\/el-arancel-de-eu-a-latas-de-cerveza-golpea-principalmente-a-mexico\/\"},\"author\":{\"name\":\"Nexo Informativo\",\"@id\":\"https:\/\/www.nexoinformativo.mx\/#\/schema\/person\/7749d380ba08c8ca00d7bc76fd907b7d\"},\"headline\":\"El arancel de EU a latas de cerveza golpea principalmente a M\u00e9xico\",\"datePublished\":\"2025-04-22T16:00:20+00:00\",\"dateModified\":\"2025-04-22T19:47:18+00:00\",\"mainEntityOfPage\":{\"@id\":\"https:\/\/www.nexoinformativo.mx\/index.php\/2025\/04\/22\/el-arancel-de-eu-a-latas-de-cerveza-golpea-principalmente-a-mexico\/\"},\"wordCount\":341,\"commentCount\":0,\"publisher\":{\"@id\":\"https:\/\/www.nexoinformativo.mx\/#organization\"},\"image\":{\"@id\":\"https:\/\/www.nexoinformativo.mx\/index.php\/2025\/04\/22\/el-arancel-de-eu-a-latas-de-cerveza-golpea-principalmente-a-mexico\/#primaryimage\"},\"thumbnailUrl\":\"https:\/\/www.nexoinformativo.mx\/wp-content\/uploads\/2025\/04\/pexels-cottonbro-5532674-e1745351165386.jpg\",\"keywords\":[\"ArancelCerveza\",\"ComercioInternacional\",\"Econom\u00edaMexicana\",\"M\u00e9xicoEU\"],\"articleSection\":[\"Econom\u00eda\",\"Nacional\",\"\u00daltima Hora\"],\"inLanguage\":\"es\",\"potentialAction\":[{\"@type\":\"CommentAction\",\"name\":\"Comment\",\"target\":[\"https:\/\/www.nexoinformativo.mx\/index.php\/2025\/04\/22\/el-arancel-de-eu-a-latas-de-cerveza-golpea-principalmente-a-mexico\/#respond\"]}]},{\"@type\":\"WebPage\",\"@id\":\"https:\/\/www.nexoinformativo.mx\/index.php\/2025\/04\/22\/el-arancel-de-eu-a-latas-de-cerveza-golpea-principalmente-a-mexico\/\",\"url\":\"https:\/\/www.nexoinformativo.mx\/index.php\/2025\/04\/22\/el-arancel-de-eu-a-latas-de-cerveza-golpea-principalmente-a-mexico\/\",\"name\":\"El arancel de EU a latas de cerveza golpea principalmente a M\u00e9xico | Nexo Informativo Santiago de Quer\u00e9taro\",\"isPartOf\":{\"@id\":\"https:\/\/www.nexoinformativo.mx\/#website\"},\"primaryImageOfPage\":{\"@id\":\"https:\/\/www.nexoinformativo.mx\/index.php\/2025\/04\/22\/el-arancel-de-eu-a-latas-de-cerveza-golpea-principalmente-a-mexico\/#primaryimage\"},\"image\":{\"@id\":\"https:\/\/www.nexoinformativo.mx\/index.php\/2025\/04\/22\/el-arancel-de-eu-a-latas-de-cerveza-golpea-principalmente-a-mexico\/#primaryimage\"},\"thumbnailUrl\":\"https:\/\/www.nexoinformativo.mx\/wp-content\/uploads\/2025\/04\/pexels-cottonbro-5532674-e1745351165386.jpg\",\"datePublished\":\"2025-04-22T16:00:20+00:00\",\"dateModified\":\"2025-04-22T19:47:18+00:00\",\"description\":\"El arancel de EU a latas de cerveza golpea principalmente a M\u00e9xico\",\"breadcrumb\":{\"@id\":\"https:\/\/www.nexoinformativo.mx\/index.php\/2025\/04\/22\/el-arancel-de-eu-a-latas-de-cerveza-golpea-principalmente-a-mexico\/#breadcrumb\"},\"inLanguage\":\"es\",\"potentialAction\":[{\"@type\":\"ReadAction\",\"target\":[\"https:\/\/www.nexoinformativo.mx\/index.php\/2025\/04\/22\/el-arancel-de-eu-a-latas-de-cerveza-golpea-principalmente-a-mexico\/\"]}]},{\"@type\":\"ImageObject\",\"inLanguage\":\"es\",\"@id\":\"https:\/\/www.nexoinformativo.mx\/index.php\/2025\/04\/22\/el-arancel-de-eu-a-latas-de-cerveza-golpea-principalmente-a-mexico\/#primaryimage\",\"url\":\"https:\/\/www.nexoinformativo.mx\/wp-content\/uploads\/2025\/04\/pexels-cottonbro-5532674-e1745351165386.jpg\",\"contentUrl\":\"https:\/\/www.nexoinformativo.mx\/wp-content\/uploads\/2025\/04\/pexels-cottonbro-5532674-e1745351165386.jpg\",\"width\":800,\"height\":645},{\"@type\":\"BreadcrumbList\",\"@id\":\"https:\/\/www.nexoinformativo.mx\/index.php\/2025\/04\/22\/el-arancel-de-eu-a-latas-de-cerveza-golpea-principalmente-a-mexico\/#breadcrumb\",\"itemListElement\":[{\"@type\":\"ListItem\",\"position\":1,\"name\":\"Inicio\",\"item\":\"https:\/\/www.nexoinformativo.mx\/\"},{\"@type\":\"ListItem\",\"position\":2,\"name\":\"El arancel de EU a latas de cerveza golpea principalmente a M\u00e9xico\"}]},{\"@type\":\"WebSite\",\"@id\":\"https:\/\/www.nexoinformativo.mx\/#website\",\"url\":\"https:\/\/www.nexoinformativo.mx\/\",\"name\":\"Nexo Informativo Santiago de Quer\u00e9taro\",\"description\":\"Explora NexoInformativo y convi\u00e9rtete en parte de una comunidad que valora el conocimiento y la verdad. Tu nexoinformativo es tu puente hacia una comprensi\u00f3n m\u00e1s profunda del mundo que te rodea.\",\"publisher\":{\"@id\":\"https:\/\/www.nexoinformativo.mx\/#organization\"},\"potentialAction\":[{\"@type\":\"SearchAction\",\"target\":{\"@type\":\"EntryPoint\",\"urlTemplate\":\"https:\/\/www.nexoinformativo.mx\/?s={search_term_string}\"},\"query-input\":{\"@type\":\"PropertyValueSpecification\",\"valueRequired\":true,\"valueName\":\"search_term_string\"}}],\"inLanguage\":\"es\"},{\"@type\":\"Organization\",\"@id\":\"https:\/\/www.nexoinformativo.mx\/#organization\",\"name\":\"Nexo Informativo Santiago de Quer\u00e9taro\",\"url\":\"https:\/\/www.nexoinformativo.mx\/\",\"logo\":{\"@type\":\"ImageObject\",\"inLanguage\":\"es\",\"@id\":\"https:\/\/www.nexoinformativo.mx\/#\/schema\/logo\/image\/\",\"url\":\"https:\/\/www.nexoinformativo.mx\/wp-content\/uploads\/2024\/07\/nexoi-trasparente-2.png\",\"contentUrl\":\"https:\/\/www.nexoinformativo.mx\/wp-content\/uploads\/2024\/07\/nexoi-trasparente-2.png\",\"width\":816,\"height\":339,\"caption\":\"Nexo Informativo Santiago de Quer\u00e9taro\"},\"image\":{\"@id\":\"https:\/\/www.nexoinformativo.mx\/#\/schema\/logo\/image\/\"},\"sameAs\":[\"https:\/\/www.facebook.com\/people\/Nexo-Informativo\/61564066885511\/\"]},{\"@type\":\"Person\",\"@id\":\"https:\/\/www.nexoinformativo.mx\/#\/schema\/person\/7749d380ba08c8ca00d7bc76fd907b7d\",\"name\":\"Nexo Informativo\",\"image\":{\"@type\":\"ImageObject\",\"inLanguage\":\"es\",\"@id\":\"https:\/\/www.nexoinformativo.mx\/#\/schema\/person\/image\/\",\"url\":\"https:\/\/secure.gravatar.com\/avatar\/dde2928154642a13d95f87ddf1ea9718fe2b46760a005c53e41ff5ad610704e6?s=96&d=mm&r=g\",\"contentUrl\":\"https:\/\/secure.gravatar.com\/avatar\/dde2928154642a13d95f87ddf1ea9718fe2b46760a005c53e41ff5ad610704e6?s=96&d=mm&r=g\",\"caption\":\"Nexo Informativo\"},\"url\":\"https:\/\/www.nexoinformativo.mx\/index.php\/author\/edicion\/\"}]}<\/script>\n<!-- \/ Yoast SEO plugin. -->","yoast_head_json":{"title":"El arancel de EU a latas de cerveza golpea principalmente a M\u00e9xico | Nexo Informativo Santiago de Quer\u00e9taro","description":"El arancel de EU a latas de cerveza golpea principalmente a M\u00e9xico","robots":{"index":"index","follow":"follow","max-snippet":"max-snippet:-1","max-image-preview":"max-image-preview:large","max-video-preview":"max-video-preview:-1"},"canonical":"https:\/\/www.nexoinformativo.mx\/index.php\/2025\/04\/22\/el-arancel-de-eu-a-latas-de-cerveza-golpea-principalmente-a-mexico\/","og_locale":"es_MX","og_type":"article","og_title":"El arancel de EU a latas de cerveza golpea principalmente a M\u00e9xico | Nexo Informativo Santiago de Quer\u00e9taro","og_description":"El arancel de EU a latas de cerveza golpea principalmente a M\u00e9xico","og_url":"https:\/\/www.nexoinformativo.mx\/index.php\/2025\/04\/22\/el-arancel-de-eu-a-latas-de-cerveza-golpea-principalmente-a-mexico\/","og_site_name":"Nexo Informativo Santiago de Quer\u00e9taro","article_publisher":"https:\/\/www.facebook.com\/people\/Nexo-Informativo\/61564066885511\/","article_published_time":"2025-04-22T16:00:20+00:00","article_modified_time":"2025-04-22T19:47:18+00:00","og_image":[{"width":800,"height":645,"url":"https:\/\/www.nexoinformativo.mx\/wp-content\/uploads\/2025\/04\/pexels-cottonbro-5532674-e1745351165386.jpg","type":"image\/jpeg"}],"author":"Nexo Informativo","twitter_card":"summary_large_image","twitter_misc":{"Escrito por":"Nexo Informativo","Tiempo de lectura":"2 minutos"},"schema":{"@context":"https:\/\/schema.org","@graph":[{"@type":"Article","@id":"https:\/\/www.nexoinformativo.mx\/index.php\/2025\/04\/22\/el-arancel-de-eu-a-latas-de-cerveza-golpea-principalmente-a-mexico\/#article","isPartOf":{"@id":"https:\/\/www.nexoinformativo.mx\/index.php\/2025\/04\/22\/el-arancel-de-eu-a-latas-de-cerveza-golpea-principalmente-a-mexico\/"},"author":{"name":"Nexo Informativo","@id":"https:\/\/www.nexoinformativo.mx\/#\/schema\/person\/7749d380ba08c8ca00d7bc76fd907b7d"},"headline":"El arancel de EU a latas de cerveza golpea principalmente a M\u00e9xico","datePublished":"2025-04-22T16:00:20+00:00","dateModified":"2025-04-22T19:47:18+00:00","mainEntityOfPage":{"@id":"https:\/\/www.nexoinformativo.mx\/index.php\/2025\/04\/22\/el-arancel-de-eu-a-latas-de-cerveza-golpea-principalmente-a-mexico\/"},"wordCount":341,"commentCount":0,"publisher":{"@id":"https:\/\/www.nexoinformativo.mx\/#organization"},"image":{"@id":"https:\/\/www.nexoinformativo.mx\/index.php\/2025\/04\/22\/el-arancel-de-eu-a-latas-de-cerveza-golpea-principalmente-a-mexico\/#primaryimage"},"thumbnailUrl":"https:\/\/www.nexoinformativo.mx\/wp-content\/uploads\/2025\/04\/pexels-cottonbro-5532674-e1745351165386.jpg","keywords":["ArancelCerveza","ComercioInternacional","Econom\u00edaMexicana","M\u00e9xicoEU"],"articleSection":["Econom\u00eda","Nacional","\u00daltima Hora"],"inLanguage":"es","potentialAction":[{"@type":"CommentAction","name":"Comment","target":["https:\/\/www.nexoinformativo.mx\/index.php\/2025\/04\/22\/el-arancel-de-eu-a-latas-de-cerveza-golpea-principalmente-a-mexico\/#respond"]}]},{"@type":"WebPage","@id":"https:\/\/www.nexoinformativo.mx\/index.php\/2025\/04\/22\/el-arancel-de-eu-a-latas-de-cerveza-golpea-principalmente-a-mexico\/","url":"https:\/\/www.nexoinformativo.mx\/index.php\/2025\/04\/22\/el-arancel-de-eu-a-latas-de-cerveza-golpea-principalmente-a-mexico\/","name":"El arancel de EU a latas de cerveza golpea principalmente a M\u00e9xico | Nexo Informativo Santiago de Quer\u00e9taro","isPartOf":{"@id":"https:\/\/www.nexoinformativo.mx\/#website"},"primaryImageOfPage":{"@id":"https:\/\/www.nexoinformativo.mx\/index.php\/2025\/04\/22\/el-arancel-de-eu-a-latas-de-cerveza-golpea-principalmente-a-mexico\/#primaryimage"},"image":{"@id":"https:\/\/www.nexoinformativo.mx\/index.php\/2025\/04\/22\/el-arancel-de-eu-a-latas-de-cerveza-golpea-principalmente-a-mexico\/#primaryimage"},"thumbnailUrl":"https:\/\/www.nexoinformativo.mx\/wp-content\/uploads\/2025\/04\/pexels-cottonbro-5532674-e1745351165386.jpg","datePublished":"2025-04-22T16:00:20+00:00","dateModified":"2025-04-22T19:47:18+00:00","description":"El arancel de EU a latas de cerveza golpea principalmente a M\u00e9xico","breadcrumb":{"@id":"https:\/\/www.nexoinformativo.mx\/index.php\/2025\/04\/22\/el-arancel-de-eu-a-latas-de-cerveza-golpea-principalmente-a-mexico\/#breadcrumb"},"inLanguage":"es","potentialAction":[{"@type":"ReadAction","target":["https:\/\/www.nexoinformativo.mx\/index.php\/2025\/04\/22\/el-arancel-de-eu-a-latas-de-cerveza-golpea-principalmente-a-mexico\/"]}]},{"@type":"ImageObject","inLanguage":"es","@id":"https:\/\/www.nexoinformativo.mx\/index.php\/2025\/04\/22\/el-arancel-de-eu-a-latas-de-cerveza-golpea-principalmente-a-mexico\/#primaryimage","url":"https:\/\/www.nexoinformativo.mx\/wp-content\/uploads\/2025\/04\/pexels-cottonbro-5532674-e1745351165386.jpg","contentUrl":"https:\/\/www.nexoinformativo.mx\/wp-content\/uploads\/2025\/04\/pexels-cottonbro-5532674-e1745351165386.jpg","width":800,"height":645},{"@type":"BreadcrumbList","@id":"https:\/\/www.nexoinformativo.mx\/index.php\/2025\/04\/22\/el-arancel-de-eu-a-latas-de-cerveza-golpea-principalmente-a-mexico\/#breadcrumb","itemListElement":[{"@type":"ListItem","position":1,"name":"Inicio","item":"https:\/\/www.nexoinformativo.mx\/"},{"@type":"ListItem","position":2,"name":"El arancel de EU a latas de cerveza golpea principalmente a M\u00e9xico"}]},{"@type":"WebSite","@id":"https:\/\/www.nexoinformativo.mx\/#website","url":"https:\/\/www.nexoinformativo.mx\/","name":"Nexo Informativo Santiago de Quer\u00e9taro","description":"Explora NexoInformativo y convi\u00e9rtete en parte de una comunidad que valora el conocimiento y la verdad. Tu nexoinformativo es tu puente hacia una comprensi\u00f3n m\u00e1s profunda del mundo que te rodea.","publisher":{"@id":"https:\/\/www.nexoinformativo.mx\/#organization"},"potentialAction":[{"@type":"SearchAction","target":{"@type":"EntryPoint","urlTemplate":"https:\/\/www.nexoinformativo.mx\/?s={search_term_string}"},"query-input":{"@type":"PropertyValueSpecification","valueRequired":true,"valueName":"search_term_string"}}],"inLanguage":"es"},{"@type":"Organization","@id":"https:\/\/www.nexoinformativo.mx\/#organization","name":"Nexo Informativo Santiago de Quer\u00e9taro","url":"https:\/\/www.nexoinformativo.mx\/","logo":{"@type":"ImageObject","inLanguage":"es","@id":"https:\/\/www.nexoinformativo.mx\/#\/schema\/logo\/image\/","url":"https:\/\/www.nexoinformativo.mx\/wp-content\/uploads\/2024\/07\/nexoi-trasparente-2.png","contentUrl":"https:\/\/www.nexoinformativo.mx\/wp-content\/uploads\/2024\/07\/nexoi-trasparente-2.png","width":816,"height":339,"caption":"Nexo Informativo Santiago de Quer\u00e9taro"},"image":{"@id":"https:\/\/www.nexoinformativo.mx\/#\/schema\/logo\/image\/"},"sameAs":["https:\/\/www.facebook.com\/people\/Nexo-Informativo\/61564066885511\/"]},{"@type":"Person","@id":"https:\/\/www.nexoinformativo.mx\/#\/schema\/person\/7749d380ba08c8ca00d7bc76fd907b7d","name":"Nexo Informativo","image":{"@type":"ImageObject","inLanguage":"es","@id":"https:\/\/www.nexoinformativo.mx\/#\/schema\/person\/image\/","url":"https:\/\/secure.gravatar.com\/avatar\/dde2928154642a13d95f87ddf1ea9718fe2b46760a005c53e41ff5ad610704e6?s=96&d=mm&r=g","contentUrl":"https:\/\/secure.gravatar.com\/avatar\/dde2928154642a13d95f87ddf1ea9718fe2b46760a005c53e41ff5ad610704e6?s=96&d=mm&r=g","caption":"Nexo Informativo"},"url":"https:\/\/www.nexoinformativo.mx\/index.php\/author\/edicion\/"}]}},"_links":{"self":[{"href":"https:\/\/www.nexoinformativo.mx\/index.php\/wp-json\/wp\/v2\/posts\/14404","targetHints":{"allow":["GET"]}}],"collection":[{"href":"https:\/\/www.nexoinformativo.mx\/index.php\/wp-json\/wp\/v2\/posts"}],"about":[{"href":"https:\/\/www.nexoinformativo.mx\/index.php\/wp-json\/wp\/v2\/types\/post"}],"author":[{"embeddable":true,"href":"https:\/\/www.nexoinformativo.mx\/index.php\/wp-json\/wp\/v2\/users\/3"}],"replies":[{"embeddable":true,"href":"https:\/\/www.nexoinformativo.mx\/index.php\/wp-json\/wp\/v2\/comments?post=14404"}],"version-history":[{"count":3,"href":"https:\/\/www.nexoinformativo.mx\/index.php\/wp-json\/wp\/v2\/posts\/14404\/revisions"}],"predecessor-version":[{"id":14407,"href":"https:\/\/www.nexoinformativo.mx\/index.php\/wp-json\/wp\/v2\/posts\/14404\/revisions\/14407"}],"wp:featuredmedia":[{"embeddable":true,"href":"https:\/\/www.nexoinformativo.mx\/index.php\/wp-json\/wp\/v2\/media\/14405"}],"wp:attachment":[{"href":"https:\/\/www.nexoinformativo.mx\/index.php\/wp-json\/wp\/v2\/media?parent=14404"}],"wp:term":[{"taxonomy":"category","embeddable":true,"href":"https:\/\/www.nexoinformativo.mx\/index.php\/wp-json\/wp\/v2\/categories?post=14404"},{"taxonomy":"post_tag","embeddable":true,"href":"https:\/\/www.nexoinformativo.mx\/index.php\/wp-json\/wp\/v2\/tags?post=14404"}],"curies":[{"name":"wp","href":"https:\/\/api.w.org\/{rel}","templated":true}]}}